{"id":758,"date":"2012-07-16T14:47:05","date_gmt":"2012-07-16T12:47:05","guid":{"rendered":"http:\/\/www.freidenker.org\/fw17\/?p=758"},"modified":"2018-02-18T23:14:43","modified_gmt":"2018-02-18T22:14:43","slug":"unser-amerika-2","status":"publish","type":"post","link":"https:\/\/www.freidenker.org\/?p=758","title":{"rendered":"FREIDENKER 2-12 &#8211; Unser Amerika"},"content":{"rendered":"<h5><strong>Inhalt:<\/strong> Editorial -Thema:<\/h5>\n<p>Andr\u00e9 Scheer: &#8222;<a href=\"https:\/\/www.freidenker.org\/?p=419\">Unser Amerika<\/a>&#8220; | Netzwerk Cuba-\u00d6sterreich: Die Die Bolivarische Allianz ALBA | Tobias Baumann: ALBA und das Mitgliedsland Ecuador | Elke Zwinge-Makamizile: Zwei unterschiedliche Einstellungen zum Menschen | Fidel Castro Ruz: Wege, die in die Katastrophe f\u00fchren | Klaus Hartmann: <a href=\"https:\/\/www.freidenker.org\/?p=689\">Befreiungstheologen contra Vatikan<\/a> | Daniel Osorio: Die Rolle des politischen Engagements in der Kunst<\/p>\n<p><strong>Meldungen, Meinungen<\/strong><\/p>\n<p><strong>Aus den Landesverb\u00e4nden<\/strong><\/p>\n<p><strong>Chronik<br \/>\n<\/strong>Verbandstag in N\u00fcrnberg<br \/>\nDie Richtigstellung der Begriffe<\/p>\n<p><strong>B\u00fccher f\u00fcr Freidenker<\/strong><\/p>\n<p><strong>Anschriften, Impressum<\/strong><\/p>\n<p>W\u00fcnsche f\u00fcr 2011 &#8211; Eduardo Galeano<\/p>\n<p>&nbsp;<\/p>\n","protected":false},"excerpt":{"rendered":"<p><strong>Die Ausgabe 2-12 des Verbandsorgans FREIDENKER hat das Schwerpunkt-Thema \u201eUnser Amerika\u201c<\/strong> und enth\u00e4lt u.a folgende Beitr\u00e4ge:<br \/>\n&#8211; Andr\u00e9 Scheer: &#8222;Unser Amerika&#8220;<br \/>\n&#8211; Tobias Baumann: ALBA und das Mitgliedsland Ecuador<br \/>\n&#8211; Elke Zwinge-Makamizile: Zwei unterschiedliche Einstellungen zum Menschen<br \/>\n&#8211; Fidel Castro Ruz: Wege, die in die Katastrophe f\u00fchren<br \/>\n&#8211; Klaus Hartmann: Befreiungstheologen contra Vatikan<br \/>\n&#8211; Daniel Osorio: Die Rolle des politischen Engagements in der Kunst<\/p>\n","protected":false},"author":2,"featured_media":2545,"comment_status":"closed","ping_status":"closed","sticky":false,"template":"","format":"standard","meta":{"colormag_page_container_layout":"default_layout","colormag_page_sidebar_layout":"default_layout","advanced_seo_description":"","jetpack_seo_html_title":"","jetpack_seo_noindex":false,"jetpack_post_was_ever_published":false,"footnotes":""},"categories":[8],"tags":[26,397],"class_list":["post-758","post","type-post","status-publish","format-standard","has-post-thumbnail","hentry","category-verbandsorgan-freidenker","tag-freidenker","tag-lateinamerika"],"jetpack_featured_media_url":"https:\/\/i0.wp.com\/www.freidenker.org\/fw17\/wp-content\/uploads\/2017\/12\/FD_2012-02_Titel_mR.jpg?fit=800%2C445&ssl=1","jetpack_shortlink":"https:\/\/wp.me\/p9stpK-ce","jetpack-related-posts":[{"id":754,"url":"https:\/\/www.freidenker.org\/?p=754","url_meta":{"origin":758,"position":0},"title":"FREIDENKER 1-12 &#8211; Unser Geld, die EU und die Krise","author":"Webmaster","date":"16. M\u00e4rz 2012","format":false,"excerpt":"Die Ausgabe 1-12 des Verbandsorgans FREIDENKER hat das Schwerpunkt-Thema \u201eUnser Geld, die EU und die Krise\u201c und enth\u00e4lt u.a folgende Beitr\u00e4ge: - Andreas Wehr: Krise, EURO und EU - Emmanuel Korakis: Solidarit\u00e4t mit den streikenden griechischen Stahlarbeitern - Jan Bretschneider: Was sind Ratingagenturen? - Tobias Baumann: (Finanzmarkt-)Krise: Die progressiven L\u00e4nder\u2026","rel":"","context":"In &quot;Verbandsorgan FREIDENKER&quot;","block_context":{"text":"Verbandsorgan FREIDENKER","link":"https:\/\/www.freidenker.org\/?cat=8"},"img":{"alt_text":"","src":"https:\/\/i0.wp.com\/www.freidenker.org\/fw17\/wp-content\/uploads\/2017\/12\/FD_2012-01_Titel_mR.jpg?fit=800%2C445&ssl=1&resize=350%2C200","width":350,"height":200,"srcset":"https:\/\/i0.wp.com\/www.freidenker.org\/fw17\/wp-content\/uploads\/2017\/12\/FD_2012-01_Titel_mR.jpg?fit=800%2C445&ssl=1&resize=350%2C200 1x, https:\/\/i0.wp.com\/www.freidenker.org\/fw17\/wp-content\/uploads\/2017\/12\/FD_2012-01_Titel_mR.jpg?fit=800%2C445&ssl=1&resize=525%2C300 1.5x, https:\/\/i0.wp.com\/www.freidenker.org\/fw17\/wp-content\/uploads\/2017\/12\/FD_2012-01_Titel_mR.jpg?fit=800%2C445&ssl=1&resize=700%2C400 2x"},"classes":[]},{"id":497,"url":"https:\/\/www.freidenker.org\/?p=497","url_meta":{"origin":758,"position":1},"title":"FREIDENKER 4-07 &#8211; Weltzivilisation im W\u00fcrgegriff der Superreichen","author":"Webmaster","date":"16. Dezember 2007","format":false,"excerpt":"Die Ausgabe 4-07 des Verbandsorgans FREIDENKER hat das Schwerpunkt-Thema \u201eWeltzivilisation im W\u00fcrgegriff der Superreichen\u201c und enth\u00e4lt u.a folgende Beitr\u00e4ge: - Rainer Rupp: Die M\u00e4chtigen und ihre ,heilige Ordnung\u2018 - Klaus von Raussendorff: Wer regiert die Welt? - Christian Christians: Au\u00dfenpolitische Denkfabriken und Netzwerke - Cathrin Sch\u00fctz: \u201eNicht\u201c-Regierungs-organisationen? - Bernd Fricke:\u2026","rel":"","context":"In &quot;Verbandsorgan FREIDENKER&quot;","block_context":{"text":"Verbandsorgan FREIDENKER","link":"https:\/\/www.freidenker.org\/?cat=8"},"img":{"alt_text":"","src":"https:\/\/i0.wp.com\/www.freidenker.org\/fw17\/wp-content\/uploads\/2017\/12\/FD_2007-04_Titel_mR.jpg?fit=800%2C445&ssl=1&resize=350%2C200","width":350,"height":200,"srcset":"https:\/\/i0.wp.com\/www.freidenker.org\/fw17\/wp-content\/uploads\/2017\/12\/FD_2007-04_Titel_mR.jpg?fit=800%2C445&ssl=1&resize=350%2C200 1x, https:\/\/i0.wp.com\/www.freidenker.org\/fw17\/wp-content\/uploads\/2017\/12\/FD_2007-04_Titel_mR.jpg?fit=800%2C445&ssl=1&resize=525%2C300 1.5x, https:\/\/i0.wp.com\/www.freidenker.org\/fw17\/wp-content\/uploads\/2017\/12\/FD_2007-04_Titel_mR.jpg?fit=800%2C445&ssl=1&resize=700%2C400 2x"},"classes":[]},{"id":419,"url":"https:\/\/www.freidenker.org\/?p=419","url_meta":{"origin":758,"position":2},"title":"&#8222;Unser Amerika&#8220;","author":"Webmaster","date":"17. Juli 2012","format":false,"excerpt":"Beitrag von Andr\u00e9 Scheer aus FREIDENKER 2-12 Die Nachricht von der Gr\u00fcndung der Gemeinschaft der Staaten Lateinamerikas und der Karibik (CELAC) in Caracas ging im Dezember 2011 um die Welt. Die Staats- und Regierungschefs praktisch aller unabh\u00e4ngigen Staaten des Kontinents hatten sich in der venezolanischen Hauptstadt zusam\u00admengefunden, um die erste\u2026","rel":"","context":"In &quot;Demokratie \u2013 Medien \u2013 Aufkl\u00e4rung&quot;","block_context":{"text":"Demokratie \u2013 Medien \u2013 Aufkl\u00e4rung","link":"https:\/\/www.freidenker.org\/?cat=12"},"img":{"alt_text":"","src":"https:\/\/i0.wp.com\/www.freidenker.org\/fw17\/wp-content\/uploads\/2016\/08\/America.jpg?fit=800%2C445&ssl=1&resize=350%2C200","width":350,"height":200,"srcset":"https:\/\/i0.wp.com\/www.freidenker.org\/fw17\/wp-content\/uploads\/2016\/08\/America.jpg?fit=800%2C445&ssl=1&resize=350%2C200 1x, https:\/\/i0.wp.com\/www.freidenker.org\/fw17\/wp-content\/uploads\/2016\/08\/America.jpg?fit=800%2C445&ssl=1&resize=525%2C300 1.5x, https:\/\/i0.wp.com\/www.freidenker.org\/fw17\/wp-content\/uploads\/2016\/08\/America.jpg?fit=800%2C445&ssl=1&resize=700%2C400 2x"},"classes":[]},{"id":22923,"url":"https:\/\/www.freidenker.org\/?p=22923","url_meta":{"origin":758,"position":3},"title":"FREIDENKER 3-25 \u2013 Thomas M\u00fcntzer: 500 Jahre Fr\u00fchb\u00fcrgerliche Revolution","author":"Webredaktion","date":"25. September 2025","format":false,"excerpt":"Die Ausgabe 3-25 des Verbandsorgans FREIDENKER hat das Schwerpunkt-Thema \u201eThomas M\u00fcntzer: 500 Jahre Fr\u00fchb\u00fcrgerliche Revolution\u201c und enth\u00e4lt u.a. folgende Beitr\u00e4ge: - Max Sievers: Um des Geistes Freiheit - Thomas Loch: Thomas M\u00fcntzer, Theologe und Revolution\u00e4r\u00a0 - Klaus Hartmann: Die fr\u00fchb\u00fcrgerliche Revolution als Vorl\u00e4ufer des neueren Sozialismus - Wolfgang Beck: Vom\u2026","rel":"","context":"In &quot;Verbandsorgan FREIDENKER&quot;","block_context":{"text":"Verbandsorgan FREIDENKER","link":"https:\/\/www.freidenker.org\/?cat=8"},"img":{"alt_text":"","src":"https:\/\/i0.wp.com\/www.freidenker.org\/fw17\/wp-content\/uploads\/2025\/09\/FD_2025-03_Titel_mR.jpg?fit=800%2C445&ssl=1&resize=350%2C200","width":350,"height":200,"srcset":"https:\/\/i0.wp.com\/www.freidenker.org\/fw17\/wp-content\/uploads\/2025\/09\/FD_2025-03_Titel_mR.jpg?fit=800%2C445&ssl=1&resize=350%2C200 1x, https:\/\/i0.wp.com\/www.freidenker.org\/fw17\/wp-content\/uploads\/2025\/09\/FD_2025-03_Titel_mR.jpg?fit=800%2C445&ssl=1&resize=525%2C300 1.5x, https:\/\/i0.wp.com\/www.freidenker.org\/fw17\/wp-content\/uploads\/2025\/09\/FD_2025-03_Titel_mR.jpg?fit=800%2C445&ssl=1&resize=700%2C400 2x"},"classes":[]},{"id":23957,"url":"https:\/\/www.freidenker.org\/?p=23957","url_meta":{"origin":758,"position":4},"title":"FREIDENKER 4-25 \u2013 Indianerland in Indianerhand","author":"Webredaktion","date":"23. Dezember 2025","format":false,"excerpt":"Die Ausgabe 4-25 des Verbandsorgans FREIDENKER hat das Schwerpunkt-Thema \u201eIndianerland in Indianerhand\u201c und enth\u00e4lt u.a. folgende Beitr\u00e4ge: - Klaus Hartmann: \u201eAmerika gegen Europa\u201c - Leonard Peltier geht nach Hause! Er ist frei nach einem halben Jahrhundert ungerechtfertigter Inhaftierung - Andreas Wehr: Das Erbe der Herrenvolkdemokratien - Indianer \u2013 darf man\u2026","rel":"","context":"In &quot;Verbandsorgan FREIDENKER&quot;","block_context":{"text":"Verbandsorgan FREIDENKER","link":"https:\/\/www.freidenker.org\/?cat=8"},"img":{"alt_text":"","src":"https:\/\/i0.wp.com\/www.freidenker.org\/fw17\/wp-content\/uploads\/2025\/12\/FD_2025-04_Titel_mR.jpg?fit=800%2C445&ssl=1&resize=350%2C200","width":350,"height":200,"srcset":"https:\/\/i0.wp.com\/www.freidenker.org\/fw17\/wp-content\/uploads\/2025\/12\/FD_2025-04_Titel_mR.jpg?fit=800%2C445&ssl=1&resize=350%2C200 1x, https:\/\/i0.wp.com\/www.freidenker.org\/fw17\/wp-content\/uploads\/2025\/12\/FD_2025-04_Titel_mR.jpg?fit=800%2C445&ssl=1&resize=525%2C300 1.5x, https:\/\/i0.wp.com\/www.freidenker.org\/fw17\/wp-content\/uploads\/2025\/12\/FD_2025-04_Titel_mR.jpg?fit=800%2C445&ssl=1&resize=700%2C400 2x"},"classes":[]},{"id":3289,"url":"https:\/\/www.freidenker.org\/?p=3289","url_meta":{"origin":758,"position":5},"title":"Bank des S\u00fcdens \u2013 Alternative zu Weltbank und IWF","author":"Webredaktion","date":"17. Dezember 2007","format":false,"excerpt":"Beitrag von Andr\u00e9 Scheer aus: FREIDENKER 4-07 Wem geh\u00f6rt die Welt? Sicherlich nicht internationalen Finanzinstitutionen wie Internationalem W\u00e4hrungsfonds und Weltbank. Aber diese geh\u00f6ren zu den wichtigsten und bekanntesten Machtinstrumenten des internationalen Finanzsystems \u2013 auch globalisierter Kapitalismus genannt \u2013 , deren offizielle Aufgabe es ist, f\u00fcr Wirtschaftsstabilit\u00e4t und Entwicklung zu sorgen,\u2026","rel":"","context":"In &quot;Arbeit &amp; Soziales&quot;","block_context":{"text":"Arbeit &amp; Soziales","link":"https:\/\/www.freidenker.org\/?cat=11"},"img":{"alt_text":"","src":"https:\/\/i0.wp.com\/www.freidenker.org\/fw17\/wp-content\/uploads\/2007\/12\/Banco_del_Sur_800x445.jpg?fit=800%2C445&ssl=1&resize=350%2C200","width":350,"height":200,"srcset":"https:\/\/i0.wp.com\/www.freidenker.org\/fw17\/wp-content\/uploads\/2007\/12\/Banco_del_Sur_800x445.jpg?fit=800%2C445&ssl=1&resize=350%2C200 1x, https:\/\/i0.wp.com\/www.freidenker.org\/fw17\/wp-content\/uploads\/2007\/12\/Banco_del_Sur_800x445.jpg?fit=800%2C445&ssl=1&resize=525%2C300 1.5x, https:\/\/i0.wp.com\/www.freidenker.org\/fw17\/wp-content\/uploads\/2007\/12\/Banco_del_Sur_800x445.jpg?fit=800%2C445&ssl=1&resize=700%2C400 2x"},"classes":[]}],"_links":{"self":[{"href":"https:\/\/www.freidenker.org\/index.php?rest_route=\/wp\/v2\/posts\/758","targetHints":{"allow":["GET"]}}],"collection":[{"href":"https:\/\/www.freidenker.org\/index.php?rest_route=\/wp\/v2\/posts"}],"about":[{"href":"https:\/\/www.freidenker.org\/index.php?rest_route=\/wp\/v2\/types\/post"}],"author":[{"embeddable":true,"href":"https:\/\/www.freidenker.org\/index.php?rest_route=\/wp\/v2\/users\/2"}],"replies":[{"embeddable":true,"href":"https:\/\/www.freidenker.org\/index.php?rest_route=%2Fwp%2Fv2%2Fcomments&post=758"}],"version-history":[{"count":0,"href":"https:\/\/www.freidenker.org\/index.php?rest_route=\/wp\/v2\/posts\/758\/revisions"}],"wp:featuredmedia":[{"embeddable":true,"href":"https:\/\/www.freidenker.org\/index.php?rest_route=\/wp\/v2\/media\/2545"}],"wp:attachment":[{"href":"https:\/\/www.freidenker.org\/index.php?rest_route=%2Fwp%2Fv2%2Fmedia&parent=758"}],"wp:term":[{"taxonomy":"category","embeddable":true,"href":"https:\/\/www.freidenker.org\/index.php?rest_route=%2Fwp%2Fv2%2Fcategories&post=758"},{"taxonomy":"post_tag","embeddable":true,"href":"https:\/\/www.freidenker.org\/index.php?rest_route=%2Fwp%2Fv2%2Ftags&post=758"}],"curies":[{"name":"wp","href":"https:\/\/api.w.org\/{rel}","templated":true}]}}