{"id":7524,"date":"2020-02-05T01:44:16","date_gmt":"2020-02-05T00:44:16","guid":{"rendered":"https:\/\/www.freidenker.org\/?p=7524"},"modified":"2020-02-17T01:36:01","modified_gmt":"2020-02-17T00:36:01","slug":"vortrag-und-diskussion-am-08-02-2020-nato-macht-mobil-gegen-russland","status":"publish","type":"post","link":"https:\/\/www.freidenker.org\/?p=7524","title":{"rendered":"Vortrag und Diskussion am 08.02.2020: NATO macht mobil \u2013 gegen Russland"},"content":{"rendered":"<table style=\"height: 38px; width: 100.145%; border-collapse: collapse; background-color: #000000;\">\n<tbody>\n<tr>\n<td style=\"width: 100%; text-align: center;\"><span style=\"color: #ffffff;\"><strong>Zum 75. Jahrestag der Befreiung von Krieg und Faschismus<\/strong><\/span><\/td>\n<\/tr>\n<\/tbody>\n<\/table>\n<p style=\"text-align: center;\">Deutscher Freidenker-Verband<br \/>\nLandesverband Hessen<\/p>\n<p style=\"text-align: center;\"><strong>Einladung<\/strong><\/p>\n<h4 style=\"text-align: center;\">NATO macht mobil \u2013 gegen Russland<\/h4>\n<p style=\"text-align: center;\">Vortrag und Diskussion mit <strong>Klaus Hartmann<\/strong><br \/>\nBundesvorsitzender des Deutschen Freidenker-Verbandes<\/p>\n<p style=\"text-align: center;\"><strong>Samstag, den 8. Februar 2020, 14.00 Uhr<\/strong><\/p>\n<p class=\"western\" align=\"center\"><b>B\u00fcrgerhaus Dornbusch, <\/b><b>Clubraum 4<br \/>\n<\/b><b>Eschersheimer Landstra\u00dfe 248<\/b><b>, <\/b><b>Frankfurt am Main<\/b><\/p>\n<p style=\"text-align: center;\">(U1 + U2 + U3 + U8, Haltestelle &#8222;Dornbusch&#8220;)<\/p>\n<p>&nbsp;<\/p>\n<p>Von Januar bis Mai 2020 planen die USA und NATO-Staaten ein Gro\u00dfman\u00f6ver zur trans\u00adatlantischen Mobilmachung gegen Russland. Eine Invasion von 20.000 US-Soldaten ver\u00adst\u00e4rkt die bereits stationierten 17.000, der gr\u00f6\u00dfte Aufmarsch seit Ende des \u201eKalten Krieges\u201c.<\/p>\n<p>Zweck ist es, in kurzer Zeit kampfstarke Gro\u00dfverb\u00e4nde mit Panzern und Soldaten quer durch Europa an die russische Grenze zu verlegen. F\u00fcr die Erh\u00f6hung der \u201emilit\u00e4rischen Mobilit\u00e4t\u201c baut die \u201eFriedensmacht\u201c EU mit 6,5 Milliarden Euro Stra\u00dfen und Br\u00fccken \u201ekriegsverwendungsf\u00e4hig\u201c aus.<\/p>\n<p>Das Territorium der DDR, des gewesenen antifaschistischen Friedensstaates, soll zum Truppenaufmarschgebiet gegen Russland ge\u00admacht und seine Bewohner einmal mehr ge\u00addem\u00fctigt werden. Die imperialistische Propa\u00adganda will die Ergebnisse des 8. Mai 1945 an\u00adnullieren, den ma\u00dfgeblichen Anteil der Roten Armee an der Niederschlagung des Faschis\u00admus aus den Geschichtsb\u00fcchern streichen.<\/p>\n<p>Welche Regionen sind besonders betrof\u00adfen? <strong>Welchen Beitrag k\u00f6nnen wir zum Widerstand der Bev\u00f6lkerung gegen diesen Affront der NATO-Kriegstreiber leisten?<\/strong><\/p>\n<p><img data-recalc-dims=\"1\" loading=\"lazy\" decoding=\"async\" data-attachment-id=\"7521\" data-permalink=\"https:\/\/www.freidenker.org\/?attachment_id=7521\" data-orig-file=\"https:\/\/i0.wp.com\/www.freidenker.org\/fw17\/wp-content\/uploads\/2020\/01\/200208-Ffm_v02_kh.png?fit=590%2C834&amp;ssl=1\" data-orig-size=\"590,834\" data-comments-opened=\"0\" data-image-meta=\"{&quot;aperture&quot;:&quot;0&quot;,&quot;credit&quot;:&quot;&quot;,&quot;camera&quot;:&quot;&quot;,&quot;caption&quot;:&quot;&quot;,&quot;created_timestamp&quot;:&quot;0&quot;,&quot;copyright&quot;:&quot;&quot;,&quot;focal_length&quot;:&quot;0&quot;,&quot;iso&quot;:&quot;0&quot;,&quot;shutter_speed&quot;:&quot;0&quot;,&quot;title&quot;:&quot;&quot;,&quot;orientation&quot;:&quot;0&quot;}\" data-image-title=\"200208-Ffm_v02_kh\" data-image-description=\"\" data-image-caption=\"\" data-large-file=\"https:\/\/i0.wp.com\/www.freidenker.org\/fw17\/wp-content\/uploads\/2020\/01\/200208-Ffm_v02_kh.png?fit=590%2C834&amp;ssl=1\" class=\"alignnone wp-image-7521 size-full\" src=\"https:\/\/i0.wp.com\/www.freidenker.org\/fw17\/wp-content\/uploads\/2020\/01\/200208-Ffm_v02_kh.png?resize=590%2C834&#038;ssl=1\" alt=\"\" width=\"590\" height=\"834\" srcset=\"https:\/\/i0.wp.com\/www.freidenker.org\/fw17\/wp-content\/uploads\/2020\/01\/200208-Ffm_v02_kh.png?w=590&amp;ssl=1 590w, https:\/\/i0.wp.com\/www.freidenker.org\/fw17\/wp-content\/uploads\/2020\/01\/200208-Ffm_v02_kh.png?resize=212%2C300&amp;ssl=1 212w\" sizes=\"auto, (max-width: 590px) 100vw, 590px\" \/><\/p>\n<p>&nbsp;<\/p>\n<hr \/>\n<h4>Downloads<\/h4>\n<p><img data-recalc-dims=\"1\" loading=\"lazy\" decoding=\"async\" data-attachment-id=\"1076\" data-permalink=\"https:\/\/www.freidenker.org\/?attachment_id=1076\" data-orig-file=\"https:\/\/i0.wp.com\/www.freidenker.org\/fw17\/wp-content\/uploads\/2017\/10\/pdf_icon-2.png?fit=32%2C32&amp;ssl=1\" data-orig-size=\"32,32\" data-comments-opened=\"0\" data-image-meta=\"{&quot;aperture&quot;:&quot;0&quot;,&quot;credit&quot;:&quot;&quot;,&quot;camera&quot;:&quot;&quot;,&quot;caption&quot;:&quot;&quot;,&quot;created_timestamp&quot;:&quot;0&quot;,&quot;copyright&quot;:&quot;&quot;,&quot;focal_length&quot;:&quot;0&quot;,&quot;iso&quot;:&quot;0&quot;,&quot;shutter_speed&quot;:&quot;0&quot;,&quot;title&quot;:&quot;&quot;,&quot;orientation&quot;:&quot;0&quot;}\" data-image-title=\"pdf_icon\" data-image-description=\"\" data-image-caption=\"\" data-large-file=\"https:\/\/i0.wp.com\/www.freidenker.org\/fw17\/wp-content\/uploads\/2017\/10\/pdf_icon-2.png?fit=32%2C32&amp;ssl=1\" class=\"alignnone size-full wp-image-1076\" src=\"https:\/\/i0.wp.com\/www.freidenker.org\/fw17\/wp-content\/uploads\/2017\/10\/pdf_icon-2.png?resize=32%2C32&#038;ssl=1\" alt=\"\" width=\"32\" height=\"32\" \/> <a href=\"https:\/\/www.freidenker.org\/fw17\/wp-content\/uploads\/2020\/02\/200208-Ffm_v02_kh.pdf\" target=\"_blank\" rel=\"noopener noreferrer\"><strong>Flyer zur Veranstaltung<\/strong><\/a> ansehen oder herunterladen (PDF-Dokument, ca. 770 KB)<\/p>\n<hr \/>\n<p><span style=\"font-size: 10pt;\">Bild oben: Collage: rlx, <\/span><span style=\"font-size: 10pt;\">Foto: Anna Seifert<\/span><\/p>\n","protected":false},"excerpt":{"rendered":"<p><b>Einladung zu Vortrag und Diskussion mit Klaus Hartmann<\/b>, Bundesvorsitzender des Deutschen Freidenker-Verbandes<br \/>\nam <b>Samstag, den 8. Februar 2020<\/b>, 14.00 Uhr in Frankfurt a.M.<br \/>\nVon Januar bis Mai 2020 planen die USA und NATO-Staaten ein Gro\u00dfman\u00f6ver zur trans\u00adatlantischen Mobilmachung gegen Russland. Eine Invasion von 20.000 US-Soldaten ver\u00adst\u00e4rkt die bereits stationierten 17.000, der gr\u00f6\u00dfte Aufmarsch seit Ende des \u201eKalten Krieges\u201c. Zweck ist es, in kurzer Zeit kampfstarke Gro\u00dfverb\u00e4nde mit Panzern und Soldaten quer durch Europa an die russische Grenze zu verlegen. <\/p>\n","protected":false},"author":3,"featured_media":7525,"comment_status":"closed","ping_status":"closed","sticky":false,"template":"","format":"standard","meta":{"colormag_page_container_layout":"default_layout","colormag_page_sidebar_layout":"default_layout","advanced_seo_description":"","jetpack_seo_html_title":"","jetpack_seo_noindex":false,"jetpack_post_was_ever_published":false,"footnotes":""},"categories":[13,19],"tags":[1232,335,1207,56,222,422,489],"class_list":["post-7524","post","type-post","status-publish","format-standard","has-post-thumbnail","hentry","category-frieden-antifaschismus-solidaritaet","category-veranstaltungen-in-den-dfv-landesverbaenden","tag-defender-2020","tag-frieden","tag-manoever","tag-nato","tag-russland","tag-ruestung","tag-widerstand"],"jetpack_featured_media_url":"https:\/\/i0.wp.com\/www.freidenker.org\/fw17\/wp-content\/uploads\/2020\/02\/hartmann_vortrag_800x445.jpg?fit=800%2C445&ssl=1","jetpack_shortlink":"https:\/\/wp.me\/p9stpK-1Xm","jetpack-related-posts":[{"id":7383,"url":"https:\/\/www.freidenker.org\/?p=7383","url_meta":{"origin":7524,"position":0},"title":"Freidenker im Gespr\u00e4ch am 13.01.2020: NATO macht mobil \u2013 gegen Russland","author":"Webredaktion","date":"5. Januar 2020","format":false,"excerpt":"Berliner Runde \u2013 Freidenker im Gespr\u00e4ch: Vortrag und Diskussion mit Klaus Hartmann, Bundesvorsitzender des Deutschen Freidenker-Verbandes Montag, den 13. Januar 2020, 16.00 Uhr, ND-Geb\u00e4ude, Seminarraum 1, Franz-Mehring-Platz 1, 10243 Berlin Von Januar bis Mai 2020 planen die USA und NATO-Staaten ein Gro\u00dfman\u00f6ver zur trans\u00adatlantischen Mobilmachung gegen Russland. Eine Invasion von\u2026","rel":"","context":"In &quot;Frieden - Antifaschismus - Solidarit\u00e4t&quot;","block_context":{"text":"Frieden - Antifaschismus - Solidarit\u00e4t","link":"https:\/\/www.freidenker.org\/?cat=13"},"img":{"alt_text":"","src":"https:\/\/i0.wp.com\/www.freidenker.org\/fw17\/wp-content\/uploads\/2020\/01\/Einladung_Berlin_2020-01-13.jpg?fit=800%2C445&ssl=1&resize=350%2C200","width":350,"height":200,"srcset":"https:\/\/i0.wp.com\/www.freidenker.org\/fw17\/wp-content\/uploads\/2020\/01\/Einladung_Berlin_2020-01-13.jpg?fit=800%2C445&ssl=1&resize=350%2C200 1x, https:\/\/i0.wp.com\/www.freidenker.org\/fw17\/wp-content\/uploads\/2020\/01\/Einladung_Berlin_2020-01-13.jpg?fit=800%2C445&ssl=1&resize=525%2C300 1.5x, https:\/\/i0.wp.com\/www.freidenker.org\/fw17\/wp-content\/uploads\/2020\/01\/Einladung_Berlin_2020-01-13.jpg?fit=800%2C445&ssl=1&resize=700%2C400 2x"},"classes":[]},{"id":5799,"url":"https:\/\/www.freidenker.org\/?p=5799","url_meta":{"origin":7524,"position":1},"title":"Eine neue Kriegsgefahr?","author":"Webredaktion","date":"29. Januar 2019","format":false,"excerpt":"Rekord-R\u00fcstungshaushalt, EU-Aufr\u00fcstung, NATO-Aufmarsch, K\u00fcndigung des INF-Vertrags - Vortrag und Diskussion am 30.1.2019 um 18.00 Uhr, Klingspormuseum, Herrnstra\u00dfe 80 - mit Klaus Hartmann, Bundesvorsitzender des Deutschen Freidenker-Verbandes. Gegenw\u00e4rtig sind viele Menschen besorgt \u00fcber die Hochr\u00fcstung und Kriege in aller Welt. Dabei sucht man die Ursache dieser Misere durchaus in verschiedenen Richtungen.Wir\u2026","rel":"","context":"In &quot;Frieden - Antifaschismus - Solidarit\u00e4t&quot;","block_context":{"text":"Frieden - Antifaschismus - Solidarit\u00e4t","link":"https:\/\/www.freidenker.org\/?cat=13"},"img":{"alt_text":"","src":"https:\/\/i0.wp.com\/www.freidenker.org\/fw17\/wp-content\/uploads\/2019\/01\/Klingspor-Museum_800x445.jpg?fit=800%2C445&ssl=1&resize=350%2C200","width":350,"height":200,"srcset":"https:\/\/i0.wp.com\/www.freidenker.org\/fw17\/wp-content\/uploads\/2019\/01\/Klingspor-Museum_800x445.jpg?fit=800%2C445&ssl=1&resize=350%2C200 1x, https:\/\/i0.wp.com\/www.freidenker.org\/fw17\/wp-content\/uploads\/2019\/01\/Klingspor-Museum_800x445.jpg?fit=800%2C445&ssl=1&resize=525%2C300 1.5x, https:\/\/i0.wp.com\/www.freidenker.org\/fw17\/wp-content\/uploads\/2019\/01\/Klingspor-Museum_800x445.jpg?fit=800%2C445&ssl=1&resize=700%2C400 2x"},"classes":[]},{"id":5761,"url":"https:\/\/www.freidenker.org\/?p=5761","url_meta":{"origin":7524,"position":2},"title":"Vortrag am 16.01.2019: 20 Jahre nach dem NATO-\u00dcberfall auf Jugoslawien","author":"Webredaktion","date":"14. Januar 2019","format":false,"excerpt":"Einladung zu einem Vortrag von Klaus Hartmann (Bundesvorsitzender des Deutschen Freidenker-Verbandes) 20 Jahre nach dem NATO-\u00dcberfall auf Jugoslawien \u2013 Die neokoloniale Neuaufteilung der Welt und der Kampf f\u00fcr die multipolare Weltordnung Mittwoch, 16. Januar 2019, 18.00 Uhr, ND-Geb\u00e4ude, Franz-Mehring-Platz 1, 10243 Berlin","rel":"","context":"In &quot;Frieden - Antifaschismus - Solidarit\u00e4t&quot;","block_context":{"text":"Frieden - Antifaschismus - Solidarit\u00e4t","link":"https:\/\/www.freidenker.org\/?cat=13"},"img":{"alt_text":"","src":"https:\/\/i0.wp.com\/www.freidenker.org\/fw17\/wp-content\/uploads\/2019\/01\/Hartmann_Belgrad_800x445.jpg?fit=800%2C445&ssl=1&resize=350%2C200","width":350,"height":200,"srcset":"https:\/\/i0.wp.com\/www.freidenker.org\/fw17\/wp-content\/uploads\/2019\/01\/Hartmann_Belgrad_800x445.jpg?fit=800%2C445&ssl=1&resize=350%2C200 1x, https:\/\/i0.wp.com\/www.freidenker.org\/fw17\/wp-content\/uploads\/2019\/01\/Hartmann_Belgrad_800x445.jpg?fit=800%2C445&ssl=1&resize=525%2C300 1.5x, https:\/\/i0.wp.com\/www.freidenker.org\/fw17\/wp-content\/uploads\/2019\/01\/Hartmann_Belgrad_800x445.jpg?fit=800%2C445&ssl=1&resize=700%2C400 2x"},"classes":[]},{"id":13050,"url":"https:\/\/www.freidenker.org\/?p=13050","url_meta":{"origin":7524,"position":3},"title":"Vortrag: Der Krieg in der Ukraine und wir","author":"Webredaktion","date":"8. Mai 2022","format":false,"excerpt":"Vortrag und Diskussion mit Klaus Hartmann, stellv. Vorsitzender des Deutschen Freidenker-Verbandes Sonntag, 15.05.2022, 11:00 Uhr Kulturwerkstatt Beckingen, Nikolausstr. 6, 66701 Beckingen Schwerpunkte: Freidenker zu Krieg und Frieden \/ Milit\u00e4rische Gewalt und das V\u00f6lkerrecht \/ Wann begann der Krieg in der Ukraine? \/ Was will der \u201eWesten\u201c? \/ Die Ukraine seit\u2026","rel":"","context":"In &quot;Veranstaltungen in den DFV-Landesverb\u00e4nden&quot;","block_context":{"text":"Veranstaltungen in den DFV-Landesverb\u00e4nden","link":"https:\/\/www.freidenker.org\/?cat=19"},"img":{"alt_text":"","src":"https:\/\/i0.wp.com\/www.freidenker.org\/fw17\/wp-content\/uploads\/2022\/05\/Ukraine_und_wir_Vortrag_800x450.jpg?fit=800%2C450&ssl=1&resize=350%2C200","width":350,"height":200,"srcset":"https:\/\/i0.wp.com\/www.freidenker.org\/fw17\/wp-content\/uploads\/2022\/05\/Ukraine_und_wir_Vortrag_800x450.jpg?fit=800%2C450&ssl=1&resize=350%2C200 1x, https:\/\/i0.wp.com\/www.freidenker.org\/fw17\/wp-content\/uploads\/2022\/05\/Ukraine_und_wir_Vortrag_800x450.jpg?fit=800%2C450&ssl=1&resize=525%2C300 1.5x, https:\/\/i0.wp.com\/www.freidenker.org\/fw17\/wp-content\/uploads\/2022\/05\/Ukraine_und_wir_Vortrag_800x450.jpg?fit=800%2C450&ssl=1&resize=700%2C400 2x"},"classes":[]},{"id":15798,"url":"https:\/\/www.freidenker.org\/?p=15798","url_meta":{"origin":7524,"position":4},"title":"Freies Denken und die neue multipolare Weltordnung","author":"Webredaktion","date":"19. April 2023","format":false,"excerpt":"50. Kongress der Weltunion der Freidenker Donnerstag, 18.05.2023, 11 - 17 Uhr, Saalbau Bornheim, Arnsburger Str. 24, 60385 Frankfurt am Main Vortr\u00e4ge: \u201eZeitenwende\u201c zwischen Krieg und Frieden (Klaus Hartmann, Offenbach am Main), Der Welten Lage \u00e4ndert sich (Jean-Marie Jacoby, Luxemburg), Von der NATO-Aggression 1999 gegen Jugoslawien zum Krieg gegen Russland\u2026","rel":"","context":"In &quot;Zentrale Veranstaltungen&quot;","block_context":{"text":"Zentrale Veranstaltungen","link":"https:\/\/www.freidenker.org\/?cat=20"},"img":{"alt_text":"","src":"https:\/\/i0.wp.com\/www.freidenker.org\/fw17\/wp-content\/uploads\/2023\/04\/multipolar_800x450.jpg?fit=800%2C450&ssl=1&resize=350%2C200","width":350,"height":200,"srcset":"https:\/\/i0.wp.com\/www.freidenker.org\/fw17\/wp-content\/uploads\/2023\/04\/multipolar_800x450.jpg?fit=800%2C450&ssl=1&resize=350%2C200 1x, https:\/\/i0.wp.com\/www.freidenker.org\/fw17\/wp-content\/uploads\/2023\/04\/multipolar_800x450.jpg?fit=800%2C450&ssl=1&resize=525%2C300 1.5x, https:\/\/i0.wp.com\/www.freidenker.org\/fw17\/wp-content\/uploads\/2023\/04\/multipolar_800x450.jpg?fit=800%2C450&ssl=1&resize=700%2C400 2x"},"classes":[]},{"id":5808,"url":"https:\/\/www.freidenker.org\/?p=5808","url_meta":{"origin":7524,"position":5},"title":"Diskussion: 20 Jahre nach dem NATO-\u00dcberfall auf Jugoslawien","author":"Webredaktion","date":"30. Januar 2019","format":false,"excerpt":"Am 16.01.2019 folgten mehr als 65 Interessierte der Einladung der Berliner Freidenker zur Diskussion mit Klaus Hartmann zum Thema \"20 Jahre nach dem NATO-\u00dcberfall auf Jugoslawien \u2013 Die neokoloniale Neuaufteilung der Welt und der Kampf f\u00fcr die multipolare Weltordnung\". Klaus Hartmann wies auf die fr\u00fche Einsch\u00e4tzung der Freidenker in den\u2026","rel":"","context":"In &quot;Frieden - Antifaschismus - Solidarit\u00e4t&quot;","block_context":{"text":"Frieden - Antifaschismus - Solidarit\u00e4t","link":"https:\/\/www.freidenker.org\/?cat=13"},"img":{"alt_text":"","src":"https:\/\/i0.wp.com\/www.freidenker.org\/fw17\/wp-content\/uploads\/2019\/01\/190116_Podium_ND_02.jpg?fit=800%2C445&ssl=1&resize=350%2C200","width":350,"height":200,"srcset":"https:\/\/i0.wp.com\/www.freidenker.org\/fw17\/wp-content\/uploads\/2019\/01\/190116_Podium_ND_02.jpg?fit=800%2C445&ssl=1&resize=350%2C200 1x, https:\/\/i0.wp.com\/www.freidenker.org\/fw17\/wp-content\/uploads\/2019\/01\/190116_Podium_ND_02.jpg?fit=800%2C445&ssl=1&resize=525%2C300 1.5x, https:\/\/i0.wp.com\/www.freidenker.org\/fw17\/wp-content\/uploads\/2019\/01\/190116_Podium_ND_02.jpg?fit=800%2C445&ssl=1&resize=700%2C400 2x"},"classes":[]}],"_links":{"self":[{"href":"https:\/\/www.freidenker.org\/index.php?rest_route=\/wp\/v2\/posts\/7524","targetHints":{"allow":["GET"]}}],"collection":[{"href":"https:\/\/www.freidenker.org\/index.php?rest_route=\/wp\/v2\/posts"}],"about":[{"href":"https:\/\/www.freidenker.org\/index.php?rest_route=\/wp\/v2\/types\/post"}],"author":[{"embeddable":true,"href":"https:\/\/www.freidenker.org\/index.php?rest_route=\/wp\/v2\/users\/3"}],"replies":[{"embeddable":true,"href":"https:\/\/www.freidenker.org\/index.php?rest_route=%2Fwp%2Fv2%2Fcomments&post=7524"}],"version-history":[{"count":0,"href":"https:\/\/www.freidenker.org\/index.php?rest_route=\/wp\/v2\/posts\/7524\/revisions"}],"wp:featuredmedia":[{"embeddable":true,"href":"https:\/\/www.freidenker.org\/index.php?rest_route=\/wp\/v2\/media\/7525"}],"wp:attachment":[{"href":"https:\/\/www.freidenker.org\/index.php?rest_route=%2Fwp%2Fv2%2Fmedia&parent=7524"}],"wp:term":[{"taxonomy":"category","embeddable":true,"href":"https:\/\/www.freidenker.org\/index.php?rest_route=%2Fwp%2Fv2%2Fcategories&post=7524"},{"taxonomy":"post_tag","embeddable":true,"href":"https:\/\/www.freidenker.org\/index.php?rest_route=%2Fwp%2Fv2%2Ftags&post=7524"}],"curies":[{"name":"wp","href":"https:\/\/api.w.org\/{rel}","templated":true}]}}