{"id":752,"date":"2011-12-16T14:38:26","date_gmt":"2011-12-16T13:38:26","guid":{"rendered":"http:\/\/www.freidenker.org\/fw17\/?p=752"},"modified":"2018-02-04T01:47:46","modified_gmt":"2018-02-04T00:47:46","slug":"antizionismus-antisemitismus","status":"publish","type":"post","link":"https:\/\/www.freidenker.org\/?p=752","title":{"rendered":"FREIDENKER 4-11 &#8211; &#8222;Antizionismus&#8220; = &#8222;Antisemitismus&#8220;?"},"content":{"rendered":"<h5><strong>Inhalt:<\/strong> Editorial -Thema:<\/h5>\n<p>Susanne Witt-Stahl: \u201e<a href=\"https:\/\/www.freidenker.org\/?p=3124\">Sieg oder Holocaust<\/a>\u201c | Evelyn Hecht-Galinski: Holocaust-Missbrauch f\u00fcr Kriegsdrohung gegen Iran | Jan Bretschneider: Antizionismus = Antisemitismus? Versuch einer Kl\u00e4rung | Klaus von Raussendorff: Judentum \u2013 Judaismus \u2013 Zionismus \u2013 Israel \u2013 Pro-Zionismus | Wolf-Dieter Gudopp von Behm: Der andere Zionismus: Die Gedankenwelt Martin Bubers | Stuttgarter Erkl\u00e4rung\u00a0 | Klaus Hartmann: <a href=\"https:\/\/www.freidenker.org\/?p=3122\">Ein Pl\u00e4doyer<\/a><\/p>\n<p><strong>Meldungen, Meinungen<\/strong><\/p>\n<p><strong>Aus den Landesverb\u00e4nden<\/strong><\/p>\n<p><strong>Chronik<\/strong><\/p>\n<p>Tagung des Verbandsvorstands am 5.\/6. November 2011<br \/>\nWissenschaftliche Konferenz \u201eZweifel und Kritik an Fortschritt,\u00a0Wissenschaft und Technik\u201c am 8. Oktober 2011 [Kurzbericht. <a href=\"https:\/\/www.freidenker.org\/?p=3131\">Ausf\u00fchrlicher Bericht<\/a> steht online zur Verf\u00fcgung]<br \/>\nSolidarit\u00e4t mit dem libyschen Volk<br \/>\n\u201eUnseligsprechung\u201c durch den DFV<br \/>\nAufruf zur Liebknecht-Luxemburg-Ehrung<\/p>\n<p><strong>B\u00fccher f\u00fcr Freidenker<\/strong><\/p>\n<p><strong>Anschriften, Impressum<\/strong><\/p>\n<p>Benennungen von Erich Fried<\/p>\n","protected":false},"excerpt":{"rendered":"<p><strong>Die Ausgabe 4-11 des Verbandsorgans FREIDENKER hat das Schwerpunkt-Thema \u201eAntizionismus = Antisemitismus?\u201c und enth\u00e4lt u.a folgende Beitr\u00e4ge:<\/strong><br \/>\nSusanne Witt-Stahl: \u201eSieg oder Holocaust\u201c<br \/>\n&#8211; Evelyn Hecht-Galinski: Holocaust-Missbrauch f\u00fcr Kriegsdrohung gegen Iran<br \/>\n&#8211; Jan Bretschneider: Antizionismus = Antisemitismus? Versuch einer Kl\u00e4rung<br \/>\n&#8211; Klaus von Raussendorff: Judentum \u2013 Judaismus \u2013 Zionismus \u2013 Israel \u2013 Pro-Zionismus<br \/>\n&#8211; Wolf-Dieter Gudopp von Behm: Der andere Zionismus: Die Gedankenwelt Martin Bubers<br \/>\n&#8211; Stuttgarter Erkl\u00e4rung<br \/>\n&#8211; Klaus Hartmann: Ein Pl\u00e4doyer<\/p>\n","protected":false},"author":2,"featured_media":2543,"comment_status":"closed","ping_status":"closed","sticky":false,"template":"","format":"standard","meta":{"colormag_page_container_layout":"default_layout","colormag_page_sidebar_layout":"default_layout","advanced_seo_description":"","jetpack_seo_html_title":"","jetpack_seo_noindex":false,"jetpack_post_was_ever_published":false,"footnotes":""},"categories":[8],"tags":[512,511,26],"class_list":["post-752","post","type-post","status-publish","format-standard","has-post-thumbnail","hentry","category-verbandsorgan-freidenker","tag-antisemitismus","tag-antizionismus","tag-freidenker"],"jetpack_featured_media_url":"https:\/\/i0.wp.com\/www.freidenker.org\/fw17\/wp-content\/uploads\/2017\/12\/FD_2011-04_Titel_mR.jpg?fit=800%2C445&ssl=1","jetpack_shortlink":"https:\/\/wp.me\/p9stpK-c8","jetpack-related-posts":[{"id":716,"url":"https:\/\/www.freidenker.org\/?p=716","url_meta":{"origin":752,"position":0},"title":"FREIDENKER 2-09 &#8211; Aufkl\u00e4rung &#8211; Aktuelle Aufgaben &#8211; Verbandstag 2009","author":"Webmaster","date":"2. Juli 2009","format":false,"excerpt":"Die Ausgabe 2-09 des Verbandsorgans FREIDENKER hat das Schwerpunkt-Thema \u201eAufkl\u00e4rung - Aktuelle Aufgaben - Verbandstag 2009\u201c und enth\u00e4lt u.a folgende Beitr\u00e4ge: - Horst Schild: Le si\u00e8cle de lumi\u00e8res \u2013 das Zeitalter der Lichter - Wolf-Dieter Gudopp-von Behm: Anst\u00f6\u00dfe zum Thema \u201eAufkl\u00e4rung\u201c - Lorenz Knorr: Ex-Bundespr\u00e4sident Herzogs Beihilfe zur Geschichtsf\u00e4lschung -\u2026","rel":"","context":"In &quot;Verbandsorgan FREIDENKER&quot;","block_context":{"text":"Verbandsorgan FREIDENKER","link":"https:\/\/www.freidenker.org\/?cat=8"},"img":{"alt_text":"","src":"https:\/\/i0.wp.com\/www.freidenker.org\/fw17\/wp-content\/uploads\/2017\/12\/FD_2009-02_Titel_mR.jpg?fit=800%2C445&ssl=1&resize=350%2C200","width":350,"height":200,"srcset":"https:\/\/i0.wp.com\/www.freidenker.org\/fw17\/wp-content\/uploads\/2017\/12\/FD_2009-02_Titel_mR.jpg?fit=800%2C445&ssl=1&resize=350%2C200 1x, https:\/\/i0.wp.com\/www.freidenker.org\/fw17\/wp-content\/uploads\/2017\/12\/FD_2009-02_Titel_mR.jpg?fit=800%2C445&ssl=1&resize=525%2C300 1.5x, https:\/\/i0.wp.com\/www.freidenker.org\/fw17\/wp-content\/uploads\/2017\/12\/FD_2009-02_Titel_mR.jpg?fit=800%2C445&ssl=1&resize=700%2C400 2x"},"classes":[]},{"id":5483,"url":"https:\/\/www.freidenker.org\/?p=5483","url_meta":{"origin":752,"position":1},"title":"Distanzieren, Diffamieren, Spalten \u2013  Zwei \u201eLinke\u201c in ihrem Element","author":"Webredaktion","date":"14. Oktober 2018","format":false,"excerpt":"Die Spitzenfunktion\u00e4re der sogenannten \u201eLinken\u201c in Sachsen-Anhalt gaben eine \u201eErkl\u00e4rung\u201c zu unserer Veranstaltung mit der ehemaligen Bundestagsabgeordneten der Partei Die Linke ab. ... Diese Bewertung ist ein Paradebeispiel f\u00fcr \u201ebetreutes Denken\u201c, denn die Einladung wird dem geneigten Publikum ebenso die \u201ePositionierung\u201c der Referentin vorenthalten. Es k\u00f6nnte ja zu anderen Schl\u00fcssen\u2026","rel":"","context":"In &quot;Frieden - Antifaschismus - Solidarit\u00e4t&quot;","block_context":{"text":"Frieden - Antifaschismus - Solidarit\u00e4t","link":"https:\/\/www.freidenker.org\/?cat=13"},"img":{"alt_text":"","src":"https:\/\/i0.wp.com\/www.freidenker.org\/fw17\/wp-content\/uploads\/2018\/10\/desert-1803878_800x445_zdV.jpg?fit=800%2C445&ssl=1&resize=350%2C200","width":350,"height":200,"srcset":"https:\/\/i0.wp.com\/www.freidenker.org\/fw17\/wp-content\/uploads\/2018\/10\/desert-1803878_800x445_zdV.jpg?fit=800%2C445&ssl=1&resize=350%2C200 1x, https:\/\/i0.wp.com\/www.freidenker.org\/fw17\/wp-content\/uploads\/2018\/10\/desert-1803878_800x445_zdV.jpg?fit=800%2C445&ssl=1&resize=525%2C300 1.5x, https:\/\/i0.wp.com\/www.freidenker.org\/fw17\/wp-content\/uploads\/2018\/10\/desert-1803878_800x445_zdV.jpg?fit=800%2C445&ssl=1&resize=700%2C400 2x"},"classes":[]},{"id":17717,"url":"https:\/\/www.freidenker.org\/?p=17717","url_meta":{"origin":752,"position":2},"title":"Zur Gleichsetzung von Juden, Zionismus und Israel","author":"Webredaktion","date":"30. Dezember 2023","format":false,"excerpt":"Beitrag von Doris und George Pumphrey Im Zuge einer sogenannten \u201eDeutschen Staatsraison\u201c-Doktrin ist es \u00fcblich geworden, antizionistische Proteste als \u201eAntisemitismus\u201c zu diffamieren, selbst wenn es Juden sind, die protestieren. Deshalb ist die folgende Klarstellung immer wieder notwendig. Antisemitismus ist seit geraumer Zeit einer der meist missbrauchten Begriffe der politi\u00adschen Terminologie\u2026","rel":"","context":"In &quot;Demokratie \u2013 Medien \u2013 Aufkl\u00e4rung&quot;","block_context":{"text":"Demokratie \u2013 Medien \u2013 Aufkl\u00e4rung","link":"https:\/\/www.freidenker.org\/?cat=12"},"img":{"alt_text":"","src":"https:\/\/i0.wp.com\/www.freidenker.org\/fw17\/wp-content\/uploads\/2023\/12\/Herzl_erster_Zionistenkongress_800x450.jpg?fit=800%2C450&ssl=1&resize=350%2C200","width":350,"height":200,"srcset":"https:\/\/i0.wp.com\/www.freidenker.org\/fw17\/wp-content\/uploads\/2023\/12\/Herzl_erster_Zionistenkongress_800x450.jpg?fit=800%2C450&ssl=1&resize=350%2C200 1x, https:\/\/i0.wp.com\/www.freidenker.org\/fw17\/wp-content\/uploads\/2023\/12\/Herzl_erster_Zionistenkongress_800x450.jpg?fit=800%2C450&ssl=1&resize=525%2C300 1.5x, https:\/\/i0.wp.com\/www.freidenker.org\/fw17\/wp-content\/uploads\/2023\/12\/Herzl_erster_Zionistenkongress_800x450.jpg?fit=800%2C450&ssl=1&resize=700%2C400 2x"},"classes":[]},{"id":23773,"url":"https:\/\/www.freidenker.org\/?p=23773","url_meta":{"origin":752,"position":3},"title":"Die deutschen Wurzeln des Zionismus","author":"Webredaktion","date":"9. Dezember 2025","format":false,"excerpt":"Wie der Zionismus aus dem Vorbild des deutsch-v\u00f6lkischen Nationalismus entstand und die Pal\u00e4stinenser dabei auf der Strecke blieben Rezension von Arn Strohmeyer Der Palmyra-Verlag in Heidelberg hat sehr interessante Texte des Nahost-Experten Clemens Messerschmid als Buch herausgegeben. Clemens Messerschmid war eine Ausnahmeerscheinung in der Pal\u00e4stina-Szene: ein hoch qualifizierter Experte, der\u2026","rel":"","context":"In &quot;Demokratie \u2013 Medien \u2013 Aufkl\u00e4rung&quot;","block_context":{"text":"Demokratie \u2013 Medien \u2013 Aufkl\u00e4rung","link":"https:\/\/www.freidenker.org\/?cat=12"},"img":{"alt_text":"","src":"https:\/\/i0.wp.com\/www.freidenker.org\/fw17\/wp-content\/uploads\/2025\/12\/Messerschmid_Wurzeln_des_Zionismus_coll_800x450.jpg?fit=800%2C450&ssl=1&resize=350%2C200","width":350,"height":200,"srcset":"https:\/\/i0.wp.com\/www.freidenker.org\/fw17\/wp-content\/uploads\/2025\/12\/Messerschmid_Wurzeln_des_Zionismus_coll_800x450.jpg?fit=800%2C450&ssl=1&resize=350%2C200 1x, https:\/\/i0.wp.com\/www.freidenker.org\/fw17\/wp-content\/uploads\/2025\/12\/Messerschmid_Wurzeln_des_Zionismus_coll_800x450.jpg?fit=800%2C450&ssl=1&resize=525%2C300 1.5x, https:\/\/i0.wp.com\/www.freidenker.org\/fw17\/wp-content\/uploads\/2025\/12\/Messerschmid_Wurzeln_des_Zionismus_coll_800x450.jpg?fit=800%2C450&ssl=1&resize=700%2C400 2x"},"classes":[]},{"id":5473,"url":"https:\/\/www.freidenker.org\/?p=5473","url_meta":{"origin":752,"position":4},"title":"\u201eUmdefinition des Antisemitismus\u201c?","author":"Webredaktion","date":"7. Oktober 2018","format":false,"excerpt":"Einladung zur Diskussionsveranstaltung mit Annette Groth, ehem. MdB Die LINKE am 13.10.2018 in Magdeburg. \u201eIn Nordrhein-Westfalen ist kein Platz f\u00fcr die antisemitische BDS-Bewegung\u201c, lautet ein gemeinsamer Antrag der Landtagsfraktionen von CDU, FDP, SPD und Gr\u00fcnen in Nordrhein-Westfalen. Die AfD-Abspaltung \u201eBlaue Partei\u201c verurteilt die \u201eAktionen der BDS-Bewegung in ihrer offensiven und\u2026","rel":"","context":"In &quot;Frieden - Antifaschismus - Solidarit\u00e4t&quot;","block_context":{"text":"Frieden - Antifaschismus - Solidarit\u00e4t","link":"https:\/\/www.freidenker.org\/?cat=13"},"img":{"alt_text":"","src":"https:\/\/i0.wp.com\/www.freidenker.org\/fw17\/wp-content\/uploads\/2018\/10\/Groth_Annette_800x445.jpg?fit=800%2C445&ssl=1&resize=350%2C200","width":350,"height":200,"srcset":"https:\/\/i0.wp.com\/www.freidenker.org\/fw17\/wp-content\/uploads\/2018\/10\/Groth_Annette_800x445.jpg?fit=800%2C445&ssl=1&resize=350%2C200 1x, https:\/\/i0.wp.com\/www.freidenker.org\/fw17\/wp-content\/uploads\/2018\/10\/Groth_Annette_800x445.jpg?fit=800%2C445&ssl=1&resize=525%2C300 1.5x, https:\/\/i0.wp.com\/www.freidenker.org\/fw17\/wp-content\/uploads\/2018\/10\/Groth_Annette_800x445.jpg?fit=800%2C445&ssl=1&resize=700%2C400 2x"},"classes":[]},{"id":9369,"url":"https:\/\/www.freidenker.org\/?p=9369","url_meta":{"origin":752,"position":5},"title":"Urteil gegen den missbr\u00e4uchlichen &#8222;Antisemitismus&#8220;-Vorwurf","author":"Webredaktion","date":"23. Januar 2021","format":false,"excerpt":"Unser Genosse Klaus Ried aus M\u00fcnchen hat vor dem Bayerischen Verwaltungsgerichtshof einen beachtlichen Teilerfolg f\u00fcr die Meinungsfreiheit erzielt. Unter dem Vorwand des \"Antisemitismus\"\u00a0 wurden st\u00e4dtische R\u00e4ume in M\u00fcnchen f\u00fcr eine israelkritische Veranstaltung\u00a0 verweigert. Klaus Ried schreibt dazu u.a.: ... Bei den meisten Diskussionen zu diesem Themenkomplex reden die Kontrahenten vollkommen\u2026","rel":"","context":"In &quot;Demokratie \u2013 Medien \u2013 Aufkl\u00e4rung&quot;","block_context":{"text":"Demokratie \u2013 Medien \u2013 Aufkl\u00e4rung","link":"https:\/\/www.freidenker.org\/?cat=12"},"img":{"alt_text":"","src":"https:\/\/i0.wp.com\/www.freidenker.org\/fw17\/wp-content\/uploads\/2021\/01\/klartext_Bayrischer_VGH.jpg?fit=800%2C445&ssl=1&resize=350%2C200","width":350,"height":200,"srcset":"https:\/\/i0.wp.com\/www.freidenker.org\/fw17\/wp-content\/uploads\/2021\/01\/klartext_Bayrischer_VGH.jpg?fit=800%2C445&ssl=1&resize=350%2C200 1x, https:\/\/i0.wp.com\/www.freidenker.org\/fw17\/wp-content\/uploads\/2021\/01\/klartext_Bayrischer_VGH.jpg?fit=800%2C445&ssl=1&resize=525%2C300 1.5x, https:\/\/i0.wp.com\/www.freidenker.org\/fw17\/wp-content\/uploads\/2021\/01\/klartext_Bayrischer_VGH.jpg?fit=800%2C445&ssl=1&resize=700%2C400 2x"},"classes":[]}],"_links":{"self":[{"href":"https:\/\/www.freidenker.org\/index.php?rest_route=\/wp\/v2\/posts\/752","targetHints":{"allow":["GET"]}}],"collection":[{"href":"https:\/\/www.freidenker.org\/index.php?rest_route=\/wp\/v2\/posts"}],"about":[{"href":"https:\/\/www.freidenker.org\/index.php?rest_route=\/wp\/v2\/types\/post"}],"author":[{"embeddable":true,"href":"https:\/\/www.freidenker.org\/index.php?rest_route=\/wp\/v2\/users\/2"}],"replies":[{"embeddable":true,"href":"https:\/\/www.freidenker.org\/index.php?rest_route=%2Fwp%2Fv2%2Fcomments&post=752"}],"version-history":[{"count":0,"href":"https:\/\/www.freidenker.org\/index.php?rest_route=\/wp\/v2\/posts\/752\/revisions"}],"wp:featuredmedia":[{"embeddable":true,"href":"https:\/\/www.freidenker.org\/index.php?rest_route=\/wp\/v2\/media\/2543"}],"wp:attachment":[{"href":"https:\/\/www.freidenker.org\/index.php?rest_route=%2Fwp%2Fv2%2Fmedia&parent=752"}],"wp:term":[{"taxonomy":"category","embeddable":true,"href":"https:\/\/www.freidenker.org\/index.php?rest_route=%2Fwp%2Fv2%2Fcategories&post=752"},{"taxonomy":"post_tag","embeddable":true,"href":"https:\/\/www.freidenker.org\/index.php?rest_route=%2Fwp%2Fv2%2Ftags&post=752"}],"curies":[{"name":"wp","href":"https:\/\/api.w.org\/{rel}","templated":true}]}}