{"id":7512,"date":"2020-02-03T23:56:46","date_gmt":"2020-02-03T22:56:46","guid":{"rendered":"https:\/\/www.freidenker.org\/?p=7512"},"modified":"2020-09-01T00:35:03","modified_gmt":"2020-08-31T22:35:03","slug":"internationales-antifaschistisches-riesengebirgstreffen-2020","status":"publish","type":"post","link":"https:\/\/www.freidenker.org\/?p=7512","title":{"rendered":"Internationales Antifaschistisches Riesengebirgstreffen 2020"},"content":{"rendered":"<table style=\"width: 100%; border-collapse: collapse;\" border=\"1\">\n<tbody>\n<tr>\n<td style=\"width: 100%; text-align: center;\"><strong>Initiativgruppe Riesengebirgstreffen Mal\u00e1 \u00dapa <\/strong><br \/>\n<strong>Mitglied im Ostdeutschen Kuratorium von Verb\u00e4nden e. V. (<a href=\"http:\/\/www.okv-ev.de\" target=\"_blank\" rel=\"noopener noreferrer\">www.okv-ev.de<\/a>)<\/strong><\/td>\n<\/tr>\n<\/tbody>\n<\/table>\n<h5 style=\"text-align: center;\"><strong><span style=\"color: #ff0000;\">AUFRUF<br \/>\n<\/span>der deutschen Initiativgruppe zur Teilnahme am antifaschistischen Riesengebirgstreffen in Mal\u00e1 \u00dapa am Fu\u00dfe der Schneekoppe <span style=\"color: #ff0000;\">am 29.August 2020<\/span>. <\/strong><\/h5>\n<p><span style=\"font-size: 14pt;\"><strong>Zum Internationalen Antifaschistischen Treffen im Riesengebirge laden ein:<\/strong><\/span><\/p>\n<ul>\n<li>Die Kreisorganisation Trutnov der Kommunistischen Partei B\u00f6hmens und M\u00e4hrens KS\u010cM)<\/li>\n<\/ul>\n<p>sowie<\/p>\n<ul>\n<li>Die Kreisorganisation Trutnov des Klubs des tschechischen Grenzlandes (K\u010cP)<\/li>\n<\/ul>\n<p>&nbsp;<\/p>\n<p><span style=\"font-size: 14pt;\"><strong>H\u00f6hepunkte des Programms:<\/strong><\/span><\/p>\n<ul>\n<li>Internationale Kundgebung: 29. August 2020, 10.00 \u2013 12.00 Horn\u00ed Mal\u00e1 \u00d9pa<\/li>\n<li>Schneekoppenbesteigung nach der Kundgebung<\/li>\n<li>Internationales politisches Gespr\u00e4ch nach der Kundgebung<\/li>\n<li>Tschechisch-deutsches Freundschaftstreffen am Abend in Trutnov-Voletiny<\/li>\n<li>Meeting am 30. August 2020, 10.00 Uhr im Grenzort Kr\u00e1lovec<\/li>\n<\/ul>\n<p>In der Tradition der Proletarischen Grenztreffen im Riesengebirge (seit 1922) <strong>rufen wir als deutsche Initiativgruppe und Unterst\u00fctzer auch im Jahre 2020 zur Teilnahme am Treffen auf. <\/strong><\/p>\n<p>Wir folgen der Erkl\u00e4rung der Teilnehmer der internationalen Podiumsdiskussion antifaschistischer Kr\u00e4fte der Grenzregionen im Riesengebirge vom 15. Juni 2019 in Jilemnice (ver\u00f6ffentlicht in DER ROTE AUFBAU Nummer 126, siehe auch <a href=\"http:\/\/www.rfb-online.org\" target=\"_blank\" rel=\"noopener noreferrer\">www.rfb-online.org<\/a> ) : die antifaschistischen Kr\u00e4fte mit den Friedensbewegten und Klimaschutzaktivisten der Region besser vernetzen und wirkungsvoller zu gemeinsamen Aktionen gegen die NATO-Kriegspolitik und den zunehmenden faschistischen, nationalistischen, rassistischen Terror f\u00fchren. Das schlie\u00dft ein: Die Aufkl\u00e4rung \u00fcber die Ursachen der Kriege und die Erkenntnis \u00fcber die Konsequenz verst\u00e4rken: Sozialismus oder Barbarei!<\/p>\n<p>Das <strong>NATO-Gro\u00dfman\u00f6ver DEFENDER 2020 <\/strong>bedeutet: Aufr\u00fcsten zum (atomaren) Krieg gegen Russland. <strong>Wir reihen uns ein in den antimilitaristischen Widerstand: <\/strong><\/p>\n<ul>\n<li>Abr\u00fcsten statt aufr\u00fcsten!<\/li>\n<li>Atomwaffenverbotsvertrag der UN durchsetzen!<\/li>\n<li>Auslandseins\u00e4tze der Bundeswehr beenden!<\/li>\n<li>Waffenhandel verbieten!<\/li>\n<li>Die NATO-Vertr\u00e4ge in der BRD, in Polen, in Tschechien k\u00fcndigen! Raus aus der NATO!<\/li>\n<\/ul>\n<p>Wir fordern:<\/p>\n<ul>\n<li>Friedliche Zusammenarbeit mit Russland statt Bedrohung der Russischen F\u00f6deration!<\/li>\n<\/ul>\n<p>75 Jahre nach dem Sieg \u00fcber die faschistische Wehrmacht und die Befreiung der V\u00f6lker von Faschismus und Krieg darf es keine andere Schlussfolgerung geben als die: NIE WIEDER FASCHISMUS \u2013 NIE WIEDER KRIEG. Keine Duldung der antisowjetischen Geschichtsl\u00fcgen.<\/p>\n<p><strong>Unsere St\u00e4rke liegt in der internationalen Solidarit\u00e4t und im gemeinsamen Handeln der antifaschistischen und Antikriegskr\u00e4fte! <\/strong><\/p>\n<p>Der Beschluss des EU-Parlamentes vom 19.09.2019 \u201eDie Bedeutung des europ\u00e4ischen Geschichtsbewusstseins f\u00fcr die Zukunft Europas\u201c mobilisiert mit der Gleichsetzung von Faschismus und Realsozialismus als \u201eextremistische Diktaturen\u201c zum globalen Feldzug gegen die historische Wahrheit &#8211; zur Rechtfertigung der Verbrechen des kapitalistischen Systems, das als einzige<\/p>\n<p>\u201eDemokratie\u201c und \u201eEnde der Geschichte\u201c ausgegeben wird. Dieser Antikommunismus &#8211; militant, aggressiv, zerst\u00f6rerisch &#8211; ist das Kernst\u00fcck der herrschenden Ideologie des heutigen kapitalistischen Systems.<\/p>\n<p><strong>Tragen wir mit unserer Manifestation im Riesengebirge dazu bei, die L\u00fcgen der imperialistischen Propaganda offenzulegen und den Unterdr\u00fcckten Mut zu machen, sich auch der reaktion\u00e4ren Offensive des EU-Parlamentes zu widersetzen. <\/strong><\/p>\n<p><strong>Vereinen wir noch wirkungsvoller unsere antifaschistischen Kr\u00e4fte. <\/strong>Der Freiheit und dem Sozialismus wird die Zukunft geh\u00f6ren, wenn wir einig handeln und die Entmutigten \u00fcberzeugen und mobilisieren k\u00f6nnen!<\/p>\n<p>***************************************<\/p>\n<p><strong><span style=\"font-size: 14pt;\">Deutsche politische UNTERST\u00dcTZER:<\/span> <\/strong><\/p>\n<ul>\n<li>Revolution\u00e4rer Freundschaftsbund e. V. (RFB)<\/li>\n<li>Kommunistische Partei Deutschlands<\/li>\n<li>Deutsche Kommunistische Partei<\/li>\n<li>DIE LINKE \u2013Kommunistische Plattform BKR, DIE LINKE &#8211; Zittau\/AG Dreil\u00e4ndereck, sowie Kommunistische Plattform Sachsen, DIE LINKE Stadtvorstand Leipzig, DIE LINKE Bezirksverband Berlin-Lichtenberg<\/li>\n<li>M\u00fctter gegen den Krieg Berlin-Brandenburg e. V.<\/li>\n<li>Gesellschaft zur Rechtlichen und Humanit\u00e4ren Unterst\u00fctzung e. V. (GRH)<\/li>\n<li>Organisation f\u00fcr den Aufbau einer Kommunistischen Arbeiterpartei. www.arbeit-zukunft.de )<\/li>\n<li>Freundeskreis Ernst-Th\u00e4lmann-Gedenkst\u00e4tte Ziegenhals<\/li>\n<li>Kuratorium der Gedenkst\u00e4tte Ernst Th\u00e4lmann, Hamburg<\/li>\n<li>VVN-BdA Berlin-Lichtenberg<\/li>\n<li>Ostdeutsches Kuratorium von Verb\u00e4nden (OKV)<\/li>\n<li>Deutscher Freidenkerverband (DFV)<\/li>\n<li>DDR-Kabinett Bochum<\/li>\n<\/ul>\n<p>&nbsp;<\/p>\n<p><span style=\"font-size: 14pt;\"><strong>Kontakte:<\/strong><\/span><\/p>\n<ul>\n<li>Gerd Hommel, Dohnaer Platz 9, 01239 Dresden, 0351-2882128, rfb.hommel@arcor.de<\/li>\n<li>Albrecht Gei\u00dfler, 09127 Chemnitz, Carl-von-Ossietzky-Str. 204, 0371-7200098, Al-Gen@t-online.de<\/li>\n<\/ul>\n<p><strong>Bei Individueller Anreise<\/strong>. \u00dcbernachtungsreservierung (Hotel in Mlad\u00e9 Buky) ist m\u00f6glich.<\/p>\n<p><strong>Letzter Anmeldetermin: 27. Juni 2020 <\/strong><\/p>\n<p>Geplant: Angebot einer <strong>Mehrtage-Bus-Reise <\/strong>vom 27. \u2013 30. August 2020 mit dem H\u00f6hepunkt der Teilnahme am Riesengebirgstreffen. Weitere Informationen des Reiseanbieters folgen.<\/p>\n<p style=\"text-align: right;\">Berlin, 1. Februar 2020<\/p>\n<hr \/>\n<p><span style=\"font-size: 14pt;\"><strong>Downloads<\/strong><\/span><\/p>\n<p><img data-recalc-dims=\"1\" loading=\"lazy\" decoding=\"async\" data-attachment-id=\"1076\" data-permalink=\"https:\/\/www.freidenker.org\/?attachment_id=1076\" data-orig-file=\"https:\/\/i0.wp.com\/www.freidenker.org\/fw17\/wp-content\/uploads\/2017\/10\/pdf_icon-2.png?fit=32%2C32&amp;ssl=1\" data-orig-size=\"32,32\" data-comments-opened=\"0\" data-image-meta=\"{&quot;aperture&quot;:&quot;0&quot;,&quot;credit&quot;:&quot;&quot;,&quot;camera&quot;:&quot;&quot;,&quot;caption&quot;:&quot;&quot;,&quot;created_timestamp&quot;:&quot;0&quot;,&quot;copyright&quot;:&quot;&quot;,&quot;focal_length&quot;:&quot;0&quot;,&quot;iso&quot;:&quot;0&quot;,&quot;shutter_speed&quot;:&quot;0&quot;,&quot;title&quot;:&quot;&quot;,&quot;orientation&quot;:&quot;0&quot;}\" data-image-title=\"pdf_icon\" data-image-description=\"\" data-image-caption=\"\" data-large-file=\"https:\/\/i0.wp.com\/www.freidenker.org\/fw17\/wp-content\/uploads\/2017\/10\/pdf_icon-2.png?fit=32%2C32&amp;ssl=1\" class=\"alignnone size-full wp-image-1076\" src=\"https:\/\/i0.wp.com\/www.freidenker.org\/fw17\/wp-content\/uploads\/2017\/10\/pdf_icon-2.png?resize=32%2C32&#038;ssl=1\" alt=\"\" width=\"32\" height=\"32\" \/>\u00a0Den Aufruf als <a href=\"https:\/\/www.freidenker.org\/fw17\/wp-content\/uploads\/2020\/02\/Riesengebirge_Aufruf_2020.pdf\" target=\"_blank\" rel=\"noopener noreferrer\">PDF-Dokument<\/a> ansehen oder herunterladen (ca. 517 KB)<\/p>\n<hr \/>\n<p><span style=\"font-size: 10pt;\">Bild: Proletarisches Riesengebirgstreffen 2019<\/span><br \/>\n<span style=\"font-size: 10pt;\">Quelle: <a href=\"https:\/\/rfb-online.org\/\" name=\"top\">Revolution\u00e4rer Freundschaftsbund e.V.<\/a><\/span><\/p>\n","protected":false},"excerpt":{"rendered":"<p>AUFRUF der deutschen Initiativgruppe zur Teilnahme am antifaschistischen Riesengebirgstreffen in Mal\u00e1 \u00dapa am Fu\u00dfe der Schneekoppe am 29.August 2020.<br \/>\nH\u00f6hepunkte des Programms:<br \/>\n&#8211; Internationale Kundgebung: 29. August 2020, 10.00 \u2013 12.00 Horn\u00ed Mal\u00e1 \u00d9pa<br \/>\n&#8211; Schneekoppenbesteigung nach der Kundgebung<br \/>\n&#8211; Internationales politisches Gespr\u00e4ch nach der Kundgebung<br \/>\n&#8211; Tschechisch-deutsches Freundschaftstreffen am Abend in Trutnov-Voletiny<br \/>\n&#8211; Meeting am 30. August 2020, 10.00 Uhr im Grenzort Kr\u00e1lovec<\/p>\n","protected":false},"author":3,"featured_media":7513,"comment_status":"closed","ping_status":"closed","sticky":false,"template":"","format":"standard","meta":{"colormag_page_container_layout":"default_layout","colormag_page_sidebar_layout":"default_layout","advanced_seo_description":"","jetpack_seo_html_title":"","jetpack_seo_noindex":false,"jetpack_post_was_ever_published":false,"footnotes":""},"categories":[20],"tags":[370,1232,1236,1237,489],"class_list":["post-7512","post","type-post","status-publish","format-standard","has-post-thumbnail","hentry","category-zentrale-veranstaltungen","tag-antifaschismus","tag-defender-2020","tag-treffen","tag-tschechien","tag-widerstand"],"jetpack_featured_media_url":"https:\/\/i0.wp.com\/www.freidenker.org\/fw17\/wp-content\/uploads\/2020\/02\/riesengebirgstreffen_2019_rfb-05-5_800x445.jpg?fit=800%2C445&ssl=1","jetpack_shortlink":"https:\/\/wp.me\/p9stpK-1Xa","jetpack-related-posts":[{"id":14196,"url":"https:\/\/www.freidenker.org\/?p=14196","url_meta":{"origin":7512,"position":0},"title":"Schluss mit Aufr\u00fcstung, Kriegshetze und Verelendung","author":"Webredaktion","date":"21. September 2022","format":false,"excerpt":"100 Jahre Antifaschistisches Riesengebirgstreffen am Fu\u00dfe der Schneekoppe Beitrag von Peter Betscher Im September 1922 trafen sich in Mal\u00e1 \u00dapa im Riesengebirge erstmals tschechische und deutsche Kommunisten um gemeinsam \u00fcber den Kampf gegen kapitalistische Ausbeutung und die aufziehende faschistische Gefahr zu beraten. Daraus entwickelte sich eine Tradition, die mit der\u2026","rel":"","context":"In &quot;Frieden - Antifaschismus - Solidarit\u00e4t&quot;","block_context":{"text":"Frieden - Antifaschismus - Solidarit\u00e4t","link":"https:\/\/www.freidenker.org\/?cat=13"},"img":{"alt_text":"","src":"https:\/\/i0.wp.com\/www.freidenker.org\/fw17\/wp-content\/uploads\/2022\/09\/Mala_Upa_2022_Heike_C_800x450.jpg?fit=800%2C450&ssl=1&resize=350%2C200","width":350,"height":200,"srcset":"https:\/\/i0.wp.com\/www.freidenker.org\/fw17\/wp-content\/uploads\/2022\/09\/Mala_Upa_2022_Heike_C_800x450.jpg?fit=800%2C450&ssl=1&resize=350%2C200 1x, https:\/\/i0.wp.com\/www.freidenker.org\/fw17\/wp-content\/uploads\/2022\/09\/Mala_Upa_2022_Heike_C_800x450.jpg?fit=800%2C450&ssl=1&resize=525%2C300 1.5x, https:\/\/i0.wp.com\/www.freidenker.org\/fw17\/wp-content\/uploads\/2022\/09\/Mala_Upa_2022_Heike_C_800x450.jpg?fit=800%2C450&ssl=1&resize=700%2C400 2x"},"classes":[]},{"id":18529,"url":"https:\/\/www.freidenker.org\/?p=18529","url_meta":{"origin":7512,"position":1},"title":"Eine sozialistische Pers\u00f6nlichkeit","author":"Webredaktion","date":"10. M\u00e4rz 2024","format":false,"excerpt":"Vor 130 Jahren wurde Otto Grotewohl geboren Beitrag von Prof. Dr. Anton Latzo Otto Grotewohls Leben und Wirken, sein Erbe in wenigen S\u00e4tzen zu w\u00fcrdigen, ist fast unm\u00f6glich. Er war im wahrsten Sinne des Wortes eine sozialistische Pers\u00f6nlichkeit \u2013 ein \u00fcberzeugter und \u00fcberzeugender Gestalter und Vertreter der Deutschen Demokratischen Republik,\u2026","rel":"","context":"In &quot;Geschichte&quot;","block_context":{"text":"Geschichte","link":"https:\/\/www.freidenker.org\/?cat=1162"},"img":{"alt_text":"","src":"https:\/\/i0.wp.com\/www.freidenker.org\/fw17\/wp-content\/uploads\/2024\/03\/Bundesarchiv_Bild_183-19204-3150_Otto_Grotewohl_800x450.jpg?fit=800%2C450&ssl=1&resize=350%2C200","width":350,"height":200,"srcset":"https:\/\/i0.wp.com\/www.freidenker.org\/fw17\/wp-content\/uploads\/2024\/03\/Bundesarchiv_Bild_183-19204-3150_Otto_Grotewohl_800x450.jpg?fit=800%2C450&ssl=1&resize=350%2C200 1x, https:\/\/i0.wp.com\/www.freidenker.org\/fw17\/wp-content\/uploads\/2024\/03\/Bundesarchiv_Bild_183-19204-3150_Otto_Grotewohl_800x450.jpg?fit=800%2C450&ssl=1&resize=525%2C300 1.5x, https:\/\/i0.wp.com\/www.freidenker.org\/fw17\/wp-content\/uploads\/2024\/03\/Bundesarchiv_Bild_183-19204-3150_Otto_Grotewohl_800x450.jpg?fit=800%2C450&ssl=1&resize=700%2C400 2x"},"classes":[]},{"id":568,"url":"https:\/\/www.freidenker.org\/?p=568","url_meta":{"origin":7512,"position":2},"title":"18.1.2014 &#8211; Ehrung f\u00fcr Max Sievers","author":"Webmaster","date":"9. Januar 2014","format":false,"excerpt":"Die Vorst\u00e4nde des Deutschen Freidenker-Verbandes e.V. und der Landesverb\u00e4nde Berlin und Brandenburg laden ein zum Gedenken an den langj\u00e4hrigen Vorsitzenden des Deutschen Freidenker-Verbandes Max Sievers anl\u00e4sslich des 70. Jahrestages seiner Ermordung durch die deutschen Faschisten am 17. Januar 1944 im Zuchthaus Brandenburg-G\u00f6rden. Die Ehrungen mit Kranzniederlegung, Ansprache und musikalischer Umrahmung\u2026","rel":"","context":"In &quot;Zentrale Veranstaltungen&quot;","block_context":{"text":"Zentrale Veranstaltungen","link":"https:\/\/www.freidenker.org\/?cat=20"},"img":{"alt_text":"","src":"https:\/\/i0.wp.com\/www.freidenker.org\/fw17\/wp-content\/uploads\/2016\/08\/Sievers.jpg?fit=800%2C445&ssl=1&resize=350%2C200","width":350,"height":200,"srcset":"https:\/\/i0.wp.com\/www.freidenker.org\/fw17\/wp-content\/uploads\/2016\/08\/Sievers.jpg?fit=800%2C445&ssl=1&resize=350%2C200 1x, https:\/\/i0.wp.com\/www.freidenker.org\/fw17\/wp-content\/uploads\/2016\/08\/Sievers.jpg?fit=800%2C445&ssl=1&resize=525%2C300 1.5x, https:\/\/i0.wp.com\/www.freidenker.org\/fw17\/wp-content\/uploads\/2016\/08\/Sievers.jpg?fit=800%2C445&ssl=1&resize=700%2C400 2x"},"classes":[]},{"id":21674,"url":"https:\/\/www.freidenker.org\/?p=21674","url_meta":{"origin":7512,"position":3},"title":"D\u00fcsseldorf: Einladung zur Mahn- und Gedenkveranstaltung am 10.05.2025","author":"Webredaktion","date":"5. Mai 2025","format":false,"excerpt":"Einladung Der Vorstand des Landesverbandes NRW des Deutschen Freidenker-Verbandes l\u00e4dt herzlich zu einer Mahn- und Gedenkveranstaltung zum 80. Jahrestag der Befreiung nach D\u00fcsseldorf ein. Es wird ein antifaschistischer Rundgang unter der Leitung von Bruno Reble (Mitglied des DFV) mit anschlie\u00dfender Kranzniederlegung an der Mahn- und Gedenkst\u00e4tte stattfinden. Dazu wird ein\u2026","rel":"","context":"In &quot;Frieden - Antifaschismus - Solidarit\u00e4t&quot;","block_context":{"text":"Frieden - Antifaschismus - Solidarit\u00e4t","link":"https:\/\/www.freidenker.org\/?cat=13"},"img":{"alt_text":"","src":"https:\/\/i0.wp.com\/www.freidenker.org\/fw17\/wp-content\/uploads\/2025\/05\/Mahn-_und_Gedenkstaette_der_Stadt_Duesseldorf_2016_Ausschnitt_800x450.jpg?fit=800%2C450&ssl=1&resize=350%2C200","width":350,"height":200,"srcset":"https:\/\/i0.wp.com\/www.freidenker.org\/fw17\/wp-content\/uploads\/2025\/05\/Mahn-_und_Gedenkstaette_der_Stadt_Duesseldorf_2016_Ausschnitt_800x450.jpg?fit=800%2C450&ssl=1&resize=350%2C200 1x, https:\/\/i0.wp.com\/www.freidenker.org\/fw17\/wp-content\/uploads\/2025\/05\/Mahn-_und_Gedenkstaette_der_Stadt_Duesseldorf_2016_Ausschnitt_800x450.jpg?fit=800%2C450&ssl=1&resize=525%2C300 1.5x, https:\/\/i0.wp.com\/www.freidenker.org\/fw17\/wp-content\/uploads\/2025\/05\/Mahn-_und_Gedenkstaette_der_Stadt_Duesseldorf_2016_Ausschnitt_800x450.jpg?fit=800%2C450&ssl=1&resize=700%2C400 2x"},"classes":[]},{"id":17128,"url":"https:\/\/www.freidenker.org\/?p=17128","url_meta":{"origin":7512,"position":4},"title":"Die Bundesregierung spielt ahnungslos","author":"Webredaktion","date":"30. September 2023","format":false,"excerpt":"Beitrag von Anti-Spiegel (d.i. Thomas R\u00f6per) Laut dem deutschen Grundgesetz kontrolliert der Bundestag die Bundesregierung. Um diese Kontrolle zu gew\u00e4hrleisten, gibt es das Instrument der \u201eKleinen Anfrage\u201c. Jeder Abgeordnete kann der Bundesregierung jederzeit Kleine Anfragen stellen und die Bundesregierung ist verpflichtet, sie zu beantworten. Dass die Bundesregierung das oft nicht\u2026","rel":"","context":"In &quot;Demokratie \u2013 Medien \u2013 Aufkl\u00e4rung&quot;","block_context":{"text":"Demokratie \u2013 Medien \u2013 Aufkl\u00e4rung","link":"https:\/\/www.freidenker.org\/?cat=12"},"img":{"alt_text":"","src":"https:\/\/i0.wp.com\/www.freidenker.org\/fw17\/wp-content\/uploads\/2023\/09\/Kukuschka_scholz-biden_800x450_mr.jpg?fit=800%2C450&ssl=1&resize=350%2C200","width":350,"height":200,"srcset":"https:\/\/i0.wp.com\/www.freidenker.org\/fw17\/wp-content\/uploads\/2023\/09\/Kukuschka_scholz-biden_800x450_mr.jpg?fit=800%2C450&ssl=1&resize=350%2C200 1x, https:\/\/i0.wp.com\/www.freidenker.org\/fw17\/wp-content\/uploads\/2023\/09\/Kukuschka_scholz-biden_800x450_mr.jpg?fit=800%2C450&ssl=1&resize=525%2C300 1.5x, https:\/\/i0.wp.com\/www.freidenker.org\/fw17\/wp-content\/uploads\/2023\/09\/Kukuschka_scholz-biden_800x450_mr.jpg?fit=800%2C450&ssl=1&resize=700%2C400 2x"},"classes":[]},{"id":7383,"url":"https:\/\/www.freidenker.org\/?p=7383","url_meta":{"origin":7512,"position":5},"title":"Freidenker im Gespr\u00e4ch am 13.01.2020: NATO macht mobil \u2013 gegen Russland","author":"Webredaktion","date":"5. Januar 2020","format":false,"excerpt":"Berliner Runde \u2013 Freidenker im Gespr\u00e4ch: Vortrag und Diskussion mit Klaus Hartmann, Bundesvorsitzender des Deutschen Freidenker-Verbandes Montag, den 13. Januar 2020, 16.00 Uhr, ND-Geb\u00e4ude, Seminarraum 1, Franz-Mehring-Platz 1, 10243 Berlin Von Januar bis Mai 2020 planen die USA und NATO-Staaten ein Gro\u00dfman\u00f6ver zur trans\u00adatlantischen Mobilmachung gegen Russland. Eine Invasion von\u2026","rel":"","context":"In &quot;Frieden - Antifaschismus - Solidarit\u00e4t&quot;","block_context":{"text":"Frieden - Antifaschismus - Solidarit\u00e4t","link":"https:\/\/www.freidenker.org\/?cat=13"},"img":{"alt_text":"","src":"https:\/\/i0.wp.com\/www.freidenker.org\/fw17\/wp-content\/uploads\/2020\/01\/Einladung_Berlin_2020-01-13.jpg?fit=800%2C445&ssl=1&resize=350%2C200","width":350,"height":200,"srcset":"https:\/\/i0.wp.com\/www.freidenker.org\/fw17\/wp-content\/uploads\/2020\/01\/Einladung_Berlin_2020-01-13.jpg?fit=800%2C445&ssl=1&resize=350%2C200 1x, https:\/\/i0.wp.com\/www.freidenker.org\/fw17\/wp-content\/uploads\/2020\/01\/Einladung_Berlin_2020-01-13.jpg?fit=800%2C445&ssl=1&resize=525%2C300 1.5x, https:\/\/i0.wp.com\/www.freidenker.org\/fw17\/wp-content\/uploads\/2020\/01\/Einladung_Berlin_2020-01-13.jpg?fit=800%2C445&ssl=1&resize=700%2C400 2x"},"classes":[]}],"_links":{"self":[{"href":"https:\/\/www.freidenker.org\/index.php?rest_route=\/wp\/v2\/posts\/7512","targetHints":{"allow":["GET"]}}],"collection":[{"href":"https:\/\/www.freidenker.org\/index.php?rest_route=\/wp\/v2\/posts"}],"about":[{"href":"https:\/\/www.freidenker.org\/index.php?rest_route=\/wp\/v2\/types\/post"}],"author":[{"embeddable":true,"href":"https:\/\/www.freidenker.org\/index.php?rest_route=\/wp\/v2\/users\/3"}],"replies":[{"embeddable":true,"href":"https:\/\/www.freidenker.org\/index.php?rest_route=%2Fwp%2Fv2%2Fcomments&post=7512"}],"version-history":[{"count":0,"href":"https:\/\/www.freidenker.org\/index.php?rest_route=\/wp\/v2\/posts\/7512\/revisions"}],"wp:featuredmedia":[{"embeddable":true,"href":"https:\/\/www.freidenker.org\/index.php?rest_route=\/wp\/v2\/media\/7513"}],"wp:attachment":[{"href":"https:\/\/www.freidenker.org\/index.php?rest_route=%2Fwp%2Fv2%2Fmedia&parent=7512"}],"wp:term":[{"taxonomy":"category","embeddable":true,"href":"https:\/\/www.freidenker.org\/index.php?rest_route=%2Fwp%2Fv2%2Fcategories&post=7512"},{"taxonomy":"post_tag","embeddable":true,"href":"https:\/\/www.freidenker.org\/index.php?rest_route=%2Fwp%2Fv2%2Ftags&post=7512"}],"curies":[{"name":"wp","href":"https:\/\/api.w.org\/{rel}","templated":true}]}}