{"id":750,"date":"2011-09-16T14:34:33","date_gmt":"2011-09-16T12:34:33","guid":{"rendered":"http:\/\/www.freidenker.org\/fw17\/?p=750"},"modified":"2018-02-18T17:59:08","modified_gmt":"2018-02-18T16:59:08","slug":"ungehorsam-revolte-widerstand","status":"publish","type":"post","link":"https:\/\/www.freidenker.org\/?p=750","title":{"rendered":"FREIDENKER 3-11 &#8211; Ungehorsam: Revolte &#8211; Widerstand &#8211; Generalstreik"},"content":{"rendered":"<p><strong>Inhalt:<\/strong> Editorial -Thema:<\/p>\n<p><a href=\"https:\/\/www.freidenker.org\/?p=410\">Ulf Rassmann: Die Angst vor dem Volk<\/a> | Jan Bretschneider: Ziviler Ungehorsam | Klaus Mausner: Der Widerstand gegen \u201eStuttgart 21&#8243; hat jetzt schon die Republik ver\u00e4ndert | <a href=\"https:\/\/www.freidenker.org\/?p=413\">Renate M\u00fcnder: Den politischen Streik durchsetzen<\/a> | Werner Seppmann: Entzivilisierung, Gewalt und Revolte<\/p>\n<p><strong>Meldungen, Meinungen<br \/>\n<\/strong>Uns droht der Papst mit \u201eWort zum Sonntag&#8220;<br \/>\nLeserbriefe<\/p>\n<p><strong>Aus den Landesverb\u00e4nden<\/strong><\/p>\n<p><strong>Chronik<br \/>\n<\/strong>Gesch\u00e4ftsf\u00fchrender Verbandsvorstand<br \/>\nWissenschaftliche Konferenz<br \/>\n<a href=\"https:\/\/www.freidenker.org\/?p=680\">Hilfe der &#8218;Papst&#8216; kommt!<\/a><br \/>\nWie mit dem Libyen-Krieg umgehen<br \/>\nAnerkennung eines pal\u00e4stinensischen Staates<\/p>\n<p><strong>B\u00fccher f\u00fcr Freidenker<\/strong><\/p>\n<p><strong>Anschriften, Impressum<\/strong><\/p>\n<p>Hinter den Barrikaden<\/p>\n","protected":false},"excerpt":{"rendered":"<p><strong>Die Ausgabe 3-11 des Verbandsorgans FREIDENKER hat das Schwerpunkt-Thema \u201eUngehorsam: Revolte &#8211; Widerstand &#8211; Generalstreik\u201c und enth\u00e4lt u.a folgende Beitr\u00e4ge:<\/strong><br \/>\n&#8211; Ulf Rassmann: Die Angst vor dem Volk<br \/>\n&#8211; Jan Bretschneider: Ziviler Ungehorsam<br \/>\n&#8211; Klaus Mausner: Der Widerstand gegen \u201eStuttgart 21&#8243; hat jetzt schon die Republik ver\u00e4ndert<br \/>\n&#8211; Renate M\u00fcnder: Den politischen Streik durchsetzen<br \/>\n&#8211; Werner Seppmann: Entzivilisierung, Gewalt und Revolte<\/p>\n","protected":false},"author":2,"featured_media":2542,"comment_status":"closed","ping_status":"closed","sticky":false,"template":"","format":"standard","meta":{"colormag_page_container_layout":"default_layout","colormag_page_sidebar_layout":"default_layout","advanced_seo_description":"","jetpack_seo_html_title":"","jetpack_seo_noindex":false,"jetpack_post_was_ever_published":false,"footnotes":""},"categories":[8],"tags":[26,515,848,489],"class_list":["post-750","post","type-post","status-publish","format-standard","has-post-thumbnail","hentry","category-verbandsorgan-freidenker","tag-freidenker","tag-revolte","tag-streik","tag-widerstand"],"jetpack_featured_media_url":"https:\/\/i0.wp.com\/www.freidenker.org\/fw17\/wp-content\/uploads\/2017\/12\/FD_2011-03_Titel_mR.jpg?fit=800%2C445&ssl=1","jetpack_shortlink":"https:\/\/wp.me\/p9stpK-c6","jetpack-related-posts":[{"id":413,"url":"https:\/\/www.freidenker.org\/?p=413","url_meta":{"origin":750,"position":0},"title":"Den politischen Streik durchsetzen!","author":"Webmaster","date":"17. September 2011","format":false,"excerpt":"Beitrag von Renate M\u00fcnder aus FREIDENKER 3-11 Die Kollegen der Druckerei des S\u00fcddeutschen Verlags f\u00fchrten jahrelang bei vielen Demonstrationen ein Transparent mit sich: \u201eF\u00fcr den Generalstreik!\u201c Unter dem Eindruck der Streiks in Frankreich, Italien, Griechenland usw. gab es die Stimmung vieler Kolleginnen und Kollegen wieder \u2013 aber eine gro\u00dfe Wirkung\u2026","rel":"","context":"In &quot;Demokratie \u2013 Medien \u2013 Aufkl\u00e4rung&quot;","block_context":{"text":"Demokratie \u2013 Medien \u2013 Aufkl\u00e4rung","link":"https:\/\/www.freidenker.org\/?cat=12"},"img":{"alt_text":"","src":"https:\/\/i0.wp.com\/www.freidenker.org\/fw17\/wp-content\/uploads\/2016\/08\/Demonstration.jpg?fit=800%2C445&ssl=1&resize=350%2C200","width":350,"height":200,"srcset":"https:\/\/i0.wp.com\/www.freidenker.org\/fw17\/wp-content\/uploads\/2016\/08\/Demonstration.jpg?fit=800%2C445&ssl=1&resize=350%2C200 1x, https:\/\/i0.wp.com\/www.freidenker.org\/fw17\/wp-content\/uploads\/2016\/08\/Demonstration.jpg?fit=800%2C445&ssl=1&resize=525%2C300 1.5x, https:\/\/i0.wp.com\/www.freidenker.org\/fw17\/wp-content\/uploads\/2016\/08\/Demonstration.jpg?fit=800%2C445&ssl=1&resize=700%2C400 2x"},"classes":[]},{"id":680,"url":"https:\/\/www.freidenker.org\/?p=680","url_meta":{"origin":750,"position":1},"title":"Hilfe, der \u201aPapst\u2019 kommt!","author":"Webmaster","date":"5. September 2011","format":false,"excerpt":"Der Deutsche Freidenker-Verband unterst\u00fctzt den Aufruf des breiten B\u00fcndnisses, das gegen die menschenfeindliche Geschlechter- und Sexualpolitik des Papstes protestiert: \u201eIm September 2011 besucht Papst Benedikt XVI. Deutschland. Dabei spricht er auch vor dem Deutschen Bundestag in Berlin. Dagegen protestieren wir. Der Papst steht f\u00fcr eine menschenfeindliche Geschlechter- und Sexualpolitik. Sie\u2026","rel":"","context":"In &quot;Religions- &amp; Kirchenkritik, S\u00e4kulare Szene&quot;","block_context":{"text":"Religions- &amp; Kirchenkritik, S\u00e4kulare Szene","link":"https:\/\/www.freidenker.org\/?cat=15"},"img":{"alt_text":"","src":"https:\/\/i0.wp.com\/www.freidenker.org\/fw17\/wp-content\/uploads\/2016\/08\/Papst_Benedict.jpg?fit=800%2C445&ssl=1&resize=350%2C200","width":350,"height":200,"srcset":"https:\/\/i0.wp.com\/www.freidenker.org\/fw17\/wp-content\/uploads\/2016\/08\/Papst_Benedict.jpg?fit=800%2C445&ssl=1&resize=350%2C200 1x, https:\/\/i0.wp.com\/www.freidenker.org\/fw17\/wp-content\/uploads\/2016\/08\/Papst_Benedict.jpg?fit=800%2C445&ssl=1&resize=525%2C300 1.5x, https:\/\/i0.wp.com\/www.freidenker.org\/fw17\/wp-content\/uploads\/2016\/08\/Papst_Benedict.jpg?fit=800%2C445&ssl=1&resize=700%2C400 2x"},"classes":[]},{"id":775,"url":"https:\/\/www.freidenker.org\/?p=775","url_meta":{"origin":750,"position":2},"title":"FREIDENKER 2-13 &#8211; Kunst &#8211; Anpassung &#8211; Widerstand","author":"Webmaster","date":"16. Juni 2013","format":false,"excerpt":"Die Ausgabe 2-13 des Verbandsorgans FREIDENKER hat das Schwerpunkt-Thema \u201eKunst - Anpassung - Widerstand\u201c und enth\u00e4lt u.a folgende Beitr\u00e4ge: - J\u00fcrgen Meier: Was ist gute \/ fortschrittliche Kunst? - Thomas Metscher: \u00c4sthetik und Imperialismus - Werner Seppmann: \u00c4sthetik ohne Widerstand: Das Beispiel Documenta - Hans-G\u00fcnther Dicks: Wa(h)re Filmkunst, falsche F\u00e4lschung\u2026","rel":"","context":"In &quot;Verbandsorgan FREIDENKER&quot;","block_context":{"text":"Verbandsorgan FREIDENKER","link":"https:\/\/www.freidenker.org\/?cat=8"},"img":{"alt_text":"","src":"https:\/\/i0.wp.com\/www.freidenker.org\/fw17\/wp-content\/uploads\/2017\/12\/FD_2013-02_Titel_mR.jpg?fit=800%2C445&ssl=1&resize=350%2C200","width":350,"height":200,"srcset":"https:\/\/i0.wp.com\/www.freidenker.org\/fw17\/wp-content\/uploads\/2017\/12\/FD_2013-02_Titel_mR.jpg?fit=800%2C445&ssl=1&resize=350%2C200 1x, https:\/\/i0.wp.com\/www.freidenker.org\/fw17\/wp-content\/uploads\/2017\/12\/FD_2013-02_Titel_mR.jpg?fit=800%2C445&ssl=1&resize=525%2C300 1.5x, https:\/\/i0.wp.com\/www.freidenker.org\/fw17\/wp-content\/uploads\/2017\/12\/FD_2013-02_Titel_mR.jpg?fit=800%2C445&ssl=1&resize=700%2C400 2x"},"classes":[]},{"id":723,"url":"https:\/\/www.freidenker.org\/?p=723","url_meta":{"origin":750,"position":3},"title":"FREIDENKER 4-09 &#8211; Krise &#8211; Widerstand!","author":"Webmaster","date":"16. Dezember 2009","format":false,"excerpt":"Die Ausgabe 4-09 des Verbandsorgans FREIDENKER hat das Schwerpunkt-Thema \u201eKrise - Widerstand!\u201c und enth\u00e4lt u.a folgende Beitr\u00e4ge: - Rainer Thiel: Finanzkrise: Markt, Konkurrenz und Eigentum - Dieter Hillebrenner: Arbeiterklasse heute - Werner Seppmann: Krise ohne Widerstand? - Erich Hahn: ,Erinnerungsschlacht\u2018 und Weltanschauung - Klaus Hartmann: Krise im Kopf","rel":"","context":"In &quot;Verbandsorgan FREIDENKER&quot;","block_context":{"text":"Verbandsorgan FREIDENKER","link":"https:\/\/www.freidenker.org\/?cat=8"},"img":{"alt_text":"","src":"https:\/\/i0.wp.com\/www.freidenker.org\/fw17\/wp-content\/uploads\/2017\/12\/FD_2009-04_Titel_mR.jpg?fit=800%2C445&ssl=1&resize=350%2C200","width":350,"height":200,"srcset":"https:\/\/i0.wp.com\/www.freidenker.org\/fw17\/wp-content\/uploads\/2017\/12\/FD_2009-04_Titel_mR.jpg?fit=800%2C445&ssl=1&resize=350%2C200 1x, https:\/\/i0.wp.com\/www.freidenker.org\/fw17\/wp-content\/uploads\/2017\/12\/FD_2009-04_Titel_mR.jpg?fit=800%2C445&ssl=1&resize=525%2C300 1.5x, https:\/\/i0.wp.com\/www.freidenker.org\/fw17\/wp-content\/uploads\/2017\/12\/FD_2009-04_Titel_mR.jpg?fit=800%2C445&ssl=1&resize=700%2C400 2x"},"classes":[]},{"id":3235,"url":"https:\/\/www.freidenker.org\/?p=3235","url_meta":{"origin":750,"position":4},"title":"Solidarit\u00e4tsadresse zum Bildungsstreik","author":"Webredaktion","date":"17. Juni 2009","format":false,"excerpt":"Gru\u00dfadresse von Klaus Hartmann an die Aktiven beim Bildungsstreik 2009 Der Deutsche Freidenker-Verband erkl\u00e4rt sich solidarisch mit Euren Aktionen im Rahmen des Bildungsstreiks 2009. Die Brechung des Bildungsprivilegs ist eine zentrale Forderung der Freidenker seit ihrer Organisierung im 19. Jahrhundert. In unserer programmatischen \u201eBerliner Erkl\u00e4rung\u201c formulieren wir: \u201eDer Deutsche Freidenkerverband\u2026","rel":"","context":"In &quot;Arbeit &amp; Soziales&quot;","block_context":{"text":"Arbeit &amp; Soziales","link":"https:\/\/www.freidenker.org\/?cat=11"},"img":{"alt_text":"","src":"https:\/\/i0.wp.com\/www.freidenker.org\/fw17\/wp-content\/uploads\/2009\/06\/2009-06-17-2-0843_800x445.jpg?fit=800%2C445&ssl=1&resize=350%2C200","width":350,"height":200,"srcset":"https:\/\/i0.wp.com\/www.freidenker.org\/fw17\/wp-content\/uploads\/2009\/06\/2009-06-17-2-0843_800x445.jpg?fit=800%2C445&ssl=1&resize=350%2C200 1x, https:\/\/i0.wp.com\/www.freidenker.org\/fw17\/wp-content\/uploads\/2009\/06\/2009-06-17-2-0843_800x445.jpg?fit=800%2C445&ssl=1&resize=525%2C300 1.5x, https:\/\/i0.wp.com\/www.freidenker.org\/fw17\/wp-content\/uploads\/2009\/06\/2009-06-17-2-0843_800x445.jpg?fit=800%2C445&ssl=1&resize=700%2C400 2x"},"classes":[]},{"id":10946,"url":"https:\/\/www.freidenker.org\/?p=10946","url_meta":{"origin":750,"position":5},"title":"Dem Schriftsteller Erasmus Sch\u00f6fer zum\u00a090.","author":"Webredaktion","date":"2. August 2021","format":false,"excerpt":"Laudatio von Werner R\u00fcgemer .... Erasmus, Du warst nicht nur mal f\u00fcr drei Jahre zum Arbeiten in die Industrie gegangen. Mit dem Werkkreis Literatur der Arbeitswelt, 1969 gegr\u00fcndet, organisiertest Du mit anderen Gleichgesinnten die bis dahin schlummernden, verdr\u00e4ngten, abget\u00f6teten, auch durch Nobel- und viele andere Literaturpreise \u00fcberspielten F\u00e4higkeiten der abh\u00e4ngig\u2026","rel":"","context":"In &quot;Kultur &amp; Kunst&quot;","block_context":{"text":"Kultur &amp; Kunst","link":"https:\/\/www.freidenker.org\/?cat=913"},"img":{"alt_text":"","src":"https:\/\/i0.wp.com\/www.freidenker.org\/fw17\/wp-content\/uploads\/2021\/08\/erasmus-schoefer-liest-aus-die-kinder-des-sisyfos_800x450.jpg?fit=800%2C450&ssl=1&resize=350%2C200","width":350,"height":200,"srcset":"https:\/\/i0.wp.com\/www.freidenker.org\/fw17\/wp-content\/uploads\/2021\/08\/erasmus-schoefer-liest-aus-die-kinder-des-sisyfos_800x450.jpg?fit=800%2C450&ssl=1&resize=350%2C200 1x, https:\/\/i0.wp.com\/www.freidenker.org\/fw17\/wp-content\/uploads\/2021\/08\/erasmus-schoefer-liest-aus-die-kinder-des-sisyfos_800x450.jpg?fit=800%2C450&ssl=1&resize=525%2C300 1.5x, https:\/\/i0.wp.com\/www.freidenker.org\/fw17\/wp-content\/uploads\/2021\/08\/erasmus-schoefer-liest-aus-die-kinder-des-sisyfos_800x450.jpg?fit=800%2C450&ssl=1&resize=700%2C400 2x"},"classes":[]}],"_links":{"self":[{"href":"https:\/\/www.freidenker.org\/index.php?rest_route=\/wp\/v2\/posts\/750","targetHints":{"allow":["GET"]}}],"collection":[{"href":"https:\/\/www.freidenker.org\/index.php?rest_route=\/wp\/v2\/posts"}],"about":[{"href":"https:\/\/www.freidenker.org\/index.php?rest_route=\/wp\/v2\/types\/post"}],"author":[{"embeddable":true,"href":"https:\/\/www.freidenker.org\/index.php?rest_route=\/wp\/v2\/users\/2"}],"replies":[{"embeddable":true,"href":"https:\/\/www.freidenker.org\/index.php?rest_route=%2Fwp%2Fv2%2Fcomments&post=750"}],"version-history":[{"count":0,"href":"https:\/\/www.freidenker.org\/index.php?rest_route=\/wp\/v2\/posts\/750\/revisions"}],"wp:featuredmedia":[{"embeddable":true,"href":"https:\/\/www.freidenker.org\/index.php?rest_route=\/wp\/v2\/media\/2542"}],"wp:attachment":[{"href":"https:\/\/www.freidenker.org\/index.php?rest_route=%2Fwp%2Fv2%2Fmedia&parent=750"}],"wp:term":[{"taxonomy":"category","embeddable":true,"href":"https:\/\/www.freidenker.org\/index.php?rest_route=%2Fwp%2Fv2%2Fcategories&post=750"},{"taxonomy":"post_tag","embeddable":true,"href":"https:\/\/www.freidenker.org\/index.php?rest_route=%2Fwp%2Fv2%2Ftags&post=750"}],"curies":[{"name":"wp","href":"https:\/\/api.w.org\/{rel}","templated":true}]}}