{"id":7494,"date":"2020-02-01T17:29:44","date_gmt":"2020-02-01T16:29:44","guid":{"rendered":"https:\/\/www.freidenker.org\/?p=7494"},"modified":"2020-03-24T13:20:00","modified_gmt":"2020-03-24T12:20:00","slug":"der-11-september-und-die-wissenschaft","status":"publish","type":"post","link":"https:\/\/www.freidenker.org\/?p=7494","title":{"rendered":"Der 11. September und die Wissenschaft"},"content":{"rendered":"<h5>\u00dcber einen Vortrag von Ansgar Schneider zur Operation 9\/11 aus physikalischer Sicht<\/h5>\n<p><em>Von <strong>Klaus-Dieter Kolenda<\/strong><\/em><\/p>\n<p>(Erstver\u00f6ffentlichung am 29.01.2020 auf <a href=\"http:\/\/www.nrhz.de\/flyer\/beitrag.php?id=26521\" target=\"_blank\" rel=\"noopener noreferrer\">nrhz.de<\/a>)<\/p>\n<p>2018 hat Ansgar Schneider, ein diplomierter Physiker und promovierter Mathematiker, ein wichtiges und allgemeinverst\u00e4ndliches Buch \u00fcber die Zerst\u00f6rung des World Trade Centers am 11. September 2001 in New York ver\u00f6ffentlicht (1). Dieses Buch hat dazu gef\u00fchrt, dass ich mich mit den Arbeiten dieses mutigen Naturwissenschaftlers eingehend auseinander gesetzt habe. Aus dieser Besch\u00e4ftigung sind vier Beitr\u00e4ge entstanden. (2)(3)(4)(5) In der ersten Septemberwoche 2019 war Schneider als Vortragender bei der International Association for Bridge and Structural Engineering (IABSE) &#8211; eine der prestigetr\u00e4chtigsten Ingenieursvereinigungen weltweit &#8211; eingeladen, die 2019 ihr 90-j\u00e4hriges Bestehen feierte (6). Zum diesbez\u00fcglichen Jahreskongress hatte die IABSE die weltweite Elite der Bauingenieure nach New York City eingeladen, um aktuelle Trends und Entwicklungen im Bauwesen und neue bauphysikalische Forschungsergebnisse zu pr\u00e4sentieren. Eingeladen war auch Schneider, um dort \u00fcber seine Forschungsergebnisse \u00fcber die Zerst\u00f6rung des World Trade Centers am 11. September 2001 in New York vorzutragen. (7)(8)(9)<\/p>\n<p>Dazu kam es aber nicht, weil die Beh\u00f6rden der USA dem jungen Wissenschaftler die Einreise verweigerten (6). Die Konferenz musste deshalb ohne seine pers\u00f6nliche Anwesenheit stattfinden, aber immerhin wurde auf der Veranstaltung seine Vortragspr\u00e4sentation per Video gezeigt und es erscheint ein wissenschaftlich begutachteter Konferenzband mit seiner f\u00fcr den Kongress vorgesehenen Arbeit.<\/p>\n<p>Im Dezember 2019 wurde Schneider von der Gruppe 42 zu einem Vortrag mit dem Titel \u201eDer 11. September 2001 und die Wissenschaft\u201c nach Wien einladen. Dort hat er einen spannenden und sehr informativen zweieinhalbst\u00fcndigen Video-Vortrag gehalten, der seit dem 8. Januar 2020 auf Youtube eingestellt ist und schon \u00fcber 20.000 Aufrufe erhalten hat (10).<\/p>\n<p>In dem Video werden in den ersten ca. 90 Minuten die heute vorliegenden naturwissenschaftliche Erkenntnisse \u00fcber die Zerst\u00f6rung des World Trade Centers in New York detailliert und in einer Art und Weise behandelt, dass diese auch von naturwissenschaftlichen Laien gut zu verstehen und nachzuvollziehen sind. Eingegangen wird auch auf zwei weitere neue naturwissenschaftliche Untersuchungen zur Zerst\u00f6rung des World Trade Centers 7 (WTC7), die 2019 ver\u00f6ffentlicht worden sind. (11)(12) In den anschlie\u00dfenden ca. 60 Minuten stellt Schneider in \u00fcberzeugender Weise dar, wie und mit welchen Werkzeugen in unseren Leitmedien und im vorherrschenden akademischen Diskurs mit dem 11. September, diesem zentralen historischen Ereignis des beginnenden 21. Jahrhunderts, verleumderische und gegenaufkl\u00e4rerische Propaganda betrieben wird.<\/p>\n<p>Das Ergebnis aller heute vorliegenden naturwissenschaftlichen empirischen Befunde ist, dass alle drei Hochh\u00e4user gesprengt worden sind.<\/p>\n<p style=\"text-align: right;\"><em><strong>Klaus-Dieter Kolenda:<\/strong> Jahrgang 1941, Prof. Dr. med., Facharzt f\u00fcr Innere Medizin und Facharzt f\u00fcr Physikalische und Rehabilitative Medizin. Er hat zahlreiche wissenschaftliche Artikel und eine Reihe von Fach- und Sachb\u00fcchern \u00fcber die Pr\u00e4vention chronischer Krankheiten verfasst. Zuletzt hat er sozialmedizinische, sozialpolitische und friedenspolitische Beitr\u00e4ge in pharma-unabh\u00e4ngigen medizinischen Fachzeitschriften und alternativen Online-Medien und Websites ver\u00f6ffentlicht. <\/em><\/p>\n<p><strong>Hier das Video mit dem Vortrag von Ansgar Schneider: <\/strong><\/p>\n<div class=\"jetpack-video-wrapper\"><span class=\"embed-youtube\" style=\"text-align:center; display: block;\"><iframe loading=\"lazy\" class=\"youtube-player\" width=\"800\" height=\"450\" src=\"https:\/\/www.youtube.com\/embed\/ICgr-Lg7Yvw?version=3&#038;rel=1&#038;showsearch=0&#038;showinfo=1&#038;iv_load_policy=1&#038;fs=1&#038;hl=de-DE&#038;autohide=2&#038;wmode=transparent\" allowfullscreen=\"true\" style=\"border:0;\" sandbox=\"allow-scripts allow-same-origin allow-popups allow-presentation allow-popups-to-escape-sandbox\"><\/iframe><\/span><\/div>\n<p>&nbsp;<\/p>\n<p>Direktlink zum Video auf YouTube: <a href=\"https:\/\/www.youtube.com\/watch?v=ICgr-Lg7Yvw\" target=\"_blank\" rel=\"noopener noreferrer\">https:\/\/www.youtube.com\/watch?v=ICgr-Lg7Yvw<\/a><\/p>\n<p>&nbsp;<\/p>\n<p><strong>Quellen und Links:<\/strong><\/p>\n<p>1. Schneider A. Stigmatisierung statt Aufkl\u00e4rung. Das Unwesen des Wortes \u201eVerschw\u00f6rungstheorie\u201c und die unerw\u00e4hnte Wissenschaft des 11. Septembers als Beispiel einer kontrafaktischen Debatte. Erste Auflage 2018,<br \/>\n<a href=\"http:\/\/www.peace-press.org\/#schneider\">http:\/\/www.peace-press.org\/#schneider<\/a><\/p>\n<p>2. Kolenda KD. Politischer Sprengstoff. Neue Erkenntnisse zeigen, dass die Zwillingst\u00fcrme am 11.9.2019 gesprengt wurden &#8211; Zeit, um die Debatte neu aufzurollen. Rubikon 18.4.2019<br \/>\n<a href=\"https:\/\/www.rubikon.news\/artikel\/politischer-sprengstoff\">https:\/\/www.rubikon.news\/artikel\/politischer-sprengstoff<\/a><\/p>\n<p>3. Kolenda KD. Geplanter Zusammenbruch. Am 11. September 2001 sind alle drei Wolkenkratzer des World Trade Centers absichtlich zerst\u00f6rt worden. Rubikon 10.5.2019<br \/>\n<a href=\"https:\/\/www.rubikon.news\/artikel\/geplanter-zusammenbruch\">https:\/\/www.rubikon.news\/artikel\/geplanter-zusammenbruch<\/a><\/p>\n<p>4. Kolenda KD. Selektive Wahrheitssuche. Ein Interview mit Ansgar Schneider zur Sprengung des World Trade Centers. Teil 1\/2. Rubikon 26.6.2019<br \/>\n<a href=\"https:\/\/www.rubikon.news\/artikel\/selektive-wahrheitssuche\">https:\/\/www.rubikon.news\/artikel\/selektive-wahrheitssuche<\/a><\/p>\n<p>5. Kolenda KD. Selektive Wahrheitssuche. Ein Interview mit Ansgar Schneider zur Sprengung des World Trade Centers. Teil 2\/2. Rubikon 28.6.2019<br \/>\n<a href=\"https:\/\/www.rubikon.news\/artikel\/selektive-wahrheitssuche-2\">https:\/\/www.rubikon.news\/artikel\/selektive-wahrheitssuche-2<\/a><\/p>\n<p>6. Kolenda KD. Der 11. September 2001 wird vollj\u00e4hrig- Zeit, um endlich erwachsen zu werden. Nachdenkseiten 9.9.2019<br \/>\n<a href=\"https:\/\/www.nachdenkseiten.de\/?p=54662\">https:\/\/www.nachdenkseiten.de\/?p=54662<\/a><\/p>\n<p>7. Schneider A. The late Jolt-Re-Examining the World Trade Center Catastrophe. Englisches Original auf dem E-Print-Server der Cornell University Library 2017; PDF-Fassung aus 2018, aufzurufen unter:<br \/>\n<a href=\"https:\/\/arxiv.org\/abs\/1712.06207\">https:\/\/arxiv.org\/abs\/1712.06207<\/a><\/p>\n<p>8. Schneider A. Energy Estimates of Progressive Floor Collapses and the World Trade Center Carastrophe. Englisches Original auf dem E-Print-Server der Cornell University Library 2017; PDF-Fassung aus 2018, aufzurufen unter:<br \/>\n<a href=\"https:\/\/arxiv.org\/abs\/1712.06183\">https:\/\/arxiv.org\/abs\/1712.06183<\/a><\/p>\n<p>9. Schneider A. The Crush Down Equation for Non-Constant Velocity Profiles. Englisches Original auf dem E-Print-Server der Cornell University Library 2017; PDF-Fassung von 2018, aufzurufen unter:<br \/>\n<a href=\"https:\/\/arxiv.org\/abs\/1712.06188\">https:\/\/arxiv.org\/abs\/1712.06188<\/a><\/p>\n<p>10. Schneider A. Der 11. September 2001 und die Wissenschaft. Vortrag am 12.12.2019 in Wien. Hochgeladen von der Gruppe 42.<br \/>\n<a href=\"https:\/\/www.youtube.com\/watch?v=ICgr-Lg7Yvw\">https:\/\/www.youtube.com\/watch?v=ICgr-Lg7Yvw<\/a><\/p>\n<p>11. Schall T. Eine Auseinandersetzung mit der offiziellen Erkl\u00e4rung des Kollapses von World Trade Center 7 am 11. September 2001. Bachelor-Thesis, eingereicht am 21.6.2019 an der Hochschule f\u00fcr Technik, Stuttgart. <a href=\"https:\/\/www.siper.ch\/assets\/uploads\/files\/dokumente\/Tim%20Schall%20%282019%29%20%20Eine%20Auseinandersetzung%20mit%20der%20offiziellen%20Erklaerung%20des%20Kollapses%20von%20World%20Trade%20Center%207%20am%2011.%20September%202001.pdf\">https:\/\/www.siper.ch<\/a><\/p>\n<p>12. Hulsey L, et al. A Structural Reevaluation of the Collapse of World Trade Center 7. Draft. Department of Civil and Environmental Engineering, University of Alaska, Fairbanks, September 2019<br \/>\n<a href=\"http:\/\/ine.uaf.edu\/wtc7\">http:\/\/ine.uaf.edu\/wtc7<\/a><\/p>\n<p><em>\u00a0<\/em><\/p>\n<hr \/>\n<p><span style=\"font-size: 10pt;\">Bild: Ansgar Schneider bei seinem 9\/11-Vortrag am 11. Oktober 2019 in Aachen<br \/>\nFoto: \u00a9 arbeiterfotografie.com<\/span><\/p>\n<p>&nbsp;<\/p>\n","protected":false},"excerpt":{"rendered":"<p><b>Beitrag von Klaus-Dieter Kolenda<\/b> \u00fcber einen <b>Video-Vortrag von Ansgar Schneider<\/b> zur Operation 9\/11 aus physikalischer Sicht.<br \/>\nIn dem Video werden &#8230; die heute vorliegenden naturwissenschaftliche Erkenntnisse \u00fcber die Zerst\u00f6rung des World Trade Centers in New York detailliert und in einer Art und Weise behandelt, dass diese auch von naturwissenschaftlichen Laien gut zu verstehen und nachzuvollziehen sind. &#8230; In den anschlie\u00dfenden ca. 60 Minuten stellt Schneider in \u00fcberzeugender Weise dar, wie und mit welchen Werkzeugen in unseren Leitmedien und im vorherrschenden akademischen Diskurs mit dem 11. September, diesem zentralen historischen Ereignis des beginnenden 21. Jahrhunderts, verleumderische und gegenaufkl\u00e4rerische Propaganda betrieben wird.<\/p>\n","protected":false},"author":3,"featured_media":7495,"comment_status":"closed","ping_status":"closed","sticky":false,"template":"","format":"standard","meta":{"colormag_page_container_layout":"default_layout","colormag_page_sidebar_layout":"default_layout","advanced_seo_description":"","jetpack_seo_html_title":"","jetpack_seo_noindex":false,"jetpack_post_was_ever_published":false,"footnotes":""},"categories":[12],"tags":[414,211,1235,637,1130,123],"class_list":["post-7494","post","type-post","status-publish","format-standard","has-post-thumbnail","hentry","category-demokratie-medien-aufklaerung","tag-414","tag-aufklaerung","tag-physik","tag-propaganda","tag-verleumdung","tag-wissenschaft"],"jetpack_featured_media_url":"https:\/\/i0.wp.com\/www.freidenker.org\/fw17\/wp-content\/uploads\/2020\/02\/ansgar_schneider_2019-10-11-1-0396_800x445.jpg?fit=800%2C445&ssl=1","jetpack_shortlink":"https:\/\/wp.me\/p9stpK-1WS","jetpack-related-posts":[{"id":23498,"url":"https:\/\/www.freidenker.org\/?p=23498","url_meta":{"origin":7494,"position":0},"title":"Daten, welche Daten?","author":"Webredaktion","date":"8. November 2025","format":false,"excerpt":"Der n\u00e4chste Skandal des Paul-Ehrlich-Instituts in der \"Corona-Aufarbeitung\" Beitrag von Bernhard Loyen Die wesentlichen Aufdeckungen und Enth\u00fcllungen zu den Themen der mutwilligen N\u00f6tigung von Politik und zuarbeitenden Medien in drei langen Jahren, der rigiden inhumanen Ma\u00dfnahmenpolitik mit Ans\u00e4tzen totalit\u00e4rer Neigungen und Absichten sowie dem selbstverst\u00e4ndlichen Agieren, also Zuarbeiten, eines Gro\u00dfteils\u2026","rel":"","context":"In &quot;Demokratie \u2013 Medien \u2013 Aufkl\u00e4rung&quot;","block_context":{"text":"Demokratie \u2013 Medien \u2013 Aufkl\u00e4rung","link":"https:\/\/www.freidenker.org\/?cat=12"},"img":{"alt_text":"","src":"https:\/\/i0.wp.com\/www.freidenker.org\/fw17\/wp-content\/uploads\/2025\/11\/Paul_Ehrlich_Institut_800x450.jpg?fit=800%2C450&ssl=1&resize=350%2C200","width":350,"height":200,"srcset":"https:\/\/i0.wp.com\/www.freidenker.org\/fw17\/wp-content\/uploads\/2025\/11\/Paul_Ehrlich_Institut_800x450.jpg?fit=800%2C450&ssl=1&resize=350%2C200 1x, https:\/\/i0.wp.com\/www.freidenker.org\/fw17\/wp-content\/uploads\/2025\/11\/Paul_Ehrlich_Institut_800x450.jpg?fit=800%2C450&ssl=1&resize=525%2C300 1.5x, https:\/\/i0.wp.com\/www.freidenker.org\/fw17\/wp-content\/uploads\/2025\/11\/Paul_Ehrlich_Institut_800x450.jpg?fit=800%2C450&ssl=1&resize=700%2C400 2x"},"classes":[]},{"id":18049,"url":"https:\/\/www.freidenker.org\/?p=18049","url_meta":{"origin":7494,"position":1},"title":"Offener Brief an pax christi","author":"Webredaktion","date":"29. Januar 2024","format":false,"excerpt":"Am 26.01.2024 verteilte die katholische Friedensorganisation \"pax christi\" eine E-Mail mit folgendem Inhalt: pax christi - Deutsche Sektion e.V. ruft mit auf: Schlie\u00df dich der Brandmauer gegen Rechts an!\u00a0Gegen Spaltung - F\u00fcr Demokratie Jetzt sind wir alle gefragt: Es ist unsere gemeinsame Verantwortung, als Zivilgesellschaft ein solidarisches Miteinander zu verteidigen.\u2026","rel":"","context":"In &quot;Frieden - Antifaschismus - Solidarit\u00e4t&quot;","block_context":{"text":"Frieden - Antifaschismus - Solidarit\u00e4t","link":"https:\/\/www.freidenker.org\/?cat=13"},"img":{"alt_text":"","src":"https:\/\/i0.wp.com\/www.freidenker.org\/fw17\/wp-content\/uploads\/2024\/01\/Plakat_auf_der_Demo_-Gemeinsam_gegen_Rechts-_08_800x450.jpg?fit=800%2C450&ssl=1&resize=350%2C200","width":350,"height":200,"srcset":"https:\/\/i0.wp.com\/www.freidenker.org\/fw17\/wp-content\/uploads\/2024\/01\/Plakat_auf_der_Demo_-Gemeinsam_gegen_Rechts-_08_800x450.jpg?fit=800%2C450&ssl=1&resize=350%2C200 1x, https:\/\/i0.wp.com\/www.freidenker.org\/fw17\/wp-content\/uploads\/2024\/01\/Plakat_auf_der_Demo_-Gemeinsam_gegen_Rechts-_08_800x450.jpg?fit=800%2C450&ssl=1&resize=525%2C300 1.5x, https:\/\/i0.wp.com\/www.freidenker.org\/fw17\/wp-content\/uploads\/2024\/01\/Plakat_auf_der_Demo_-Gemeinsam_gegen_Rechts-_08_800x450.jpg?fit=800%2C450&ssl=1&resize=700%2C400 2x"},"classes":[]},{"id":22168,"url":"https:\/\/www.freidenker.org\/?p=22168","url_meta":{"origin":7494,"position":2},"title":"Bodo Schiffmann: &#8222;Warum Deutschland seine Geschichte nicht aufarbeitet&#8220;","author":"Webredaktion","date":"24. Juni 2025","format":false,"excerpt":"Beitrag von Gert Ewen Ungar Bodo Schiffmann ist Arzt. Bis 2020 war seine berufliche Karriere unauff\u00e4llig. Abitur, Zivildienst, Studium, Promotion, schlie\u00dflich praktizierender Hals-Nasen-Ohren-Arzt. Dann kam Corona. Seine ma\u00dfnahmenkritische Haltung bescherte Schiffmann einen recht langen\u00a0Eintrag\u00a0auf\u00a0Wikipedia, dem jedes Bem\u00fchen um Objektivit\u00e4t fehlt. Schiffmann sei Verschw\u00f6rungstheoretiker, Querdenker, Corona-Leugner und Holocaust-Verharmloser. [...] Schiffmann ist\u2026","rel":"","context":"In &quot;Demokratie \u2013 Medien \u2013 Aufkl\u00e4rung&quot;","block_context":{"text":"Demokratie \u2013 Medien \u2013 Aufkl\u00e4rung","link":"https:\/\/www.freidenker.org\/?cat=12"},"img":{"alt_text":"","src":"https:\/\/i0.wp.com\/www.freidenker.org\/fw17\/wp-content\/uploads\/2025\/06\/Autokorso_Kellmuenz_an_der_Iller_800x450.jpg?fit=800%2C450&ssl=1&resize=350%2C200","width":350,"height":200,"srcset":"https:\/\/i0.wp.com\/www.freidenker.org\/fw17\/wp-content\/uploads\/2025\/06\/Autokorso_Kellmuenz_an_der_Iller_800x450.jpg?fit=800%2C450&ssl=1&resize=350%2C200 1x, https:\/\/i0.wp.com\/www.freidenker.org\/fw17\/wp-content\/uploads\/2025\/06\/Autokorso_Kellmuenz_an_der_Iller_800x450.jpg?fit=800%2C450&ssl=1&resize=525%2C300 1.5x, https:\/\/i0.wp.com\/www.freidenker.org\/fw17\/wp-content\/uploads\/2025\/06\/Autokorso_Kellmuenz_an_der_Iller_800x450.jpg?fit=800%2C450&ssl=1&resize=700%2C400 2x"},"classes":[]},{"id":18732,"url":"https:\/\/www.freidenker.org\/?p=18732","url_meta":{"origin":7494,"position":3},"title":"&#8222;Spiegel&#8220; beklagt Zensur und Einschr\u00e4nkung der Pressefreiheit \u2013 in Israel","author":"Webredaktion","date":"9. April 2024","format":false,"excerpt":"Beitrag von Gert Ewen Ungar \"Wer an die Pressefreiheit glaubt, muss auch abstruse Positionen der anderen aushalten, muss auf den freien Wettstreit der Meinungen vertrauen und hoffen, dass sich das plausibelste Argument am Ende durchsetzt\", schreibt der deutsche Journalist und Dokumentarfilmer Richard C. Schneider im \"Spiegel\".\u00a0Man liest es und reibt\u2026","rel":"","context":"In &quot;Demokratie \u2013 Medien \u2013 Aufkl\u00e4rung&quot;","block_context":{"text":"Demokratie \u2013 Medien \u2013 Aufkl\u00e4rung","link":"https:\/\/www.freidenker.org\/?cat=12"},"img":{"alt_text":"","src":"https:\/\/i0.wp.com\/www.freidenker.org\/fw17\/wp-content\/uploads\/2024\/04\/DER_SPIEGEL05_800x450.jpg?fit=800%2C450&ssl=1&resize=350%2C200","width":350,"height":200,"srcset":"https:\/\/i0.wp.com\/www.freidenker.org\/fw17\/wp-content\/uploads\/2024\/04\/DER_SPIEGEL05_800x450.jpg?fit=800%2C450&ssl=1&resize=350%2C200 1x, https:\/\/i0.wp.com\/www.freidenker.org\/fw17\/wp-content\/uploads\/2024\/04\/DER_SPIEGEL05_800x450.jpg?fit=800%2C450&ssl=1&resize=525%2C300 1.5x, https:\/\/i0.wp.com\/www.freidenker.org\/fw17\/wp-content\/uploads\/2024\/04\/DER_SPIEGEL05_800x450.jpg?fit=800%2C450&ssl=1&resize=700%2C400 2x"},"classes":[]},{"id":8531,"url":"https:\/\/www.freidenker.org\/?p=8531","url_meta":{"origin":7494,"position":4},"title":"Politisch-moralische Zweckpropaganda: Ein neues Buch \u00fcber den \u201eHitler-Stalin-Pakt\u201c","author":"Webredaktion","date":"15. August 2020","format":false,"excerpt":"Rezension von Holger Michael \u201eDer Pakt \u2013 Stalin, Hitler und die Geschichte einer m\u00f6rderischen Allianz\u201c hei\u00dft das neueste Buch der Historikerin Claudia Weber. Die Monographie, 2019 erschienen im Verlag C.H.Beck, gilt in den meisten Medien als der Weisheit letzter Schluss zum sogenannten Hitler-Stalin-Pakt. Deshalb erscheint es notwendig, einen kritischen Blick\u2026","rel":"","context":"In &quot;Geschichte&quot;","block_context":{"text":"Geschichte","link":"https:\/\/www.freidenker.org\/?cat=1162"},"img":{"alt_text":"","src":"https:\/\/i0.wp.com\/www.freidenker.org\/fw17\/wp-content\/uploads\/2020\/08\/hitler-stalin-pakt_buch-weber_800x450.jpg?fit=800%2C450&ssl=1&resize=350%2C200","width":350,"height":200,"srcset":"https:\/\/i0.wp.com\/www.freidenker.org\/fw17\/wp-content\/uploads\/2020\/08\/hitler-stalin-pakt_buch-weber_800x450.jpg?fit=800%2C450&ssl=1&resize=350%2C200 1x, https:\/\/i0.wp.com\/www.freidenker.org\/fw17\/wp-content\/uploads\/2020\/08\/hitler-stalin-pakt_buch-weber_800x450.jpg?fit=800%2C450&ssl=1&resize=525%2C300 1.5x, https:\/\/i0.wp.com\/www.freidenker.org\/fw17\/wp-content\/uploads\/2020\/08\/hitler-stalin-pakt_buch-weber_800x450.jpg?fit=800%2C450&ssl=1&resize=700%2C400 2x"},"classes":[]},{"id":14248,"url":"https:\/\/www.freidenker.org\/?p=14248","url_meta":{"origin":7494,"position":5},"title":"Die Kirche des Guten","author":"Webredaktion","date":"28. September 2022","format":false,"excerpt":"Beitrag von Sebastian Bahlo aus FREIDENKER 1-22 und Video eines Vortrages am 10.09.2022 in Berlin Gem\u00e4\u00df dem vom Verbandsvorstand beschlossenen Plan widmet sich dieses Heft einem Schwerpunkt aus unserem Arbeitsgebiet Religionskritik. Mitten im Herstellungsproze\u00df trafen uns weltpolitische Ereignisse, die erstens \u201ewichtiger\u201c und dr\u00e4ngender erscheinen, das Denken, die Diskussionen und die\u2026","rel":"","context":"In &quot;Religions- &amp; Kirchenkritik, S\u00e4kulare Szene&quot;","block_context":{"text":"Religions- &amp; Kirchenkritik, S\u00e4kulare Szene","link":"https:\/\/www.freidenker.org\/?cat=15"},"img":{"alt_text":"","src":"https:\/\/i0.wp.com\/www.freidenker.org\/fw17\/wp-content\/uploads\/2022\/09\/Sebastian-Bahlo1_800x450.jpg?fit=800%2C450&ssl=1&resize=350%2C200","width":350,"height":200,"srcset":"https:\/\/i0.wp.com\/www.freidenker.org\/fw17\/wp-content\/uploads\/2022\/09\/Sebastian-Bahlo1_800x450.jpg?fit=800%2C450&ssl=1&resize=350%2C200 1x, https:\/\/i0.wp.com\/www.freidenker.org\/fw17\/wp-content\/uploads\/2022\/09\/Sebastian-Bahlo1_800x450.jpg?fit=800%2C450&ssl=1&resize=525%2C300 1.5x, https:\/\/i0.wp.com\/www.freidenker.org\/fw17\/wp-content\/uploads\/2022\/09\/Sebastian-Bahlo1_800x450.jpg?fit=800%2C450&ssl=1&resize=700%2C400 2x"},"classes":[]}],"_links":{"self":[{"href":"https:\/\/www.freidenker.org\/index.php?rest_route=\/wp\/v2\/posts\/7494","targetHints":{"allow":["GET"]}}],"collection":[{"href":"https:\/\/www.freidenker.org\/index.php?rest_route=\/wp\/v2\/posts"}],"about":[{"href":"https:\/\/www.freidenker.org\/index.php?rest_route=\/wp\/v2\/types\/post"}],"author":[{"embeddable":true,"href":"https:\/\/www.freidenker.org\/index.php?rest_route=\/wp\/v2\/users\/3"}],"replies":[{"embeddable":true,"href":"https:\/\/www.freidenker.org\/index.php?rest_route=%2Fwp%2Fv2%2Fcomments&post=7494"}],"version-history":[{"count":0,"href":"https:\/\/www.freidenker.org\/index.php?rest_route=\/wp\/v2\/posts\/7494\/revisions"}],"wp:featuredmedia":[{"embeddable":true,"href":"https:\/\/www.freidenker.org\/index.php?rest_route=\/wp\/v2\/media\/7495"}],"wp:attachment":[{"href":"https:\/\/www.freidenker.org\/index.php?rest_route=%2Fwp%2Fv2%2Fmedia&parent=7494"}],"wp:term":[{"taxonomy":"category","embeddable":true,"href":"https:\/\/www.freidenker.org\/index.php?rest_route=%2Fwp%2Fv2%2Fcategories&post=7494"},{"taxonomy":"post_tag","embeddable":true,"href":"https:\/\/www.freidenker.org\/index.php?rest_route=%2Fwp%2Fv2%2Ftags&post=7494"}],"curies":[{"name":"wp","href":"https:\/\/api.w.org\/{rel}","templated":true}]}}