{"id":7481,"date":"2020-01-29T14:41:57","date_gmt":"2020-01-29T13:41:57","guid":{"rendered":"https:\/\/www.freidenker.org\/?p=7481"},"modified":"2020-02-17T01:38:55","modified_gmt":"2020-02-17T00:38:55","slug":"keine-bedrohung-dann-schaff-eine","status":"publish","type":"post","link":"https:\/\/www.freidenker.org\/?p=7481","title":{"rendered":"\u201eKeine Bedrohung? Dann schaff eine!\u201c"},"content":{"rendered":"<h4>Ex-DDR-Spion erkl\u00e4rt Zweck von Nato-Gro\u00df\u00fcbungen<\/h4>\n<p><em>Interview mit <strong>Rainer Rupp<\/strong> von <strong>Paul Linke<\/strong><\/em><\/p>\n<p><em>(Erstver\u00f6ffentlichung auf <a href=\"https:\/\/de.sputniknews.com\/politik\/20200128326382876-nato-manoever-ziel\/\" target=\"_blank\" rel=\"noopener noreferrer\">Sputniknews.com am 02.01.2020<\/a>)<\/em><\/p>\n<p><strong>Auf dem H\u00f6hepunkt des Kalten Krieges arbeitete Rainer Rupp in einer f\u00fchrenden Position f\u00fcr die Nato. Dabei verhinderte er durch seine Informanten-T\u00e4tigkeit f\u00fcr die DDR m\u00f6glicherweise einen Atomkrieg. 37 Jahre danach warnt der Ex-Spion vor einem \u00e4hnlichen Szenario &#8211; beim aktuellen Nato-Gro\u00dfman\u00f6ver \u201eDefender Europe 2020\u201c.<\/strong><\/p>\n<p>Die gr\u00f6\u00dfte Truppenverlegung der USA nach Europa seit dem Ende des Kalten Krieges hat bereits begonnen. Von Januar bis Mai 2020 <a href=\"https:\/\/de.sputniknews.com\/politik\/20200120326357737-defender-2020-kriegsvorbereitung\/\" target=\"_blank\" rel=\"noopener noreferrer\">findet auch auf deutschem Boden<\/a> das US-Verlege- und Logistikman\u00f6ver \u201eDefender Europe 2020\u201c statt.\u00a0Im Rahmen der Gro\u00df\u00fcbung sollen rund 20.000 Soldaten von den USA quer durch Deutschland nach Osteuropa verlegt werden. Dar\u00fcber hinaus sind mehrere weitere \u00dcbungen in Deutschland, Polen, Georgien und dem Baltikum geplant, so dass insgesamt 37.000 Soldaten aus 18 Nationen beteiligt sind.<\/p>\n<p>Das Nato-Man\u00f6ver erinnert den ehemaligen DDR-Spion, Rainer Rupp, an l\u00e4ngst vergangene, angespannte Zeiten. Die Gefahr einer Eskalation steige, warnt Rupp. \u201eGerade bei solchen <a href=\"https:\/\/de.sputniknews.com\/kommentare\/20200124326372745-defender-2020-manoever-kritik\/\" target=\"_blank\" rel=\"noopener noreferrer\">Aktionen wie \u201aDefender\u2018<\/a>, aber auch allen anderen Man\u00f6vern, die ja nicht weniger gef\u00e4hrlich sind, k\u00f6nnen tats\u00e4chlich wieder Situationen entstehen, wo man nicht gewollt in eine kriegs\u00e4hnliche Situation hineinschlittern k\u00f6nnte. Dann w\u00e4ren wir in einer Situation wie zu Zeiten des Kalten Krieges. Denn Nuklearwaffen stehen nach wie vor hier. Und wenn die Amerikaner einen gr\u00f6\u00dferen Verlust haben, dann besteht die Gefahr, dass sie diese auch einsetzen.\u201c \u201eDefender 2020\u201c sei zwar das gr\u00f6\u00dfte, aber nicht das einzige Man\u00f6ver: Mit zunehmender Gr\u00f6\u00dfe, Umfang und Frequenz gebe es seit einigen Jahren immer mehr Milit\u00e4rman\u00f6ver an der Grenze zu Russland.<\/p>\n<h4>Verurteilter \u201eLandesverr\u00e4ter\u201c rettete die Menschheit?<\/h4>\n<p>Unter dem Decknamen \u201eTopas\u201c war Rainer Rupp von 1977 bis 1993 in der Politischen Abteilung des Nato-Hauptquartiers in Br\u00fcssel t\u00e4tig. Zu seinen Aufgaben z\u00e4hlte unter anderem der Vorsitz der \u201eCurrent Intelligence Group\u201c (CIG) im Nato-Lagezentrum. Als \u201eNervenzentrum\u201c des B\u00fcndnisses bezeichnet Rupp die Abteilung, \u201ein der alle Nervenstr\u00e4nge der Nato zusammenliefen\u201c. Dadurch war er nach eigenen Angaben in der Lage, alle aktuellen Entwicklungen, die eventuell auf einen nuklearen \u00dcberraschungsschlag der Nato hingewiesen h\u00e4tten, rechtzeitig zu erkennen sowie nach Ostberlin zu \u00fcbermitteln, <a href=\"https:\/\/www.mfs-insider.de\/Presse\/Rupp.htm\" target=\"_blank\" rel=\"nofollow noopener noreferrer\">schreibt<\/a> Rupp in einer\u00a0\u201eJunge Welt\u201c-Kolumne.<\/p>\n<p>Wegen des Nato-Gro\u00dfman\u00f6vers \u201eAble Archer 83\u201c, das einen Atomkrieg simulieren sollte, seien die sowjetischen Nuklearstreitkr\u00e4fte im Jahr 1983 in Alarmzustand versetzt worden. Mit den Informationen der Hauptverwaltung Aufkl\u00e4rung (HVA, Nachrichtendienst der DDR &#8211; Anm. d. Red.), f\u00fcr das Rupp wichtige Informationen aus dem Nato-Hauptquartier bereitstellte, soll Moskau beruhigt worden sein, dass kein Angriff seitens der Nato bevorstehe. Somit k\u00f6nnte Rupp m\u00f6glicherweise einen Atomkrieg verhindert haben. Im Jahr 1994 wurde er wegen \u201eLandesverrats\u201c zu zw\u00f6lf Jahren Freiheitsstrafe verurteilt. Seit seiner Entlassung im Jahr 2000 ist er als Publizist t\u00e4tig.<\/p>\n<h4>Was steckt hinter \u201eDefender 2020\u201c?<\/h4>\n<p>Begr\u00fcndet wird die Notwendigkeit des Nato-Man\u00f6vers mit der \u201eVer\u00e4nderung der sicherheitspolitischen Lage seit 2014 mit einer m\u00f6glichen Bedrohung der Sicherheit, insbesondere unserer B\u00fcndnispartner in Osteuropa\u201c, wie Verteidigungsministerin Annegret Kramp-Karrenbauer mitteilte.<\/p>\n<blockquote class=\"marker-quote1\"><p>\u201eWenn Spannungen nicht da sind, dann macht man das mit einem gro\u00dfen Man\u00f6ver\u201c, emp\u00f6rt sich der Nato-Kritiker: \u201eWenn wir uns heute \u00fcberlegen, wo Bundeswehrsoldaten diesmal mit den Amis stehen &#8211; n\u00e4mlich an der Grenze zu Russland in Estland, rund 160 Kilometer entfernt von St. Petersburg. Das ist eine Schande! Gerade die Gro\u00dfv\u00e4ter der Bundeswehrsoldaten, haben damals St. Petersburg \u00fcber ein Jahr belagert. Eine Million Tote, meistens Zivilisten ausgehungert. Und heute stehen sie f\u00fcr die Freiheit, obwohl sie von Russland nicht bedroht werden. Das ist ein Irrwitz.\u201c Das ergebe weder politisch noch strategisch noch \u00f6konomisch irgendeinen Sinn, bem\u00e4ngelt Rupp.<\/p><\/blockquote>\n<p class=\"\">Er sieht andere Gr\u00fcnde f\u00fcr die neuerliche Gro\u00df\u00fcbung: \u201eWenn keine Bedrohung da ist, muss die Bedrohung geschaffen werden, damit die Nato ihren Sinn und Zweck erf\u00fcllt.\u201c Hinter dem konstruierten Bedrohungsszenario, Russland als Aggressor, vermutet er die Vereinigten Staaten. \u201eEiner der Hauptzwecke der Nato war seit ihrer Gr\u00fcndung, den Vereinigten Staaten im Rahmen der Nato in den F\u00fchrersitz der Sicherheitspolitik und dar\u00fcber hinaus in die Innenpolitiken der europ\u00e4ischen L\u00e4nder zu verhelfen.\u201c Die F\u00fchrungsmacht der Nato seien die USA. Und \u00fcber die Nato k\u00f6nne man Einfluss auf die Innen- und Wirtschaftspolitik der EU-Staaten nehmen, erkl\u00e4rt der Milit\u00e4r-Experte. \u201eDie USA sollten eigentlich in Europa nichts zu sagen haben &#8211;\u00a0 erst recht nicht nach dem Ende des Kalten Krieges. Aber mit der Hilfe der Nato konnte man sich als USA dann doch nochmal hin\u00fcberretten.\u201c Das sei auch der Sinn und Zweck des Krieges gegen Jugoslawien gewesen, meint der Ex-Agent.<\/p>\n<h4>\u201eLeidtragende sind immer die Europ\u00e4er\u201c<\/h4>\n<p class=\"\">Er warnt: F\u00fcr die europ\u00e4ische Sicherheitspolitik seien die USA h\u00f6chstgef\u00e4hrlich. \u201eAb 2010 fing der Sinn und Zweck der Nato an, zu br\u00f6ckeln. Das B\u00fcndnis brachte nichts mehr zustande.\u201c Das habe man in Libyen und an weiteren Operationen beobachten k\u00f6nnen. In Libyen seien bei weitem nicht alle Nato-Partner dabei gewesen. Die Kontrolle der USA auf Europa sei dadurch nach und nach verloren gegangen. Zudem h\u00e4tte Washington angek\u00fcndigt, sich mehr nach Asien auszurichten. Vor dem Hintergrund des Kontrollverlustes m\u00fcsse man Spannungen wieder sch\u00fcren, ist Rupp \u00fcberzeugt.<\/p>\n<p>\u201eIch habe diese Szenarien wie &#8218;WINTEX&#8216; (Stabsrahmen\u00fcbung der Nato von 1968 bis 1998 \u2013 Anm. d. Red.) in unseren Kriegsspielen immer nachgespielt in einer f\u00fchrenden Position.\u201c Doch die Leidtragenden eines solchen Kriegsszenarios seien immer die Europ\u00e4er gewesen, erkl\u00e4rt der Ex-Spion. \u201eBei der Nuklear-Strategie der Vereinigten Staaten mit den begrenzten Nuklear-Kriegen, die sie ja nicht aufgegeben haben und die ja immer noch Teil der Nato-Doktrin sind, damals gegen Sowjetunion, heute gegen Russland, gab es in deren Theorie nie, nie, nie, einen R\u00fcckschlag auf die USA &#8211; nur in einem strategischen Schlagabtausch. Aber der sollte ja immer verhindert werden und vorher sollte Frieden geschlossen werden\u201c, so Rupp. Man habe immer versucht, diese Drohszenarien in politisches Kapital umzum\u00fcnzen. Und genau das w\u00fcrden die Amerikaner heute mit \u201eDefender 2020\u201c versuchen. Defender sei \u00fcbrigens der falsche Ausdruck, bemerkt der Nato-Kritiker. \u201eInvader sollte die \u00dcbung genannt werden.\u201c<\/p>\n<p style=\"text-align: right;\"><em>Rainer Rupp ist Mitglied des Beirats des Deutschen Freidenker-Verbandes<\/em><\/p>\n<p style=\"text-align: right;\"><em>Paul Linke ist Moderator, Redakteur und Soundproducer bei <a href=\"https:\/\/de.sputniknews.com\/\" target=\"_blank\" rel=\"noopener noreferrer\">Sputnik Deutschland<\/a><\/em><\/p>\n<p>&nbsp;<\/p>\n<h5>Das Interview mit Rainer Rupp zum Nachh\u00f6ren:<\/h5>\n<h5><iframe loading=\"lazy\" src=\"https:\/\/w.soundcloud.com\/player\/?url=https%3A\/\/api.soundcloud.com\/tracks\/750475108&amp;color=ff5500&amp;auto_play=false&amp;hide_related=false&amp;show_comments=true&amp;show_user=true&amp;show_reposts=false\" width=\"100%\" height=\"166\" frameborder=\"no\" scrolling=\"no\"><\/iframe><\/h5>\n<hr \/>\n<p><span style=\"font-size: 10pt;\">Bild: Soldiers from 3rd Platoon 1-23 Inf. maneuver through a water-treatment facility. (2008), <\/span><span style=\"font-size: 10pt;\">Lizenz: Public Domain<\/span><br \/>\n<span style=\"font-size: 10pt;\">Quelle: https:\/\/commons.wikimedia.org\/wiki\/File:Flickr_-_The_U.S._Army_-_www.Army.mil_(262).jpg<\/span><\/p>\n","protected":false},"excerpt":{"rendered":"<p><b>Ex-DDR-Spion erkl\u00e4rt Zweck von Nato-Gro\u00df\u00fcbungen &#8211; Interview mit Rainer Rupp von Paul Linke<\/b><br \/>\nAuf dem H\u00f6hepunkt des Kalten Krieges arbeitete Reiner Rupp in einer f\u00fchrenden Position f\u00fcr die Nato. Dabei verhinderte er durch seine Informanten-T\u00e4tigkeit f\u00fcr die DDR m\u00f6glicherweise einen Atomkrieg. 37 Jahre danach warnt der Ex-Spion vor einem \u00e4hnlichen Szenario &#8211; beim aktuellen Nato-Gro\u00dfman\u00f6ver \u201eDefender Europe 2020\u201c. &#8230;<br \/>\nDas Nato-Man\u00f6ver erinnert den ehemaligen DDR-Spion, Rainer Rupp, an l\u00e4ngst vergangene, angespannte Zeiten. Die Gefahr einer Eskalation steige, warnt Rupp. <\/p>\n","protected":false},"author":3,"featured_media":7484,"comment_status":"closed","ping_status":"closed","sticky":false,"template":"","format":"standard","meta":{"colormag_page_container_layout":"default_layout","colormag_page_sidebar_layout":"default_layout","advanced_seo_description":"","jetpack_seo_html_title":"","jetpack_seo_noindex":false,"jetpack_post_was_ever_published":false,"footnotes":""},"categories":[13],"tags":[1061,1232,1207,56,934],"class_list":["post-7481","post","type-post","status-publish","format-standard","has-post-thumbnail","hentry","category-frieden-antifaschismus-solidaritaet","tag-atomwaffen","tag-defender-2020","tag-manoever","tag-nato","tag-rainer-rupp"],"jetpack_featured_media_url":"https:\/\/i0.wp.com\/www.freidenker.org\/fw17\/wp-content\/uploads\/2020\/02\/The_U.S._Army_-_www.Army_.mil_262_800x445.jpg?fit=800%2C445&ssl=1","jetpack_shortlink":"https:\/\/wp.me\/p9stpK-1WF","jetpack-related-posts":[{"id":7712,"url":"https:\/\/www.freidenker.org\/?p=7712","url_meta":{"origin":7481,"position":0},"title":"\u201eUSA und Nato \u00fcben Angriffskrieg gegen Russland\u201c","author":"Webredaktion","date":"17. M\u00e4rz 2020","format":false,"excerpt":"Bericht von Tilo Gr\u00e4ser \u00fcber einen Vortrag von Rainer Rupp Hinter der neuen Konfrontationspolitik der f\u00fchrenden westlichen Staaten gegen\u00fcber Russland, aber auch gegen China, stecken alte Gedanken. Das machte Rainer Rupp, ehemaliger Top-Spion der DDR bei der Nato, am Mittwoch in Berlin deutlich. Darauf beruhen aus seiner Sicht auch die\u2026","rel":"","context":"In &quot;Frieden - Antifaschismus - Solidarit\u00e4t&quot;","block_context":{"text":"Frieden - Antifaschismus - Solidarit\u00e4t","link":"https:\/\/www.freidenker.org\/?cat=13"},"img":{"alt_text":"","src":"https:\/\/i0.wp.com\/www.freidenker.org\/fw17\/wp-content\/uploads\/2020\/03\/rupp_berlin_2020_800x445.jpg?fit=800%2C445&ssl=1&resize=350%2C200","width":350,"height":200,"srcset":"https:\/\/i0.wp.com\/www.freidenker.org\/fw17\/wp-content\/uploads\/2020\/03\/rupp_berlin_2020_800x445.jpg?fit=800%2C445&ssl=1&resize=350%2C200 1x, https:\/\/i0.wp.com\/www.freidenker.org\/fw17\/wp-content\/uploads\/2020\/03\/rupp_berlin_2020_800x445.jpg?fit=800%2C445&ssl=1&resize=525%2C300 1.5x, https:\/\/i0.wp.com\/www.freidenker.org\/fw17\/wp-content\/uploads\/2020\/03\/rupp_berlin_2020_800x445.jpg?fit=800%2C445&ssl=1&resize=700%2C400 2x"},"classes":[]},{"id":24789,"url":"https:\/\/www.freidenker.org\/?p=24789","url_meta":{"origin":7481,"position":1},"title":"Iran dr\u00e4ngt die USA aus dem Golf \u2013 Das ver\u00e4ndert alles!","author":"Webredaktion","date":"3. April 2026","format":false,"excerpt":"Video-Interview von Pascal Lottaz mit Rainer Rupp Trotz des ganzen Aufsehens um eine Bodeninvasion des Iran sprechen die Truppenabz\u00fcge aus der Region eine andere Sprache. Der Iran steht kurz davor, die Amerikaner aus der gesamten Golfregion zu vertreiben \u2013 ein Beweis daf\u00fcr, dass der US-\/israelische Angriffskrieg gegen den Iran auf\u2026","rel":"","context":"In &quot;Aktuelles&quot;","block_context":{"text":"Aktuelles","link":"https:\/\/www.freidenker.org\/?cat=574"},"img":{"alt_text":"","src":"https:\/\/i0.wp.com\/www.freidenker.org\/fw17\/wp-content\/uploads\/2026\/04\/rainer_rupp_bei_pascal_lottaz_800x450.jpg?fit=800%2C450&ssl=1&resize=350%2C200","width":350,"height":200,"srcset":"https:\/\/i0.wp.com\/www.freidenker.org\/fw17\/wp-content\/uploads\/2026\/04\/rainer_rupp_bei_pascal_lottaz_800x450.jpg?fit=800%2C450&ssl=1&resize=350%2C200 1x, https:\/\/i0.wp.com\/www.freidenker.org\/fw17\/wp-content\/uploads\/2026\/04\/rainer_rupp_bei_pascal_lottaz_800x450.jpg?fit=800%2C450&ssl=1&resize=525%2C300 1.5x, https:\/\/i0.wp.com\/www.freidenker.org\/fw17\/wp-content\/uploads\/2026\/04\/rainer_rupp_bei_pascal_lottaz_800x450.jpg?fit=800%2C450&ssl=1&resize=700%2C400 2x"},"classes":[]},{"id":4455,"url":"https:\/\/www.freidenker.org\/?p=4455","url_meta":{"origin":7481,"position":2},"title":"Die NATO und die atomare Bedrohung","author":"Webredaktion","date":"13. Februar 2018","format":false,"excerpt":"Vortrag und Diskussion mit Rainer Rupp am 18.02.2018 in Frankfurt am Main. Der NATO-Insider, Volkswirt und Journalist Rainer Rupp beleuchtet die nukleare Strategie des nordatlantischen Kriegsb\u00fcndnisses. Er berichtet von seiner Rolle in der durch das Able-Archer-Maneuver Anfang der 1980er Jahre provozierten Krise, als er entscheidend dazu beitrug, die Menschheit vor\u2026","rel":"","context":"In &quot;Frieden - Antifaschismus - Solidarit\u00e4t&quot;","block_context":{"text":"Frieden - Antifaschismus - Solidarit\u00e4t","link":"https:\/\/www.freidenker.org\/?cat=13"},"img":{"alt_text":"","src":"https:\/\/i0.wp.com\/www.freidenker.org\/fw17\/wp-content\/uploads\/2018\/02\/Rainer_Rupp_800x445.jpg?fit=800%2C445&ssl=1&resize=350%2C200","width":350,"height":200,"srcset":"https:\/\/i0.wp.com\/www.freidenker.org\/fw17\/wp-content\/uploads\/2018\/02\/Rainer_Rupp_800x445.jpg?fit=800%2C445&ssl=1&resize=350%2C200 1x, https:\/\/i0.wp.com\/www.freidenker.org\/fw17\/wp-content\/uploads\/2018\/02\/Rainer_Rupp_800x445.jpg?fit=800%2C445&ssl=1&resize=525%2C300 1.5x, https:\/\/i0.wp.com\/www.freidenker.org\/fw17\/wp-content\/uploads\/2018\/02\/Rainer_Rupp_800x445.jpg?fit=800%2C445&ssl=1&resize=700%2C400 2x"},"classes":[]},{"id":7721,"url":"https:\/\/www.freidenker.org\/?p=7721","url_meta":{"origin":7481,"position":3},"title":"Galerie: Protestaktion in Burg","author":"Webredaktion","date":"18. M\u00e4rz 2020","format":false,"excerpt":"F\u00fcr das 1. Halbjahr 2020 war mit dem US-Man\u00f6ver \"Defender Europe 20\" und NATO-Begleitman\u00f6vern der gr\u00f6\u00dfte Truppenaufmarsch seit dem vorgeblichen Ende des \"Kalten Krieges\" geplant. ... \"Dank Corona\" wurde diese Provokation zun\u00e4chst \"eingefroren\", inzwischen \"weitgehend\" abgesagt, w\u00f6rtlich \"in Gr\u00f6\u00dfe und Ausdehnung modifiziert\". ... Unabh\u00e4ngig von dieser Entwicklung haben Mitglieder des\u2026","rel":"","context":"In &quot;Frieden - Antifaschismus - Solidarit\u00e4t&quot;","block_context":{"text":"Frieden - Antifaschismus - Solidarit\u00e4t","link":"https:\/\/www.freidenker.org\/?cat=13"},"img":{"alt_text":"","src":"https:\/\/i0.wp.com\/www.freidenker.org\/fw17\/wp-content\/uploads\/2020\/03\/burg_03_800x445_v2.jpg?fit=800%2C445&ssl=1&resize=350%2C200","width":350,"height":200,"srcset":"https:\/\/i0.wp.com\/www.freidenker.org\/fw17\/wp-content\/uploads\/2020\/03\/burg_03_800x445_v2.jpg?fit=800%2C445&ssl=1&resize=350%2C200 1x, https:\/\/i0.wp.com\/www.freidenker.org\/fw17\/wp-content\/uploads\/2020\/03\/burg_03_800x445_v2.jpg?fit=800%2C445&ssl=1&resize=525%2C300 1.5x, https:\/\/i0.wp.com\/www.freidenker.org\/fw17\/wp-content\/uploads\/2020\/03\/burg_03_800x445_v2.jpg?fit=800%2C445&ssl=1&resize=700%2C400 2x"},"classes":[]},{"id":7524,"url":"https:\/\/www.freidenker.org\/?p=7524","url_meta":{"origin":7481,"position":4},"title":"Vortrag und Diskussion am 08.02.2020: NATO macht mobil \u2013 gegen Russland","author":"Webredaktion","date":"5. Februar 2020","format":false,"excerpt":"Einladung zu Vortrag und Diskussion mit Klaus Hartmann, Bundesvorsitzender des Deutschen Freidenker-Verbandes am Samstag, den 8. Februar 2020, 14.00 Uhr in Frankfurt a.M. Von Januar bis Mai 2020 planen die USA und NATO-Staaten ein Gro\u00dfman\u00f6ver zur trans\u00adatlantischen Mobilmachung gegen Russland. Eine Invasion von 20.000 US-Soldaten ver\u00adst\u00e4rkt die bereits stationierten 17.000,\u2026","rel":"","context":"In &quot;Frieden - Antifaschismus - Solidarit\u00e4t&quot;","block_context":{"text":"Frieden - Antifaschismus - Solidarit\u00e4t","link":"https:\/\/www.freidenker.org\/?cat=13"},"img":{"alt_text":"","src":"https:\/\/i0.wp.com\/www.freidenker.org\/fw17\/wp-content\/uploads\/2020\/02\/hartmann_vortrag_800x445.jpg?fit=800%2C445&ssl=1&resize=350%2C200","width":350,"height":200,"srcset":"https:\/\/i0.wp.com\/www.freidenker.org\/fw17\/wp-content\/uploads\/2020\/02\/hartmann_vortrag_800x445.jpg?fit=800%2C445&ssl=1&resize=350%2C200 1x, https:\/\/i0.wp.com\/www.freidenker.org\/fw17\/wp-content\/uploads\/2020\/02\/hartmann_vortrag_800x445.jpg?fit=800%2C445&ssl=1&resize=525%2C300 1.5x, https:\/\/i0.wp.com\/www.freidenker.org\/fw17\/wp-content\/uploads\/2020\/02\/hartmann_vortrag_800x445.jpg?fit=800%2C445&ssl=1&resize=700%2C400 2x"},"classes":[]},{"id":12128,"url":"https:\/\/www.freidenker.org\/?p=12128","url_meta":{"origin":7481,"position":5},"title":"&#8222;Das war nicht das Ende der Geschichte!&#8220;","author":"Webredaktion","date":"31. Januar 2022","format":false,"excerpt":"Werner Gro\u00dfmann, der letzte Chef der DDR-Auslandsaufkl\u00e4rung im Rang eines Generalobersts, ist am 28. Januar nach kurzer, aber schwerer Krankheit verstorben. Mit seinen 92 Jahren war er bis zuletzt bei Gespr\u00e4chen am Krankenbett mit glasklarem Verstand und ungetr\u00fcbten Erinnerungen gesegnet. Nachruf von Rainer Rupp und Karl Rehbaum Mit Gro\u00dfmann ist\u2026","rel":"","context":"In &quot;Weltliche Trauerkultur&quot;","block_context":{"text":"Weltliche Trauerkultur","link":"https:\/\/www.freidenker.org\/?cat=17"},"img":{"alt_text":"","src":"https:\/\/i0.wp.com\/www.freidenker.org\/fw17\/wp-content\/uploads\/2022\/01\/werner_grossmann_mR_800x445.jpg?fit=800%2C445&ssl=1&resize=350%2C200","width":350,"height":200,"srcset":"https:\/\/i0.wp.com\/www.freidenker.org\/fw17\/wp-content\/uploads\/2022\/01\/werner_grossmann_mR_800x445.jpg?fit=800%2C445&ssl=1&resize=350%2C200 1x, https:\/\/i0.wp.com\/www.freidenker.org\/fw17\/wp-content\/uploads\/2022\/01\/werner_grossmann_mR_800x445.jpg?fit=800%2C445&ssl=1&resize=525%2C300 1.5x, https:\/\/i0.wp.com\/www.freidenker.org\/fw17\/wp-content\/uploads\/2022\/01\/werner_grossmann_mR_800x445.jpg?fit=800%2C445&ssl=1&resize=700%2C400 2x"},"classes":[]}],"_links":{"self":[{"href":"https:\/\/www.freidenker.org\/index.php?rest_route=\/wp\/v2\/posts\/7481","targetHints":{"allow":["GET"]}}],"collection":[{"href":"https:\/\/www.freidenker.org\/index.php?rest_route=\/wp\/v2\/posts"}],"about":[{"href":"https:\/\/www.freidenker.org\/index.php?rest_route=\/wp\/v2\/types\/post"}],"author":[{"embeddable":true,"href":"https:\/\/www.freidenker.org\/index.php?rest_route=\/wp\/v2\/users\/3"}],"replies":[{"embeddable":true,"href":"https:\/\/www.freidenker.org\/index.php?rest_route=%2Fwp%2Fv2%2Fcomments&post=7481"}],"version-history":[{"count":0,"href":"https:\/\/www.freidenker.org\/index.php?rest_route=\/wp\/v2\/posts\/7481\/revisions"}],"wp:featuredmedia":[{"embeddable":true,"href":"https:\/\/www.freidenker.org\/index.php?rest_route=\/wp\/v2\/media\/7484"}],"wp:attachment":[{"href":"https:\/\/www.freidenker.org\/index.php?rest_route=%2Fwp%2Fv2%2Fmedia&parent=7481"}],"wp:term":[{"taxonomy":"category","embeddable":true,"href":"https:\/\/www.freidenker.org\/index.php?rest_route=%2Fwp%2Fv2%2Fcategories&post=7481"},{"taxonomy":"post_tag","embeddable":true,"href":"https:\/\/www.freidenker.org\/index.php?rest_route=%2Fwp%2Fv2%2Ftags&post=7481"}],"curies":[{"name":"wp","href":"https:\/\/api.w.org\/{rel}","templated":true}]}}