{"id":7456,"date":"2020-01-21T07:01:30","date_gmt":"2020-01-21T06:01:30","guid":{"rendered":"https:\/\/www.freidenker.org\/?p=7456"},"modified":"2020-02-17T01:38:14","modified_gmt":"2020-02-17T00:38:14","slug":"manoever-der-schande","status":"publish","type":"post","link":"https:\/\/www.freidenker.org\/?p=7456","title":{"rendered":"Man\u00f6ver der Schande"},"content":{"rendered":"<p><em>von <strong>Willy Wimmer<\/strong><\/em><\/p>\n<p><em>(Erstver\u00f6ffentlichung am 20. Januar 2020 auf <a href=\"https:\/\/www.world-economy.eu\/pro-contra\/details\/article\/manoever-der-schande\/\" target=\"_blank\" rel=\"noopener noreferrer\">World Economy<\/a> &#8211;\u00a0<\/em><em>\u00dcbernahme auf freidenker.org mit freundlicher Genehmigung des Autors)<\/em><\/p>\n<blockquote><p>&#8222;Schande, das NATO-Drohman\u00f6ver gegen Russland, 75 Jahre nach Ende des 2. Weltkrieges&#8220;<\/p>\n<p>Willy Wimmer<\/p><\/blockquote>\n<p>Wenn eine Feststellung jemals zutreffend gewesen sein sollte, dann ist es diese: so etwas h\u00e4tte es bei Helmut Kohl als Bundeskanzler nicht gegeben. Jedem Zeitgenossen sind noch die Bilder von Verdun, dem gro\u00dfen. Schlachtfeld des Ersten Weltkrieges in Erinnerung. Vor dem Mahnmal von Douaumont reichten sich der franz\u00f6sische Staatspr\u00e4sident Francois Mitterand und der deutsche Bundeskanzler Helmut Kohl die H\u00e4nde. Jeder, der dabei gewesen ist und jeder, der diese Bilder in Erinnerung hat, wu\u00dfte, das diese Geste nichts von politischem Flugsand an sich haben w\u00fcrde. Das war bei Willy Brandt im Warschauer Ghetto nicht anders. Damit wurde nicht nur dem Gedenken in w\u00fcrdiger Weise entsprochen. Damit war eine Verpflichtung verbunden, die weit \u00fcber den Anla\u00df hinausgehen w\u00fcrde. Selbst die gro\u00dfe Milit\u00e4rparade 1962 auf dem franz\u00f6sischen Truppen\u00fcbungsplatz von Mourmelon, die der franz\u00f6sische Pr\u00e4sidenten-General Charles de Gaulle und Konrad Adenauer auf den Schlachtfeldern beider Weltkriege mit Truppengattungen beider ehemals verfeindetes Armeen und Staaten abnahmen, atmete den Geist einer m\u00f6glichen Vers\u00f6hnung. Friede sollte zwischen beiden Staaten und V\u00f6lkern m\u00f6glich sein.<\/p>\n<p>Die deutsche Bundeskanzlerin, Frau Dr. Angela Merkel, begeht mit der Teilnahme deutscher Soldaten bei dem gr\u00f6\u00dften NATO-Man\u00f6ver seit Ende des Kalten Krieges gegen Ru\u00dfland einen Tabubruch, der geeignet ist, genau das gegen\u00fcber der Russischen F\u00f6deration und dem russischen Volk\u00a0 nicht entstehen zu lassen, was durch gro\u00dfartige Gesten und vernunftbetontes Handeln m\u00f6glich wurde: dauerhafter Friede und m\u00f6gliche Vers\u00f6hnung.<\/p>\n<p>Es ist gerade das russische Volk,\u00a0 das den deutschem Menschen mit einer Aufgeschlossenheit begegnet, die nach den Verheerungen des Zweiten Weltkrieges und dem Angriff des Deutschen Reiches gegen die Sowjetunion eigentlich v\u00f6llig unvorstellbar sein w\u00fcrde. Nein, man kann sich auf den Stra\u00dfen und Pl\u00e4tzen dieses gro\u00dfartigen Landes aufhalten, wo man will: man ist als Deutscher willkommen. Bei meinem Besuch 1987 in der ber\u00fchmten Taman-Division nahe Moskau als erster westlicher Verteidigungspolitiker war selbst das Divisionsmuseum frei davon, die Soldaten der gegnerischen Wehrmacht herabzusetzen. Der Politoberst der Division lies sich mit den Worten seiner Mutter vernehmen, da\u00df um diese jungen deutschen Soldaten auch eine Mutter trauern w\u00fcrde.<\/p>\n<p>1985 hat der deutsche Bundespr\u00e4sident Richard von Weisz\u00e4cker im Deutschen Bundestag ein Verhalten angeprangert, das \u201egeschichtsvergessen\u201c genannt werden k\u00f6nne. Dieses Wort ist auf das Verhalten der gesamten deutschen Staatsspitze heute anzuwenden. Sie hat daf\u00fcr gestimmt, dieses Man\u00f6ver mit deutschen Soldaten ablaufen zu lassen. Sie hat die Zielrichtung festgelegt und l\u00e4\u00dft die Generale der Bundeswehr \u00fcber das Man\u00f6ver so reden, wie sie es tun. Sie hat nichts dagegen, da\u00df sich deutsche Soldaten \u201ein den Vorg\u00e4rten von Leningrad\/St. Petersburg\u201c eingegraben haben. St. Petersburg ist heute eine strahlende Perle der gemeinsamen europ\u00e4ischen Kultur. Am 28. Januar 2020 wird in Jerusalem der russische Pr\u00e4sident Putin anl\u00e4\u00dflich einer Gedenkveranstaltung der Befreiung von Auschwitz ein Denkmal enth\u00fcllen, das an die Blockade Leningrads durch das Deutsche Reich im Zweiten Weltkrieg erinnern wird. Die deutsche Bundeskanzlerin wird anwesend sein und tr\u00e4gt daf\u00fcr die Verantwortung, da\u00df Ru\u00dfland heute Ziel des gleichen Ungeistes von \u201eVersailles\u201c geworden ist und zu werden droht, wie er mit dem Ersten Weltkrieg und Versailles das eigene Land getroffen hatte.<\/p>\n<p>Es ist geradezu kein Wunder, da\u00df die deutsche Bundesregierung im Mai des Jahres 2019 nicht an \u201eVersailles\u201c vor einhundert Jahren erinnert hat oder der Herr Bundespr\u00e4sident in einer von ihm zu verantwortenden Gedenkveranstaltung. Versailles bedeutet nicht nur \u201eUngeist der Rache\u201c sondern die bewu\u00dfte Unf\u00e4higkeit, sich um Frieden zu bem\u00fchen. Stattdessen war den Diktat-Verantwortlichen von Versailles bewu\u00dft, den Fahrplan zum n\u00e4chsten Krieg mit \u201eVersailles\u201c 1919 aufzulegen. Wolfgang Effenberger hat in diesen Tagen darauf aufmerksam gemacht, da\u00df des franz\u00f6sische Marschall Foch, an dessen Grab US-Pr\u00e4sident Trump 2017 stand, von einem weiteren Krieg in etwa zwanzig Jahren sprach. Er sollte sich nicht irren.<\/p>\n<p>Dieses Denken kommt mit dem NATO-Gro\u00dfman\u00f6ver, bewu\u00dft zum Tag des Kriegsendes am 9. Mai 1945 angelegt, erneut zum Ausdruck. Als h\u00e4tte es noch eines weiteres Beweises bedurft. \u00dcber ein Impeachment wird ein amerikanischer Pr\u00e4sident gejagt, der im Wahlkampf den Ausgleich mit Ru\u00dfland propagiert hatte. Der \u201eNATO-Westen\u201c kann keinen Frieden, er kann nur Krieg, ob kalt oder hei\u00df.<\/p>\n<p>Die amerikanische Konferenz von Bratislawa\/ Slowakische Republik im April 2000 hat das amerikanische Ziel f\u00fcr Europa deutlich gemacht: Eiserner Vorhang zwischen Ostsee und Schwarzem Meer, Ru\u00dfland kann bleiben, wo es will und sich in kleinere Stasten zerlegen oder zerlegt werden. Das Ende Januar 2020 beginnende Man\u00f6ver der NATO ist ein \u201eMan\u00f6ver der Schande\u201c, das nur den Kriegstreibern dient.<\/p>\n<p>&nbsp;<\/p>\n<p style=\"text-align: right;\"><em>Willy Wimmer war von 1976 bis 2009 Mitglied des Bundestages f\u00fcr die CDU.<br \/>\nVon 1994 bis 2000 war er Vizepr\u00e4sident der Parlamentarischen Versammlung der Organisation f\u00fcr Sicherheit und Zusammenarbeit in Europa (OSZE).<br \/>\n<\/em><\/p>\n<p>Link zur Erstver\u00f6ffentlichung: <a href=\"https:\/\/www.world-economy.eu\/pro-contra\/details\/article\/manoever-der-schande\/\" target=\"_blank\" rel=\"noopener noreferrer\">https:\/\/www.world-economy.eu\/pro-contra\/details\/article\/manoever-der-schande\/<\/a><\/p>\n<p><strong>Wir danken dem Autor f\u00fcr das Recht zur Ver\u00f6ffentlichung.<\/strong><\/p>\n<hr \/>\n<p><span style=\"font-size: 10pt;\">Bild: Willy Wimmer spricht zur Auftaktkundgebung des Protestwochenendes gegen die US Air Base Ramstein 2016<\/span><br \/>\n<span style=\"font-size: 10pt;\">Screenshot aus einem <a href=\"https:\/\/www.youtube.com\/watch?v=JZZM15lPhLE\" target=\"_blank\" rel=\"noopener noreferrer\">Video von KenFM<\/a><\/span><em><br \/>\n<\/em><\/p>\n","protected":false},"excerpt":{"rendered":"<p><b>Beitrag von Willy Wimmer<\/b><br \/>\nWenn eine Feststellung jemals zutreffend gewesen sein sollte, dann ist es diese: so etwas h\u00e4tte es bei Helmut Kohl als Bundeskanzler nicht gegeben. Jedem Zeitgenossen sind noch die Bilder von Verdun, dem gro\u00dfen. Schlachtfeld des Ersten Weltkrieges in Erinnerung. Vor dem Mahnmal von Douaumont reichten sich der franz\u00f6sische Staatspr\u00e4sident Francois Mitterand und der deutsche Bundeskanzler Helmut Kohl die H\u00e4nde. Jeder, der dabei gewesen ist und jeder, der diese Bilder in Erinnerung hat, wu\u00dfte, das diese Geste nichts von politischem Flugsand an sich haben w\u00fcrde.<\/p>\n","protected":false},"author":3,"featured_media":7457,"comment_status":"closed","ping_status":"closed","sticky":false,"template":"","format":"standard","meta":{"colormag_page_container_layout":"default_layout","colormag_page_sidebar_layout":"default_layout","advanced_seo_description":"","jetpack_seo_html_title":"","jetpack_seo_noindex":false,"jetpack_post_was_ever_published":false,"footnotes":""},"categories":[13],"tags":[182,1207,56,222],"class_list":["post-7456","post","type-post","status-publish","format-standard","has-post-thumbnail","hentry","category-frieden-antifaschismus-solidaritaet","tag-eu","tag-manoever","tag-nato","tag-russland"],"jetpack_featured_media_url":"https:\/\/i0.wp.com\/www.freidenker.org\/fw17\/wp-content\/uploads\/2020\/01\/willy_wimmer_800x445.jpg?fit=800%2C445&ssl=1","jetpack_shortlink":"https:\/\/wp.me\/p9stpK-1Wg","jetpack-related-posts":[{"id":8547,"url":"https:\/\/www.freidenker.org\/?p=8547","url_meta":{"origin":7456,"position":0},"title":"Wei\u00dfrussland \u2013 eine Einsch\u00e4tzung des Umgangs mit diesem Land","author":"Webredaktion","date":"20. August 2020","format":false,"excerpt":"Beitrag von Willy Wimmer Der fr\u00fchere CDU-Politiker hatte am 2. Mai 2000 einen Brief an den damaligen Bundeskanzler Gerhard Schr\u00f6der (SPD) geschrieben und darin von einer Konferenz berichtet, die von zwei US-amerikanischen Organisationen in der slowakischen Hauptstadt Bratislava ausgerichtet worden war. Was dort beraten und von US-amerikanischer Seite als Planung\u2026","rel":"","context":"In &quot;Frieden - Antifaschismus - Solidarit\u00e4t&quot;","block_context":{"text":"Frieden - Antifaschismus - Solidarit\u00e4t","link":"https:\/\/www.freidenker.org\/?cat=13"},"img":{"alt_text":"","src":"https:\/\/i0.wp.com\/www.freidenker.org\/fw17\/wp-content\/uploads\/2020\/08\/belarus_pexels-artem-podrez-5119453.jpg?fit=1200%2C800&ssl=1&resize=350%2C200","width":350,"height":200,"srcset":"https:\/\/i0.wp.com\/www.freidenker.org\/fw17\/wp-content\/uploads\/2020\/08\/belarus_pexels-artem-podrez-5119453.jpg?fit=1200%2C800&ssl=1&resize=350%2C200 1x, https:\/\/i0.wp.com\/www.freidenker.org\/fw17\/wp-content\/uploads\/2020\/08\/belarus_pexels-artem-podrez-5119453.jpg?fit=1200%2C800&ssl=1&resize=525%2C300 1.5x, https:\/\/i0.wp.com\/www.freidenker.org\/fw17\/wp-content\/uploads\/2020\/08\/belarus_pexels-artem-podrez-5119453.jpg?fit=1200%2C800&ssl=1&resize=700%2C400 2x, https:\/\/i0.wp.com\/www.freidenker.org\/fw17\/wp-content\/uploads\/2020\/08\/belarus_pexels-artem-podrez-5119453.jpg?fit=1200%2C800&ssl=1&resize=1050%2C600 3x"},"classes":[]},{"id":10940,"url":"https:\/\/www.freidenker.org\/?p=10940","url_meta":{"origin":7456,"position":1},"title":"Die Dimension des n\u00e4chsten Waffengangs","author":"Webredaktion","date":"30. Juli 2021","format":false,"excerpt":"Kommentar von Willy Wimmer Der 22. Juni 2021 bot noch einmal die Gelegenheit, geradezu \u201cin-sich-zu gehen\u201d. Die Welt erinnerte sich an diesem Tag an den Angriff des Deutschen Reiches auf die damalige Sowjetunion vor achtzig Jahren. Es war eine Erinnerung an unsagbares Grauen, dessen Z\u00fcndschnur von den Siegerm\u00e4chten des Ersten\u2026","rel":"","context":"In &quot;Frieden - Antifaschismus - Solidarit\u00e4t&quot;","block_context":{"text":"Frieden - Antifaschismus - Solidarit\u00e4t","link":"https:\/\/www.freidenker.org\/?cat=13"},"img":{"alt_text":"","src":"https:\/\/i0.wp.com\/www.freidenker.org\/fw17\/wp-content\/uploads\/2021\/07\/police-1282330_800x450.jpg?fit=800%2C450&ssl=1&resize=350%2C200","width":350,"height":200,"srcset":"https:\/\/i0.wp.com\/www.freidenker.org\/fw17\/wp-content\/uploads\/2021\/07\/police-1282330_800x450.jpg?fit=800%2C450&ssl=1&resize=350%2C200 1x, https:\/\/i0.wp.com\/www.freidenker.org\/fw17\/wp-content\/uploads\/2021\/07\/police-1282330_800x450.jpg?fit=800%2C450&ssl=1&resize=525%2C300 1.5x, https:\/\/i0.wp.com\/www.freidenker.org\/fw17\/wp-content\/uploads\/2021\/07\/police-1282330_800x450.jpg?fit=800%2C450&ssl=1&resize=700%2C400 2x"},"classes":[]},{"id":12189,"url":"https:\/\/www.freidenker.org\/?p=12189","url_meta":{"origin":7456,"position":2},"title":"Willy Wimmer weist auf konkrete Kriegsgefahren hin \u2013 Asow und die ukrainischen Freiwilligenverb\u00e4nde","author":"Webredaktion","date":"11. Februar 2022","format":false,"excerpt":"Beitrag von Willy Wimmer Seit 2014 zeichnet sich die westliche Politik und damit auch das Verhalten der deutschen Bundesregierung in Sachen Ukraine durch ein unglaubliches Verhalten aus. Alles, was der Westen veranlasst hatte, wird aus der eigenen Wahrnehmung ausgeblendet. Die gesamte Aufmerksamkeit richtet sich auf die Schritte, die Russland als\u2026","rel":"","context":"In &quot;Frieden - Antifaschismus - Solidarit\u00e4t&quot;","block_context":{"text":"Frieden - Antifaschismus - Solidarit\u00e4t","link":"https:\/\/www.freidenker.org\/?cat=13"},"img":{"alt_text":"","src":"https:\/\/i0.wp.com\/www.freidenker.org\/fw17\/wp-content\/uploads\/2022\/02\/Azov_-_Mariupol_-_formation_800x450.jpg?fit=800%2C450&ssl=1&resize=350%2C200","width":350,"height":200,"srcset":"https:\/\/i0.wp.com\/www.freidenker.org\/fw17\/wp-content\/uploads\/2022\/02\/Azov_-_Mariupol_-_formation_800x450.jpg?fit=800%2C450&ssl=1&resize=350%2C200 1x, https:\/\/i0.wp.com\/www.freidenker.org\/fw17\/wp-content\/uploads\/2022\/02\/Azov_-_Mariupol_-_formation_800x450.jpg?fit=800%2C450&ssl=1&resize=525%2C300 1.5x, https:\/\/i0.wp.com\/www.freidenker.org\/fw17\/wp-content\/uploads\/2022\/02\/Azov_-_Mariupol_-_formation_800x450.jpg?fit=800%2C450&ssl=1&resize=700%2C400 2x"},"classes":[]},{"id":8650,"url":"https:\/\/www.freidenker.org\/?p=8650","url_meta":{"origin":7456,"position":3},"title":"&#8222;Br\u00fcssel dreht nicht das gro\u00dfe Rad, Br\u00fcssel dreht durch&#8220;","author":"Webredaktion","date":"21. September 2020","format":false,"excerpt":"Interview von RT Deutsch mit Willy Wimmer Der CDU-Politiker und ehemalige Staatssekret\u00e4r Willy Wimmer \u00e4u\u00dfert sich im RT-Interview zum Fall Nawalny und zu den Forderungen des EU-Parlaments nach h\u00e4rteren Sanktionen gegen Russland. F: Die Resolution wurde angenommen, aber erwarten Sie angesichts ihres unverbindlichen Charakters weitere ernsthafte Schritte gegen Russland? A:\u2026","rel":"","context":"In &quot;Demokratie \u2013 Medien \u2013 Aufkl\u00e4rung&quot;","block_context":{"text":"Demokratie \u2013 Medien \u2013 Aufkl\u00e4rung","link":"https:\/\/www.freidenker.org\/?cat=12"},"img":{"alt_text":"","src":"https:\/\/i0.wp.com\/www.freidenker.org\/fw17\/wp-content\/uploads\/2020\/09\/willy_wimmer_rt_800x450.jpg?fit=800%2C450&ssl=1&resize=350%2C200","width":350,"height":200,"srcset":"https:\/\/i0.wp.com\/www.freidenker.org\/fw17\/wp-content\/uploads\/2020\/09\/willy_wimmer_rt_800x450.jpg?fit=800%2C450&ssl=1&resize=350%2C200 1x, https:\/\/i0.wp.com\/www.freidenker.org\/fw17\/wp-content\/uploads\/2020\/09\/willy_wimmer_rt_800x450.jpg?fit=800%2C450&ssl=1&resize=525%2C300 1.5x, https:\/\/i0.wp.com\/www.freidenker.org\/fw17\/wp-content\/uploads\/2020\/09\/willy_wimmer_rt_800x450.jpg?fit=800%2C450&ssl=1&resize=700%2C400 2x"},"classes":[]},{"id":12199,"url":"https:\/\/www.freidenker.org\/?p=12199","url_meta":{"origin":7456,"position":4},"title":"Regelbasiertes, amerikanisches Welt-Faustrecht","author":"Webredaktion","date":"19. Februar 2022","format":false,"excerpt":"Ein Kommentar von Willy Wimmer Man musste schon staunen, als sich der deutsche Bundeskanzler bei seinem Antrittsbesuch in Washington auf der gemeinsamen Pressekonferenz mit dem \u201cBoss der westlichen Wertegemeinschaft\u201d und US-Pr\u00e4sidenten, Joe Biden, zu einer von ihm so genannten \u201cregelbasierten Ordnung\u201d vernehmen lies. Das kam aus dem Munde des deutschen\u2026","rel":"","context":"In &quot;Frieden - Antifaschismus - Solidarit\u00e4t&quot;","block_context":{"text":"Frieden - Antifaschismus - Solidarit\u00e4t","link":"https:\/\/www.freidenker.org\/?cat=13"},"img":{"alt_text":"","src":"https:\/\/i0.wp.com\/www.freidenker.org\/fw17\/wp-content\/uploads\/2022\/02\/USA_Faustrecht_v2_800x450.jpg?fit=800%2C450&ssl=1&resize=350%2C200","width":350,"height":200,"srcset":"https:\/\/i0.wp.com\/www.freidenker.org\/fw17\/wp-content\/uploads\/2022\/02\/USA_Faustrecht_v2_800x450.jpg?fit=800%2C450&ssl=1&resize=350%2C200 1x, https:\/\/i0.wp.com\/www.freidenker.org\/fw17\/wp-content\/uploads\/2022\/02\/USA_Faustrecht_v2_800x450.jpg?fit=800%2C450&ssl=1&resize=525%2C300 1.5x, https:\/\/i0.wp.com\/www.freidenker.org\/fw17\/wp-content\/uploads\/2022\/02\/USA_Faustrecht_v2_800x450.jpg?fit=800%2C450&ssl=1&resize=700%2C400 2x"},"classes":[]},{"id":11978,"url":"https:\/\/www.freidenker.org\/?p=11978","url_meta":{"origin":7456,"position":5},"title":"Kasachstan hat die Lizenz zum Unheil","author":"Webredaktion","date":"14. Januar 2022","format":false,"excerpt":"Ein Kommentar von Willy Wimmer. Die revolution\u00e4ren Umtriebe auf den Stra\u00dfen von Kasachstan strafen den Satz von Goethe L\u00fcgen. Danach ist es f\u00fcr die Hiesigen unbeachtlich, wenn sich noch jenseits der T\u00fcrkei die V\u00f6lkerschaften die K\u00f6pfe einschlagen. Kasachstan geht uns alle an. Das zeigt sich schon an den geographischen Dimensionen.\u2026","rel":"","context":"In &quot;Frieden - Antifaschismus - Solidarit\u00e4t&quot;","block_context":{"text":"Frieden - Antifaschismus - Solidarit\u00e4t","link":"https:\/\/www.freidenker.org\/?cat=13"},"img":{"alt_text":"","src":"https:\/\/i0.wp.com\/www.freidenker.org\/fw17\/wp-content\/uploads\/2022\/01\/kasachstan_flag-2526505_800x450.jpg?fit=800%2C450&ssl=1&resize=350%2C200","width":350,"height":200,"srcset":"https:\/\/i0.wp.com\/www.freidenker.org\/fw17\/wp-content\/uploads\/2022\/01\/kasachstan_flag-2526505_800x450.jpg?fit=800%2C450&ssl=1&resize=350%2C200 1x, https:\/\/i0.wp.com\/www.freidenker.org\/fw17\/wp-content\/uploads\/2022\/01\/kasachstan_flag-2526505_800x450.jpg?fit=800%2C450&ssl=1&resize=525%2C300 1.5x, https:\/\/i0.wp.com\/www.freidenker.org\/fw17\/wp-content\/uploads\/2022\/01\/kasachstan_flag-2526505_800x450.jpg?fit=800%2C450&ssl=1&resize=700%2C400 2x"},"classes":[]}],"_links":{"self":[{"href":"https:\/\/www.freidenker.org\/index.php?rest_route=\/wp\/v2\/posts\/7456","targetHints":{"allow":["GET"]}}],"collection":[{"href":"https:\/\/www.freidenker.org\/index.php?rest_route=\/wp\/v2\/posts"}],"about":[{"href":"https:\/\/www.freidenker.org\/index.php?rest_route=\/wp\/v2\/types\/post"}],"author":[{"embeddable":true,"href":"https:\/\/www.freidenker.org\/index.php?rest_route=\/wp\/v2\/users\/3"}],"replies":[{"embeddable":true,"href":"https:\/\/www.freidenker.org\/index.php?rest_route=%2Fwp%2Fv2%2Fcomments&post=7456"}],"version-history":[{"count":0,"href":"https:\/\/www.freidenker.org\/index.php?rest_route=\/wp\/v2\/posts\/7456\/revisions"}],"wp:featuredmedia":[{"embeddable":true,"href":"https:\/\/www.freidenker.org\/index.php?rest_route=\/wp\/v2\/media\/7457"}],"wp:attachment":[{"href":"https:\/\/www.freidenker.org\/index.php?rest_route=%2Fwp%2Fv2%2Fmedia&parent=7456"}],"wp:term":[{"taxonomy":"category","embeddable":true,"href":"https:\/\/www.freidenker.org\/index.php?rest_route=%2Fwp%2Fv2%2Fcategories&post=7456"},{"taxonomy":"post_tag","embeddable":true,"href":"https:\/\/www.freidenker.org\/index.php?rest_route=%2Fwp%2Fv2%2Ftags&post=7456"}],"curies":[{"name":"wp","href":"https:\/\/api.w.org\/{rel}","templated":true}]}}