{"id":745,"date":"2011-03-16T14:28:45","date_gmt":"2011-03-16T13:28:45","guid":{"rendered":"http:\/\/www.freidenker.org\/fw17\/?p=745"},"modified":"2017-12-27T23:07:06","modified_gmt":"2017-12-27T22:07:06","slug":"illusion-willensfreiheit-2","status":"publish","type":"post","link":"https:\/\/www.freidenker.org\/?p=745","title":{"rendered":"FREIDENKER 1-11 &#8211; Illusion Willensfreiheit? Kontroversen zur Gehirnforschung"},"content":{"rendered":"<h5><strong>Inhalt:<\/strong> Editorial -Thema:<\/h5>\n<p>Klaus Hartmann: <a href=\"https:\/\/www.freidenker.org\/?p=54\">Was Freidenker an der Hirnforschung interessieren sollte<\/a> | Ingo-Wolf Kittel: Beweis der Existenz der \u201eWillensfreiheit\u201c | Freerk Huisgen: \u201eDen freien Willen gibt es nicht!\u201c Zur Kritik der Hirnphilosophie | Suitbert Cechura: Neurobiologie als Leitwissenschaft | Erich Buchholz: Freier Wille und strafrechtliche Schuld<\/p>\n<p><b>Meldungen, Meinungen<br \/>\n<\/b><a href=\"https:\/\/www.freidenker.org\/?p=677\">P\u00e4dophile Priester<\/a><br \/>\nZum Tod von Eva Strittmatter<br \/>\nKlaus von Raussendorff: Arabische Revolutionen \u2013 imperialistische Gegenstrategien<\/p>\n<p><strong>Aus den Landesverb\u00e4nden<\/strong><\/p>\n<p><b>Chronik<br \/>\n<\/b>Verbandsvorstand tagte in Berlin<br \/>\nLiebknecht-Luxemburg Konferenz<br \/>\nIrak-Solidarit\u00e4t<br \/>\nOperation Nordafrika: Gegen jedes milit\u00e4rische Eingreifen in Libyen!<\/p>\n<p><b>B\u00fccher f\u00fcr Freidenker<\/b><\/p>\n<p><strong>Anschriften, Impressum<\/strong><\/p>\n<p>Marita Kaminski: Angst<\/p>\n","protected":false},"excerpt":{"rendered":"<p><strong>Die Ausgabe 1-11 des Verbandsorgans FREIDENKER hat das Schwerpunkt-Thema \u201eIllusion Willensfreiheit? Kontroversen zur Gehirnforschung\u201c und enth\u00e4lt u.a folgende Beitr\u00e4ge:<\/strong><br \/>\n&#8211; Klaus Hartmann: Was Freidenker an der Hirnforschung interessieren sollte<br \/>\n&#8211; Ingo-Wolf Kittel: Beweis der Existenz der \u201eWillensfreiheit\u201c<br \/>\n&#8211; Freerk Huisgen: \u201eDen freien Willen gibt es nicht!\u201c Zur Kritik der Hirnphilosophie<br \/>\n&#8211; Suitbert Cechura: Neurobiologie als Leitwissenschaft<br \/>\n&#8211; Erich Buchholz: Freier Wille und strafrechtliche Schuld<\/p>\n","protected":false},"author":2,"featured_media":2540,"comment_status":"closed","ping_status":"closed","sticky":false,"template":"","format":"standard","meta":{"colormag_page_container_layout":"default_layout","colormag_page_sidebar_layout":"default_layout","advanced_seo_description":"","jetpack_seo_html_title":"","jetpack_seo_noindex":false,"jetpack_post_was_ever_published":false,"footnotes":""},"categories":[8],"tags":[26,531,532,530,123],"class_list":["post-745","post","type-post","status-publish","format-standard","has-post-thumbnail","hentry","category-verbandsorgan-freidenker","tag-freidenker","tag-gehirnforschung","tag-illusion","tag-willensfreiheit","tag-wissenschaft"],"jetpack_featured_media_url":"https:\/\/i0.wp.com\/www.freidenker.org\/fw17\/wp-content\/uploads\/2017\/12\/FD_2011-01_Titel_mR.jpg?fit=800%2C445&ssl=1","jetpack_shortlink":"https:\/\/wp.me\/p9stpK-c1","jetpack-related-posts":[{"id":54,"url":"https:\/\/www.freidenker.org\/?p=54","url_meta":{"origin":745,"position":0},"title":"Was Freidenker an der Hirnforschung interessieren sollte","author":"Webmaster","date":"17. M\u00e4rz 2011","format":false,"excerpt":"Beitrag von Klaus Hartmann aus FREIDENKER 1-11 Was ist der Grund f\u00fcr die gesteigerte Attraktivit\u00e4t der Hirnforschung? Dass die Hirnforschung oder ihre neueren Erkenntnisse eng mit der These verkn\u00fcpft werden, dass es den ,freien Willen' \u00fcberhaupt nicht gibt, dass Willensfreiheit eine Illusion sei. Und Freidenker wenden sich gegen diese These,\u2026","rel":"","context":"In &quot;Weltanschauung &amp; Philosophie&quot;","block_context":{"text":"Weltanschauung &amp; Philosophie","link":"https:\/\/www.freidenker.org\/?cat=16"},"img":{"alt_text":"","src":"https:\/\/i0.wp.com\/www.freidenker.org\/fw17\/wp-content\/uploads\/2016\/05\/Brains.jpg?fit=800%2C445&ssl=1&resize=350%2C200","width":350,"height":200,"srcset":"https:\/\/i0.wp.com\/www.freidenker.org\/fw17\/wp-content\/uploads\/2016\/05\/Brains.jpg?fit=800%2C445&ssl=1&resize=350%2C200 1x, https:\/\/i0.wp.com\/www.freidenker.org\/fw17\/wp-content\/uploads\/2016\/05\/Brains.jpg?fit=800%2C445&ssl=1&resize=525%2C300 1.5x, https:\/\/i0.wp.com\/www.freidenker.org\/fw17\/wp-content\/uploads\/2016\/05\/Brains.jpg?fit=800%2C445&ssl=1&resize=700%2C400 2x"},"classes":[]},{"id":840,"url":"https:\/\/www.freidenker.org\/?p=840","url_meta":{"origin":745,"position":1},"title":"FREIDENKER 4-15 EXTRA &#8211; N\u00fctzlicher Freind: Der &#8222;Faktor Islam&#8220;","author":"Webmaster","date":"16. Dezember 2015","format":false,"excerpt":"Die Extra-Ausgabe 4-15 des Verbandsorgans FREIDENKER enth\u00e4lt die Beitr\u00e4ge der Konferenz \"N\u00fctzlicher Freind: Der \"Faktor Islam\" in den Weltmachtstrategien des Westens\", die am 12.09.2015 in Frankfurt am Main stattfand. Darin u.a.: - Klaus Hartmann: Freidenker - Religionskritik - Islam - Klaus von Raussendorff: Der takfiristische Terrorismus in der Debatte der\u2026","rel":"","context":"In &quot;Verbandsorgan FREIDENKER&quot;","block_context":{"text":"Verbandsorgan FREIDENKER","link":"https:\/\/www.freidenker.org\/?cat=8"},"img":{"alt_text":"","src":"https:\/\/i0.wp.com\/www.freidenker.org\/fw17\/wp-content\/uploads\/2017\/12\/FD_2015-04_Titel_mR.jpg?fit=800%2C445&ssl=1&resize=350%2C200","width":350,"height":200,"srcset":"https:\/\/i0.wp.com\/www.freidenker.org\/fw17\/wp-content\/uploads\/2017\/12\/FD_2015-04_Titel_mR.jpg?fit=800%2C445&ssl=1&resize=350%2C200 1x, https:\/\/i0.wp.com\/www.freidenker.org\/fw17\/wp-content\/uploads\/2017\/12\/FD_2015-04_Titel_mR.jpg?fit=800%2C445&ssl=1&resize=525%2C300 1.5x, https:\/\/i0.wp.com\/www.freidenker.org\/fw17\/wp-content\/uploads\/2017\/12\/FD_2015-04_Titel_mR.jpg?fit=800%2C445&ssl=1&resize=700%2C400 2x"},"classes":[]},{"id":480,"url":"https:\/\/www.freidenker.org\/?p=480","url_meta":{"origin":745,"position":2},"title":"FREIDENKER 2-07 &#8211; Russland &#8211; alter neuer Feind?","author":"Webmaster","date":"16. Juli 2007","format":false,"excerpt":"Die Ausgabe 2-07 des Verbandsorgans FREIDENKER hat das Schwerpunkt-Thema \u201eRussland - alter neuer Feind?\u201c und enth\u00e4lt u.a folgende Beitr\u00e4ge: - Eberhard Schinck: Von da ist etwas Neues in die Welt gekommen - Klaus Eichner: Zur Strategie der Einkreisung Russlands - Klaus Hartmann: Das Russlandbild der Medien - Gerd Hommel: Tradition\u2026","rel":"","context":"In &quot;Verbandsorgan FREIDENKER&quot;","block_context":{"text":"Verbandsorgan FREIDENKER","link":"https:\/\/www.freidenker.org\/?cat=8"},"img":{"alt_text":"","src":"https:\/\/i0.wp.com\/www.freidenker.org\/fw17\/wp-content\/uploads\/2017\/12\/FD_2007-02_Titel_mR.jpg?fit=800%2C445&ssl=1&resize=350%2C200","width":350,"height":200,"srcset":"https:\/\/i0.wp.com\/www.freidenker.org\/fw17\/wp-content\/uploads\/2017\/12\/FD_2007-02_Titel_mR.jpg?fit=800%2C445&ssl=1&resize=350%2C200 1x, https:\/\/i0.wp.com\/www.freidenker.org\/fw17\/wp-content\/uploads\/2017\/12\/FD_2007-02_Titel_mR.jpg?fit=800%2C445&ssl=1&resize=525%2C300 1.5x, https:\/\/i0.wp.com\/www.freidenker.org\/fw17\/wp-content\/uploads\/2017\/12\/FD_2007-02_Titel_mR.jpg?fit=800%2C445&ssl=1&resize=700%2C400 2x"},"classes":[]},{"id":790,"url":"https:\/\/www.freidenker.org\/?p=790","url_meta":{"origin":745,"position":3},"title":"FREIDENKER 4-13 &#8211; 1914: 1. Weltkrieg &#8211; 100 Jahre gegen imperialistische Kriege","author":"Webmaster","date":"16. Dezember 2013","format":false,"excerpt":"Die Ausgabe 4-13 des Verbandsorgans FREIDENKER hat das Schwerpunkt-Thema \u201e1914: 1. Weltkrieg - 100 Jahre gegen imperialistische Kriege\u201c und enth\u00e4lt u.a folgende Beitr\u00e4ge: - Klaus Hartmann: Der unbekannte Weltkrieg - Karlheinz Deschner: Leo XIII., Pius X. und der erste Weltkrieg - Eberhard Schinck: Imperialismus, Weltkrieg und Weltkriegsgefahr - Marx\u2019 \u201eLeitfaden\u201c\u2026","rel":"","context":"In &quot;Verbandsorgan FREIDENKER&quot;","block_context":{"text":"Verbandsorgan FREIDENKER","link":"https:\/\/www.freidenker.org\/?cat=8"},"img":{"alt_text":"","src":"https:\/\/i0.wp.com\/www.freidenker.org\/fw17\/wp-content\/uploads\/2017\/12\/FD_2013-04_Titel_mR.jpg?fit=800%2C445&ssl=1&resize=350%2C200","width":350,"height":200,"srcset":"https:\/\/i0.wp.com\/www.freidenker.org\/fw17\/wp-content\/uploads\/2017\/12\/FD_2013-04_Titel_mR.jpg?fit=800%2C445&ssl=1&resize=350%2C200 1x, https:\/\/i0.wp.com\/www.freidenker.org\/fw17\/wp-content\/uploads\/2017\/12\/FD_2013-04_Titel_mR.jpg?fit=800%2C445&ssl=1&resize=525%2C300 1.5x, https:\/\/i0.wp.com\/www.freidenker.org\/fw17\/wp-content\/uploads\/2017\/12\/FD_2013-04_Titel_mR.jpg?fit=800%2C445&ssl=1&resize=700%2C400 2x"},"classes":[]},{"id":1060,"url":"https:\/\/www.freidenker.org\/?p=1060","url_meta":{"origin":745,"position":4},"title":"FREIDENKER 2-10 &#8211; Welche Demokratie?","author":"Webredaktion","date":"16. Juli 2010","format":false,"excerpt":"Die Ausgabe 2-10 des Verbandsorgans FREIDENKER hat das Schwerpunkt-Thema \u201eWelche Demokratie?\u201c und enth\u00e4lt u.a folgende Beitr\u00e4ge: - Klaus Hartmann: Demokratie? - Canforas \u201ekurze Geschichte der Demokratie\u201c - Postdemokratie - Arnold Sch\u00f6lzel: De-Emanzipation \u2013 Domenico Losurdos ,Gegengeschichte\u2018 des Liberalismus - Aristoteles zur Staatsform - Erich Buchholz: \u201eRechtsstaat\u201c \u2013 eine Bilanz nach\u2026","rel":"","context":"In &quot;Verbandsorgan FREIDENKER&quot;","block_context":{"text":"Verbandsorgan FREIDENKER","link":"https:\/\/www.freidenker.org\/?cat=8"},"img":{"alt_text":"","src":"https:\/\/i0.wp.com\/www.freidenker.org\/fw17\/wp-content\/uploads\/2017\/12\/FD_2010-02_Titel_mR.jpg?fit=800%2C445&ssl=1&resize=350%2C200","width":350,"height":200,"srcset":"https:\/\/i0.wp.com\/www.freidenker.org\/fw17\/wp-content\/uploads\/2017\/12\/FD_2010-02_Titel_mR.jpg?fit=800%2C445&ssl=1&resize=350%2C200 1x, https:\/\/i0.wp.com\/www.freidenker.org\/fw17\/wp-content\/uploads\/2017\/12\/FD_2010-02_Titel_mR.jpg?fit=800%2C445&ssl=1&resize=525%2C300 1.5x, https:\/\/i0.wp.com\/www.freidenker.org\/fw17\/wp-content\/uploads\/2017\/12\/FD_2010-02_Titel_mR.jpg?fit=800%2C445&ssl=1&resize=700%2C400 2x"},"classes":[]},{"id":520,"url":"https:\/\/www.freidenker.org\/?p=520","url_meta":{"origin":745,"position":5},"title":"FREIDENKER 4-08 &#8211; 90 Jahre Novemberrevolution &#8211; Ermordung von Rosa Luxemburg und Karl Liebknecht","author":"Webmaster","date":"16. Dezember 2008","format":false,"excerpt":"Die Ausgabe 4-08 des Verbandsorgans FREIDENKER hat das Schwerpunkt-Thema \u201e90 Jahre Novemberrevolution - Ermordung von Rosa Luxemburg und Karl Liebknecht\u201c und enth\u00e4lt u.a folgende Beitr\u00e4ge: - Klaus Hartmann: 90 Jahre Novemberrevolution - Clara Zetkin: F\u00fcr Rosa Luxemburg - Prof. Schneider: Karl Liebknecht \u2013 M\u00e4rtyrer, Held, Vorbild? - G\u00fcnter Stamer: Kiel\u2026","rel":"","context":"In &quot;Verbandsorgan FREIDENKER&quot;","block_context":{"text":"Verbandsorgan FREIDENKER","link":"https:\/\/www.freidenker.org\/?cat=8"},"img":{"alt_text":"","src":"https:\/\/i0.wp.com\/www.freidenker.org\/fw17\/wp-content\/uploads\/2017\/12\/FD_2008-04_Titel_mR.jpg?fit=800%2C445&ssl=1&resize=350%2C200","width":350,"height":200,"srcset":"https:\/\/i0.wp.com\/www.freidenker.org\/fw17\/wp-content\/uploads\/2017\/12\/FD_2008-04_Titel_mR.jpg?fit=800%2C445&ssl=1&resize=350%2C200 1x, https:\/\/i0.wp.com\/www.freidenker.org\/fw17\/wp-content\/uploads\/2017\/12\/FD_2008-04_Titel_mR.jpg?fit=800%2C445&ssl=1&resize=525%2C300 1.5x, https:\/\/i0.wp.com\/www.freidenker.org\/fw17\/wp-content\/uploads\/2017\/12\/FD_2008-04_Titel_mR.jpg?fit=800%2C445&ssl=1&resize=700%2C400 2x"},"classes":[]}],"_links":{"self":[{"href":"https:\/\/www.freidenker.org\/index.php?rest_route=\/wp\/v2\/posts\/745","targetHints":{"allow":["GET"]}}],"collection":[{"href":"https:\/\/www.freidenker.org\/index.php?rest_route=\/wp\/v2\/posts"}],"about":[{"href":"https:\/\/www.freidenker.org\/index.php?rest_route=\/wp\/v2\/types\/post"}],"author":[{"embeddable":true,"href":"https:\/\/www.freidenker.org\/index.php?rest_route=\/wp\/v2\/users\/2"}],"replies":[{"embeddable":true,"href":"https:\/\/www.freidenker.org\/index.php?rest_route=%2Fwp%2Fv2%2Fcomments&post=745"}],"version-history":[{"count":0,"href":"https:\/\/www.freidenker.org\/index.php?rest_route=\/wp\/v2\/posts\/745\/revisions"}],"wp:featuredmedia":[{"embeddable":true,"href":"https:\/\/www.freidenker.org\/index.php?rest_route=\/wp\/v2\/media\/2540"}],"wp:attachment":[{"href":"https:\/\/www.freidenker.org\/index.php?rest_route=%2Fwp%2Fv2%2Fmedia&parent=745"}],"wp:term":[{"taxonomy":"category","embeddable":true,"href":"https:\/\/www.freidenker.org\/index.php?rest_route=%2Fwp%2Fv2%2Fcategories&post=745"},{"taxonomy":"post_tag","embeddable":true,"href":"https:\/\/www.freidenker.org\/index.php?rest_route=%2Fwp%2Fv2%2Ftags&post=745"}],"curies":[{"name":"wp","href":"https:\/\/api.w.org\/{rel}","templated":true}]}}