{"id":7445,"date":"2020-01-21T06:58:13","date_gmt":"2020-01-21T05:58:13","guid":{"rendered":"https:\/\/www.freidenker.org\/?p=7445"},"modified":"2020-02-17T01:37:10","modified_gmt":"2020-02-17T00:37:10","slug":"mademoiselle-neubauer-auf-dem-steckenpferd","status":"publish","type":"post","link":"https:\/\/www.freidenker.org\/?p=7445","title":{"rendered":"Mademoiselle Neubauer auf dem Steckenpferd"},"content":{"rendered":"<p><em>Derzeit mobilisiert FFF unter F\u00fchrung Luisa Neubauers gegen Siemens wegen eines Projekts f\u00fcr eine indische Kohlemine in Australien. Dabei ist das eine Angelegenheit f\u00fcr Australier und Inder. Auch schweigt Neubauer zum geplanten NATO-Man\u00f6ver in Osteuropa.<\/em><\/p>\n<p><em>von <strong>Dagmar Henn<\/strong><\/em><\/p>\n<p><em>(Erstver\u00f6ffentlichung am 16.01.2020 auf <a href=\"https:\/\/deutsch.rt.com\/meinung\/96841-mademoiselle-neubauer-auf-steckenpferd\/\" target=\"_blank\" rel=\"noopener noreferrer\">RT Deutsch<\/a>)<\/em><\/p>\n<p><span style=\"font-size: 10pt;\">Den Beitrag als Audio-Datei anh\u00f6ren:<\/span><\/p>\n<audio class=\"wp-audio-shortcode\" id=\"audio-7445-1\" preload=\"none\" style=\"width: 100%;\" controls=\"controls\"><source type=\"audio\/mpeg\" src=\"https:\/\/www.freidenker.org\/fw17\/wp-content\/uploads\/2020\/01\/RTDE_podcastmademoiselle_Podcast-Meinung.mp3?_=1\" \/><a href=\"https:\/\/www.freidenker.org\/fw17\/wp-content\/uploads\/2020\/01\/RTDE_podcastmademoiselle_Podcast-Meinung.mp3\">https:\/\/www.freidenker.org\/fw17\/wp-content\/uploads\/2020\/01\/RTDE_podcastmademoiselle_Podcast-Meinung.mp3<\/a><\/audio>\n<p>&nbsp;<\/p>\n<p>Da hat er sich vertan, der Herr Kaeser. Der Siemens-Chef hat vergessen, dass er f\u00fcr solche Zeitgenossen wie Mademoiselle Neubauer auch nur ein besserer Prolet ist, der f\u00fcr seine Millionen arbeiten muss. Und dass sie sich ihr gew\u00e4hltes Steckenpferd, die Politik, oder vielmehr ihren Ruf darin, nicht besch\u00e4digen lassen wird, um im Kreise alter wei\u00dfer M\u00e4nner in langweiligen Sitzungszimmern herumzusitzen, und das f\u00fcr ein Handgeld, das sie vermutlich als Taschengeld bekommt. H\u00e4tte man ihr die Hand eines Siemens-Erben geboten, also den Aufstieg aus der Welt der gew\u00f6hnlichen Multimillion\u00e4re in die der Milliard\u00e4re, dann w\u00e4re sie wohl in Versuchung geraten. Aber ein Aufsichtsratssitz? Da kann man gleich mit einer popeligen Prada-Tasche kommen.<\/p>\n<p>Beide tun so, als ginge es um etwas. Dabei betr\u00e4gt der Wert des so umstrittenen Auftrags ganze 18 Millionen, so etwas wird nicht einmal ein Einzelposten in der Gewinn- und Verlustrechung, da wird auch kein Kohlekraftwerk von Siemens gebaut, sondern nur eine Bahnstrecke mit Signalanlagen versehen, die zuf\u00e4llig von einem Bergwerk zum Hafen f\u00fchrt. Das Bergwerk liegt in Australien; der ganze Planet bietet kein Land, das weiter von Deutschland entfernt ist als Australien, was selbst Mademoiselle Neubauer (f\u00fcr die Ticketpreise nat\u00fcrlich kein Hindernis sind) irgendwie darauf hinweisen sollte, dass dort andere Menschen entscheiden, Australier n\u00e4mlich, die bestimmt ihr ganzes elendes Dasein hindurch auf die Erleuchtungen der Mademoiselle Neubauer gewartet haben. Die gef\u00f6rderte Kohle soll dann ein <a href=\"https:\/\/www.handelsblatt.com\/unternehmen\/industrie\/siemens-partner-in-australien-indischer-kohlemilliardaer-gautam-adani-das-feindbild-der-klimaaktivisten\/25426422.html\" target=\"_blank\" rel=\"noopener noreferrer\">indisches Kohlekraftwerk<\/a> beliefern.<\/p>\n<p>Indien, war da nicht was? Nein, nicht Gurus und Curry, Frau Neubauer. S\u00e4mtliche bestehende Klimaabkommen gestehen Entwicklungsl\u00e4ndern zu, ihren CO2-Aussto\u00df zu erh\u00f6hen, da sie ansonsten keine Chance haben, sich weiterzuentwickeln. Mademoiselle allerdings ficht das nicht an, und ihre Claqueure in der deutschen Journaille auch nicht, die nicht einmal den Hinweis auf ebendiese Abkommen wagen. &#8222;Wir m\u00fcssen jetzt handeln&#8220;, w\u00fcrde Mademoiselle da wohl entgegnen und damit meinen, an Stelle der Australier und der Inder zu entscheiden.<\/p>\n<p>Nun, willk\u00fcrliche Entscheidungen \u00fcber das Leben anderer zu treffen, ist bei ihresgleichen so \u00fcblich, das kommt gewisserma\u00dfen mit dem Erbanspruch. Die Sippschaft Reemtsma, aus der Mademoiselles Mutter stammt, denkt wahrscheinlich auch, mit dem (gescheiterten) Ausbruchsversuch von Cousin <a href=\"https:\/\/de.wikipedia.org\/wiki\/Jan_Philipp_Reemtsma\" target=\"_blank\" rel=\"noopener noreferrer\">Jan Philipp<\/a> seien alle Schulden getilgt und das blutig Zusammengeraffte k\u00f6nne nun wieder in Unschuld genossen werden. Sonst w\u00fcrde man nicht gleich zwei Abk\u00f6mmlinge auf die politische B\u00fchne treten lassen, um anderen Moral zu predigen. Und es stimmt ja auch: Die Cousinen Carla und Luisa wurden bisher nicht mit der Frage bel\u00e4stigt, ob und wie sie sich ihres Reichtums zu entledigen ged\u00e4chten und wie denn ihr Verh\u00e4ltnis zum Umgang mit den <a href=\"https:\/\/www.spiegel.de\/geschichte\/reemtsmas-zwangsarbeiter-a-947310.html\" target=\"_blank\" rel=\"noopener noreferrer\">Zwangsarbeitern auf der Krim<\/a> sei, ehe sie anderen Verzicht predigen d\u00fcrfen.<\/p>\n<p>Damit am deutschen Wesen auch diesmal wieder die Welt genesen kann, haben sich jedenfalls schon einmal Klimaaktivisten zum <a href=\"https:\/\/www.br.de\/nachrichten\/wirtschaft\/klimaaktivisten-stellen-sich-vor-siemens-zentrale-in-muenchen-tot,RnTBgCo\" target=\"_blank\" rel=\"noopener noreferrer\">Schausterben<\/a> auf das Pflaster des Wittelsbacherplatzes gelegt, vor der Siemens-Zentrale. Als g\u00e4be es nichts, wo man im eigenen Land eingreifen k\u00f6nnte und m\u00fcsste, und als sei das erregte Anrennen gegen ein indisches Kraftwerk gerade die einzig bedeutende Frage.<\/p>\n<p>Obwohl es ein wunderbares Angebot gibt, eine v\u00f6llig \u00fcberfl\u00fcssige und menschenfeindliche Bet\u00e4tigung zu verhindern, in deren Umfeld ein simuliertes Massensterben noch dazu viel naheliegender, ja geradezu naturgegeben angebracht w\u00e4re: Das US-Man\u00f6ver <a href=\"https:\/\/www.kein-aufmarschgebiet.de\/#page-content\" target=\"_blank\" rel=\"noopener noreferrer\">Defender 2020<\/a>, f\u00fcr das Tausende Panzer und Truppentransporter um die Welt gekarrt werden, zehntausende Soldaten v\u00f6llig \u00fcberfl\u00fcssige Transatlantikfl\u00fcge antreten, Dutzende Transportkolonnen die Luft verpesten. Im Gegensatz zum indischen Kohlekraftwerk, das f\u00fcr ganz reale Menschen doch ein Mehr an Wohlstand und Perspektiven bedeuten d\u00fcrfte, ist dieser Truppenaufmarsch nicht nur eine Vernichtung gesellschaftlichen Verm\u00f6gens, sondern zugleich ein Verlust an kollektiver Sicherheit. Und wer sich zu SUVs emp\u00f6rt, d\u00fcrfte zu Panzern nicht schweigen. So ein M1 Abrams verbraucht immerhin locker mal hundert Liter Kraftstoff auf hundert Kilometer.<\/p>\n<p>Die Cousinen Neubauer und Reemtsma k\u00f6nnten hier den Beweis f\u00fchren, dass man CO2 einsparen kann, ohne irgendjemandem irgendetwas wegzunehmen. Die ganze Nummer k\u00f6nnte unterbleiben. Sie k\u00f6nnten sogar beweisen, ob sie so etwas wie echten Mut besitzen, sprich, im Stande sind, zu \u00dcberzeugungen zu stehen, f\u00fcr die die Journaille sie nicht streichelt; ob sie sich auch dort engagieren, wo ihre Gegner wom\u00f6glich st\u00e4rker sind als sie, reicher, m\u00e4chtiger, statt, auf ihren Gelds\u00e4cken sitzend, den Indern das Recht auf Entwicklung abzusprechen. Ja, es w\u00e4re sogar eine wunderbare Gelegenheit f\u00fcr die zwei Erbinnen, sich mit dem Kapitel Reemtsma auf der Krim zu befassen, so im Gesamtzusammenhang Reemtsma und der Zweite Weltkrieg, was mit Sicherheit weit entspannter geht, wenn man zumindest ein bisschen dazu beitr\u00e4gt, einen dritten zu verhindern.<\/p>\n<p>Doch Mademoiselle ist gr\u00fcn, und sollte sie je Scham \u00fcber irgendetwas empfunden haben, das mit Russland zu tun hat, wurde sie bestimmt bereits transatlantisch kauterisiert. Immerhin ist man dem Familienverm\u00f6gen verpflichtet, und das hat beim letzten Ostlandritt nicht gerade Schaden genommen. Insofern folgt es einer strikten Logik, dass nicht nur die <a href=\"https:\/\/kenfm.de\/tagesdosis-20-9-2019-der-blinde-fleck\/\" target=\"_blank\" rel=\"noopener noreferrer\">Containerschifffahrt<\/a>, sondern auch das NATO- und US-Gebaren tabu sind; die b\u00f6sen Russen h\u00e4tten schlie\u00dflich, w\u00e4ren sie bis Hamburg vorgedrungen, die Sippschaft so wie andere Kriegsprofiteure ihres Reichtums entledigt, und Mademoiselle Neubauer m\u00fcsste selbst ihr Fahrrad aufpumpen und sich ein Spiegelei braten, ja, wom\u00f6glich ihren Lebensunterhalt durch Arbeit verdienen; schon die Androhung eines solch grausamen Schicksals kann nicht vergeben werden, auch nach drei Generationen nicht.<\/p>\n<p>Vielleicht war es aber ein Handel zwischen Herrn Kaeser und Mademoiselle Neubauer. Er bekommt die Gelegenheit, sich als besonders standfester Vertragspartner zu profilieren, und verhilft ihr zur Aura, zu H\u00f6herem bestimmt zu sein, w\u00e4hrend die J\u00fcnger von FFF mit v\u00f6llig unsinnigen Protesten besch\u00e4ftigt werden, die nur eins in den K\u00f6pfen verankern, n\u00e4mlich, dass wir Deutschen das Recht haben, \u00fcber das Schicksal der Inder zu bestimmen. Und ganz nebenbei wird mit viel nutzloser Aktivit\u00e4t verhindert, dass die so bildf\u00fcllend Scheinsterbenden sich Gedanken \u00fcber den viel n\u00e4heren m\u00f6glichen Tod machen, der durch die aggressive Politik der NATO droht. In diesem Falle gingen tats\u00e4chlich Kaeser und Neubauer als Sieger vom Platz, w\u00e4hrend das Land und der Frieden als Verlierer zur\u00fcckbleiben.<\/p>\n<p style=\"text-align: right;\"><em>Dagmar Henn ist Mitglied des Deutschen Freidenker-Verbandes<\/em><\/p>\n<p><em>RT Deutsch bem\u00fcht sich um ein breites Meinungsspektrum. Gastbeitr\u00e4ge und Meinungsartikel m\u00fcssen nicht die Sichtweise der Redaktion widerspiegeln.<\/em><\/p>\n<hr \/>\n<p><span style=\"font-size: 10pt;\">Bild: Luisa Neubauer <span class=\"mw-mmv-title\">auf der TINCON @ <a title=\"Re:publica\" href=\"https:\/\/de.wikipedia.org\/wiki\/Re:publica\" target=\"_blank\" rel=\"noopener noreferrer\">re:publica<\/a> 2019<br \/>\nFoto: <\/span>Ot &#8211; Eigenes Werk, CC BY-SA 4.0<\/span><br \/>\n<span style=\"font-size: 10pt;\">Quelle: <a href=\"https:\/\/commons.wikimedia.org\/w\/index.php?curid=78886487\" target=\"_blank\" rel=\"noopener noreferrer\">https:\/\/commons.wikimedia.org\/w\/index.php?curid=78886487<\/a><\/span><\/p>\n","protected":false},"excerpt":{"rendered":"<p><b>Beitrag von Dagmar Henn<\/b><br \/>\nDa hat er sich vertan, der Herr Kaeser. Der Siemens-Chef hat vergessen, dass er f\u00fcr solche Zeitgenossen wie Mademoiselle Neubauer auch nur ein besserer Prolet ist, der f\u00fcr seine Millionen arbeiten muss. Und dass sie sich ihr gew\u00e4hltes Steckenpferd, die Politik, oder vielmehr ihren Ruf darin, nicht besch\u00e4digen lassen wird, um im Kreise alter wei\u00dfer M\u00e4nner in langweiligen Sitzungszimmern herumzusitzen, und das f\u00fcr ein Handgeld, das sie vermutlich als Taschengeld bekommt. <\/p>\n","protected":false},"author":3,"featured_media":7446,"comment_status":"closed","ping_status":"closed","sticky":false,"template":"","format":"standard","meta":{"colormag_page_container_layout":"default_layout","colormag_page_sidebar_layout":"default_layout","advanced_seo_description":"","jetpack_seo_html_title":"","jetpack_seo_noindex":false,"jetpack_post_was_ever_published":false,"footnotes":""},"categories":[12],"tags":[1229,1170,1228,1230,72],"class_list":["post-7445","post","type-post","status-publish","format-standard","has-post-thumbnail","hentry","category-demokratie-medien-aufklaerung","tag-australien","tag-co2","tag-fridays-for-future","tag-indien","tag-klimaschutz"],"jetpack_featured_media_url":"https:\/\/i0.wp.com\/www.freidenker.org\/fw17\/wp-content\/uploads\/2020\/01\/Luisa_Neubauer-rp19_800x445.jpg?fit=800%2C445&ssl=1","jetpack_shortlink":"https:\/\/wp.me\/p9stpK-1W5","jetpack-related-posts":[{"id":17640,"url":"https:\/\/www.freidenker.org\/?p=17640","url_meta":{"origin":7445,"position":0},"title":"Gewerkschaft und &#8222;Klimasch\u00fctzer&#8220; \u2013 ein B\u00fcndnis zwischen Kalb und Metzger","author":"Webredaktion","date":"12. Dezember 2023","format":false,"excerpt":"Beitrag von Dagmar Henn Man h\u00e4tte es im Grunde ahnen k\u00f6nnen, als der Gr\u00fcne Frank Bsirske zum Vorsitzenden der zweitgr\u00f6\u00dften deutschen Gewerkschaft Verdi wurde. Aber damals war noch nicht ganz so klar, worauf diese gesamte gr\u00fcne Politik hinausl\u00e4uft. Inzwischen liegt das auf dem Tisch. Noch h\u00f6here Mieten, noch weniger Wohnungen,\u2026","rel":"","context":"In &quot;Arbeit &amp; Soziales&quot;","block_context":{"text":"Arbeit &amp; Soziales","link":"https:\/\/www.freidenker.org\/?cat=11"},"img":{"alt_text":"","src":"https:\/\/i0.wp.com\/www.freidenker.org\/fw17\/wp-content\/uploads\/2023\/12\/Gewerkschaft_Klima_800x450.jpg?fit=800%2C450&ssl=1&resize=350%2C200","width":350,"height":200,"srcset":"https:\/\/i0.wp.com\/www.freidenker.org\/fw17\/wp-content\/uploads\/2023\/12\/Gewerkschaft_Klima_800x450.jpg?fit=800%2C450&ssl=1&resize=350%2C200 1x, https:\/\/i0.wp.com\/www.freidenker.org\/fw17\/wp-content\/uploads\/2023\/12\/Gewerkschaft_Klima_800x450.jpg?fit=800%2C450&ssl=1&resize=525%2C300 1.5x, https:\/\/i0.wp.com\/www.freidenker.org\/fw17\/wp-content\/uploads\/2023\/12\/Gewerkschaft_Klima_800x450.jpg?fit=800%2C450&ssl=1&resize=700%2C400 2x"},"classes":[]},{"id":22682,"url":"https:\/\/www.freidenker.org\/?p=22682","url_meta":{"origin":7445,"position":1},"title":"Der tolle Herr Fratzscher und das Pflichtjahr f\u00fcr Rentner","author":"Webredaktion","date":"29. August 2025","format":false,"excerpt":"Beitrag von Dagmar Henn Wirklich. Ein wohlbestallter Herr Professor, 54, meint, eigentlich sollten doch die Rentner ein Pflichtjahr leisten, sozial oder bei der Bundeswehr, wo es doch so wenige Junge gibt. Marcel Fratzscher hatte auch sonst schon seltsame Ideen. Ehe man sich \u00fcberhaupt damit besch\u00e4ftigt, was der Pr\u00e4sident des Deutschen\u2026","rel":"","context":"In &quot;Arbeit &amp; Soziales&quot;","block_context":{"text":"Arbeit &amp; Soziales","link":"https:\/\/www.freidenker.org\/?cat=11"},"img":{"alt_text":"","src":"https:\/\/i0.wp.com\/www.freidenker.org\/fw17\/wp-content\/uploads\/2025\/08\/2025-01-27-Marcel_Fratzschner-Hart_aber_fair-1454_800x450.jpg?fit=800%2C450&ssl=1&resize=350%2C200","width":350,"height":200,"srcset":"https:\/\/i0.wp.com\/www.freidenker.org\/fw17\/wp-content\/uploads\/2025\/08\/2025-01-27-Marcel_Fratzschner-Hart_aber_fair-1454_800x450.jpg?fit=800%2C450&ssl=1&resize=350%2C200 1x, https:\/\/i0.wp.com\/www.freidenker.org\/fw17\/wp-content\/uploads\/2025\/08\/2025-01-27-Marcel_Fratzschner-Hart_aber_fair-1454_800x450.jpg?fit=800%2C450&ssl=1&resize=525%2C300 1.5x, https:\/\/i0.wp.com\/www.freidenker.org\/fw17\/wp-content\/uploads\/2025\/08\/2025-01-27-Marcel_Fratzschner-Hart_aber_fair-1454_800x450.jpg?fit=800%2C450&ssl=1&resize=700%2C400 2x"},"classes":[]},{"id":14545,"url":"https:\/\/www.freidenker.org\/?p=14545","url_meta":{"origin":7445,"position":2},"title":"Des Kaisers neuer Klebstoff \u2013 &#8222;Klimaproteste&#8220; bei Porsche","author":"Webredaktion","date":"31. Oktober 2022","format":false,"excerpt":"Beitrag von Dagmar Henn Das ist wirklich nur noch absurdes Theater. W\u00e4hrend auf der einen Seite die Ma\u00dfnahmen gegen jede Abweichung von der offiziellen Linie immer massiver werden, steigen die Erwartungen der \"Klimaprotestler\" stetig weiter an. Sie sind schlie\u00dflich die \"Guten\" und f\u00f6rdern die Strategie der Herrschenden, also muss man\u2026","rel":"","context":"In &quot;Demokratie \u2013 Medien \u2013 Aufkl\u00e4rung&quot;","block_context":{"text":"Demokratie \u2013 Medien \u2013 Aufkl\u00e4rung","link":"https:\/\/www.freidenker.org\/?cat=12"},"img":{"alt_text":"","src":"https:\/\/i0.wp.com\/www.freidenker.org\/fw17\/wp-content\/uploads\/2022\/10\/Der_Aufstand_der_Letzten_Generation_blockiert_Strasse_am_Hauptbahnhof_51848563018_800x450.jpg?fit=800%2C450&ssl=1&resize=350%2C200","width":350,"height":200,"srcset":"https:\/\/i0.wp.com\/www.freidenker.org\/fw17\/wp-content\/uploads\/2022\/10\/Der_Aufstand_der_Letzten_Generation_blockiert_Strasse_am_Hauptbahnhof_51848563018_800x450.jpg?fit=800%2C450&ssl=1&resize=350%2C200 1x, https:\/\/i0.wp.com\/www.freidenker.org\/fw17\/wp-content\/uploads\/2022\/10\/Der_Aufstand_der_Letzten_Generation_blockiert_Strasse_am_Hauptbahnhof_51848563018_800x450.jpg?fit=800%2C450&ssl=1&resize=525%2C300 1.5x, https:\/\/i0.wp.com\/www.freidenker.org\/fw17\/wp-content\/uploads\/2022\/10\/Der_Aufstand_der_Letzten_Generation_blockiert_Strasse_am_Hauptbahnhof_51848563018_800x450.jpg?fit=800%2C450&ssl=1&resize=700%2C400 2x"},"classes":[]},{"id":11864,"url":"https:\/\/www.freidenker.org\/?p=11864","url_meta":{"origin":7445,"position":3},"title":"Frankreichs s\u00fc\u00dfe Rache","author":"Webredaktion","date":"26. Dezember 2021","format":false,"excerpt":"Beitrag von Rainer Rupp Als Frankreich j\u00fcngst auf hinterh\u00e4ltig Art und Weise \u2013 vor allem von Washington, aber auch von London \u2013 bei dem 50 Milliarden Euro-Jahrhundertgesch\u00e4ft mit Australien \u00fcber die Lieferung von 12 dieselgetriebenen U-Booten wortw\u00f6rtlich \u00fcber Nacht ausgebootet worden war, kochte in Paris die Wut \u00fcber, denn die\u2026","rel":"","context":"In &quot;Frieden - Antifaschismus - Solidarit\u00e4t&quot;","block_context":{"text":"Frieden - Antifaschismus - Solidarit\u00e4t","link":"https:\/\/www.freidenker.org\/?cat=13"},"img":{"alt_text":"","src":"https:\/\/i0.wp.com\/www.freidenker.org\/fw17\/wp-content\/uploads\/2021\/12\/Paris_Air_Show_2015_150621-F-RN211-248_800x450.jpg?fit=800%2C450&ssl=1&resize=350%2C200","width":350,"height":200,"srcset":"https:\/\/i0.wp.com\/www.freidenker.org\/fw17\/wp-content\/uploads\/2021\/12\/Paris_Air_Show_2015_150621-F-RN211-248_800x450.jpg?fit=800%2C450&ssl=1&resize=350%2C200 1x, https:\/\/i0.wp.com\/www.freidenker.org\/fw17\/wp-content\/uploads\/2021\/12\/Paris_Air_Show_2015_150621-F-RN211-248_800x450.jpg?fit=800%2C450&ssl=1&resize=525%2C300 1.5x, https:\/\/i0.wp.com\/www.freidenker.org\/fw17\/wp-content\/uploads\/2021\/12\/Paris_Air_Show_2015_150621-F-RN211-248_800x450.jpg?fit=800%2C450&ssl=1&resize=700%2C400 2x"},"classes":[]},{"id":17775,"url":"https:\/\/www.freidenker.org\/?p=17775","url_meta":{"origin":7445,"position":4},"title":"M\u00fcntefering: Nationalismus ist, wenn man sich um das eigene Land k\u00fcmmert","author":"Webredaktion","date":"7. Januar 2024","format":false,"excerpt":"Beitrag von Dagmar Henn Erinnert sich noch jemand an Franz M\u00fcntefering, Generalsekret\u00e4r der SPD unter Gerhard Schr\u00f6der? Jener M\u00fcntefering, der unter der Regierung Kohl st\u00e4ndig von den sozialen Problemen sprach, um dann an der Regierung Hartz IV durchsetzen zu helfen? Eigentlich eine Gestalt der Vergangenheit; nun hat aber die S\u00fcddeutsche\u2026","rel":"","context":"In &quot;Arbeit &amp; Soziales&quot;","block_context":{"text":"Arbeit &amp; Soziales","link":"https:\/\/www.freidenker.org\/?cat=11"},"img":{"alt_text":"","src":"https:\/\/i0.wp.com\/www.freidenker.org\/fw17\/wp-content\/uploads\/2024\/01\/Franz_Muentefering_at_Frankfurt_Book_Fair_2018_800x450.jpg?fit=800%2C450&ssl=1&resize=350%2C200","width":350,"height":200,"srcset":"https:\/\/i0.wp.com\/www.freidenker.org\/fw17\/wp-content\/uploads\/2024\/01\/Franz_Muentefering_at_Frankfurt_Book_Fair_2018_800x450.jpg?fit=800%2C450&ssl=1&resize=350%2C200 1x, https:\/\/i0.wp.com\/www.freidenker.org\/fw17\/wp-content\/uploads\/2024\/01\/Franz_Muentefering_at_Frankfurt_Book_Fair_2018_800x450.jpg?fit=800%2C450&ssl=1&resize=525%2C300 1.5x, https:\/\/i0.wp.com\/www.freidenker.org\/fw17\/wp-content\/uploads\/2024\/01\/Franz_Muentefering_at_Frankfurt_Book_Fair_2018_800x450.jpg?fit=800%2C450&ssl=1&resize=700%2C400 2x"},"classes":[]},{"id":24644,"url":"https:\/\/www.freidenker.org\/?p=24644","url_meta":{"origin":7445,"position":5},"title":"FREIDENKER 1-26 \u2013 Multipolare Welt gegen imperialistische Hegemonie","author":"Webredaktion","date":"23. M\u00e4rz 2026","format":false,"excerpt":"Die Ausgabe 1-26 des Verbandsorgans FREIDENKER hat das Schwerpunkt-Thema \u201eMultipolare Welt gegen imperialistische Hegemonie\u201c und enth\u00e4lt u.a. folgende Beitr\u00e4ge: - Elke Zwinge-Makamizile: Die BRICS-Staaten \u2013 Motor der multipolaren Entwicklung - Uwe Behrens: China und die Neue Seidenstra\u00dfe - Ibrahim Traor\u00e9: Neutralit\u00e4t ist keine Option - Werner R\u00fcgemer: Das gef\u00e4hrliche Endspiel\u2026","rel":"","context":"In &quot;Verbandsorgan FREIDENKER&quot;","block_context":{"text":"Verbandsorgan FREIDENKER","link":"https:\/\/www.freidenker.org\/?cat=8"},"img":{"alt_text":"","src":"https:\/\/i0.wp.com\/www.freidenker.org\/fw17\/wp-content\/uploads\/2026\/03\/FD_2026-01_Titel.jpg?fit=800%2C445&ssl=1&resize=350%2C200","width":350,"height":200,"srcset":"https:\/\/i0.wp.com\/www.freidenker.org\/fw17\/wp-content\/uploads\/2026\/03\/FD_2026-01_Titel.jpg?fit=800%2C445&ssl=1&resize=350%2C200 1x, https:\/\/i0.wp.com\/www.freidenker.org\/fw17\/wp-content\/uploads\/2026\/03\/FD_2026-01_Titel.jpg?fit=800%2C445&ssl=1&resize=525%2C300 1.5x, https:\/\/i0.wp.com\/www.freidenker.org\/fw17\/wp-content\/uploads\/2026\/03\/FD_2026-01_Titel.jpg?fit=800%2C445&ssl=1&resize=700%2C400 2x"},"classes":[]}],"_links":{"self":[{"href":"https:\/\/www.freidenker.org\/index.php?rest_route=\/wp\/v2\/posts\/7445","targetHints":{"allow":["GET"]}}],"collection":[{"href":"https:\/\/www.freidenker.org\/index.php?rest_route=\/wp\/v2\/posts"}],"about":[{"href":"https:\/\/www.freidenker.org\/index.php?rest_route=\/wp\/v2\/types\/post"}],"author":[{"embeddable":true,"href":"https:\/\/www.freidenker.org\/index.php?rest_route=\/wp\/v2\/users\/3"}],"replies":[{"embeddable":true,"href":"https:\/\/www.freidenker.org\/index.php?rest_route=%2Fwp%2Fv2%2Fcomments&post=7445"}],"version-history":[{"count":0,"href":"https:\/\/www.freidenker.org\/index.php?rest_route=\/wp\/v2\/posts\/7445\/revisions"}],"wp:featuredmedia":[{"embeddable":true,"href":"https:\/\/www.freidenker.org\/index.php?rest_route=\/wp\/v2\/media\/7446"}],"wp:attachment":[{"href":"https:\/\/www.freidenker.org\/index.php?rest_route=%2Fwp%2Fv2%2Fmedia&parent=7445"}],"wp:term":[{"taxonomy":"category","embeddable":true,"href":"https:\/\/www.freidenker.org\/index.php?rest_route=%2Fwp%2Fv2%2Fcategories&post=7445"},{"taxonomy":"post_tag","embeddable":true,"href":"https:\/\/www.freidenker.org\/index.php?rest_route=%2Fwp%2Fv2%2Ftags&post=7445"}],"curies":[{"name":"wp","href":"https:\/\/api.w.org\/{rel}","templated":true}]}}