{"id":7383,"date":"2020-01-05T02:59:28","date_gmt":"2020-01-05T01:59:28","guid":{"rendered":"https:\/\/www.freidenker.org\/?p=7383"},"modified":"2020-01-19T13:14:11","modified_gmt":"2020-01-19T12:14:11","slug":"freidenker-im-gespraech-am-13-01-2020-nato-macht-mobil-gegen-russland","status":"publish","type":"post","link":"https:\/\/www.freidenker.org\/?p=7383","title":{"rendered":"Freidenker im Gespr\u00e4ch am 13.01.2020: NATO macht mobil \u2013 gegen Russland"},"content":{"rendered":"<p style=\"text-align: center;\">Einladung zur <strong>Berliner Runde \u2013 Freidenker im Gespr\u00e4ch<\/strong>:<\/p>\n<table style=\"border-collapse: collapse; width: 100%;\">\n<tbody>\n<tr>\n<td style=\"width: 100%; background-color: #000000; text-align: center;\"><span style=\"color: #ffffff;\"><strong>Zum 75. Jahrestag der Befreiung von Krieg und Faschismus<\/strong><\/span><\/td>\n<\/tr>\n<\/tbody>\n<\/table>\n<h4 style=\"text-align: center;\">NATO macht mobil \u2013 gegen Russland<\/h4>\n<p style=\"text-align: center;\">Vortrag und Diskussion mit <strong>Klaus Hartmann<\/strong><br \/>\nBundesvorsitzender des Deutschen Freidenker-Verbandes<\/p>\n<p style=\"text-align: center;\"><span style=\"font-size: 14pt;\"><strong>Montag, den 13. Januar 2020, 16.00 Uhr<\/strong><\/span><\/p>\n<p style=\"text-align: center;\"><strong>ND-Geb\u00e4ude, Seminarraum 1, Franz-Mehring-Platz 1, <\/strong><strong>10243 Berlin<br \/>\n<\/strong>(S-Ostbahnhof oder U5-Weberwiese)<\/p>\n<p>Von Januar bis Mai 2020 planen die USA und NATO-Staaten ein Gro\u00dfman\u00f6ver zur trans\u00adatlantischen Mobilmachung gegen Russland. Eine Invasion von 20.000 US-Soldaten ver\u00adst\u00e4rkt die bereits stationierten 17.000, der gr\u00f6\u00dfte Aufmarsch seit Ende des \u201eKalten Krieges\u201c.<\/p>\n<p>Zweck ist es, in kurzer Zeit kampfstarke Gro\u00dfverb\u00e4nde mit Panzern und Soldaten quer durch Europa an die russische Grenze zu verlegen. F\u00fcr die Erh\u00f6hung der \u201emilit\u00e4rischen Mobilit\u00e4t\u201c baut die \u201eFriedensmacht\u201c EU mit 6,5 Milliarden Euro Stra\u00dfen und Br\u00fccken \u201ekriegsverwendungsf\u00e4hig\u201c aus.<\/p>\n<p>Das Territorium der DDR, des gewesenen antifaschistischen Friedensstaates, soll zum Truppenaufmarschgebiet gegen Russland ge\u00admacht und seine Bewohner einmal mehr ge\u00addem\u00fctigt werden. Die imperialistische Propa\u00adganda will die Ergebnisse des 8. Mai 1945 an\u00adnullieren, den ma\u00dfgeblichen Anteil der Roten Armee an der Niederschlagung des Faschis\u00admus aus den Geschichtsb\u00fcchern streichen.<\/p>\n<p>Welche Regionen sind besonders betrof\u00adfen? <strong>Welchen Beitrag k\u00f6nnen wir zum Widerstand der Bev\u00f6lkerung gegen diesen Affront der NATO-Kriegstreiber leisten?<\/strong><\/p>\n<p><img data-recalc-dims=\"1\" loading=\"lazy\" decoding=\"async\" data-attachment-id=\"7386\" data-permalink=\"https:\/\/www.freidenker.org\/?attachment_id=7386\" data-orig-file=\"https:\/\/i0.wp.com\/www.freidenker.org\/fw17\/wp-content\/uploads\/2020\/01\/einladung_berlin_2020-01.jpg?fit=649%2C913&amp;ssl=1\" data-orig-size=\"649,913\" data-comments-opened=\"0\" data-image-meta=\"{&quot;aperture&quot;:&quot;0&quot;,&quot;credit&quot;:&quot;&quot;,&quot;camera&quot;:&quot;&quot;,&quot;caption&quot;:&quot;&quot;,&quot;created_timestamp&quot;:&quot;0&quot;,&quot;copyright&quot;:&quot;&quot;,&quot;focal_length&quot;:&quot;0&quot;,&quot;iso&quot;:&quot;0&quot;,&quot;shutter_speed&quot;:&quot;0&quot;,&quot;title&quot;:&quot;&quot;,&quot;orientation&quot;:&quot;1&quot;}\" data-image-title=\"einladung_berlin_2020-01\" data-image-description=\"\" data-image-caption=\"\" data-large-file=\"https:\/\/i0.wp.com\/www.freidenker.org\/fw17\/wp-content\/uploads\/2020\/01\/einladung_berlin_2020-01.jpg?fit=649%2C913&amp;ssl=1\" class=\"alignnone wp-image-7386 size-full\" src=\"https:\/\/i0.wp.com\/www.freidenker.org\/fw17\/wp-content\/uploads\/2020\/01\/einladung_berlin_2020-01.jpg?resize=649%2C913&#038;ssl=1\" alt=\"\" width=\"649\" height=\"913\" srcset=\"https:\/\/i0.wp.com\/www.freidenker.org\/fw17\/wp-content\/uploads\/2020\/01\/einladung_berlin_2020-01.jpg?w=649&amp;ssl=1 649w, https:\/\/i0.wp.com\/www.freidenker.org\/fw17\/wp-content\/uploads\/2020\/01\/einladung_berlin_2020-01.jpg?resize=213%2C300&amp;ssl=1 213w\" sizes=\"auto, (max-width: 649px) 100vw, 649px\" \/><\/p>\n<hr \/>\n<h4>Downloads<\/h4>\n<p><img data-recalc-dims=\"1\" loading=\"lazy\" decoding=\"async\" data-attachment-id=\"1076\" data-permalink=\"https:\/\/www.freidenker.org\/?attachment_id=1076\" data-orig-file=\"https:\/\/i0.wp.com\/www.freidenker.org\/fw17\/wp-content\/uploads\/2017\/10\/pdf_icon-2.png?fit=32%2C32&amp;ssl=1\" data-orig-size=\"32,32\" data-comments-opened=\"0\" data-image-meta=\"{&quot;aperture&quot;:&quot;0&quot;,&quot;credit&quot;:&quot;&quot;,&quot;camera&quot;:&quot;&quot;,&quot;caption&quot;:&quot;&quot;,&quot;created_timestamp&quot;:&quot;0&quot;,&quot;copyright&quot;:&quot;&quot;,&quot;focal_length&quot;:&quot;0&quot;,&quot;iso&quot;:&quot;0&quot;,&quot;shutter_speed&quot;:&quot;0&quot;,&quot;title&quot;:&quot;&quot;,&quot;orientation&quot;:&quot;0&quot;}\" data-image-title=\"pdf_icon\" data-image-description=\"\" data-image-caption=\"\" data-large-file=\"https:\/\/i0.wp.com\/www.freidenker.org\/fw17\/wp-content\/uploads\/2017\/10\/pdf_icon-2.png?fit=32%2C32&amp;ssl=1\" class=\"alignnone size-full wp-image-1076\" src=\"https:\/\/i0.wp.com\/www.freidenker.org\/fw17\/wp-content\/uploads\/2017\/10\/pdf_icon-2.png?resize=32%2C32&#038;ssl=1\" alt=\"\" width=\"32\" height=\"32\" \/> <a href=\"https:\/\/www.freidenker.org\/fw17\/wp-content\/uploads\/2020\/01\/200113-Berlin_v04_kh.pdf\" target=\"_blank\" rel=\"noopener noreferrer\"><strong>Flyer zur Veranstaltung<\/strong><\/a> ansehen oder herunterladen (PDF-Dokument, ca. 976 KB)<\/p>\n<hr \/>\n<p>Bild oben: Collage: rlx<br \/>\nFotos: \u00a9 arbeiterfotografie, sputnik<\/p>\n","protected":false},"excerpt":{"rendered":"<p><b>Berliner Runde \u2013 Freidenker im Gespr\u00e4ch:<\/b><br \/>\nVortrag und Diskussion mit Klaus Hartmann, Bundesvorsitzender des Deutschen Freidenker-Verbandes<br \/>\nMontag, den 13. Januar 2020, 16.00 Uhr, ND-Geb\u00e4ude, Seminarraum 1, Franz-Mehring-Platz 1, 10243 Berlin<br \/>\nVon Januar bis Mai 2020 planen die USA und NATO-Staaten ein Gro\u00dfman\u00f6ver zur trans\u00adatlantischen Mobilmachung gegen Russland. Eine Invasion von 20.000 US-Soldaten ver\u00adst\u00e4rkt die bereits stationierten 17.000, der gr\u00f6\u00dfte Aufmarsch seit Ende des \u201eKalten Krieges\u201c. Zweck ist es, in kurzer Zeit kampfstarke Gro\u00dfverb\u00e4nde mit Panzern und Soldaten quer durch Europa an die russische Grenze zu verlegen. <\/p>\n","protected":false},"author":3,"featured_media":7388,"comment_status":"closed","ping_status":"closed","sticky":false,"template":"","format":"standard","meta":{"colormag_page_container_layout":"default_layout","colormag_page_sidebar_layout":"default_layout","advanced_seo_description":"","jetpack_seo_html_title":"","jetpack_seo_noindex":false,"jetpack_post_was_ever_published":false,"footnotes":""},"categories":[13,19],"tags":[335,1207,56,222,422,489],"class_list":["post-7383","post","type-post","status-publish","format-standard","has-post-thumbnail","hentry","category-frieden-antifaschismus-solidaritaet","category-veranstaltungen-in-den-dfv-landesverbaenden","tag-frieden","tag-manoever","tag-nato","tag-russland","tag-ruestung","tag-widerstand"],"jetpack_featured_media_url":"https:\/\/i0.wp.com\/www.freidenker.org\/fw17\/wp-content\/uploads\/2020\/01\/Einladung_Berlin_2020-01-13.jpg?fit=800%2C445&ssl=1","jetpack_shortlink":"https:\/\/wp.me\/p9stpK-1V5","jetpack-related-posts":[{"id":7524,"url":"https:\/\/www.freidenker.org\/?p=7524","url_meta":{"origin":7383,"position":0},"title":"Vortrag und Diskussion am 08.02.2020: NATO macht mobil \u2013 gegen Russland","author":"Webredaktion","date":"5. Februar 2020","format":false,"excerpt":"Einladung zu Vortrag und Diskussion mit Klaus Hartmann, Bundesvorsitzender des Deutschen Freidenker-Verbandes am Samstag, den 8. Februar 2020, 14.00 Uhr in Frankfurt a.M. Von Januar bis Mai 2020 planen die USA und NATO-Staaten ein Gro\u00dfman\u00f6ver zur trans\u00adatlantischen Mobilmachung gegen Russland. Eine Invasion von 20.000 US-Soldaten ver\u00adst\u00e4rkt die bereits stationierten 17.000,\u2026","rel":"","context":"In &quot;Frieden - Antifaschismus - Solidarit\u00e4t&quot;","block_context":{"text":"Frieden - Antifaschismus - Solidarit\u00e4t","link":"https:\/\/www.freidenker.org\/?cat=13"},"img":{"alt_text":"","src":"https:\/\/i0.wp.com\/www.freidenker.org\/fw17\/wp-content\/uploads\/2020\/02\/hartmann_vortrag_800x445.jpg?fit=800%2C445&ssl=1&resize=350%2C200","width":350,"height":200,"srcset":"https:\/\/i0.wp.com\/www.freidenker.org\/fw17\/wp-content\/uploads\/2020\/02\/hartmann_vortrag_800x445.jpg?fit=800%2C445&ssl=1&resize=350%2C200 1x, https:\/\/i0.wp.com\/www.freidenker.org\/fw17\/wp-content\/uploads\/2020\/02\/hartmann_vortrag_800x445.jpg?fit=800%2C445&ssl=1&resize=525%2C300 1.5x, https:\/\/i0.wp.com\/www.freidenker.org\/fw17\/wp-content\/uploads\/2020\/02\/hartmann_vortrag_800x445.jpg?fit=800%2C445&ssl=1&resize=700%2C400 2x"},"classes":[]},{"id":3880,"url":"https:\/\/www.freidenker.org\/?p=3880","url_meta":{"origin":7383,"position":1},"title":"Freidenker im Gespr\u00e4ch \u2013 Notwendige B\u00fcndnisse heute","author":"Webredaktion","date":"9. Januar 2018","format":false,"excerpt":"Berliner Runde \u2013 Freidenker im Gespr\u00e4ch mit Klaus Hartmann am 16. Januar 2018 Ramstein, B\u00fcchel, gegen US-Milit\u00e4r\u00adst\u00fctzpunkte, Anti-Drohnen-Bewegung, \u201eabr\u00fcsten statt aufr\u00fcsten\u201c, Deutschland raus aus der NATO \u2013 NATO raus aus Deutschland, weg mit Feindbildern, hin zum V\u00f6lkerrecht. Wenn diese Ziele anerkannt sind, wie steht es mit der \u00dcbereinstimmung \u00fcber den\u2026","rel":"","context":"In &quot;Veranstaltungen in den DFV-Landesverb\u00e4nden&quot;","block_context":{"text":"Veranstaltungen in den DFV-Landesverb\u00e4nden","link":"https:\/\/www.freidenker.org\/?cat=19"},"img":{"alt_text":"","src":"https:\/\/i0.wp.com\/www.freidenker.org\/fw17\/wp-content\/uploads\/2018\/01\/33-2017-11-18-gmv-5888_800x445.jpg?fit=800%2C445&ssl=1&resize=350%2C200","width":350,"height":200,"srcset":"https:\/\/i0.wp.com\/www.freidenker.org\/fw17\/wp-content\/uploads\/2018\/01\/33-2017-11-18-gmv-5888_800x445.jpg?fit=800%2C445&ssl=1&resize=350%2C200 1x, https:\/\/i0.wp.com\/www.freidenker.org\/fw17\/wp-content\/uploads\/2018\/01\/33-2017-11-18-gmv-5888_800x445.jpg?fit=800%2C445&ssl=1&resize=525%2C300 1.5x, https:\/\/i0.wp.com\/www.freidenker.org\/fw17\/wp-content\/uploads\/2018\/01\/33-2017-11-18-gmv-5888_800x445.jpg?fit=800%2C445&ssl=1&resize=700%2C400 2x"},"classes":[]},{"id":5808,"url":"https:\/\/www.freidenker.org\/?p=5808","url_meta":{"origin":7383,"position":2},"title":"Diskussion: 20 Jahre nach dem NATO-\u00dcberfall auf Jugoslawien","author":"Webredaktion","date":"30. Januar 2019","format":false,"excerpt":"Am 16.01.2019 folgten mehr als 65 Interessierte der Einladung der Berliner Freidenker zur Diskussion mit Klaus Hartmann zum Thema \"20 Jahre nach dem NATO-\u00dcberfall auf Jugoslawien \u2013 Die neokoloniale Neuaufteilung der Welt und der Kampf f\u00fcr die multipolare Weltordnung\". Klaus Hartmann wies auf die fr\u00fche Einsch\u00e4tzung der Freidenker in den\u2026","rel":"","context":"In &quot;Frieden - Antifaschismus - Solidarit\u00e4t&quot;","block_context":{"text":"Frieden - Antifaschismus - Solidarit\u00e4t","link":"https:\/\/www.freidenker.org\/?cat=13"},"img":{"alt_text":"","src":"https:\/\/i0.wp.com\/www.freidenker.org\/fw17\/wp-content\/uploads\/2019\/01\/190116_Podium_ND_02.jpg?fit=800%2C445&ssl=1&resize=350%2C200","width":350,"height":200,"srcset":"https:\/\/i0.wp.com\/www.freidenker.org\/fw17\/wp-content\/uploads\/2019\/01\/190116_Podium_ND_02.jpg?fit=800%2C445&ssl=1&resize=350%2C200 1x, https:\/\/i0.wp.com\/www.freidenker.org\/fw17\/wp-content\/uploads\/2019\/01\/190116_Podium_ND_02.jpg?fit=800%2C445&ssl=1&resize=525%2C300 1.5x, https:\/\/i0.wp.com\/www.freidenker.org\/fw17\/wp-content\/uploads\/2019\/01\/190116_Podium_ND_02.jpg?fit=800%2C445&ssl=1&resize=700%2C400 2x"},"classes":[]},{"id":5761,"url":"https:\/\/www.freidenker.org\/?p=5761","url_meta":{"origin":7383,"position":3},"title":"Vortrag am 16.01.2019: 20 Jahre nach dem NATO-\u00dcberfall auf Jugoslawien","author":"Webredaktion","date":"14. Januar 2019","format":false,"excerpt":"Einladung zu einem Vortrag von Klaus Hartmann (Bundesvorsitzender des Deutschen Freidenker-Verbandes) 20 Jahre nach dem NATO-\u00dcberfall auf Jugoslawien \u2013 Die neokoloniale Neuaufteilung der Welt und der Kampf f\u00fcr die multipolare Weltordnung Mittwoch, 16. Januar 2019, 18.00 Uhr, ND-Geb\u00e4ude, Franz-Mehring-Platz 1, 10243 Berlin","rel":"","context":"In &quot;Frieden - Antifaschismus - Solidarit\u00e4t&quot;","block_context":{"text":"Frieden - Antifaschismus - Solidarit\u00e4t","link":"https:\/\/www.freidenker.org\/?cat=13"},"img":{"alt_text":"","src":"https:\/\/i0.wp.com\/www.freidenker.org\/fw17\/wp-content\/uploads\/2019\/01\/Hartmann_Belgrad_800x445.jpg?fit=800%2C445&ssl=1&resize=350%2C200","width":350,"height":200,"srcset":"https:\/\/i0.wp.com\/www.freidenker.org\/fw17\/wp-content\/uploads\/2019\/01\/Hartmann_Belgrad_800x445.jpg?fit=800%2C445&ssl=1&resize=350%2C200 1x, https:\/\/i0.wp.com\/www.freidenker.org\/fw17\/wp-content\/uploads\/2019\/01\/Hartmann_Belgrad_800x445.jpg?fit=800%2C445&ssl=1&resize=525%2C300 1.5x, https:\/\/i0.wp.com\/www.freidenker.org\/fw17\/wp-content\/uploads\/2019\/01\/Hartmann_Belgrad_800x445.jpg?fit=800%2C445&ssl=1&resize=700%2C400 2x"},"classes":[]},{"id":5799,"url":"https:\/\/www.freidenker.org\/?p=5799","url_meta":{"origin":7383,"position":4},"title":"Eine neue Kriegsgefahr?","author":"Webredaktion","date":"29. Januar 2019","format":false,"excerpt":"Rekord-R\u00fcstungshaushalt, EU-Aufr\u00fcstung, NATO-Aufmarsch, K\u00fcndigung des INF-Vertrags - Vortrag und Diskussion am 30.1.2019 um 18.00 Uhr, Klingspormuseum, Herrnstra\u00dfe 80 - mit Klaus Hartmann, Bundesvorsitzender des Deutschen Freidenker-Verbandes. Gegenw\u00e4rtig sind viele Menschen besorgt \u00fcber die Hochr\u00fcstung und Kriege in aller Welt. Dabei sucht man die Ursache dieser Misere durchaus in verschiedenen Richtungen.Wir\u2026","rel":"","context":"In &quot;Frieden - Antifaschismus - Solidarit\u00e4t&quot;","block_context":{"text":"Frieden - Antifaschismus - Solidarit\u00e4t","link":"https:\/\/www.freidenker.org\/?cat=13"},"img":{"alt_text":"","src":"https:\/\/i0.wp.com\/www.freidenker.org\/fw17\/wp-content\/uploads\/2019\/01\/Klingspor-Museum_800x445.jpg?fit=800%2C445&ssl=1&resize=350%2C200","width":350,"height":200,"srcset":"https:\/\/i0.wp.com\/www.freidenker.org\/fw17\/wp-content\/uploads\/2019\/01\/Klingspor-Museum_800x445.jpg?fit=800%2C445&ssl=1&resize=350%2C200 1x, https:\/\/i0.wp.com\/www.freidenker.org\/fw17\/wp-content\/uploads\/2019\/01\/Klingspor-Museum_800x445.jpg?fit=800%2C445&ssl=1&resize=525%2C300 1.5x, https:\/\/i0.wp.com\/www.freidenker.org\/fw17\/wp-content\/uploads\/2019\/01\/Klingspor-Museum_800x445.jpg?fit=800%2C445&ssl=1&resize=700%2C400 2x"},"classes":[]},{"id":2974,"url":"https:\/\/www.freidenker.org\/?p=2974","url_meta":{"origin":7383,"position":5},"title":"Freidenker-Chef zu Nato-Russland-Rat: \u201eEinkreisung Russlands durchbrechen\u201c","author":"Webredaktion","date":"22. April 2016","format":false,"excerpt":"Interview von Klaus Hartmann, Bundesvorsitzender des Deutschen Freidenker-Verbandes, mit Sputnik Deutschland Die Wiederaufnahme von Treffen im Rahmen des Nato-Russland-Rates nach einer zweij\u00e4hrigen Pause ist ein positives Signal - vorausgesetzt, dass die Politik der Einkreisung Russlands durchbrochen wird. Es ist ein Skandal, dass \u00fcberhaupt ein Stopp dieser Gespr\u00e4che verf\u00fcgt wurde. Es\u2026","rel":"","context":"In &quot;Frieden - Antifaschismus - Solidarit\u00e4t&quot;","block_context":{"text":"Frieden - Antifaschismus - Solidarit\u00e4t","link":"https:\/\/www.freidenker.org\/?cat=13"},"img":{"alt_text":"","src":"https:\/\/i0.wp.com\/www.freidenker.org\/fw17\/wp-content\/uploads\/2016\/04\/nato-russland-rat.jpg?fit=800%2C445&ssl=1&resize=350%2C200","width":350,"height":200,"srcset":"https:\/\/i0.wp.com\/www.freidenker.org\/fw17\/wp-content\/uploads\/2016\/04\/nato-russland-rat.jpg?fit=800%2C445&ssl=1&resize=350%2C200 1x, https:\/\/i0.wp.com\/www.freidenker.org\/fw17\/wp-content\/uploads\/2016\/04\/nato-russland-rat.jpg?fit=800%2C445&ssl=1&resize=525%2C300 1.5x, https:\/\/i0.wp.com\/www.freidenker.org\/fw17\/wp-content\/uploads\/2016\/04\/nato-russland-rat.jpg?fit=800%2C445&ssl=1&resize=700%2C400 2x"},"classes":[]}],"_links":{"self":[{"href":"https:\/\/www.freidenker.org\/index.php?rest_route=\/wp\/v2\/posts\/7383","targetHints":{"allow":["GET"]}}],"collection":[{"href":"https:\/\/www.freidenker.org\/index.php?rest_route=\/wp\/v2\/posts"}],"about":[{"href":"https:\/\/www.freidenker.org\/index.php?rest_route=\/wp\/v2\/types\/post"}],"author":[{"embeddable":true,"href":"https:\/\/www.freidenker.org\/index.php?rest_route=\/wp\/v2\/users\/3"}],"replies":[{"embeddable":true,"href":"https:\/\/www.freidenker.org\/index.php?rest_route=%2Fwp%2Fv2%2Fcomments&post=7383"}],"version-history":[{"count":0,"href":"https:\/\/www.freidenker.org\/index.php?rest_route=\/wp\/v2\/posts\/7383\/revisions"}],"wp:featuredmedia":[{"embeddable":true,"href":"https:\/\/www.freidenker.org\/index.php?rest_route=\/wp\/v2\/media\/7388"}],"wp:attachment":[{"href":"https:\/\/www.freidenker.org\/index.php?rest_route=%2Fwp%2Fv2%2Fmedia&parent=7383"}],"wp:term":[{"taxonomy":"category","embeddable":true,"href":"https:\/\/www.freidenker.org\/index.php?rest_route=%2Fwp%2Fv2%2Fcategories&post=7383"},{"taxonomy":"post_tag","embeddable":true,"href":"https:\/\/www.freidenker.org\/index.php?rest_route=%2Fwp%2Fv2%2Ftags&post=7383"}],"curies":[{"name":"wp","href":"https:\/\/api.w.org\/{rel}","templated":true}]}}