{"id":7376,"date":"2020-01-05T02:07:13","date_gmt":"2020-01-05T01:07:13","guid":{"rendered":"https:\/\/www.freidenker.org\/?p=7376"},"modified":"2020-02-17T01:36:30","modified_gmt":"2020-02-17T00:36:30","slug":"saustall-debattenkultur","status":"publish","type":"post","link":"https:\/\/www.freidenker.org\/?p=7376","title":{"rendered":"Saustall Debattenkultur"},"content":{"rendered":"<h4>Freidenker d\u00fcrfen Rosa-Luxemburg-Konferenz nicht mehr unterst\u00fctzen<\/h4>\n<p><strong>Die erste \u00dcberschrift ist einem Kommentar in der \u201ejungen Welt\u201c v. 30.12.2019 entnommen. <a href=\"#_ftn1\" name=\"_ftnref1\">[1]<\/a> Er bezieht sich allerdings nicht auf die eigenen Gepflogenheiten, sondern auf die Debatten um \u201eOmas als Umwelts\u00e4ue\u201c, die es dank des WDR zu bundesweiter Bekanntheit gebracht haben.<\/strong><\/p>\n<p><strong>Hier geht es allerdings um ein anderes Thema: <\/strong><\/p>\n<p><strong>Ohne Begr\u00fcndung und ohne es zu kommunizieren, hat die \u201ejunge Welt\u201c den Freidenkerverband klammheimlich von der Liste der Unterst\u00fctzer-Organisationen gestrichen.<\/strong><\/p>\n<p>So muss man vermuten, dass wir durch den Appell \u201eWir wollen Transparenz, junge Welt!\u201c in Ungnade gefallen sind. Den hatten auch Freidenker unterschrieben, weil in der Zei\u00adtung wiederholt Schm\u00e4hartikel gegen Sahra Wagenknecht erschienen, w\u00e4hrend Beitr\u00e4ge zu ihrer Verteidigung zur\u00fcckgewiesen wurden, sogar online-Kommentare wurden umgehend wegzensiert.<\/p>\n<p>Das Verlangen nach Erhalt der jungen Welt als Trib\u00fcne f\u00fcr alle Linken wurde als \u201eAngriff\u201c und Aufforderung zu einem Kurswechsel \u201enach rechts\u201c interpretiert, die Bitte um Diskussion wurde ignoriert.<\/p>\n<p>Was die Konferenz-Unterst\u00fctzung angeht, hat der Veranstalter den Kurswechsel schon hingekriegt, wenn auch nicht nach links. Falls dahinter eine Gesch\u00e4ftsidee steckt, w\u00fcrden wir sie gerne verstehen.<\/p>\n<p><strong><em>Zum Thema erreichten uns zwei Zuschriften:<\/em><\/strong><\/p>\n<hr \/>\n<h5>Absurde Behauptungen<\/h5>\n<p><em>&gt;&gt;&#8220;Mit einer zur\u00fcckweisenden Stellungnahme von Verlag, Redaktion und Genossenschaft ist dieser seit f\u00fcnf Jahren schwelende Konflikt im Zusammenhang mit den Montagsmahnwachen zum Abschluss gekommen&#8220;<br \/>\n<\/em>behauptet in der jW vom 21.\/22.12.2019 Dietmar Koschmieder in seinem Jahresr\u00fcckblick, und zwar bezieht sich seine Behauptung auf einen zuvor von ihm beklagten <em>&#8222;Angriff von links auf die junge Welt&#8220;<\/em> dergestalt, dass <em>&#8222;der Vorsitzende des Freidenkerverbandes gemeinsam mit einem Linkspartei-Abgeordneten einen offenen Brief mit Vorw\u00fcrfen und Forderungen an die junge Welt organisierte&#8220;<\/em>.<\/p>\n<p>Koschmieders Behauptung ist nat\u00fcrlich absurd. Denn die Stellungnahme einer Konfliktpartei bringt einen Konflikt nur dann zum Abschluss, wenn sie entweder den Forderungen und Vorw\u00fcrfen der Gegenseite ausreichend Rechnung tr\u00e4gt, also gerade das Gegenteil einer zur\u00fcckweisenden Stellungnahme ist, oder aber, wenn sie die Gegenseite von der Unberechtigtheit ihrer Forderungen und Vorw\u00fcrfe \u00fcberzeugt \u2013 was \u00fcberhaupt nicht der Fall ist.<\/p>\n<figure id=\"attachment_7377\" aria-describedby=\"caption-attachment-7377\" style=\"width: 800px\" class=\"wp-caption alignnone\"><img data-recalc-dims=\"1\" loading=\"lazy\" decoding=\"async\" data-attachment-id=\"7377\" data-permalink=\"https:\/\/www.freidenker.org\/?attachment_id=7377\" data-orig-file=\"https:\/\/i0.wp.com\/www.freidenker.org\/fw17\/wp-content\/uploads\/2020\/01\/quichotte.jpg?fit=1200%2C1019&amp;ssl=1\" data-orig-size=\"1200,1019\" data-comments-opened=\"0\" data-image-meta=\"{&quot;aperture&quot;:&quot;0&quot;,&quot;credit&quot;:&quot;&quot;,&quot;camera&quot;:&quot;&quot;,&quot;caption&quot;:&quot;&quot;,&quot;created_timestamp&quot;:&quot;0&quot;,&quot;copyright&quot;:&quot;&quot;,&quot;focal_length&quot;:&quot;0&quot;,&quot;iso&quot;:&quot;0&quot;,&quot;shutter_speed&quot;:&quot;0&quot;,&quot;title&quot;:&quot;&quot;,&quot;orientation&quot;:&quot;0&quot;}\" data-image-title=\"quichotte\" data-image-description=\"\" data-image-caption=\"\" data-large-file=\"https:\/\/i0.wp.com\/www.freidenker.org\/fw17\/wp-content\/uploads\/2020\/01\/quichotte.jpg?fit=800%2C680&amp;ssl=1\" class=\"wp-image-7377 size-large\" src=\"https:\/\/i0.wp.com\/www.freidenker.org\/fw17\/wp-content\/uploads\/2020\/01\/quichotte.jpg?resize=800%2C680&#038;ssl=1\" alt=\"\" width=\"800\" height=\"680\" srcset=\"https:\/\/i0.wp.com\/www.freidenker.org\/fw17\/wp-content\/uploads\/2020\/01\/quichotte.jpg?resize=1024%2C870&amp;ssl=1 1024w, https:\/\/i0.wp.com\/www.freidenker.org\/fw17\/wp-content\/uploads\/2020\/01\/quichotte.jpg?resize=300%2C255&amp;ssl=1 300w, https:\/\/i0.wp.com\/www.freidenker.org\/fw17\/wp-content\/uploads\/2020\/01\/quichotte.jpg?resize=768%2C652&amp;ssl=1 768w, https:\/\/i0.wp.com\/www.freidenker.org\/fw17\/wp-content\/uploads\/2020\/01\/quichotte.jpg?w=1200&amp;ssl=1 1200w\" sizes=\"auto, (max-width: 800px) 100vw, 800px\" \/><figcaption id=\"caption-attachment-7377\" class=\"wp-caption-text\">Der tapfere Don Koschmieder wehrt den Angriff des Deutschen Freidenker-Verbandes ab <a href=\"#_ftn2\" name=\"_ftnref2\">[2]<\/a><\/figcaption><\/figure>\n<p>Gleicherma\u00dfen daneben ist, wenn Koschmieder per Abwehr-Reflex die Kritik des Appells an dem aktuellen Kurs der jungen Welt zu einem &#8222;Angriff&#8220; auf die junge Welt verf\u00e4lscht, und diesen &#8222;Angriff&#8220; in einem Atemzug mit nicht n\u00e4her spezifizierten &#8222;zahlreichen politischen Angriffen von rechts&#8220; nennt, bzw. in eine Reihe mit dem Unbill mit der Deutschen Post AG oder der Postbank stellt.&lt;&lt;<\/p>\n<p><strong><em>Hans Joachim Kahlke, Heidelberg<\/em><\/strong><\/p>\n<p>&nbsp;<\/p>\n<p>Anmerkung: Einen positiven Aspekt k\u00f6nnen wir Koschmieders Stellungnahme doch abgewinnen. Mit seinem Diktum <em>&#8222;Angriff von links\u201c<\/em> verortet er die \u201ejunge Welt\u201c rechts vom Freidenkerverband.<\/p>\n<hr \/>\n<h5>Abwegig<\/h5>\n<p>&gt;&gt;Die jW, die jedes Debattenangebot von Genossen \u00fcber die Politik der Zeitung strikt verweigert, andere Linke, die nicht ihre engstirnige und opportunistische Linie vertreten in \u00fcbler Weise denunziert, nennt nun die Reaktion auf die<a href=\"https:\/\/de.sputniknews.com\/gesellschaft\/20191228326290695-wdr-kids-empoeren-mit-klima-lied\/\"> Hetze gegen Alte<\/a> , die sich einreiht in eine organisierte Politik von Finanzkreisen, um auch noch die Generationen gegeneinander auszuspielen \u2013 u.a. mit dem kurz zuvor von den FfFs losgelassenen Twitter gegen die Gro\u00dferelterngeneration \u2013 einen &#8222;Mangel an Debattenkultur in Deutschland&#8220;? Ausgerechnet die jW? Nun sie kann sich immer noch darauf verlassen \u2013 und spielt damit \u2013 dass viele Leser ihre Methoden gar nicht mitbekommen.<\/p>\n<p>Jedenfalls ist es ein gesundes Zeichen, dass sich so viele gegen diese Generationen-Hetze wehren und es kann nur dabei helfen, den Klimakatstrophenhype zu entzaubern.<\/p>\n<p>Wenn nun ein freischaffender Journalist beim WDR auch noch<a href=\"https:\/\/de.sputniknews.com\/gesellschaft\/20191229326292020-wdr-mitarbeiter-provoziert-weiter\/\"> nach-twittert<\/a> , dass die Oma keine Umwelt- sondern eine Nazisau sei, kann das auch in der simplen Logik der jW sicherlich nur Satire sein. In einem Twitter war daraufhin zu lesen &#8222;wer 2019 Bev\u00f6lkerungsgruppen pauschal mit Umweltsau oder Nazisau beschimpfe und sich gut dabei f\u00fchle, h\u00e4tte 1939 auch \u201aJudensau\u2018 gerufen.&#8220;<\/p>\n<p>Zu abwegig?&lt;&lt;<\/p>\n<p><strong><em>Doris Pumphrey, Berlin<\/em><\/strong><\/p>\n<p>&nbsp;<\/p>\n<p>Anmerkung: Was ist das f\u00fcr ein \u201elinker Mainstream\u201c, der \u201ejung gegen alt\u201c f\u00fcr \u201elinks\u201c h\u00e4lt?<\/p>\n<hr \/>\n<p><strong>Quellen:<\/strong><\/p>\n<p><a href=\"#_ftnref1\" name=\"_ftn1\">[1]<\/a> <a href=\"https:\/\/www.jungewelt.de\/artikel\/369587.saustall-des-tages-deutsche-debattenkultur.html\">https:\/\/www.jungewelt.de\/artikel\/369587.saustall-des-tages-deutsche-debattenkultur.html<\/a><\/p>\n<p><a href=\"#_ftnref2\" name=\"_ftn2\">[2]<\/a> <a href=\"https:\/\/commons.wikimedia.org\/wiki\/File:Don_Quixote_fighting_windmills.jpg\" target=\"_blank\" rel=\"noopener noreferrer\">https:\/\/commons.wikimedia.org\/wiki\/File:Don_Quixote_fighting_windmills.jpg<\/a><\/p>\n<hr \/>\n<p><span style=\"font-size: 10pt;\">Bild oben: <a href=\"https:\/\/pixabay.com\/de\/photos\/schwein-stift-schweinestall-tier-1531167\/\" target=\"_blank\" rel=\"noopener noreferrer\">pixabay.com<\/a> \/ User: <a class=\"hover_opacity\" href=\"https:\/\/pixabay.com\/de\/users\/dww259210-608698\/\">dww259210<\/a> \/ Lizenz: <a href=\"https:\/\/pixabay.com\/de\/service\/license\/\">Pixabay License<\/a><br \/>\n<\/span><\/p>\n","protected":false},"excerpt":{"rendered":"<p>Ohne Begr\u00fcndung und ohne es zu kommunizieren, hat die \u201ejunge Welt\u201c den Freidenkerverband klammheimlich von der Liste der Unterst\u00fctzer-Organisationen der Rosa-Luxemburg-Konferenz gestrichen. So muss man vermuten, dass wir durch den Appell \u201eWir wollen Transparenz, junge Welt!\u201c in Ungnade gefallen sind. Den hatten auch Freidenker unterschrieben, weil in der Zei\u00adtung wiederholt Schm\u00e4hartikel gegen Sahra Wagenknecht erschienen, w\u00e4hrend Beitr\u00e4ge zu ihrer Verteidigung zur\u00fcckgewiesen wurden, &#8230; Das Verlangen nach Erhalt der jungen Welt als Trib\u00fcne f\u00fcr alle Linken wurde als \u201eAngriff\u201c und Aufforderung zu einem Kurswechsel \u201enach rechts\u201c interpretiert, die Bitte um Diskussion wurde ignoriert.<\/p>\n","protected":false},"author":3,"featured_media":7381,"comment_status":"closed","ping_status":"closed","sticky":false,"template":"","format":"standard","meta":{"colormag_page_container_layout":"default_layout","colormag_page_sidebar_layout":"default_layout","advanced_seo_description":"","jetpack_seo_html_title":"","jetpack_seo_noindex":false,"jetpack_post_was_ever_published":false,"footnotes":""},"categories":[937],"tags":[41,84,672,1091,671,376],"class_list":["post-7376","post","type-post","status-publish","format-standard","has-post-thumbnail","hentry","category-zeit-der-verleumder-freidenker-fuer-klartext","tag-junge-welt","tag-klima","tag-linke-politik","tag-links-rechts","tag-rosa-luxemburg-konferenz","tag-transparenz"],"jetpack_featured_media_url":"https:\/\/i0.wp.com\/www.freidenker.org\/fw17\/wp-content\/uploads\/2020\/01\/klartext_pig-1531167_800x445.jpg?fit=800%2C445&ssl=1","jetpack_shortlink":"https:\/\/wp.me\/p9stpK-1UY","jetpack-related-posts":[{"id":7536,"url":"https:\/\/www.freidenker.org\/?p=7536","url_meta":{"origin":7376,"position":0},"title":"Wieder Falschmeldung in der jungen Welt","author":"Webredaktion","date":"7. Februar 2020","format":false,"excerpt":"Beitrag von Klaus Hartmann Wer nach dieser \u00dcberschrift bereits keine Lust zum Weiterlesen hat, kann auf unser Verst\u00e4ndnis rechnen. Zahlreiche kritische Stimmen stellen die \u201eSinnfrage\u201c: was soll das bringen, der bekannte \u201einnerlinke Streit\u201c, das nutzt doch keinem, das schadet allen Beteiligten. \u201eIm Prinzip ja\u201c w\u00fcrden wir jetzt mit dem bekannten\u2026","rel":"","context":"In &quot;Zeit der Verleumder - Freidenker f\u00fcr Klartext&quot;","block_context":{"text":"Zeit der Verleumder - Freidenker f\u00fcr Klartext","link":"https:\/\/www.freidenker.org\/?cat=937"},"img":{"alt_text":"","src":"https:\/\/i0.wp.com\/www.freidenker.org\/fw17\/wp-content\/uploads\/2020\/02\/klartext_jw_2020_800x445.jpg?fit=800%2C445&ssl=1&resize=350%2C200","width":350,"height":200,"srcset":"https:\/\/i0.wp.com\/www.freidenker.org\/fw17\/wp-content\/uploads\/2020\/02\/klartext_jw_2020_800x445.jpg?fit=800%2C445&ssl=1&resize=350%2C200 1x, https:\/\/i0.wp.com\/www.freidenker.org\/fw17\/wp-content\/uploads\/2020\/02\/klartext_jw_2020_800x445.jpg?fit=800%2C445&ssl=1&resize=525%2C300 1.5x, https:\/\/i0.wp.com\/www.freidenker.org\/fw17\/wp-content\/uploads\/2020\/02\/klartext_jw_2020_800x445.jpg?fit=800%2C445&ssl=1&resize=700%2C400 2x"},"classes":[]},{"id":3143,"url":"https:\/\/www.freidenker.org\/?p=3143","url_meta":{"origin":7376,"position":1},"title":"Rosa Luxemburg-Konferenz 2017","author":"Webredaktion","date":"15. Januar 2017","format":false,"excerpt":"Am 14. Januar 2017 fand im Berliner Konferenzhotel Mercure MOA die XXII. Internationale Rosa-Luxemburg-Konferenz statt. Die Veranstaltung wurde 1996 von der unabh\u00e4ngigen, marxistisch orientierten Tageszeitung junge Welt ins Leben gerufen. Auf der Konferenz, stets am Tag vor der traditionellen Liebknecht-Luxemburg-Ehrung, pr\u00e4sentieren junge Welt und Unterst\u00fctzerorganisationen mit politischen Referentinnen und Referenten\u2026","rel":"","context":"In &quot;Zentrale Veranstaltungen&quot;","block_context":{"text":"Zentrale Veranstaltungen","link":"https:\/\/www.freidenker.org\/?cat=20"},"img":{"alt_text":"","src":"https:\/\/i0.wp.com\/www.freidenker.org\/fw17\/wp-content\/uploads\/2017\/01\/2017-01-14-pa-1023_800x445.jpg?fit=800%2C445&ssl=1&resize=350%2C200","width":350,"height":200,"srcset":"https:\/\/i0.wp.com\/www.freidenker.org\/fw17\/wp-content\/uploads\/2017\/01\/2017-01-14-pa-1023_800x445.jpg?fit=800%2C445&ssl=1&resize=350%2C200 1x, https:\/\/i0.wp.com\/www.freidenker.org\/fw17\/wp-content\/uploads\/2017\/01\/2017-01-14-pa-1023_800x445.jpg?fit=800%2C445&ssl=1&resize=525%2C300 1.5x, https:\/\/i0.wp.com\/www.freidenker.org\/fw17\/wp-content\/uploads\/2017\/01\/2017-01-14-pa-1023_800x445.jpg?fit=800%2C445&ssl=1&resize=700%2C400 2x"},"classes":[]},{"id":49,"url":"https:\/\/www.freidenker.org\/?p=49","url_meta":{"origin":7376,"position":2},"title":"XXI. Internationale Rosa-Luxemburg-Konferenz","author":"Webmaster","date":"10. Januar 2016","format":false,"excerpt":"Am 9. Januar 2016 fand in der Berliner Urania die XXI. Internationale Rosa-Luxemburg-Konferenz statt. Die Veranstaltung wurde 1996 von der unabh\u00e4ngigen, marxistisch orientierten Tageszeitung junge Welt ins Leben gerufen. Auf der Konferenz, stets am Tag vor der traditionellen Liebknecht-Luxemburg-Ehrung, pr\u00e4sentieren junge Welt und Unterst\u00fctzerorganisationen mit politischen Referentinnen und Referenten aus\u2026","rel":"","context":"In &quot;Zentrale Veranstaltungen&quot;","block_context":{"text":"Zentrale Veranstaltungen","link":"https:\/\/www.freidenker.org\/?cat=20"},"img":{"alt_text":"","src":"https:\/\/i0.wp.com\/www.freidenker.org\/fw17\/wp-content\/uploads\/2016\/05\/Luxemburg.jpg?fit=800%2C445&ssl=1&resize=350%2C200","width":350,"height":200,"srcset":"https:\/\/i0.wp.com\/www.freidenker.org\/fw17\/wp-content\/uploads\/2016\/05\/Luxemburg.jpg?fit=800%2C445&ssl=1&resize=350%2C200 1x, https:\/\/i0.wp.com\/www.freidenker.org\/fw17\/wp-content\/uploads\/2016\/05\/Luxemburg.jpg?fit=800%2C445&ssl=1&resize=525%2C300 1.5x, https:\/\/i0.wp.com\/www.freidenker.org\/fw17\/wp-content\/uploads\/2016\/05\/Luxemburg.jpg?fit=800%2C445&ssl=1&resize=700%2C400 2x"},"classes":[]},{"id":20722,"url":"https:\/\/www.freidenker.org\/?p=20722","url_meta":{"origin":7376,"position":3},"title":"Galerie: Liebknecht-Luxemburg-Wochenende 2025","author":"Webredaktion","date":"17. Januar 2025","format":false,"excerpt":"Beitrag der Webredaktion Allj\u00e4hrlich am zweiten Januar-Wochenende finden traditionsgem\u00e4\u00df die Rosa-Luxemburg-Konferenz und die Liebknecht-Luxemburg-Demonstration in Berlin statt. Da sich zu diesem Anlass viele Mitglieder des Deutschen Freidenker-Verbandes ohnehin in Berlin aufhalten, nutzen wir die Gelegenheit zu weiteren Veranstaltungen in der Hauptstadt: Sitzung des Gesch\u00e4ftsf\u00fchrenden Verbandsvorstandes und Treffen des Beirates des\u2026","rel":"","context":"In &quot;Frieden - Antifaschismus - Solidarit\u00e4t&quot;","block_context":{"text":"Frieden - Antifaschismus - Solidarit\u00e4t","link":"https:\/\/www.freidenker.org\/?cat=13"},"img":{"alt_text":"","src":"https:\/\/i0.wp.com\/www.freidenker.org\/fw17\/wp-content\/uploads\/2025\/01\/RLK_LLD_2025_800x450.jpg?fit=800%2C450&ssl=1&resize=350%2C200","width":350,"height":200,"srcset":"https:\/\/i0.wp.com\/www.freidenker.org\/fw17\/wp-content\/uploads\/2025\/01\/RLK_LLD_2025_800x450.jpg?fit=800%2C450&ssl=1&resize=350%2C200 1x, https:\/\/i0.wp.com\/www.freidenker.org\/fw17\/wp-content\/uploads\/2025\/01\/RLK_LLD_2025_800x450.jpg?fit=800%2C450&ssl=1&resize=525%2C300 1.5x, https:\/\/i0.wp.com\/www.freidenker.org\/fw17\/wp-content\/uploads\/2025\/01\/RLK_LLD_2025_800x450.jpg?fit=800%2C450&ssl=1&resize=700%2C400 2x"},"classes":[]},{"id":6894,"url":"https:\/\/www.freidenker.org\/?p=6894","url_meta":{"origin":7376,"position":4},"title":"Freidenker-Brief EXTRA August 2019: Kurs diktieren oder diskutieren?","author":"Webredaktion","date":"31. August 2019","format":false,"excerpt":"Auf die Ver\u00f6ffentlichungen der jungen Welt am 10. August 2019 zu dem Appell \u201eWir wollen Transparenz, junge Welt!\u201c erscheint hier die Antwort der Attackierten Dr. Diether Dehm und Klaus Hartmann. Das hat zwei Gr\u00fcnde: Der erste Grund h\u00e4ngt mit dem Konflikt unmittelbar zusammen, bildet dessen Kern: dass n\u00e4mlich seitens der\u2026","rel":"","context":"In &quot;Demokratie \u2013 Medien \u2013 Aufkl\u00e4rung&quot;","block_context":{"text":"Demokratie \u2013 Medien \u2013 Aufkl\u00e4rung","link":"https:\/\/www.freidenker.org\/?cat=12"},"img":{"alt_text":"","src":"https:\/\/i0.wp.com\/www.freidenker.org\/fw17\/wp-content\/uploads\/2019\/08\/fd-brief-2019-august-coll.jpg?fit=800%2C445&ssl=1&resize=350%2C200","width":350,"height":200,"srcset":"https:\/\/i0.wp.com\/www.freidenker.org\/fw17\/wp-content\/uploads\/2019\/08\/fd-brief-2019-august-coll.jpg?fit=800%2C445&ssl=1&resize=350%2C200 1x, https:\/\/i0.wp.com\/www.freidenker.org\/fw17\/wp-content\/uploads\/2019\/08\/fd-brief-2019-august-coll.jpg?fit=800%2C445&ssl=1&resize=525%2C300 1.5x, https:\/\/i0.wp.com\/www.freidenker.org\/fw17\/wp-content\/uploads\/2019\/08\/fd-brief-2019-august-coll.jpg?fit=800%2C445&ssl=1&resize=700%2C400 2x"},"classes":[]},{"id":3858,"url":"https:\/\/www.freidenker.org\/?p=3858","url_meta":{"origin":7376,"position":5},"title":"XXIII. Internationale Rosa-Luxemburg-Konferenz","author":"Webredaktion","date":"1. Januar 2018","format":false,"excerpt":"Kommt am 13. Januar 2018 zur XXIII. Internationalen Rosa-Luxemburg-Konferenz. Weitere Informationen zur Veranstaltung erhaltet Ihr auf der Webseite der Konferenz http:\/\/www.rosa-luxemburg-konferenz.de.","rel":"","context":"In &quot;Zentrale Veranstaltungen&quot;","block_context":{"text":"Zentrale Veranstaltungen","link":"https:\/\/www.freidenker.org\/?cat=20"},"img":{"alt_text":"","src":"https:\/\/i0.wp.com\/www.freidenker.org\/fw17\/wp-content\/uploads\/2018\/01\/102210.jpg_800x445.png?fit=800%2C445&ssl=1&resize=350%2C200","width":350,"height":200,"srcset":"https:\/\/i0.wp.com\/www.freidenker.org\/fw17\/wp-content\/uploads\/2018\/01\/102210.jpg_800x445.png?fit=800%2C445&ssl=1&resize=350%2C200 1x, https:\/\/i0.wp.com\/www.freidenker.org\/fw17\/wp-content\/uploads\/2018\/01\/102210.jpg_800x445.png?fit=800%2C445&ssl=1&resize=525%2C300 1.5x, https:\/\/i0.wp.com\/www.freidenker.org\/fw17\/wp-content\/uploads\/2018\/01\/102210.jpg_800x445.png?fit=800%2C445&ssl=1&resize=700%2C400 2x"},"classes":[]}],"_links":{"self":[{"href":"https:\/\/www.freidenker.org\/index.php?rest_route=\/wp\/v2\/posts\/7376","targetHints":{"allow":["GET"]}}],"collection":[{"href":"https:\/\/www.freidenker.org\/index.php?rest_route=\/wp\/v2\/posts"}],"about":[{"href":"https:\/\/www.freidenker.org\/index.php?rest_route=\/wp\/v2\/types\/post"}],"author":[{"embeddable":true,"href":"https:\/\/www.freidenker.org\/index.php?rest_route=\/wp\/v2\/users\/3"}],"replies":[{"embeddable":true,"href":"https:\/\/www.freidenker.org\/index.php?rest_route=%2Fwp%2Fv2%2Fcomments&post=7376"}],"version-history":[{"count":0,"href":"https:\/\/www.freidenker.org\/index.php?rest_route=\/wp\/v2\/posts\/7376\/revisions"}],"wp:featuredmedia":[{"embeddable":true,"href":"https:\/\/www.freidenker.org\/index.php?rest_route=\/wp\/v2\/media\/7381"}],"wp:attachment":[{"href":"https:\/\/www.freidenker.org\/index.php?rest_route=%2Fwp%2Fv2%2Fmedia&parent=7376"}],"wp:term":[{"taxonomy":"category","embeddable":true,"href":"https:\/\/www.freidenker.org\/index.php?rest_route=%2Fwp%2Fv2%2Fcategories&post=7376"},{"taxonomy":"post_tag","embeddable":true,"href":"https:\/\/www.freidenker.org\/index.php?rest_route=%2Fwp%2Fv2%2Ftags&post=7376"}],"curies":[{"name":"wp","href":"https:\/\/api.w.org\/{rel}","templated":true}]}}