{"id":7354,"date":"2019-12-31T18:15:10","date_gmt":"2019-12-31T17:15:10","guid":{"rendered":"https:\/\/www.freidenker.org\/?p=7354"},"modified":"2020-10-13T03:20:13","modified_gmt":"2020-10-13T01:20:13","slug":"videos-konferenz-der-tiefe-staat","status":"publish","type":"post","link":"https:\/\/www.freidenker.org\/?p=7354","title":{"rendered":"Videos: Konferenz &#8222;Der Tiefe Staat&#8220;"},"content":{"rendered":"<p>Am 16.11.2019 fand in Stuttgart die Konferenz \u201eDer tiefe Staat \u2013 oder: Wer regiert den Westen?\u201c statt.<\/p>\n<div>Die Veranstaltung wurde organisiert vom Deutschen Freidenker-Verband e.V. in Zusammenarbeit mit dem Ostdeutsches Kuratorium von Verb\u00e4nden (OKV) e.V., der Gesellschaft zum Schutz von B\u00fcrgerrecht und Menschenw\u00fcrde (GBM) e.V., der Gesellschaft zur rechtlichen und humanit\u00e4ren Unterst\u00fctzung (GRH) e.V., der Arbeiterfotografie e.V. &#8211; Forum f\u00fcr Engagierte Fotografie, der Marx-Engels-Stiftung Wuppertal und dem Marx-Engels-Zentrum Berlin.<\/div>\n<p>Die <a href=\"http:\/\/www.nrhz.de\/flyer\/\" target=\"_blank\" rel=\"noopener noreferrer\">Neue Rheinische Zeitung<\/a> hat bisher die Er\u00f6ffnungsrede sowie eines der sieben Hauptreferate (Mies) als Video ver\u00f6ffentlicht, die wir hiermit auch \u00fcber unsere Seite zug\u00e4nglich machen.<\/p>\n<p>(Update 04.01.2020: Das zweite Hauptreferat (Ploppa) ist nun ebenfalls ver\u00f6ffentlicht und hier erg\u00e4nzt worden.)<br \/>\n(Update 02.02.2020: Das dritte Hauptreferat (Bahlo) ist nun ebenfalls ver\u00f6ffentlicht und hier erg\u00e4nzt worden.)<br \/>\n(Update 24.03.2020: Das vierte Hauptreferat (Torres) ist nun ebenfalls ver\u00f6ffentlicht und hier erg\u00e4nzt worden.)<\/p>\n<h5><a id=\"inhalt\"><\/a>\u00dcbersicht<\/h5>\n<ul>\n<li><a href=\"#ref0\">Klaus Hartmann: <strong>Er\u00f6ffnung<\/strong><\/a><\/li>\n<li><a href=\"#ref1\">Ulrich Mies: <strong>Wer oder was ist der tiefe Staat?<\/strong><\/a><\/li>\n<li><a href=\"#ref2\">Herrmann Ploppa: <b>Betreutes Denken: Medien, Think Tanks, NGOs &amp; transatlantische Netzwerke<\/b><\/a><\/li>\n<li><a href=\"#ref3\">Sebastian Bahlo: <strong>\u00d6konomische Herrschaftsverh\u00e4ltnisse und &#8222;Verschw\u00f6rungen&#8220; im staatsmonopolistischen Klassenstaat<\/strong><\/a><\/li>\n<li><a href=\"#ref4\">Annett Torres: <strong>Die Transformation der Bildung<\/strong><\/a><\/li>\n<\/ul>\n<p><em>(Anmerkung: Weitere Videos werden ggf. in diesem Beitrag nach und nach erg\u00e4nzt)<\/em><\/p>\n<p>&nbsp;<\/p>\n<hr \/>\n<p><strong>Hinweis:<\/strong> Die Referate der Konferenz erscheinen in Textform Mitte Juni 2020 in der <a href=\"https:\/\/www.freidenker.org\/?p=8263\">Ausgabe 2-20 des Verbandsorgans FREIDENKER<\/a><\/p>\n<hr \/>\n<h5><a id=\"ref0\"><\/a>Klaus Hartmann: Er\u00f6ffnung<\/h5>\n<figure id=\"attachment_7356\" aria-describedby=\"caption-attachment-7356\" style=\"width: 240px\" class=\"wp-caption alignleft\"><img data-recalc-dims=\"1\" loading=\"lazy\" decoding=\"async\" data-attachment-id=\"7356\" data-permalink=\"https:\/\/www.freidenker.org\/?attachment_id=7356\" data-orig-file=\"https:\/\/i0.wp.com\/www.freidenker.org\/fw17\/wp-content\/uploads\/2019\/12\/729-filmclip-aufmacher.jpg?fit=240%2C160&amp;ssl=1\" data-orig-size=\"240,160\" data-comments-opened=\"0\" data-image-meta=\"{&quot;aperture&quot;:&quot;0&quot;,&quot;credit&quot;:&quot;&quot;,&quot;camera&quot;:&quot;&quot;,&quot;caption&quot;:&quot;&quot;,&quot;created_timestamp&quot;:&quot;0&quot;,&quot;copyright&quot;:&quot;&quot;,&quot;focal_length&quot;:&quot;0&quot;,&quot;iso&quot;:&quot;0&quot;,&quot;shutter_speed&quot;:&quot;0&quot;,&quot;title&quot;:&quot;&quot;,&quot;orientation&quot;:&quot;0&quot;}\" data-image-title=\"729-filmclip-aufmacher\" data-image-description=\"\" data-image-caption=\"\" data-large-file=\"https:\/\/i0.wp.com\/www.freidenker.org\/fw17\/wp-content\/uploads\/2019\/12\/729-filmclip-aufmacher.jpg?fit=240%2C160&amp;ssl=1\" class=\"wp-image-7356 size-full\" src=\"https:\/\/i0.wp.com\/www.freidenker.org\/fw17\/wp-content\/uploads\/2019\/12\/729-filmclip-aufmacher.jpg?resize=240%2C160&#038;ssl=1\" alt=\"\" width=\"240\" height=\"160\" \/><figcaption id=\"caption-attachment-7356\" class=\"wp-caption-text\">Foto: <span class=\"text_small\">\u00a9<\/span> arbeiterfotografie.com<\/figcaption><\/figure>\n<p>Der Tiefe Staat, darf man sich damit besch\u00e4ftigen? Selbst in linken (angepassten oder unterwanderten) Kreisen wird als Gespensterglaube abgetan, was der Vorsitzende des Deutschen Freidenkerverbandes, Klaus Hartmann, in seiner Einf\u00fchrung mit vielen Beispielen plastisch vor Augen f\u00fchrt bzw. nur in Erinnerung ruft: &#8222;Diese GESPENSTER sind also sehr real&#8220;, wenn es um nachgewiesene F\u00e4lle von inszenierten False-Flag-Operationen (unter falscher Flagge) nicht zuletzt beim Anschlag auf den Bahnhof von Bologna 1980 den Linken in die Schuhe geschoben werden sollte. Gladio, so die Bezeichnung der NATO- und CIA-Geheimarmee, die der Schweizer Historiker Daniele Ganser in seiner Promotionsarbeit untersuchte und in einem Buch ver\u00f6ffentlichte. Gespensterglaube, wenn der politische Langzeitgefangene in den USA, Mumia Abu Jamal von einem &#8222;Tiefen Staat&#8220; genannten B\u00fcrokratie-Apparat in den USA schreibt. Dieser sei es, der die politischen F\u00fchrer kaufe oder eliminiere. &#8222;Und sie arbeiten so verl\u00e4sslich wie ein Uhrwerk. Leise machen sie: tik tak, tik tak, tik tak&#8220;. Damit nicht genug, es seien noch Fragen \u00fcber Fragen allein im NSU-Verfahren offen geblieben, zahlreiche Zeugen pl\u00f6tzlich verstorben, und ein Verfassungssch\u00fctzer habe im selben Internet-Caf\u00e9 gesessen, in dem er einen NSU-Mord nicht bemerkt haben will? Derselbe Andreas Temme, der in das Regierungspr\u00e4sidium des sp\u00e4ter ermordeten Walter L\u00fcbcke versetzt wurde&#8230; Die Konferenz werde &#8222;in diese und andere Angr\u00fcnde blicken&#8220;, versprach Klaus Hartmann den Zuh\u00f6rerInnen am 16.11.2019 in Stuttgart, werde &#8222;aber auch der Frage nachgehen, was k\u00f6nnen wir dem zur Verteidigung von Rationalit\u00e4t und Meinungsfreiheit und Frieden entgegensetzen?&#8220;<\/p>\n<div class=\"jetpack-video-wrapper\"><span class=\"embed-youtube\" style=\"text-align:center; display: block;\"><iframe loading=\"lazy\" class=\"youtube-player\" width=\"800\" height=\"450\" src=\"https:\/\/www.youtube.com\/embed\/FP12jATCIdg?version=3&#038;rel=1&#038;showsearch=0&#038;showinfo=1&#038;iv_load_policy=1&#038;fs=1&#038;hl=de-DE&#038;autohide=2&#038;wmode=transparent\" allowfullscreen=\"true\" style=\"border:0;\" sandbox=\"allow-scripts allow-same-origin allow-popups allow-presentation allow-popups-to-escape-sandbox\"><\/iframe><\/span><\/div>\n<p><em>Aufgenommen am 16.11.2019 in Stuttgart bei der Freidenker-Konferenz &#8222;Der Tiefe Staat &#8211; Oder: wer regiert den Westen?&#8220;<br \/>\nErstver\u00f6ffentlichung am 11.12.2019<br \/>\n<\/em><\/p>\n<p>Link zur Erstver\u00f6ffentlichung des Videos: <a href=\"http:\/\/www.nrhz.de\/flyer\/beitrag.php?id=26424\" target=\"_blank\" rel=\"noopener noreferrer\">http:\/\/www.nrhz.de\/flyer\/beitrag.php?id=26424<\/a><br \/>\nDirektlink zum Video auf YouTube: <a href=\"https:\/\/youtu.be\/FP12jATCIdg\" target=\"_blank\" rel=\"noopener noreferrer\">https:\/\/youtu.be\/FP12jATCIdg<\/a><\/p>\n<p><a href=\"#inhalt\"><span style=\"font-size: 10pt;\">\u2191\u00a0 zur \u00dcbersicht<\/span><\/a><\/p>\n<hr \/>\n<h5><a id=\"ref1\"><\/a>Ullrich Mies: Wer oder was ist der Tiefe Staat?<\/h5>\n<figure id=\"attachment_7357\" aria-describedby=\"caption-attachment-7357\" style=\"width: 240px\" class=\"wp-caption alignleft\"><img data-recalc-dims=\"1\" loading=\"lazy\" decoding=\"async\" data-attachment-id=\"7357\" data-permalink=\"https:\/\/www.freidenker.org\/?attachment_id=7357\" data-orig-file=\"https:\/\/i0.wp.com\/www.freidenker.org\/fw17\/wp-content\/uploads\/2019\/12\/730-filmclip-aufmacher.jpg?fit=240%2C174&amp;ssl=1\" data-orig-size=\"240,174\" data-comments-opened=\"0\" data-image-meta=\"{&quot;aperture&quot;:&quot;0&quot;,&quot;credit&quot;:&quot;&quot;,&quot;camera&quot;:&quot;&quot;,&quot;caption&quot;:&quot;&quot;,&quot;created_timestamp&quot;:&quot;0&quot;,&quot;copyright&quot;:&quot;&quot;,&quot;focal_length&quot;:&quot;0&quot;,&quot;iso&quot;:&quot;0&quot;,&quot;shutter_speed&quot;:&quot;0&quot;,&quot;title&quot;:&quot;&quot;,&quot;orientation&quot;:&quot;0&quot;}\" data-image-title=\"730-filmclip-aufmacher\" data-image-description=\"\" data-image-caption=\"\" data-large-file=\"https:\/\/i0.wp.com\/www.freidenker.org\/fw17\/wp-content\/uploads\/2019\/12\/730-filmclip-aufmacher.jpg?fit=240%2C174&amp;ssl=1\" class=\"wp-image-7357 size-full\" src=\"https:\/\/i0.wp.com\/www.freidenker.org\/fw17\/wp-content\/uploads\/2019\/12\/730-filmclip-aufmacher.jpg?resize=240%2C174&#038;ssl=1\" alt=\"\" width=\"240\" height=\"174\" \/><figcaption id=\"caption-attachment-7357\" class=\"wp-caption-text\">Foto: <span class=\"text_small\">\u00a9<\/span> arbeiterfotografie.com<\/figcaption><\/figure>\n<p>&#8222;Die Tiefe Staat als Herrschafts- und Geldmachtkomplott hat die Demokratie wie wir sie kannten (nach Bernd Hamm) durch einen schleichenden stillen Staatsstreich in ein totalit\u00e4res, marktradikales Projekt marktkonformer Demokratien mit imperialen kriegerischen Ambitionen \u00fcberf\u00fchrt.&#8220; Seit der so genannten Wende, d.h. der politischen \u2013 und wirtschaftlichen \u2013 Vereinnahmung der Deutschen Demokratischen Republik 1989\/1990 seien in einem schleichenden Staatsstreich die Verh\u00e4ltnisse auf den Kopf gestellt, die Friedensdividende sei verprasst worden. Ullrich Mies z\u00e4hlt gravierende Ver\u00e4nderungen innerhalb der letzten 30 Jahre in Bezug auf Deutschland auf wie die Zerst\u00f6rung der nationalen Demokratie und des Sozialstaates und die Transnationalisierung von Entscheidungsprozessen (EU). Damit alles reibungslos im Sinne der m\u00e4chtigen Akteure gelingt, bed\u00fcrfe es einer &#8222;Megamanipulation durch Herrschaftsmedien, Information Warfare&#8220;, einem Informationskrieg auf Basis von Angstproduktion. Und falls dem Volk der Kragen platzen sollte (Beispiel und Anfangsverdacht Gelbwesten in Frankreich), sind die USA im Hinblick auf B\u00fcrgerkrieg und Aufst\u00e4nde bereits ger\u00fcstet. Nichts anderes gilt f\u00fcr Deutschland und die EU.<\/p>\n<p>Vortrag von Ullrich Mies, Autor und Herausgeber von &#8222;Der Tiefe Staat schl\u00e4gt zu&#8220; bei der Konferenz &#8222;Der Tiefe Staat &#8211; oder Wer regiert den Westen&#8220; des Deutschen Freidenker-Verbandes am 16. November 2019 in Stuttgart: Teile des Tiefen Staates sind sichtbar. Die wichtigeren Einflussbereiche aber sind unsichtbar. Gemeint ist eine Schattenregierung, die nicht w\u00e4hlbar und damit auch nicht abw\u00e4hlbar ist. Ein Elitenkomplott gem\u00e4\u00df der Machtstrukturforschung &#8211; Power Structure Research &#8211; bietet Einsichten, die Ullrich Mies &#8211; ebenfalls Autor und Mitherausgeber von &#8222;Fassadendemokratie. Auf dem Weg in ein autorit\u00e4res Zeitalter&#8220; kurzweilig vermittelt.<\/p>\n<div class=\"jetpack-video-wrapper\"><span class=\"embed-youtube\" style=\"text-align:center; display: block;\"><iframe loading=\"lazy\" class=\"youtube-player\" width=\"800\" height=\"450\" src=\"https:\/\/www.youtube.com\/embed\/E6UfJG2MtRU?version=3&#038;rel=1&#038;showsearch=0&#038;showinfo=1&#038;iv_load_policy=1&#038;fs=1&#038;hl=de-DE&#038;autohide=2&#038;wmode=transparent\" allowfullscreen=\"true\" style=\"border:0;\" sandbox=\"allow-scripts allow-same-origin allow-popups allow-presentation allow-popups-to-escape-sandbox\"><\/iframe><\/span><\/div>\n<p><em>Aufgenommen am 16.11.2019 in Stuttgart bei der Freidenker-Konferenz &#8222;Der Tiefe Staat &#8211; Oder: wer regiert den Westen?&#8220;<br \/>\nErstver\u00f6ffentlichung am 18.12.2019<br \/>\n<\/em><\/p>\n<p>Link zur Erstver\u00f6ffentlichung des Videos: <a href=\"http:\/\/www.nrhz.de\/flyer\/beitrag.php?id=26456\" target=\"_blank\" rel=\"noopener noreferrer\">http:\/\/www.nrhz.de\/flyer\/beitrag.php?id=26456<\/a><br \/>\nDirektlink zum Video auf YouTube: <a href=\"https:\/\/youtu.be\/E6UfJG2MtRU\" target=\"_blank\" rel=\"noopener noreferrer\">https:\/\/youtu.be\/E6UfJG2MtRU<\/a><\/p>\n<p><a href=\"#inhalt\"><span style=\"font-size: 10pt;\">\u2191\u00a0 zur \u00dcbersicht<\/span><\/a><\/p>\n<hr \/>\n<h5><a id=\"ref2\"><\/a>Hermann Ploppa: Betreutes Denken: Medien, Think Tanks, NGOs &amp; transatlantische Netzwerke<\/h5>\n<figure id=\"attachment_7372\" aria-describedby=\"caption-attachment-7372\" style=\"width: 240px\" class=\"wp-caption alignleft\"><img data-recalc-dims=\"1\" loading=\"lazy\" decoding=\"async\" data-attachment-id=\"7372\" data-permalink=\"https:\/\/www.freidenker.org\/?attachment_id=7372\" data-orig-file=\"https:\/\/i0.wp.com\/www.freidenker.org\/fw17\/wp-content\/uploads\/2019\/12\/731-filmclip-aufmacher.jpg?fit=240%2C179&amp;ssl=1\" data-orig-size=\"240,179\" data-comments-opened=\"0\" data-image-meta=\"{&quot;aperture&quot;:&quot;0&quot;,&quot;credit&quot;:&quot;&quot;,&quot;camera&quot;:&quot;&quot;,&quot;caption&quot;:&quot;&quot;,&quot;created_timestamp&quot;:&quot;0&quot;,&quot;copyright&quot;:&quot;&quot;,&quot;focal_length&quot;:&quot;0&quot;,&quot;iso&quot;:&quot;0&quot;,&quot;shutter_speed&quot;:&quot;0&quot;,&quot;title&quot;:&quot;&quot;,&quot;orientation&quot;:&quot;0&quot;}\" data-image-title=\"731-filmclip-aufmacher\" data-image-description=\"\" data-image-caption=\"\" data-large-file=\"https:\/\/i0.wp.com\/www.freidenker.org\/fw17\/wp-content\/uploads\/2019\/12\/731-filmclip-aufmacher.jpg?fit=240%2C179&amp;ssl=1\" class=\"wp-image-7372 size-full\" src=\"https:\/\/i0.wp.com\/www.freidenker.org\/fw17\/wp-content\/uploads\/2019\/12\/731-filmclip-aufmacher.jpg?resize=240%2C179&#038;ssl=1\" alt=\"\" width=\"240\" height=\"179\" \/><figcaption id=\"caption-attachment-7372\" class=\"wp-caption-text\">Foto: <span class=\"text_small\">\u00a9<\/span> arbeiterfotografie.com<\/figcaption><\/figure>\n<p>Der Politologe, Journalist, Buchautor und Verleger Hermann Ploppa liefert die spannende Fortsetzung zum Tiefen Staat und der Frage: Wer regiert den Westen? &#8222;Regierungen werden gew\u00e4hlt mit einem ganz bestimmten Auftrag. Es ist aber v\u00f6llig egal, was wir ihnen f\u00fcr einen Auftrag geben, sie machen sowieso immer die gleiche Agenda. Es gibt offenkundig eine gewisse Gruppe da oben, die uns nicht bekannt ist oder bis 2014 nicht bekannt war, die die Agenda f\u00fchrt.&#8220; \u00dcber jetzt vier Generationen erfolgt der freiwillige Anschluss unter dem Diktum der US-amerikanischen Regierungsform des elit\u00e4ren Governance. Erinnert irgendwie an Gouvernante (Erziehungsbeauftragte). Das Governance-Prinzip ist nicht zu verwechseln mit der in deutschen Schulen gelehrten Form des Gouvernement, sprich der gew\u00e4hlten Regierung, die keineswegs den W\u00e4hlerw\u00fcnschen folgt. Ploppa: Die rot-gr\u00fcne Schr\u00f6der Regierung wurde mit eindeutigem friedens- und sozialpolitischen Auftrag gew\u00e4hlt. Geliefert hat sie Krieg und Sozialabbau. Was nicht hei\u00dft, dass andere Regierungen unter Kohl, Brandt oder Merkel anders gehandelt h\u00e4tten und es bis heute tun. Es geht ungebremst weiter in Richtung radikale Privatisierung und Marktherrschaft. Es sei denn&#8230;<\/p>\n<div class=\"jetpack-video-wrapper\"><span class=\"embed-youtube\" style=\"text-align:center; display: block;\"><iframe loading=\"lazy\" class=\"youtube-player\" width=\"800\" height=\"450\" src=\"https:\/\/www.youtube.com\/embed\/x0eTk5Xac2g?version=3&#038;rel=1&#038;showsearch=0&#038;showinfo=1&#038;iv_load_policy=1&#038;fs=1&#038;hl=de-DE&#038;autohide=2&#038;wmode=transparent\" allowfullscreen=\"true\" style=\"border:0;\" sandbox=\"allow-scripts allow-same-origin allow-popups allow-presentation allow-popups-to-escape-sandbox\"><\/iframe><\/span><\/div>\n<p><em>Aufgenommen am 16.11.2019 in Stuttgart bei der Freidenker-Konferenz &#8222;Der Tiefe Staat &#8211; Oder: wer regiert den Westen?&#8220;<br \/>\nErstver\u00f6ffentlichung am 01.01.2020<br \/>\n<\/em><\/p>\n<p>Link zur Erstver\u00f6ffentlichung des Videos: <a href=\"http:\/\/www.nrhz.de\/flyer\/beitrag.php?id=26484\" target=\"_blank\" rel=\"noopener noreferrer\">http:\/\/www.nrhz.de\/flyer\/beitrag.php?id=26484<\/a><br \/>\nDirektlink zum Video auf YouTube: <a href=\"https:\/\/youtu.be\/x0eTk5Xac2g\" target=\"_blank\" rel=\"noopener noreferrer\">https:\/\/youtu.be\/x0eTk5Xac2g<\/a><\/p>\n<p><a href=\"#inhalt\"><span style=\"font-size: 10pt;\">\u2191\u00a0 zur \u00dcbersicht<\/span><\/a><\/p>\n<hr \/>\n<h5><span class=\"text_red_times_big\"><a id=\"ref3\"><\/a>Sebastian Bahlo: \u00d6konomische Herrschaftsverh\u00e4ltnisse und &#8222;Verschw\u00f6rungen&#8220; im staatsmonopolistischen Klassenstaat<\/span><\/h5>\n<figure id=\"attachment_7506\" aria-describedby=\"caption-attachment-7506\" style=\"width: 240px\" class=\"wp-caption alignleft\"><img data-recalc-dims=\"1\" loading=\"lazy\" decoding=\"async\" data-attachment-id=\"7506\" data-permalink=\"https:\/\/www.freidenker.org\/?attachment_id=7506\" data-orig-file=\"https:\/\/i0.wp.com\/www.freidenker.org\/fw17\/wp-content\/uploads\/2019\/12\/733-filmclip-aufmacher.jpg?fit=240%2C179&amp;ssl=1\" data-orig-size=\"240,179\" data-comments-opened=\"0\" data-image-meta=\"{&quot;aperture&quot;:&quot;0&quot;,&quot;credit&quot;:&quot;&quot;,&quot;camera&quot;:&quot;&quot;,&quot;caption&quot;:&quot;&quot;,&quot;created_timestamp&quot;:&quot;0&quot;,&quot;copyright&quot;:&quot;&quot;,&quot;focal_length&quot;:&quot;0&quot;,&quot;iso&quot;:&quot;0&quot;,&quot;shutter_speed&quot;:&quot;0&quot;,&quot;title&quot;:&quot;&quot;,&quot;orientation&quot;:&quot;0&quot;}\" data-image-title=\"733-filmclip-aufmacher\" data-image-description=\"\" data-image-caption=\"\" data-large-file=\"https:\/\/i0.wp.com\/www.freidenker.org\/fw17\/wp-content\/uploads\/2019\/12\/733-filmclip-aufmacher.jpg?fit=240%2C179&amp;ssl=1\" class=\"wp-image-7506 size-full\" src=\"https:\/\/i0.wp.com\/www.freidenker.org\/fw17\/wp-content\/uploads\/2019\/12\/733-filmclip-aufmacher.jpg?resize=240%2C179&#038;ssl=1\" alt=\"\" width=\"240\" height=\"179\" \/><figcaption id=\"caption-attachment-7506\" class=\"wp-caption-text\">Foto: <span class=\"text_small\">\u00a9<\/span> arbeiterfotografie.com<\/figcaption><\/figure>\n<p>Es gab Zeiten, da befand sich das Gewaltmonopol in den H\u00e4nden des Kollektivs, in dem jedes Mitglied bewaffnet war. Diese vormodernen archaischen Gesellschaften brauchten keinen \u00dcberbau, denn die Gemeinschaft verfolgte einheitliche Interessen. Anders im postmodernen Staatswesen der kapitalistischen Gesellschaften, das unterschiedliche Interessenlagen &#8222;verwaltet&#8220;, i.d.R. zugunsten der m\u00e4chtigeren Klasse. Dennoch \u2013 so der stellvertretende Vorsitzende des Deutschen Freidenker-Verbands Sebastian Bahlo, sind die parlamentarischen Demokratien die bevorzugte &#8222;Regierungsform&#8220;, die sogar Chancen f\u00fcr weniger privilegierte Klassen bietet. Die gro\u00dfe zentrale Frage, um die es bei der Veranstaltungsreihe &#8222;Der Tiefe Staat oder wer regiert den Westen&#8220; geht, ist, wo und wie genau operiert der &#8222;Deep State&#8220;. Sebastian Bahlo spannt einen weiten Rahmen \u00fcber das Staatswesen, verschiedene Formen des Staates bis hin zu dubiosen und keineswegs gekl\u00e4rten F\u00e4llen wie der Mordserie des so genannten Nationalsozialistischen Untergrund NSU, dem L\u00fcbcke-Mord, Oktoberfest-Attentat, Geheimarmeen der NATO (Gladio) im Zusammenspiel mit angeblich aufgekl\u00e4rten Terroranschl\u00e4gen. Theoretisch bis hypothetisch \u2013 nachdenkenswert.<\/p>\n<div class=\"jetpack-video-wrapper\"><span class=\"embed-youtube\" style=\"text-align:center; display: block;\"><iframe loading=\"lazy\" class=\"youtube-player\" width=\"800\" height=\"450\" src=\"https:\/\/www.youtube.com\/embed\/BmZcj0oBFks?version=3&#038;rel=1&#038;showsearch=0&#038;showinfo=1&#038;iv_load_policy=1&#038;fs=1&#038;hl=de-DE&#038;autohide=2&#038;wmode=transparent\" allowfullscreen=\"true\" style=\"border:0;\" sandbox=\"allow-scripts allow-same-origin allow-popups allow-presentation allow-popups-to-escape-sandbox\"><\/iframe><\/span><\/div>\n<p><em>Aufgenommen am 16.11.2019 in Stuttgart bei der Freidenker-Konferenz &#8222;Der Tiefe Staat &#8211; Oder: wer regiert den Westen?&#8220;<br \/>\nErstver\u00f6ffentlichung am 02.02.2020<br \/>\n<\/em><\/p>\n<p>Link zur Erstver\u00f6ffentlichung des Videos: <a href=\"http:\/\/www.nrhz.de\/flyer\/beitrag.php?id=26538\" target=\"_blank\" rel=\"noopener noreferrer\">http:\/\/www.nrhz.de\/flyer\/beitrag.php?id=26538<\/a><br \/>\nDirektlink zum Video auf YouTube: <a href=\"https:\/\/youtu.be\/BmZcj0oBFks\" target=\"_blank\" rel=\"noopener noreferrer\">https:\/\/youtu.be\/BmZcj0oBFks<\/a><\/p>\n<p><a href=\"#inhalt\"><span style=\"font-size: 10pt;\">\u2191\u00a0 zur \u00dcbersicht<\/span><\/a><\/p>\n<hr \/>\n<h5><a id=\"ref4\"><\/a>Annett Torres: <strong>Die Transformation der Bildung<\/strong><\/h5>\n<figure id=\"attachment_7806\" aria-describedby=\"caption-attachment-7806\" style=\"width: 240px\" class=\"wp-caption alignleft\"><img data-recalc-dims=\"1\" loading=\"lazy\" decoding=\"async\" data-attachment-id=\"7806\" data-permalink=\"https:\/\/www.freidenker.org\/?attachment_id=7806\" data-orig-file=\"https:\/\/i0.wp.com\/www.freidenker.org\/fw17\/wp-content\/uploads\/2019\/12\/740-filmclip-aufmacher.jpg?fit=240%2C174&amp;ssl=1\" data-orig-size=\"240,174\" data-comments-opened=\"0\" data-image-meta=\"{&quot;aperture&quot;:&quot;0&quot;,&quot;credit&quot;:&quot;&quot;,&quot;camera&quot;:&quot;&quot;,&quot;caption&quot;:&quot;&quot;,&quot;created_timestamp&quot;:&quot;0&quot;,&quot;copyright&quot;:&quot;&quot;,&quot;focal_length&quot;:&quot;0&quot;,&quot;iso&quot;:&quot;0&quot;,&quot;shutter_speed&quot;:&quot;0&quot;,&quot;title&quot;:&quot;&quot;,&quot;orientation&quot;:&quot;0&quot;}\" data-image-title=\"740-filmclip-aufmacher\" data-image-description=\"\" data-image-caption=\"\" data-large-file=\"https:\/\/i0.wp.com\/www.freidenker.org\/fw17\/wp-content\/uploads\/2019\/12\/740-filmclip-aufmacher.jpg?fit=240%2C174&amp;ssl=1\" class=\"wp-image-7806 size-full\" src=\"https:\/\/i0.wp.com\/www.freidenker.org\/fw17\/wp-content\/uploads\/2019\/12\/740-filmclip-aufmacher.jpg?resize=240%2C174&#038;ssl=1\" alt=\"\" width=\"240\" height=\"174\" \/><figcaption id=\"caption-attachment-7806\" class=\"wp-caption-text\">Foto: <span class=\"text_small\">\u00a9<\/span> arbeiterfotografie.com<\/figcaption><\/figure>\n<p>So genannte politische &#8222;Reformen&#8220; haben sich in j\u00fcngster Zeit als Schreckgespenster erwiesen. Wie steht es um das Verfahren der l\u00e4ngerfristigen &#8222;Transformation&#8220;? Hier im Fall der Bildung. \u00dcber Jahrzehnte, teilweise schleichend, zielen sie nutzbar f\u00fcr den &#8222;neoliberalen \u00d6konomismus&#8220; auf eine Ver\u00e4nderung des Menschenbildes ab und letztlich eine Ver\u00e4nderung des Menschen selbst. Oder, wie der Wuppertaler Kunstp\u00e4dagoge Jochen Krautz es bezeichnet: sie zielen auf das Ende der Humanit\u00e4t.<\/p>\n<div class=\"jetpack-video-wrapper\"><span class=\"embed-youtube\" style=\"text-align:center; display: block;\"><iframe loading=\"lazy\" class=\"youtube-player\" width=\"800\" height=\"450\" src=\"https:\/\/www.youtube.com\/embed\/p-BfCwawFrU?version=3&#038;rel=1&#038;showsearch=0&#038;showinfo=1&#038;iv_load_policy=1&#038;fs=1&#038;hl=de-DE&#038;autohide=2&#038;wmode=transparent\" allowfullscreen=\"true\" style=\"border:0;\" sandbox=\"allow-scripts allow-same-origin allow-popups allow-presentation allow-popups-to-escape-sandbox\"><\/iframe><\/span><\/div>\n<p><em>Aufgenommen am 16.11.2019 in Stuttgart bei der Freidenker-Konferenz &#8222;Der Tiefe Staat &#8211; Oder: wer regiert den Westen?&#8220;<\/em><br \/>\n<em>Erstver\u00f6ffentlichung am 24.03.2020<\/em><\/p>\n<p>Link zur Erstver\u00f6ffentlichung des Videos: <a href=\"http:\/\/www.nrhz.de\/flyer\/beitrag.php?id=26689\" target=\"_blank\" rel=\"noopener noreferrer\">http:\/\/www.nrhz.de\/flyer\/beitrag.php?id=26689<\/a><br \/>\nDirektlink zum Video auf YouTube: <a href=\"https:\/\/youtu.be\/p-BfCwawFrU\" target=\"_blank\" rel=\"noopener noreferrer\">https:\/\/youtu.be\/p-BfCwawFrU<\/a><\/p>\n<p><a href=\"#inhalt\"><span style=\"font-size: 10pt;\">\u2191\u00a0 zur \u00dcbersicht<\/span><\/a><\/p>\n<hr \/>\n<p><span style=\"font-size: 10pt;\">Bild oben: Promedia Verlag, Wien<br \/>\n<\/span><\/p>\n<p>&nbsp;<\/p>\n","protected":false},"excerpt":{"rendered":"<p>Am 16.11.2019 fand in Stuttgart die Konferenz \u201eDer tiefe Staat \u2013 oder: Wer regiert den Westen?\u201c statt.<br \/>\nDie Veranstaltung wurde organisiert vom Deutschen Freidenker-Verband e.V. in Zusammenarbeit mit dem Ostdeutsches Kuratorium von Verb\u00e4nden (OKV) e.V., der Gesellschaft zum Schutz von B\u00fcrgerrecht und Menschenw\u00fcrde (GBM) e.V., der Gesellschaft zur rechtlichen und humanit\u00e4ren Unterst\u00fctzung (GRH) e.V., der Arbeiterfotografie e.V. &#8211; Forum f\u00fcr Engagierte Fotografie, der Marx-Engels-Stiftung Wuppertal und dem Marx-Engels-Zentrum Berlin.<br \/>\nDie Neue Rheinische Zeitung hat bisher die Er\u00f6ffnungsrede sowie zwei der sieben Hauptreferate als Video ver\u00f6ffentlicht, die wir hiermit auch \u00fcber unsere Seite zug\u00e4nglich machen.<\/p>\n","protected":false},"author":3,"featured_media":7360,"comment_status":"closed","ping_status":"closed","sticky":false,"template":"","format":"standard","meta":{"colormag_page_container_layout":"default_layout","colormag_page_sidebar_layout":"default_layout","advanced_seo_description":"","jetpack_seo_html_title":"","jetpack_seo_noindex":false,"jetpack_post_was_ever_published":false,"footnotes":""},"categories":[12,20],"tags":[370,567,56,1188,641],"class_list":["post-7354","post","type-post","status-publish","format-standard","has-post-thumbnail","hentry","category-demokratie-medien-aufklaerung","category-zentrale-veranstaltungen","tag-antifaschismus","tag-bildung","tag-nato","tag-tiefer-staat","tag-verschwoerungstheorie"],"jetpack_featured_media_url":"https:\/\/i0.wp.com\/www.freidenker.org\/fw17\/wp-content\/uploads\/2019\/12\/Tiefer_Staat_HG_800x445.jpg?fit=800%2C445&ssl=1","jetpack_shortlink":"https:\/\/wp.me\/p9stpK-1UC","jetpack-related-posts":[{"id":6932,"url":"https:\/\/www.freidenker.org\/?p=6932","url_meta":{"origin":7354,"position":0},"title":"Konferenz &#8222;Der tiefe Staat \u2013 oder: Wer regiert den Westen?&#8220;","author":"Webredaktion","date":"5. September 2019","format":false,"excerpt":"Der Deutsche Freideker-Verband l\u00e4dt ein zur Konferenz \"Der tiefe Staat \u2013 oder: Wer regiert den Westen? Samstag, 16. November 2019, 10:30 - 17 Uhr, Naturfreundehaus Fuchsrain, Stuttgart, Vortr\u00e4ge: Ullrich Mies: Wer oder was ist der Tiefe Staat? \/ Hermann Ploppa: Betreutes Denken: Medien, Think Tanks, NGOs & transatlantische Netzwerke \/\u2026","rel":"","context":"In &quot;Zentrale Veranstaltungen&quot;","block_context":{"text":"Zentrale Veranstaltungen","link":"https:\/\/www.freidenker.org\/?cat=20"},"img":{"alt_text":"","src":"https:\/\/i0.wp.com\/www.freidenker.org\/fw17\/wp-content\/uploads\/2019\/09\/tieferstaat_800x445.jpg?fit=800%2C445&ssl=1&resize=350%2C200","width":350,"height":200,"srcset":"https:\/\/i0.wp.com\/www.freidenker.org\/fw17\/wp-content\/uploads\/2019\/09\/tieferstaat_800x445.jpg?fit=800%2C445&ssl=1&resize=350%2C200 1x, https:\/\/i0.wp.com\/www.freidenker.org\/fw17\/wp-content\/uploads\/2019\/09\/tieferstaat_800x445.jpg?fit=800%2C445&ssl=1&resize=525%2C300 1.5x, https:\/\/i0.wp.com\/www.freidenker.org\/fw17\/wp-content\/uploads\/2019\/09\/tieferstaat_800x445.jpg?fit=800%2C445&ssl=1&resize=700%2C400 2x"},"classes":[]},{"id":4889,"url":"https:\/\/www.freidenker.org\/?p=4889","url_meta":{"origin":7354,"position":1},"title":"Konferenz: Individuum und Gesellschaft \u2013 Menschenbild und Pers\u00f6nlichkeitstheorie im Marxismus","author":"Webredaktion","date":"27. M\u00e4rz 2018","format":false,"excerpt":"\u00d6ffentliche Wissenschaftliche Konferenz zum 200. Geburtstag von Karl Marx am Samstag, 28. April 2018, in Hannover Individuum und Gesellschaft \u2013 Menschenbild und Pers\u00f6nlichkeitstheorie im Marxismus Vortr\u00e4ge und Diskussion: - Was ist der Mensch? (Klaus Hartmann) - Pers\u00f6nlichkeit und sozialer Sinn (Prof. Dr. Wolfgang Jantzen) - Die Leere der Frankfurter Schule\u2026","rel":"","context":"In &quot;Weltanschauung &amp; Philosophie&quot;","block_context":{"text":"Weltanschauung &amp; Philosophie","link":"https:\/\/www.freidenker.org\/?cat=16"},"img":{"alt_text":"","src":"https:\/\/i0.wp.com\/www.freidenker.org\/fw17\/wp-content\/uploads\/2018\/03\/karl-marx-konferenz_800x445.jpg?fit=800%2C445&ssl=1&resize=350%2C200","width":350,"height":200,"srcset":"https:\/\/i0.wp.com\/www.freidenker.org\/fw17\/wp-content\/uploads\/2018\/03\/karl-marx-konferenz_800x445.jpg?fit=800%2C445&ssl=1&resize=350%2C200 1x, https:\/\/i0.wp.com\/www.freidenker.org\/fw17\/wp-content\/uploads\/2018\/03\/karl-marx-konferenz_800x445.jpg?fit=800%2C445&ssl=1&resize=525%2C300 1.5x, https:\/\/i0.wp.com\/www.freidenker.org\/fw17\/wp-content\/uploads\/2018\/03\/karl-marx-konferenz_800x445.jpg?fit=800%2C445&ssl=1&resize=700%2C400 2x"},"classes":[]},{"id":581,"url":"https:\/\/www.freidenker.org\/?p=581","url_meta":{"origin":7354,"position":2},"title":"Konferenz: N\u00fctzlicher Feind: Der \u201eFaktor Islam\u201c in den Weltmachtstrategien des Westens","author":"Webmaster","date":"29. Juli 2015","format":false,"excerpt":"Einladung zur Konferenz \"Der 'Faktor Islam' in den Weltmachtstrategien des Westens\" am 12. September 2015 in Frankfurt a.M. Die Weltmachtstrategien der imperialistischen Zentren gegen\u00fcber den arabisch-islamischen L\u00e4ndern sind mit allen Aspekten zu analysieren, um die gewollte \u201eWeltordnung\u201c in ihrer perversen Irrationalit\u00e4t und Gef\u00e4hrlichkeit zu delegitimieren.","rel":"","context":"In &quot;Zentrale Veranstaltungen&quot;","block_context":{"text":"Zentrale Veranstaltungen","link":"https:\/\/www.freidenker.org\/?cat=20"},"img":{"alt_text":"","src":"https:\/\/i0.wp.com\/www.freidenker.org\/fw17\/wp-content\/uploads\/2016\/08\/Konferenz_2015.jpg?fit=800%2C445&ssl=1&resize=350%2C200","width":350,"height":200,"srcset":"https:\/\/i0.wp.com\/www.freidenker.org\/fw17\/wp-content\/uploads\/2016\/08\/Konferenz_2015.jpg?fit=800%2C445&ssl=1&resize=350%2C200 1x, https:\/\/i0.wp.com\/www.freidenker.org\/fw17\/wp-content\/uploads\/2016\/08\/Konferenz_2015.jpg?fit=800%2C445&ssl=1&resize=525%2C300 1.5x, https:\/\/i0.wp.com\/www.freidenker.org\/fw17\/wp-content\/uploads\/2016\/08\/Konferenz_2015.jpg?fit=800%2C445&ssl=1&resize=700%2C400 2x"},"classes":[]},{"id":23348,"url":"https:\/\/www.freidenker.org\/?p=23348","url_meta":{"origin":7354,"position":3},"title":"Dr. Artur Pech: Marx &#038; Engels \u00fcber Migration","author":"Webredaktion","date":"29. Oktober 2025","format":false,"excerpt":"oder Klassenanalyse vs. b\u00fcrgerlicher Moralismus - Einf\u00fchrung f\u00fcr den politischen Gebrauch Video eines Vortrages von Dr. Artur Pech, gehalten auf einer Veranstaltung des Deutschen Freidenker-Verbandes e.V. - Ortsverband N\u00fcrnberg\/Franken am 10. Oktober 2025 in N\u00fcrnberg Solidarit\u00e4t mit Menschen, die migrieren, bleibt unsere Position. Damit ist die Frage nach Ursachen und\u2026","rel":"","context":"In &quot;Frieden - Antifaschismus - Solidarit\u00e4t&quot;","block_context":{"text":"Frieden - Antifaschismus - Solidarit\u00e4t","link":"https:\/\/www.freidenker.org\/?cat=13"},"img":{"alt_text":"","src":"https:\/\/i0.wp.com\/www.freidenker.org\/fw17\/wp-content\/uploads\/2025\/10\/pech_migration_cropped_800x450.jpg?fit=800%2C450&ssl=1&resize=350%2C200","width":350,"height":200,"srcset":"https:\/\/i0.wp.com\/www.freidenker.org\/fw17\/wp-content\/uploads\/2025\/10\/pech_migration_cropped_800x450.jpg?fit=800%2C450&ssl=1&resize=350%2C200 1x, https:\/\/i0.wp.com\/www.freidenker.org\/fw17\/wp-content\/uploads\/2025\/10\/pech_migration_cropped_800x450.jpg?fit=800%2C450&ssl=1&resize=525%2C300 1.5x, https:\/\/i0.wp.com\/www.freidenker.org\/fw17\/wp-content\/uploads\/2025\/10\/pech_migration_cropped_800x450.jpg?fit=800%2C450&ssl=1&resize=700%2C400 2x"},"classes":[]},{"id":578,"url":"https:\/\/www.freidenker.org\/?p=578","url_meta":{"origin":7354,"position":4},"title":"Konferenz: 1914 \/ 2014 &#8211; Der &#8222;Westen&#8220; und Russland","author":"Webmaster","date":"27. Juli 2014","format":false,"excerpt":"Einladung zur \u00d6ffentlichen Wissenschaftlichen Konferenz \"1914 \/ 2014 - Der \"Westen\" und Russland - Internationale Lage und geopolitische Spannungen - vor Beginn des 1. Weltkrieges bis heute\" 6. September 2014, 10:30 Uhr, Rathaus Berlin Pankow, Ratssaal Vortr\u00e4ge von Wilfried Handwerk, Prof. Dr. Anton Latzo, Karl-Heinz Wendt, Dr. Hans-G\u00fcnter Szalkiewicz, Dr.\u2026","rel":"","context":"In &quot;Zentrale Veranstaltungen&quot;","block_context":{"text":"Zentrale Veranstaltungen","link":"https:\/\/www.freidenker.org\/?cat=20"},"img":{"alt_text":"","src":"https:\/\/i0.wp.com\/www.freidenker.org\/fw17\/wp-content\/uploads\/2016\/08\/Konferenz_2014.jpg?fit=800%2C445&ssl=1&resize=350%2C200","width":350,"height":200,"srcset":"https:\/\/i0.wp.com\/www.freidenker.org\/fw17\/wp-content\/uploads\/2016\/08\/Konferenz_2014.jpg?fit=800%2C445&ssl=1&resize=350%2C200 1x, https:\/\/i0.wp.com\/www.freidenker.org\/fw17\/wp-content\/uploads\/2016\/08\/Konferenz_2014.jpg?fit=800%2C445&ssl=1&resize=525%2C300 1.5x, https:\/\/i0.wp.com\/www.freidenker.org\/fw17\/wp-content\/uploads\/2016\/08\/Konferenz_2014.jpg?fit=800%2C445&ssl=1&resize=700%2C400 2x"},"classes":[]},{"id":14441,"url":"https:\/\/www.freidenker.org\/?p=14441","url_meta":{"origin":7354,"position":5},"title":"Video: Der aktuelle Systemkonflikt","author":"Webredaktion","date":"13. Oktober 2022","format":false,"excerpt":"Videomittschnitt eines Vortrages von Dr. Werner R\u00fcgemer Die Jenny Marx Gesellschaft f\u00fcr politische Bildung e.V. hat ... eine Video-Aufzeichnung des Vortrages von Dr. Werner R\u00fcgemer, Sprecher des Beirats des Deutschen Freidenker-Verbandes, zum Thema \"Der aktuelle Systemkonflikt zwischen den vom US-Imperium gef\u00fchrten L\u00e4ndern und dem \"Rest der Welt\"\" \u00a0online gestellt. Mehr\u2026","rel":"","context":"In &quot;Demokratie \u2013 Medien \u2013 Aufkl\u00e4rung&quot;","block_context":{"text":"Demokratie \u2013 Medien \u2013 Aufkl\u00e4rung","link":"https:\/\/www.freidenker.org\/?cat=12"},"img":{"alt_text":"","src":"https:\/\/i0.wp.com\/www.freidenker.org\/fw17\/wp-content\/uploads\/2022\/10\/RuegemerNeuwied_800x450.jpg?fit=800%2C450&ssl=1&resize=350%2C200","width":350,"height":200,"srcset":"https:\/\/i0.wp.com\/www.freidenker.org\/fw17\/wp-content\/uploads\/2022\/10\/RuegemerNeuwied_800x450.jpg?fit=800%2C450&ssl=1&resize=350%2C200 1x, https:\/\/i0.wp.com\/www.freidenker.org\/fw17\/wp-content\/uploads\/2022\/10\/RuegemerNeuwied_800x450.jpg?fit=800%2C450&ssl=1&resize=525%2C300 1.5x, https:\/\/i0.wp.com\/www.freidenker.org\/fw17\/wp-content\/uploads\/2022\/10\/RuegemerNeuwied_800x450.jpg?fit=800%2C450&ssl=1&resize=700%2C400 2x"},"classes":[]}],"_links":{"self":[{"href":"https:\/\/www.freidenker.org\/index.php?rest_route=\/wp\/v2\/posts\/7354","targetHints":{"allow":["GET"]}}],"collection":[{"href":"https:\/\/www.freidenker.org\/index.php?rest_route=\/wp\/v2\/posts"}],"about":[{"href":"https:\/\/www.freidenker.org\/index.php?rest_route=\/wp\/v2\/types\/post"}],"author":[{"embeddable":true,"href":"https:\/\/www.freidenker.org\/index.php?rest_route=\/wp\/v2\/users\/3"}],"replies":[{"embeddable":true,"href":"https:\/\/www.freidenker.org\/index.php?rest_route=%2Fwp%2Fv2%2Fcomments&post=7354"}],"version-history":[{"count":0,"href":"https:\/\/www.freidenker.org\/index.php?rest_route=\/wp\/v2\/posts\/7354\/revisions"}],"wp:featuredmedia":[{"embeddable":true,"href":"https:\/\/www.freidenker.org\/index.php?rest_route=\/wp\/v2\/media\/7360"}],"wp:attachment":[{"href":"https:\/\/www.freidenker.org\/index.php?rest_route=%2Fwp%2Fv2%2Fmedia&parent=7354"}],"wp:term":[{"taxonomy":"category","embeddable":true,"href":"https:\/\/www.freidenker.org\/index.php?rest_route=%2Fwp%2Fv2%2Fcategories&post=7354"},{"taxonomy":"post_tag","embeddable":true,"href":"https:\/\/www.freidenker.org\/index.php?rest_route=%2Fwp%2Fv2%2Ftags&post=7354"}],"curies":[{"name":"wp","href":"https:\/\/api.w.org\/{rel}","templated":true}]}}