{"id":7313,"date":"2019-12-18T02:14:41","date_gmt":"2019-12-18T01:14:41","guid":{"rendered":"https:\/\/www.freidenker.org\/?p=7313"},"modified":"2020-12-30T13:27:15","modified_gmt":"2020-12-30T12:27:15","slug":"freidenker-4-19-klima-im-wandel-der-zeit","status":"publish","type":"post","link":"https:\/\/www.freidenker.org\/?p=7313","title":{"rendered":"FREIDENKER 4-19  \u2013 Klima im Wandel der Zeit"},"content":{"rendered":"<p>FREIDENKER Nr. 4-19 , Dezember 2019, 78. Jahrgang<\/p>\n<h5 class=\"entry-title\">Klima im Wandel der Zeit: Planet retten &#8211; Imperialismus und Krieg stoppen<\/h5>\n<p><span style=\"color: #ff0000;\">\u00a0<\/span><\/p>\n<p>Inhalt:<\/p>\n<p><strong>Editorial<\/strong><\/p>\n<p><strong>Thema<\/strong><\/p>\n<ul>\n<li>Klaus Hartmann<br \/>\n<a href=\"https:\/\/www.freidenker.org\/?p=7334\">Kapitalismus, Umweltzerst\u00f6rung und Klimastreit<\/a><br \/>\n(<img data-recalc-dims=\"1\" loading=\"lazy\" decoding=\"async\" data-attachment-id=\"1072\" data-permalink=\"https:\/\/www.freidenker.org\/?attachment_id=1072\" data-orig-file=\"https:\/\/i0.wp.com\/www.freidenker.org\/fw17\/wp-content\/uploads\/2017\/10\/pdf_icon-e1509487447542.png?fit=16%2C16&amp;ssl=1\" data-orig-size=\"16,16\" data-comments-opened=\"0\" data-image-meta=\"{&quot;aperture&quot;:&quot;0&quot;,&quot;credit&quot;:&quot;&quot;,&quot;camera&quot;:&quot;&quot;,&quot;caption&quot;:&quot;&quot;,&quot;created_timestamp&quot;:&quot;0&quot;,&quot;copyright&quot;:&quot;&quot;,&quot;focal_length&quot;:&quot;0&quot;,&quot;iso&quot;:&quot;0&quot;,&quot;shutter_speed&quot;:&quot;0&quot;,&quot;title&quot;:&quot;&quot;,&quot;orientation&quot;:&quot;0&quot;}\" data-image-title=\"pdf_icon_16\" data-image-description=\"\" data-image-caption=\"\" data-large-file=\"https:\/\/i0.wp.com\/www.freidenker.org\/fw17\/wp-content\/uploads\/2017\/10\/pdf_icon-e1509487447542.png?fit=16%2C16&amp;ssl=1\" class=\"alignnone size-full wp-image-1072\" src=\"https:\/\/i0.wp.com\/www.freidenker.org\/fw17\/wp-content\/uploads\/2017\/10\/pdf_icon-e1509487447542.png?resize=16%2C16&#038;ssl=1\" alt=\"\" width=\"16\" height=\"16\" \/> <a href=\"https:\/\/www.freidenker.org\/fw17\/wp-content\/uploads\/2019\/12\/Freidenker_2019-04_Hartmann-KapitalismusUmweltzerstoerungUndKlimastreit.pdf\" target=\"_blank\" rel=\"noopener noreferrer\">PDF-Dokument<\/a>, ca. 653 KB)<\/li>\n<li>William F. Engdahl<br \/>\n<a href=\"https:\/\/www.freidenker.org\/?p=7335\">Das Klima und die Spur des Geldes<\/a><br \/>\n(<img data-recalc-dims=\"1\" loading=\"lazy\" decoding=\"async\" data-attachment-id=\"1072\" data-permalink=\"https:\/\/www.freidenker.org\/?attachment_id=1072\" data-orig-file=\"https:\/\/i0.wp.com\/www.freidenker.org\/fw17\/wp-content\/uploads\/2017\/10\/pdf_icon-e1509487447542.png?fit=16%2C16&amp;ssl=1\" data-orig-size=\"16,16\" data-comments-opened=\"0\" data-image-meta=\"{&quot;aperture&quot;:&quot;0&quot;,&quot;credit&quot;:&quot;&quot;,&quot;camera&quot;:&quot;&quot;,&quot;caption&quot;:&quot;&quot;,&quot;created_timestamp&quot;:&quot;0&quot;,&quot;copyright&quot;:&quot;&quot;,&quot;focal_length&quot;:&quot;0&quot;,&quot;iso&quot;:&quot;0&quot;,&quot;shutter_speed&quot;:&quot;0&quot;,&quot;title&quot;:&quot;&quot;,&quot;orientation&quot;:&quot;0&quot;}\" data-image-title=\"pdf_icon_16\" data-image-description=\"\" data-image-caption=\"\" data-large-file=\"https:\/\/i0.wp.com\/www.freidenker.org\/fw17\/wp-content\/uploads\/2017\/10\/pdf_icon-e1509487447542.png?fit=16%2C16&amp;ssl=1\" class=\"alignnone size-full wp-image-1072\" src=\"https:\/\/i0.wp.com\/www.freidenker.org\/fw17\/wp-content\/uploads\/2017\/10\/pdf_icon-e1509487447542.png?resize=16%2C16&#038;ssl=1\" alt=\"\" width=\"16\" height=\"16\" \/> <a href=\"https:\/\/www.freidenker.org\/fw17\/wp-content\/uploads\/2019\/12\/Freidenker_2019-04_Engdahl-DasKlimaUndDieSpurDesGeldes.pdf\" target=\"_blank\" rel=\"noopener noreferrer\">PDF-Dokumen<\/a>t, ca. 375 KB)<\/li>\n<li>Cory Morningstar \u00fcber \u201edie Greta-Konsens-Fabrikation\u201c<\/li>\n<li>Hans-J\u00fcrgen Bandelt<br \/>\nDie Klima-T\u00e4uscher<\/li>\n<li>Eiszeit-Panik, Venedig-Hochwasser, Verkehrspolitik an die Wand<\/li>\n<li>Fotobeweise:<br \/>\nHier k\u00e4mpfen sich Schlittenhunde durchs Schmelzwasser<\/li>\n<li>Annett Torres<br \/>\nNetzstabilit\u00e4t \u2013 Grundlage der Energieversorgung<\/li>\n<li>Wetter, Daten, Klima, Emissionen, Klimarat etc.<\/li>\n<li>Witold Fischer<br \/>\n\u201eMenschgemachter Klimawandel\u201c \u2013 wessen Ideologie?<\/li>\n<li>Sebastian Bahlo<br \/>\n<a href=\"https:\/\/www.freidenker.org\/?p=7343\">\u00dcber den Begriff des Anthropoz\u00e4ns<\/a><br \/>\n(<img data-recalc-dims=\"1\" loading=\"lazy\" decoding=\"async\" data-attachment-id=\"1072\" data-permalink=\"https:\/\/www.freidenker.org\/?attachment_id=1072\" data-orig-file=\"https:\/\/i0.wp.com\/www.freidenker.org\/fw17\/wp-content\/uploads\/2017\/10\/pdf_icon-e1509487447542.png?fit=16%2C16&amp;ssl=1\" data-orig-size=\"16,16\" data-comments-opened=\"0\" data-image-meta=\"{&quot;aperture&quot;:&quot;0&quot;,&quot;credit&quot;:&quot;&quot;,&quot;camera&quot;:&quot;&quot;,&quot;caption&quot;:&quot;&quot;,&quot;created_timestamp&quot;:&quot;0&quot;,&quot;copyright&quot;:&quot;&quot;,&quot;focal_length&quot;:&quot;0&quot;,&quot;iso&quot;:&quot;0&quot;,&quot;shutter_speed&quot;:&quot;0&quot;,&quot;title&quot;:&quot;&quot;,&quot;orientation&quot;:&quot;0&quot;}\" data-image-title=\"pdf_icon_16\" data-image-description=\"\" data-image-caption=\"\" data-large-file=\"https:\/\/i0.wp.com\/www.freidenker.org\/fw17\/wp-content\/uploads\/2017\/10\/pdf_icon-e1509487447542.png?fit=16%2C16&amp;ssl=1\" class=\"alignnone size-full wp-image-1072\" src=\"https:\/\/i0.wp.com\/www.freidenker.org\/fw17\/wp-content\/uploads\/2017\/10\/pdf_icon-e1509487447542.png?resize=16%2C16&#038;ssl=1\" alt=\"\" width=\"16\" height=\"16\" \/> <a href=\"https:\/\/www.freidenker.org\/fw17\/wp-content\/uploads\/2019\/12\/Freidenker_2019-04_Bahlo-UeberDenBegriffDesAnthropozaens.pdf\" target=\"_blank\" rel=\"noopener noreferrer\">PDF-Dokument<\/a>, ca. 389 KB)<\/li>\n<\/ul>\n<p><strong>Chronik<\/strong><\/p>\n<p><strong>B\u00fccher f\u00fcr Freidenker<\/strong><\/p>\n<ul>\n<li>Armin Geus:<br \/>\nLudwig B\u00fcchners Religionskritik: Ein unbekanntes Dokument<\/li>\n<li>Diether Dehm:<br \/>\nMeine sch\u00f6nsten Skandale: Von Ruf- und anderen Morden<\/li>\n<\/ul>\n<p><img data-recalc-dims=\"1\" loading=\"lazy\" decoding=\"async\" data-attachment-id=\"7315\" data-permalink=\"https:\/\/www.freidenker.org\/?attachment_id=7315\" data-orig-file=\"https:\/\/i0.wp.com\/www.freidenker.org\/fw17\/wp-content\/uploads\/2019\/12\/fd_2019-04_640px.jpg?fit=455%2C642&amp;ssl=1\" data-orig-size=\"455,642\" data-comments-opened=\"0\" data-image-meta=\"{&quot;aperture&quot;:&quot;0&quot;,&quot;credit&quot;:&quot;&quot;,&quot;camera&quot;:&quot;&quot;,&quot;caption&quot;:&quot;&quot;,&quot;created_timestamp&quot;:&quot;0&quot;,&quot;copyright&quot;:&quot;&quot;,&quot;focal_length&quot;:&quot;0&quot;,&quot;iso&quot;:&quot;0&quot;,&quot;shutter_speed&quot;:&quot;0&quot;,&quot;title&quot;:&quot;&quot;,&quot;orientation&quot;:&quot;1&quot;}\" data-image-title=\"fd_2019-04_640px\" data-image-description=\"\" data-image-caption=\"\" data-large-file=\"https:\/\/i0.wp.com\/www.freidenker.org\/fw17\/wp-content\/uploads\/2019\/12\/fd_2019-04_640px.jpg?fit=455%2C642&amp;ssl=1\" class=\"alignnone wp-image-7315 size-full\" src=\"https:\/\/i0.wp.com\/www.freidenker.org\/fw17\/wp-content\/uploads\/2019\/12\/fd_2019-04_640px.jpg?resize=455%2C642&#038;ssl=1\" alt=\"\" width=\"455\" height=\"642\" srcset=\"https:\/\/i0.wp.com\/www.freidenker.org\/fw17\/wp-content\/uploads\/2019\/12\/fd_2019-04_640px.jpg?w=455&amp;ssl=1 455w, https:\/\/i0.wp.com\/www.freidenker.org\/fw17\/wp-content\/uploads\/2019\/12\/fd_2019-04_640px.jpg?resize=213%2C300&amp;ssl=1 213w\" sizes=\"auto, (max-width: 455px) 100vw, 455px\" \/><\/p>\n<p>&nbsp;<\/p>\n<hr \/>\n<p><strong>Online-Ausgabe:<\/strong><\/p>\n<p>Das Heft kann hier als PDF-Dokument angesehen und heruntergeladen werden:<\/p>\n<p><img loading=\"lazy\" decoding=\"async\" data-attachment-id=\"1076\" data-permalink=\"https:\/\/www.freidenker.org\/?attachment_id=1076\" data-orig-file=\"https:\/\/i0.wp.com\/www.freidenker.org\/fw17\/wp-content\/uploads\/2017\/10\/pdf_icon-2.png?fit=32%2C32&amp;ssl=1\" data-orig-size=\"32,32\" data-comments-opened=\"0\" data-image-meta=\"{&quot;aperture&quot;:&quot;0&quot;,&quot;credit&quot;:&quot;&quot;,&quot;camera&quot;:&quot;&quot;,&quot;caption&quot;:&quot;&quot;,&quot;created_timestamp&quot;:&quot;0&quot;,&quot;copyright&quot;:&quot;&quot;,&quot;focal_length&quot;:&quot;0&quot;,&quot;iso&quot;:&quot;0&quot;,&quot;shutter_speed&quot;:&quot;0&quot;,&quot;title&quot;:&quot;&quot;,&quot;orientation&quot;:&quot;0&quot;}\" data-image-title=\"pdf_icon\" data-image-description=\"\" data-image-caption=\"\" data-large-file=\"https:\/\/i0.wp.com\/www.freidenker.org\/fw17\/wp-content\/uploads\/2017\/10\/pdf_icon-2.png?fit=32%2C32&amp;ssl=1\" class=\"alignnone size-full wp-image-1076\" src=\"https:\/\/i0.wp.com\/www.freidenker.org\/fw17\/wp-content\/uploads\/2017\/10\/pdf_icon-2.png?resize=32%2C32&amp;ssl=1\" alt=\"\" width=\"32\" height=\"32\" data-attachment-id=\"1076\" data-permalink=\"https:\/\/www.freidenker.org\/?attachment_id=1076\" data-orig-file=\"https:\/\/i1.wp.com\/www.freidenker.org\/fw17\/wp-content\/uploads\/2017\/10\/pdf_icon-2.png?fit=32%2C32&amp;ssl=1\" data-orig-size=\"32,32\" data-comments-opened=\"0\" data-image-meta=\"{&quot;aperture&quot;:&quot;0&quot;,&quot;credit&quot;:&quot;&quot;,&quot;camera&quot;:&quot;&quot;,&quot;caption&quot;:&quot;&quot;,&quot;created_timestamp&quot;:&quot;0&quot;,&quot;copyright&quot;:&quot;&quot;,&quot;focal_length&quot;:&quot;0&quot;,&quot;iso&quot;:&quot;0&quot;,&quot;shutter_speed&quot;:&quot;0&quot;,&quot;title&quot;:&quot;&quot;,&quot;orientation&quot;:&quot;0&quot;}\" data-image-title=\"pdf_icon\" data-image-description=\"\" data-medium-file=\"https:\/\/i1.wp.com\/www.freidenker.org\/fw17\/wp-content\/uploads\/2017\/10\/pdf_icon-2.png?fit=32%2C32&amp;ssl=1\" data-large-file=\"https:\/\/i1.wp.com\/www.freidenker.org\/fw17\/wp-content\/uploads\/2017\/10\/pdf_icon-2.png?fit=32%2C32&amp;ssl=1\" \/> <a href=\"https:\/\/www.freidenker.org\/fw17\/wp-content\/uploads\/2020\/12\/Freidenker_2019-04_online.pdf\" target=\"_blank\" rel=\"noopener\">Verbandsorgan FREIDENKER 4-19 im PDF-Format<\/a> (ca. 3,4 MB)<\/p>\n<p>Zum <a href=\"https:\/\/www.freidenker.org\/?page_id=1682\">\u00dcberblick \u00fcber alle Online-Ausgaben<\/a><\/p>\n","protected":false},"excerpt":{"rendered":"<p><b>Die Ausgabe 4-19 des Verbandsorgans FREIDENKER hat das Schwerpunkt-Thema \u201eKlima im Wandel der Zeit\u201c und enth\u00e4lt u.a. folgende Beitr\u00e4ge:<\/b><br \/>\n&#8211; Klaus Hartmann: Kapitalismus, Umweltzerst\u00f6rung und Klimastreit<br \/>\n&#8211; William F. Engdahl: Das Klima und die Spur des Geldes<br \/>\n&#8211; Cory Morningstar \u00fcber \u201edie Greta-Konsens-Fabrikation\u201c<br \/>\n&#8211; Hans-J\u00fcrgen Bandelt: Die Klima-T\u00e4uscher<br \/>\n&#8211; Annett Torres: Netzstabilit\u00e4t \u2013 Grundlage der Energieversorgung<br \/>\n&#8211; Witold Fischer: \u201eMenschgemachter Klimawandel\u201c \u2013 wessen Ideologie?<br \/>\n&#8211; Sebastian Bahlo: \u00dcber den Begriff des Anthropoz\u00e4ns<\/p>\n","protected":false},"author":3,"featured_media":7316,"comment_status":"closed","ping_status":"closed","sticky":false,"template":"","format":"standard","meta":{"colormag_page_container_layout":"default_layout","colormag_page_sidebar_layout":"default_layout","advanced_seo_description":"","jetpack_seo_html_title":"","jetpack_seo_noindex":false,"jetpack_post_was_ever_published":false,"footnotes":""},"categories":[8,16],"tags":[1170,627,84,72,94,814],"class_list":["post-7313","post","type-post","status-publish","format-standard","has-post-thumbnail","hentry","category-verbandsorgan-freidenker","category-weltanschauung-philosophie","tag-co2","tag-energiepolitik","tag-klima","tag-klimaschutz","tag-klimawandel","tag-oekologie"],"jetpack_featured_media_url":"https:\/\/i0.wp.com\/www.freidenker.org\/fw17\/wp-content\/uploads\/2019\/12\/FD_2019-04_Titel_mR.jpg?fit=800%2C445&ssl=1","jetpack_shortlink":"https:\/\/wp.me\/p9stpK-1TX","jetpack-related-posts":[{"id":7335,"url":"https:\/\/www.freidenker.org\/?p=7335","url_meta":{"origin":7313,"position":0},"title":"Das Klima und die Spur des Geldes","author":"Webredaktion","date":"29. Dezember 2019","format":false,"excerpt":"Beitrag von von William F. Engdahl aus FREIDENKER 4-19 Das Klima. Wer h\u00e4tte das gedacht. Genau jene Mega-Konzerne und Mega-Milliard\u00e4re, die seit den letzten Jahrzehnten hinter der Globalisierung der Weltwirtschaft stecken, die nach Shareholder Value und Kostenreduzierung streben, die unserer Umwelt so viel Schaden zugef\u00fcgt haben, sowohl in der industrialisierten\u2026","rel":"","context":"In &quot;Demokratie \u2013 Medien \u2013 Aufkl\u00e4rung&quot;","block_context":{"text":"Demokratie \u2013 Medien \u2013 Aufkl\u00e4rung","link":"https:\/\/www.freidenker.org\/?cat=12"},"img":{"alt_text":"","src":"https:\/\/i0.wp.com\/www.freidenker.org\/fw17\/wp-content\/uploads\/2019\/12\/green-4571134_800x445.jpg?fit=800%2C445&ssl=1&resize=350%2C200","width":350,"height":200,"srcset":"https:\/\/i0.wp.com\/www.freidenker.org\/fw17\/wp-content\/uploads\/2019\/12\/green-4571134_800x445.jpg?fit=800%2C445&ssl=1&resize=350%2C200 1x, https:\/\/i0.wp.com\/www.freidenker.org\/fw17\/wp-content\/uploads\/2019\/12\/green-4571134_800x445.jpg?fit=800%2C445&ssl=1&resize=525%2C300 1.5x, https:\/\/i0.wp.com\/www.freidenker.org\/fw17\/wp-content\/uploads\/2019\/12\/green-4571134_800x445.jpg?fit=800%2C445&ssl=1&resize=700%2C400 2x"},"classes":[]},{"id":726,"url":"https:\/\/www.freidenker.org\/?p=726","url_meta":{"origin":7313,"position":1},"title":"FREIDENKER 1-10 &#8211; Klima &#8211; Energie &#8211; Ressourcen","author":"Webmaster","date":"16. M\u00e4rz 2010","format":false,"excerpt":"Die Ausgabe 1-10 des Verbandsorgans FREIDENKER hat das Schwerpunkt-Thema \u201eKlima - Energie - Ressourcen\u201c und enth\u00e4lt u.a folgende Beitr\u00e4ge: - Rainer M\u00fcller: Das Scheitern von Kopenhagen: Die Welt in der Wachstumsfalle - Eva Bulling-Schr\u00f6ter: Neue Klimabewegung jetzt \u00fcberlebenswichtig - Klaus Hartmann: Der Streit um das Klima - Jan Bretschneider: Wie\u2026","rel":"","context":"In &quot;Verbandsorgan FREIDENKER&quot;","block_context":{"text":"Verbandsorgan FREIDENKER","link":"https:\/\/www.freidenker.org\/?cat=8"},"img":{"alt_text":"","src":"https:\/\/i0.wp.com\/www.freidenker.org\/fw17\/wp-content\/uploads\/2017\/12\/FD_2010-01_Titel_mR.jpg?fit=800%2C445&ssl=1&resize=350%2C200","width":350,"height":200,"srcset":"https:\/\/i0.wp.com\/www.freidenker.org\/fw17\/wp-content\/uploads\/2017\/12\/FD_2010-01_Titel_mR.jpg?fit=800%2C445&ssl=1&resize=350%2C200 1x, https:\/\/i0.wp.com\/www.freidenker.org\/fw17\/wp-content\/uploads\/2017\/12\/FD_2010-01_Titel_mR.jpg?fit=800%2C445&ssl=1&resize=525%2C300 1.5x, https:\/\/i0.wp.com\/www.freidenker.org\/fw17\/wp-content\/uploads\/2017\/12\/FD_2010-01_Titel_mR.jpg?fit=800%2C445&ssl=1&resize=700%2C400 2x"},"classes":[]},{"id":772,"url":"https:\/\/www.freidenker.org\/?p=772","url_meta":{"origin":7313,"position":2},"title":"FREIDENKER 1-13 &#8211; Freidenker-Religionskritik","author":"Webmaster","date":"16. M\u00e4rz 2013","format":false,"excerpt":"Die Ausgabe 1-13 des Verbandsorgans FREIDENKER hat das Schwerpunkt-Thema \u201eFreidenker-Religionskritik\u201c und enth\u00e4lt u.a folgende Beitr\u00e4ge: - Horst Schild: Vor dreihundert Jahren \u2013 \u201eDiscourse of Free-thinking\u201c - Klaus Hartmann: Freies Denken im Wandel seiner Bedeutung - Daniel Bratanovi\u0107: Karl-Marx-Jahr - Do\u011fan G\u00f6\u00e7men: Plechanow: Die Marxsche Philosophie als Fortsetzung undWeiterentwicklung von Hegels\u2026","rel":"","context":"In &quot;Verbandsorgan FREIDENKER&quot;","block_context":{"text":"Verbandsorgan FREIDENKER","link":"https:\/\/www.freidenker.org\/?cat=8"},"img":{"alt_text":"","src":"https:\/\/i0.wp.com\/www.freidenker.org\/fw17\/wp-content\/uploads\/2017\/12\/FD_2013-01_Titel_mR.jpg?fit=800%2C445&ssl=1&resize=350%2C200","width":350,"height":200,"srcset":"https:\/\/i0.wp.com\/www.freidenker.org\/fw17\/wp-content\/uploads\/2017\/12\/FD_2013-01_Titel_mR.jpg?fit=800%2C445&ssl=1&resize=350%2C200 1x, https:\/\/i0.wp.com\/www.freidenker.org\/fw17\/wp-content\/uploads\/2017\/12\/FD_2013-01_Titel_mR.jpg?fit=800%2C445&ssl=1&resize=525%2C300 1.5x, https:\/\/i0.wp.com\/www.freidenker.org\/fw17\/wp-content\/uploads\/2017\/12\/FD_2013-01_Titel_mR.jpg?fit=800%2C445&ssl=1&resize=700%2C400 2x"},"classes":[]},{"id":3237,"url":"https:\/\/www.freidenker.org\/?p=3237","url_meta":{"origin":7313,"position":3},"title":"Rechenschaftsbericht von Klaus Hartmann auf dem DFV Verbandstag 2009","author":"Webredaktion","date":"27. Mai 2009","format":false,"excerpt":"Videoaufzeichnung des Rechenschaftberichtes von Klaus Hartmann an den Verbandstag 2009 in Berlin Auszug: \"Unserem Verband wird von manchem vorgehalten, dass wir uns nicht ausschlie\u00dflich mit Kirche und Religion befassen ... Der Verbandsvorstand steht dagegen auf dem Standpunkt, dass wir den Irrationalismus insgesamt, in religi\u00f6ser wie weltlicher Gestalt ins Visier nehmen\u2026","rel":"","context":"In &quot;Positionen&quot;","block_context":{"text":"Positionen","link":"https:\/\/www.freidenker.org\/?cat=210"},"img":{"alt_text":"","src":"https:\/\/i0.wp.com\/www.freidenker.org\/fw17\/wp-content\/uploads\/2009\/05\/Hartmann_vt_2009.jpg?fit=800%2C445&ssl=1&resize=350%2C200","width":350,"height":200,"srcset":"https:\/\/i0.wp.com\/www.freidenker.org\/fw17\/wp-content\/uploads\/2009\/05\/Hartmann_vt_2009.jpg?fit=800%2C445&ssl=1&resize=350%2C200 1x, https:\/\/i0.wp.com\/www.freidenker.org\/fw17\/wp-content\/uploads\/2009\/05\/Hartmann_vt_2009.jpg?fit=800%2C445&ssl=1&resize=525%2C300 1.5x, https:\/\/i0.wp.com\/www.freidenker.org\/fw17\/wp-content\/uploads\/2009\/05\/Hartmann_vt_2009.jpg?fit=800%2C445&ssl=1&resize=700%2C400 2x"},"classes":[]},{"id":696,"url":"https:\/\/www.freidenker.org\/?p=696","url_meta":{"origin":7313,"position":4},"title":"FREIDENKER 1-09 &#8211; Internationales Charles-Darwin-Jahr","author":"Webmaster","date":"16. M\u00e4rz 2009","format":false,"excerpt":"Die Ausgabe 1-09 des Verbandsorgans FREIDENKER hat das Schwerpunkt-Thema \u201eInternationales Charles-Darwin-Jahr\u201c und enth\u00e4lt u.a folgende Beitr\u00e4ge: - Klaus Hartmann: Das Internationale Darwin-Jahr - Charles Darwin und die Evolutionswissenschaft - Fundsachen und ihre Zeit - Robert Steigerwald: Aristoteles und der ,intelligente Designer\u2018 - Sozialdarwinismus - Sebastian Bahlo: Der halbe oder der\u2026","rel":"","context":"In &quot;Verbandsorgan FREIDENKER&quot;","block_context":{"text":"Verbandsorgan FREIDENKER","link":"https:\/\/www.freidenker.org\/?cat=8"},"img":{"alt_text":"","src":"https:\/\/i0.wp.com\/www.freidenker.org\/fw17\/wp-content\/uploads\/2017\/12\/FD_2009-01_Titel_mR.jpg?fit=800%2C445&ssl=1&resize=350%2C200","width":350,"height":200,"srcset":"https:\/\/i0.wp.com\/www.freidenker.org\/fw17\/wp-content\/uploads\/2017\/12\/FD_2009-01_Titel_mR.jpg?fit=800%2C445&ssl=1&resize=350%2C200 1x, https:\/\/i0.wp.com\/www.freidenker.org\/fw17\/wp-content\/uploads\/2017\/12\/FD_2009-01_Titel_mR.jpg?fit=800%2C445&ssl=1&resize=525%2C300 1.5x, https:\/\/i0.wp.com\/www.freidenker.org\/fw17\/wp-content\/uploads\/2017\/12\/FD_2009-01_Titel_mR.jpg?fit=800%2C445&ssl=1&resize=700%2C400 2x"},"classes":[]},{"id":11252,"url":"https:\/\/www.freidenker.org\/?p=11252","url_meta":{"origin":7313,"position":5},"title":"\u201e\u2026k\u00f6nnen wir nur selber tun\u201c!","author":"Webredaktion","date":"27. September 2021","format":false,"excerpt":"Kommentar zur Bundestagswahl 2021 von Klaus Hartmann \u201eNach der Wahl ist vor der Wahl\u201c, so ein gefl\u00fcgeltes Wort \u2013 nur dass sich die Lage nach der Wahl gegen\u00fcber jener vor der Wahl posi\u00adtiv \u00e4ndern wird, das erwartet wohl kaum jemand. Egal, welche Regierungskoalition letztlich zusammengefummelt wird: wer wird aner\u00adkennen, dass\u2026","rel":"","context":"In &quot;Demokratie \u2013 Medien \u2013 Aufkl\u00e4rung&quot;","block_context":{"text":"Demokratie \u2013 Medien \u2013 Aufkl\u00e4rung","link":"https:\/\/www.freidenker.org\/?cat=12"},"img":{"alt_text":"","src":"https:\/\/i0.wp.com\/www.freidenker.org\/fw17\/wp-content\/uploads\/2021\/09\/Staatskanzlei_Brandenburg_800x450.jpg?fit=800%2C450&ssl=1&resize=350%2C200","width":350,"height":200,"srcset":"https:\/\/i0.wp.com\/www.freidenker.org\/fw17\/wp-content\/uploads\/2021\/09\/Staatskanzlei_Brandenburg_800x450.jpg?fit=800%2C450&ssl=1&resize=350%2C200 1x, https:\/\/i0.wp.com\/www.freidenker.org\/fw17\/wp-content\/uploads\/2021\/09\/Staatskanzlei_Brandenburg_800x450.jpg?fit=800%2C450&ssl=1&resize=525%2C300 1.5x, https:\/\/i0.wp.com\/www.freidenker.org\/fw17\/wp-content\/uploads\/2021\/09\/Staatskanzlei_Brandenburg_800x450.jpg?fit=800%2C450&ssl=1&resize=700%2C400 2x"},"classes":[]}],"_links":{"self":[{"href":"https:\/\/www.freidenker.org\/index.php?rest_route=\/wp\/v2\/posts\/7313","targetHints":{"allow":["GET"]}}],"collection":[{"href":"https:\/\/www.freidenker.org\/index.php?rest_route=\/wp\/v2\/posts"}],"about":[{"href":"https:\/\/www.freidenker.org\/index.php?rest_route=\/wp\/v2\/types\/post"}],"author":[{"embeddable":true,"href":"https:\/\/www.freidenker.org\/index.php?rest_route=\/wp\/v2\/users\/3"}],"replies":[{"embeddable":true,"href":"https:\/\/www.freidenker.org\/index.php?rest_route=%2Fwp%2Fv2%2Fcomments&post=7313"}],"version-history":[{"count":0,"href":"https:\/\/www.freidenker.org\/index.php?rest_route=\/wp\/v2\/posts\/7313\/revisions"}],"wp:featuredmedia":[{"embeddable":true,"href":"https:\/\/www.freidenker.org\/index.php?rest_route=\/wp\/v2\/media\/7316"}],"wp:attachment":[{"href":"https:\/\/www.freidenker.org\/index.php?rest_route=%2Fwp%2Fv2%2Fmedia&parent=7313"}],"wp:term":[{"taxonomy":"category","embeddable":true,"href":"https:\/\/www.freidenker.org\/index.php?rest_route=%2Fwp%2Fv2%2Fcategories&post=7313"},{"taxonomy":"post_tag","embeddable":true,"href":"https:\/\/www.freidenker.org\/index.php?rest_route=%2Fwp%2Fv2%2Ftags&post=7313"}],"curies":[{"name":"wp","href":"https:\/\/api.w.org\/{rel}","templated":true}]}}