{"id":7307,"date":"2019-12-17T01:28:29","date_gmt":"2019-12-17T00:28:29","guid":{"rendered":"https:\/\/www.freidenker.org\/?p=7307"},"modified":"2020-01-19T13:17:31","modified_gmt":"2020-01-19T12:17:31","slug":"doppelboediges-spiel-von-antideutschen","status":"publish","type":"post","link":"https:\/\/www.freidenker.org\/?p=7307","title":{"rendered":"Doppelb\u00f6diges Spiel von Antideutschen?"},"content":{"rendered":"<h4>Was hat es mit Gerhard Hanloser und Peter Ullrich auf sich?<\/h4>\n<p><em>Von <strong>Anneliese Fikentscher<\/strong> und <strong>Andreas Neumann<\/strong><\/em><\/p>\n<p><em>(Erstver\u00f6ffentlichung in der Neuen Rheinischen Zeitung, <a href=\"http:\/\/www.nrhz.de\/flyer\/beitrag.php?id=26438\" target=\"_blank\" rel=\"noopener noreferrer\">Online-Flyer Nr. 729\u00a0 vom 11.12.2019<\/a>)<\/em><\/p>\n<p>Es ist bemerkenswert, dass Autoren, die im &#8222;antideutschen&#8220; Spektrum \u2013 also als im Interesse imperialer M\u00e4chte wie USA und Israel operierende Kr\u00e4fte \u2013 in Erscheinung getreten sind, (neuerdings) in einer Weise ver\u00f6ffentlichen, die zu ihrem sonstigen (fr\u00fcheren) Auftreten im Widerspruch zu stehen scheint. Zwei Autoren, bei denen diese Doppelb\u00f6digkeit auff\u00e4llt, sind Gerhard Hanloser und Peter Ullrich, um deren Ver\u00f6ffentlichungen es auch in einer Reihe von Artikeln in der Neuen Rheinischen Zeitung (NRhZ) geht. Das ist Anlass f\u00fcr die folgenden Anmerkungen.<\/p>\n<h5>Gerhard Hanloser<\/h5>\n<p>So hat Gerhard Hanloser, Autor des 2019 erschienenen Buches &#8222;Querfront \u2013 Skizzen des antideutschen Betrugs&#8220; (1), z.B. mehrfach f\u00fcr das Schlachtschiff der &#8222;Antideutschen&#8220;, das Wochenblatt &#8222;Jungle World&#8220; geschrieben \u2013 und das in einer den &#8222;Antideutschen&#8220; gem\u00e4\u00dfen Weise.<\/p>\n<p>2014 verwendet er den imperialistischen Kampfbegriff &#8222;Assad-Regime&#8220;, beschreibt &#8222;Rojava&#8220; als &#8222;fortschrittliches, multiethnisches und multireligi\u00f6ses Projekt&#8220;, ohne die Kollaboration der im ressourcen-reichen Norden Syriens operierenden &#8222;Volksverteidigungseinheiten YPG&#8220; mit den USA zu erw\u00e4hnen, bei der es um den r\u00e4uberischen Zugriff auf die \u00d6lquellen, um Regime-Change (also die Beseitigung des gew\u00e4hlten Pr\u00e4sidenten Assad) und die Zerschlagung Syriens geht. (2)<\/p>\n<p>2011 bezeichnet er Gaddafi als &#8222;libyschen Diktator&#8220; (3), und es findet sich in diesem Zusammenhang ein Satz wie dieser: &#8222;Tats\u00e4chlich kann man \u00fcber die Unterst\u00fctzung, die Gaddafi durch Venezuelas Westentaschendiktator Hugo Ch\u00e1vez erf\u00e4hrt, nur den Kopf sch\u00fctteln.&#8220; (3) Und der Tageszeitung &#8222;junge Welt&#8220;, in der damals noch ein Werner Pirker antiimperialistische Positionen vertrat, verpasst er \u2013 wie so mancher Autor aus dem Spektrum der Herrschaftsmedien \u2013 das Attribut &#8222;stalinistisch&#8220;. &#8222;Die stalinistische Junge Welt schnitzt sich die arabische Revolte einfach so hin, wie sie will&#8220;, schreibt Hanloser (3), was gerne von anderen Autoren in der &#8222;Jungle World&#8220; aufgegriffen wird: &#8222;Gerhard Hanloser (Jungle World 16\/2011) wies bereits darauf hin, dass sich die stalinistische &#8218;Junge Welt&#8216; die vermeintlich antiwestliche Gef\u00fchlslage der arabischen Stra\u00dfe zurechtl\u00fcgen muss, um die libysche Diktatur als authentischen Ausdruck der dortigen Zust\u00e4nde zu rationalisieren.&#8220; (4)<\/p>\n<p>Und auch noch 2018 war das Verhalten von Gerhard Hanloser nicht anders. Beim Kongress der Neuen Gesellschaft f\u00fcr Psychologie (NGfP) in Berlin wird er als Autor u.a. der &#8222;Jungle World&#8220; vorgestellt, sitzt er zusammen mit Werner R\u00fcgemer, der \u00fcber die fragw\u00fcrdige Rolle von Herbert Marcuse auf Seiten der USA spricht, auf dem Podium und h\u00e4lt eine Art Gegenreferat. Anders als Werner R\u00fcgemer stellt er Herbert Marcuse als jemanden dar, der f\u00fcr die USA (ehrenhaft) gegen den Hitler-Faschismus gearbeitet hat, ohne zu erw\u00e4hnen, wie die USA den Hitler-Faschismus bef\u00f6rdert haben. (Siehe NRhZ vom 21.03.2018 (5))<\/p>\n<p>Die Verkl\u00e4rung von Herbert Marcuse betreibt Hanloser 2018 auch in der von ihm seinerzeit als &#8222;stalinistisch&#8220; verteufelten &#8222;jungen Welt&#8220;. (Was ist da inzwischen mit der &#8222;jungen Welt&#8220; geschehen, in der Hanloser in den vergangenen Jahren h\u00e4ufiger schreibt als in &#8222;Jungle World&#8220;?) W\u00e4hrend Springers &#8222;Welt&#8220; in nicht zu \u00fcberbietender Deutlichkeit schreibt: &#8222;Linke Intellektuelle erforschten im Kalten Krieg neue Wege der Kommunismusbek\u00e4mpfung. Zu ihnen geh\u00f6rte auch der Philosoph Herbert Marcuse.&#8220; (6) und Werner R\u00fcgemer in Marcuses Wirken und Denken &#8222;Rockefeller-Marxismus&#8220; diagnostiziert (7), wird das Operieren Marcuses f\u00fcr das US-Imperium in Hanlosers junge-Welt-Artikel \u00fcber die 68-Bewegung ausgeblendet. Stattdessen geht es in erster Linie um Marcuses Eros-Betrachtungen. (8)<\/p>\n<h5>Peter Ullrich<\/h5>\n<p>Und auch Peter Ullrich, der in den Artikeln &#8222;Bedrohte Grundrechte durch Instrumentalisierung des Antisemitismusvorwurfs&#8220; von Annette Groth (9) und &#8222;Test der &#8218;Arbeitsdefinition Antisemitismus&#8216; \u2013 Ergebnis: Mangelhaft&#8220; von Georg Meggle (10) erw\u00e4hnte Autor des Gutachtens der Rosa Luxemburg Stiftung zur IHRA-Antisemitismus-Definition, in der er &#8222;gravierende M\u00e4ngel&#8220; feststellt, ist in fr\u00fcheren Jahren in typisch &#8222;antideutscher&#8220; Weise in Erscheinung getreten.<\/p>\n<p>Bei einer Veranstaltung der Initiative &#8222;Aachener Friedenspreis&#8220;, \u00fcber die die NRhZ am 01.02.2012 unter dem Titel &#8222;Phantom Antisemitismus \u2013 Israels Kampf um Aachen geht weiter beim Aachener Friedenspreis&#8220; berichtet hat (11), attackierte er \u2013 wie seinerzeit in Kreisen der zionistischen Israel-Lobby \u00fcber Jahre \u00fcblich \u2013 auf perfide Weise Walter Herrmann und dessen &#8222;K\u00f6lner Klagemauer f\u00fcr Frieden und V\u00f6lkerverst\u00e4ndiung&#8220;. Er projizierte \u2013 wie gewohnt aus dem Zusammenhang gerissen \u2013 die Karikatur, die auf krasse Weise das israelische Gaza-Massaker im Winter 2008\/9 anprangert und die zeitweise an der Klagemauer \u2013 allerdings als Bestandteil eines in der deutschen Presse ver\u00f6ffentlichten DPA-Fotos von einer Demonstrantin in Indien, die ein Schild mit der Karikatur in H\u00e4nden h\u00e4lt \u2013 zu sehen war, um Walter Herrmann und seiner Klagemauer Antisemitismus unterzuschieben. Im Stile von Henryk M. Broder kombinierte er die Karikatur zudem noch mit anderen Darstellungen, z.B. aus dem &#8222;St\u00fcrmer\u201c der Nazis.<\/p>\n<p>Und in einem vom &#8222;Zentrum Technik und Gesellschaft&#8220; an der TU Berlin ver\u00f6ffentlichten &#8222;Forschungsbericht&#8220; zu den &#8222;Montagsmahnwachen f\u00fcr den Frieden&#8220;, der im NRhZ-Artikel &#8222;Teile und Herrsche \u2013 Zur Auseinandersetzung \u00fcber die &#8218;alte&#8216; und &#8217;neue&#8216; Friedensbewegung&#8220; (12) vom 18.06.2014 Erw\u00e4hnung findet, ist folgender Satz zu lesen: \u201eBesonders antiamerikanische und verschw\u00f6rungstheoretische, aber auch antizionistisch-antisemitische und autorit\u00e4re Einstellungen haben eine teils gro\u00dfe Verbreitung.\u201c Dieser Satz vereint in sich fast alle g\u00e4ngigen Kampfbegriffe zur Diskreditierung von Aufkl\u00e4rung und berechtigter Kritik an kriminellen Machenschaften der Kriegstreiber. Und im Stile der israelischen Hasbara (Propaganda) vermengt er undifferenziert die Begriffe &#8222;Antizionismus&#8220; und &#8222;Antisemitismus&#8220;. Zu den Autoren des &#8222;Forschungsberichts&#8220; geh\u00f6rt Peter Ullrich.<\/p>\n<h5>Abschlie\u00dfende Fragen<\/h5>\n<p>Was hat es also mit Gerhard Hanloser und Peter Ullrich auf sich? Was verfolgen sie mit Ver\u00f6ffentlichungen, die in einer kritischen \u00d6ffentlichkeit positive Beachtung finden \u2013 Gerhard Hanloser mit seinem Buch &#8222;Querfront \u2013 Skizzen des antideutschen Betrugs&#8220; und Peter Ullrich mit seiner Kritik an der Antisemitismus-Definition der &#8222;International Holocaust Remembrance Alliance&#8220; (IHRA)? Haben sie einfach nur dazugelernt und sind gel\u00e4utert, oder ist es eine Art von Umarmungsstrategie, die sie praktizieren, um sich in linke, kritische Kreise einzuschmeicheln? Stellen sie sich als Kritiker imperialer M\u00e4chte wie USA und Israel dar, um zu verdecken, dass sie in deren Sinne operieren? Wird die Antisemitismus-Definition kritisiert, um die Antisemitismus-Debatte zu befeuern und dabei gleichzeitig das Thema BDS aus dem Diskurs herauszuhalten? Wie ist es sonst erkl\u00e4rbar, dass die &#8222;linke&#8220; Rosa-Luxemburg-Stiftung die Antisemitismus-Definition kritisieren l\u00e4sst, DIE LINKE aber gleichzeitig eine Anti-BDS-Erkl\u00e4rung in den Bundestag einbringt? Haben wir es im Sinne des Strategen Sunzi mit geschickt eingef\u00e4delten T\u00e4uschungsman\u00f6vern zu tun? Soll uns suggeriert werden, die &#8222;Antideutschen&#8220; seien entlarvt, h\u00e4tten sich \u00fcberlebt und damit ausgedient \u2013 nach der Devise: stelle etwas als schwach dar, was tats\u00e4chlich \u00e4u\u00dferst stark ist, stelle etwas als tot dar, was \u00e4u\u00dferst lebendig ist?<\/p>\n<p style=\"text-align: right;\"><em>Anneliese Fikentscher und Andreas Neumann sind Herausgeber der <a href=\"http:\/\/www.nrhz.de\/flyer\/\" target=\"_blank\" rel=\"noopener noreferrer\">Neuen Rheinischen Zeitung<\/a>,<br \/>\nVorstandsmitglieder des <a href=\"http:\/\/www.arbeiterfotografie.com\/verband\/index.html\" target=\"_blank\" rel=\"noopener noreferrer\">Bundesverbandes Arbeiterfotografie<\/a><br \/>\nund Mitglieder des Deutschen Freidenker-Verbandes<\/em><\/p>\n<p><strong>Fu\u00dfnoten:<\/strong><\/p>\n<p>(1) Gerhard Hanloser: &#8222;Querfront \u2013 Skizzen des antideutschen Betrugs&#8220;<br \/>\nAbgesang auf die Antideutschen<br \/>\nBuchbesprechung von Arn Strohmeyer<br \/>\nNRhZ 729 vom 11.12.2019<br \/>\n<a href=\"http:\/\/www.nrhz.de\/flyer\/beitrag.php?id=26427\">http:\/\/www.nrhz.de\/flyer\/beitrag.php?id=26427<\/a><\/p>\n<p>(2) Der Terror des IS, die Linke und der Frieden<br \/>\nWelche Waffen? Welche Kritik?<br \/>\nGerhard Hanloser am 13.11.2014 in &#8222;Jungle World&#8220;<br \/>\n<a href=\"https:\/\/jungle.world\/artikel\/2014\/46\/welche-waffen-welche-kritik\">https:\/\/jungle.world\/artikel\/2014\/46\/welche-waffen-welche-kritik<\/a><\/p>\n<p>(3) Der Krieg in Libyen und die antiimperialistische Linke<br \/>\nLinke Neusortierung<br \/>\nGerhard Hanloser am 21.04.2011 in &#8222;Jungle World&#8220; (16\/2011)<br \/>\n<a href=\"https:\/\/jungle.world\/artikel\/2011\/16\/linke-neusortierung\">https:\/\/jungle.world\/artikel\/2011\/16\/linke-neusortierung<\/a><\/p>\n<p>(4) \u00dcber die deutsche Linke und die arabischen Aufst\u00e4nde<br \/>\nGaddafi muss weg!<br \/>\nSebastian Voigt am 28.04.2011 in &#8222;Jungle World&#8220;<br \/>\n<a href=\"https:\/\/jungle.world\/artikel\/2011\/17\/gaddafi-muss-weg\">https:\/\/jungle.world\/artikel\/2011\/17\/gaddafi-muss-weg<\/a><\/p>\n<p>(5) Kongress der Neuen Gesellschaft f\u00fcr Psychologie (NGfP), Berlin, 8.-11.3.2018<br \/>\nGesellschaft ohne Opposition?<br \/>\nVon Anneliese Fikentscher und Andreas Neumann<br \/>\nNRhZ 651 vom 21.03.2018<br \/>\n<a href=\"http:\/\/www.nrhz.de\/flyer\/beitrag.php?id=24695\">http:\/\/www.nrhz.de\/flyer\/beitrag.php?id=24695<\/a><\/p>\n<p>(6) Warum arbeitete Marcuse f\u00fcr den US-Geheimdienst?<br \/>\nLinke Intellektuelle erforschten im Kalten Krieg neue Wege der Kommunismusbek\u00e4mpfung. Zu ihnen geh\u00f6rte auch der Philosoph Herbert Marcuse.<br \/>\nRichard Herzinger am 03.03.2011<br \/>\n<a href=\"https:\/\/www.welt.de\/kultur\/history\/article12687621\/Warum-arbeitete-Marcuse-fuer-den-US-Geheimdienst.html\">https:\/\/www.welt.de\/kultur\/history\/article12687621\/Warum-arbeitete-Marcuse-fuer-den-US-Geheimdienst.html<\/a><\/p>\n<p>(7) Rockefeller-Marxismus?<br \/>\nWerner R\u00fcgemer \u00fcber die Kapitalismus-Analyse der 1968er Ikone Herbert Marcuse<br \/>\nKROKODIL 24 (M\u00e4rz 2018)<\/p>\n<p>(8) 68er-Bewegung \u2013 Autorit\u00e4re Charaktere<br \/>\nDie linke 68er-Bewegung wurde von Anfang an attackiert. Doch die damals breit rezipierten Theorien aus dem Umfeld der Frankfurter Schule dienen noch heute der Entlarvung der Haltungen und Ideologien der Rechten<br \/>\nGerhard Hanloser in &#8222;junge Welt&#8220; vom 31.01.2018<br \/>\n<a href=\"https:\/\/www.jungewelt.de\/artikel\/326420.autorit%C3%A4re-charaktere.html\">https:\/\/www.jungewelt.de\/artikel\/326420.autorit%C3%A4re-charaktere.html<\/a><\/p>\n<p>(9) Der Kampf um Meinungsfreiheit und f\u00fcr die Gemeinn\u00fctzigkeit von Organisationen, die gegen Rechtsextremismus k\u00e4mpfen<br \/>\nBedrohte Grundrechte durch Instrumentalisierung des Antisemitismusvorwurfs<br \/>\nVon Annette Groth<br \/>\nNRhZ 729 vom 11.12.2019<br \/>\n<a href=\"http:\/\/www.nrhz.de\/flyer\/beitrag.php?id=26426\">http:\/\/www.nrhz.de\/flyer\/beitrag.php?id=26426<\/a><\/p>\n<p>(10) Test der &#8222;Arbeitsdefinition Antisemitismus&#8220;<br \/>\nErgebnis: Mangelhaft<br \/>\nVon Georg Meggle<br \/>\nNRhZ 724 vom 06.11.2019<br \/>\n<a href=\"http:\/\/www.nrhz.de\/flyer\/beitrag.php?id=26319\">http:\/\/www.nrhz.de\/flyer\/beitrag.php?id=26319<\/a><\/p>\n<p>(11) Israels Kampf um Aachen geht weiter beim Aachener Friedenspreis<br \/>\nPhantom Antisemitismus<br \/>\nVon Anneliese Fikentscher und Andreas Neumann<br \/>\nNRhZ 339 vom 01.02.2012<br \/>\n<a href=\"http:\/\/www.nrhz.de\/flyer\/beitrag.php?id=17451\">http:\/\/www.nrhz.de\/flyer\/beitrag.php?id=17451<\/a><\/p>\n<p>(12) Zur Auseinandersetzung \u00fcber die &#8222;alte&#8220; und &#8222;neue&#8220; Friedensbewegung<br \/>\nTeile und Herrsche<br \/>\nVon Anneliese Fikentscher und Andreas Neumann<br \/>\nNRhZ 463 vom 18.06.2014<br \/>\n<a href=\"http:\/\/www.nrhz.de\/flyer\/beitrag.php?id=20469\">http:\/\/www.nrhz.de\/flyer\/beitrag.php?id=20469<\/a><\/p>\n<p>&nbsp;<\/p>\n<p>Der Beitrag wurde zuerst ver\u00f6ffentlicht am 11.12.2019 auf:\u00a0 <a href=\"http:\/\/www.nrhz.de\/flyer\/beitrag.php?id=26438\" target=\"_blank\" rel=\"noopener noreferrer\">http:\/\/www.nrhz.de\/flyer\/beitrag.php?id=26438<\/a><\/p>\n<hr \/>\n<p><span style=\"font-size: 10pt;\">Bild: <a href=\"https:\/\/pixabay.com\/de\/photos\/maske-gesch%C3%A4ftsmann-kaufmann-3829017\/\" target=\"_blank\" rel=\"noopener noreferrer\">pixabay.com<\/a> \/ User:\u00a0<a class=\"hover_opacity\" href=\"https:\/\/pixabay.com\/de\/users\/geralt-9301\/\">geralt<\/a> \/ Lizenz: <a href=\"https:\/\/pixabay.com\/de\/service\/license\/\">Pixabay License<\/a><\/span><\/p>\n<p>&nbsp;<\/p>\n","protected":false},"excerpt":{"rendered":"<p><b>Beitrag von Anneliese Fikentscher und Andreas Neumann<\/b><br \/>\nEs ist bemerkenswert, dass Autoren, die im &#8222;antideutschen&#8220; Spektrum \u2013 also als im Interesse imperialer M\u00e4chte wie USA und Israel operierende Kr\u00e4fte \u2013 in Erscheinung getreten sind, (neuerdings) in einer Weise ver\u00f6ffentlichen, die zu ihrem sonstigen (fr\u00fcheren) Auftreten im Widerspruch zu stehen scheint. Zwei Autoren, bei denen diese Doppelb\u00f6digkeit auff\u00e4llt, sind Gerhard Hanloser und Peter Ullrich, um deren Ver\u00f6ffentlichungen es auch in einer Reihe von Artikeln in der Neuen Rheinischen Zeitung (NRhZ) geht. Das ist Anlass f\u00fcr die folgenden Anmerkungen.<\/p>\n","protected":false},"author":3,"featured_media":7311,"comment_status":"closed","ping_status":"closed","sticky":false,"template":"","format":"standard","meta":{"colormag_page_container_layout":"default_layout","colormag_page_sidebar_layout":"default_layout","advanced_seo_description":"","jetpack_seo_html_title":"","jetpack_seo_noindex":false,"jetpack_post_was_ever_published":false,"footnotes":""},"categories":[937],"tags":[692,512,597,342],"class_list":["post-7307","post","type-post","status-publish","format-standard","has-post-thumbnail","hentry","category-zeit-der-verleumder-freidenker-fuer-klartext","tag-antideutsche","tag-antisemitismus","tag-neue-rheinische-zeitung","tag-querfront"],"jetpack_featured_media_url":"https:\/\/i0.wp.com\/www.freidenker.org\/fw17\/wp-content\/uploads\/2019\/12\/mask-3829017_800x445.jpg?fit=800%2C445&ssl=1","jetpack_shortlink":"https:\/\/wp.me\/p9stpK-1TR","jetpack-related-posts":[{"id":2409,"url":"https:\/\/www.freidenker.org\/?p=2409","url_meta":{"origin":7307,"position":0},"title":"Freidenker-Brief 5-2017: Solidarit\u00e4t mit Ken Jebsen!","author":"Webredaktion","date":"25. November 2017","format":false,"excerpt":"Der Internet-Journalist Ken Jebsen erh\u00e4lt dieses Jahr den \u201eK\u00f6lner Karlspreis f\u00fcr engagierte Literatur und Publizistik\u201c, vergeben von der mittwochs im Internet erscheinenden Neuen Rheinischen Zeitung, deren Name an jenes historische \u201eOrgan der Demokratie\u201c \u2013 so der Untertitel \u2013 erinnert, durch das Karl Marx und Friedrich Engels von 1848 bis 1849\u2026","rel":"","context":"In &quot;Demokratie \u2013 Medien \u2013 Aufkl\u00e4rung&quot;","block_context":{"text":"Demokratie \u2013 Medien \u2013 Aufkl\u00e4rung","link":"https:\/\/www.freidenker.org\/?cat=12"},"img":{"alt_text":"","src":"https:\/\/i0.wp.com\/www.freidenker.org\/fw17\/wp-content\/uploads\/2017\/11\/Bild_Ken_Jebsen_KenFM.jpg?fit=800%2C445&ssl=1&resize=350%2C200","width":350,"height":200,"srcset":"https:\/\/i0.wp.com\/www.freidenker.org\/fw17\/wp-content\/uploads\/2017\/11\/Bild_Ken_Jebsen_KenFM.jpg?fit=800%2C445&ssl=1&resize=350%2C200 1x, https:\/\/i0.wp.com\/www.freidenker.org\/fw17\/wp-content\/uploads\/2017\/11\/Bild_Ken_Jebsen_KenFM.jpg?fit=800%2C445&ssl=1&resize=525%2C300 1.5x, https:\/\/i0.wp.com\/www.freidenker.org\/fw17\/wp-content\/uploads\/2017\/11\/Bild_Ken_Jebsen_KenFM.jpg?fit=800%2C445&ssl=1&resize=700%2C400 2x"},"classes":[]},{"id":5417,"url":"https:\/\/www.freidenker.org\/?p=5417","url_meta":{"origin":7307,"position":1},"title":"FRAGEN zur FRIEDENSBEWEGUNG","author":"Webredaktion","date":"22. September 2018","format":false,"excerpt":"Warum wird die K\u00fcndigung des Truppenstationierungsvertrages (exakt: \"Vertrag \u00fcber den Aufenthalt ausl\u00e4ndischer Streitkr\u00e4fte in der Bundesrepublik Deutschland\" vom 23.10.1954) von der Friedensbewegung nicht zur zentralen Forderung erhoben? Damit er\u00fcbrigte sich die Forderung, nur die Air-Base Ramstein zu schlie\u00dfen. S\u00e4mtliche ausl\u00e4ndischen Milit\u00e4r-Niederlassungen in Deutschland w\u00e4ren damit aufzul\u00f6sen... Der Vorsitzende des Deutschen\u2026","rel":"","context":"In &quot;Frieden - Antifaschismus - Solidarit\u00e4t&quot;","block_context":{"text":"Frieden - Antifaschismus - Solidarit\u00e4t","link":"https:\/\/www.freidenker.org\/?cat=13"},"img":{"alt_text":"","src":"https:\/\/i0.wp.com\/www.freidenker.org\/fw17\/wp-content\/uploads\/2018\/09\/uz-Pressefest_2018_800x445.jpg?fit=800%2C445&ssl=1&resize=350%2C200","width":350,"height":200,"srcset":"https:\/\/i0.wp.com\/www.freidenker.org\/fw17\/wp-content\/uploads\/2018\/09\/uz-Pressefest_2018_800x445.jpg?fit=800%2C445&ssl=1&resize=350%2C200 1x, https:\/\/i0.wp.com\/www.freidenker.org\/fw17\/wp-content\/uploads\/2018\/09\/uz-Pressefest_2018_800x445.jpg?fit=800%2C445&ssl=1&resize=525%2C300 1.5x, https:\/\/i0.wp.com\/www.freidenker.org\/fw17\/wp-content\/uploads\/2018\/09\/uz-Pressefest_2018_800x445.jpg?fit=800%2C445&ssl=1&resize=700%2C400 2x"},"classes":[]},{"id":15594,"url":"https:\/\/www.freidenker.org\/?p=15594","url_meta":{"origin":7307,"position":2},"title":"Strandm\u00fcll im FriedensJournal","author":"Webredaktion","date":"25. M\u00e4rz 2023","format":false,"excerpt":"Beitrag von Anneliese Fikentscher und Andreas Neumann Was w\u00e4re, wenn das FriedensJournal, Organ des \"Bundesausschusses Friedensratschlag\", als \"h\u00e4sslicher Strandm\u00fcll\" bezeichnet w\u00fcrde? W\u00e4re das eine angemessene Form der Kritik? Wohl kaum! Aber es ist Gerhard Hanloser, der in einem FriedensJournal-Artikel mit dem Titel \"Neue Friedensbewegte auf der Stra\u00dfe \u2013 Eine Reportage\"\u2026","rel":"","context":"In &quot;Frieden - Antifaschismus - Solidarit\u00e4t&quot;","block_context":{"text":"Frieden - Antifaschismus - Solidarit\u00e4t","link":"https:\/\/www.freidenker.org\/?cat=13"},"img":{"alt_text":"","src":"https:\/\/i0.wp.com\/www.freidenker.org\/fw17\/wp-content\/uploads\/2023\/03\/Hanloser_Friedensbewegte_3_800x450.jpg?fit=800%2C450&ssl=1&resize=350%2C200","width":350,"height":200,"srcset":"https:\/\/i0.wp.com\/www.freidenker.org\/fw17\/wp-content\/uploads\/2023\/03\/Hanloser_Friedensbewegte_3_800x450.jpg?fit=800%2C450&ssl=1&resize=350%2C200 1x, https:\/\/i0.wp.com\/www.freidenker.org\/fw17\/wp-content\/uploads\/2023\/03\/Hanloser_Friedensbewegte_3_800x450.jpg?fit=800%2C450&ssl=1&resize=525%2C300 1.5x, https:\/\/i0.wp.com\/www.freidenker.org\/fw17\/wp-content\/uploads\/2023\/03\/Hanloser_Friedensbewegte_3_800x450.jpg?fit=800%2C450&ssl=1&resize=700%2C400 2x"},"classes":[]},{"id":5248,"url":"https:\/\/www.freidenker.org\/?p=5248","url_meta":{"origin":7307,"position":3},"title":"Rassismus f\u00fcr Intellektuelle","author":"Webredaktion","date":"4. Juni 2018","format":false,"excerpt":"In der Rubrik Tagesdosis wurde am 04.06.2018 bei KenFM der Beitrag \u201eRassismus f\u00fcr Intellektuelle\u201c von Susan Bonath, Mitglied des Deutschen Freidenker-Verbandes, ver\u00f6ffentlicht. Wer sind die Antideutschen? In meiner letzten Tagesdosis schrieb ich \u00fcber ihr Treiben in der angeblich linksradikalen Clubszene im Leipziger S\u00fcden. Die laufende Veranstaltungsreihe \u00bb70 Jahre Israel\u00ab wird\u2026","rel":"","context":"In &quot;Zeit der Verleumder - Freidenker f\u00fcr Klartext&quot;","block_context":{"text":"Zeit der Verleumder - Freidenker f\u00fcr Klartext","link":"https:\/\/www.freidenker.org\/?cat=937"},"img":{"alt_text":"","src":"https:\/\/i0.wp.com\/www.freidenker.org\/fw17\/wp-content\/uploads\/2018\/06\/Rassismus_fuer_Intellektuelle_800x445.jpg?fit=800%2C445&ssl=1&resize=350%2C200","width":350,"height":200,"srcset":"https:\/\/i0.wp.com\/www.freidenker.org\/fw17\/wp-content\/uploads\/2018\/06\/Rassismus_fuer_Intellektuelle_800x445.jpg?fit=800%2C445&ssl=1&resize=350%2C200 1x, https:\/\/i0.wp.com\/www.freidenker.org\/fw17\/wp-content\/uploads\/2018\/06\/Rassismus_fuer_Intellektuelle_800x445.jpg?fit=800%2C445&ssl=1&resize=525%2C300 1.5x, https:\/\/i0.wp.com\/www.freidenker.org\/fw17\/wp-content\/uploads\/2018\/06\/Rassismus_fuer_Intellektuelle_800x445.jpg?fit=800%2C445&ssl=1&resize=700%2C400 2x"},"classes":[]},{"id":5335,"url":"https:\/\/www.freidenker.org\/?p=5335","url_meta":{"origin":7307,"position":4},"title":"Von Ustica nach Ramstein","author":"Webredaktion","date":"27. August 2018","format":false,"excerpt":"Beitrag von Anneliese Fikentscher und Andreas Neumann Am 30. Juni 2018 gab es im Rahmen der Demonstration \"Stopp Air Base Ramstein\" eine Zwischenkundgebung auf dem Parkplatz an der Gedenkst\u00e4tte f\u00fcr die Opfer der Katastrophe von Ramstein, die sich dort vor fast drei\u00dfig Jahren, am 28. August 1988, bei einer Flugschau\u2026","rel":"","context":"In &quot;Demokratie \u2013 Medien \u2013 Aufkl\u00e4rung&quot;","block_context":{"text":"Demokratie \u2013 Medien \u2013 Aufkl\u00e4rung","link":"https:\/\/www.freidenker.org\/?cat=12"},"img":{"alt_text":"","src":"https:\/\/i0.wp.com\/www.freidenker.org\/fw17\/wp-content\/uploads\/2018\/08\/2017-09-09-1-60131-800x445.jpg?fit=800%2C445&ssl=1&resize=350%2C200","width":350,"height":200,"srcset":"https:\/\/i0.wp.com\/www.freidenker.org\/fw17\/wp-content\/uploads\/2018\/08\/2017-09-09-1-60131-800x445.jpg?fit=800%2C445&ssl=1&resize=350%2C200 1x, https:\/\/i0.wp.com\/www.freidenker.org\/fw17\/wp-content\/uploads\/2018\/08\/2017-09-09-1-60131-800x445.jpg?fit=800%2C445&ssl=1&resize=525%2C300 1.5x, https:\/\/i0.wp.com\/www.freidenker.org\/fw17\/wp-content\/uploads\/2018\/08\/2017-09-09-1-60131-800x445.jpg?fit=800%2C445&ssl=1&resize=700%2C400 2x"},"classes":[]},{"id":17659,"url":"https:\/\/www.freidenker.org\/?p=17659","url_meta":{"origin":7307,"position":5},"title":"NATO-AKTE Grimme-Preistr\u00e4ger Frieder Wagner: 16 Studien im Geheimarchiv bei der WHO","author":"Webredaktion","date":"15. Dezember 2023","format":false,"excerpt":"Video-Interview von Anneliese Fikentscher mit Frieder Wagner Mit zwei Dokumentarfilmen (u.a. Deadly Dust) und dem Buch \u201eTodesstaub made in USA - Uranmunition verseucht die Welt\u201c stellt der Regisseur und Grimme-Preistr\u00e4ger Frieder Wagner umfassendes Material aus umfangreichen Recherchen und wissenschaftlichen Untersuchungen der \u00d6ffentlichkeit zur Verf\u00fcgung, um sich ein Bild \u00fcber die\u2026","rel":"","context":"In &quot;Demokratie \u2013 Medien \u2013 Aufkl\u00e4rung&quot;","block_context":{"text":"Demokratie \u2013 Medien \u2013 Aufkl\u00e4rung","link":"https:\/\/www.freidenker.org\/?cat=12"},"img":{"alt_text":"","src":"https:\/\/i0.wp.com\/www.freidenker.org\/fw17\/wp-content\/uploads\/2023\/12\/Frieder_Wagner_Interview_800x450.jpg?fit=800%2C450&ssl=1&resize=350%2C200","width":350,"height":200,"srcset":"https:\/\/i0.wp.com\/www.freidenker.org\/fw17\/wp-content\/uploads\/2023\/12\/Frieder_Wagner_Interview_800x450.jpg?fit=800%2C450&ssl=1&resize=350%2C200 1x, https:\/\/i0.wp.com\/www.freidenker.org\/fw17\/wp-content\/uploads\/2023\/12\/Frieder_Wagner_Interview_800x450.jpg?fit=800%2C450&ssl=1&resize=525%2C300 1.5x, https:\/\/i0.wp.com\/www.freidenker.org\/fw17\/wp-content\/uploads\/2023\/12\/Frieder_Wagner_Interview_800x450.jpg?fit=800%2C450&ssl=1&resize=700%2C400 2x"},"classes":[]}],"_links":{"self":[{"href":"https:\/\/www.freidenker.org\/index.php?rest_route=\/wp\/v2\/posts\/7307","targetHints":{"allow":["GET"]}}],"collection":[{"href":"https:\/\/www.freidenker.org\/index.php?rest_route=\/wp\/v2\/posts"}],"about":[{"href":"https:\/\/www.freidenker.org\/index.php?rest_route=\/wp\/v2\/types\/post"}],"author":[{"embeddable":true,"href":"https:\/\/www.freidenker.org\/index.php?rest_route=\/wp\/v2\/users\/3"}],"replies":[{"embeddable":true,"href":"https:\/\/www.freidenker.org\/index.php?rest_route=%2Fwp%2Fv2%2Fcomments&post=7307"}],"version-history":[{"count":0,"href":"https:\/\/www.freidenker.org\/index.php?rest_route=\/wp\/v2\/posts\/7307\/revisions"}],"wp:featuredmedia":[{"embeddable":true,"href":"https:\/\/www.freidenker.org\/index.php?rest_route=\/wp\/v2\/media\/7311"}],"wp:attachment":[{"href":"https:\/\/www.freidenker.org\/index.php?rest_route=%2Fwp%2Fv2%2Fmedia&parent=7307"}],"wp:term":[{"taxonomy":"category","embeddable":true,"href":"https:\/\/www.freidenker.org\/index.php?rest_route=%2Fwp%2Fv2%2Fcategories&post=7307"},{"taxonomy":"post_tag","embeddable":true,"href":"https:\/\/www.freidenker.org\/index.php?rest_route=%2Fwp%2Fv2%2Ftags&post=7307"}],"curies":[{"name":"wp","href":"https:\/\/api.w.org\/{rel}","templated":true}]}}