{"id":7302,"date":"2019-12-15T21:45:38","date_gmt":"2019-12-15T20:45:38","guid":{"rendered":"https:\/\/www.freidenker.org\/?p=7302"},"modified":"2020-01-19T13:15:54","modified_gmt":"2020-01-19T12:15:54","slug":"die-uiguren-frage","status":"publish","type":"post","link":"https:\/\/www.freidenker.org\/?p=7302","title":{"rendered":"Die Uiguren-Frage"},"content":{"rendered":"<h4>Wie kann die USA es wagen, China Vortr\u00e4ge \u00fcber die Rechte der Moslems zu halten?<\/h4>\n<p><em>von <strong>Andr\u00e9 Vltchek<\/strong><\/em><\/p>\n<p><em>Aus dem Englischen von <strong>Einar Schlereth<\/strong><\/em><\/p>\n<p><em>(Erstver\u00f6ffentlichung am 11.12.2019 auf <a href=\"https:\/\/www.globalresearch.ca\/how-can-u-s-dare-lecturing-china-about-rights-muslims\/5697390\" target=\"_blank\" rel=\"noopener noreferrer\">globalresearch.ca<\/a> &#8211;<br \/>\ndeutsche Erstver\u00f6ffentlichung am 12.12.2019 auf <a href=\"https:\/\/einarschlereth.blogspot.com\/2019\/12\/die-uiguren-frage-wie-kann-die-usa-es.html\" target=\"_blank\" rel=\"noopener noreferrer\">einarschlereth.blogspot.com<\/a> )<br \/>\n<\/em><\/p>\n<p>&nbsp;<\/p>\n<p>Im Jahr 2019 habe ich eine lange Analyse \u00fcber &#8222;die Uigurenfrage&#8220; geschrieben, die in K\u00fcrze als Buch ver\u00f6ffentlicht wird.<\/p>\n<p>Seit einiger Zeit warne ich die Welt, dass der Westen und insbesondere die Vereinigten Staaten dazu beitragen, die Uiguren in der Provinz Xinjiang und au\u00dferhalb zu radikalisieren.<\/p>\n<p>Und nicht nur das: Ich habe die Route der uigurischen Radikalen durch einige L\u00e4nder wie Indonesien in Richtung T\u00fcrkei klar benannt, von wo sie dann weiter in brutale Kriegsgebiete wie Idlib in Syrien geschleust werden. Ich habe in der Region Idlib mit den syrischen Kommandeuren gearbeitet, und ich habe ausf\u00fchrlich mit den syrischen Binnenvertriebenen gesprochen, die Opfer der uigurischen V\u00f6lkermordanschl\u00e4ge geworden sind.<\/p>\n<p>Die Mehrheit der Uiguren sind Muslime. Sie haben ihre eigene, alte, spezifische Kultur, und die meisten von ihnen sind nat\u00fcrlich sehr anst\u00e4ndige Menschen. Nordwestchina ist ihre Heimat.<\/p>\n<p>Das &#8222;Problem&#8220; ist, dass Urumqi, Xinjiang an der Haupt-Linie der BRI (1 G\u00fcrtel, 1 Stra\u00dfe Initiative) liegt \u2013 einem \u00e4u\u00dferst optimistischen, internationalistischen Projekt, das bezweckt, Milliarden von Menschen auf allen Kontinenten zu verbinden. Das BRI ist ein infrastrukturelles und kulturelles Projekt, das bald Hunderte von Millionen Menschen aus Armut und Unterentwicklung herausf\u00fchren wird.<\/p>\n<figure id=\"attachment_7303\" aria-describedby=\"caption-attachment-7303\" style=\"width: 600px\" class=\"wp-caption aligncenter\"><img data-recalc-dims=\"1\" loading=\"lazy\" decoding=\"async\" data-attachment-id=\"7303\" data-permalink=\"https:\/\/www.freidenker.org\/?attachment_id=7303\" data-orig-file=\"https:\/\/i0.wp.com\/www.freidenker.org\/fw17\/wp-content\/uploads\/2019\/12\/170717-Xinjiang-road-600-1.jpg?fit=600%2C400&amp;ssl=1\" data-orig-size=\"600,400\" data-comments-opened=\"0\" data-image-meta=\"{&quot;aperture&quot;:&quot;0&quot;,&quot;credit&quot;:&quot;&quot;,&quot;camera&quot;:&quot;&quot;,&quot;caption&quot;:&quot;&quot;,&quot;created_timestamp&quot;:&quot;0&quot;,&quot;copyright&quot;:&quot;&quot;,&quot;focal_length&quot;:&quot;0&quot;,&quot;iso&quot;:&quot;0&quot;,&quot;shutter_speed&quot;:&quot;0&quot;,&quot;title&quot;:&quot;&quot;,&quot;orientation&quot;:&quot;0&quot;}\" data-image-title=\"170717-Xinjiang-road-600-1\" data-image-description=\"\" data-image-caption=\"\" data-large-file=\"https:\/\/i0.wp.com\/www.freidenker.org\/fw17\/wp-content\/uploads\/2019\/12\/170717-Xinjiang-road-600-1.jpg?fit=600%2C400&amp;ssl=1\" class=\"wp-image-7303 size-full\" src=\"https:\/\/i0.wp.com\/www.freidenker.org\/fw17\/wp-content\/uploads\/2019\/12\/170717-Xinjiang-road-600-1.jpg?resize=600%2C400&#038;ssl=1\" alt=\"\" width=\"600\" height=\"400\" srcset=\"https:\/\/i0.wp.com\/www.freidenker.org\/fw17\/wp-content\/uploads\/2019\/12\/170717-Xinjiang-road-600-1.jpg?w=600&amp;ssl=1 600w, https:\/\/i0.wp.com\/www.freidenker.org\/fw17\/wp-content\/uploads\/2019\/12\/170717-Xinjiang-road-600-1.jpg?resize=300%2C200&amp;ssl=1 300w\" sizes=\"auto, (max-width: 600px) 100vw, 600px\" \/><figcaption id=\"caption-attachment-7303\" class=\"wp-caption-text\">Die Xinjiang-uigurische autonome Region und die neue Schnellstra\u00dfe von Bejing nach Urumqi<\/figcaption><\/figure>\n<p>Washington ist entsetzt, dass China eine Vorreiterrolle beim Aufbau einer viel besseren Zukunft f\u00fcr die Menschheit \u00fcbernimmt. Denn wenn China erfolgreich ist, k\u00f6nnte es das Ende des westlichen Imperialismus und Neokolonialismus sein, was zu echter Freiheit und Unabh\u00e4ngigkeit f\u00fcr Dutzende von bisher leidenden Nationen f\u00fchren k\u00f6nnte.<\/p>\n<p>Deshalb hat Washington beschlossen zu handeln, um den Status quo und seine Dominanz \u00fcber die Welt zu erhalten.<\/p>\n<p>Erster Schritt: China auf jeden Fall zu bek\u00e4mpfen, zu provozieren und mit Dreck zu bewerfen, ob in Hongkong, Taiwan, dem S\u00fcdchinesischen Meer oder, wie oben erw\u00e4hnt, der &#8222;Uiguren Frage&#8220;.<\/p>\n<p>Schritt zwei: zu versuchen, einen Teil der verfassungsm\u00e4\u00dfig anerkannten nationalen Minderheit Chinas \u2013 die Uiguren \u2013 in &#8222;Rebellen&#8220;, genauer gesagt, Terroristen, zu verwandeln.<\/p>\n<p>Die T\u00fcrkei, ein Mitglied der NATO, bot den USA eine hilfreiche Hand. Uiguren wurden mit ihren Familien mit t\u00fcrkischen P\u00e4ssen nach Istanbul geflogen \u00fcber St\u00fctzpunkte in S\u00fcdostasien. Dann wurden ihre P\u00e4sse in Istanbul beschlagnahmt. Viele Uiguren wurden rekrutiert, ausgebildet und dann in das vom Krieg zerr\u00fcttete Syrien transportiert. Kleinere Gruppen blieben an Orten wie Indonesien und schlossen sich dort den Dschihad-Kadern an. Als die terroristischen Gruppen in Syrien fast vollst\u00e4ndig besiegt wurden, wurden einige Uiguren nach Afghanistan verlegt, wo ich auch fr\u00fcher gearbeitet und ermittelt habe. Und Afghanistan hat eine kurze, aber wichtige Grenze zu China.<\/p>\n<h5>Warum diese komplexe Operation?<\/h5>\n<p>Die Antwort ist einfach: NATO\/Washington\/West hoffen, dass die gest\u00e4hlten, gut ausgebildeten Uiguren Dschihad-K\u00e4mpfer schlie\u00dflich nach Xinjiang zur\u00fcckkehren werden. Dort k\u00f6nnten sie anfangen, f\u00fcr &#8222;Unabh\u00e4ngigkeit&#8220; zu k\u00e4mpfen und damit die BRI zu sabotieren.<\/p>\n<p>Auf diese Weise w\u00fcrde China Schaden zugef\u00fcgt und sein m\u00e4chtigstes globales Projekt (BRI) gest\u00f6rt.<\/p>\n<p>Die chinesische Regierung ist nat\u00fcrlich beunruhigt. Es ist klar, dass der Westen eine brillante Falle vorbereitet hat:<br \/>\n1) Wenn China nichts tut, wird es auf seinem eigenen Territorium mit einer \u00e4u\u00dferst gef\u00e4hrlichen terroristischen Bedrohung konfrontiert (denken Sie daran, dass die Sowjetunion nach Afghanistan hineingezogen wurde und von im Westen trainierten, finanzierten und unterst\u00fctzten Mujahedeen schwere Verluste erlitt. Der Westen hat eine lange Geschichte des Missbrauchs des Islam f\u00fcr seine machiavellistischen Pl\u00e4ne). 2) Wenn China etwas tut, um sich zu sch\u00fctzen, wird es von den westlichen Medien und Politikern angegriffen werden. Genau das ist es, was jetzt passiert.<\/p>\n<h5>Alles ist klar und vorbereitet.<\/h5>\n<p>Am 12. September 2019 berichtete die <i>South China Morning Post:<\/i><br \/>\n\u00abDer US-Senat hat das \u2018Uiguren Menschenrechts-Gesetz verabschiedet, das Sanktionen gegenchinesische Beamte wegen der Xinjiang-Lager fordert.<\/p>\n<p>Das Gesetz fordert auch die Trump-Administration auf, die Ausfuhr von Waren und Dienstleistungen an staatliche Agenten in der chinesischen Region zu verbieten, in der mehr als 1 Million Uiguren inhaftiertsin.<\/p>\n<p>Peking beschreibt den Schritt als &#8222;grobe Einmischung in Chinas innere Angelegenheiten&#8220;.<\/p>\n<p>Nat\u00fcrlich ist das so genannte Rechts-Gesetz eine grobe Einmischung in die Angelegenheiten Xinjiangs und eine \u00dcbung in Heuchelei und Einsch\u00fcchterung.<\/p>\n<p>Wir d\u00fcrfen nicht vergessen, dass die Vereinigten Staaten die muslimischen Menschen mit absoluter Boshaftigkeit behandeln. Es verbietet ihnen sogar die Einreise in die USA, wenn sie zuf\u00e4llig in bestimmten L\u00e4ndern leben. Sie bombardiert willk\u00fcrlich in Pakistan, Afghanistan und anderswo und k\u00fcmmert sich nicht \u00fcber den Verlust von Zivilisten. Sie foltert Muslime, und sie erniedrigt sie in den USA und sogar in ihren eigenen L\u00e4ndern.<\/p>\n<p>Und offen gesagt: Indem Washington versucht, den Uigurenaufstand in China auszul\u00f6sen, f\u00fcgt es den Uiguren selbst und eigentlich allen Menschen im Nordwesten Chinas eindeutig gro\u00dfen Schaden zu. Es ist nicht nur falsch, die Vereinigten Staaten begehen Verbrechen gegen die Menschlichkeit.<\/p>\n<p>*<br \/>\nChina ist ein multinationales, multikulturelles Land. Die muslimische Kultur ist Teil der Identit\u00e4t der VR China. Ich schlage jedem, der daran zweifelt, vor, nach Xi&#8217;an zu reisen, einer der drei alten Hauptst\u00e4dte Chinas.<\/p>\n<p>In Xi&#8217;an entstand die alte gro\u00dfe Seidenstra\u00dfe (das alte BRI, k\u00f6nnte man sagen). Bis heute ist sie stolz auf ihre gewaltigen muslimischen Denkm\u00e4ler sowie auf ihr wunderbares muslimisches Essen und ihre Musik. Jedes Jahr reisen Dutzende von Millionen chinesischer Besucher nach Xi&#8217;an, um sein Erbe zu verstehen und seine Kultur zu genie\u00dfen. Die Stadt wird geliebt und gesch\u00e4tzt, vor allem wegen ihrer lebendigen muslimischen Identit\u00e4t.<\/p>\n<p>Es ist v\u00f6lliger Unsinn, dass China &#8222;antimuslimisch&#8220; ist. Sowohl China (als auch Russland) sind gegen\u00fcber dem Islam viel toleranter als der Westen. Historisch und aktuell.<\/p>\n<p>Der gleiche Unsinn ist zu behaupten, dass China in Xinjiang &#8222;Konzentrationslager&#8220; baut.<\/p>\n<p>Chinas Position ist klar: Was der Westen als Lager bezeichnet, sind &#8222;Berufsbildungszentren&#8220;, in denen &#8222;Auszubildende&#8220; Chinesisch lernen und berufliche F\u00e4higkeiten erwerben k\u00f6nnen, damit sie nicht Opfer von &#8222;Terrorismus und religi\u00f6sem Extremismus&#8220; werden. Eine Gruppe muslimisch-indonesischer F\u00fchrer, die Zugang zu diesen so genannten &#8222;Lagern&#8220; in Xinjiang erhielten, sagte k\u00fcrzlich meinem Kollegen, dass Menschen, die einige Zeit in diesen Institutionen verbringen, tats\u00e4chlich nachts zu Hause schlafen k\u00f6nnen.<\/p>\n<p>Offen gesagt, kaum ein Guantanamo Bay.<\/p>\n<p>Der selbsternannte &#8222;Richter&#8220; &#8211; die Vereinigten Staaten &#8211; hat Hunderte von Hochsicherheitsgef\u00e4ngnissen, die \u00fcber das ganze Land verteilt sind. Es ist bekannt, dass es dort ein gro\u00dfes (privates) Gesch\u00e4ft ist, oft unschuldige Menschen ins Gef\u00e4ngnis zu werfen, schon seit vielen Jahrzehnten. Millionen von Menschen sind umsonst eingesperrt. Wie kann es ein Land mit der gr\u00f6\u00dften Anzahl von Gefangenen auf der Erde (auf Pro-Kopf-Basis) wagen, jemanden Gerechtigkeit zu predigen? Es ist wirklich ein gro\u00dfes Mysterium.<\/p>\n<p>*<\/p>\n<h5>Was ist der wahre Zweck solcher Handlungen?<\/h5>\n<p>Die Antwort ist einfach: Es ist die entschiedene Weigerung der USA, ihren Einfluss auf die Welt mit anderen, viel humaneren L\u00e4ndern, wie China, zu teilen, es ist ihre Weigerung, auf der Basis gro\u00dfer Ideen und guten Willens zu konkurrieren.<\/p>\n<p>Je nihilistischer die US-Au\u00dfenpolitik wird, desto mehr beschuldigt sie andere des &#8222;Mordes&#8220;.<\/p>\n<p>Die Funktionsweise der Dinge ist einfach: Washington schafft einen schrecklichen Konflikt, irgendwo. Wenn das Opferland versucht, den Konflikt zu l\u00f6sen, um sozusagen das &#8222;Feuer zu l\u00f6schen&#8220;, wird es der &#8222;Verletzung von Rechten&#8220; beschuldigt und mit Sanktionen belegt.<\/p>\n<p>All das muss aufh\u00f6ren und zwar bald. Diese Politik Washingtons verwandelt Millionen von Menschenleben in Qualen.<b><br \/>\n<\/b><\/p>\n<p>&nbsp;<\/p>\n<p style=\"text-align: right;\"><em>Andr\u00e9 Vltchek ist Philosoph, Schriftsteller, Filmemacher und investigativer Journalist. Er lebt derzeit in Ostasien und im Mittleren Osten und arbeitet weltweit.<\/em><\/p>\n<p style=\"text-align: right;\"><em>Einar Schlereth lebt in Schweden, er ist Mitglied des Deutschen Freidenker-Verbandes und der Weltunion der Freidenker<\/em><\/p>\n<hr \/>\n<p><span style=\"font-size: 10pt;\">Bild oben: <span class=\"mw-mmv-title\">Uiguren in der Volksrepublik China<\/span><\/span><br \/>\n<span style=\"font-size: 10pt;\">Von Colegota &#8211; Eigenes Werk, CC BY-SA 2.5 es, <a href=\"https:\/\/commons.wikimedia.org\/w\/index.php?curid=437105\" target=\"_blank\" rel=\"noopener noreferrer\">https:\/\/commons.wikimedia.org\/w\/index.php?curid=437105<\/a><\/span><\/p>\n","protected":false},"excerpt":{"rendered":"<p><b>Beitrag von Andr\u00e9 Vltchek<\/b>, \u00fcbersetzt von Einar Schlereth.<br \/>\nIm Jahr 2019 habe ich eine lange Analyse \u00fcber &#8222;die Uigurenfrage&#8220; geschrieben, die in K\u00fcrze als Buch ver\u00f6ffentlicht wird. Seit einiger Zeit warne ich die Welt, dass der Westen und insbesondere die Vereinigten Staaten dazu beitragen, die Uiguren in der Provinz Xinjiang und au\u00dferhalb zu radikalisieren. &#8230; Washington ist entsetzt, dass China eine Vorreiterrolle beim Aufbau einer viel besseren Zukunft f\u00fcr die Menschheit \u00fcbernimmt. Denn wenn China erfolgreich ist, k\u00f6nnte es das Ende des westlichen Imperialismus und Neokolonialismus sein, was zu echter Freiheit und Unabh\u00e4ngigkeit f\u00fcr Dutzende von bisher leidenden Nationen f\u00fchren k\u00f6nnte. <\/p>\n","protected":false},"author":3,"featured_media":7304,"comment_status":"closed","ping_status":"closed","sticky":false,"template":"","format":"standard","meta":{"colormag_page_container_layout":"default_layout","colormag_page_sidebar_layout":"default_layout","advanced_seo_description":"","jetpack_seo_html_title":"","jetpack_seo_noindex":false,"jetpack_post_was_ever_published":false,"footnotes":""},"categories":[13],"tags":[413,404,56,1218,185],"class_list":["post-7302","post","type-post","status-publish","format-standard","has-post-thumbnail","hentry","category-frieden-antifaschismus-solidaritaet","tag-china","tag-imperialismus","tag-nato","tag-uiguren","tag-usa"],"jetpack_featured_media_url":"https:\/\/i0.wp.com\/www.freidenker.org\/fw17\/wp-content\/uploads\/2019\/12\/Khotan-mercado-chico-d01_800x445.jpg?fit=800%2C445&ssl=1","jetpack_shortlink":"https:\/\/wp.me\/p9stpK-1TM","jetpack-related-posts":[{"id":7110,"url":"https:\/\/www.freidenker.org\/?p=7110","url_meta":{"origin":7302,"position":0},"title":"Zum 50. Jahrestag der Schwedisch-Koreanischen Vereinigung","author":"Webredaktion","date":"29. Oktober 2019","format":false,"excerpt":"Rede von Einar Schlereth zum 50. Jahrestag der Schwedisch-Koreanischen Vereinigung am 26. Oktober 2019 Da Korea und Deutschland ein \u00e4hnliches Schicksal hatten und immer noch haben, dachte ich, als Deutscher einige Worte sagen zu m\u00fcssen. Ich war erst 15 Jahre alt, als die US-Truppen mit ihren Alliierten in Nordkorea ein-marschierten.\u2026","rel":"","context":"In &quot;Frieden - Antifaschismus - Solidarit\u00e4t&quot;","block_context":{"text":"Frieden - Antifaschismus - Solidarit\u00e4t","link":"https:\/\/www.freidenker.org\/?cat=13"},"img":{"alt_text":"","src":"https:\/\/i0.wp.com\/www.freidenker.org\/fw17\/wp-content\/uploads\/2019\/10\/pjoengjang_architecture-3329297_800x445.jpg?fit=800%2C445&ssl=1&resize=350%2C200","width":350,"height":200,"srcset":"https:\/\/i0.wp.com\/www.freidenker.org\/fw17\/wp-content\/uploads\/2019\/10\/pjoengjang_architecture-3329297_800x445.jpg?fit=800%2C445&ssl=1&resize=350%2C200 1x, https:\/\/i0.wp.com\/www.freidenker.org\/fw17\/wp-content\/uploads\/2019\/10\/pjoengjang_architecture-3329297_800x445.jpg?fit=800%2C445&ssl=1&resize=525%2C300 1.5x, https:\/\/i0.wp.com\/www.freidenker.org\/fw17\/wp-content\/uploads\/2019\/10\/pjoengjang_architecture-3329297_800x445.jpg?fit=800%2C445&ssl=1&resize=700%2C400 2x"},"classes":[]},{"id":5515,"url":"https:\/\/www.freidenker.org\/?p=5515","url_meta":{"origin":7302,"position":1},"title":"Portugal: das Land der Roten Nelken","author":"Webredaktion","date":"16. Oktober 2018","format":false,"excerpt":"Beitrag von Anahi Rubin, \u00fcbersetzt von Einar Schlereth Im vergangenen September hatte ich die Gelegenheit, zur Festa Do Avante auf der Insel Amora in Portugal zu fahren. Dieses Festival findet seit 1974 statt und wird von der PCP (Kommunistische Partei Portugals) organisiert. Jedes Jahr hat das Treffen zentrale Themen, dieses\u2026","rel":"","context":"In &quot;Frieden - Antifaschismus - Solidarit\u00e4t&quot;","block_context":{"text":"Frieden - Antifaschismus - Solidarit\u00e4t","link":"https:\/\/www.freidenker.org\/?cat=13"},"img":{"alt_text":"","src":"https:\/\/i0.wp.com\/www.freidenker.org\/fw17\/wp-content\/uploads\/2018\/10\/Salgueiro_Maia_graffiti_800x445.jpg?fit=800%2C445&ssl=1&resize=350%2C200","width":350,"height":200,"srcset":"https:\/\/i0.wp.com\/www.freidenker.org\/fw17\/wp-content\/uploads\/2018\/10\/Salgueiro_Maia_graffiti_800x445.jpg?fit=800%2C445&ssl=1&resize=350%2C200 1x, https:\/\/i0.wp.com\/www.freidenker.org\/fw17\/wp-content\/uploads\/2018\/10\/Salgueiro_Maia_graffiti_800x445.jpg?fit=800%2C445&ssl=1&resize=525%2C300 1.5x, https:\/\/i0.wp.com\/www.freidenker.org\/fw17\/wp-content\/uploads\/2018\/10\/Salgueiro_Maia_graffiti_800x445.jpg?fit=800%2C445&ssl=1&resize=700%2C400 2x"},"classes":[]},{"id":5645,"url":"https:\/\/www.freidenker.org\/?p=5645","url_meta":{"origin":7302,"position":2},"title":"16 Jahre Krieg im Jemen \u2013 zweitl\u00e4ngster US-Krieg nach Afghanistan","author":"Webredaktion","date":"19. Dezember 2018","format":false,"excerpt":"Beitrag von RT, \u00fcbersetzt von Einar Schlereth. Die Bombardements der Saudi-gef\u00fchrten Koalition hat den Jemen zerst\u00f6rt, aber das Land steht vor einer weiteren Bedrohung aus dem Himmel \u2013 die US-Drohnen. Jeder dritte von Drohnen Get\u00f6tete war Zivilist laut einem Report. \u00abWir leben in Furcht. Drohnen h\u00f6ren nicht auf, auf unsere\u2026","rel":"","context":"In &quot;Frieden - Antifaschismus - Solidarit\u00e4t&quot;","block_context":{"text":"Frieden - Antifaschismus - Solidarit\u00e4t","link":"https:\/\/www.freidenker.org\/?cat=13"},"img":{"alt_text":"","src":"https:\/\/i0.wp.com\/www.freidenker.org\/fw17\/wp-content\/uploads\/2018\/12\/Destroyed_house_in_the_south_of_Sanaa_800x445.jpg?fit=800%2C445&ssl=1&resize=350%2C200","width":350,"height":200,"srcset":"https:\/\/i0.wp.com\/www.freidenker.org\/fw17\/wp-content\/uploads\/2018\/12\/Destroyed_house_in_the_south_of_Sanaa_800x445.jpg?fit=800%2C445&ssl=1&resize=350%2C200 1x, https:\/\/i0.wp.com\/www.freidenker.org\/fw17\/wp-content\/uploads\/2018\/12\/Destroyed_house_in_the_south_of_Sanaa_800x445.jpg?fit=800%2C445&ssl=1&resize=525%2C300 1.5x, https:\/\/i0.wp.com\/www.freidenker.org\/fw17\/wp-content\/uploads\/2018\/12\/Destroyed_house_in_the_south_of_Sanaa_800x445.jpg?fit=800%2C445&ssl=1&resize=700%2C400 2x"},"classes":[]},{"id":8814,"url":"https:\/\/www.freidenker.org\/?p=8814","url_meta":{"origin":7302,"position":3},"title":"Libanon: Perle der Neuen Seidenstra\u00dfe oder Chaos-Zone des Finsteren Zeitalters","author":"Webredaktion","date":"18. Oktober 2020","format":false,"excerpt":"Beitrag von Matthew J. L. Ehret, aus dem Englischen \u00fcbersetzt von Einar Schlereth Der Nahe Osten wurde von gl\u00e4ubigen Anh\u00e4ngern des Hobbes'schen Weltbildes ,,, als \"geopolitischer Dreh- und Angelpunkt\" der Weltinsel bezeichnet. ... Im Fall des Libanon hat die Rolle, die diese Region als \"Perle der neuen Seidenstra\u00dfe\" und Schnittpunkt\u2026","rel":"","context":"In &quot;Arbeit &amp; Soziales&quot;","block_context":{"text":"Arbeit &amp; Soziales","link":"https:\/\/www.freidenker.org\/?cat=11"},"img":{"alt_text":"","src":"https:\/\/i0.wp.com\/www.freidenker.org\/fw17\/wp-content\/uploads\/2020\/10\/Libanon_Perle_Chaos_800x450.jpg?fit=800%2C450&ssl=1&resize=350%2C200","width":350,"height":200,"srcset":"https:\/\/i0.wp.com\/www.freidenker.org\/fw17\/wp-content\/uploads\/2020\/10\/Libanon_Perle_Chaos_800x450.jpg?fit=800%2C450&ssl=1&resize=350%2C200 1x, https:\/\/i0.wp.com\/www.freidenker.org\/fw17\/wp-content\/uploads\/2020\/10\/Libanon_Perle_Chaos_800x450.jpg?fit=800%2C450&ssl=1&resize=525%2C300 1.5x, https:\/\/i0.wp.com\/www.freidenker.org\/fw17\/wp-content\/uploads\/2020\/10\/Libanon_Perle_Chaos_800x450.jpg?fit=800%2C450&ssl=1&resize=700%2C400 2x"},"classes":[]},{"id":7565,"url":"https:\/\/www.freidenker.org\/?p=7565","url_meta":{"origin":7302,"position":4},"title":"Biologische Waffen: Ein n\u00fctzlicher und zeitgem\u00e4\u00dfer Fakten\u00fcberblick","author":"Webredaktion","date":"16. Februar 2020","format":false,"excerpt":"Beitrag von\u00a0Larry Romanoff, \u00fcbersetzt von Einar Schlereth Die US-Regierung und ihre vielen Beh\u00f6rden und Erziehungs- und Gesundheits-Einrichtungen haben seit Jahrzehnten intensive Forschung \u00fcber biologische Kriegsf\u00fchrung durchgef\u00fchrt, in vielen F\u00e4llen auch mit starkem Fokus auf rassenspezifische Krankheitserreger. In einem Bericht an den US-Kongress enth\u00fcllte das Verteidigungsministerium, dass sein Programm zur Schaffung\u2026","rel":"","context":"In &quot;Frieden - Antifaschismus - Solidarit\u00e4t&quot;","block_context":{"text":"Frieden - Antifaschismus - Solidarit\u00e4t","link":"https:\/\/www.freidenker.org\/?cat=13"},"img":{"alt_text":"","src":"https:\/\/i0.wp.com\/www.freidenker.org\/fw17\/wp-content\/uploads\/2020\/02\/virus-4833645_800x445.jpg?fit=800%2C445&ssl=1&resize=350%2C200","width":350,"height":200,"srcset":"https:\/\/i0.wp.com\/www.freidenker.org\/fw17\/wp-content\/uploads\/2020\/02\/virus-4833645_800x445.jpg?fit=800%2C445&ssl=1&resize=350%2C200 1x, https:\/\/i0.wp.com\/www.freidenker.org\/fw17\/wp-content\/uploads\/2020\/02\/virus-4833645_800x445.jpg?fit=800%2C445&ssl=1&resize=525%2C300 1.5x, https:\/\/i0.wp.com\/www.freidenker.org\/fw17\/wp-content\/uploads\/2020\/02\/virus-4833645_800x445.jpg?fit=800%2C445&ssl=1&resize=700%2C400 2x"},"classes":[]},{"id":9772,"url":"https:\/\/www.freidenker.org\/?p=9772","url_meta":{"origin":7302,"position":5},"title":"FREIDENKER 1-21 \u2013 Chinas Weg","author":"Webredaktion","date":"28. M\u00e4rz 2021","format":false,"excerpt":"Die Ausgabe 1-21 des Verbandsorgans FREIDENKER hat das Schwerpunkt-Thema \u201eChinas Weg\u201c und enth\u00e4lt u.a. folgende Beitr\u00e4ge: - Bj\u00f6rn Schmidt: Ein neuer Kalter Krieg gegen China - Artur Leier: Neue Seidenstra\u00dfe: Zukunftsprojekt f\u00fcr Europa und Asien \/ Kulturelle Vielfalt statt Kulturimperialismus - Eike Kopf: China \u2013 \u201emit sozialistischer Orientierung\u201c oder sich\u2026","rel":"","context":"In &quot;Verbandsorgan FREIDENKER&quot;","block_context":{"text":"Verbandsorgan FREIDENKER","link":"https:\/\/www.freidenker.org\/?cat=8"},"img":{"alt_text":"","src":"https:\/\/i0.wp.com\/www.freidenker.org\/fw17\/wp-content\/uploads\/2021\/03\/FD_2021-01_Titel_mR.jpg?fit=800%2C445&ssl=1&resize=350%2C200","width":350,"height":200,"srcset":"https:\/\/i0.wp.com\/www.freidenker.org\/fw17\/wp-content\/uploads\/2021\/03\/FD_2021-01_Titel_mR.jpg?fit=800%2C445&ssl=1&resize=350%2C200 1x, https:\/\/i0.wp.com\/www.freidenker.org\/fw17\/wp-content\/uploads\/2021\/03\/FD_2021-01_Titel_mR.jpg?fit=800%2C445&ssl=1&resize=525%2C300 1.5x, https:\/\/i0.wp.com\/www.freidenker.org\/fw17\/wp-content\/uploads\/2021\/03\/FD_2021-01_Titel_mR.jpg?fit=800%2C445&ssl=1&resize=700%2C400 2x"},"classes":[]}],"_links":{"self":[{"href":"https:\/\/www.freidenker.org\/index.php?rest_route=\/wp\/v2\/posts\/7302","targetHints":{"allow":["GET"]}}],"collection":[{"href":"https:\/\/www.freidenker.org\/index.php?rest_route=\/wp\/v2\/posts"}],"about":[{"href":"https:\/\/www.freidenker.org\/index.php?rest_route=\/wp\/v2\/types\/post"}],"author":[{"embeddable":true,"href":"https:\/\/www.freidenker.org\/index.php?rest_route=\/wp\/v2\/users\/3"}],"replies":[{"embeddable":true,"href":"https:\/\/www.freidenker.org\/index.php?rest_route=%2Fwp%2Fv2%2Fcomments&post=7302"}],"version-history":[{"count":0,"href":"https:\/\/www.freidenker.org\/index.php?rest_route=\/wp\/v2\/posts\/7302\/revisions"}],"wp:featuredmedia":[{"embeddable":true,"href":"https:\/\/www.freidenker.org\/index.php?rest_route=\/wp\/v2\/media\/7304"}],"wp:attachment":[{"href":"https:\/\/www.freidenker.org\/index.php?rest_route=%2Fwp%2Fv2%2Fmedia&parent=7302"}],"wp:term":[{"taxonomy":"category","embeddable":true,"href":"https:\/\/www.freidenker.org\/index.php?rest_route=%2Fwp%2Fv2%2Fcategories&post=7302"},{"taxonomy":"post_tag","embeddable":true,"href":"https:\/\/www.freidenker.org\/index.php?rest_route=%2Fwp%2Fv2%2Ftags&post=7302"}],"curies":[{"name":"wp","href":"https:\/\/api.w.org\/{rel}","templated":true}]}}