{"id":7282,"date":"2019-12-10T22:50:49","date_gmt":"2019-12-10T21:50:49","guid":{"rendered":"https:\/\/www.freidenker.org\/?p=7282"},"modified":"2020-01-19T13:17:03","modified_gmt":"2020-01-19T12:17:03","slug":"der-tiefe-staat-taucht-auf","status":"publish","type":"post","link":"https:\/\/www.freidenker.org\/?p=7282","title":{"rendered":"Der Tiefe Staat taucht auf"},"content":{"rendered":"<h5><span class=\"text_small\">&#8222;World War Zero&#8220; \u2013 Die Klima-Kampagne wird zum Weltkrieg<\/span><\/h5>\n<p><em><span class=\"text_small\">Von <strong>Anneliese Fikentscher<\/strong> und <strong>Andreas Neumann<\/strong><\/span><\/em><\/p>\n<p>Die Operationen fff und xr (1) reichen offensichtlich nicht. Wesentliche Kr\u00e4fte wollen nicht mitspielen. Sie stellen sich immer noch quer \u2013 z.B. US-Pr\u00e4sident Donald Trump. Jetzt ist der Au\u00dfenminister des Drohnenm\u00f6rders und Kriegsweltmeisters Obama, John Kerry, am Zug. Und auch der Kriegsverbrecher Bill Clinton ist dabei. Da passt es hervorragend, den Weltkrieg auszurufen \u2013 den &#8222;World War Zero&#8220;. Da muss auch Hollywood dabei sein. Es geht schlie\u00dflich um die Rettung des Kapitalismus \u2013 getarnt als Rettung des Klimas. &#8222;Zahlreiche Politiker, Prominente und Milit\u00e4rs haben sich in den USA zu einem B\u00fcndnis gegen den Klimawandel zusammengeschlossen. Initiator der Klimaallianz ist der ehemalige US-Au\u00dfenminister John Kerry. Die Erderw\u00e4rmung sei eine &#8218;Frage der internationalen Sicherheit&#8216;, begr\u00fcndete er die Initiative mit dem Namen &#8218;World War Zero&#8216;. Nach Kerrys Angaben hoffen die Gr\u00fcndungsmitglieder, die US-B\u00fcrger &#8218;wie im Krieg&#8216; f\u00fcr den Kampf gegen die Treibhausgase zu mobilisieren.&#8220; So meldet es tagesschau.de am 2. Dezember 2019. (2) Der Name &#8222;World War Zero&#8220; stehe sowohl f\u00fcr die &#8222;Bedrohung der nationalen Sicherheit durch die Erw\u00e4rmung der Erde&#8220; als auch f\u00fcr die &#8222;Art der Mobilisierung in Kriegszeiten&#8220;. Mit diesen Worten l\u00e4\u00dft die &#8222;New York Times&#8220; am 30. November John Kerry als einen Sprecher des Tiefen Staates zu Wort kommen. (3) Nun wissen wir es: wir leben in Kriegszeiten. Es ist der Krieg, mit dem der Kapitalismus auf eine neue Stufe seiner Entwicklung gehoben werden soll \u2013 unter dem Deckmantel von &#8222;Klimaschutz&#8220; und &#8222;Klimagerechtigkeit&#8220;.<\/p>\n<p><strong>Das Ende der &#8222;gr\u00fcnen Romantik&#8220;<\/strong><\/p>\n<p>Der Zeitpunkt zur Ausrufung des &#8222;Weltkriegs&#8220; ist gut gew\u00e4hlt \u2013 zu Beginn der so genannten UN-Klimakonferenz 2019 (United Nations Framework Convention on Climate Change), die vom 2. bis 13. Dezember 2019 in der spanischen Hauptstadt Madrid stattfindet. Rechtzeitig hatte auch das EU-Parlament am 28. November 2019 einen so genannten &#8222;Klima-Notstand&#8220; ausgerufen. &#8222;Im Vorfeld der UN-Klimakonferenz&#8230; verabschiedete das Parlament&#8230; eine Resolution, mit der es den Klima- und Umweltnotstand ausruft&#8220;, hei\u00dft es in einer EU-Pressemitteilung. (4)(5)<\/p>\n<p>Und endlich ist damit auch ein anderer Durchbruch gelungen: mit der Ausrufung des Notstands verbindet sich ein JA zur Kernenergie. Das aber ist noch nicht der H\u00f6hepunkt der Errungenschaften. Es ist ein unglaublicher Durchbruch zu vermelden. Unter den JA-Stimmen waren 15 GR\u00dcNE \u2013 darunter Ska Keller, die aus Deutschland stammende Co-Vorsitzende der GR\u00dcNEN Fraktion im EU-Parlament. (6)(7) Es geschehen noch Zeichen und Wunder. Mit &#8222;Green New Deal&#8220; und &#8222;Digitalisierung&#8220; soll der Kapitalismus gerettet und auf eine neue Stufe gehievt werden. Und endlich zeichnet sich ein Ende der &#8222;gr\u00fcnen Romantik&#8220; ab, wie bereits 2007 der &#8222;Vordenker&#8220; James Loveloc forderte. Endlich neigt sich der GR\u00dcNE Widerstand gegen die Kernenergie dem Ende zu. Der &#8222;Klima-Notstand&#8220; macht es m\u00f6glich.<\/p>\n<p><strong>Eine Armee von Menschen mobilisieren<\/strong><\/p>\n<p>Zur\u00fcck zum Weltkrieg: &#8222;Wir werden versuchen, Millionen von Menschen, Amerikanern und Menschen in anderen Teilen der Welt zu erreichen, um eine Armee von Menschen zu mobilisieren, die jetzt Ma\u00dfnahmen gegen den Klimawandel fordern werden, die ausreichen, um die Herausforderung zu bew\u00e4ltigen&#8220;, sagte John Kerry \u2013 einer der Direktoren des &#8222;American Security Project&#8220; (8), das mit &#8222;World War Zero&#8220; kooperiert (9) \u2013 in einem Interview laut &#8222;New York Times&#8220;. (3) Schon 2014 hatte Kerry den &#8222;Klimawandel&#8220; als die &#8222;vielleicht furchterregendste Massenvernichtungswaffe der Welt&#8220; bezeichnet. (10) Es kann nicht deutlicher werden. Es ist die Sprache des Krieges, die hier gesprochen wird. fff und xr sind erst der Beginn bei der Mobilisierung einer Armada von Menschen, die freiwillig in den Krieg ziehen. Jetzt treten die bislang weitgehend aus dem Hintergrund operierenden Kriegstreiber des Tiefen Staates mit einigen ihrer Galionsfiguren selber auf den Plan und entlarven damit unfreiwillig, was gespielt wird. Auch &#8222;Hollywoodstar&#8220; und Ex-Gouverneur von Kalifornien Arnold Schwarzenegger, die Schauspieler Emma Watson und Leonardo DiCaprio (Hauptdarsteller im Katastrophenfilm Titanic), der S\u00e4nger Sting, der ehemalige US-Pr\u00e4sident Jimmy Carter und die ehemalige US-Au\u00dfenministerin Madeleine Albright sowie Gener\u00e4le und Admirale geh\u00f6ren zum Weltkriegsb\u00fcndnis.<\/p>\n<p><img data-recalc-dims=\"1\" loading=\"lazy\" decoding=\"async\" data-attachment-id=\"7283\" data-permalink=\"https:\/\/www.freidenker.org\/?attachment_id=7283\" data-orig-file=\"https:\/\/i0.wp.com\/www.freidenker.org\/fw17\/wp-content\/uploads\/2019\/12\/ww0_twitter-banner.jpg?fit=440%2C115&amp;ssl=1\" data-orig-size=\"440,115\" data-comments-opened=\"0\" data-image-meta=\"{&quot;aperture&quot;:&quot;0&quot;,&quot;credit&quot;:&quot;&quot;,&quot;camera&quot;:&quot;&quot;,&quot;caption&quot;:&quot;&quot;,&quot;created_timestamp&quot;:&quot;0&quot;,&quot;copyright&quot;:&quot;&quot;,&quot;focal_length&quot;:&quot;0&quot;,&quot;iso&quot;:&quot;0&quot;,&quot;shutter_speed&quot;:&quot;0&quot;,&quot;title&quot;:&quot;&quot;,&quot;orientation&quot;:&quot;0&quot;}\" data-image-title=\"ww0_twitter-banner\" data-image-description=\"\" data-image-caption=\"\" data-large-file=\"https:\/\/i0.wp.com\/www.freidenker.org\/fw17\/wp-content\/uploads\/2019\/12\/ww0_twitter-banner.jpg?fit=440%2C115&amp;ssl=1\" class=\"alignnone wp-image-7283 size-full\" src=\"https:\/\/i0.wp.com\/www.freidenker.org\/fw17\/wp-content\/uploads\/2019\/12\/ww0_twitter-banner.jpg?resize=440%2C115&#038;ssl=1\" alt=\"\" width=\"440\" height=\"115\" srcset=\"https:\/\/i0.wp.com\/www.freidenker.org\/fw17\/wp-content\/uploads\/2019\/12\/ww0_twitter-banner.jpg?w=440&amp;ssl=1 440w, https:\/\/i0.wp.com\/www.freidenker.org\/fw17\/wp-content\/uploads\/2019\/12\/ww0_twitter-banner.jpg?resize=300%2C78&amp;ssl=1 300w\" sizes=\"auto, (max-width: 440px) 100vw, 440px\" \/><br \/>\n<span style=\"font-size: 10pt;\">Banner von &#8222;World War Zero&#8220; (11)(12)<\/span><\/p>\n<p>&nbsp;<\/p>\n<p><strong>Fu\u00dfnoten:<\/strong><\/p>\n<p>1 fff: Fridays for Future, xr: Extinction Rebellion<\/p>\n<p>2 Prominentes US-B\u00fcndnis &#8222;World War Zero&#8220; gegen den Klimawandel<br \/>\ntagesschau.de am 02.12.2019<br \/>\n<a href=\"https:\/\/www.tagesschau.de\/ausland\/klimaallianz-usa-101.html\">https:\/\/www.tagesschau.de\/ausland\/klimaallianz-usa-101.html<\/a><\/p>\n<p>3 John Kerry Launches Star-Studded Climate Coalition<br \/>\nLisa Friedman am 30.11.2019 in der &#8222;New York Times&#8220;<br \/>\n<a href=\"https:\/\/www.nytimes.com\/2019\/11\/30\/climate\/john-kerry-climate-change.html\">https:\/\/www.nytimes.com\/2019\/11\/30\/climate\/john-kerry-climate-change.html<\/a><\/p>\n<p>4 Europ\u00e4isches Parlament ruft Klimanotstand aus<br \/>\nPressemitteilung des EU-Parlaments vom 28.11.2019<br \/>\n<a href=\"https:\/\/www.europarl.europa.eu\/news\/de\/press-room\/20191121IPR67110\/europaisches-parlament-ruft-klimanotstand-aus\">https:\/\/www.europarl.europa.eu\/news\/de\/press-room\/20191121IPR67110\/europaisches-parlament-ruft-klimanotstand-aus<\/a><\/p>\n<p>5 Entschlie\u00dfung des EU-Parlaments vom 28. November 2019 zum Klima- und Umweltnotstand (2019\/2930(RSP))<br \/>\n&#8222;Das Europ\u00e4ische Parlament&#8230; ruft den Klima- und Umweltnotstand aus; fordert die Kommission, die Mitgliedstaaten und alle globalen Akteure auf, umgehend die konkreten Ma\u00dfnahmen zu ergreifen, die erforderlich sind, um diese Bedrohung zu bek\u00e4mpfen und einzud\u00e4mmen, bevor es zu sp\u00e4t ist, und verpflichtet sich selbst zur umgehenden Umsetzung derartiger Ma\u00dfnahmen&#8220;<br \/>\n<a href=\"http:\/\/www.europarl.europa.eu\/doceo\/document\/TA-9-2019-0078_DE.html\">http:\/\/www.europarl.europa.eu\/doceo\/document\/TA-9-2019-0078_DE.html<\/a><br \/>\n<a href=\"http:\/\/www.europarl.europa.eu\/doceo\/document\/TA-9-2019-0078_DE.pdf\">http:\/\/www.europarl.europa.eu\/doceo\/document\/TA-9-2019-0078_DE.pdf<\/a><\/p>\n<p>6 Entschlie\u00dfung des EU-Parlaments vom 28. November 2019 zur Klimakonferenz der Vereinten Nationen 2019 in Madrid (Spanien) (COP 25) (2019\/2712(RSP))<br \/>\n&#8222;Das Europ\u00e4ische Parlament&#8230; ist der Ansicht, dass die Kernenergie zur Verwirklichung der Klimaschutzziele beitragen kann, da bei ihrer Erzeugung keine Treibhausgase emittiert werden und dabei auch ein erheblicher Teil der Stromerzeugung in der EU sichergestellt werden kann; vertritt jedoch die Auffassung, dass f\u00fcr diese Energie aufgrund der bei ihrer Erzeugung anfallenden Abf\u00e4lle eine mittel- und langfristige Strategie erforderlich ist, in der dem technischen Fortschritt (Laser- und Fusionstechnik usw.) Rechnung getragen wird, um die Nachhaltigkeit des gesamten Wirtschaftszweigs zu verbessern;&#8220; (Punkt 59)<br \/>\n<a href=\"http:\/\/www.europarl.europa.eu\/doceo\/document\/TA-9-2019-0079_DE.html\">http:\/\/www.europarl.europa.eu\/doceo\/document\/TA-9-2019-0079_DE.html<\/a><br \/>\n<a href=\"http:\/\/www.europarl.europa.eu\/doceo\/document\/TA-9-2019-0079_DE.pdf\">http:\/\/www.europarl.europa.eu\/doceo\/document\/TA-9-2019-0079_DE.pdf<\/a><\/p>\n<p>7 Klima-Resolution im EU-Parlament \u2013 Gr\u00fcne Kernspaltung<br \/>\nMarkus Becker bei spiegel.de am 28.11.2019<br \/>\n<a href=\"https:\/\/www.spiegel.de\/politik\/ausland\/gruene-gegen-klimaschutz-resolution-des-eu-parlaments-a-1298775.html\">https:\/\/www.spiegel.de\/politik\/ausland\/gruene-gegen-klimaschutz-resolution-des-eu-parlaments-a-1298775.html<\/a><\/p>\n<p>8 American Security Project &#8211; Board of Directors<br \/>\n<a href=\"https:\/\/www.americansecurityproject.org\/about\/board-of-directors\/\">https:\/\/www.americansecurityproject.org\/about\/board-of-directors\/<\/a><\/p>\n<p>9 American Security Project (ASP)<br \/>\nASP Partners with World War Zero to Support Climate Action<br \/>\nPosted By Annie Aleman: Dec 06, 2019<br \/>\n<a href=\"https:\/\/www.americansecurityproject.org\/asp-partners-with-world-war-zero-to-support-climate-action\/\">https:\/\/www.americansecurityproject.org\/asp-partners-with-world-war-zero-to-support-climate-action\/<\/a><\/p>\n<p>10 Kerry calls climate change &#8218;weapon of mass destruction&#8216;<br \/>\nReuters am 16.2.2014<br \/>\n<a href=\"https:\/\/www.reuters.com\/article\/us-kerry-climate-idUSBREA1F0BP20140216\">https:\/\/www.reuters.com\/article\/us-kerry-climate-idUSBREA1F0BP20140216<\/a><\/p>\n<p>11 website &#8222;World War Zero&#8220;<br \/>\n<a href=\"https:\/\/worldwarzero.com\/\">https:\/\/worldwarzero.com\/<\/a><\/p>\n<p>12 &#8222;World War Zero&#8220; auf Twitter<br \/>\n<a href=\"https:\/\/twitter.com\/WorldWarZeroOrg\">https:\/\/twitter.com\/WorldWarZeroOrg<\/a><\/p>\n<p>&nbsp;<\/p>\n<p style=\"text-align: right;\"><em>Anneliese Fikentscher und Andreas Neumann sind Herausgeber der <a href=\"http:\/\/www.nrhz.de\/flyer\/\" target=\"_blank\" rel=\"noopener noreferrer\">Neuen Rheinischen Zeitung<\/a>,<br \/>\nVorstandsmitglieder des <a href=\"http:\/\/www.arbeiterfotografie.com\/verband\/index.html\" target=\"_blank\" rel=\"noopener noreferrer\">Bundesverbandes Arbeiterfotografie<\/a><br \/>\nund Mitglieder des Deutschen Freidenker-Verbandes<\/em><\/p>\n<p>Der Beitrag wurde zuerst ver\u00f6ffentlicht am 04.12.2019 auf: <a href=\"http:\/\/www.nrhz.de\/flyer\/beitrag.php?id=26400\" target=\"_blank\" rel=\"noopener noreferrer\">http:\/\/www.nrhz.de\/flyer\/beitrag.php?id=26400<\/a><\/p>\n<hr \/>\n<p><span style=\"font-size: 10pt;\">Bild oben: Klimastreik in Bremen, 29.11.2019<\/span><br \/>\n<span style=\"font-size: 10pt;\">Foto: \u00a9 Arbeiterfotografie<\/span><\/p>\n","protected":false},"excerpt":{"rendered":"<p><b>Beitrag von Anneliese Fikentscher und Andreas Neumann<\/b><br \/>\nDie Operationen fff und xr reichen offensichtlich nicht. Wesentliche Kr\u00e4fte wollen nicht mitspielen. Sie stellen sich immer noch quer \u2013 z.B. US-Pr\u00e4sident Donald Trump. Jetzt ist der Au\u00dfenminister des Drohnenm\u00f6rders und Kriegsweltmeisters Obama, John Kerry, am Zug. Und auch der Kriegsverbrecher Bill Clinton ist dabei. Da passt es hervorragend, den Weltkrieg auszurufen \u2013 den &#8222;World War Zero&#8220;. Da muss auch Hollywood dabei sein. Es geht schlie\u00dflich um die Rettung des Kapitalismus \u2013 getarnt als Rettung des Klimas.<\/p>\n","protected":false},"author":3,"featured_media":7285,"comment_status":"closed","ping_status":"closed","sticky":false,"template":"","format":"standard","meta":{"colormag_page_container_layout":"default_layout","colormag_page_sidebar_layout":"default_layout","advanced_seo_description":"","jetpack_seo_html_title":"","jetpack_seo_noindex":false,"jetpack_post_was_ever_published":false,"footnotes":""},"categories":[12],"tags":[441,84,91,57,1188],"class_list":["post-7282","post","type-post","status-publish","format-standard","has-post-thumbnail","hentry","category-demokratie-medien-aufklaerung","tag-kapitalismus","tag-klima","tag-klimakonferenz","tag-kriegsgefahr","tag-tiefer-staat"],"jetpack_featured_media_url":"https:\/\/i0.wp.com\/www.freidenker.org\/fw17\/wp-content\/uploads\/2019\/12\/klimastreik_bremen_2019.jpg?fit=800%2C445&ssl=1","jetpack_shortlink":"https:\/\/wp.me\/p9stpK-1Ts","jetpack-related-posts":[{"id":3023,"url":"https:\/\/www.freidenker.org\/?p=3023","url_meta":{"origin":7282,"position":0},"title":"NATO-Weltmachtpolitik und Schwellenl\u00e4nder","author":"Webredaktion","date":"27. Januar 2015","format":false,"excerpt":"Beitrag aus jw von Klaus von Raussendorff Ist Russland ein imperialistischer Staat? Hat sich dort eine spezifische Variante des staatsmonopolistischen Kapitalismus entwickelt? W\u00e4re das der Fall, w\u00e4re die nachstehend diskutierte Frage sinnlos. Sie lautet, ob in Russland (wie auch in den anderen BRICS-Staaten: Brasilien, Indien, China und S\u00fcdafrika) Strukturen und\u2026","rel":"","context":"In &quot;Demokratie \u2013 Medien \u2013 Aufkl\u00e4rung&quot;","block_context":{"text":"Demokratie \u2013 Medien \u2013 Aufkl\u00e4rung","link":"https:\/\/www.freidenker.org\/?cat=12"},"img":{"alt_text":"","src":"https:\/\/i0.wp.com\/www.freidenker.org\/fw17\/wp-content\/uploads\/2015\/01\/flag-3036169_800x445.jpg?fit=800%2C445&ssl=1&resize=350%2C200","width":350,"height":200,"srcset":"https:\/\/i0.wp.com\/www.freidenker.org\/fw17\/wp-content\/uploads\/2015\/01\/flag-3036169_800x445.jpg?fit=800%2C445&ssl=1&resize=350%2C200 1x, https:\/\/i0.wp.com\/www.freidenker.org\/fw17\/wp-content\/uploads\/2015\/01\/flag-3036169_800x445.jpg?fit=800%2C445&ssl=1&resize=525%2C300 1.5x, https:\/\/i0.wp.com\/www.freidenker.org\/fw17\/wp-content\/uploads\/2015\/01\/flag-3036169_800x445.jpg?fit=800%2C445&ssl=1&resize=700%2C400 2x"},"classes":[]},{"id":426,"url":"https:\/\/www.freidenker.org\/?p=426","url_meta":{"origin":7282,"position":1},"title":"Eurokrise, Krieg und die Europastratgien des Deutschen Kapitals","author":"Webmaster","date":"16. Oktober 2012","format":false,"excerpt":"Beitrag von Stefan Eggerdinger aus FREIDENKER 3-12 Allzuoft schl\u00e4gt dem, der die Dinge beim Namen nennt, entgegen: \u201eDas ist aber ein erschreckendes Bild\u201c, Oder \u201eAber sei bitte nicht wieder so d\u00fcster!\u201c ... Was um alles in derWelt ist daran d\u00fcster, wenn die Tatsache vor aller Augen liegt, dass das historisch\u2026","rel":"","context":"In &quot;Demokratie \u2013 Medien \u2013 Aufkl\u00e4rung&quot;","block_context":{"text":"Demokratie \u2013 Medien \u2013 Aufkl\u00e4rung","link":"https:\/\/www.freidenker.org\/?cat=12"},"img":{"alt_text":"","src":"https:\/\/i0.wp.com\/www.freidenker.org\/fw17\/wp-content\/uploads\/2016\/08\/Eurokriese.jpg?fit=800%2C445&ssl=1&resize=350%2C200","width":350,"height":200,"srcset":"https:\/\/i0.wp.com\/www.freidenker.org\/fw17\/wp-content\/uploads\/2016\/08\/Eurokriese.jpg?fit=800%2C445&ssl=1&resize=350%2C200 1x, https:\/\/i0.wp.com\/www.freidenker.org\/fw17\/wp-content\/uploads\/2016\/08\/Eurokriese.jpg?fit=800%2C445&ssl=1&resize=525%2C300 1.5x, https:\/\/i0.wp.com\/www.freidenker.org\/fw17\/wp-content\/uploads\/2016\/08\/Eurokriese.jpg?fit=800%2C445&ssl=1&resize=700%2C400 2x"},"classes":[]},{"id":18862,"url":"https:\/\/www.freidenker.org\/?p=18862","url_meta":{"origin":7282,"position":2},"title":"Europ\u00e4ische Union \u2013 reaktion\u00e4r, imperialistisch, militaristisch, aggressiv","author":"Webredaktion","date":"25. April 2024","format":false,"excerpt":"Beitrag von Prof. Dr. Anton Latzo Am Anfang stand das Versprechen, ja die Verhei\u00dfung, die Europ\u00e4ische Union (EU) werde den Kontinent vereinen und Frieden und sozialen Fortschritt bringen. Es wurde die Illusion verbreitet, Europa k\u00f6nne unter kapitalistischen Bedingungen zu Einheit, Frieden und Wohlstand gelangen. Und was ist daraus geworden? Die\u2026","rel":"","context":"In &quot;Geschichte&quot;","block_context":{"text":"Geschichte","link":"https:\/\/www.freidenker.org\/?cat=1162"},"img":{"alt_text":"","src":"https:\/\/i0.wp.com\/www.freidenker.org\/fw17\/wp-content\/uploads\/2024\/04\/building-79221_800x450.jpg?fit=800%2C450&ssl=1&resize=350%2C200","width":350,"height":200,"srcset":"https:\/\/i0.wp.com\/www.freidenker.org\/fw17\/wp-content\/uploads\/2024\/04\/building-79221_800x450.jpg?fit=800%2C450&ssl=1&resize=350%2C200 1x, https:\/\/i0.wp.com\/www.freidenker.org\/fw17\/wp-content\/uploads\/2024\/04\/building-79221_800x450.jpg?fit=800%2C450&ssl=1&resize=525%2C300 1.5x, https:\/\/i0.wp.com\/www.freidenker.org\/fw17\/wp-content\/uploads\/2024\/04\/building-79221_800x450.jpg?fit=800%2C450&ssl=1&resize=700%2C400 2x"},"classes":[]},{"id":23890,"url":"https:\/\/www.freidenker.org\/?p=23890","url_meta":{"origin":7282,"position":3},"title":"Vorw\u00e4rts, und nicht vergessen!","author":"Webredaktion","date":"15. Dezember 2025","format":false,"excerpt":"Gedanken zur Leninschen Imperialismus-Theorie und zur Gegenwart Vortrag von Anton Latzo In den Kreisen der Antikommunisten und des Reformismus nimmt die Gegen\u00fcberstellung von Leninismus und Marxismus breiten Raum ein. In Wirklichkeit war Lenin nicht nur ein Kenner der Arbeiten von Marx und Engels. Die Erkenntnisse von Marx und Engels waren\u2026","rel":"","context":"In &quot;Demokratie \u2013 Medien \u2013 Aufkl\u00e4rung&quot;","block_context":{"text":"Demokratie \u2013 Medien \u2013 Aufkl\u00e4rung","link":"https:\/\/www.freidenker.org\/?cat=12"},"img":{"alt_text":"","src":"https:\/\/i0.wp.com\/www.freidenker.org\/fw17\/wp-content\/uploads\/2025\/12\/Vladimir_Lenin_giving_a_speech_800x450_v2.jpg?fit=800%2C450&ssl=1&resize=350%2C200","width":350,"height":200,"srcset":"https:\/\/i0.wp.com\/www.freidenker.org\/fw17\/wp-content\/uploads\/2025\/12\/Vladimir_Lenin_giving_a_speech_800x450_v2.jpg?fit=800%2C450&ssl=1&resize=350%2C200 1x, https:\/\/i0.wp.com\/www.freidenker.org\/fw17\/wp-content\/uploads\/2025\/12\/Vladimir_Lenin_giving_a_speech_800x450_v2.jpg?fit=800%2C450&ssl=1&resize=525%2C300 1.5x, https:\/\/i0.wp.com\/www.freidenker.org\/fw17\/wp-content\/uploads\/2025\/12\/Vladimir_Lenin_giving_a_speech_800x450_v2.jpg?fit=800%2C450&ssl=1&resize=700%2C400 2x"},"classes":[]},{"id":6476,"url":"https:\/\/www.freidenker.org\/?p=6476","url_meta":{"origin":7282,"position":4},"title":"Wahlen kommen und gehen. Ursachen, Probleme und Gefahren bleiben!","author":"Webredaktion","date":"16. Juni 2019","format":false,"excerpt":"Beitrag von Prof. Dr. Anton Latzo Die in Wirtschaft und Politik, in Medien und Gesellschaft Herrschenden machten es sich vor den Wahlen zum EU-Parlament und machen es sich auch danach sehr einfach und proklamieren Klima zum alles \u00fcberragenden Thema. Nat\u00fcrlich ist es eine wichtige, lebenswichtige Frage. Aber wo bleibt das\u2026","rel":"","context":"In &quot;Demokratie \u2013 Medien \u2013 Aufkl\u00e4rung&quot;","block_context":{"text":"Demokratie \u2013 Medien \u2013 Aufkl\u00e4rung","link":"https:\/\/www.freidenker.org\/?cat=12"},"img":{"alt_text":"","src":"https:\/\/i0.wp.com\/www.freidenker.org\/fw17\/wp-content\/uploads\/2019\/06\/2014-05-22_Europawahl_800x445.jpg?fit=800%2C445&ssl=1&resize=350%2C200","width":350,"height":200,"srcset":"https:\/\/i0.wp.com\/www.freidenker.org\/fw17\/wp-content\/uploads\/2019\/06\/2014-05-22_Europawahl_800x445.jpg?fit=800%2C445&ssl=1&resize=350%2C200 1x, https:\/\/i0.wp.com\/www.freidenker.org\/fw17\/wp-content\/uploads\/2019\/06\/2014-05-22_Europawahl_800x445.jpg?fit=800%2C445&ssl=1&resize=525%2C300 1.5x, https:\/\/i0.wp.com\/www.freidenker.org\/fw17\/wp-content\/uploads\/2019\/06\/2014-05-22_Europawahl_800x445.jpg?fit=800%2C445&ssl=1&resize=700%2C400 2x"},"classes":[]},{"id":14094,"url":"https:\/\/www.freidenker.org\/?p=14094","url_meta":{"origin":7282,"position":5},"title":"Erinnerung, Erinnerung, Erinnerung, \u2026","author":"Webredaktion","date":"3. September 2022","format":false,"excerpt":"Beitrag von Thomas Loch Wir leben in einer bewegten Zeit und damit sich bewegt, was sich bewegen soll, vor allen in die gew\u00fcnschte Richtung, wird gelenkt. Ein gutes Mittel zur Lenkung von Menschen, vor allem wenn es gegen deren eigentlichen Interessen geht, ist Angst. Seit Jahren werden immer mehr und\u2026","rel":"","context":"In &quot;Arbeit &amp; Soziales&quot;","block_context":{"text":"Arbeit &amp; Soziales","link":"https:\/\/www.freidenker.org\/?cat=11"},"img":{"alt_text":"","src":"https:\/\/i0.wp.com\/www.freidenker.org\/fw17\/wp-content\/uploads\/2022\/09\/Tomatensosse_DDR_800x450.jpg?fit=800%2C450&ssl=1&resize=350%2C200","width":350,"height":200,"srcset":"https:\/\/i0.wp.com\/www.freidenker.org\/fw17\/wp-content\/uploads\/2022\/09\/Tomatensosse_DDR_800x450.jpg?fit=800%2C450&ssl=1&resize=350%2C200 1x, https:\/\/i0.wp.com\/www.freidenker.org\/fw17\/wp-content\/uploads\/2022\/09\/Tomatensosse_DDR_800x450.jpg?fit=800%2C450&ssl=1&resize=525%2C300 1.5x, https:\/\/i0.wp.com\/www.freidenker.org\/fw17\/wp-content\/uploads\/2022\/09\/Tomatensosse_DDR_800x450.jpg?fit=800%2C450&ssl=1&resize=700%2C400 2x"},"classes":[]}],"_links":{"self":[{"href":"https:\/\/www.freidenker.org\/index.php?rest_route=\/wp\/v2\/posts\/7282","targetHints":{"allow":["GET"]}}],"collection":[{"href":"https:\/\/www.freidenker.org\/index.php?rest_route=\/wp\/v2\/posts"}],"about":[{"href":"https:\/\/www.freidenker.org\/index.php?rest_route=\/wp\/v2\/types\/post"}],"author":[{"embeddable":true,"href":"https:\/\/www.freidenker.org\/index.php?rest_route=\/wp\/v2\/users\/3"}],"replies":[{"embeddable":true,"href":"https:\/\/www.freidenker.org\/index.php?rest_route=%2Fwp%2Fv2%2Fcomments&post=7282"}],"version-history":[{"count":0,"href":"https:\/\/www.freidenker.org\/index.php?rest_route=\/wp\/v2\/posts\/7282\/revisions"}],"wp:featuredmedia":[{"embeddable":true,"href":"https:\/\/www.freidenker.org\/index.php?rest_route=\/wp\/v2\/media\/7285"}],"wp:attachment":[{"href":"https:\/\/www.freidenker.org\/index.php?rest_route=%2Fwp%2Fv2%2Fmedia&parent=7282"}],"wp:term":[{"taxonomy":"category","embeddable":true,"href":"https:\/\/www.freidenker.org\/index.php?rest_route=%2Fwp%2Fv2%2Fcategories&post=7282"},{"taxonomy":"post_tag","embeddable":true,"href":"https:\/\/www.freidenker.org\/index.php?rest_route=%2Fwp%2Fv2%2Ftags&post=7282"}],"curies":[{"name":"wp","href":"https:\/\/api.w.org\/{rel}","templated":true}]}}