{"id":728,"date":"2010-09-16T14:06:34","date_gmt":"2010-09-16T12:06:34","guid":{"rendered":"http:\/\/www.freidenker.org\/fw17\/?p=728"},"modified":"2018-02-18T18:59:36","modified_gmt":"2018-02-18T17:59:36","slug":"kinderrechte-staerken","status":"publish","type":"post","link":"https:\/\/www.freidenker.org\/?p=728","title":{"rendered":"FREIDENKER 3-10 &#8211; Kinderrechte st\u00e4rken!"},"content":{"rendered":"<h5><strong>Inhalt:<\/strong> Editorial -Thema:<\/h5>\n<p>Thomas Mohrs: <a href=\"https:\/\/www.freidenker.org\/?p=312\">\u201eKinderwille ist K\u00e4lberdreck\u201c \u2013 Die Geschichte der Kinderrechte<\/a> | Elke Zwinge-Makamizile: <a href=\"https:\/\/www.freidenker.org\/?p=316\">Kinderarmut in der BRD und weltweit<\/a> | Uta Mader: <a href=\"https:\/\/www.freidenker.org\/?p=322\">Kinder vor wirtschaftlicher Ausbeutung sch\u00fctzen<\/a> | Edith Ockel: <a href=\"https:\/\/www.freidenker.org\/?p=325\">Das Recht des Kindes auf ein H\u00f6chstma\u00df an Gesundheit<\/a> | Annegret Kriegel: <a href=\"https:\/\/www.freidenker.org\/?p=328\">Suchtpr\u00e4vention im Kindesund Jugendalter<\/a> | Heidrun Kahl: <a href=\"https:\/\/www.freidenker.org\/?p=3177\">Kindergesundheit \u2013 ein Ost-West-Vergleich und der Trend der letzten 20 Jahre<\/a> | Marion Leonhardt: <a href=\"https:\/\/www.freidenker.org\/?p=332\">Die Lage der Kinder in Kuba<\/a> | Klaus Hartann: <a href=\"https:\/\/www.freidenker.org\/?p=336\">Mythen um die Mutter<\/a><\/p>\n<p><strong>Meldungen, Meinungen<br \/>\n<\/strong>Loveparade-Katastrophe in Duisburg<br \/>\nEin Kampf um nationale Souver\u00e4nit\u00e4t und W\u00fcrde<br \/>\nJan Bretschneider: Lysenko und kein Ende<br \/>\nLeserbrief<br \/>\nK\u00fcnstler im DFV<\/p>\n<p><strong>Aus den Landesverb\u00e4nden<\/strong><\/p>\n<p>Chronik<br \/>\nDen Krieg gegen Iran verhindern!<br \/>\nFreidenkerkonferenz: Der Westen gegen den Rest der Welt?<br \/>\nEffektivere Vertretung der Konfessionsfreien mit KORSO?<br \/>\nB\u00fccher f\u00fcr Freidenker<br \/>\nAnschriften, Impressum<br \/>\nKinder der dritten Welt<strong><br \/>\n<\/strong><\/p>\n<p><strong>\u00a0<\/strong><\/p>\n","protected":false},"excerpt":{"rendered":"<p><strong>Die Ausgabe 3-10 des Verbandsorgans FREIDENKER hat das Schwerpunkt-Thema \u201eKinderrechte st\u00e4rken!\u201c und enth\u00e4lt u.a folgende Beitr\u00e4ge:<\/strong><br \/>\n&#8211; Thomas Mohrs: \u201eKinderwille ist K\u00e4lberdreck\u201c \u2013 Die Geschichte der Kinderrechte<br \/>\n&#8211; Elke Zwinge-Makamizile: Kinderarmut in der BRD und weltweit<br \/>\n&#8211; Uta Mader: Kinder vor wirtschaftlicher Ausbeutung sch\u00fctzen<br \/>\n&#8211; Edith Ockel: Das Recht des Kindes auf ein H\u00f6chstma\u00df an Gesundheit<br \/>\n&#8211; Annegret Kriegel: Suchtpr\u00e4vention im Kindesund Jugendalter<br \/>\n&#8211; Heidrun Kahl: Kindergesundheit \u2013 ein Ost-West-Vergleich<br \/>\n&#8211; Marion Leonhardt: Die Lage der Kinder in Kuba<br \/>\n&#8211; Klaus Hartmann: Mythen um die Mutter<\/p>\n","protected":false},"author":2,"featured_media":2538,"comment_status":"closed","ping_status":"closed","sticky":false,"template":"","format":"standard","meta":{"colormag_page_container_layout":"default_layout","colormag_page_sidebar_layout":"default_layout","advanced_seo_description":"","jetpack_seo_html_title":"","jetpack_seo_noindex":false,"jetpack_post_was_ever_published":false,"footnotes":""},"categories":[8],"tags":[26,95],"class_list":["post-728","post","type-post","status-publish","format-standard","has-post-thumbnail","hentry","category-verbandsorgan-freidenker","tag-freidenker","tag-kinderrechte"],"jetpack_featured_media_url":"https:\/\/i0.wp.com\/www.freidenker.org\/fw17\/wp-content\/uploads\/2017\/12\/FD_2010-03_Titel_mR.jpg?fit=800%2C445&ssl=1","jetpack_shortlink":"https:\/\/wp.me\/p9stpK-bK","jetpack-related-posts":[{"id":312,"url":"https:\/\/www.freidenker.org\/?p=312","url_meta":{"origin":728,"position":0},"title":"\u201eKinderwille ist K\u00e4lberdreck\u201c \u2013 Die Geschichte der Kinderrechte","author":"Webmaster","date":"17. September 2010","format":false,"excerpt":"Beitrag von Thomas Mohrs aus FREIDENKER 3-10 \u00dcber viele Jahrhunderte war die Geschichte der Kindererziehung vornehmlich eine Geschichte der Gewalt (au\u00dfer den fr\u00fchen Gesellschaften mit Gemeineigentum). Auch im \u201echristlichen\u201c Abendland galt es bis weit in die Neuzeit hinein als Teil der nat\u00fcrlichen (\u201egottgegebenen\u201c) Ordnung, dass Kinder rechtlos und gegen\u00fcber ihren\u2026","rel":"","context":"In &quot;Arbeit &amp; Soziales&quot;","block_context":{"text":"Arbeit &amp; Soziales","link":"https:\/\/www.freidenker.org\/?cat=11"},"img":{"alt_text":"","src":"https:\/\/i0.wp.com\/www.freidenker.org\/fw17\/wp-content\/uploads\/2016\/07\/kinder-afghanistan.jpg?fit=800%2C445&ssl=1&resize=350%2C200","width":350,"height":200,"srcset":"https:\/\/i0.wp.com\/www.freidenker.org\/fw17\/wp-content\/uploads\/2016\/07\/kinder-afghanistan.jpg?fit=800%2C445&ssl=1&resize=350%2C200 1x, https:\/\/i0.wp.com\/www.freidenker.org\/fw17\/wp-content\/uploads\/2016\/07\/kinder-afghanistan.jpg?fit=800%2C445&ssl=1&resize=525%2C300 1.5x, https:\/\/i0.wp.com\/www.freidenker.org\/fw17\/wp-content\/uploads\/2016\/07\/kinder-afghanistan.jpg?fit=800%2C445&ssl=1&resize=700%2C400 2x"},"classes":[]},{"id":325,"url":"https:\/\/www.freidenker.org\/?p=325","url_meta":{"origin":728,"position":1},"title":"Das Recht des Kindes auf ein H\u00f6chstma\u00df an Gesundheit","author":"Webmaster","date":"17. September 2010","format":false,"excerpt":"Beitrag von Edith Ockel aus FREIDENKER 3-10 Die UNO Konvention \u00fcber die Rechte des Kindes vom 20. November 1989, die im Artikel 24 f\u00fcr alle Kinder ein \u201eRecht auf das erreichbare H\u00f6chstma\u00df an Gesundheit\u201c fordert1, wurde von der DDR im gleichen Jahr ratifiziert. Unertr\u00e4glich war es, dass die BRD, nachdem\u2026","rel":"","context":"In &quot;Arbeit &amp; Soziales&quot;","block_context":{"text":"Arbeit &amp; Soziales","link":"https:\/\/www.freidenker.org\/?cat=11"},"img":{"alt_text":"","src":"https:\/\/i0.wp.com\/www.freidenker.org\/fw17\/wp-content\/uploads\/2016\/07\/Kind.jpg?fit=800%2C445&ssl=1&resize=350%2C200","width":350,"height":200,"srcset":"https:\/\/i0.wp.com\/www.freidenker.org\/fw17\/wp-content\/uploads\/2016\/07\/Kind.jpg?fit=800%2C445&ssl=1&resize=350%2C200 1x, https:\/\/i0.wp.com\/www.freidenker.org\/fw17\/wp-content\/uploads\/2016\/07\/Kind.jpg?fit=800%2C445&ssl=1&resize=525%2C300 1.5x, https:\/\/i0.wp.com\/www.freidenker.org\/fw17\/wp-content\/uploads\/2016\/07\/Kind.jpg?fit=800%2C445&ssl=1&resize=700%2C400 2x"},"classes":[]},{"id":316,"url":"https:\/\/www.freidenker.org\/?p=316","url_meta":{"origin":728,"position":2},"title":"Kinderarmut in der BRD und weltweit","author":"Webmaster","date":"17. September 2010","format":false,"excerpt":"Beitrag von Elke Zwinge-Makamizile aus FREIDENKER 3-10 Ankn\u00fcpfend an den ausf\u00fchrlichen Text \u00fcber Kinderrechte von Thomas Mohrs m\u00f6chte ich besonders auf die v\u00f6lkerrechtlichen Grundlagen betreffend der Situation von Kindern verweisen, weil sich genau hierin ein Problembewusstsein \u00fcber die weltweite dramatische Lage der Kinder widerspiegelt. Dabei nimmt die Pr\u00e4ambel der Kinderrechtskonvention\u2026","rel":"","context":"In &quot;Arbeit &amp; Soziales&quot;","block_context":{"text":"Arbeit &amp; Soziales","link":"https:\/\/www.freidenker.org\/?cat=11"},"img":{"alt_text":"","src":"https:\/\/i0.wp.com\/www.freidenker.org\/fw17\/wp-content\/uploads\/2016\/07\/Kinderarmut.jpg?fit=800%2C445&ssl=1&resize=350%2C200","width":350,"height":200,"srcset":"https:\/\/i0.wp.com\/www.freidenker.org\/fw17\/wp-content\/uploads\/2016\/07\/Kinderarmut.jpg?fit=800%2C445&ssl=1&resize=350%2C200 1x, https:\/\/i0.wp.com\/www.freidenker.org\/fw17\/wp-content\/uploads\/2016\/07\/Kinderarmut.jpg?fit=800%2C445&ssl=1&resize=525%2C300 1.5x, https:\/\/i0.wp.com\/www.freidenker.org\/fw17\/wp-content\/uploads\/2016\/07\/Kinderarmut.jpg?fit=800%2C445&ssl=1&resize=700%2C400 2x"},"classes":[]},{"id":22923,"url":"https:\/\/www.freidenker.org\/?p=22923","url_meta":{"origin":728,"position":3},"title":"FREIDENKER 3-25 \u2013 Thomas M\u00fcntzer: 500 Jahre Fr\u00fchb\u00fcrgerliche Revolution","author":"Webredaktion","date":"25. September 2025","format":false,"excerpt":"Die Ausgabe 3-25 des Verbandsorgans FREIDENKER hat das Schwerpunkt-Thema \u201eThomas M\u00fcntzer: 500 Jahre Fr\u00fchb\u00fcrgerliche Revolution\u201c und enth\u00e4lt u.a. folgende Beitr\u00e4ge: - Max Sievers: Um des Geistes Freiheit - Thomas Loch: Thomas M\u00fcntzer, Theologe und Revolution\u00e4r\u00a0 - Klaus Hartmann: Die fr\u00fchb\u00fcrgerliche Revolution als Vorl\u00e4ufer des neueren Sozialismus - Wolfgang Beck: Vom\u2026","rel":"","context":"In &quot;Verbandsorgan FREIDENKER&quot;","block_context":{"text":"Verbandsorgan FREIDENKER","link":"https:\/\/www.freidenker.org\/?cat=8"},"img":{"alt_text":"","src":"https:\/\/i0.wp.com\/www.freidenker.org\/fw17\/wp-content\/uploads\/2025\/09\/FD_2025-03_Titel_mR.jpg?fit=800%2C445&ssl=1&resize=350%2C200","width":350,"height":200,"srcset":"https:\/\/i0.wp.com\/www.freidenker.org\/fw17\/wp-content\/uploads\/2025\/09\/FD_2025-03_Titel_mR.jpg?fit=800%2C445&ssl=1&resize=350%2C200 1x, https:\/\/i0.wp.com\/www.freidenker.org\/fw17\/wp-content\/uploads\/2025\/09\/FD_2025-03_Titel_mR.jpg?fit=800%2C445&ssl=1&resize=525%2C300 1.5x, https:\/\/i0.wp.com\/www.freidenker.org\/fw17\/wp-content\/uploads\/2025\/09\/FD_2025-03_Titel_mR.jpg?fit=800%2C445&ssl=1&resize=700%2C400 2x"},"classes":[]},{"id":322,"url":"https:\/\/www.freidenker.org\/?p=322","url_meta":{"origin":728,"position":4},"title":"Kinder vor wirtschaftlicher Ausbeutung sch\u00fctzen","author":"Webmaster","date":"17. September 2010","format":false,"excerpt":"Beitrag von Uta Mader aus FREIDENKER 3-10 215 Millionen Kinder auf unserer Erde werden durch Kinderarbeit* ausgebeutet. Der in der UNO Konvention \u00fcber die Rechte des Kindes (1989) in Artikel 32 geforderte \u201eSchutz vor wirtschaftlicher Ausbeutung\u201c wird t\u00e4glich in hohem Ma\u00dfe verletzt, vor allem in Entwicklungsl\u00e4ndern. Die \u201evolle und harmonische\u2026","rel":"","context":"In &quot;Arbeit &amp; Soziales&quot;","block_context":{"text":"Arbeit &amp; Soziales","link":"https:\/\/www.freidenker.org\/?cat=11"},"img":{"alt_text":"","src":"https:\/\/i0.wp.com\/www.freidenker.org\/fw17\/wp-content\/uploads\/2016\/07\/Kinderarbeit.jpg?fit=800%2C445&ssl=1&resize=350%2C200","width":350,"height":200,"srcset":"https:\/\/i0.wp.com\/www.freidenker.org\/fw17\/wp-content\/uploads\/2016\/07\/Kinderarbeit.jpg?fit=800%2C445&ssl=1&resize=350%2C200 1x, https:\/\/i0.wp.com\/www.freidenker.org\/fw17\/wp-content\/uploads\/2016\/07\/Kinderarbeit.jpg?fit=800%2C445&ssl=1&resize=525%2C300 1.5x, https:\/\/i0.wp.com\/www.freidenker.org\/fw17\/wp-content\/uploads\/2016\/07\/Kinderarbeit.jpg?fit=800%2C445&ssl=1&resize=700%2C400 2x"},"classes":[]},{"id":21275,"url":"https:\/\/www.freidenker.org\/?p=21275","url_meta":{"origin":728,"position":5},"title":"Freidenker-Treffen Sachsen-Anhalt 2025 und Konferenz &#8222;Thomas M\u00fcntzer \u2013 500 Jahre Deutscher Bauernkrieg&#8220;","author":"Webredaktion","date":"27. M\u00e4rz 2025","format":false,"excerpt":"Epochen des Umbruch! Freidenker-Treffen Sachsen-Anhalt 2025 Am Wochenende vom 25. bis 27.04.2025 findet in Quedlinburg das diesj\u00e4hrige offene Bildungswochenende des Landesverbandes Sachsen-Anhalt im Deutschen Freidenker-Verband in Quedlinburg statt. Am Freitag den 25.04.2025 wird es ab 19:00 Uhr eine Lesung mit Diskussion zum Thema des Wochenendes, Epochen des Umbruch und die\u2026","rel":"","context":"In &quot;Kultur &amp; Kunst&quot;","block_context":{"text":"Kultur &amp; Kunst","link":"https:\/\/www.freidenker.org\/?cat=913"},"img":{"alt_text":"","src":"https:\/\/i0.wp.com\/www.freidenker.org\/fw17\/wp-content\/uploads\/2025\/03\/Muentzer-Kolage2_800x450.jpg?fit=800%2C450&ssl=1&resize=350%2C200","width":350,"height":200,"srcset":"https:\/\/i0.wp.com\/www.freidenker.org\/fw17\/wp-content\/uploads\/2025\/03\/Muentzer-Kolage2_800x450.jpg?fit=800%2C450&ssl=1&resize=350%2C200 1x, https:\/\/i0.wp.com\/www.freidenker.org\/fw17\/wp-content\/uploads\/2025\/03\/Muentzer-Kolage2_800x450.jpg?fit=800%2C450&ssl=1&resize=525%2C300 1.5x, https:\/\/i0.wp.com\/www.freidenker.org\/fw17\/wp-content\/uploads\/2025\/03\/Muentzer-Kolage2_800x450.jpg?fit=800%2C450&ssl=1&resize=700%2C400 2x"},"classes":[]}],"_links":{"self":[{"href":"https:\/\/www.freidenker.org\/index.php?rest_route=\/wp\/v2\/posts\/728","targetHints":{"allow":["GET"]}}],"collection":[{"href":"https:\/\/www.freidenker.org\/index.php?rest_route=\/wp\/v2\/posts"}],"about":[{"href":"https:\/\/www.freidenker.org\/index.php?rest_route=\/wp\/v2\/types\/post"}],"author":[{"embeddable":true,"href":"https:\/\/www.freidenker.org\/index.php?rest_route=\/wp\/v2\/users\/2"}],"replies":[{"embeddable":true,"href":"https:\/\/www.freidenker.org\/index.php?rest_route=%2Fwp%2Fv2%2Fcomments&post=728"}],"version-history":[{"count":0,"href":"https:\/\/www.freidenker.org\/index.php?rest_route=\/wp\/v2\/posts\/728\/revisions"}],"wp:featuredmedia":[{"embeddable":true,"href":"https:\/\/www.freidenker.org\/index.php?rest_route=\/wp\/v2\/media\/2538"}],"wp:attachment":[{"href":"https:\/\/www.freidenker.org\/index.php?rest_route=%2Fwp%2Fv2%2Fmedia&parent=728"}],"wp:term":[{"taxonomy":"category","embeddable":true,"href":"https:\/\/www.freidenker.org\/index.php?rest_route=%2Fwp%2Fv2%2Fcategories&post=728"},{"taxonomy":"post_tag","embeddable":true,"href":"https:\/\/www.freidenker.org\/index.php?rest_route=%2Fwp%2Fv2%2Ftags&post=728"}],"curies":[{"name":"wp","href":"https:\/\/api.w.org\/{rel}","templated":true}]}}