{"id":7273,"date":"2019-12-10T21:07:23","date_gmt":"2019-12-10T20:07:23","guid":{"rendered":"https:\/\/www.freidenker.org\/?p=7273"},"modified":"2020-01-19T13:15:13","modified_gmt":"2020-01-19T12:15:13","slug":"die-fossile-befreiung","status":"publish","type":"post","link":"https:\/\/www.freidenker.org\/?p=7273","title":{"rendered":"Die fossile Befreiung"},"content":{"rendered":"<p>In der Rubrik <strong>Tagesdosis<\/strong> wurde am 14.11.2019 bei <a href=\"https:\/\/kenfm.de\/tagesdosis-14-11-2019-die-fossile-befreiung\/\" target=\"_blank\" rel=\"noopener noreferrer\">KenFM <\/a>der Beitrag <strong>\u201eDie fossile Befreiung\u201c<\/strong> von <em><strong>Dagmar Henn <\/strong><\/em>ver\u00f6ffentlicht.<\/p>\n<p>Den Beitrag als Audio-Datei anh\u00f6ren:<\/p>\n<audio class=\"wp-audio-shortcode\" id=\"audio-7273-1\" preload=\"none\" style=\"width: 100%;\" controls=\"controls\"><source type=\"audio\/mpeg\" src=\"https:\/\/www.freidenker.org\/fw17\/wp-content\/uploads\/2019\/12\/tagesdosis-20191114.mp3?_=1\" \/><a href=\"https:\/\/www.freidenker.org\/fw17\/wp-content\/uploads\/2019\/12\/tagesdosis-20191114.mp3\">https:\/\/www.freidenker.org\/fw17\/wp-content\/uploads\/2019\/12\/tagesdosis-20191114.mp3<\/a><\/audio>\n<p>&nbsp;<\/p>\n<p>Der Beitrag ist auch auf YouTube verf\u00fcgbar: <a href=\"https:\/\/www.youtube.com\/watch?v=GzpJPss0eUM\" target=\"_blank\" rel=\"noopener noreferrer\">https:\/\/www.youtube.com\/watch?v=GzpJPss0eUM<\/a><\/p>\n<h4>Tagesdosis 14.11.2019 \u2013 Die fossile Befreiung<\/h4>\n<p><em>Ein Kommentar<strong> von Dagmar Henn.<\/strong><\/em><\/p>\n<p>Reines Teufelszeug seien sie, die fossilen Energietr\u00e4ger, so die gegenw\u00e4rtig von Vielen ge\u00e4u\u00dferte \u00dcberzeugung; verbannen m\u00fcsse man sie, so schnell wie m\u00f6glich, und um jeden Preis. Zur Not, solche Aussagen finden sich immer wieder, m\u00fcsse man eben auf Eselskarren oder Transportfahrr\u00e4der zur\u00fcckgreifen, Hauptsache, keine Kohle, kein Gas, kein Benzin mehr. Wir m\u00fcssten uns nur alle einschr\u00e4nken, Verzicht \u00fcben, dann ginge das schon.<\/p>\n<p>Solche Fantasien setzen gleich zweierlei Arten v\u00f6lliger Unkenntnis voraus \u2013 \u00fcber die historische Bedeutung der Entdeckung fossiler Energien und \u00fcber die logistischen Voraussetzungen einer modernen Gesellschaft. Denn keiner der Verfechter dieser Meinung w\u00fcrde tats\u00e4chlich sein Leben gegen dasjenige tauschen wollen, das er in der Zeit vor der Nutzung fossiler Energietr\u00e4ger h\u00e4tte f\u00fchren m\u00fcssen, ein Leben wie zu Beginn des 19. Jahrhunderts.<\/p>\n<p>Damals stand, zumindest in Deutschland, die Nutzung der Steinkohle noch ganz am Anfang; die Nutzung des Erd\u00f6ls ist eine Entwicklung erst des 20.Jahrhunderts. Transporte erfolgten auf dem Wasser, durch Tierkraft oder gar durch Menschen; der reine Zustand der Unschuld sozusagen. Auch zur Verrichtung n\u00f6tiger Arbeiten standen keine anderen Energien zur Verf\u00fcgung; Bergwerkspumpen wurden mit Pferden betrieben, die ihr ganzes Dasein damit verbrachten, im Kreis zu laufen, Lastk\u00e4hne, die gegen den Strom fahren wollten, wurden oft gar mit Menschenkraft stromaufw\u00e4rts gezogen.<\/p>\n<p>Neun Zehntel der Bev\u00f6lkerung lebten damals auf dem Land und waren mit Landwirtschaft besch\u00e4ftigt. Die meisten Bauernh\u00f6fe, sofern man sie aus heutiger Perspektive so nennen kann, hatten h\u00f6chstens zwei Hektar Ackerland, nicht genug Fl\u00e4che, um Zugtiere zu halten, weshalb der Pflug oft selbst gezogen werden musste; je nach Region waren es auch keine Bauern, sondern Tagel\u00f6hner oder gar Leibeigene \u2013 die Leibeigenschaft verschwand in Deutschland endg\u00fcltig erst 1918.<\/p>\n<p>Es war m\u00fchsam, sich mit den vorhandenen M\u00f6glichkeiten das \u00dcberleben zu sichern; chemische D\u00fcnger waren noch unbekannt, und organische D\u00fcnger waren nur jenen zug\u00e4nglich, die deutlich mehr Land ihr eigen nennen konnten. Aber ja, dieses Dasein war geradezu ein Ideal der Nachhaltigkeit; man verhungerte halt oder verstarb an allerlei Infektionen, doch es gab keinen Plastikm\u00fcll und keine Antibiotikar\u00fcckst\u00e4nde.<\/p>\n<p>\u00dcber Jahrhunderte hinweg war es die Beschr\u00e4nkung der verf\u00fcgbaren Energie, die eine schnellere Entwicklung verhinderte. Eine Mischung aus Zufall und Notwendigkeit sorgte daf\u00fcr, dass diese Grenzen durchbrochen wurden. Drei unterschiedliche Entdeckungen griffen dabei ineinander, die alle drei in England stattfanden. Der Grund daf\u00fcr war die Notwendigkeit \u2013 f\u00fcr vielerlei Zwecke ben\u00f6tigte man damals Holzkohle; England musste das meiste Holz f\u00fcr die Holzkohle importieren, die dadurch sehr teuer wurde, also versuchte man auf Steinkohle auszuweichen. Um die Steinkohle abbauen zu k\u00f6nnen, brauchte es Pumpen, und die Dampfmaschine war zuallererst eine Erfindung, um Bergwerkspumpen zu betreiben.<\/p>\n<p>Steinkohle war allerdings nicht f\u00fcr alle Zwecke nutzbar, weil sie schwefelhaltig ist. Das war nicht nur ein Problem f\u00fcr die Eisenproduktion; \u00fcber Steinkohle ger\u00f6stete Gerste verdirbt durch den Schwefelgeschmack das Bier. Es waren die Bierbrauer, die herausfanden, wie man aus Steinkohle Koks macht. Als dieser neue Brennstoff dann im Hochofen eingesetzt wurde, wurde das Eisen billiger; billig genug, dass schon Ende des 18. Jahrhunderts in Shropshire die erste eiserne Br\u00fccke errichtet wurde, was wenige Jahre zuvor noch ma\u00dflose Verschwendung eines wertvollen Materials gewesen w\u00e4re. Steinkohle, Dampfmaschine und g\u00fcnstiges Eisen bildeten die Dreiheit, die die industrielle Revolution antrieb. Eisenbahnen und Dampfschiffe sind ihre Kinder.<\/p>\n<p>Sie stellten die Voraussetzungen her, die die Metropolen wachsen und die Entfernungen schrumpfen lie\u00dfen; keiner derjenigen, die sich heute gern als Weltb\u00fcrger begreifen, macht sich bewusst, dass sie dies unm\u00f6glich k\u00f6nnten, w\u00e4re ihre Fortbewegung auf die Geschwindigkeit des beginnenden 19. Jahrhunderts beschr\u00e4nkt, n\u00e4mlich im Regelfall auf den eigenen Schritt.<\/p>\n<p>Der zweite gro\u00dfe Schub industrieller Entwicklung war die Einf\u00fchrung der Elektrizit\u00e4t. Fabriken, deren Energieversorgung auf Dampfmaschinen beruhte, konnten nicht nach dem Produktionsablauf aufgebaut werden, sondern mussten in ihrer Struktur der Kraftversorgung folgen \u2013 die Bewegung des Dampfmaschinenkolbens wurde durch Wellen und Riemen auf die einzelnen Maschinen \u00fcbertragen, die daher nicht frei gestellt werden konnten.<\/p>\n<p>Mit Elektromotoren wurde das anders, erst da war eine Erfindung wie das Flie\u00dfband m\u00f6glich (die \u00fcbrigens aus dem Schlachthof von Chicago stammt und dort durch steten Arbeitskr\u00e4ftemangel ausgel\u00f6st wurde).<\/p>\n<p>In jenen vermeintlich paradiesischen pr\u00e4fossilen Zeiten stie\u00df das Wachstum der St\u00e4dte an eine nat\u00fcrliche Grenze. Rom, erste Millionenstadt in der europ\u00e4ischen Antike, ben\u00f6tigte noch ein ganzes Imperium, um seine hungrigen M\u00e4uler zu stopfen, brauchte aber schon eine weitr\u00e4umige Wasserversorgung und Verkehrsbeschr\u00e4nkungen. London, das als erste europ\u00e4ische Stadt in der Moderne diese Schwelle wieder durchbrach, ist eine Hafenstadt und konnte durch ein ausgedehntes Kanalnetz aus dem Hinterland versorgt werden \u2013 Gleiches gilt \u00fcbrigens f\u00fcr die chinesischen Gro\u00dfst\u00e4dte. Erst Eisenbahnen und sp\u00e4ter Lastwagen erm\u00f6glichten die Geburt von St\u00e4dten mit zehn, zwanzig, gar drei\u00dfig Millionen Bewohnern, selbst abseits der K\u00fcste oder schiffbarer Fl\u00fcsse. Urbanit\u00e4t, wie sie uns heute vertraut ist, ist ohne die fossile Befreiung schlicht nicht m\u00f6glich.<\/p>\n<p>Die Vorstellung, man k\u00f6nne heutige St\u00e4dte ja auch wieder mit Pferdewagen oder Eselskarren versorgen, ist absurd. Nicht nur, dass es nicht gen\u00fcgend Pferde oder gar Esel g\u00e4be, die Karren zu ziehen, oder Kutscher, sie zu lenken; die vorhandenen Pferde geh\u00f6ren auch nicht zu jenen Rassen, die f\u00fcr solche T\u00e4tigkeiten geeignet sind. Brauereipferde und Ackerg\u00e4ule haben wenig mit den Sehnsuchtsobjekten gutb\u00fcrgerlicher M\u00e4dchen zu tun, und der Umgang der Menschen mit Arbeitstieren wenig mit der heute gepflegten Tierliebe; d\u00fcrre Klepper und abgearbeitete, trief\u00e4ugige Schindm\u00e4hren sind eher das, was man in Gesellschaften findet, die auf die K\u00f6rperkraft der Zugtiere angewiesen sind und sie bis zur letzten Sekunde nutzen.<\/p>\n<p>Heutige Tierfreunde w\u00fcrden vor Entsetzen in Ohnmacht fallen; ihre Zuneigung stammt eher von Marie Antoinette und ihrem L\u00e4mmchen ab als von der kaltschn\u00e4uzigen Beziehung zum Nutztier. Tats\u00e4chlich ist die Abwesenheit von Nutztieren im Alltag die Grundlage f\u00fcr die heute verbreitete Form der Tierliebe einschlie\u00dflich ihrer veganen Ausw\u00fcchse. Wie das Weltb\u00fcrgertum ist sie durch und durch ein Produkt der fossilen Gesellschaft.<\/p>\n<p>Aber gehen wir zur\u00fcck in unser l\u00e4ndliches Paradies. Die meisten Bewohner w\u00e4ren arm oder gar leibeigen; nur ein sehr kleiner Teil h\u00e4tte den Lebensstandard, den man sich heute f\u00fcr das fr\u00fche 19. Jahrhundert zurechtfantasiert, weil man ihn aus Filmen und B\u00fcchern kennt. Das Leben der Landarmut findet sich nur in wenigen Erz\u00e4hlungen aus dem Vorm\u00e4rz, oder in kleinen Perlen wie dem \u201aSchulmeisterlein Wutz\u2018 von Jean Paul, der so gerne alle gro\u00dfen Werke der Aufkl\u00e4rung in seinem B\u00fccherschrank h\u00e4tte, sie sich aber selbst schreiben muss, weil er die B\u00fccher nicht bezahlen kann\u2026 Beziehungen aus Neigung \u00fcbrigens waren zur damaligen Zeit die Ausnahme; wo Land im Spiel war, wurde nach \u00c4ckern geehelicht, das war in manchen Gegenden noch tief ins 20. Jahrhundert \u00fcblich.<\/p>\n<p>Der Adel heiratete nach Zuchtbuch, das B\u00fcrgertum nach Besitz, Leibeigene nur nach herrschaftlicher Genehmigung; die Ehe aus Liebe ist eine Errungenschaft der Arbeiterklasse, wobei der Bestandteil Ehe nur f\u00fcr den Staat ein Muss war. Nicht nur der Lebensstandard, auch der Grad pers\u00f6nlicher Freiheit ist aufs Engste verkn\u00fcpft mit dem, was man die Entwicklung der Produktivkr\u00e4fte nennt.<\/p>\n<p>Solange neun von zehn damit befasst sind, ihren Lebensunterhalt aus dem Boden zu kratzen, bleibt selbst die Alphabetisierung unvollst\u00e4ndig; wozu sollte sie auch gut sein? Es war die Mechanisierung der Landwirtschaft, die aus dieser Fron befreite; heute sind weniger Menschen Bauern, als dies aus freien St\u00fccken w\u00e4hlten, und zehn Jahre Schule sind die untere Grenze der gesellschaftlich \u00fcblichen Bildung\u2026<\/p>\n<p>Andernorts gibt es eine gesellschaftliche Debatte \u00fcber die Frage, wieviele Stunden Arbeit die Menschen aufwenden sollten, wenn der n\u00e4chste Sprung in der Entwicklung der Produktivit\u00e4t umgesetzt wird; ist man sich dar\u00fcber im Klaren, dass all die gro\u00dfen Versandsysteme (auch das Monster Amazon) verkleidete Instrumente wirtschaftlicher Planung sind; besitzt man die Zuversicht, dass wirklich leistungsf\u00e4hige Alternativen zu Kohle und \u00d6l entwickelt werden; hat man die Vision einer Zukunft, die ein besseres Leben f\u00fcr die Mehrzahl der Menschen mit sich bringt. Das deutsche B\u00fcrgertum schaut, nicht das erste Mal, nach hinten; w\u00fcnscht dem P\u00f6bel das 18. Jahrhundert an den Hals, erwartet aber, selbst im 21. verbleiben zu d\u00fcrfen. Das geht durchaus konform mit einer Oligarchie, die gern das Rad der Geschichte zur\u00fcckdreht, weil inzwischen nicht nur politisch, sondern auch technisch der n\u00e4chste Schritt der Menschheit nach vorn \u00fcber sie hinweggehen wird, und deren Leidenschaft, Bildung, Gesundheit, Wasser und Luft zu Grundlagen des Profits zu machen, mit dem Versuch einher geht, den Kr\u00e4ften der Produktion Einhalt zu gebieten (selten finden sich niedrigere Investitionsquoten als heute).<\/p>\n<p>Weil die Frage, wer was f\u00fcr wen produziert, nicht gestellt werden darf und jede Erwartung einer positiven Zukunft unvermeidlich an die Schwelle der heutigen Eigentumsordnung f\u00fchrt, weil getan werden muss, als w\u00e4ren Konzerninteressen unantastbar, wird jeder Ausblick ins Morgen d\u00fcster gestrichen und eine bittere Moral des Verzichts gef\u00f6rdert, die den ber\u00fchmten Fastenpredigten der Augustiner in Nichts nachsteht.<\/p>\n<p>Die industrielle Revolution selbst wird zum S\u00fcndenfall erkl\u00e4rt, und statt einer Verbesserung der Gesellschaft ist es das Streben nach einer unbefleckten Seele, vegan und bu\u00dffertig, das zum menschlichen Ideal erkl\u00e4rt wird.<br \/>\nDabei w\u00e4re es mehr als \u00fcberf\u00e4llig, wieder eine Zukunft einzufordern; ein gutes Leben f\u00fcr all jene zu verlangen, die mit Armutsrenten und Niedrigl\u00f6hnen abgespeist werden; ein funktionierendes Bildungssystem, eine moderne Infrastruktur, eine \u00f6ffentliche Verwaltung, die ihren Aufgaben nachkommen kann; die Liste ist lang und wird t\u00e4glich l\u00e4nger. Verzichten m\u00fcsste die Menschheit vor allem auf eines \u2013 auf die Klasse der Oligarchen, die sich an ihr m\u00e4sten und sie mit Kriegen \u00fcberziehen.<\/p>\n<p>&nbsp;<\/p>\n<hr \/>\n<p><span style=\"font-size: 10pt;\">Bild: Screenshot aus dem <a href=\"https:\/\/www.youtube.com\/watch?v=GzpJPss0eUM\" target=\"_blank\" rel=\"noopener noreferrer\">Video von KenFM<\/a><\/span><\/p>\n","protected":false},"excerpt":{"rendered":"<p><b>In der Rubrik Tagesdosis wurde am 14.11.2019 bei KenFM der Beitrag \u201eDie fossile Befreiung\u201c von Dagmar Henn ver\u00f6ffentlicht.<\/b><br \/>\nReines Teufelszeug seien sie, die fossilen Energietr\u00e4ger, so die gegenw\u00e4rtig von Vielen ge\u00e4u\u00dferte \u00dcberzeugung; verbannen m\u00fcsse man sie, so schnell wie m\u00f6glich, und um jeden Preis. Zur Not, solche Aussagen finden sich immer wieder, m\u00fcsse man eben auf Eselskarren oder Transportfahrr\u00e4der zur\u00fcckgreifen, Hauptsache, keine Kohle, kein Gas, kein Benzin mehr. Wir m\u00fcssten uns nur alle einschr\u00e4nken, Verzicht \u00fcben, dann ginge das schon.<br \/>\nSolche Fantasien setzen gleich zweierlei Arten v\u00f6lliger Unkenntnis voraus &#8230;<\/p>\n","protected":false},"author":3,"featured_media":7274,"comment_status":"closed","ping_status":"closed","sticky":false,"template":"","format":"standard","meta":{"colormag_page_container_layout":"default_layout","colormag_page_sidebar_layout":"default_layout","advanced_seo_description":"","jetpack_seo_html_title":"","jetpack_seo_noindex":false,"jetpack_post_was_ever_published":false,"footnotes":""},"categories":[11,12],"tags":[627,444,491,1211,84,1213,1212],"class_list":["post-7273","post","type-post","status-publish","format-standard","has-post-thumbnail","hentry","category-arbeit-soziales","category-demokratie-medien-aufklaerung","tag-energiepolitik","tag-fortschritt","tag-geschichte","tag-industrielle-revolution","tag-klima","tag-landwirtschaft","tag-zukunft"],"jetpack_featured_media_url":"https:\/\/i0.wp.com\/www.freidenker.org\/fw17\/wp-content\/uploads\/2019\/12\/Fossile_Befreiung.jpg?fit=800%2C445&ssl=1","jetpack_shortlink":"https:\/\/wp.me\/p9stpK-1Tj","jetpack-related-posts":[{"id":7035,"url":"https:\/\/www.freidenker.org\/?p=7035","url_meta":{"origin":7273,"position":0},"title":"Der blinde Fleck","author":"Webredaktion","date":"2. Oktober 2019","format":false,"excerpt":"In der Rubrik Tagesdosis wurde am 20.09.2019 bei KenFM der Beitrag \u201eDer blinde Fleck\u201c von Dagmar Henn ver\u00f6ffentlicht Wenn heute die gro\u00dfe Volksgemeinschaft der Klimafreunde auf die Stra\u00dfe geht, dann gibt es ein Thema, mit dem sie sich gewiss nicht befasst: die Containerschifffahrt. Eigenartig, oder? Schlie\u00dflich sind Containerschiffe so ziemlich\u2026","rel":"","context":"In &quot;Demokratie \u2013 Medien \u2013 Aufkl\u00e4rung&quot;","block_context":{"text":"Demokratie \u2013 Medien \u2013 Aufkl\u00e4rung","link":"https:\/\/www.freidenker.org\/?cat=12"},"img":{"alt_text":"","src":"https:\/\/i0.wp.com\/www.freidenker.org\/fw17\/wp-content\/uploads\/2019\/10\/container-2786842_800x445.jpg?fit=800%2C445&ssl=1&resize=350%2C200","width":350,"height":200,"srcset":"https:\/\/i0.wp.com\/www.freidenker.org\/fw17\/wp-content\/uploads\/2019\/10\/container-2786842_800x445.jpg?fit=800%2C445&ssl=1&resize=350%2C200 1x, https:\/\/i0.wp.com\/www.freidenker.org\/fw17\/wp-content\/uploads\/2019\/10\/container-2786842_800x445.jpg?fit=800%2C445&ssl=1&resize=525%2C300 1.5x, https:\/\/i0.wp.com\/www.freidenker.org\/fw17\/wp-content\/uploads\/2019\/10\/container-2786842_800x445.jpg?fit=800%2C445&ssl=1&resize=700%2C400 2x"},"classes":[]},{"id":5248,"url":"https:\/\/www.freidenker.org\/?p=5248","url_meta":{"origin":7273,"position":1},"title":"Rassismus f\u00fcr Intellektuelle","author":"Webredaktion","date":"4. Juni 2018","format":false,"excerpt":"In der Rubrik Tagesdosis wurde am 04.06.2018 bei KenFM der Beitrag \u201eRassismus f\u00fcr Intellektuelle\u201c von Susan Bonath, Mitglied des Deutschen Freidenker-Verbandes, ver\u00f6ffentlicht. Wer sind die Antideutschen? In meiner letzten Tagesdosis schrieb ich \u00fcber ihr Treiben in der angeblich linksradikalen Clubszene im Leipziger S\u00fcden. Die laufende Veranstaltungsreihe \u00bb70 Jahre Israel\u00ab wird\u2026","rel":"","context":"In &quot;Zeit der Verleumder - Freidenker f\u00fcr Klartext&quot;","block_context":{"text":"Zeit der Verleumder - Freidenker f\u00fcr Klartext","link":"https:\/\/www.freidenker.org\/?cat=937"},"img":{"alt_text":"","src":"https:\/\/i0.wp.com\/www.freidenker.org\/fw17\/wp-content\/uploads\/2018\/06\/Rassismus_fuer_Intellektuelle_800x445.jpg?fit=800%2C445&ssl=1&resize=350%2C200","width":350,"height":200,"srcset":"https:\/\/i0.wp.com\/www.freidenker.org\/fw17\/wp-content\/uploads\/2018\/06\/Rassismus_fuer_Intellektuelle_800x445.jpg?fit=800%2C445&ssl=1&resize=350%2C200 1x, https:\/\/i0.wp.com\/www.freidenker.org\/fw17\/wp-content\/uploads\/2018\/06\/Rassismus_fuer_Intellektuelle_800x445.jpg?fit=800%2C445&ssl=1&resize=525%2C300 1.5x, https:\/\/i0.wp.com\/www.freidenker.org\/fw17\/wp-content\/uploads\/2018\/06\/Rassismus_fuer_Intellektuelle_800x445.jpg?fit=800%2C445&ssl=1&resize=700%2C400 2x"},"classes":[]},{"id":17608,"url":"https:\/\/www.freidenker.org\/?p=17608","url_meta":{"origin":7273,"position":2},"title":"Roderich Kiesewetter und die russischen Waffen in Kaliningrad","author":"Webredaktion","date":"5. Dezember 2023","format":false,"excerpt":"Beitrag von Dagmar Henn","rel":"","context":"In &quot;Demokratie \u2013 Medien \u2013 Aufkl\u00e4rung&quot;","block_context":{"text":"Demokratie \u2013 Medien \u2013 Aufkl\u00e4rung","link":"https:\/\/www.freidenker.org\/?cat=12"},"img":{"alt_text":"","src":"https:\/\/i0.wp.com\/www.freidenker.org\/fw17\/wp-content\/uploads\/2023\/12\/Roderich_Kiesewetter_MdB_CDU_by_OlafKosinsky_0244_800x450.jpg?fit=800%2C450&ssl=1&resize=350%2C200","width":350,"height":200,"srcset":"https:\/\/i0.wp.com\/www.freidenker.org\/fw17\/wp-content\/uploads\/2023\/12\/Roderich_Kiesewetter_MdB_CDU_by_OlafKosinsky_0244_800x450.jpg?fit=800%2C450&ssl=1&resize=350%2C200 1x, https:\/\/i0.wp.com\/www.freidenker.org\/fw17\/wp-content\/uploads\/2023\/12\/Roderich_Kiesewetter_MdB_CDU_by_OlafKosinsky_0244_800x450.jpg?fit=800%2C450&ssl=1&resize=525%2C300 1.5x, https:\/\/i0.wp.com\/www.freidenker.org\/fw17\/wp-content\/uploads\/2023\/12\/Roderich_Kiesewetter_MdB_CDU_by_OlafKosinsky_0244_800x450.jpg?fit=800%2C450&ssl=1&resize=700%2C400 2x"},"classes":[]},{"id":5240,"url":"https:\/\/www.freidenker.org\/?p=5240","url_meta":{"origin":7273,"position":3},"title":"\u00bbLinke Bastionen\u00ab in rechter Hand","author":"Webredaktion","date":"28. Mai 2018","format":false,"excerpt":"In der Rubrik Tagesdosis wurde am 28.05.2018 bei KenFM der Beitrag \u201e\u00bbLinke Bastionen\u00ab in rechter Hand\u201c von Susan Bonath, Mitglied des Deutschen Freidenker-Verbandes, ver\u00f6ffentlicht. Die Leipziger Veranstaltungsreihe \u00bb70 Jahre Israel\u00ab zeigt, wie reaktion\u00e4re Antideutsche die angeblich \u00bblinksradikale\u00ab Kulturszene im Leipziger S\u00fcden beherrschen. ... Glaubt man dem Verfassungsschutz, sind weite Teile\u2026","rel":"","context":"In &quot;Zeit der Verleumder - Freidenker f\u00fcr Klartext&quot;","block_context":{"text":"Zeit der Verleumder - Freidenker f\u00fcr Klartext","link":"https:\/\/www.freidenker.org\/?cat=937"},"img":{"alt_text":"","src":"https:\/\/i0.wp.com\/www.freidenker.org\/fw17\/wp-content\/uploads\/2018\/06\/israel70_800x445_mR.jpg?fit=800%2C445&ssl=1&resize=350%2C200","width":350,"height":200,"srcset":"https:\/\/i0.wp.com\/www.freidenker.org\/fw17\/wp-content\/uploads\/2018\/06\/israel70_800x445_mR.jpg?fit=800%2C445&ssl=1&resize=350%2C200 1x, https:\/\/i0.wp.com\/www.freidenker.org\/fw17\/wp-content\/uploads\/2018\/06\/israel70_800x445_mR.jpg?fit=800%2C445&ssl=1&resize=525%2C300 1.5x, https:\/\/i0.wp.com\/www.freidenker.org\/fw17\/wp-content\/uploads\/2018\/06\/israel70_800x445_mR.jpg?fit=800%2C445&ssl=1&resize=700%2C400 2x"},"classes":[]},{"id":5577,"url":"https:\/\/www.freidenker.org\/?p=5577","url_meta":{"origin":7273,"position":4},"title":"UN-Migrationspakt \u2013 auf Bestellung der Banken und Konzerne","author":"Webredaktion","date":"2. Dezember 2018","format":false,"excerpt":"In der Rubrik Tagesdosis wurde am 30.11.2018 bei KenFM der Kommentar\u201eUN-Migrationspakt \u2013 auf Bestellung der Banken und Konzerne\u201c von Klaus Hartmann, Vorsitzender des Deutschen Freidenker-Verbandes, ver\u00f6ffentlicht. Dieser Beitrag ist auch als Freidenker-Brief 4-2018 am 01.12.2018 erschienen. Am UN-\u201ePakt f\u00fcr eine sichere, geordnete und regul\u00e4re Migration\u201c scheiden sich die Geister. Die\u2026","rel":"","context":"In &quot;Freidenker-Brief&quot;","block_context":{"text":"Freidenker-Brief","link":"https:\/\/www.freidenker.org\/?cat=341"},"img":{"alt_text":"KenFM vom 30.11.2018 - Tagesdosis von Klaus Hartmann","src":"https:\/\/i0.wp.com\/www.freidenker.org\/fw17\/wp-content\/uploads\/2018\/12\/kenfm_30112018_tagesdosis_hartmann.jpg?fit=800%2C445&ssl=1&resize=350%2C200","width":350,"height":200,"srcset":"https:\/\/i0.wp.com\/www.freidenker.org\/fw17\/wp-content\/uploads\/2018\/12\/kenfm_30112018_tagesdosis_hartmann.jpg?fit=800%2C445&ssl=1&resize=350%2C200 1x, https:\/\/i0.wp.com\/www.freidenker.org\/fw17\/wp-content\/uploads\/2018\/12\/kenfm_30112018_tagesdosis_hartmann.jpg?fit=800%2C445&ssl=1&resize=525%2C300 1.5x, https:\/\/i0.wp.com\/www.freidenker.org\/fw17\/wp-content\/uploads\/2018\/12\/kenfm_30112018_tagesdosis_hartmann.jpg?fit=800%2C445&ssl=1&resize=700%2C400 2x"},"classes":[]},{"id":14028,"url":"https:\/\/www.freidenker.org\/?p=14028","url_meta":{"origin":7273,"position":5},"title":"&#8222;Die Deutschen zwinkerten&#8220;: Die Stalingrad-Fantasien des Herrn Arestowitsch","author":"Webredaktion","date":"24. August 2022","format":false,"excerpt":"Beitrag von Dagmar Henn L\u00fcgt er einfach? Oder steckt dahinter ein weiteres Ereignis, das ein Skandal werden m\u00fcsste, wenn die Bundesrepublik nur halb so demokratisch w\u00e4re, wie sie von sich behauptet? Klar, beim ukrainischen Pr\u00e4sidentenberater Alexei Arestowitsch kann man sich da nicht sicher sein; aber wenn es noch eine funktionierende\u2026","rel":"","context":"In &quot;Demokratie \u2013 Medien \u2013 Aufkl\u00e4rung&quot;","block_context":{"text":"Demokratie \u2013 Medien \u2013 Aufkl\u00e4rung","link":"https:\/\/www.freidenker.org\/?cat=12"},"img":{"alt_text":"","src":"https:\/\/i0.wp.com\/www.freidenker.org\/fw17\/wp-content\/uploads\/2022\/08\/Oleksiy_Arestovych_800x450.jpg?fit=800%2C450&ssl=1&resize=350%2C200","width":350,"height":200,"srcset":"https:\/\/i0.wp.com\/www.freidenker.org\/fw17\/wp-content\/uploads\/2022\/08\/Oleksiy_Arestovych_800x450.jpg?fit=800%2C450&ssl=1&resize=350%2C200 1x, https:\/\/i0.wp.com\/www.freidenker.org\/fw17\/wp-content\/uploads\/2022\/08\/Oleksiy_Arestovych_800x450.jpg?fit=800%2C450&ssl=1&resize=525%2C300 1.5x, https:\/\/i0.wp.com\/www.freidenker.org\/fw17\/wp-content\/uploads\/2022\/08\/Oleksiy_Arestovych_800x450.jpg?fit=800%2C450&ssl=1&resize=700%2C400 2x"},"classes":[]}],"_links":{"self":[{"href":"https:\/\/www.freidenker.org\/index.php?rest_route=\/wp\/v2\/posts\/7273","targetHints":{"allow":["GET"]}}],"collection":[{"href":"https:\/\/www.freidenker.org\/index.php?rest_route=\/wp\/v2\/posts"}],"about":[{"href":"https:\/\/www.freidenker.org\/index.php?rest_route=\/wp\/v2\/types\/post"}],"author":[{"embeddable":true,"href":"https:\/\/www.freidenker.org\/index.php?rest_route=\/wp\/v2\/users\/3"}],"replies":[{"embeddable":true,"href":"https:\/\/www.freidenker.org\/index.php?rest_route=%2Fwp%2Fv2%2Fcomments&post=7273"}],"version-history":[{"count":0,"href":"https:\/\/www.freidenker.org\/index.php?rest_route=\/wp\/v2\/posts\/7273\/revisions"}],"wp:featuredmedia":[{"embeddable":true,"href":"https:\/\/www.freidenker.org\/index.php?rest_route=\/wp\/v2\/media\/7274"}],"wp:attachment":[{"href":"https:\/\/www.freidenker.org\/index.php?rest_route=%2Fwp%2Fv2%2Fmedia&parent=7273"}],"wp:term":[{"taxonomy":"category","embeddable":true,"href":"https:\/\/www.freidenker.org\/index.php?rest_route=%2Fwp%2Fv2%2Fcategories&post=7273"},{"taxonomy":"post_tag","embeddable":true,"href":"https:\/\/www.freidenker.org\/index.php?rest_route=%2Fwp%2Fv2%2Ftags&post=7273"}],"curies":[{"name":"wp","href":"https:\/\/api.w.org\/{rel}","templated":true}]}}