{"id":726,"date":"2010-03-16T14:03:31","date_gmt":"2010-03-16T13:03:31","guid":{"rendered":"http:\/\/www.freidenker.org\/fw17\/?p=726"},"modified":"2018-02-18T23:05:28","modified_gmt":"2018-02-18T22:05:28","slug":"klima-energie-ressourcen","status":"publish","type":"post","link":"https:\/\/www.freidenker.org\/?p=726","title":{"rendered":"FREIDENKER 1-10 &#8211; Klima &#8211; Energie &#8211; Ressourcen"},"content":{"rendered":"<h5><strong>Inhalt:<\/strong> Editorial -Thema:<\/h5>\n<p>Rainer M\u00fcller: <a href=\"https:\/\/www.freidenker.org\/?p=309\">Das Scheitern von Kopenhagen: Die Welt in der Wachstumsfalle<\/a> | Eva Bulling-Schr\u00f6ter: Neue Klimabewegung jetzt \u00fcberlebenswichtig | Klaus Hartmann: <a href=\"https:\/\/www.freidenker.org\/?p=304\">Der Streit um das Klima<\/a> | Jan Bretschneider: <a href=\"https:\/\/www.freidenker.org\/?p=300\">Wie gro\u00df ist unser \u201e\u00d6kologischer Fu\u00dfabdruck\u201c?<\/a> | Gert Blumenthal: <a href=\"https:\/\/www.freidenker.org\/?p=297\">Die Energieversorgung der Zukunft \u2013 nachhaltig oder nuklear?<\/a> | Sebastian Bahlo: <a href=\"https:\/\/www.freidenker.org\/?p=439\">Nochmal zu \u201eDer halbe oder der ganze Darwin?\u201c<\/a><\/p>\n<p><strong>Meldungen, Meinungen<br \/>\n<\/strong>Eberhard Schinck: <a href=\"https:\/\/www.freidenker.org\/?p=183\">120 Jahre Jugendweihe\/Jugendfeier in Deutschland<\/a><br \/>\nDer Kirchenstaatsvertrag und seine Voraussetzungen \u2013 notwendige \u00dcberlegungen<\/p>\n<p><strong>Aus den Landesverb\u00e4nden<br \/>\nChronik<br \/>\n<\/strong>Auswertung der Leserinnen und Leser-Befragung<br \/>\nErkl\u00e4rung der Tagung des Verbandsvorstandes: \u201eLasset die Kindlein zu mir Kommen\u201c: Scheinheilige Hirten<br \/>\nTruppen raus aus Afghanistan!<br \/>\nB\u00fccher f\u00fcr Freidenker<br \/>\nAnschriften, Impressum<strong><br \/>\n<\/strong><\/p>\n<p><strong>Zitat<br \/>\n<\/strong><em>Theodor Fontane<\/em>: Das Trauerspiel von Afghanistan<\/p>\n<p><strong>\u00a0<\/strong><\/p>\n","protected":false},"excerpt":{"rendered":"<p><strong>Die Ausgabe 1-10 des Verbandsorgans FREIDENKER hat das Schwerpunkt-Thema \u201eKlima &#8211; Energie &#8211; Ressourcen\u201c und enth\u00e4lt u.a folgende Beitr\u00e4ge:<\/strong><br \/>\n&#8211; Rainer M\u00fcller: Das Scheitern von Kopenhagen: Die Welt in der Wachstumsfalle<br \/>\n&#8211; Eva Bulling-Schr\u00f6ter: Neue Klimabewegung jetzt \u00fcberlebenswichtig<br \/>\n&#8211; Klaus Hartmann: Der Streit um das Klima<br \/>\n&#8211; Jan Bretschneider: Wie gro\u00df ist unser \u201e\u00d6kologischer Fu\u00dfabdruck\u201c?<br \/>\n&#8211; Gert Blumenthal: Die Energieversorgung der Zukunft \u2013 nachhaltig oder nuklear?<br \/>\n&#8211; Sebastian Bahlo: Nochmal zu \u201eDer halbe oder der ganze Darwin?\u201c<\/p>\n","protected":false},"author":2,"featured_media":2536,"comment_status":"closed","ping_status":"closed","sticky":false,"template":"","format":"standard","meta":{"colormag_page_container_layout":"default_layout","colormag_page_sidebar_layout":"default_layout","advanced_seo_description":"","jetpack_seo_html_title":"","jetpack_seo_noindex":false,"jetpack_post_was_ever_published":false,"footnotes":""},"categories":[8],"tags":[627,26,84,540,628,123],"class_list":["post-726","post","type-post","status-publish","format-standard","has-post-thumbnail","hentry","category-verbandsorgan-freidenker","tag-energiepolitik","tag-freidenker","tag-klima","tag-ressourcen","tag-umweltschutz","tag-wissenschaft"],"jetpack_featured_media_url":"https:\/\/i0.wp.com\/www.freidenker.org\/fw17\/wp-content\/uploads\/2017\/12\/FD_2010-01_Titel_mR.jpg?fit=800%2C445&ssl=1","jetpack_shortlink":"https:\/\/wp.me\/p9stpK-bI","jetpack-related-posts":[{"id":7313,"url":"https:\/\/www.freidenker.org\/?p=7313","url_meta":{"origin":726,"position":0},"title":"FREIDENKER 4-19  \u2013 Klima im Wandel der Zeit","author":"Webredaktion","date":"18. Dezember 2019","format":false,"excerpt":"Die Ausgabe 4-19 des Verbandsorgans FREIDENKER hat das Schwerpunkt-Thema \u201eKlima im Wandel der Zeit\u201c und enth\u00e4lt u.a. folgende Beitr\u00e4ge: - Klaus Hartmann: Kapitalismus, Umweltzerst\u00f6rung und Klimastreit - William F. Engdahl: Das Klima und die Spur des Geldes - Cory Morningstar \u00fcber \u201edie Greta-Konsens-Fabrikation\u201c - Hans-J\u00fcrgen Bandelt: Die Klima-T\u00e4uscher - Annett\u2026","rel":"","context":"In &quot;Verbandsorgan FREIDENKER&quot;","block_context":{"text":"Verbandsorgan FREIDENKER","link":"https:\/\/www.freidenker.org\/?cat=8"},"img":{"alt_text":"","src":"https:\/\/i0.wp.com\/www.freidenker.org\/fw17\/wp-content\/uploads\/2019\/12\/FD_2019-04_Titel_mR.jpg?fit=800%2C445&ssl=1&resize=350%2C200","width":350,"height":200,"srcset":"https:\/\/i0.wp.com\/www.freidenker.org\/fw17\/wp-content\/uploads\/2019\/12\/FD_2019-04_Titel_mR.jpg?fit=800%2C445&ssl=1&resize=350%2C200 1x, https:\/\/i0.wp.com\/www.freidenker.org\/fw17\/wp-content\/uploads\/2019\/12\/FD_2019-04_Titel_mR.jpg?fit=800%2C445&ssl=1&resize=525%2C300 1.5x, https:\/\/i0.wp.com\/www.freidenker.org\/fw17\/wp-content\/uploads\/2019\/12\/FD_2019-04_Titel_mR.jpg?fit=800%2C445&ssl=1&resize=700%2C400 2x"},"classes":[]},{"id":6780,"url":"https:\/\/www.freidenker.org\/?p=6780","url_meta":{"origin":726,"position":1},"title":"Sommerhitze kein Grund zur Klima-Panik","author":"Webredaktion","date":"28. Juli 2019","format":false,"excerpt":"In der Rubrik Tagesdosis wurde am 26.07.2019 bei KenFM der Beitrag \u201eSommerhitze kein Grund zur Klima-Panik\u201c von Rainer Rupp, Mitglied des Beirats des Deutschen Freidenker-Verbandes, ver\u00f6ffentlicht. CO2, CO2, CO2, Wir sind auf dem Weg in den Untergang, nicht erst \u00dcbermorgen, sondern jetzt. Wir stehen am Rande des Abgrunds. Die Panik\u2026","rel":"","context":"In &quot;Demokratie \u2013 Medien \u2013 Aufkl\u00e4rung&quot;","block_context":{"text":"Demokratie \u2013 Medien \u2013 Aufkl\u00e4rung","link":"https:\/\/www.freidenker.org\/?cat=12"},"img":{"alt_text":"","src":"https:\/\/i0.wp.com\/www.freidenker.org\/fw17\/wp-content\/uploads\/2019\/07\/sommerhitze_800x445.jpg?fit=800%2C445&ssl=1&resize=350%2C200","width":350,"height":200,"srcset":"https:\/\/i0.wp.com\/www.freidenker.org\/fw17\/wp-content\/uploads\/2019\/07\/sommerhitze_800x445.jpg?fit=800%2C445&ssl=1&resize=350%2C200 1x, https:\/\/i0.wp.com\/www.freidenker.org\/fw17\/wp-content\/uploads\/2019\/07\/sommerhitze_800x445.jpg?fit=800%2C445&ssl=1&resize=525%2C300 1.5x, https:\/\/i0.wp.com\/www.freidenker.org\/fw17\/wp-content\/uploads\/2019\/07\/sommerhitze_800x445.jpg?fit=800%2C445&ssl=1&resize=700%2C400 2x"},"classes":[]},{"id":16076,"url":"https:\/\/www.freidenker.org\/?p=16076","url_meta":{"origin":726,"position":2},"title":"50 Billionen Dollar f\u00fcr Klima-Phantasie","author":"Webredaktion","date":"17. Mai 2023","format":false,"excerpt":"Kommentar von\u00a0Rainer Rupp Mit den k\u00fcnstlich gesch\u00fcrten Klima-\u00c4ngsten ist viel Geld zu machen. Das Klima hat sich als geradezu ideale gesellschaftliche Umverteilungsmaschine erwiesen. Die hat das Zeug daf\u00fcr, noch f\u00fcr die n\u00e4chsten Jahrzehnte massenhaft gewaltige Summen von unten nach oben zu scheffeln. Dabei werden die staatlichen Steuergelder, von denen etwa\u2026","rel":"","context":"In &quot;Demokratie \u2013 Medien \u2013 Aufkl\u00e4rung&quot;","block_context":{"text":"Demokratie \u2013 Medien \u2013 Aufkl\u00e4rung","link":"https:\/\/www.freidenker.org\/?cat=12"},"img":{"alt_text":"","src":"https:\/\/i0.wp.com\/www.freidenker.org\/fw17\/wp-content\/uploads\/2023\/05\/boot_trocken_photomontage-1548599_800x450.jpg?fit=800%2C450&ssl=1&resize=350%2C200","width":350,"height":200,"srcset":"https:\/\/i0.wp.com\/www.freidenker.org\/fw17\/wp-content\/uploads\/2023\/05\/boot_trocken_photomontage-1548599_800x450.jpg?fit=800%2C450&ssl=1&resize=350%2C200 1x, https:\/\/i0.wp.com\/www.freidenker.org\/fw17\/wp-content\/uploads\/2023\/05\/boot_trocken_photomontage-1548599_800x450.jpg?fit=800%2C450&ssl=1&resize=525%2C300 1.5x, https:\/\/i0.wp.com\/www.freidenker.org\/fw17\/wp-content\/uploads\/2023\/05\/boot_trocken_photomontage-1548599_800x450.jpg?fit=800%2C450&ssl=1&resize=700%2C400 2x"},"classes":[]},{"id":16238,"url":"https:\/\/www.freidenker.org\/?p=16238","url_meta":{"origin":726,"position":3},"title":"Alles f\u00fcrs Klima: Fleischlos in den Abgrund","author":"Webredaktion","date":"7. Juni 2023","format":false,"excerpt":"Beitrag von Tom J. Wellbrock Wir befinden uns in einem Transformationsprozess, wie ihn die Welt noch nie gesehen hat. Und w\u00e4hrend Annalena Baerbock um den Globus reist, um es mit m\u00f6glichst vielen L\u00e4ndern zu versauen, arbeiten Cem \u00d6zdemir (Die Gr\u00fcnen) und seine Komplizen an einem Fleischverbot. Fleischverbot? Da war doch\u2026","rel":"","context":"In &quot;Demokratie \u2013 Medien \u2013 Aufkl\u00e4rung&quot;","block_context":{"text":"Demokratie \u2013 Medien \u2013 Aufkl\u00e4rung","link":"https:\/\/www.freidenker.org\/?cat=12"},"img":{"alt_text":"","src":"https:\/\/i0.wp.com\/www.freidenker.org\/fw17\/wp-content\/uploads\/2023\/06\/Cem_Oezdemir_at_Wir_haben_es_satt_protest_Berlin_at_BMEL_2022-01-22_76_800x450.jpg?fit=800%2C450&ssl=1&resize=350%2C200","width":350,"height":200,"srcset":"https:\/\/i0.wp.com\/www.freidenker.org\/fw17\/wp-content\/uploads\/2023\/06\/Cem_Oezdemir_at_Wir_haben_es_satt_protest_Berlin_at_BMEL_2022-01-22_76_800x450.jpg?fit=800%2C450&ssl=1&resize=350%2C200 1x, https:\/\/i0.wp.com\/www.freidenker.org\/fw17\/wp-content\/uploads\/2023\/06\/Cem_Oezdemir_at_Wir_haben_es_satt_protest_Berlin_at_BMEL_2022-01-22_76_800x450.jpg?fit=800%2C450&ssl=1&resize=525%2C300 1.5x, https:\/\/i0.wp.com\/www.freidenker.org\/fw17\/wp-content\/uploads\/2023\/06\/Cem_Oezdemir_at_Wir_haben_es_satt_protest_Berlin_at_BMEL_2022-01-22_76_800x450.jpg?fit=800%2C450&ssl=1&resize=700%2C400 2x"},"classes":[]},{"id":24124,"url":"https:\/\/www.freidenker.org\/?p=24124","url_meta":{"origin":726,"position":4},"title":"Alles wie gehabt: USA mit M\u00f6rder-Pr\u00e4sident an der Spitze","author":"Webredaktion","date":"3. Januar 2026","format":false,"excerpt":"Erkl\u00e4rung des Deutschen Freidenker-Verbandes, Kommuniqu\u00e9 der Regierung Venezuelas zur US-Aggression und Erkl\u00e4rung der Antiimperialistischen Koordination (AIK) Der Deutsche Freidenker-Verband verurteilt den v\u00f6lkerrechtswidrigen Angriffskrieg der USA gegen das souver\u00e4ne und freiheitsliebende Venezuela. Das Kidnapping des gew\u00e4hlten Pr\u00e4sidenten der Bolivarischen Republik Nicol\u00e1s Maduro ist ein krimineller Piratenakt. Der Einsatz brutaler milit\u00e4rischer Gewalt\u2026","rel":"","context":"In &quot;Frieden - Antifaschismus - Solidarit\u00e4t&quot;","block_context":{"text":"Frieden - Antifaschismus - Solidarit\u00e4t","link":"https:\/\/www.freidenker.org\/?cat=13"},"img":{"alt_text":"","src":"https:\/\/i0.wp.com\/www.freidenker.org\/fw17\/wp-content\/uploads\/2026\/01\/angriff_auf_venezuela_02_800x450.jpg?fit=800%2C450&ssl=1&resize=350%2C200","width":350,"height":200,"srcset":"https:\/\/i0.wp.com\/www.freidenker.org\/fw17\/wp-content\/uploads\/2026\/01\/angriff_auf_venezuela_02_800x450.jpg?fit=800%2C450&ssl=1&resize=350%2C200 1x, https:\/\/i0.wp.com\/www.freidenker.org\/fw17\/wp-content\/uploads\/2026\/01\/angriff_auf_venezuela_02_800x450.jpg?fit=800%2C450&ssl=1&resize=525%2C300 1.5x, https:\/\/i0.wp.com\/www.freidenker.org\/fw17\/wp-content\/uploads\/2026\/01\/angriff_auf_venezuela_02_800x450.jpg?fit=800%2C450&ssl=1&resize=700%2C400 2x"},"classes":[]},{"id":11096,"url":"https:\/\/www.freidenker.org\/?p=11096","url_meta":{"origin":726,"position":5},"title":"Ein Herz f\u00fcr Kollaborateure?","author":"Webredaktion","date":"20. August 2021","format":false,"excerpt":"Beitrag von Hajo Kahlke (mit einer Vorbemerkung der Webredaktion Hartn\u00e4ckig betreiben die Herrschenden die Desorientierung der Friedenskr\u00e4fte. Das \u00e4u\u00dferst sich dann etwa in der Selbstabwertung des eigentlichen Anliegens F\u00dcR DEN FRIEDEN durch Gleichstellung mit dem (Nonsense-)Anliegen \"F\u00fcr das Klima\". ... Beim jetzigen Afghanistan-Abzug der NATO-Aggressoren sollen die Friedenskr\u00e4fte m\u00f6glichst keine\u2026","rel":"","context":"In &quot;Frieden - Antifaschismus - Solidarit\u00e4t&quot;","block_context":{"text":"Frieden - Antifaschismus - Solidarit\u00e4t","link":"https:\/\/www.freidenker.org\/?cat=13"},"img":{"alt_text":"","src":"https:\/\/i0.wp.com\/www.freidenker.org\/fw17\/wp-content\/uploads\/2021\/08\/Afghanistan_geschenk_800x450.jpg?fit=800%2C450&ssl=1&resize=350%2C200","width":350,"height":200,"srcset":"https:\/\/i0.wp.com\/www.freidenker.org\/fw17\/wp-content\/uploads\/2021\/08\/Afghanistan_geschenk_800x450.jpg?fit=800%2C450&ssl=1&resize=350%2C200 1x, https:\/\/i0.wp.com\/www.freidenker.org\/fw17\/wp-content\/uploads\/2021\/08\/Afghanistan_geschenk_800x450.jpg?fit=800%2C450&ssl=1&resize=525%2C300 1.5x, https:\/\/i0.wp.com\/www.freidenker.org\/fw17\/wp-content\/uploads\/2021\/08\/Afghanistan_geschenk_800x450.jpg?fit=800%2C450&ssl=1&resize=700%2C400 2x"},"classes":[]}],"_links":{"self":[{"href":"https:\/\/www.freidenker.org\/index.php?rest_route=\/wp\/v2\/posts\/726","targetHints":{"allow":["GET"]}}],"collection":[{"href":"https:\/\/www.freidenker.org\/index.php?rest_route=\/wp\/v2\/posts"}],"about":[{"href":"https:\/\/www.freidenker.org\/index.php?rest_route=\/wp\/v2\/types\/post"}],"author":[{"embeddable":true,"href":"https:\/\/www.freidenker.org\/index.php?rest_route=\/wp\/v2\/users\/2"}],"replies":[{"embeddable":true,"href":"https:\/\/www.freidenker.org\/index.php?rest_route=%2Fwp%2Fv2%2Fcomments&post=726"}],"version-history":[{"count":0,"href":"https:\/\/www.freidenker.org\/index.php?rest_route=\/wp\/v2\/posts\/726\/revisions"}],"wp:featuredmedia":[{"embeddable":true,"href":"https:\/\/www.freidenker.org\/index.php?rest_route=\/wp\/v2\/media\/2536"}],"wp:attachment":[{"href":"https:\/\/www.freidenker.org\/index.php?rest_route=%2Fwp%2Fv2%2Fmedia&parent=726"}],"wp:term":[{"taxonomy":"category","embeddable":true,"href":"https:\/\/www.freidenker.org\/index.php?rest_route=%2Fwp%2Fv2%2Fcategories&post=726"},{"taxonomy":"post_tag","embeddable":true,"href":"https:\/\/www.freidenker.org\/index.php?rest_route=%2Fwp%2Fv2%2Ftags&post=726"}],"curies":[{"name":"wp","href":"https:\/\/api.w.org\/{rel}","templated":true}]}}