{"id":7249,"date":"2019-12-08T13:18:58","date_gmt":"2019-12-08T12:18:58","guid":{"rendered":"https:\/\/www.freidenker.org\/?p=7249"},"modified":"2023-02-19T15:41:17","modified_gmt":"2023-02-19T14:41:17","slug":"rapoport-kolloquium-in-hamburg-am-13-12-2019","status":"publish","type":"post","link":"https:\/\/www.freidenker.org\/?p=7249","title":{"rendered":"Rapoport-Kolloquium in Hamburg am 13.12.2019"},"content":{"rendered":"<p style=\"text-align: center;\"><span style=\"font-size: 14pt;\"><strong>Einladung zur W\u00fcrdigung des \u00c4rzte-Ehepaars<\/strong><\/span><\/p>\n<h4 style=\"text-align: center;\"><strong>Inge und Mitja Rapoport<\/strong><\/h4>\n<p style=\"text-align: center;\"><span style=\"font-size: 14pt;\"><strong>Vorbilder f\u00fcr Humanismus und Antifaschismus \u2013<br \/>\nMedizin heute<\/strong><\/span><\/p>\n<p style=\"text-align: center;\"><strong>Ort<\/strong>: Medizinhistorisches Museum (N30B)<br \/>\nUniversit\u00e4tsklinikum Hamburg-Eppendorf,<br \/>\nMartinistr. 52, 20246 Hamburg<\/p>\n<p><strong>Freitag,13.Dezember 2019<\/strong><\/p>\n<ul>\n<li>15:30 Uhr: F\u00fchrung Medizinhistorisches Museum und Film zum Leben der Inge und Mitja Rapoport in verschiedenen Kontinenten: Exil, Flucht, Heimat<\/li>\n<li>16:35 Uhr: Bl\u00e4serquintett des HH-\u00c4rzteorchesters<\/li>\n<li>17:00 Uhr: Rapoport-Colloquium mit Prof. U. Koch-Gromus, Prof. R. Sorg, Prof. J. Scheffran, K. Hartmann, Dr. D. H. Rapoport, Prof. G. K. Jacobasch, Prof. H. Kreibisch, Dr. H. Niemann, Prof. W. Siems, Dr. H.- C. Stoodt, Prof. N. Paech, sowie Pflegerinnen und Pflegern, Aktiven, die sich f\u00fcr Frieden und Antifaschismus, \u00c4rztinnen und \u00c4rzten, die sich f\u00fcr Mensch vor Profit engagieren.<\/li>\n<\/ul>\n<p><strong>Teil 1: Historische W\u00fcrdigung des wissenschaftlichen und politischen Lebens und Wirkens des Ehepaares Rapoport in ihrer Zeit als international renommierte \u00c4rzte:<\/strong><\/p>\n<ul>\n<li>Senkung der S\u00e4uglingssterblichkeit in der DDR und Gr\u00fcndung der Neonatologie von globaler Bedeutung<\/li>\n<li>Ausbildung von \u00c4rzten aus L\u00e4ndern in Afrika, Lateinamerika und Asien<\/li>\n<li>Entwicklung der Biowissenschaften der DDR<\/li>\n<li>Familie, Beruf und politischer Alltag in verschiedenen L\u00e4ndern, u.a. als Mitglieder der Kommunistischen Partei<\/li>\n<li>Exil in den USA nach dem Machtantritt des Faschismus in Deutschland<\/li>\n<li>Verlassen der USA unter den Bedingungen des versch\u00e4rften Antikommunismus in der McCarthy-\u00c4ra<\/li>\n<li>Nach der R\u00fcckkehr aus dem Exil Entscheidung f\u00fcr die im Aufbau befindli-che DDR<\/li>\n<li>Nach dem Ende der DDR nach 1989\/90 Fortsetzung der Unterst\u00fctzung der Bewegung f\u00fcr Frieden und Abr\u00fcstung.<\/li>\n<\/ul>\n<p><strong>Teil 2: Offene Diskussion zum Wirken von Inge und Mitja Rapo-port als Vorbilder f\u00fcr Antifaschismus und Medizin heute<\/strong><\/p>\n<p><strong>Impulsreferate<\/strong> von Dr. H.C. Stoodt, K. Hartmann, Prof. J. Scheffran, Thesen von Dr. D. Rapoport, moderiert von Prof. N. Paech, f\u00fchren in eine Dialog-Diskussion mit den Teilnehmern und Besuchern des Kolloquiums.<\/p>\n<p>Es kann dabei u.a. um Fragen gehen wie:<\/p>\n<ul>\n<li>Was k\u00f6nnen wir vom Wirken der Rapoports f\u00fcr unser heutiges Leben im Kampf gegen die Kriegsgefahr und f\u00fcr die Schaffung einer solidarischen und \u00f6kologisch nachhaltigen Weltordnung lernen?<\/li>\n<li>Wie kann unter den Bedingungen von Privatisierung und versch\u00e4rfter \u00d6konomisierung im Gesundheitswesen den Tendenzen entgegengewirkt werden, Gesundheit zur Ware zu machen?<\/li>\n<li>Wie kann gem\u00e4\u00df der Losung \u201eNie wieder Krieg\u201c die Friedensbewegung wieder zu einem wirksamen Faktor werden, nachdem, beginnend mit der Bombardierung Jugoslawiens 1999, erstmals wieder deutsche Soldaten an Kriegseins\u00e4tzen beteiligt waren und sind?<\/li>\n<li>Was hei\u00dft f\u00fcr uns heute Antifaschismus gem\u00e4\u00df dem Verm\u00e4chtnis der Rapoports, die mit dem Faschismus auch seinen N\u00e4hrboden in Gestalt der kapitalistischen Gesellschaftsordnung bek\u00e4mpften?<\/li>\n<\/ul>\n<p><strong>Veranstalter:<\/strong><\/p>\n<ul>\n<li>Hamburger Gespr\u00e4chskreis Dialektik &amp; Materialismus und Dr. Daniel Rapoport in Zusammenarbeit mit<\/li>\n<li>IPPNW \u2013 Internationale \u00c4rzte f\u00fcr die Verh\u00fctung des Atomkrieges, \u00c4rzte in sozialer Verantwortung e. V., Gruppe Hamburg<\/li>\n<li>Deutscher Freidenker-Verband<\/li>\n<\/ul>\n<p><strong>Eintritt:<\/strong> 10,- Euro oder eine entsprechende Spende Kostenfrei f\u00fcr Jugendliche, Studierende, Sch\u00fcler<\/p>\n<p>Anmeldung: post@akdiamat.de<\/p>\n<p>&nbsp;<\/p>\n<hr \/>\n<h5 style=\"text-align: left;\">Downloads zur Veranstaltung<\/h5>\n<p><img decoding=\"async\" src=\"https:\/\/i1.wp.com\/www.freidenker.org\/fw17\/wp-content\/uploads\/2017\/10\/pdf_icon-2.png?resize=32%2C32&amp;ssl=1\" \/> <a href=\"https:\/\/www.freidenker.org\/fw17\/wp-content\/uploads\/2019\/12\/rapoport_Plakat.pdf\" target=\"_blank\" rel=\"noopener noreferrer\">Plakat <\/a>(ca. 140 KB)<\/p>\n<p><img decoding=\"async\" src=\"https:\/\/i1.wp.com\/www.freidenker.org\/fw17\/wp-content\/uploads\/2017\/10\/pdf_icon-2.png?resize=32%2C32&amp;ssl=1\" \/> <a href=\"https:\/\/www.freidenker.org\/fw17\/wp-content\/uploads\/2019\/12\/Rapoport_Flugblatt.pdf\" target=\"_blank\" rel=\"noopener noreferrer\">Flugblatt<\/a> (ca. 50 KB)<\/p>\n<p><img decoding=\"async\" src=\"https:\/\/i1.wp.com\/www.freidenker.org\/fw17\/wp-content\/uploads\/2017\/10\/pdf_icon-2.png?resize=32%2C32&amp;ssl=1\" \/> <a href=\"https:\/\/www.freidenker.org\/fw17\/wp-content\/uploads\/2019\/12\/RAP-Programm-Heft-FINAL-V7-uf-20191120Ri-20.11-.pdf\" target=\"_blank\" rel=\"noopener noreferrer\">Programm<\/a> (ca. 190 KB)<\/p>\n<p style=\"text-align: left;\">Nachfragen zur Veranstaltung k\u00f6nnen an Dr. Ulrich Fritsche \u00fcber E-Mail <a href=\"mailto:post@akdiamat.de\" target=\"_blank\" rel=\"noopener noreferrer\">post@akdiamat.de<\/a> gerichtet werden.<\/p>\n","protected":false},"excerpt":{"rendered":"<p>Einladung zur W\u00fcrdigung des \u00c4rzte-Ehepaars Inge und Mitja Rapoport<br \/>\nVorbilder f\u00fcr Humanismus und Antifaschismus \u2013 Medizin heute<br \/>\nOrt: Medizinhistorisches Museum (N30B), Universit\u00e4tsklinikum Hamburg-Eppendorf<br \/>\nMit einer F\u00fchrung durch das Medizinhistorische Museum und Filmvorf\u00fchrung zum Leben von Inge und Mitja Rapoport in verschiedenen Kontinenten: Exil, Flucht, Heimat<\/p>\n","protected":false},"author":3,"featured_media":7262,"comment_status":"closed","ping_status":"closed","sticky":false,"template":"","format":"standard","meta":{"colormag_page_container_layout":"default_layout","colormag_page_sidebar_layout":"default_layout","advanced_seo_description":"","jetpack_seo_html_title":"","jetpack_seo_noindex":false,"jetpack_post_was_ever_published":false,"footnotes":""},"categories":[13,20],"tags":[370,447,257,1723,386,1050],"class_list":["post-7249","post","type-post","status-publish","format-standard","has-post-thumbnail","hentry","category-frieden-antifaschismus-solidaritaet","category-zentrale-veranstaltungen","tag-antifaschismus","tag-hamburg","tag-humanismus","tag-lv-nord","tag-medizin","tag-veranstaltung"],"jetpack_featured_media_url":"https:\/\/i0.wp.com\/www.freidenker.org\/fw17\/wp-content\/uploads\/2019\/12\/Rapoport_Kolloq_Dez2019_800x445.jpg?fit=800%2C445&ssl=1","jetpack_shortlink":"https:\/\/wp.me\/p9stpK-1SV","jetpack-related-posts":[{"id":7590,"url":"https:\/\/www.freidenker.org\/?p=7590","url_meta":{"origin":7249,"position":0},"title":"Freidenker und das Verm\u00e4chtnis der Rapoports","author":"Webredaktion","date":"26. Februar 2020","format":false,"excerpt":"Rede von Klaus Hartmann auf dem Rapoport-Kolloquium am 13.12.2019 in Hamburg Vermutlich stellen sich einige von Ihnen die Frage, was die Freidenker mit dem Inhalt dieser Veranstaltung im Allgemeinen zu tun haben, und was speziell mit Ingeborg und Mitja Rapoport. Daher werde ich etwas dazu sagen, was die Freidenker hierher\u2026","rel":"","context":"In &quot;Frieden - Antifaschismus - Solidarit\u00e4t&quot;","block_context":{"text":"Frieden - Antifaschismus - Solidarit\u00e4t","link":"https:\/\/www.freidenker.org\/?cat=13"},"img":{"alt_text":"","src":"https:\/\/i0.wp.com\/www.freidenker.org\/fw17\/wp-content\/uploads\/2020\/02\/rapoport_rede2.jpg?fit=800%2C445&ssl=1&resize=350%2C200","width":350,"height":200,"srcset":"https:\/\/i0.wp.com\/www.freidenker.org\/fw17\/wp-content\/uploads\/2020\/02\/rapoport_rede2.jpg?fit=800%2C445&ssl=1&resize=350%2C200 1x, https:\/\/i0.wp.com\/www.freidenker.org\/fw17\/wp-content\/uploads\/2020\/02\/rapoport_rede2.jpg?fit=800%2C445&ssl=1&resize=525%2C300 1.5x, https:\/\/i0.wp.com\/www.freidenker.org\/fw17\/wp-content\/uploads\/2020\/02\/rapoport_rede2.jpg?fit=800%2C445&ssl=1&resize=700%2C400 2x"},"classes":[]},{"id":3196,"url":"https:\/\/www.freidenker.org\/?p=3196","url_meta":{"origin":7249,"position":1},"title":"Unterschriftenaktion: Den Krieg gegen Iran verhindern!","author":"Webredaktion","date":"23. August 2010","format":false,"excerpt":"Unterschriftenaktion \"Den Krieg gegen Iran verhindern - Kriegstreiber stoppen, Sanktionen aufheben\" Wir fordern von Bundestag und Bundesregierung: - Stopp aller Sanktionen und sonstigen Kriegsvorbereitungen - keine Beteiligung am milit\u00e4rischen Aufmarsch gegen den Iran - sofortiger Abzug der Bundeswehr aus Afghanistan und dem gesamten Nahen und Mittleren Osten sowie Einstellung aller\u2026","rel":"","context":"In &quot;Frieden - Antifaschismus - Solidarit\u00e4t&quot;","block_context":{"text":"Frieden - Antifaschismus - Solidarit\u00e4t","link":"https:\/\/www.freidenker.org\/?cat=13"},"img":{"alt_text":"","src":"https:\/\/i0.wp.com\/www.freidenker.org\/fw17\/wp-content\/uploads\/2010\/08\/Iran_flag_photo_800x445.jpg?fit=800%2C445&ssl=1&resize=350%2C200","width":350,"height":200,"srcset":"https:\/\/i0.wp.com\/www.freidenker.org\/fw17\/wp-content\/uploads\/2010\/08\/Iran_flag_photo_800x445.jpg?fit=800%2C445&ssl=1&resize=350%2C200 1x, https:\/\/i0.wp.com\/www.freidenker.org\/fw17\/wp-content\/uploads\/2010\/08\/Iran_flag_photo_800x445.jpg?fit=800%2C445&ssl=1&resize=525%2C300 1.5x, https:\/\/i0.wp.com\/www.freidenker.org\/fw17\/wp-content\/uploads\/2010\/08\/Iran_flag_photo_800x445.jpg?fit=800%2C445&ssl=1&resize=700%2C400 2x"},"classes":[]},{"id":17537,"url":"https:\/\/www.freidenker.org\/?p=17537","url_meta":{"origin":7249,"position":2},"title":"Prof. Norman Paech: Nach dem V\u00f6lkerrecht betreibt Israel V\u00f6lkermord","author":"Webredaktion","date":"14. November 2023","format":false,"excerpt":"Video-Interview von Diether Dehm mit Prof. Dr. Norman Paech Der Hamburger Jurist und V\u00f6lkerrechtler Prof. Dr. Norman Paech gibt eine fachkundige Einsch\u00e4tzung zum Vorgehen Israels im Gaza-Streifen. Wie viele internationale Experten sieht auch er die Grenzen legitimer Selbstverteidigung oder auch nur v\u00f6lkerrechtskonformer Kriegsf\u00fchrung durch Israel weit \u00fcberschritten. Er verweist auf\u2026","rel":"","context":"In &quot;Demokratie \u2013 Medien \u2013 Aufkl\u00e4rung&quot;","block_context":{"text":"Demokratie \u2013 Medien \u2013 Aufkl\u00e4rung","link":"https:\/\/www.freidenker.org\/?cat=12"},"img":{"alt_text":"","src":"https:\/\/i0.wp.com\/www.freidenker.org\/fw17\/wp-content\/uploads\/2023\/11\/interview_dehm_paech_800x450.jpg?fit=800%2C450&ssl=1&resize=350%2C200","width":350,"height":200,"srcset":"https:\/\/i0.wp.com\/www.freidenker.org\/fw17\/wp-content\/uploads\/2023\/11\/interview_dehm_paech_800x450.jpg?fit=800%2C450&ssl=1&resize=350%2C200 1x, https:\/\/i0.wp.com\/www.freidenker.org\/fw17\/wp-content\/uploads\/2023\/11\/interview_dehm_paech_800x450.jpg?fit=800%2C450&ssl=1&resize=525%2C300 1.5x, https:\/\/i0.wp.com\/www.freidenker.org\/fw17\/wp-content\/uploads\/2023\/11\/interview_dehm_paech_800x450.jpg?fit=800%2C450&ssl=1&resize=700%2C400 2x"},"classes":[]},{"id":5552,"url":"https:\/\/www.freidenker.org\/?p=5552","url_meta":{"origin":7249,"position":3},"title":"Werbeverbot f\u00fcr dialektischen Materialismus","author":"Webredaktion","date":"10. November 2018","format":false,"excerpt":"Die Verantwortlichen der Technischen Universit\u00e4t Hamburg (TU HH) haben dem \u00bbGespr\u00e4chskreis Dialektik und Materialismus\u00ab die Werbung zu einem wissenschaftlichen Kolloquium mit der Fragestellung \u00bbSelbstorganisation der Materie\u00ab untersagt. Das Kolloquium am 17. November 2018 zur \u201eSelbstorganisation der Materie\u201c mit dem G\u00f6ttinger Wissenschaftler Prof. Christian Joo\u00df besch\u00e4ftigt sich u.a. mit der Herausbildung\u2026","rel":"","context":"In &quot;Demokratie \u2013 Medien \u2013 Aufkl\u00e4rung&quot;","block_context":{"text":"Demokratie \u2013 Medien \u2013 Aufkl\u00e4rung","link":"https:\/\/www.freidenker.org\/?cat=12"},"img":{"alt_text":"","src":"https:\/\/i0.wp.com\/www.freidenker.org\/fw17\/wp-content\/uploads\/2018\/11\/selbstorganisation_Materie_800x445_v2.jpg?fit=800%2C445&ssl=1&resize=350%2C200","width":350,"height":200,"srcset":"https:\/\/i0.wp.com\/www.freidenker.org\/fw17\/wp-content\/uploads\/2018\/11\/selbstorganisation_Materie_800x445_v2.jpg?fit=800%2C445&ssl=1&resize=350%2C200 1x, https:\/\/i0.wp.com\/www.freidenker.org\/fw17\/wp-content\/uploads\/2018\/11\/selbstorganisation_Materie_800x445_v2.jpg?fit=800%2C445&ssl=1&resize=525%2C300 1.5x, https:\/\/i0.wp.com\/www.freidenker.org\/fw17\/wp-content\/uploads\/2018\/11\/selbstorganisation_Materie_800x445_v2.jpg?fit=800%2C445&ssl=1&resize=700%2C400 2x"},"classes":[]},{"id":3292,"url":"https:\/\/www.freidenker.org\/?p=3292","url_meta":{"origin":7249,"position":4},"title":"Ehrendes Gedenken: Prof. Dr. Hans-G\u00fcnter Eschke","author":"Webredaktion","date":"28. November 2007","format":false,"excerpt":"Nachrufe des Bundesvorsitzenden und der DFV-Ortsgruppe Jena auf Hans-G\u00fcnter Eschke Mit Hans-G\u00fcnter Eschke verliert der Deutsche Freidenker-Verband einen sehr verdienstvollen Freund und Genossen, einen Mitstreiter, der seine ganze Pers\u00f6nlichkeit in den Kampf um Aufkl\u00e4rung und Humanismus, gegen Irrationalismus und Volksverdummung einbrachte. Als Professor f\u00fcr Philosophie und anerkannter Hochschullehrer an der\u2026","rel":"","context":"In &quot;Weltliche Trauerkultur&quot;","block_context":{"text":"Weltliche Trauerkultur","link":"https:\/\/www.freidenker.org\/?cat=17"},"img":{"alt_text":"","src":"https:\/\/i0.wp.com\/www.freidenker.org\/fw17\/wp-content\/uploads\/2007\/11\/sunset-473604_800x445.jpg?fit=800%2C445&ssl=1&resize=350%2C200","width":350,"height":200,"srcset":"https:\/\/i0.wp.com\/www.freidenker.org\/fw17\/wp-content\/uploads\/2007\/11\/sunset-473604_800x445.jpg?fit=800%2C445&ssl=1&resize=350%2C200 1x, https:\/\/i0.wp.com\/www.freidenker.org\/fw17\/wp-content\/uploads\/2007\/11\/sunset-473604_800x445.jpg?fit=800%2C445&ssl=1&resize=525%2C300 1.5x, https:\/\/i0.wp.com\/www.freidenker.org\/fw17\/wp-content\/uploads\/2007\/11\/sunset-473604_800x445.jpg?fit=800%2C445&ssl=1&resize=700%2C400 2x"},"classes":[]},{"id":17072,"url":"https:\/\/www.freidenker.org\/?p=17072","url_meta":{"origin":7249,"position":5},"title":"Bj\u00f6rn H\u00f6cke und die AfD &#8211; Neue faschistische Gefahr?!","author":"Webredaktion","date":"25. September 2023","format":false,"excerpt":"Vortr\u00e4ge und Diskussion mit Wolfgang Veiglhuber und Prof. Dr. Klaus Weber Dienstag 26.09.2023, 19:00 Uhr, M\u00fcnchner Aidshilfe, Lindwurmstra\u00dfe 71, 80337 M\u00fcnchen H\u00f6ckes \u00bbsoziale\u00ab und \u00f6konomische Schwerpunkte liegen auf dem Lob der deutschen Marktwirtschaft (mit \u00bbschaffendem Kapital\u00ab gegen einen \u00bbinternationalen Kapitalismus\u00ab) sowie auf der Idee eines homogenen Volkes. Dieses deutsche Volk\u2026","rel":"","context":"In &quot;Veranstaltungen in den DFV-Landesverb\u00e4nden&quot;","block_context":{"text":"Veranstaltungen in den DFV-Landesverb\u00e4nden","link":"https:\/\/www.freidenker.org\/?cat=19"},"img":{"alt_text":"","src":"https:\/\/i0.wp.com\/www.freidenker.org\/fw17\/wp-content\/uploads\/2023\/09\/Hoecke_Veranst_Muenchen.jpg?fit=800%2C450&ssl=1&resize=350%2C200","width":350,"height":200,"srcset":"https:\/\/i0.wp.com\/www.freidenker.org\/fw17\/wp-content\/uploads\/2023\/09\/Hoecke_Veranst_Muenchen.jpg?fit=800%2C450&ssl=1&resize=350%2C200 1x, https:\/\/i0.wp.com\/www.freidenker.org\/fw17\/wp-content\/uploads\/2023\/09\/Hoecke_Veranst_Muenchen.jpg?fit=800%2C450&ssl=1&resize=525%2C300 1.5x, https:\/\/i0.wp.com\/www.freidenker.org\/fw17\/wp-content\/uploads\/2023\/09\/Hoecke_Veranst_Muenchen.jpg?fit=800%2C450&ssl=1&resize=700%2C400 2x"},"classes":[]}],"_links":{"self":[{"href":"https:\/\/www.freidenker.org\/index.php?rest_route=\/wp\/v2\/posts\/7249","targetHints":{"allow":["GET"]}}],"collection":[{"href":"https:\/\/www.freidenker.org\/index.php?rest_route=\/wp\/v2\/posts"}],"about":[{"href":"https:\/\/www.freidenker.org\/index.php?rest_route=\/wp\/v2\/types\/post"}],"author":[{"embeddable":true,"href":"https:\/\/www.freidenker.org\/index.php?rest_route=\/wp\/v2\/users\/3"}],"replies":[{"embeddable":true,"href":"https:\/\/www.freidenker.org\/index.php?rest_route=%2Fwp%2Fv2%2Fcomments&post=7249"}],"version-history":[{"count":0,"href":"https:\/\/www.freidenker.org\/index.php?rest_route=\/wp\/v2\/posts\/7249\/revisions"}],"wp:featuredmedia":[{"embeddable":true,"href":"https:\/\/www.freidenker.org\/index.php?rest_route=\/wp\/v2\/media\/7262"}],"wp:attachment":[{"href":"https:\/\/www.freidenker.org\/index.php?rest_route=%2Fwp%2Fv2%2Fmedia&parent=7249"}],"wp:term":[{"taxonomy":"category","embeddable":true,"href":"https:\/\/www.freidenker.org\/index.php?rest_route=%2Fwp%2Fv2%2Fcategories&post=7249"},{"taxonomy":"post_tag","embeddable":true,"href":"https:\/\/www.freidenker.org\/index.php?rest_route=%2Fwp%2Fv2%2Ftags&post=7249"}],"curies":[{"name":"wp","href":"https:\/\/api.w.org\/{rel}","templated":true}]}}