{"id":723,"date":"2009-12-16T13:59:43","date_gmt":"2009-12-16T12:59:43","guid":{"rendered":"http:\/\/www.freidenker.org\/fw17\/?p=723"},"modified":"2017-12-28T00:00:47","modified_gmt":"2017-12-27T23:00:47","slug":"krise-widerstand","status":"publish","type":"post","link":"https:\/\/www.freidenker.org\/?p=723","title":{"rendered":"FREIDENKER 4-09 &#8211; Krise &#8211; Widerstand!"},"content":{"rendered":"<h5><strong>Inhalt:<\/strong> Editorial -Thema:<\/h5>\n<p>Rainer Thiel: Finanzkrise: Markt, Konkurrenz und Eigentum | Dieter Hillebrenner: Arbeiterklasse heute | Werner Seppmann: Krise ohne Widerstand? | Erich Hahn: ,Erinnerungsschlacht\u2018 und Weltanschauung | Klaus Hartmann: Krise im Kopf<\/p>\n<p><strong>Meldungen, Meinungen<\/strong><br \/>\nDie Proteste im Iran und der deutsche Imperialismus<br \/>\nWiderspruch zu George Pumphrey<br \/>\nDer L\u00fcgenbaron<br \/>\nWas ist gute Arbeit?<br \/>\nAus den Landesverb\u00e4nden<\/p>\n<p><strong>Chronik<\/strong><br \/>\nTagung des Verbandsvorstandes<br \/>\nAufruf zur Luxemburg-Liebknecht-Demonstration<br \/>\nAbriss der Th\u00e4lmann-Gedenkst\u00e4tte in Ziegenhals verhindern<br \/>\nAnti-NATO-Protest in M\u00fcnchen<br \/>\nB\u00fccher f\u00fcr Freidenker<br \/>\nAnschriften, Impressum<br \/>\nWertegemeinschaft<\/p>\n<p>&nbsp;<\/p>\n","protected":false},"excerpt":{"rendered":"<p><strong>Die Ausgabe 4-09 des Verbandsorgans FREIDENKER hat das Schwerpunkt-Thema \u201eKrise &#8211; Widerstand!\u201c und enth\u00e4lt u.a folgende Beitr\u00e4ge:<\/strong><br \/>\n&#8211; Rainer Thiel: Finanzkrise: Markt, Konkurrenz und Eigentum<br \/>\n&#8211; Dieter Hillebrenner: Arbeiterklasse heute<br \/>\n&#8211; Werner Seppmann: Krise ohne Widerstand?<br \/>\n&#8211; Erich Hahn: ,Erinnerungsschlacht\u2018 und Weltanschauung<br \/>\n&#8211; Klaus Hartmann: Krise im Kopf<\/p>\n","protected":false},"author":2,"featured_media":2535,"comment_status":"closed","ping_status":"closed","sticky":false,"template":"","format":"standard","meta":{"colormag_page_container_layout":"default_layout","colormag_page_sidebar_layout":"default_layout","advanced_seo_description":"","jetpack_seo_html_title":"","jetpack_seo_noindex":false,"jetpack_post_was_ever_published":false,"footnotes":""},"categories":[8],"tags":[26,180,489],"class_list":["post-723","post","type-post","status-publish","format-standard","has-post-thumbnail","hentry","category-verbandsorgan-freidenker","tag-freidenker","tag-krise","tag-widerstand"],"jetpack_featured_media_url":"https:\/\/i0.wp.com\/www.freidenker.org\/fw17\/wp-content\/uploads\/2017\/12\/FD_2009-04_Titel_mR.jpg?fit=800%2C445&ssl=1","jetpack_shortlink":"https:\/\/wp.me\/p9stpK-bF","jetpack-related-posts":[{"id":754,"url":"https:\/\/www.freidenker.org\/?p=754","url_meta":{"origin":723,"position":0},"title":"FREIDENKER 1-12 &#8211; Unser Geld, die EU und die Krise","author":"Webmaster","date":"16. M\u00e4rz 2012","format":false,"excerpt":"Die Ausgabe 1-12 des Verbandsorgans FREIDENKER hat das Schwerpunkt-Thema \u201eUnser Geld, die EU und die Krise\u201c und enth\u00e4lt u.a folgende Beitr\u00e4ge: - Andreas Wehr: Krise, EURO und EU - Emmanuel Korakis: Solidarit\u00e4t mit den streikenden griechischen Stahlarbeitern - Jan Bretschneider: Was sind Ratingagenturen? - Tobias Baumann: (Finanzmarkt-)Krise: Die progressiven L\u00e4nder\u2026","rel":"","context":"In &quot;Verbandsorgan FREIDENKER&quot;","block_context":{"text":"Verbandsorgan FREIDENKER","link":"https:\/\/www.freidenker.org\/?cat=8"},"img":{"alt_text":"","src":"https:\/\/i0.wp.com\/www.freidenker.org\/fw17\/wp-content\/uploads\/2017\/12\/FD_2012-01_Titel_mR.jpg?fit=800%2C445&ssl=1&resize=350%2C200","width":350,"height":200,"srcset":"https:\/\/i0.wp.com\/www.freidenker.org\/fw17\/wp-content\/uploads\/2017\/12\/FD_2012-01_Titel_mR.jpg?fit=800%2C445&ssl=1&resize=350%2C200 1x, https:\/\/i0.wp.com\/www.freidenker.org\/fw17\/wp-content\/uploads\/2017\/12\/FD_2012-01_Titel_mR.jpg?fit=800%2C445&ssl=1&resize=525%2C300 1.5x, https:\/\/i0.wp.com\/www.freidenker.org\/fw17\/wp-content\/uploads\/2017\/12\/FD_2012-01_Titel_mR.jpg?fit=800%2C445&ssl=1&resize=700%2C400 2x"},"classes":[]},{"id":733,"url":"https:\/\/www.freidenker.org\/?p=733","url_meta":{"origin":723,"position":1},"title":"FREIDENKER 4-10 &#8211; Friedrich Engels 1820-1895","author":"Webmaster","date":"16. Dezember 2010","format":false,"excerpt":"Die Ausgabe 4-10 des Verbandsorgans FREIDENKER hat das Schwerpunkt-Thema \u201eFriedrich Engels 1820-1895\u201c und enth\u00e4lt u.a folgende Beitr\u00e4ge: - Horst Schild: Kann wissenschaftlicher Fortschritt den Atheismus infrage stellen - Helga E. H\u00f6rz\/Herbert H\u00f6rz: Seelsorge: ein Monopol f\u00fcr Religionen? - Erich Hahn: Wissenschaftlicher Sozialismus - Rainer Thiel: Friedrich Engels und die Dialektik\u2026","rel":"","context":"In &quot;Verbandsorgan FREIDENKER&quot;","block_context":{"text":"Verbandsorgan FREIDENKER","link":"https:\/\/www.freidenker.org\/?cat=8"},"img":{"alt_text":"","src":"https:\/\/i0.wp.com\/www.freidenker.org\/fw17\/wp-content\/uploads\/2017\/12\/FD_2010-04_Titel_mR.jpg?fit=800%2C445&ssl=1&resize=350%2C200","width":350,"height":200,"srcset":"https:\/\/i0.wp.com\/www.freidenker.org\/fw17\/wp-content\/uploads\/2017\/12\/FD_2010-04_Titel_mR.jpg?fit=800%2C445&ssl=1&resize=350%2C200 1x, https:\/\/i0.wp.com\/www.freidenker.org\/fw17\/wp-content\/uploads\/2017\/12\/FD_2010-04_Titel_mR.jpg?fit=800%2C445&ssl=1&resize=525%2C300 1.5x, https:\/\/i0.wp.com\/www.freidenker.org\/fw17\/wp-content\/uploads\/2017\/12\/FD_2010-04_Titel_mR.jpg?fit=800%2C445&ssl=1&resize=700%2C400 2x"},"classes":[]},{"id":19927,"url":"https:\/\/www.freidenker.org\/?p=19927","url_meta":{"origin":723,"position":2},"title":"FREIDENKER 3-24 EXTRA \u2013 Deindustrialisierung","author":"Webredaktion","date":"27. September 2024","format":false,"excerpt":"Die Ausgabe 3-24 EXTRA des Verbandsorgans FREIDENKER hat das Schwerpunkt-Thema \u201eDeindustrialisierung\u201c und enth\u00e4lt u.a. folgende Beitr\u00e4ge: - Klaus Hartmann: Die Ideologie der Produktivkraftvernichtung - Manfred Sohn: Der Abstieg von \u201eMade in Germany\u201c \u2013 Aspekte der Deindustrialisierung des imperialistischen Deutschlands - Wolfgang Beck: Alles hat ein Ende \u2013 auch die Marktwirtschaft\u2026","rel":"","context":"In &quot;Verbandsorgan FREIDENKER&quot;","block_context":{"text":"Verbandsorgan FREIDENKER","link":"https:\/\/www.freidenker.org\/?cat=8"},"img":{"alt_text":"","src":"https:\/\/i0.wp.com\/www.freidenker.org\/fw17\/wp-content\/uploads\/2024\/09\/FD_2024-03_Titel_mR.jpg?fit=800%2C445&ssl=1&resize=350%2C200","width":350,"height":200,"srcset":"https:\/\/i0.wp.com\/www.freidenker.org\/fw17\/wp-content\/uploads\/2024\/09\/FD_2024-03_Titel_mR.jpg?fit=800%2C445&ssl=1&resize=350%2C200 1x, https:\/\/i0.wp.com\/www.freidenker.org\/fw17\/wp-content\/uploads\/2024\/09\/FD_2024-03_Titel_mR.jpg?fit=800%2C445&ssl=1&resize=525%2C300 1.5x, https:\/\/i0.wp.com\/www.freidenker.org\/fw17\/wp-content\/uploads\/2024\/09\/FD_2024-03_Titel_mR.jpg?fit=800%2C445&ssl=1&resize=700%2C400 2x"},"classes":[]},{"id":3241,"url":"https:\/\/www.freidenker.org\/?p=3241","url_meta":{"origin":723,"position":3},"title":"Erkl\u00e4rung des Verbandtages 2009","author":"Webredaktion","date":"26. Mai 2009","format":false,"excerpt":"Bericht der jungen Welt \u00fcber den Verbandstag 2009 des DFV Am Wochenende tagte in Berlin der Verbandstag des Deutschen Freidenkerverbandes. Er beschlo\u00df am Freitag folgende Erkl\u00e4rung: \"Wir betrachten Aufkl\u00e4rung als die Hauptaufgabe unserer weltanschaulichen T\u00e4tigkeit. Unsere programmatische Erkl\u00e4rung von 1994 formulierte die angesichts der Wirtschaftskrise h\u00f6chst aktuelle Aussage: \u00bbFreidenkerinnen und\u2026","rel":"","context":"In &quot;Positionen&quot;","block_context":{"text":"Positionen","link":"https:\/\/www.freidenker.org\/?cat=210"},"img":{"alt_text":"","src":"https:\/\/i0.wp.com\/www.freidenker.org\/fw17\/wp-content\/uploads\/2009\/05\/vt_2009_delegierte.jpg?fit=800%2C445&ssl=1&resize=350%2C200","width":350,"height":200,"srcset":"https:\/\/i0.wp.com\/www.freidenker.org\/fw17\/wp-content\/uploads\/2009\/05\/vt_2009_delegierte.jpg?fit=800%2C445&ssl=1&resize=350%2C200 1x, https:\/\/i0.wp.com\/www.freidenker.org\/fw17\/wp-content\/uploads\/2009\/05\/vt_2009_delegierte.jpg?fit=800%2C445&ssl=1&resize=525%2C300 1.5x, https:\/\/i0.wp.com\/www.freidenker.org\/fw17\/wp-content\/uploads\/2009\/05\/vt_2009_delegierte.jpg?fit=800%2C445&ssl=1&resize=700%2C400 2x"},"classes":[]},{"id":775,"url":"https:\/\/www.freidenker.org\/?p=775","url_meta":{"origin":723,"position":4},"title":"FREIDENKER 2-13 &#8211; Kunst &#8211; Anpassung &#8211; Widerstand","author":"Webmaster","date":"16. Juni 2013","format":false,"excerpt":"Die Ausgabe 2-13 des Verbandsorgans FREIDENKER hat das Schwerpunkt-Thema \u201eKunst - Anpassung - Widerstand\u201c und enth\u00e4lt u.a folgende Beitr\u00e4ge: - J\u00fcrgen Meier: Was ist gute \/ fortschrittliche Kunst? - Thomas Metscher: \u00c4sthetik und Imperialismus - Werner Seppmann: \u00c4sthetik ohne Widerstand: Das Beispiel Documenta - Hans-G\u00fcnther Dicks: Wa(h)re Filmkunst, falsche F\u00e4lschung\u2026","rel":"","context":"In &quot;Verbandsorgan FREIDENKER&quot;","block_context":{"text":"Verbandsorgan FREIDENKER","link":"https:\/\/www.freidenker.org\/?cat=8"},"img":{"alt_text":"","src":"https:\/\/i0.wp.com\/www.freidenker.org\/fw17\/wp-content\/uploads\/2017\/12\/FD_2013-02_Titel_mR.jpg?fit=800%2C445&ssl=1&resize=350%2C200","width":350,"height":200,"srcset":"https:\/\/i0.wp.com\/www.freidenker.org\/fw17\/wp-content\/uploads\/2017\/12\/FD_2013-02_Titel_mR.jpg?fit=800%2C445&ssl=1&resize=350%2C200 1x, https:\/\/i0.wp.com\/www.freidenker.org\/fw17\/wp-content\/uploads\/2017\/12\/FD_2013-02_Titel_mR.jpg?fit=800%2C445&ssl=1&resize=525%2C300 1.5x, https:\/\/i0.wp.com\/www.freidenker.org\/fw17\/wp-content\/uploads\/2017\/12\/FD_2013-02_Titel_mR.jpg?fit=800%2C445&ssl=1&resize=700%2C400 2x"},"classes":[]},{"id":795,"url":"https:\/\/www.freidenker.org\/?p=795","url_meta":{"origin":723,"position":5},"title":"FREIDENKER 1-14 &#8211; Realit\u00e4t und Ideologien zwischen Fortschritt und Reaktion","author":"Webmaster","date":"16. April 2014","format":false,"excerpt":"Die Ausgabe 1-14 des Verbandsorgans FREIDENKER hat das Schwerpunkt-Thema \u201eRealit\u00e4t und Ideologien zwischen Fortschritt und Reaktion\u201c und enth\u00e4lt u.a folgende Beitr\u00e4ge: - DFV zur Krise in der Ukraine: Der Aggressor hei\u00dft NATO - Sebastian Bahlo: Heimat und Patriotismus \u2013 Unworte f\u00fcr Internationalisten? - Andreas Wehr: Der europ\u00e4ische Traum und die\u2026","rel":"","context":"In &quot;Verbandsorgan FREIDENKER&quot;","block_context":{"text":"Verbandsorgan FREIDENKER","link":"https:\/\/www.freidenker.org\/?cat=8"},"img":{"alt_text":"","src":"https:\/\/i0.wp.com\/www.freidenker.org\/fw17\/wp-content\/uploads\/2017\/12\/FD_2014-01_Titel_mR.jpg?fit=800%2C445&ssl=1&resize=350%2C200","width":350,"height":200,"srcset":"https:\/\/i0.wp.com\/www.freidenker.org\/fw17\/wp-content\/uploads\/2017\/12\/FD_2014-01_Titel_mR.jpg?fit=800%2C445&ssl=1&resize=350%2C200 1x, https:\/\/i0.wp.com\/www.freidenker.org\/fw17\/wp-content\/uploads\/2017\/12\/FD_2014-01_Titel_mR.jpg?fit=800%2C445&ssl=1&resize=525%2C300 1.5x, https:\/\/i0.wp.com\/www.freidenker.org\/fw17\/wp-content\/uploads\/2017\/12\/FD_2014-01_Titel_mR.jpg?fit=800%2C445&ssl=1&resize=700%2C400 2x"},"classes":[]}],"_links":{"self":[{"href":"https:\/\/www.freidenker.org\/index.php?rest_route=\/wp\/v2\/posts\/723","targetHints":{"allow":["GET"]}}],"collection":[{"href":"https:\/\/www.freidenker.org\/index.php?rest_route=\/wp\/v2\/posts"}],"about":[{"href":"https:\/\/www.freidenker.org\/index.php?rest_route=\/wp\/v2\/types\/post"}],"author":[{"embeddable":true,"href":"https:\/\/www.freidenker.org\/index.php?rest_route=\/wp\/v2\/users\/2"}],"replies":[{"embeddable":true,"href":"https:\/\/www.freidenker.org\/index.php?rest_route=%2Fwp%2Fv2%2Fcomments&post=723"}],"version-history":[{"count":0,"href":"https:\/\/www.freidenker.org\/index.php?rest_route=\/wp\/v2\/posts\/723\/revisions"}],"wp:featuredmedia":[{"embeddable":true,"href":"https:\/\/www.freidenker.org\/index.php?rest_route=\/wp\/v2\/media\/2535"}],"wp:attachment":[{"href":"https:\/\/www.freidenker.org\/index.php?rest_route=%2Fwp%2Fv2%2Fmedia&parent=723"}],"wp:term":[{"taxonomy":"category","embeddable":true,"href":"https:\/\/www.freidenker.org\/index.php?rest_route=%2Fwp%2Fv2%2Fcategories&post=723"},{"taxonomy":"post_tag","embeddable":true,"href":"https:\/\/www.freidenker.org\/index.php?rest_route=%2Fwp%2Fv2%2Ftags&post=723"}],"curies":[{"name":"wp","href":"https:\/\/api.w.org\/{rel}","templated":true}]}}