{"id":7199,"date":"2019-11-12T00:27:22","date_gmt":"2019-11-11T23:27:22","guid":{"rendered":"https:\/\/www.freidenker.org\/?p=7199"},"modified":"2019-12-17T23:59:47","modified_gmt":"2019-12-17T22:59:47","slug":"nach-1989-begann-ein-existentieller-konkurrenzkampf","status":"publish","type":"post","link":"https:\/\/www.freidenker.org\/?p=7199","title":{"rendered":"Nach 1989 begann ein existentieller Konkurrenzkampf"},"content":{"rendered":"<p><em><span class=\"text_small\"><strong>Johanna Arndt<\/strong> \u2013 interviewt von <strong>Peter Betscher<\/strong><br \/>\nAnl\u00e4sslich eines Abends mit Johanna Arndt, Anna von Rohden und Nicolas Miquea in Darmstadt<br \/>\n<\/span> <\/em><\/p>\n<p>(Erstver\u00f6ffentlichung in der <a href=\"http:\/\/www.nrhz.de\/flyer\/beitrag.php?id=26249\" target=\"_blank\" rel=\"noopener noreferrer\">NRhZ, <span class=\"text_small_linespace\">Online-Flyer Nr. 721\u00a0 vom 02.10.2019<\/span><\/a>)<\/p>\n<p>Am 25. September 2019 fand der gemeinsame Auftritt von Johanna Arndt, Anna von Rohden und Nicolas Miquea in Darmstadt in der Bessunger Knabenschule statt \u2013 veranstaltet vom Deutschen Freidenker-Verband, vom Bundesverband Arbeiterfotografie, von der DKP und der LINKEN. Das Motto des Abends lautete: &#8222;Ich schreibe, um zu leben &#8211; Gef\u00e4ngnisbriefe, Betrachtungen und Lieder&#8220;.<\/p>\n<p>Johanna Arndt absolvierte ihr Studium an der Hanns-Eisler-Musikhochschule in Berlin. Sie machte ihren Soloabschluss als Chanson- und Musicalinterpretin und beendete ihr Studium als Gesangsp\u00e4dagogin. Sie belegte bei Gisela May Interpretationskurse. Engagements als Solistin des Staatlichen Folkloreensembles der DDR und des Zentralen Orchesters der NVA lie\u00dfen nicht lange auf sich warten. Es folgten Funk- und Fernsehaufnahmen und Konzerttourneen in Mozambique, Madagaskar, VR Jemen, VR Korea, Kuba, Polen, Finnland und Russland. Nach einem weiterem Studium an der Hochschule der K\u00fcnste in Berlin erhielt sie ihren Abschluss als Spielleiter und Theaterp\u00e4dagogin. Johanna Arndt ist Preistr\u00e4gerin der Chanson-Tage der DDR. Nach 1989 unternahm sie Tourneen in Japan, der Schweiz und im Bundesgebiet. Neben ihren eigenen Auftritten f\u00fchrt sie Chanson-Workshops durch. Peter Betscher f\u00fchrte mit Johanna Arndt ein Interview.<\/p>\n<p><em><strong>Du bist in der DDR sozialisiert und ausgebildet worden. Was hat sich nach 1989 f\u00fcr Dich als K\u00fcnstlerin ver\u00e4ndert?<\/strong><\/em><\/p>\n<p>Von 1980 bis 2001 war ich an der Universit\u00e4t in Potsdam in der Musiklehrerausbildung t\u00e4tig. Nach 1989 wurden die leitenden Stellen von westdeutschen Professoren und Mitarbeitern besetzt. Es begann ein harter Konkurrenzkampf, bei dem es bei uns Ossis um die zuk\u00fcnftige berufliche Existenz ging.<\/p>\n<p>Da ich neben meiner p\u00e4dagogischen T\u00e4tigkeit st\u00e4ndig eigene Konzerte gab und mit literarisch-musikalischen Programmen aufgetreten bin, hat sich auch bei dieser k\u00fcnstlerischen Arbeit nach 1989 viel ver\u00e4ndert. Nach dem ersten freundlichen Interesse und der Neugier auf uns Ossis im westlichen Deutschland kam es auch hier zu einem harten Konkurrenzkampf. Chancen hatten vor allem K\u00fcnstler, die sich gut verkaufen und gut f\u00fcr sich werben konnten. Das mussten wir erst lernen. Mir ist es durch pers\u00f6nliche Kontakte gelungen, meine Programme in ganz Deutschland und der Schweiz aufzuf\u00fchren.<\/p>\n<p><strong><em>Als K\u00fcnstlerin in der DDR warst Du auf Konzerttourneen in der ganzen Welt u.a. in der Volksrepublik Jemen. Nach 1989 warst Du u.a. auf Konzertreise in Japan. Wie kam es dazu?<\/em> <\/strong><\/p>\n<p>1974 war ich mit dem staatlichen Folkloreensemble der DDR in Nordkorea. Das koreanische Publikum am\u00fcsierte sich k\u00f6stlich und lachte \u00fcber die b\u00e4uerischen Formen der deutschen mittelalterlichen T\u00e4nze. Der Personenkult um Kim il Sung war zwar immer pr\u00e4sent und die Bev\u00f6lkerung gleichgeschaltet. Aber ich hatte den Eindruck, dass die Bev\u00f6lkerung nicht ungl\u00fccklich war. Die Menschen waren h\u00f6flich, freundlich, offenherzig und flei\u00dfig. Zum Beispiel der Dolmetscher hatte sich Deutsch ganz allein erarbeitet. Er scherzte und lachte gern.<\/p>\n<p>Von 1976 bis 1980 war ich Gesangssolistin bei zentralen Orchester der NVA (Nationale Verteidigungs-Armee, Anm.d.R.). Unter der Leitung von Generalmusikdirektor Oberst Baumann hatte ich das Gl\u00fcck, mit diesem hervorragenden Klangk\u00f6rper in viele L\u00e4nder zu reisen.<\/p>\n<p>In Mozambique beeindruckte mich die H\u00f6flichkeit von Samora Machel. Er gratulierte jedem unserer 80 Musiker und sch\u00fcttelte jedem die Hand. Die jungen K\u00e4mpfer und K\u00e4mpferinnen riefen im Chor: &#8222;Nieder mit dem Imperialismus \u2013 Hoch die internationale Solidarit\u00e4t&#8220;. Es war f\u00fcr mich unvorstellbar, dass dieses Land wieder dem Neokolonialismus T\u00fcr und Tor \u00f6ffnete.<\/p>\n<p>Die Volksrepublik Jemen war w\u00e4hrend unseres Besuches noch sehr r\u00fcckst\u00e4ndig und mit den muslimischen Traditionen verwachsen. Viele Frauen gingen verschleiert. Viele waren europ\u00e4isch gekleidet. Unser Dolmetscher, der acht Kinder hatte, f\u00fchrte uns in Aden ins Museum. Dort wurden traditionelle Instrumente der j\u00fcngsten Vergangenheit gezeigt, z.B. zur Genitalbeschneidung von M\u00e4dchen.<\/p>\n<p>Unser Konzert war in einer w\u00fcsten\u00e4hnlichen Landschaft unter freiem Himmel. Nie wieder hab ich die Sterne so deutlich und nah gesehen. Heute ist Deutschland durch Lieferung von Waffen und Kriegsschiffen indirekt am grausamen Krieg in Jemen beteiligt. Durch deutsche Schiffe (von den Arabern gekauft) wird die Verteilung von Hilfsg\u00fctern verhindert. In Jemen verhungern die Menschen. Vor allem trifft es Kinder.<\/p>\n<p>Madagaskar ist ein wundersch\u00f6nes Land mit roter Erde und gr\u00fcnen Urw\u00e4ldern. Die Menschen sind sehr arm aber fr\u00f6hlich und aufgeschlossen. Sie sind von nat\u00fcrlicher Sch\u00f6nheit und Eleganz. Es gab keine Kulturh\u00e4user oder Theater. Unsere Konzerte fanden in Sporthallen statt. Sie waren \u00fcberf\u00fcllt. Die Kinder sa\u00dfen vo9r uns auf der Erde. Die Begeisterung des Publikums war wunderbar und unvergesslich.<\/p>\n<p>In Kairo kam es f\u00fcr uns zu einem lebensbedrohlichen Zwischenfall. Gamal Abdel Nasser war von Anwar as-Sadat abgel\u00f6st worden. Wir hatten Aufenthalt auf dem Flugplatz von Kairo. Unsere sowjetische Maschine war auf dem Flug nach Moskau. Man lie\u00df uns zwei Stunden in gl\u00fchender Hitze stehen, bewacht von Wachposten mit auf uns gerichteten Maschinenpistolen. Das Flugzeug heizte sich so auf, dass viele von uns ohnm\u00e4chtig wurden. Ich musste mich \u00fcbergeben und hatte wahnsinnige Kopfschmerzen.<\/p>\n<p>Nach Japan kam ich durch eine pers\u00f6nliche Einladung. Eine japanische Chanson-Interpretin kam einige Jahe zum Unterricht\u00a0 zu mir in die Hanns-Eisler-Musikhochschule. Sie organisierte in Japan einen Chanson-Workshop mit anschlie\u00dfendem Konzert. Die Teilnehmerinnen und Teilnehmer waren sehr, sehr gut vorbereitet und sangen Brechtsongs in deutscher Sprache. Das anschlie\u00dfende Konzert von mir war ein gro\u00dfer Erfolg und in youtube anzusehen.<br \/>\n<strong><br \/>\n<em>Du gibst Dein Wissen in Chanson-Werkst\u00e4tten an die j\u00fcngere Generation weiter. Wie ist Deine Einsch\u00e4tzung der politischen Kultur in der BRD?<\/em><\/strong><\/p>\n<p>Durch die Berieselung durch das Fernsehen werden die Menschen abgestumpft und mit Kriminal- und Horrorfilmen von den gesellschaftlichen Problemen abgelenkt. Anspruchsvolle Konzert- und Theaterbesuche sind teuer und nur f\u00fcr Gutverdiener m\u00f6glich. Junge Leute gehen zu Partys oder zu Popmusik. Die 30- bis 50j\u00e4hrigen haben Familien- und Arbeitsstress. Die Generation 50+ ist das Hauptpublikum f\u00fcr Schlager- und Volksmusik und linke Erinnerungskultur.<\/p>\n<p><em><strong>Wie kam es zur Zusammenarbeit mit der Pianistin Anna von Rhoden?<\/strong><\/em><\/p>\n<p>Anna von Rhoden ist mit Nicolas Miquea befreundet. Durch ihn lernte ich sie kennen.<\/p>\n<p><em><strong>Was hat Dich veranlasst dieses Programm \u201eIch schreibe, um zu leben\u201c zu machen?<\/strong><\/em><\/p>\n<p>Die Gef\u00e4ngnisbriefe haben mich sehr interessiert und ber\u00fchrt.<\/p>\n<p><em><strong>Wie bist Du zur Auswahl der vier Personen f\u00fcr die Gef\u00e4ngnisbriefe gekommen?<\/strong><\/em><\/p>\n<p>Ich habe viele Gef\u00e4ngnisbriefe gelesen und mich dann f\u00fcr die jetzige Auswahl entschieden.<\/p>\n<p><em><strong>Was hat Dich bewogen ein gemeinsames Programm mit dem Liedermacher Nicolas Miquea zu machen?<\/strong><\/em><\/p>\n<p>Nicolas wohnt als Untermieter im Dachausbau unseres Hauses. Deshalb kam es ganz nat\u00fcrlich zu unserer Zusammenarbeit. Da ich ihn sehr sch\u00e4tze, bin ich gl\u00fccklich dar\u00fcber.<\/p>\n<hr \/>\n<h5><strong>Der Auftritt von Johanna Arndt und Anna von Rohden als Video:<\/strong><\/h5>\n<div class=\"jetpack-video-wrapper\"><span class=\"embed-youtube\" style=\"text-align:center; display: block;\"><iframe loading=\"lazy\" class=\"youtube-player\" width=\"800\" height=\"450\" src=\"https:\/\/www.youtube.com\/embed\/AVdvkriFB0Y?version=3&#038;rel=1&#038;showsearch=0&#038;showinfo=1&#038;iv_load_policy=1&#038;fs=1&#038;hl=de-DE&#038;autohide=2&#038;wmode=transparent\" allowfullscreen=\"true\" style=\"border:0;\" sandbox=\"allow-scripts allow-same-origin allow-popups allow-presentation allow-popups-to-escape-sandbox\"><\/iframe><\/span><\/div>\n<hr \/>\n<p><span style=\"font-size: 10pt;\">Bild oben: Johanna Arndt am 25.9.2019 in Darmstadt<br \/>\nFoto: Screenshot aus dem Video, \u00a9 arbeiterfotografie.com<\/span><\/p>\n","protected":false},"excerpt":{"rendered":"<p>Am 25. September 2019 fand der gemeinsame Auftritt von Johanna Arndt, Anna von Rohden und Nicolas Miquea in Darmstadt in der Bessunger Knabenschule statt \u2013 veranstaltet vom Deutschen Freidenker-Verband, vom Bundesverband Arbeiterfotografie, von der DKP und der LINKEN. Das Motto des Abends lautete: &#8222;Ich schreibe, um zu leben &#8211; Gef\u00e4ngnisbriefe, Betrachtungen und Lieder&#8220;.<br \/>\n<b>Johanna Arndt<\/b> absolvierte ihr Studium an der Hanns-Eisler-Musikhochschule in Berlin. Sie machte ihren Soloabschluss als Chanson- und Musicalinterpretin und beendete ihr Studium als Gesangsp\u00e4dagogin. &#8230; Peter Betscher f\u00fchrte mit Johanna Arndt ein Interview.<\/p>\n","protected":false},"author":3,"featured_media":7201,"comment_status":"closed","ping_status":"closed","sticky":false,"template":"","format":"standard","meta":{"colormag_page_container_layout":"default_layout","colormag_page_sidebar_layout":"default_layout","advanced_seo_description":"","jetpack_seo_html_title":"","jetpack_seo_noindex":false,"jetpack_post_was_ever_published":false,"footnotes":""},"categories":[913,19],"tags":[1206,454,62,668,825,1050],"class_list":["post-7199","post","type-post","status-publish","format-standard","has-post-thumbnail","hentry","category-kultur-kunst","category-veranstaltungen-in-den-dfv-landesverbaenden","tag-chanson","tag-ddr","tag-interview","tag-kultur","tag-politisches-lied","tag-veranstaltung"],"jetpack_featured_media_url":"https:\/\/i0.wp.com\/www.freidenker.org\/fw17\/wp-content\/uploads\/2019\/11\/johanna_arndt_scr3_800x445.jpg?fit=800%2C445&ssl=1","jetpack_shortlink":"https:\/\/wp.me\/p9stpK-1S7","jetpack-related-posts":[{"id":6946,"url":"https:\/\/www.freidenker.org\/?p=6946","url_meta":{"origin":7199,"position":0},"title":"Konzert: Ich schreibe, um zu leben","author":"Webredaktion","date":"12. September 2019","format":false,"excerpt":"Doppelkonzert am 25.09.2019 in Darmstadt Im ersten Teil des Konzertes tr\u00e4gt Johanna Arndt Briefe aus Gef\u00e4ngnissen von Rosa Luxemburg, Ernst Th\u00e4lmann, Dietrich Bonhoeffer und Mumia Abu Jamal vor und singt dazwischen Lieder von Hanns Eisler mit Texten von Bert Brecht und ein Lied von Mordechaj Gebirtig begleitet von Anna von\u2026","rel":"","context":"In &quot;Kultur &amp; Kunst&quot;","block_context":{"text":"Kultur &amp; Kunst","link":"https:\/\/www.freidenker.org\/?cat=913"},"img":{"alt_text":"","src":"https:\/\/i0.wp.com\/www.freidenker.org\/fw17\/wp-content\/uploads\/2019\/09\/johanna-Nicolas2.jpg?fit=800%2C445&ssl=1&resize=350%2C200","width":350,"height":200,"srcset":"https:\/\/i0.wp.com\/www.freidenker.org\/fw17\/wp-content\/uploads\/2019\/09\/johanna-Nicolas2.jpg?fit=800%2C445&ssl=1&resize=350%2C200 1x, https:\/\/i0.wp.com\/www.freidenker.org\/fw17\/wp-content\/uploads\/2019\/09\/johanna-Nicolas2.jpg?fit=800%2C445&ssl=1&resize=525%2C300 1.5x, https:\/\/i0.wp.com\/www.freidenker.org\/fw17\/wp-content\/uploads\/2019\/09\/johanna-Nicolas2.jpg?fit=800%2C445&ssl=1&resize=700%2C400 2x"},"classes":[]},{"id":7193,"url":"https:\/\/www.freidenker.org\/?p=7193","url_meta":{"origin":7199,"position":1},"title":"Ich bin Antiimperialist und Antikapitalist","author":"Webredaktion","date":"12. November 2019","format":false,"excerpt":"Am 25. September 2019 fand der gemeinsame Auftritt von Johanna Arndt, Anna von Rohden und Nicolas Miquea in Darmstadt in der Bessunger Knabenschule statt \u2013 veranstaltet vom Deutschen Freidenker-Verband, vom Bundesverband Arbeiterfotografie, von der DKP und der LINKEN. Das Motto des Abends lautete: \"Ich schreibe, um zu leben - Gef\u00e4ngnisbriefe,\u2026","rel":"","context":"In &quot;Kultur &amp; Kunst&quot;","block_context":{"text":"Kultur &amp; Kunst","link":"https:\/\/www.freidenker.org\/?cat=913"},"img":{"alt_text":"","src":"https:\/\/i0.wp.com\/www.freidenker.org\/fw17\/wp-content\/uploads\/2019\/11\/nicolas_miquea_800x445.jpg?fit=800%2C445&ssl=1&resize=350%2C200","width":350,"height":200,"srcset":"https:\/\/i0.wp.com\/www.freidenker.org\/fw17\/wp-content\/uploads\/2019\/11\/nicolas_miquea_800x445.jpg?fit=800%2C445&ssl=1&resize=350%2C200 1x, https:\/\/i0.wp.com\/www.freidenker.org\/fw17\/wp-content\/uploads\/2019\/11\/nicolas_miquea_800x445.jpg?fit=800%2C445&ssl=1&resize=525%2C300 1.5x, https:\/\/i0.wp.com\/www.freidenker.org\/fw17\/wp-content\/uploads\/2019\/11\/nicolas_miquea_800x445.jpg?fit=800%2C445&ssl=1&resize=700%2C400 2x"},"classes":[]},{"id":20481,"url":"https:\/\/www.freidenker.org\/?p=20481","url_meta":{"origin":7199,"position":2},"title":"Johanna Arndt: Die Menschheit hat den Verstand verloren","author":"Webredaktion","date":"9. Dezember 2024","format":false,"excerpt":"Kriegstageb\u00fccher von Astrid Lindgren 1939 \u2013 1945 - Lesung und Gesang Johanna Arndt liest aus den Tageb\u00fcchern Astrid Lindgrens und singt Lieder von J. Pr\u00e9vert, Bert Brecht, Kurt Tucholsky und Erwin Strittmatter. Am Piano begleitet wird sie von Anna von Rohden. Wann: Dienstag, 10. Dezember 2024, 18:00 Uhr Wo: Kulturzentrum\u2026","rel":"","context":"In &quot;Kultur &amp; Kunst&quot;","block_context":{"text":"Kultur &amp; Kunst","link":"https:\/\/www.freidenker.org\/?cat=913"},"img":{"alt_text":"","src":"https:\/\/i0.wp.com\/www.freidenker.org\/fw17\/wp-content\/uploads\/2024\/12\/arndt_von-rohden.jpg?fit=800%2C450&ssl=1&resize=350%2C200","width":350,"height":200,"srcset":"https:\/\/i0.wp.com\/www.freidenker.org\/fw17\/wp-content\/uploads\/2024\/12\/arndt_von-rohden.jpg?fit=800%2C450&ssl=1&resize=350%2C200 1x, https:\/\/i0.wp.com\/www.freidenker.org\/fw17\/wp-content\/uploads\/2024\/12\/arndt_von-rohden.jpg?fit=800%2C450&ssl=1&resize=525%2C300 1.5x, https:\/\/i0.wp.com\/www.freidenker.org\/fw17\/wp-content\/uploads\/2024\/12\/arndt_von-rohden.jpg?fit=800%2C450&ssl=1&resize=700%2C400 2x"},"classes":[]},{"id":12971,"url":"https:\/\/www.freidenker.org\/?p=12971","url_meta":{"origin":7199,"position":3},"title":"H\u00e4user sollen nicht brennen,\u00a0Bomber sollt man\u00a0nicht kennen","author":"Webredaktion","date":"1. Mai 2022","format":false,"excerpt":"Texte und Lieder gegen den Krieg mit Johanna Arndt, Anna von Rhoden und Nicol\u00e1s Miquea Samstag, 28.05.2022, Beginn: 19:30 Uhr Bessunger Knabenschule, Ludwigh\u00f6hstr. 42, Darmstadt Eintritt: 12 \u20ac, erm\u00e4\u00dfigt 8,- \u20ac Die Lieder und Texte des ersten Teils des Konzertes von Bertolt Brecht, Hanns Eisler, Mordechaj Gebirtig, Friedrich Holl\u00e4nder, Ludv\u00edk\u2026","rel":"","context":"In &quot;Kultur &amp; Kunst&quot;","block_context":{"text":"Kultur &amp; Kunst","link":"https:\/\/www.freidenker.org\/?cat=913"},"img":{"alt_text":"","src":"https:\/\/i0.wp.com\/www.freidenker.org\/fw17\/wp-content\/uploads\/2022\/05\/arndt_2022-05-28.jpg?fit=800%2C450&ssl=1&resize=350%2C200","width":350,"height":200,"srcset":"https:\/\/i0.wp.com\/www.freidenker.org\/fw17\/wp-content\/uploads\/2022\/05\/arndt_2022-05-28.jpg?fit=800%2C450&ssl=1&resize=350%2C200 1x, https:\/\/i0.wp.com\/www.freidenker.org\/fw17\/wp-content\/uploads\/2022\/05\/arndt_2022-05-28.jpg?fit=800%2C450&ssl=1&resize=525%2C300 1.5x, https:\/\/i0.wp.com\/www.freidenker.org\/fw17\/wp-content\/uploads\/2022\/05\/arndt_2022-05-28.jpg?fit=800%2C450&ssl=1&resize=700%2C400 2x"},"classes":[]},{"id":568,"url":"https:\/\/www.freidenker.org\/?p=568","url_meta":{"origin":7199,"position":4},"title":"18.1.2014 &#8211; Ehrung f\u00fcr Max Sievers","author":"Webmaster","date":"9. Januar 2014","format":false,"excerpt":"Die Vorst\u00e4nde des Deutschen Freidenker-Verbandes e.V. und der Landesverb\u00e4nde Berlin und Brandenburg laden ein zum Gedenken an den langj\u00e4hrigen Vorsitzenden des Deutschen Freidenker-Verbandes Max Sievers anl\u00e4sslich des 70. Jahrestages seiner Ermordung durch die deutschen Faschisten am 17. Januar 1944 im Zuchthaus Brandenburg-G\u00f6rden. Die Ehrungen mit Kranzniederlegung, Ansprache und musikalischer Umrahmung\u2026","rel":"","context":"In &quot;Zentrale Veranstaltungen&quot;","block_context":{"text":"Zentrale Veranstaltungen","link":"https:\/\/www.freidenker.org\/?cat=20"},"img":{"alt_text":"","src":"https:\/\/i0.wp.com\/www.freidenker.org\/fw17\/wp-content\/uploads\/2016\/08\/Sievers.jpg?fit=800%2C445&ssl=1&resize=350%2C200","width":350,"height":200,"srcset":"https:\/\/i0.wp.com\/www.freidenker.org\/fw17\/wp-content\/uploads\/2016\/08\/Sievers.jpg?fit=800%2C445&ssl=1&resize=350%2C200 1x, https:\/\/i0.wp.com\/www.freidenker.org\/fw17\/wp-content\/uploads\/2016\/08\/Sievers.jpg?fit=800%2C445&ssl=1&resize=525%2C300 1.5x, https:\/\/i0.wp.com\/www.freidenker.org\/fw17\/wp-content\/uploads\/2016\/08\/Sievers.jpg?fit=800%2C445&ssl=1&resize=700%2C400 2x"},"classes":[]},{"id":16112,"url":"https:\/\/www.freidenker.org\/?p=16112","url_meta":{"origin":7199,"position":5},"title":"Wer nicht passt, wird rausgedr\u00e4ngt","author":"Webredaktion","date":"21. Mai 2023","format":false,"excerpt":"Beitrag von Gert Ewen Ungar Kann sich noch jemand an Rommy Arndt erinnern? Rommy Arndt hat im Januar f\u00fcr den \u00f6ffentlich-rechtlichen Sender MDR einen H\u00f6rfunk-Kommentar zum Thema Panzerlieferungen an die Ukraine gesprochen. Sie war gegen Panzerlieferungen und es war ihr erster Kommentar f\u00fcr den MDR. Offenbar war es auch ihr\u2026","rel":"","context":"In &quot;Demokratie \u2013 Medien \u2013 Aufkl\u00e4rung&quot;","block_context":{"text":"Demokratie \u2013 Medien \u2013 Aufkl\u00e4rung","link":"https:\/\/www.freidenker.org\/?cat=12"},"img":{"alt_text":"","src":"https:\/\/i0.wp.com\/www.freidenker.org\/fw17\/wp-content\/uploads\/2023\/05\/typewriter-3617317_800x450.jpg?fit=800%2C450&ssl=1&resize=350%2C200","width":350,"height":200,"srcset":"https:\/\/i0.wp.com\/www.freidenker.org\/fw17\/wp-content\/uploads\/2023\/05\/typewriter-3617317_800x450.jpg?fit=800%2C450&ssl=1&resize=350%2C200 1x, https:\/\/i0.wp.com\/www.freidenker.org\/fw17\/wp-content\/uploads\/2023\/05\/typewriter-3617317_800x450.jpg?fit=800%2C450&ssl=1&resize=525%2C300 1.5x, https:\/\/i0.wp.com\/www.freidenker.org\/fw17\/wp-content\/uploads\/2023\/05\/typewriter-3617317_800x450.jpg?fit=800%2C450&ssl=1&resize=700%2C400 2x"},"classes":[]}],"_links":{"self":[{"href":"https:\/\/www.freidenker.org\/index.php?rest_route=\/wp\/v2\/posts\/7199","targetHints":{"allow":["GET"]}}],"collection":[{"href":"https:\/\/www.freidenker.org\/index.php?rest_route=\/wp\/v2\/posts"}],"about":[{"href":"https:\/\/www.freidenker.org\/index.php?rest_route=\/wp\/v2\/types\/post"}],"author":[{"embeddable":true,"href":"https:\/\/www.freidenker.org\/index.php?rest_route=\/wp\/v2\/users\/3"}],"replies":[{"embeddable":true,"href":"https:\/\/www.freidenker.org\/index.php?rest_route=%2Fwp%2Fv2%2Fcomments&post=7199"}],"version-history":[{"count":0,"href":"https:\/\/www.freidenker.org\/index.php?rest_route=\/wp\/v2\/posts\/7199\/revisions"}],"wp:featuredmedia":[{"embeddable":true,"href":"https:\/\/www.freidenker.org\/index.php?rest_route=\/wp\/v2\/media\/7201"}],"wp:attachment":[{"href":"https:\/\/www.freidenker.org\/index.php?rest_route=%2Fwp%2Fv2%2Fmedia&parent=7199"}],"wp:term":[{"taxonomy":"category","embeddable":true,"href":"https:\/\/www.freidenker.org\/index.php?rest_route=%2Fwp%2Fv2%2Fcategories&post=7199"},{"taxonomy":"post_tag","embeddable":true,"href":"https:\/\/www.freidenker.org\/index.php?rest_route=%2Fwp%2Fv2%2Ftags&post=7199"}],"curies":[{"name":"wp","href":"https:\/\/api.w.org\/{rel}","templated":true}]}}