{"id":7188,"date":"2019-11-12T00:29:07","date_gmt":"2019-11-11T23:29:07","guid":{"rendered":"https:\/\/www.freidenker.org\/?p=7188"},"modified":"2019-12-17T23:59:56","modified_gmt":"2019-12-17T22:59:56","slug":"solidaritaet-mit-dem-kaempfenden-chilenischen-volk","status":"publish","type":"post","link":"https:\/\/www.freidenker.org\/?p=7188","title":{"rendered":"Solidarit\u00e4t mit dem k\u00e4mpfenden chilenischen Volk"},"content":{"rendered":"<p><em><strong>Anl\u00e4\u00dflich des 40. Jahrestages der Gr\u00fcndung der Partido Comunista Chileno (Acci\u00f3n Proletaria) \u00fcbersandte der Vorsitzende des Deutschen Freidenker-Verbandes, Klaus Hartmann, folgendes Gru\u00dfschreiben.<\/strong><\/em><\/p>\n<p>An die<br \/>\nChilenische Kommunistische Partei (Proletarische Aktion)<br \/>\nGenossen Eduardo Art\u00e9s, Erster Sekret\u00e4r<br \/>\nSantiago de Chile<\/p>\n<p style=\"text-align: right;\">08.11.2019<\/p>\n<p>Lieber Genosse Eduardo, liebe Genossinnen und Genossen,<\/p>\n<p>der Deutsche Freidenker-Verband gratuliert Euch herzlich zum 40. Jahrestag der Gr\u00fcndung des Partido Comunista Chileno (Acci\u00f3n Proletaria).<\/p>\n<p>Die Parteigr\u00fcndung am 08. November 1979 fand in der Nacht des Faschismus statt, die durch den CIA-gest\u00fctzten Putsch am 11. September 1973 \u00fcber Euer Land hereingebrochen ist. Im Auftrag des US-Imperialismus wurde aus Chile ein Labor und Modell f\u00fcr den Ultra-Neoliberalismus. Die grenzenlose Bereicherung der Reichen und die hemmungslose Auspl\u00fcnderung der Bev\u00f6lkerungsmehrheit war das asoziale politische Programm.<\/p>\n<p>Seit dem Ende der Milit\u00e4rdiktatur 1989 wechseln sich Halblinke und Pinochet-Fans in der Regierung ab. Auch Koalitionen der \u201eMitte\u201c oder der Sozialdemokratie haben das \u00f6konomische Modell des Neoliberalismus nicht angetastet und sorgten f\u00fcr den Fortbestand des Erbes von Diktator Pinochet, dem Elend und der Ungleichheit der Bev\u00f6lkerung. Diese Politik der T\u00e4uschung und Entt\u00e4uschung bereitete den Wahlsiegen des Pinochet-Anh\u00e4ngers Sebasti\u00e1n \u201ePiranha&#8220; Pi\u00f1era den Boden, gegen dessen Politik jetzt wieder \u2013 wie schon 2011 \u2013 Hunderttausende Chilenen auf die Stra\u00dfe gehen.<\/p>\n<p>Der Bev\u00f6lkerung im Westen werden die Motive der Emp\u00f6rung verschwiegen, \u201eWikipedia\u201c (Deutschlang) l\u00fcgt, \u201eder moderne souver\u00e4ne Staat Chile geh\u00f6rt zu den wirtschaftlich und sozial stabilsten und wohlhabendsten L\u00e4ndern S\u00fcdamerikas mit einer einkommensstarken Wirtschaft und einem hohen Lebensstandard\u201c und \u201ehat einen hohen regionalen Stellenwert in Bezug auf die demokratische Entwicklung\u201c. Der Liebling der Weltbank wird dem \u00fcbrigen Lateinamerika als \u201eModell\u201c angepriesen.<\/p>\n<p>Eure Partei hat mutig gegen den Faschismus gek\u00e4mpft, sich nie am sozialdemagogischen Volksbetrug beteiligt und steht auch jetzt an der Seite und inmitten des k\u00e4mpfenden Volkes. Wir Freidenker solidarisieren uns mit dem Kampf der Chilenen und der PC(AP) gegen Armut und Hungerl\u00f6hne, gegen die Wohnungsnot, fehlende \u00f6ffentliche Verkehrsmittel, die schlechte Gesundheitsversorgung und das diskriminierende Bildungswesen.<\/p>\n<p>Das Scheitern des Putschversuchs des von George Soros erzogenen CIA-G\u00fcnstlings Guaid\u00f3 in Venezuela, der Wahlsieg von Alberto Fern\u00e1ndez in Argentinien, die j\u00fcngsten Erfolge der Volksbewegung in Brasilien, die Revolten in Ecuador gegen die Wiedereingliederung des Landes in das imperialistische Lager, der Volkswiderstand gegen den Putschversuch in Bolivien nach dem Wahlsieg von Evo Morales sowie die Entschlossenheit des cubanischen Volkes, der versch\u00e4rften Blockade die Stirn zu bieten, zeigen: Die vereinten V\u00f6lker sind unbesiegbar!<\/p>\n<p>Der Kapitalismus ist nicht das Ende der Geschichte. Auch dank des erstarkenden Chinas und Russlands sind Pentagon und CIA nicht mehr allm\u00e4chtig. Im Kampf gegen den Imperialismus versichern wir Euch unserer Verbundenheit und internationalistischen Solidarit\u00e4t.<\/p>\n<p>&nbsp;<\/p>\n<p>Klaus Hartmann<\/p>\n<p>Bundesvorsitzender<\/p>\n<hr \/>\n<p>Download<\/p>\n<p><img data-recalc-dims=\"1\" loading=\"lazy\" decoding=\"async\" data-attachment-id=\"1076\" data-permalink=\"https:\/\/www.freidenker.org\/?attachment_id=1076\" data-orig-file=\"https:\/\/i0.wp.com\/www.freidenker.org\/fw17\/wp-content\/uploads\/2017\/10\/pdf_icon-2.png?fit=32%2C32&amp;ssl=1\" data-orig-size=\"32,32\" data-comments-opened=\"0\" data-image-meta=\"{&quot;aperture&quot;:&quot;0&quot;,&quot;credit&quot;:&quot;&quot;,&quot;camera&quot;:&quot;&quot;,&quot;caption&quot;:&quot;&quot;,&quot;created_timestamp&quot;:&quot;0&quot;,&quot;copyright&quot;:&quot;&quot;,&quot;focal_length&quot;:&quot;0&quot;,&quot;iso&quot;:&quot;0&quot;,&quot;shutter_speed&quot;:&quot;0&quot;,&quot;title&quot;:&quot;&quot;,&quot;orientation&quot;:&quot;0&quot;}\" data-image-title=\"pdf_icon\" data-image-description=\"\" data-image-caption=\"\" data-large-file=\"https:\/\/i0.wp.com\/www.freidenker.org\/fw17\/wp-content\/uploads\/2017\/10\/pdf_icon-2.png?fit=32%2C32&amp;ssl=1\" class=\"alignnone size-full wp-image-1076\" src=\"https:\/\/i0.wp.com\/www.freidenker.org\/fw17\/wp-content\/uploads\/2017\/10\/pdf_icon-2.png?resize=32%2C32&#038;ssl=1\" alt=\"\" width=\"32\" height=\"32\" \/>\u00a0<a href=\"https:\/\/www.freidenker.org\/fw17\/wp-content\/uploads\/2019\/11\/191108-PCAP.pdf\" target=\"_blank\" rel=\"noopener noreferrer\">Das Gru\u00dfschreiben als PDF-Dokument<\/a> ansehen oder herunterladen (ca. 169 KB)<\/p>\n<hr \/>\n<p><span style=\"font-size: 10pt;\">Bild: Demonstration in Santiago de Chile, November 2019<\/span><\/p>\n","protected":false},"excerpt":{"rendered":"<p>Gru\u00dfschreiben des Vorsitzenden des Deutschen Freidenker-Verbandes, <b>Klaus Hartmann<\/b> an die Partido Comunista Chileno (Acci\u00f3n Proletaria)<br \/>\nDer Deutsche Freidenker-Verband gratuliert Euch herzlich zum 40. Jahrestag der Gr\u00fcndung des Partido Comunista Chileno (Acci\u00f3n Proletaria). &#8230; Die Parteigr\u00fcndung am 08. November 1979 fand in der Nacht des Faschismus statt, die durch den CIA-gest\u00fctzten Putsch am 11. September 1973 \u00fcber Euer Land hereingebrochen ist. Im Auftrag des US-Imperialismus wurde aus Chile ein Labor und Modell f\u00fcr den Ultra-Neoliberalismus. Die grenzenlose Bereicherung der Reichen und die hemmungslose Auspl\u00fcnderung der Bev\u00f6lkerungsmehrheit war das asoziale politische Programm.<\/p>\n","protected":false},"author":3,"featured_media":7190,"comment_status":"closed","ping_status":"closed","sticky":false,"template":"","format":"standard","meta":{"colormag_page_container_layout":"default_layout","colormag_page_sidebar_layout":"default_layout","advanced_seo_description":"","jetpack_seo_html_title":"","jetpack_seo_noindex":false,"jetpack_post_was_ever_published":false,"footnotes":""},"categories":[13],"tags":[370,1200,397,1205,812,1103],"class_list":["post-7188","post","type-post","status-publish","format-standard","has-post-thumbnail","hentry","category-frieden-antifaschismus-solidaritaet","tag-antifaschismus","tag-chile","tag-lateinamerika","tag-militaerdiktatur","tag-protest","tag-putsch"],"jetpack_featured_media_url":"https:\/\/i0.wp.com\/www.freidenker.org\/fw17\/wp-content\/uploads\/2019\/11\/demo_santiago_de_chile_2019_800x445.jpg?fit=800%2C445&ssl=1","jetpack_shortlink":"https:\/\/wp.me\/p9stpK-1RW","jetpack-related-posts":[{"id":16982,"url":"https:\/\/www.freidenker.org\/?p=16982","url_meta":{"origin":7188,"position":0},"title":"Nie wieder Faschismus!","author":"Webredaktion","date":"19. September 2023","format":false,"excerpt":"Das B\u00fcndnis f\u00fcr Frieden Brandenburg und DIE LINKE BO DOM gedenken am 20. September 2023 den Opfern des chilenischen Pinochet-Putsches vor 50 Jahren und laden zu einer diesem Thema gewidmeten Veranstaltung mit Gina Pietsch und Fabio Costa am 29.09.2023 ein. Vor 50 Jahren, im September 1973, ereignete sich in Chile\u2026","rel":"","context":"In &quot;Frieden - Antifaschismus - Solidarit\u00e4t&quot;","block_context":{"text":"Frieden - Antifaschismus - Solidarit\u00e4t","link":"https:\/\/www.freidenker.org\/?cat=13"},"img":{"alt_text":"","src":"https:\/\/i0.wp.com\/www.freidenker.org\/fw17\/wp-content\/uploads\/2023\/09\/chile_dossier_putsch_fuenfzig_jahre_800x448.jpg?fit=800%2C448&ssl=1&resize=350%2C200","width":350,"height":200,"srcset":"https:\/\/i0.wp.com\/www.freidenker.org\/fw17\/wp-content\/uploads\/2023\/09\/chile_dossier_putsch_fuenfzig_jahre_800x448.jpg?fit=800%2C448&ssl=1&resize=350%2C200 1x, https:\/\/i0.wp.com\/www.freidenker.org\/fw17\/wp-content\/uploads\/2023\/09\/chile_dossier_putsch_fuenfzig_jahre_800x448.jpg?fit=800%2C448&ssl=1&resize=525%2C300 1.5x, https:\/\/i0.wp.com\/www.freidenker.org\/fw17\/wp-content\/uploads\/2023\/09\/chile_dossier_putsch_fuenfzig_jahre_800x448.jpg?fit=800%2C448&ssl=1&resize=700%2C400 2x"},"classes":[]},{"id":15480,"url":"https:\/\/www.freidenker.org\/?p=15480","url_meta":{"origin":7188,"position":1},"title":"Veranstaltung &#8211; Vor 50 Jahren:  \u201eZeiten\u00adwende\u201c  in Chile","author":"Webredaktion","date":"13. M\u00e4rz 2023","format":false,"excerpt":"Einladung zur Diskussion: \u201e09-11\u201c 1973. CIA-Regimechange - Putsch gegen die Unidad-Popular-Regierung von Pr\u00e4sident Salvador Allende Sonnabend, 18. M\u00e4rz 2023, 10:00 Uhr, Jugendherberge Leiterstra\u00dfe 10, 39104 Magdeburg Einleitungsreferat: Florian Warweg, Redakteur & Parlamentsberichterstatter f\u00fcr NachDenkSeiten - Milton Friedmann und Friedrich A. v. Hayek als Paten der \u201eChicago-Boys\u201c - Chile: der erste\u2026","rel":"","context":"In &quot;Zentrale Veranstaltungen&quot;","block_context":{"text":"Zentrale Veranstaltungen","link":"https:\/\/www.freidenker.org\/?cat=20"},"img":{"alt_text":"","src":"https:\/\/i0.wp.com\/www.freidenker.org\/fw17\/wp-content\/uploads\/2023\/03\/Bombardierung_LaMoneda_800x450.jpg?fit=800%2C450&ssl=1&resize=350%2C200","width":350,"height":200,"srcset":"https:\/\/i0.wp.com\/www.freidenker.org\/fw17\/wp-content\/uploads\/2023\/03\/Bombardierung_LaMoneda_800x450.jpg?fit=800%2C450&ssl=1&resize=350%2C200 1x, https:\/\/i0.wp.com\/www.freidenker.org\/fw17\/wp-content\/uploads\/2023\/03\/Bombardierung_LaMoneda_800x450.jpg?fit=800%2C450&ssl=1&resize=525%2C300 1.5x, https:\/\/i0.wp.com\/www.freidenker.org\/fw17\/wp-content\/uploads\/2023\/03\/Bombardierung_LaMoneda_800x450.jpg?fit=800%2C450&ssl=1&resize=700%2C400 2x"},"classes":[]},{"id":16951,"url":"https:\/\/www.freidenker.org\/?p=16951","url_meta":{"origin":7188,"position":2},"title":"FREIDENKER Nr. 3-23 \u2013 Faschismus in Chile 11.9.1973","author":"Webredaktion","date":"16. September 2023","format":false,"excerpt":"Die Ausgabe 3-23 des Verbandsorgans FREIDENKER hat das Schwerpunkt-Thema \u201eFaschismus\u00a0in Chile 11.9.1973 - USA lassen gegen das Volk putschen\u201c und enth\u00e4lt u.a. folgende Beitr\u00e4ge: - Manfred Sohn: Putsch gegen das Volk, f\u00fcr das Monolkapital - Gina Pietsch: Ein \u201eNeuer Weg\u201c - Volodia Teitelboim: Ein Dichter, der auf Erden wohnt -\u2026","rel":"","context":"In &quot;Geschichte&quot;","block_context":{"text":"Geschichte","link":"https:\/\/www.freidenker.org\/?cat=1162"},"img":{"alt_text":"","src":"https:\/\/i0.wp.com\/www.freidenker.org\/fw17\/wp-content\/uploads\/2023\/09\/FD_2023-03_Titel_mR.jpg?fit=800%2C445&ssl=1&resize=350%2C200","width":350,"height":200,"srcset":"https:\/\/i0.wp.com\/www.freidenker.org\/fw17\/wp-content\/uploads\/2023\/09\/FD_2023-03_Titel_mR.jpg?fit=800%2C445&ssl=1&resize=350%2C200 1x, https:\/\/i0.wp.com\/www.freidenker.org\/fw17\/wp-content\/uploads\/2023\/09\/FD_2023-03_Titel_mR.jpg?fit=800%2C445&ssl=1&resize=525%2C300 1.5x, https:\/\/i0.wp.com\/www.freidenker.org\/fw17\/wp-content\/uploads\/2023\/09\/FD_2023-03_Titel_mR.jpg?fit=800%2C445&ssl=1&resize=700%2C400 2x"},"classes":[]},{"id":5761,"url":"https:\/\/www.freidenker.org\/?p=5761","url_meta":{"origin":7188,"position":3},"title":"Vortrag am 16.01.2019: 20 Jahre nach dem NATO-\u00dcberfall auf Jugoslawien","author":"Webredaktion","date":"14. Januar 2019","format":false,"excerpt":"Einladung zu einem Vortrag von Klaus Hartmann (Bundesvorsitzender des Deutschen Freidenker-Verbandes) 20 Jahre nach dem NATO-\u00dcberfall auf Jugoslawien \u2013 Die neokoloniale Neuaufteilung der Welt und der Kampf f\u00fcr die multipolare Weltordnung Mittwoch, 16. Januar 2019, 18.00 Uhr, ND-Geb\u00e4ude, Franz-Mehring-Platz 1, 10243 Berlin","rel":"","context":"In &quot;Frieden - Antifaschismus - Solidarit\u00e4t&quot;","block_context":{"text":"Frieden - Antifaschismus - Solidarit\u00e4t","link":"https:\/\/www.freidenker.org\/?cat=13"},"img":{"alt_text":"","src":"https:\/\/i0.wp.com\/www.freidenker.org\/fw17\/wp-content\/uploads\/2019\/01\/Hartmann_Belgrad_800x445.jpg?fit=800%2C445&ssl=1&resize=350%2C200","width":350,"height":200,"srcset":"https:\/\/i0.wp.com\/www.freidenker.org\/fw17\/wp-content\/uploads\/2019\/01\/Hartmann_Belgrad_800x445.jpg?fit=800%2C445&ssl=1&resize=350%2C200 1x, https:\/\/i0.wp.com\/www.freidenker.org\/fw17\/wp-content\/uploads\/2019\/01\/Hartmann_Belgrad_800x445.jpg?fit=800%2C445&ssl=1&resize=525%2C300 1.5x, https:\/\/i0.wp.com\/www.freidenker.org\/fw17\/wp-content\/uploads\/2019\/01\/Hartmann_Belgrad_800x445.jpg?fit=800%2C445&ssl=1&resize=700%2C400 2x"},"classes":[]},{"id":19983,"url":"https:\/\/www.freidenker.org\/?p=19983","url_meta":{"origin":7188,"position":4},"title":"DDR &#8211; Synonym f\u00fcr Demokratie, Antifaschismus und Frieden","author":"Webredaktion","date":"3. Oktober 2024","format":false,"excerpt":"Beitrag von Prof. Dr. Anton Latzo Die DDR wurde am 7. Oktober 1949 als Reaktion auf die vorherige Konstituierung der BRD gegr\u00fcndet. Diese Vorg\u00e4nge sind nur dann richtig einzuordnen, wenn man mit dem 8. Mai 1945 beginnt. An diesem Tag wurden die Tage des deutschen Faschismus, des wahnsinnigen Traumes vom\u2026","rel":"","context":"In &quot;Geschichte&quot;","block_context":{"text":"Geschichte","link":"https:\/\/www.freidenker.org\/?cat=1162"},"img":{"alt_text":"","src":"https:\/\/i0.wp.com\/www.freidenker.org\/fw17\/wp-content\/uploads\/2024\/10\/Bundesarchiv_Bild_183-S88796_Berlin_Fackelzug_zur_Gruendung_der_DDR_800x450.jpg?fit=800%2C450&ssl=1&resize=350%2C200","width":350,"height":200,"srcset":"https:\/\/i0.wp.com\/www.freidenker.org\/fw17\/wp-content\/uploads\/2024\/10\/Bundesarchiv_Bild_183-S88796_Berlin_Fackelzug_zur_Gruendung_der_DDR_800x450.jpg?fit=800%2C450&ssl=1&resize=350%2C200 1x, https:\/\/i0.wp.com\/www.freidenker.org\/fw17\/wp-content\/uploads\/2024\/10\/Bundesarchiv_Bild_183-S88796_Berlin_Fackelzug_zur_Gruendung_der_DDR_800x450.jpg?fit=800%2C450&ssl=1&resize=525%2C300 1.5x, https:\/\/i0.wp.com\/www.freidenker.org\/fw17\/wp-content\/uploads\/2024\/10\/Bundesarchiv_Bild_183-S88796_Berlin_Fackelzug_zur_Gruendung_der_DDR_800x450.jpg?fit=800%2C450&ssl=1&resize=700%2C400 2x"},"classes":[]},{"id":16956,"url":"https:\/\/www.freidenker.org\/?p=16956","url_meta":{"origin":7188,"position":5},"title":"Putsch gegen das Volk, f\u00fcr das Monolkapital","author":"Webredaktion","date":"16. September 2023","format":false,"excerpt":"Beitrag von Manfred Sohn Am 11. September 1973 morgens um 1 Uhr l\u00e4uft ein Verband chilenischer Kriegsschiffe in den Hafen von Valparioso ein, nachdem er vorher gemeinsam mit US-amerikanischen Flottenverb\u00e4nden an einer \u00dcbung vor der chilenischen K\u00fcste teilgenommen hatte. Die Kriegsschiffe der US Navy bleiben vor Ort. Um 4 Uhr\u2026","rel":"","context":"In &quot;Demokratie \u2013 Medien \u2013 Aufkl\u00e4rung&quot;","block_context":{"text":"Demokratie \u2013 Medien \u2013 Aufkl\u00e4rung","link":"https:\/\/www.freidenker.org\/?cat=12"},"img":{"alt_text":"","src":"https:\/\/i0.wp.com\/www.freidenker.org\/fw17\/wp-content\/uploads\/2023\/09\/Reunion_Pinochet_-_Kissinger_2_800x450.jpg?fit=800%2C450&ssl=1&resize=350%2C200","width":350,"height":200,"srcset":"https:\/\/i0.wp.com\/www.freidenker.org\/fw17\/wp-content\/uploads\/2023\/09\/Reunion_Pinochet_-_Kissinger_2_800x450.jpg?fit=800%2C450&ssl=1&resize=350%2C200 1x, https:\/\/i0.wp.com\/www.freidenker.org\/fw17\/wp-content\/uploads\/2023\/09\/Reunion_Pinochet_-_Kissinger_2_800x450.jpg?fit=800%2C450&ssl=1&resize=525%2C300 1.5x, https:\/\/i0.wp.com\/www.freidenker.org\/fw17\/wp-content\/uploads\/2023\/09\/Reunion_Pinochet_-_Kissinger_2_800x450.jpg?fit=800%2C450&ssl=1&resize=700%2C400 2x"},"classes":[]}],"_links":{"self":[{"href":"https:\/\/www.freidenker.org\/index.php?rest_route=\/wp\/v2\/posts\/7188","targetHints":{"allow":["GET"]}}],"collection":[{"href":"https:\/\/www.freidenker.org\/index.php?rest_route=\/wp\/v2\/posts"}],"about":[{"href":"https:\/\/www.freidenker.org\/index.php?rest_route=\/wp\/v2\/types\/post"}],"author":[{"embeddable":true,"href":"https:\/\/www.freidenker.org\/index.php?rest_route=\/wp\/v2\/users\/3"}],"replies":[{"embeddable":true,"href":"https:\/\/www.freidenker.org\/index.php?rest_route=%2Fwp%2Fv2%2Fcomments&post=7188"}],"version-history":[{"count":0,"href":"https:\/\/www.freidenker.org\/index.php?rest_route=\/wp\/v2\/posts\/7188\/revisions"}],"wp:featuredmedia":[{"embeddable":true,"href":"https:\/\/www.freidenker.org\/index.php?rest_route=\/wp\/v2\/media\/7190"}],"wp:attachment":[{"href":"https:\/\/www.freidenker.org\/index.php?rest_route=%2Fwp%2Fv2%2Fmedia&parent=7188"}],"wp:term":[{"taxonomy":"category","embeddable":true,"href":"https:\/\/www.freidenker.org\/index.php?rest_route=%2Fwp%2Fv2%2Fcategories&post=7188"},{"taxonomy":"post_tag","embeddable":true,"href":"https:\/\/www.freidenker.org\/index.php?rest_route=%2Fwp%2Fv2%2Ftags&post=7188"}],"curies":[{"name":"wp","href":"https:\/\/api.w.org\/{rel}","templated":true}]}}