{"id":7163,"date":"2019-11-06T00:17:38","date_gmt":"2019-11-05T23:17:38","guid":{"rendered":"https:\/\/www.freidenker.org\/?p=7163"},"modified":"2019-12-17T23:59:11","modified_gmt":"2019-12-17T22:59:11","slug":"das-thueringer-verlangen","status":"publish","type":"post","link":"https:\/\/www.freidenker.org\/?p=7163","title":{"rendered":"Das Th\u00fcringer Verlangen"},"content":{"rendered":"<h5>Wie die LINKE Platz f\u00fcr die RECHTE gemacht hat<\/h5>\n<p class=\"art-details\"><em>Gastbeitrag von <strong>Uli Gellermann<\/strong><\/em><\/p>\n<p class=\"art-details\">(Erstver\u00f6ffentlichung am 04. November 2019 auf <a href=\"https:\/\/www.rationalgalerie.de\/home\/das-thueringer-verlangen.html\" target=\"_blank\" rel=\"noopener noreferrer\">rationalgalerie.de<\/a>)<\/p>\n<p><span class=\"fs1 cl1\">Die bekannte deutsche Parlamentswelt ist zusammengebrochen: &#8222;Dass es in der Mitte keine Mehrheiten mehr gibt\u201c, rief der Th\u00fcringer CDU-Spitzenkandidat Mike Mohring in der Wahlnacht verzweifelt und fand jede Menge Echo. Einen sch\u00f6nen Nachhall lieferte die &#8222;taz&#8220;, das Blatt mit dem progressiven Anstrich: &#8222;Ramelow ist die Mitte&#8220;. Gemeint war der th\u00fcringische Ministerpr\u00e4sident der LINKEN, der ungl\u00fcckliche Wahlgewinner ohne Perspektive auf eine Regierung, weil seine Partner von SPD und GR\u00dcNE nicht genug Stimmen bekommen hatten. <\/span><\/p>\n<p><span class=\"fs1 cl1\">Die mittigste aller Mitten war \u00fcber Jahrzehnte jene gro\u00dfe Koalition der Bundesrepublik, deren Kern verl\u00e4sslich von CDU und SPD gebildet wurde, sich aber auch gern mal mit der FDP oder den GR\u00dcNEN garnierte. Eher seltener, aber immer wieder, durfte auch die Linkspartei mal Regierungsluft auf Landesebene schnuppern. Neu an den parlamentarischen Futterkrippen, gef\u00fcllt mit Di\u00e4ten und Dienstw\u00e4gen, war die AfD. Obwohl sie mit unverbr\u00fcchlicher Treue zur NATO eine Grundbedingung f\u00fcr eine Amts-Karriere in Deutschland erf\u00fcllt, erinnert ihr Auftritt doch zu sehr an den Marschtritt brauner Kolonnen: Noch verkauft sich das schlecht, zumal der deutsche Exportweltmeister auch gern mit jenen L\u00e4ndern handelt, die vor gar nicht so langer Zeit deutsche Truppen n\u00e4her kennengelernt haben. <\/span><\/p>\n<p><span class=\"fs1 cl1\">Manchmal, so nach dem zweiten, dritten Bier, stimmten damals auch SED-Gastgeber das &#8222;Rennsteig-Lied&#8220; an, die heimliche Hymne der Th\u00fcringer. Es mochte den Gast aus dem Westen befremden, wenn die Genossen von einer &#8222;weiten Welt&#8220; sangen, in der sie dann doch ein &#8222;Verlangen&#8220; nach dem &#8222;Th\u00fcringer Wald&#8220; und seinen &#8222;V\u00f6glein&#8220; packte. Zeigte das innige Singen doch, dass unterhalb des propagierten Internationalismus immer noch jenes Heimatgef\u00fchl hockte, das dem Nationalgef\u00fchl den Sockel gibt. Jenes Gef\u00fchl, an dem man sich festh\u00e4lt, wenn alles immer fremder und anonymer wird: Die kalten Call-Center zur Abwehr von Kunden, die Anglizismen als billiger Ersatz f\u00fcr Sprache, die Shisha-Bar statt der Eck-Kneipe. Mit dem befremdlichen Gef\u00fchl von der Ver\u00e4nderung der Heimat kann man vern\u00fcnftig umgehen, wenn man sich sozial gesichert f\u00fchlt. Aber welcher Arbeitsplatz, welche Rente, welcher Mietvertrag hat denn noch eine lange Laufzeit? Und dann noch jene sonderbare nationale Einheit, in der die einen Deutschen glatt 17 Prozent weniger verdienen als die anderen: Ostl\u00f6hne eben.<\/span><\/p>\n<p><span class=\"fs1 cl1\">Die AfD kam j\u00fcngst in Th\u00fcringen auf 23,4 Prozent, verdoppelte damit ihr bisheriges Wahlergebnis und setzte so den Trend der Landtagswahlen in Brandenburg und Sachsen fort: Wer zur Zeit die Stagnation gro\u00dfkoalition\u00e4rer Bierruhe aufsch\u00e4umen will, der w\u00e4hlt AfD. Die erschrockenen Schlagzeilen best\u00e4tigen jene W\u00e4hler, die auf der vergeblichen Suche nach einer echten Opposition auf die AfD reingefallen sind. \u00dcber Jahre war die LINKE, anf\u00e4nglich noch als PDS firmierend, die genuine Ost-Partei, wie sie auch die nahezu einzige echte Oppositionspartei geworden war, nachdem die GR\u00dcNEN ihren konsequenten Pazifismus gegen ein NATO-Billet eingetauscht hatten. Ausgerechnet mit der sehr redlich gemeinten &#8222;Erfurter Erkl\u00e4rung&#8220; von 1997, die auch der damalige Gewerkschaftsvorsitzende Bodo Ramelow unterzeichnete, wurden jene ROT-ROT-GR\u00dcNEN Koalitionen eingel\u00e4utet, die der LINKEN den Weg zu einer parlamentarischen Macht ebnen sollte, die doch nur als Einbahn-Stra\u00dfe f\u00fcr Dienstwagen fungierte. Auf diesem Weg verlor die LINKE ihren Ostbonus und erst Recht ihren Oppositions-Ruf. Bodo Ramelow und seine Anh\u00e4nger werden sich im Gl\u00fcck eines Wahlerfolges glauben. Wie sie sich als neue Mitte f\u00fchlen, mag man nicht denken. <\/span><\/p>\n<p><span class=\"fs1 cl1\">Als sich am 20. Oktober 2014 in Dresden jede Menge Unzufriedener unter dem K\u00fcrzel PEGIDA sammelten, begann eine au\u00dferparlamentarische Bewegung von RECHTS manche Themen und Pl\u00e4tze zu besetzen, die lange Zeit f\u00fcr LINKS reserviert schienen. Mit dieser Bewegung konnte sich die urspr\u00fcnglich b\u00fcrgerlich-konservative CDU-Ausgr\u00fcndung AfD extrem verst\u00e4rken. Sie bekam bei der Bundestagswahl 2013 mal gerade 4,7 Prozent der W\u00e4hlerstimmen. Aber nach und mit den PEGIDA-Aktionen konnte die AfD bei den Landtagswahlen im M\u00e4rz 2016 in Baden-W\u00fcrttemberg immerhin 15,1 Prozent der Stimmen einfahren, bei denen in Rheinland-Pfalz 2016 12,6 Prozent erreichen und bei der Landtagswahl in Sachsen-Anhalt sogar satte 24,3 Prozent einsacken. In jenem Ma\u00dfe, in dem auf den Parlamentsfluren die Mandatshoffnungen der LINKEN wuchsen, marschierte auf Stra\u00dfen und Pl\u00e4tzen die RECHTE an ihr vorbei.<\/span><\/p>\n<p><span class=\"fs1 cl1\">Dass Angst vor dem Fremden ernst genommen werden muss, dass die Heimat keine Erfindung der Nazis war \u2013 auch wenn die den Begriff mi\u00dfbrauchten \u2013 dass man sich als Gastgeber \u00fcber die Zahl der G\u00e4ste verst\u00e4ndigen muss: Diese Themen wurden in der LINKEN zum Tabu erkl\u00e4rt und mit einem ebenso flinken wie vereinfachenden &#8222;Nazis raus&#8220; niedergebr\u00fcllt. Wie nebenbei hat die Mehrheitsgruppierung an der Spitze der LINKEN mit der Kaltstellung von Sarah Wageknecht auch noch eine ihrer wenigen popul\u00e4ren Medienfiguren auf dem Altar eines fiktiven Antifaschismus geopfert. <\/span><\/p>\n<p><span class=\"fs1 cl1\">Der Rennsteig f\u00fchrt durch den Th\u00fcringer Wald und gilt als einer der sch\u00f6nsten Wanderwege Deutschlands. Wer diesen Weg den RECHTEN \u00fcberl\u00e4sst, der wird, wenn alles so schief geht wie bisher, bald auswandern m\u00fcssen. <\/span><\/p>\n<p>Link zur Erstver\u00f6ffentlichung: <a href=\"https:\/\/www.rationalgalerie.de\/home\/das-thueringer-verlangen.html\" target=\"_blank\" rel=\"noopener noreferrer\">https:\/\/www.rationalgalerie.de\/home\/das-thueringer-verlangen.html<\/a><\/p>\n<hr \/>\n<p><span style=\"font-size: 10pt;\">Bild: <a href=\"https:\/\/pixabay.com\/de\/photos\/wegzeiger-wanderwege-schild-453809\/\" target=\"_blank\" rel=\"noopener noreferrer\">pixabay.com<\/a> \/ User: <a class=\"hover_opacity\" href=\"https:\/\/pixabay.com\/de\/users\/blickpixel-52945\/\" target=\"_blank\" rel=\"noopener noreferrer\">blickpixel<\/a> \/ Lizenz: <a href=\"https:\/\/pixabay.com\/de\/service\/license\/\" target=\"_blank\" rel=\"noopener noreferrer\">Pixabay License<\/a><\/span><\/p>\n","protected":false},"excerpt":{"rendered":"<p><b>Gastbeitrag von Uli Gellermann<\/b><br \/>\nDie bekannte deutsche Parlamentswelt ist zusammengebrochen: &#8222;Dass es in der Mitte keine Mehrheiten mehr gibt\u201c, rief der Th\u00fcringer CDU-Spitzenkandidat Mike Mohring in der Wahlnacht verzweifelt und fand jede Menge Echo. Einen sch\u00f6nen Nachhall lieferte die &#8222;taz&#8220;, das Blatt mit dem progressiven Anstrich: &#8222;Ramelow ist die Mitte&#8220;. Gemeint war der th\u00fcringische Ministerpr\u00e4sident der LINKEN, der ungl\u00fcckliche Wahlgewinner ohne Perspektive auf eine Regierung, weil seine Partner von SPD und GR\u00dcNE nicht genug Stimmen bekommen hatten.<\/p>\n","protected":false},"author":3,"featured_media":7165,"comment_status":"closed","ping_status":"closed","sticky":false,"template":"","format":"standard","meta":{"colormag_page_container_layout":"default_layout","colormag_page_sidebar_layout":"default_layout","advanced_seo_description":"","jetpack_seo_html_title":"","jetpack_seo_noindex":false,"jetpack_post_was_ever_published":false,"footnotes":""},"categories":[12],"tags":[1030,1091,917,1051,1075],"class_list":["post-7163","post","type-post","status-publish","format-standard","has-post-thumbnail","hentry","category-demokratie-medien-aufklaerung","tag-linke","tag-links-rechts","tag-linkspartei","tag-thueringen","tag-wahl"],"jetpack_featured_media_url":"https:\/\/i0.wp.com\/www.freidenker.org\/fw17\/wp-content\/uploads\/2019\/11\/signposts-453809_800x445.jpg?fit=800%2C445&ssl=1","jetpack_shortlink":"https:\/\/wp.me\/p9stpK-1Rx","jetpack-related-posts":[{"id":7576,"url":"https:\/\/www.freidenker.org\/?p=7576","url_meta":{"origin":7163,"position":0},"title":"DIE LINKE Th\u00fcringens: Bestandteil einer \u201edemokratischen Mehrheit\u201c?","author":"Webredaktion","date":"17. Februar 2020","format":false,"excerpt":"Beitrag von Andreas Wehr Das \u201eBeben von Erfurt\u201c ver\u00e4ndert die politische Landschaft der Bundesrepublik. Die CDU geriet in heftige Turbulenzen, der FDP steht das noch bevor. Die Th\u00fcringer Linkspartei wiederum sieht sich inzwischen als Bestandteil einer \u201edemokratischen Mehrheit\u201c, zu der sie auch die CDU z\u00e4hlt. Sie ist damit unter den\u2026","rel":"","context":"In &quot;Demokratie \u2013 Medien \u2013 Aufkl\u00e4rung&quot;","block_context":{"text":"Demokratie \u2013 Medien \u2013 Aufkl\u00e4rung","link":"https:\/\/www.freidenker.org\/?cat=12"},"img":{"alt_text":"","src":"https:\/\/i0.wp.com\/www.freidenker.org\/fw17\/wp-content\/uploads\/2020\/02\/Thueringer_Landtag_Wahl_des_Ministerpraesidenten_2_800x445.jpg?fit=800%2C445&ssl=1&resize=350%2C200","width":350,"height":200,"srcset":"https:\/\/i0.wp.com\/www.freidenker.org\/fw17\/wp-content\/uploads\/2020\/02\/Thueringer_Landtag_Wahl_des_Ministerpraesidenten_2_800x445.jpg?fit=800%2C445&ssl=1&resize=350%2C200 1x, https:\/\/i0.wp.com\/www.freidenker.org\/fw17\/wp-content\/uploads\/2020\/02\/Thueringer_Landtag_Wahl_des_Ministerpraesidenten_2_800x445.jpg?fit=800%2C445&ssl=1&resize=525%2C300 1.5x, https:\/\/i0.wp.com\/www.freidenker.org\/fw17\/wp-content\/uploads\/2020\/02\/Thueringer_Landtag_Wahl_des_Ministerpraesidenten_2_800x445.jpg?fit=800%2C445&ssl=1&resize=700%2C400 2x"},"classes":[]},{"id":21803,"url":"https:\/\/www.freidenker.org\/?p=21803","url_meta":{"origin":7163,"position":1},"title":"LINKE w\u00e4hlt BlackRock","author":"Webredaktion","date":"12. Mai 2025","format":false,"excerpt":"Verkommen, verdorben, verfallen Beitrag von Uli Gellermann Beinahe w\u00e4re Friedrich Merz auch im zweiten Durchgang der Kanzlerwahl durchgefallen. Das w\u00e4re ein demonstrativer Durchfall gewesen: F\u00fcr einen kurzen, fast historischen Moment hatte das deutsche Parlament die M\u00f6glichkeit, NEIN zum Superkonzern BlackRock zu sagen, indem es dem BlackRock-Vertreter Friedrich Merz die Wahl\u2026","rel":"","context":"In &quot;Demokratie \u2013 Medien \u2013 Aufkl\u00e4rung&quot;","block_context":{"text":"Demokratie \u2013 Medien \u2013 Aufkl\u00e4rung","link":"https:\/\/www.freidenker.org\/?cat=12"},"img":{"alt_text":"","src":"https:\/\/i0.wp.com\/www.freidenker.org\/fw17\/wp-content\/uploads\/2025\/05\/Reichinnek_parteitag_in_Berlin_3_800x450.jpg?fit=800%2C451&ssl=1&resize=350%2C200","width":350,"height":200,"srcset":"https:\/\/i0.wp.com\/www.freidenker.org\/fw17\/wp-content\/uploads\/2025\/05\/Reichinnek_parteitag_in_Berlin_3_800x450.jpg?fit=800%2C451&ssl=1&resize=350%2C200 1x, https:\/\/i0.wp.com\/www.freidenker.org\/fw17\/wp-content\/uploads\/2025\/05\/Reichinnek_parteitag_in_Berlin_3_800x450.jpg?fit=800%2C451&ssl=1&resize=525%2C300 1.5x, https:\/\/i0.wp.com\/www.freidenker.org\/fw17\/wp-content\/uploads\/2025\/05\/Reichinnek_parteitag_in_Berlin_3_800x450.jpg?fit=800%2C451&ssl=1&resize=700%2C400 2x"},"classes":[]},{"id":14139,"url":"https:\/\/www.freidenker.org\/?p=14139","url_meta":{"origin":7163,"position":2},"title":"\u201ePolitischer Konsens in NATO und EU\u201c zur Verarmung und Zerst\u00f6rung Deutschlands","author":"Webredaktion","date":"4. September 2022","format":false,"excerpt":"Ein Kommentar von Rainer Rupp In einem Interview mit dem RedaktionsNetzwerk Deutschland, RND, erkennt der Th\u00fcringer Ministerpr\u00e4sident Bodo Ramelow von \u201eDie Linke\u201c in unserem bisher durch \u201eDick und D\u00fcnn\u201c, selbst im Kalten Krieg verl\u00e4sslichen Energie Lieferanten Russland \u201ceinen m\u00f6rderischen Nationalismus\u201d. Geht es nach Ramelow, der nicht erst gestern im neo-liberalen\u2026","rel":"","context":"In &quot;Arbeit &amp; Soziales&quot;","block_context":{"text":"Arbeit &amp; Soziales","link":"https:\/\/www.freidenker.org\/?cat=11"},"img":{"alt_text":"","src":"https:\/\/i0.wp.com\/www.freidenker.org\/fw17\/wp-content\/uploads\/2022\/09\/finger-2573745_800x450.jpg?fit=800%2C450&ssl=1&resize=350%2C200","width":350,"height":200,"srcset":"https:\/\/i0.wp.com\/www.freidenker.org\/fw17\/wp-content\/uploads\/2022\/09\/finger-2573745_800x450.jpg?fit=800%2C450&ssl=1&resize=350%2C200 1x, https:\/\/i0.wp.com\/www.freidenker.org\/fw17\/wp-content\/uploads\/2022\/09\/finger-2573745_800x450.jpg?fit=800%2C450&ssl=1&resize=525%2C300 1.5x, https:\/\/i0.wp.com\/www.freidenker.org\/fw17\/wp-content\/uploads\/2022\/09\/finger-2573745_800x450.jpg?fit=800%2C450&ssl=1&resize=700%2C400 2x"},"classes":[]},{"id":6410,"url":"https:\/\/www.freidenker.org\/?p=6410","url_meta":{"origin":7163,"position":3},"title":"\u201eWas immer Du w\u00e4hlst, w\u00e4hle Europa\u201c","author":"Webredaktion","date":"16. Mai 2019","format":false,"excerpt":"Beitrag von Andreas Wehr Im Wahlkampf zum Europ\u00e4ischen Parlament am 26. Mai 2019 kommt die Partei DIE LINKE kaum vor. Ihre Spitzenkandidaten sind weitgehend unbekannt. Ihre Wahlkampfslogans und Plakate unterscheiden sich kaum von denen der anderen Parteien. Mit Sahra Wagenknecht fehlt auf den Kundgebungen ihre wichtigste Politikerin. So bleibt es\u2026","rel":"","context":"In &quot;Demokratie \u2013 Medien \u2013 Aufkl\u00e4rung&quot;","block_context":{"text":"Demokratie \u2013 Medien \u2013 Aufkl\u00e4rung","link":"https:\/\/www.freidenker.org\/?cat=12"},"img":{"alt_text":"","src":"https:\/\/i0.wp.com\/www.freidenker.org\/fw17\/wp-content\/uploads\/2019\/05\/Linke_Wahlprogramm_Header_800x445.jpg?fit=800%2C445&ssl=1&resize=350%2C200","width":350,"height":200,"srcset":"https:\/\/i0.wp.com\/www.freidenker.org\/fw17\/wp-content\/uploads\/2019\/05\/Linke_Wahlprogramm_Header_800x445.jpg?fit=800%2C445&ssl=1&resize=350%2C200 1x, https:\/\/i0.wp.com\/www.freidenker.org\/fw17\/wp-content\/uploads\/2019\/05\/Linke_Wahlprogramm_Header_800x445.jpg?fit=800%2C445&ssl=1&resize=525%2C300 1.5x, https:\/\/i0.wp.com\/www.freidenker.org\/fw17\/wp-content\/uploads\/2019\/05\/Linke_Wahlprogramm_Header_800x445.jpg?fit=800%2C445&ssl=1&resize=700%2C400 2x"},"classes":[]},{"id":6697,"url":"https:\/\/www.freidenker.org\/?p=6697","url_meta":{"origin":7163,"position":4},"title":"Was ist los mit der europ\u00e4ischen Linken?","author":"Webredaktion","date":"14. Juli 2019","format":false,"excerpt":"Beitrag von Wolfgang Streeck In kaum einem der unz\u00e4hligen Artikel, die derzeit die Ergebnisse der Wahl des neuen Europ\u00e4ischen Parlaments (EP) kommentieren, wird die nicht-sozialdemokratische radikale Linke erw\u00e4hnt. Dies ist ein Ausdruck von wohlverdienter Missachtung. ... Wann, wenn nicht in Zeiten rasch wechselnder Parteienbindung, sollte die Linke hoffen d\u00fcrfen, unter\u2026","rel":"","context":"In &quot;Demokratie \u2013 Medien \u2013 Aufkl\u00e4rung&quot;","block_context":{"text":"Demokratie \u2013 Medien \u2013 Aufkl\u00e4rung","link":"https:\/\/www.freidenker.org\/?cat=12"},"img":{"alt_text":"","src":"https:\/\/i0.wp.com\/www.freidenker.org\/fw17\/wp-content\/uploads\/2019\/07\/red-rose-in-rain-4293095_800x445.jpg?fit=800%2C445&ssl=1&resize=350%2C200","width":350,"height":200,"srcset":"https:\/\/i0.wp.com\/www.freidenker.org\/fw17\/wp-content\/uploads\/2019\/07\/red-rose-in-rain-4293095_800x445.jpg?fit=800%2C445&ssl=1&resize=350%2C200 1x, https:\/\/i0.wp.com\/www.freidenker.org\/fw17\/wp-content\/uploads\/2019\/07\/red-rose-in-rain-4293095_800x445.jpg?fit=800%2C445&ssl=1&resize=525%2C300 1.5x, https:\/\/i0.wp.com\/www.freidenker.org\/fw17\/wp-content\/uploads\/2019\/07\/red-rose-in-rain-4293095_800x445.jpg?fit=800%2C445&ssl=1&resize=700%2C400 2x"},"classes":[]},{"id":6511,"url":"https:\/\/www.freidenker.org\/?p=6511","url_meta":{"origin":7163,"position":5},"title":"\u201eSchwarz-gr\u00fcne Katze in rot-gr\u00fcnem Sack\u201c","author":"Webredaktion","date":"4. Juni 2019","format":false,"excerpt":"Interview von Marcel Joppa mit Dieter Dehm Die Europawahl 2019 hat die deutsche Parteienlandschaft durchgesch\u00fcttelt. W\u00e4hrend CDU und SPD mit tollk\u00fchnen Pl\u00e4nen reagieren, geht auch die Linke intern auf Fehlersuche. Der Bundestagsabgeordnete Diether Dehm warnt in dem Zusammenhang vor einer Ann\u00e4herung an die Gr\u00fcnen. Auch macht er seiner linken Parteif\u00fchrung\u2026","rel":"","context":"In &quot;Demokratie \u2013 Medien \u2013 Aufkl\u00e4rung&quot;","block_context":{"text":"Demokratie \u2013 Medien \u2013 Aufkl\u00e4rung","link":"https:\/\/www.freidenker.org\/?cat=12"},"img":{"alt_text":"","src":"https:\/\/i0.wp.com\/www.freidenker.org\/fw17\/wp-content\/uploads\/2019\/06\/cat-1223188_800x445.jpg?fit=800%2C445&ssl=1&resize=350%2C200","width":350,"height":200,"srcset":"https:\/\/i0.wp.com\/www.freidenker.org\/fw17\/wp-content\/uploads\/2019\/06\/cat-1223188_800x445.jpg?fit=800%2C445&ssl=1&resize=350%2C200 1x, https:\/\/i0.wp.com\/www.freidenker.org\/fw17\/wp-content\/uploads\/2019\/06\/cat-1223188_800x445.jpg?fit=800%2C445&ssl=1&resize=525%2C300 1.5x, https:\/\/i0.wp.com\/www.freidenker.org\/fw17\/wp-content\/uploads\/2019\/06\/cat-1223188_800x445.jpg?fit=800%2C445&ssl=1&resize=700%2C400 2x"},"classes":[]}],"_links":{"self":[{"href":"https:\/\/www.freidenker.org\/index.php?rest_route=\/wp\/v2\/posts\/7163","targetHints":{"allow":["GET"]}}],"collection":[{"href":"https:\/\/www.freidenker.org\/index.php?rest_route=\/wp\/v2\/posts"}],"about":[{"href":"https:\/\/www.freidenker.org\/index.php?rest_route=\/wp\/v2\/types\/post"}],"author":[{"embeddable":true,"href":"https:\/\/www.freidenker.org\/index.php?rest_route=\/wp\/v2\/users\/3"}],"replies":[{"embeddable":true,"href":"https:\/\/www.freidenker.org\/index.php?rest_route=%2Fwp%2Fv2%2Fcomments&post=7163"}],"version-history":[{"count":0,"href":"https:\/\/www.freidenker.org\/index.php?rest_route=\/wp\/v2\/posts\/7163\/revisions"}],"wp:featuredmedia":[{"embeddable":true,"href":"https:\/\/www.freidenker.org\/index.php?rest_route=\/wp\/v2\/media\/7165"}],"wp:attachment":[{"href":"https:\/\/www.freidenker.org\/index.php?rest_route=%2Fwp%2Fv2%2Fmedia&parent=7163"}],"wp:term":[{"taxonomy":"category","embeddable":true,"href":"https:\/\/www.freidenker.org\/index.php?rest_route=%2Fwp%2Fv2%2Fcategories&post=7163"},{"taxonomy":"post_tag","embeddable":true,"href":"https:\/\/www.freidenker.org\/index.php?rest_route=%2Fwp%2Fv2%2Ftags&post=7163"}],"curies":[{"name":"wp","href":"https:\/\/api.w.org\/{rel}","templated":true}]}}