{"id":716,"date":"2009-07-02T13:55:05","date_gmt":"2009-07-02T11:55:05","guid":{"rendered":"http:\/\/www.freidenker.org\/fw17\/?p=716"},"modified":"2017-12-28T00:11:59","modified_gmt":"2017-12-27T23:11:59","slug":"aufklaerung","status":"publish","type":"post","link":"https:\/\/www.freidenker.org\/?p=716","title":{"rendered":"FREIDENKER 2-09 &#8211; Aufkl\u00e4rung &#8211; Aktuelle Aufgaben &#8211; Verbandstag 2009"},"content":{"rendered":"<h5><strong>Inhalt:<\/strong> Editorial -Thema<\/h5>\n<p>Horst Schild: Le si\u00e8cle de lumi\u00e8res \u2013 das Zeitalter der Lichter | Wolf-Dieter Gudopp-von Behm: Anst\u00f6\u00dfe zum Thema \u201eAufkl\u00e4rung\u201c| Lorenz Knorr: Ex-Bundespr\u00e4sident Herzogs Beihilfe zur Geschichtsf\u00e4lschung |Klaus von Raussendorff: Unsere Religionskritik ist Gesellschaftskritik | Klaus Hartmann: Mit Ernst Th\u00e4lmann verteidigen wir den Antifaschismus | Rainer Rupp: Wie westliche Medien Wahlen f\u00e4lschen | George Pumphrey: Antizionismus = Antisemitismus?<\/p>\n<p><strong>Meldungen, Meinungen<br \/>\n<\/strong>Vererbung erworbener Eigenschaften?<br \/>\nSollten wir Freidenker Lysenko w\u00fcrdigen?<br \/>\nAus den Landesverb\u00e4nden<\/p>\n<p><strong>Chronik<br \/>\n<\/strong>22.\/23. Mai 2009: Verbandstag in Berlin<br \/>\nBeitragsordnung<br \/>\nSolidarit\u00e4t mit dem Bildungsstreik 2009<\/p>\n<p><strong>B\u00fccher f\u00fcr Freidenker<\/strong><\/p>\n<p>Anschriften, Impressum<br \/>\nChristian Morgenstern: Die unm\u00f6gliche Tatsache<\/p>\n<p>&nbsp;<\/p>\n","protected":false},"excerpt":{"rendered":"<p><strong>Die Ausgabe 2-09 des Verbandsorgans FREIDENKER hat das Schwerpunkt-Thema \u201eAufkl\u00e4rung &#8211; Aktuelle Aufgaben &#8211; Verbandstag 2009\u201c und enth\u00e4lt u.a folgende Beitr\u00e4ge:<\/strong><br \/>\n&#8211; Horst Schild: Le si\u00e8cle de lumi\u00e8res \u2013 das Zeitalter der Lichter<br \/>\n&#8211; Wolf-Dieter Gudopp-von Behm: Anst\u00f6\u00dfe zum Thema \u201eAufkl\u00e4rung\u201c<br \/>\n&#8211; Lorenz Knorr: Ex-Bundespr\u00e4sident Herzogs Beihilfe zur Geschichtsf\u00e4lschung<br \/>\n&#8211; Klaus von Raussendorff: Unsere Religionskritik ist Gesellschaftskritik<br \/>\n&#8211; Klaus Hartmann: Mit Ernst Th\u00e4lmann verteidigen wir den Antifaschismus<br \/>\n&#8211; Rainer Rupp: Wie westliche Medien Wahlen f\u00e4lschen<br \/>\n&#8211; George Pumphrey: Antizionismus = Antisemitismus?<\/p>\n","protected":false},"author":2,"featured_media":2533,"comment_status":"closed","ping_status":"closed","sticky":false,"template":"","format":"standard","meta":{"colormag_page_container_layout":"default_layout","colormag_page_sidebar_layout":"default_layout","advanced_seo_description":"","jetpack_seo_html_title":"","jetpack_seo_noindex":false,"jetpack_post_was_ever_published":false,"footnotes":""},"categories":[8],"tags":[211,26,410],"class_list":["post-716","post","type-post","status-publish","format-standard","has-post-thumbnail","hentry","category-verbandsorgan-freidenker","tag-aufklaerung","tag-freidenker","tag-verbandstag"],"jetpack_featured_media_url":"https:\/\/i0.wp.com\/www.freidenker.org\/fw17\/wp-content\/uploads\/2017\/12\/FD_2009-02_Titel_mR.jpg?fit=800%2C445&ssl=1","jetpack_shortlink":"https:\/\/wp.me\/p9stpK-by","jetpack-related-posts":[{"id":3239,"url":"https:\/\/www.freidenker.org\/?p=3239","url_meta":{"origin":716,"position":0},"title":"Aufkl\u00e4rung gegen Krise und Volksverdummung","author":"Webredaktion","date":"26. Mai 2009","format":false,"excerpt":"Presseberichte von jW und RedGlobe zum Verbandstag des Deutschen Freidenker-Verbandes am 22.\/23. Mai 2009 Am Wochenende trafen sich die Delegierten der Landesverb\u00e4nde des Deutschen Freidenker-Verbandes zu ihrem alle drei Jahre stattfindenden Verbandstag in Berlin. Die Versammlung bekr\u00e4ftigte, da\u00df die Freidenker in der Aufkl\u00e4rung die Hauptaufgabe ihrer weltanschaulichen T\u00e4tigkeit sehen. Allerdings\u2026","rel":"","context":"In &quot;Zentrale Veranstaltungen&quot;","block_context":{"text":"Zentrale Veranstaltungen","link":"https:\/\/www.freidenker.org\/?cat=20"},"img":{"alt_text":"","src":"https:\/\/i0.wp.com\/www.freidenker.org\/fw17\/wp-content\/uploads\/2009\/05\/vt_2009_vorstand.jpg?fit=800%2C445&ssl=1&resize=350%2C200","width":350,"height":200,"srcset":"https:\/\/i0.wp.com\/www.freidenker.org\/fw17\/wp-content\/uploads\/2009\/05\/vt_2009_vorstand.jpg?fit=800%2C445&ssl=1&resize=350%2C200 1x, https:\/\/i0.wp.com\/www.freidenker.org\/fw17\/wp-content\/uploads\/2009\/05\/vt_2009_vorstand.jpg?fit=800%2C445&ssl=1&resize=525%2C300 1.5x, https:\/\/i0.wp.com\/www.freidenker.org\/fw17\/wp-content\/uploads\/2009\/05\/vt_2009_vorstand.jpg?fit=800%2C445&ssl=1&resize=700%2C400 2x"},"classes":[]},{"id":720,"url":"https:\/\/www.freidenker.org\/?p=720","url_meta":{"origin":716,"position":1},"title":"FREIDENKER 3-09 Sonderheft &#8211; Gegen Volksverdummung und die Zerst\u00f6rung der Vernunft &#8211; F\u00fcr Aufkl\u00e4rung!","author":"Webmaster","date":"16. November 2009","format":false,"excerpt":"Das Sonderheft 3-09 des Verbandsorgans FREIDENKER beinhaltet aktuelle grundlegende Dokumente des Deutschen Freidenker-Verbandes: \u2013 Gegen Volksverdummung und die Zerst\u00f6rung der Vernunft \u2013 F\u00fcr Aufkl\u00e4rung! (beschlossen 2009) \u2013 Berliner Erkl\u00e4rung: \u201eWer sind die Freidenker und was wollen sie?\u201c (beschlossen 1994) \u2013 Satzung des Deutschen Freidenker-Verbandes (beschlossen 1991, zuletzt ge\u00e4ndert 2003)","rel":"","context":"In &quot;Verbandsorgan FREIDENKER&quot;","block_context":{"text":"Verbandsorgan FREIDENKER","link":"https:\/\/www.freidenker.org\/?cat=8"},"img":{"alt_text":"","src":"https:\/\/i0.wp.com\/www.freidenker.org\/fw17\/wp-content\/uploads\/2009\/11\/FD_2009-03_Titel_mR.jpg?fit=800%2C445&ssl=1&resize=350%2C200","width":350,"height":200,"srcset":"https:\/\/i0.wp.com\/www.freidenker.org\/fw17\/wp-content\/uploads\/2009\/11\/FD_2009-03_Titel_mR.jpg?fit=800%2C445&ssl=1&resize=350%2C200 1x, https:\/\/i0.wp.com\/www.freidenker.org\/fw17\/wp-content\/uploads\/2009\/11\/FD_2009-03_Titel_mR.jpg?fit=800%2C445&ssl=1&resize=525%2C300 1.5x, https:\/\/i0.wp.com\/www.freidenker.org\/fw17\/wp-content\/uploads\/2009\/11\/FD_2009-03_Titel_mR.jpg?fit=800%2C445&ssl=1&resize=700%2C400 2x"},"classes":[]},{"id":3237,"url":"https:\/\/www.freidenker.org\/?p=3237","url_meta":{"origin":716,"position":2},"title":"Rechenschaftsbericht von Klaus Hartmann auf dem DFV Verbandstag 2009","author":"Webredaktion","date":"27. Mai 2009","format":false,"excerpt":"Videoaufzeichnung des Rechenschaftberichtes von Klaus Hartmann an den Verbandstag 2009 in Berlin Auszug: \"Unserem Verband wird von manchem vorgehalten, dass wir uns nicht ausschlie\u00dflich mit Kirche und Religion befassen ... Der Verbandsvorstand steht dagegen auf dem Standpunkt, dass wir den Irrationalismus insgesamt, in religi\u00f6ser wie weltlicher Gestalt ins Visier nehmen\u2026","rel":"","context":"In &quot;Positionen&quot;","block_context":{"text":"Positionen","link":"https:\/\/www.freidenker.org\/?cat=210"},"img":{"alt_text":"","src":"https:\/\/i0.wp.com\/www.freidenker.org\/fw17\/wp-content\/uploads\/2009\/05\/Hartmann_vt_2009.jpg?fit=800%2C445&ssl=1&resize=350%2C200","width":350,"height":200,"srcset":"https:\/\/i0.wp.com\/www.freidenker.org\/fw17\/wp-content\/uploads\/2009\/05\/Hartmann_vt_2009.jpg?fit=800%2C445&ssl=1&resize=350%2C200 1x, https:\/\/i0.wp.com\/www.freidenker.org\/fw17\/wp-content\/uploads\/2009\/05\/Hartmann_vt_2009.jpg?fit=800%2C445&ssl=1&resize=525%2C300 1.5x, https:\/\/i0.wp.com\/www.freidenker.org\/fw17\/wp-content\/uploads\/2009\/05\/Hartmann_vt_2009.jpg?fit=800%2C445&ssl=1&resize=700%2C400 2x"},"classes":[]},{"id":768,"url":"https:\/\/www.freidenker.org\/?p=768","url_meta":{"origin":716,"position":3},"title":"FREIDENKER 4-12 EXTRA &#8211; Aufgaben der Aufkl\u00e4rung: &#8222;Die Richtigstellung der Begriffe&#8220;","author":"Webmaster","date":"16. Dezember 2012","format":false,"excerpt":"Die Ausgabe 4-12 des Verbandsorgans FREIDENKER beinhaltet aktuelle grundlegende Dokumente des Deutschen Freidenker-Verbandes: - Aufgaben der Aufkl\u00e4rung: \u201eDie Richtigstellung der Begriffe\u201c (beschlossen 2012) - Gegen Volksverdummung und die Zerst\u00f6rung der Vernunft \u2013 F\u00fcr Aufkl\u00e4rung! (beschlossen 2009) - Berliner Erkl\u00e4rung: \u201eWer sind die Freidenker und was wollen sie?\u201c (beschlossen 1994) -\u2026","rel":"","context":"In &quot;Verbandsorgan FREIDENKER&quot;","block_context":{"text":"Verbandsorgan FREIDENKER","link":"https:\/\/www.freidenker.org\/?cat=8"},"img":{"alt_text":"","src":"https:\/\/i0.wp.com\/www.freidenker.org\/fw17\/wp-content\/uploads\/2017\/12\/FD_2012-04_Titel_mR.jpg?fit=800%2C445&ssl=1&resize=350%2C200","width":350,"height":200,"srcset":"https:\/\/i0.wp.com\/www.freidenker.org\/fw17\/wp-content\/uploads\/2017\/12\/FD_2012-04_Titel_mR.jpg?fit=800%2C445&ssl=1&resize=350%2C200 1x, https:\/\/i0.wp.com\/www.freidenker.org\/fw17\/wp-content\/uploads\/2017\/12\/FD_2012-04_Titel_mR.jpg?fit=800%2C445&ssl=1&resize=525%2C300 1.5x, https:\/\/i0.wp.com\/www.freidenker.org\/fw17\/wp-content\/uploads\/2017\/12\/FD_2012-04_Titel_mR.jpg?fit=800%2C445&ssl=1&resize=700%2C400 2x"},"classes":[]},{"id":456,"url":"https:\/\/www.freidenker.org\/?p=456","url_meta":{"origin":716,"position":4},"title":"Freidenker-Verbandstag 2016","author":"Webmaster","date":"6. Juni 2016","format":false,"excerpt":"\"Wie wollen wir leben? Solidarisch und selbstbestimmt \u2013 ohne Kapitalismus und ohne Kriege\" - Unter diesem Motto tagte am 4. und 5. Juni 2016 in Potsdam der alle vier Jahre stattfindende Verbandstag des Deutschen Freidenker-Verbandes. Mehr als 50 Delegierte aus allen Bundesl\u00e4ndern sowie einige Dutzend weitere Funktion\u00e4re und G\u00e4ste gestalteten\u2026","rel":"","context":"In &quot;Zentrale Veranstaltungen&quot;","block_context":{"text":"Zentrale Veranstaltungen","link":"https:\/\/www.freidenker.org\/?cat=20"},"img":{"alt_text":"","src":"https:\/\/i0.wp.com\/www.freidenker.org\/fw17\/wp-content\/uploads\/2016\/08\/Verbandstag-2016.jpg?fit=800%2C445&ssl=1&resize=350%2C200","width":350,"height":200,"srcset":"https:\/\/i0.wp.com\/www.freidenker.org\/fw17\/wp-content\/uploads\/2016\/08\/Verbandstag-2016.jpg?fit=800%2C445&ssl=1&resize=350%2C200 1x, https:\/\/i0.wp.com\/www.freidenker.org\/fw17\/wp-content\/uploads\/2016\/08\/Verbandstag-2016.jpg?fit=800%2C445&ssl=1&resize=525%2C300 1.5x, https:\/\/i0.wp.com\/www.freidenker.org\/fw17\/wp-content\/uploads\/2016\/08\/Verbandstag-2016.jpg?fit=800%2C445&ssl=1&resize=700%2C400 2x"},"classes":[]},{"id":452,"url":"https:\/\/www.freidenker.org\/?p=452","url_meta":{"origin":716,"position":5},"title":"Freidenker-Verbandstag 2012 in N\u00fcrnberg","author":"Webmaster","date":"4. Juni 2012","format":false,"excerpt":"Am 2. und 3. Juni 2012 kamen die Delegierten der Landesverb\u00e4nde des Deutschen Freidenker-Verbandes (DFV) zu ihrem Verbandstag in N\u00fcrnberg zusammen, dem h\u00f6chsten Gremium der sich als Weltanschauungsgemeinschaft, Interessenvertretung konfessionsfreier Menschen und Kulturorganisation verstehenden Organisation. Der Kongress betonte die Notwendigkeit, der herrschenden Politik zur Zerst\u00f6rung von Humanit\u00e4t und Vernunft mit\u2026","rel":"","context":"In &quot;Positionen&quot;","block_context":{"text":"Positionen","link":"https:\/\/www.freidenker.org\/?cat=210"},"img":{"alt_text":"","src":"https:\/\/i0.wp.com\/www.freidenker.org\/fw17\/wp-content\/uploads\/2016\/08\/Verbandstag_2012.jpg?fit=800%2C445&ssl=1&resize=350%2C200","width":350,"height":200,"srcset":"https:\/\/i0.wp.com\/www.freidenker.org\/fw17\/wp-content\/uploads\/2016\/08\/Verbandstag_2012.jpg?fit=800%2C445&ssl=1&resize=350%2C200 1x, https:\/\/i0.wp.com\/www.freidenker.org\/fw17\/wp-content\/uploads\/2016\/08\/Verbandstag_2012.jpg?fit=800%2C445&ssl=1&resize=525%2C300 1.5x, https:\/\/i0.wp.com\/www.freidenker.org\/fw17\/wp-content\/uploads\/2016\/08\/Verbandstag_2012.jpg?fit=800%2C445&ssl=1&resize=700%2C400 2x"},"classes":[]}],"_links":{"self":[{"href":"https:\/\/www.freidenker.org\/index.php?rest_route=\/wp\/v2\/posts\/716","targetHints":{"allow":["GET"]}}],"collection":[{"href":"https:\/\/www.freidenker.org\/index.php?rest_route=\/wp\/v2\/posts"}],"about":[{"href":"https:\/\/www.freidenker.org\/index.php?rest_route=\/wp\/v2\/types\/post"}],"author":[{"embeddable":true,"href":"https:\/\/www.freidenker.org\/index.php?rest_route=\/wp\/v2\/users\/2"}],"replies":[{"embeddable":true,"href":"https:\/\/www.freidenker.org\/index.php?rest_route=%2Fwp%2Fv2%2Fcomments&post=716"}],"version-history":[{"count":0,"href":"https:\/\/www.freidenker.org\/index.php?rest_route=\/wp\/v2\/posts\/716\/revisions"}],"wp:featuredmedia":[{"embeddable":true,"href":"https:\/\/www.freidenker.org\/index.php?rest_route=\/wp\/v2\/media\/2533"}],"wp:attachment":[{"href":"https:\/\/www.freidenker.org\/index.php?rest_route=%2Fwp%2Fv2%2Fmedia&parent=716"}],"wp:term":[{"taxonomy":"category","embeddable":true,"href":"https:\/\/www.freidenker.org\/index.php?rest_route=%2Fwp%2Fv2%2Fcategories&post=716"},{"taxonomy":"post_tag","embeddable":true,"href":"https:\/\/www.freidenker.org\/index.php?rest_route=%2Fwp%2Fv2%2Ftags&post=716"}],"curies":[{"name":"wp","href":"https:\/\/api.w.org\/{rel}","templated":true}]}}