{"id":7159,"date":"2019-11-06T00:16:23","date_gmt":"2019-11-05T23:16:23","guid":{"rendered":"https:\/\/www.freidenker.org\/?p=7159"},"modified":"2019-12-17T23:59:00","modified_gmt":"2019-12-17T22:59:00","slug":"quo-vadis-junge-welt","status":"publish","type":"post","link":"https:\/\/www.freidenker.org\/?p=7159","title":{"rendered":"Quo vadis junge Welt?"},"content":{"rendered":"<h5>Kurswechsel! Njet! \u2013 Streit um die linke Tageszeitung junge Welt<\/h5>\n<p><em>Video-Interview von <strong>Pascal Luig<\/strong> (weltnetz.tv) mit <strong>Klaus Hartmann<\/strong>, Bundesvorsitzender des Deutschen Freidenker-Verbandes.<\/em><\/p>\n<p>Aufgezeichnet am 14.10.2019, L\u00e4nge 00:50:36, <span style=\"font-size: 12pt;\">ver\u00f6ffentlicht von <a href=\"https:\/\/weltnetz.tv\/video\/2174-quo-vadis-junge-welt\" target=\"_blank\" rel=\"noopener noreferrer\">weltnetz.tv<\/a> am 03.11.2019<\/span><\/p>\n<div class=\"jetpack-video-wrapper\"><span class=\"embed-youtube\" style=\"text-align:center; display: block;\"><iframe loading=\"lazy\" class=\"youtube-player\" width=\"800\" height=\"450\" src=\"https:\/\/www.youtube.com\/embed\/6Sy6PtZkh-g?version=3&#038;rel=1&#038;showsearch=0&#038;showinfo=1&#038;iv_load_policy=1&#038;fs=1&#038;hl=de-DE&#038;autohide=2&#038;wmode=transparent\" allowfullscreen=\"true\" style=\"border:0;\" sandbox=\"allow-scripts allow-same-origin allow-popups allow-presentation allow-popups-to-escape-sandbox\"><\/iframe><\/span><\/div>\n<p>Direktlink zum Video auf YouTube: <a href=\"https:\/\/www.youtube.com\/watch?v=6Sy6PtZkh-g\" target=\"_blank\" rel=\"noopener noreferrer\">https:\/\/www.youtube.com\/watch?v=6Sy6PtZkh-g<\/a><\/p>\n<p>Ein Aufruferkreis von \u00fcber sechzig Unterzeichner*innen forderte im Juli 2019 die linke Tageszeitung junge Welt auf, einige kritische Fragen zu beantworten. In dem Aufruf wird die negative Berichterstattung \u00fcber Sahra Wagenknecht, das Schreibverbot f\u00fcr einige Personen und das Ausklammern bestimmter linker Positionen angemahnt. Was zun\u00e4chst als interne Kritik gedacht war, wurde schnell \u00f6ffentlich. Die jW antwortete auf den Aufruf mit zwei Artikeln, die die Kritik vehement zur\u00fcckwiesen.*<\/p>\n<p>Mittlerweile werden der Aufruf und die Reaktion der jW haupts\u00e4chlich in linken Kreisen kontrovers diskutiert. weltnetz.tv hat deshalb zu einer Diskussionsrunde zwischen den Initiatoren des Aufrufes und der Redaktion der jW eingeladen. Die jW hat uns leider per E-Mail abgesagt. Dennoch sprachen wir mit Klaus Hartmann (Vorsitzender des Deutschen Freidenker-Verbandes) einem der Initiatoren des Aufrufes \u00fcber den innerlinken Streit.<\/p>\n<p>&nbsp;<\/p>\n<p>*Im Juli 2019 wurde der Aufruf <strong><em>\u201eWir wollen Transparenz, junge Welt!\u201c<\/em><\/strong> (<a class=\"ext\" href=\"https:\/\/www.diether-dehm.de\/images\/stories\/2019\/jw-appell-190704.pdf\" target=\"_blank\" rel=\"noopener noreferrer\">https:\/\/www.diether-dehm.de\/images\/stories\/2019\/jw-appell-190704.pdf<\/a>) per Mail an die junge Welt gesandt. In dem Aufruf fordern \u00fcber sechzig Unterzeichner*innen Antworten zu kritischen Fragen. Die jW reagierte darauf im August mit dem Artikel <strong><em>\u201ejunge Welt h\u00e4lt Kurs. Mit Kampagne soll politischer Richtungswechsel erzwungen werden\u201c<\/em><\/strong> (<a class=\"ext\" href=\"https:\/\/www.jungewelt.de\/artikel\/360557.in-eigener-sache-junge-welt-h%C3%A4lt-kurs.html\" target=\"_blank\" rel=\"noopener noreferrer\">https:\/\/www.jungewelt.de\/artikel\/360557.in-eigener-sache-junge-welt-h%C3%A4lt-kurs.html<\/a>) sowie mit der Antwort der Redaktion, des Verlages und der Genossenschaft mit dem Titel <strong><em>\u201eKurswechsel? Njet! Neue Angriffe von falschen Freunden \u2013 mit Demagogie und Verleumdung gegen unabh\u00e4ngige linke Presse\u201c<\/em><\/strong> (<a class=\"ext\" href=\"https:\/\/www.jungewelt.de\/artikel\/360867.in-eigener-sache-kurswechsel-njet.html\" target=\"_blank\" rel=\"noopener noreferrer\">https:\/\/www.jungewelt.de\/artikel\/360867.in-eigener-sache-kurswechsel-njet.html<\/a>), die ebenfalls in der jW ver\u00f6ffentlicht wurde. Auf diese beiden Artikel haben die Initiatoren des Aufrufes, Diether Dehm und Klaus Hartmann, in einer Extraausgabe des Freidenker-Briefes geantwortet (<a class=\"ext\" href=\"https:\/\/www.freidenker.org\/?p=6894\" rel=\"noopener noreferrer\">https:\/\/www.freidenker.org\/?p=6894<\/a>).<\/p>\n<hr \/>\n<p><span style=\"font-size: 10pt;\">Bild: weltnetz.tv<\/span><\/p>\n","protected":false},"excerpt":{"rendered":"<p><b>Video-Interview mit Klaus Hartmann<\/b><br \/>\nEin Aufruferkreis von \u00fcber sechzig Unterzeichner*innen forderte im Juli 2019 die linke Tageszeitung junge Welt auf, einige kritische Fragen zu beantworten.  &#8230; Was zun\u00e4chst als interne Kritik gedacht war, wurde schnell \u00f6ffentlich. &#8230; Mittlerweile werden der Aufruf und die Reaktion der jW haupts\u00e4chlich in linken Kreisen kontrovers diskutiert. weltnetz.tv hat deshalb zu einer Diskussionsrunde zwischen den Initiatoren des Aufrufes und der Redaktion der jW eingeladen. Die jW hat leider per E-Mail abgesagt. Dennoch sprach weltnetz.tv mit Klaus Hartmann (Vorsitzender des Deutschen Freidenker-Verbandes) einem der Initiatoren des Aufrufes \u00fcber den innerlinken Streit.<\/p>\n","protected":false},"author":3,"featured_media":7160,"comment_status":"closed","ping_status":"closed","sticky":false,"template":"","format":"standard","meta":{"colormag_page_container_layout":"default_layout","colormag_page_sidebar_layout":"default_layout","advanced_seo_description":"","jetpack_seo_html_title":"","jetpack_seo_noindex":false,"jetpack_post_was_ever_published":false,"footnotes":""},"categories":[12],"tags":[1201,1186,41,61,376,1130],"class_list":["post-7159","post","type-post","status-publish","format-standard","has-post-thumbnail","hentry","category-demokratie-medien-aufklaerung","tag-aufruf","tag-diether-dehm","tag-junge-welt","tag-klaus-hartmann","tag-transparenz","tag-verleumdung"],"jetpack_featured_media_url":"https:\/\/i0.wp.com\/www.freidenker.org\/fw17\/wp-content\/uploads\/2019\/11\/klaus_hartmann_weltnetz_800x445.jpg?fit=800%2C445&ssl=1","jetpack_shortlink":"https:\/\/wp.me\/p9stpK-1Rt","jetpack-related-posts":[{"id":6600,"url":"https:\/\/www.freidenker.org\/?p=6600","url_meta":{"origin":7159,"position":0},"title":"\u201eNationale Frage\u201c, \u201enationale Positionen\u201c?","author":"Webredaktion","date":"6. Juli 2019","format":false,"excerpt":"Am 7. und 13. Juni sowie am 1. Juli 2019 erschienen Beitr\u00e4ge in der Tageszeitung \u201ejunge Welt\" mit Erw\u00e4hnungen des Deutschen Freidenker-Verbandes und des Vorsitzenden Klaus Hartmann. W\u00e4hrend im ersten Beitrag u.a. behauptet wurde, \u201eHartmann (...) beschimpft uns als \u00bbDreckschleuder\u00ab\u201c, wurde im folgenden Beitrag bekannt, diesen \u201eVorwurf halten wir nicht\u2026","rel":"","context":"In &quot;Zeit der Verleumder - Freidenker f\u00fcr Klartext&quot;","block_context":{"text":"Zeit der Verleumder - Freidenker f\u00fcr Klartext","link":"https:\/\/www.freidenker.org\/?cat=937"},"img":{"alt_text":"","src":"https:\/\/i0.wp.com\/www.freidenker.org\/fw17\/wp-content\/uploads\/2019\/07\/klartext_news-2097363_800x445_v3.jpg?fit=800%2C445&ssl=1&resize=350%2C200","width":350,"height":200,"srcset":"https:\/\/i0.wp.com\/www.freidenker.org\/fw17\/wp-content\/uploads\/2019\/07\/klartext_news-2097363_800x445_v3.jpg?fit=800%2C445&ssl=1&resize=350%2C200 1x, https:\/\/i0.wp.com\/www.freidenker.org\/fw17\/wp-content\/uploads\/2019\/07\/klartext_news-2097363_800x445_v3.jpg?fit=800%2C445&ssl=1&resize=525%2C300 1.5x, https:\/\/i0.wp.com\/www.freidenker.org\/fw17\/wp-content\/uploads\/2019\/07\/klartext_news-2097363_800x445_v3.jpg?fit=800%2C445&ssl=1&resize=700%2C400 2x"},"classes":[]},{"id":6894,"url":"https:\/\/www.freidenker.org\/?p=6894","url_meta":{"origin":7159,"position":1},"title":"Freidenker-Brief EXTRA August 2019: Kurs diktieren oder diskutieren?","author":"Webredaktion","date":"31. August 2019","format":false,"excerpt":"Auf die Ver\u00f6ffentlichungen der jungen Welt am 10. August 2019 zu dem Appell \u201eWir wollen Transparenz, junge Welt!\u201c erscheint hier die Antwort der Attackierten Dr. Diether Dehm und Klaus Hartmann. Das hat zwei Gr\u00fcnde: Der erste Grund h\u00e4ngt mit dem Konflikt unmittelbar zusammen, bildet dessen Kern: dass n\u00e4mlich seitens der\u2026","rel":"","context":"In &quot;Demokratie \u2013 Medien \u2013 Aufkl\u00e4rung&quot;","block_context":{"text":"Demokratie \u2013 Medien \u2013 Aufkl\u00e4rung","link":"https:\/\/www.freidenker.org\/?cat=12"},"img":{"alt_text":"","src":"https:\/\/i0.wp.com\/www.freidenker.org\/fw17\/wp-content\/uploads\/2019\/08\/fd-brief-2019-august-coll.jpg?fit=800%2C445&ssl=1&resize=350%2C200","width":350,"height":200,"srcset":"https:\/\/i0.wp.com\/www.freidenker.org\/fw17\/wp-content\/uploads\/2019\/08\/fd-brief-2019-august-coll.jpg?fit=800%2C445&ssl=1&resize=350%2C200 1x, https:\/\/i0.wp.com\/www.freidenker.org\/fw17\/wp-content\/uploads\/2019\/08\/fd-brief-2019-august-coll.jpg?fit=800%2C445&ssl=1&resize=525%2C300 1.5x, https:\/\/i0.wp.com\/www.freidenker.org\/fw17\/wp-content\/uploads\/2019\/08\/fd-brief-2019-august-coll.jpg?fit=800%2C445&ssl=1&resize=700%2C400 2x"},"classes":[]},{"id":6400,"url":"https:\/\/www.freidenker.org\/?p=6400","url_meta":{"origin":7159,"position":2},"title":"Junge Welt im Klassenkrampf","author":"Webredaktion","date":"6. Mai 2019","format":false,"excerpt":"Beitrag von Uli Gellermann Knut Mellenthin ist recht h\u00e4ufig ein guter Journalist. Nicht selten schreibt er f\u00fcr die \u201eJunge Welt\u201c. Auch das Blatt kann Journalismus. Zeitung wie Autor d\u00fcrften also wissen, woher der Begriff \u201eJournalismus\u201c kommt: Vom franz\u00f6sischen Wort Tag. Was f\u00fcr die schreibende Zunft bedeutet, dass man t\u00e4glich, also\u2026","rel":"","context":"In &quot;Zeit der Verleumder - Freidenker f\u00fcr Klartext&quot;","block_context":{"text":"Zeit der Verleumder - Freidenker f\u00fcr Klartext","link":"https:\/\/www.freidenker.org\/?cat=937"},"img":{"alt_text":"","src":"https:\/\/i0.wp.com\/www.freidenker.org\/fw17\/wp-content\/uploads\/2019\/05\/klartext_dehm-wagenknecht_800x445.jpg?fit=800%2C445&ssl=1&resize=350%2C200","width":350,"height":200,"srcset":"https:\/\/i0.wp.com\/www.freidenker.org\/fw17\/wp-content\/uploads\/2019\/05\/klartext_dehm-wagenknecht_800x445.jpg?fit=800%2C445&ssl=1&resize=350%2C200 1x, https:\/\/i0.wp.com\/www.freidenker.org\/fw17\/wp-content\/uploads\/2019\/05\/klartext_dehm-wagenknecht_800x445.jpg?fit=800%2C445&ssl=1&resize=525%2C300 1.5x, https:\/\/i0.wp.com\/www.freidenker.org\/fw17\/wp-content\/uploads\/2019\/05\/klartext_dehm-wagenknecht_800x445.jpg?fit=800%2C445&ssl=1&resize=700%2C400 2x"},"classes":[]},{"id":3143,"url":"https:\/\/www.freidenker.org\/?p=3143","url_meta":{"origin":7159,"position":3},"title":"Rosa Luxemburg-Konferenz 2017","author":"Webredaktion","date":"15. Januar 2017","format":false,"excerpt":"Am 14. Januar 2017 fand im Berliner Konferenzhotel Mercure MOA die XXII. Internationale Rosa-Luxemburg-Konferenz statt. Die Veranstaltung wurde 1996 von der unabh\u00e4ngigen, marxistisch orientierten Tageszeitung junge Welt ins Leben gerufen. Auf der Konferenz, stets am Tag vor der traditionellen Liebknecht-Luxemburg-Ehrung, pr\u00e4sentieren junge Welt und Unterst\u00fctzerorganisationen mit politischen Referentinnen und Referenten\u2026","rel":"","context":"In &quot;Zentrale Veranstaltungen&quot;","block_context":{"text":"Zentrale Veranstaltungen","link":"https:\/\/www.freidenker.org\/?cat=20"},"img":{"alt_text":"","src":"https:\/\/i0.wp.com\/www.freidenker.org\/fw17\/wp-content\/uploads\/2017\/01\/2017-01-14-pa-1023_800x445.jpg?fit=800%2C445&ssl=1&resize=350%2C200","width":350,"height":200,"srcset":"https:\/\/i0.wp.com\/www.freidenker.org\/fw17\/wp-content\/uploads\/2017\/01\/2017-01-14-pa-1023_800x445.jpg?fit=800%2C445&ssl=1&resize=350%2C200 1x, https:\/\/i0.wp.com\/www.freidenker.org\/fw17\/wp-content\/uploads\/2017\/01\/2017-01-14-pa-1023_800x445.jpg?fit=800%2C445&ssl=1&resize=525%2C300 1.5x, https:\/\/i0.wp.com\/www.freidenker.org\/fw17\/wp-content\/uploads\/2017\/01\/2017-01-14-pa-1023_800x445.jpg?fit=800%2C445&ssl=1&resize=700%2C400 2x"},"classes":[]},{"id":15080,"url":"https:\/\/www.freidenker.org\/?p=15080","url_meta":{"origin":7159,"position":4},"title":"Update zur Fressefreiheit","author":"Webredaktion","date":"27. Januar 2023","format":false,"excerpt":"Video einer Rede von Heiner B\u00fccker Wer noch irgendwelche Illusionen \u00fcber den Zustand der Meinungsfreiheit in Deutschland hat, der vergegenw\u00e4rtige sich, dass die im Video festgehaltene Rede des Berliner Friedensaktivisten und Antifaschisten Heiner B\u00fccker wegen \"Billigung von Straftaten\" von einem Berliner Amtsrichter mit einem Strafbefehl belegt wurde. \u00dcber den Fall\u2026","rel":"","context":"In &quot;Zeit der Verleumder - Freidenker f\u00fcr Klartext&quot;","block_context":{"text":"Zeit der Verleumder - Freidenker f\u00fcr Klartext","link":"https:\/\/www.freidenker.org\/?cat=937"},"img":{"alt_text":"","src":"https:\/\/i0.wp.com\/www.freidenker.org\/fw17\/wp-content\/uploads\/2023\/01\/klartext_heiner_buecker_800x450.jpg?fit=800%2C450&ssl=1&resize=350%2C200","width":350,"height":200,"srcset":"https:\/\/i0.wp.com\/www.freidenker.org\/fw17\/wp-content\/uploads\/2023\/01\/klartext_heiner_buecker_800x450.jpg?fit=800%2C450&ssl=1&resize=350%2C200 1x, https:\/\/i0.wp.com\/www.freidenker.org\/fw17\/wp-content\/uploads\/2023\/01\/klartext_heiner_buecker_800x450.jpg?fit=800%2C450&ssl=1&resize=525%2C300 1.5x, https:\/\/i0.wp.com\/www.freidenker.org\/fw17\/wp-content\/uploads\/2023\/01\/klartext_heiner_buecker_800x450.jpg?fit=800%2C450&ssl=1&resize=700%2C400 2x"},"classes":[]},{"id":12267,"url":"https:\/\/www.freidenker.org\/?p=12267","url_meta":{"origin":7159,"position":5},"title":"M\u00fcnchen: Stoppt den Kriegskurs der NATO-Staaten","author":"Webredaktion","date":"22. Februar 2022","format":false,"excerpt":"Videos und Bilder vom Protest gegen die M\u00fcnchner \u201eSicherheitskonferenz\u201c 2022 Gegen die Kriegspropaganda der NATO Staaten und der EU demonstrierten am 19. Februar 2022\u00a0 \u00fcber 3000 Menschen in einer machtvollen Demonstration vom M\u00fcnchner Stachus zum Marienplatz. Dort fand die Abschlusskundgebung statt. Auch diesmal haben wieder viele Freidenker teilgenommen. Wir dokumentieren\u2026","rel":"","context":"In &quot;Frieden - Antifaschismus - Solidarit\u00e4t&quot;","block_context":{"text":"Frieden - Antifaschismus - Solidarit\u00e4t","link":"https:\/\/www.freidenker.org\/?cat=13"},"img":{"alt_text":"","src":"https:\/\/i0.wp.com\/www.freidenker.org\/fw17\/wp-content\/uploads\/2022\/02\/SIKO-Muenchen_6_800x450.jpg?fit=800%2C450&ssl=1&resize=350%2C200","width":350,"height":200,"srcset":"https:\/\/i0.wp.com\/www.freidenker.org\/fw17\/wp-content\/uploads\/2022\/02\/SIKO-Muenchen_6_800x450.jpg?fit=800%2C450&ssl=1&resize=350%2C200 1x, https:\/\/i0.wp.com\/www.freidenker.org\/fw17\/wp-content\/uploads\/2022\/02\/SIKO-Muenchen_6_800x450.jpg?fit=800%2C450&ssl=1&resize=525%2C300 1.5x, https:\/\/i0.wp.com\/www.freidenker.org\/fw17\/wp-content\/uploads\/2022\/02\/SIKO-Muenchen_6_800x450.jpg?fit=800%2C450&ssl=1&resize=700%2C400 2x"},"classes":[]}],"_links":{"self":[{"href":"https:\/\/www.freidenker.org\/index.php?rest_route=\/wp\/v2\/posts\/7159","targetHints":{"allow":["GET"]}}],"collection":[{"href":"https:\/\/www.freidenker.org\/index.php?rest_route=\/wp\/v2\/posts"}],"about":[{"href":"https:\/\/www.freidenker.org\/index.php?rest_route=\/wp\/v2\/types\/post"}],"author":[{"embeddable":true,"href":"https:\/\/www.freidenker.org\/index.php?rest_route=\/wp\/v2\/users\/3"}],"replies":[{"embeddable":true,"href":"https:\/\/www.freidenker.org\/index.php?rest_route=%2Fwp%2Fv2%2Fcomments&post=7159"}],"version-history":[{"count":0,"href":"https:\/\/www.freidenker.org\/index.php?rest_route=\/wp\/v2\/posts\/7159\/revisions"}],"wp:featuredmedia":[{"embeddable":true,"href":"https:\/\/www.freidenker.org\/index.php?rest_route=\/wp\/v2\/media\/7160"}],"wp:attachment":[{"href":"https:\/\/www.freidenker.org\/index.php?rest_route=%2Fwp%2Fv2%2Fmedia&parent=7159"}],"wp:term":[{"taxonomy":"category","embeddable":true,"href":"https:\/\/www.freidenker.org\/index.php?rest_route=%2Fwp%2Fv2%2Fcategories&post=7159"},{"taxonomy":"post_tag","embeddable":true,"href":"https:\/\/www.freidenker.org\/index.php?rest_route=%2Fwp%2Fv2%2Ftags&post=7159"}],"curies":[{"name":"wp","href":"https:\/\/api.w.org\/{rel}","templated":true}]}}