{"id":7110,"date":"2019-10-29T23:49:07","date_gmt":"2019-10-29T22:49:07","guid":{"rendered":"https:\/\/www.freidenker.org\/?p=7110"},"modified":"2019-11-09T13:27:49","modified_gmt":"2019-11-09T12:27:49","slug":"zum-50-jahrestag-der-schwedisch-koreanischen-vereinigung","status":"publish","type":"post","link":"https:\/\/www.freidenker.org\/?p=7110","title":{"rendered":"Zum 50. Jahrestag der Schwedisch-Koreanischen Vereinigung"},"content":{"rendered":"<p><em>von <strong>Einar Schlereth<\/strong><\/em><\/p>\n<p>Erstver\u00f6ffentlichung am 28.10.2019 auf <a href=\"https:\/\/einarschlereth.blogspot.com\/2019\/10\/rede-zum-50-jahrestag-der-schwedisch.html\" target=\"_blank\" rel=\"noopener noreferrer\">einarschlereth.blogspot.com<\/a><\/p>\n<p><em>Vorbemerkung<\/em><\/p>\n<p><i>Gestern abend kam ich aus Stockholm zur\u00fcck, wo ich auf Einladung des alten Freundes Christer Lundgren &#8211; langj\u00e4hriger Vorsitzender dieser Vereinigung &#8211; eine kurze Rede halten konnte, die viel Beifall fand. Ihr Inhalt wurde im Verlauf des Nachmittags auch von anderen Leuten aus dem Publikum best\u00e4tigt &#8211; insbesondere der Einsatz von den Bio- und Gaswaffen sowie die Vorliebe der Amerikaner, wehrlose Kinder, Frauen\u00a0<\/i><i>und Invaliden zu bombardieren. Eine bekannte schwedische \u00c4rztin, Dr. Andr\u00e9, die \u00fcber den Einsatz der verbotetenen Waffen in Korea geforscht hatte, war sogar Mitglied der Vereinigung gewesen bis zu ihrem Tod in den siebziger Jahren. Auf <a href=\"https:\/\/einarschlereth.blogspot.com\" target=\"_blank\" rel=\"noopener noreferrer\">diesem Blog<\/a> sind <a href=\"https:\/\/einarschlereth.blogspot.com\/search?q=korea\" target=\"_blank\" rel=\"noopener noreferrer\">weitere Artikel zu Nord- und S\u00fcdkorea<\/a> zu finden.<\/i><\/p>\n<h5>Rede zum 50. Jahrestag der Schwedisch-Koreanischen Vereinigung am 26. Oktober 2019<\/h5>\n<p><b>Sehr verehrter Botschafter der Demokratischen Republik Korea, verehrte Damen und Herren und alle Freunde<\/b>!<\/p>\n<p>Da Korea und Deutschland ein \u00e4hnliches Schicksal hatten und immer noch haben, dachte ich, als Deutscher einige Worte sagen zu m\u00fcssen.<\/p>\n<p>Ich war erst 15 Jahre alt, als die US-Truppen mit ihren Alliierten in Nordkorea ein-marschierten. Obwohl ich in dem kleinen Blatt der kleinen bayrischen Stadt nur wenig \u00fcber den Krieg fand \u2013 sehr wenig, wenn die Amerikaner verloren, mehr, wenn sie mal siegten \u2013 sammelte ich alle diese Nachrichten sorgf\u00e4ltig von Anfang bis zum Ende mit dem Waffenstillstand und klebte sie in ein Heft. Ich freute mich, wenn die Koreaner siegten, war betr\u00fcbt, wenn sie zur\u00fcckgedr\u00e4ngt wurden.<\/p>\n<p>Erst viel sp\u00e4ter merkte ich, dass West-Deutschland und die anderen Westl\u00e4nder nie f\u00fcr die Koreaner Partei ergriffen, sondern immer nur auf diese \u00abverdammten Kommunisten\u00bb schimpften. Sp\u00e4ter las ich dann ja die B\u00fccher von Burchett, Needham und anderen, in denen ich mehr erfuhr, was mich einerseits besch\u00e4mte und andrerseits in Wut versetzte.<\/p>\n<p>Ich war gerade 7 Jahre alt geworden, als wir 2 Wochen sp\u00e4ter am 1. Januar 1945 bei &#8211; 42\u00b0 C aus unserer Heimat fl\u00fcchteten, die heute zu Polen geh\u00f6rt. Die Flucht quer durch Deutschland dauerte 10 Monate, mit einigen Aufenthalten mit den Russen auf unseren Fersen. Und wir flohen weiter. Und st\u00e4ndig \u2013 bis zum 15. Mai &#8211; dem Tag des Waffenstillstandes &#8211; wurden wir regelm\u00e4\u00dfig bombardiert von den Amerikanern und Engl\u00e4ndern \u2013 nie v\u00f3n den Russen. Die wussten ja, dass die endlosen Fl\u00fcchtlingskolonnen nur aus Kindern, Frauen, Alten und Invaliden bestanden. Ein Bild habe ich das ganze Leben vor Augen: Eine Frau, die mit dem Kinderwagen \u00fcber einen Acker rennt und ein Jet, der so tief fliegt, dass wir, im Stra\u00dfengraben liegend, die beiden Piloten deutlich sehen konnten, wie sie schossen, nicht trafen umkehrten, abermals schossen und trafen und mehr wei\u00df ich nicht. Ich glaube, ich wurde ohnm\u00e4chtig.<\/p>\n<p>Damals glaubte ich, dass dies halt ein paar sehr b\u00f6se Menschen waren. Erst sehr viel sp\u00e4ter, w\u00e4hrend des Vietnamkrieges und der anderen imperialistischen Kriege habe ich begriffen, dass es nicht nur ein paar b\u00f6se Menschen waren, sondern dass die Amis es liebten, sicher hoch oben im Flugzeug zu sitzen und Menschen zu bombardieren, wie sie es ja auch die ganze Zeit in Korea machten. Und ich begriff auch, dass das US System insgesamt teuflisch ist.<\/p>\n<p>Von Anfang an f\u00fchrten alle europ\u00e4ischen Menschen, die nach Nordamerika str\u00f6mten, einen Ausrottungskrieg gegen die indigenen V\u00f6lker. Sie kriegten st\u00e4ndig. In fast 400 Jahren haben sie nur 17 Jahre in Frieden gelebt. Spanien, England, Frankreich, USA und Holland f\u00fchrten die meisten Kriege der Welt. Das muss ja einen Eindruck in der Psyche hinterlassen.<\/p>\n<p>Aber Krieg hat ja einen Zweck. Und der ist, Land und Reicht\u00fcmer zu stehlen und die Menschen andrer L\u00e4nder zu unterdr\u00fccken, um ihre Arbeitskraft zu nutzen und sie in Sklaven zu verwandeln. Was ist das Gegenteil dazu? Das ist China. Tausend Jahre hat dieses Land keinen Krieg gef\u00fchrt. Gewiss hat es Handel getrieben, aber ohne Waffen und ohne Kanonenboote. Nach Indonesien, Ceylon, Indien, Oman und die ganze ostafrikanische K\u00fcste besuchten sie mit ihren riesigen Schiffen. Sie haben gekauft, getauscht, gehandelt.<\/p>\n<p>Im 19. Jahrhundert dann begannen 100 Jahre der Erniedrigung, der Pl\u00fcnderung durch die westlicen \u00abKultur\u00bb-L\u00e4nder und den japanischen Imperialismus. 1948 konnte Mao dne Sieg ausrufen und die Gr\u00fcndung der Volksrepublik China. Dann begann \u2013 ohne Krieg und Gewalt und Diebstahl und List und Betr\u00fcgerei \u2013 allein durch eigene Kraft eine Zeit des Wiederaufbaus des gigantischen Landes mit 1.4 Mrd. Menschen, was die Welt in Erstaunen versetzte.<\/p>\n<p>Im geringeren Ma\u00dfstab hat Korea, besonders Nordkorea, dasselbe gemacht. Aus eigener Kraft hat es zweimal das Land aufgebaut. Beim 2. Mal hat vor allem Nordkorea die gr\u00f6\u00dfte Last getragen. Die Amerikaner haben das ganze Land derart verw\u00fcstet, dass es kaum vorstellbar ist. Die USA haben sogar Gas und biologische Waffen eingesetzt. Es war viel schlimmer als in Deutschland. Au\u00dferdem hat Amerika ein Drittel der Bev\u00f6lkerung ermordet. Auf Deutschland \u00fcbertragen w\u00e4ren das 27 Millionen Leute gewesen, so viele, wie die Deutschen in Russland ermordet haben. Eine solch irre Zerst\u00f6rung, so furchtbar viele Tote haben wir erst sp\u00e4ter wieder in Vietnam und Laos erlebt.<\/p>\n<p>Alle diese amerikanischen und japanischen Kriegsverbrechen, alle diese massiven Massaker sind niemals ges\u00fchnt worden. Nicht ein Pfennig wurde bezahlt. Und das Schlimmste ist, dass Korea immer noch keinen Friedensvertrag erhalten hat, immer noch nicht wiedervereinigt ist und im s\u00fcdlichen Teil nach siebzig Jahren immer noch besetzt ist, wie Deutschland auch.<\/p>\n<p>F\u00fcr mich als Deutschen ist es besonders sch\u00e4ndlich, dass West-Deutschland und das wiedervereinigte Deutschland niemals Nordkorea eine helfende Hand gereicht haben, niemals die widrigen Handlungen verurteilt hat, deren sich die USA schuldig machte gegen das tapfere, stolze koreanische Volk.<\/p>\n<p>Vielen Dank.<\/p>\n<p style=\"text-align: right;\"><em>Einar Schlereth lebt in Schweden, er ist Mitglied des Deutschen Freidenker-Verbandes und der Weltunion der Freidenker<\/em><\/p>\n<hr \/>\n<p><span style=\"font-size: 10pt;\">Bild: Pj\u00f6ngjang &#8211; Monument der Arbeiterpartei<\/span><br \/>\n<span style=\"font-size: 10pt;\">Quelle: <a href=\"https:\/\/pixabay.com\/de\/photos\/architektur-himmel-reise-stadt-3329297\/\" target=\"_blank\" rel=\"noopener noreferrer\">pixabay<\/a> \/ User: <a class=\"hover_opacity\" href=\"https:\/\/pixabay.com\/de\/users\/peteranta-8613080\/\">peteranta<\/a> \/ Lizenz: <a href=\"https:\/\/pixabay.com\/de\/service\/license\/\">Pixabay License<\/a><\/span><\/p>\n","protected":false},"excerpt":{"rendered":"<p><b>Rede von Einar Schlereth zum 50. Jahrestag der Schwedisch-Koreanischen Vereinigung am 26. Oktober 2019<\/b><br \/>\nDa Korea und Deutschland ein \u00e4hnliches Schicksal hatten und immer noch haben, dachte ich, als Deutscher einige Worte sagen zu m\u00fcssen.<br \/>\nIch war erst 15 Jahre alt, als die US-Truppen mit ihren Alliierten in Nordkorea ein-marschierten. Obwohl ich in dem kleinen Blatt der kleinen bayrischen Stadt nur wenig \u00fcber den Krieg fand \u2013 sehr wenig, wenn die Amerikaner verloren, mehr, wenn sie mal siegten \u2013 sammelte ich alle diese Nachrichten sorgf\u00e4ltig von Anfang bis zum Ende mit dem Waffenstillstand und klebte sie in ein Heft. Ich freute mich, wenn die Koreaner siegten, war betr\u00fcbt, wenn sie zur\u00fcckgedr\u00e4ngt wurden. &#8230;<\/p>\n","protected":false},"author":3,"featured_media":7112,"comment_status":"closed","ping_status":"closed","sticky":false,"template":"","format":"standard","meta":{"colormag_page_container_layout":"default_layout","colormag_page_sidebar_layout":"default_layout","advanced_seo_description":"","jetpack_seo_html_title":"","jetpack_seo_noindex":false,"jetpack_post_was_ever_published":false,"footnotes":""},"categories":[13,1162],"tags":[1198,1199,746,185],"class_list":["post-7110","post","type-post","status-publish","format-standard","has-post-thumbnail","hentry","category-frieden-antifaschismus-solidaritaet","category-geschichte","tag-korea","tag-koreakrieg","tag-kriegsverbrechen","tag-usa"],"jetpack_featured_media_url":"https:\/\/i0.wp.com\/www.freidenker.org\/fw17\/wp-content\/uploads\/2019\/10\/pjoengjang_architecture-3329297_800x445.jpg?fit=800%2C445&ssl=1","jetpack_shortlink":"https:\/\/wp.me\/p9stpK-1QG","jetpack-related-posts":[{"id":20186,"url":"https:\/\/www.freidenker.org\/?p=20186","url_meta":{"origin":7110,"position":0},"title":"Der Generalbundesanwalt \u2013 Marco Buschmanns Fachmann f\u00fcr Unrecht","author":"Webredaktion","date":"2. November 2024","format":false,"excerpt":"Beitrag von Dagmar Henn Vielleicht hat Bundesjustizminister Marco Buschmann nur das Gef\u00fchl, nicht genug f\u00fcr die Zerst\u00f6rung jeder Rechtsstaatlichkeit in Deutschland getan zu haben \u2013 Innenministerin Nancy Faeser ist ihm auf jeden Fall mehr als eine Nasenl\u00e4nge voraus. Aber er gibt sich M\u00fche. Und er hat sich anscheinend qualifizierte Hilfe\u2026","rel":"","context":"In &quot;Demokratie \u2013 Medien \u2013 Aufkl\u00e4rung&quot;","block_context":{"text":"Demokratie \u2013 Medien \u2013 Aufkl\u00e4rung","link":"https:\/\/www.freidenker.org\/?cat=12"},"img":{"alt_text":"","src":"https:\/\/i0.wp.com\/www.freidenker.org\/fw17\/wp-content\/uploads\/2024\/11\/Generalbundesanwaltschaft2_cropped_800x450.jpg?fit=800%2C450&ssl=1&resize=350%2C200","width":350,"height":200,"srcset":"https:\/\/i0.wp.com\/www.freidenker.org\/fw17\/wp-content\/uploads\/2024\/11\/Generalbundesanwaltschaft2_cropped_800x450.jpg?fit=800%2C450&ssl=1&resize=350%2C200 1x, https:\/\/i0.wp.com\/www.freidenker.org\/fw17\/wp-content\/uploads\/2024\/11\/Generalbundesanwaltschaft2_cropped_800x450.jpg?fit=800%2C450&ssl=1&resize=525%2C300 1.5x, https:\/\/i0.wp.com\/www.freidenker.org\/fw17\/wp-content\/uploads\/2024\/11\/Generalbundesanwaltschaft2_cropped_800x450.jpg?fit=800%2C450&ssl=1&resize=700%2C400 2x"},"classes":[]},{"id":24913,"url":"https:\/\/www.freidenker.org\/?p=24913","url_meta":{"origin":7110,"position":1},"title":"Aus der Geschichte lernen!","author":"Webredaktion","date":"19. April 2026","format":false,"excerpt":"Beitrag von Prof. Dr. Anton Latzo In diesem Jahr (2026) begehen wir den 80. Jahrestag der Vereinigung von KPD und SPD und der Gr\u00fcndung der Sozialistischen Einheitspartei Deutschlands (SED). Das erfolgte unter den Bedingungen, die durch den Sieg der Alliierten \u00fcber Faschismus und Militarismus im zweiten Weltkrieg und in Verwirklichung\u2026","rel":"","context":"In &quot;Aktuelles&quot;","block_context":{"text":"Aktuelles","link":"https:\/\/www.freidenker.org\/?cat=574"},"img":{"alt_text":"","src":"https:\/\/i0.wp.com\/www.freidenker.org\/fw17\/wp-content\/uploads\/2026\/04\/Fotothek_df_pk_0000172_011_Pieck_Grothewohl_800x450.jpg?fit=800%2C450&ssl=1&resize=350%2C200","width":350,"height":200,"srcset":"https:\/\/i0.wp.com\/www.freidenker.org\/fw17\/wp-content\/uploads\/2026\/04\/Fotothek_df_pk_0000172_011_Pieck_Grothewohl_800x450.jpg?fit=800%2C450&ssl=1&resize=350%2C200 1x, https:\/\/i0.wp.com\/www.freidenker.org\/fw17\/wp-content\/uploads\/2026\/04\/Fotothek_df_pk_0000172_011_Pieck_Grothewohl_800x450.jpg?fit=800%2C450&ssl=1&resize=525%2C300 1.5x, https:\/\/i0.wp.com\/www.freidenker.org\/fw17\/wp-content\/uploads\/2026\/04\/Fotothek_df_pk_0000172_011_Pieck_Grothewohl_800x450.jpg?fit=800%2C450&ssl=1&resize=700%2C400 2x"},"classes":[]},{"id":15688,"url":"https:\/\/www.freidenker.org\/?p=15688","url_meta":{"origin":7110,"position":2},"title":"Hat die Ukraine noch eine Zukunft, oder hat der Verteilungskampf schon begonnen?","author":"Webredaktion","date":"5. April 2023","format":false,"excerpt":"Beitrag von Anti-Spiegel (d.i. Thomas R\u00f6per) Bisher redet noch niemand in der EU offen dar\u00fcber, dass die Tage der Ukraine gez\u00e4hlt sind, aber anscheinend hat hinter den Kulissen schon der Kampf um die \u201eReste der Ukraine\u201c begonnen. Ich will das vor allem Beispiel Rum\u00e4nien und Moldawien aufzeigen, wo die Lage\u2026","rel":"","context":"In &quot;Demokratie \u2013 Medien \u2013 Aufkl\u00e4rung&quot;","block_context":{"text":"Demokratie \u2013 Medien \u2013 Aufkl\u00e4rung","link":"https:\/\/www.freidenker.org\/?cat=12"},"img":{"alt_text":"","src":"https:\/\/i0.wp.com\/www.freidenker.org\/fw17\/wp-content\/uploads\/2023\/04\/ukraine_eu_800x450.jpg?fit=800%2C450&ssl=1&resize=350%2C200","width":350,"height":200,"srcset":"https:\/\/i0.wp.com\/www.freidenker.org\/fw17\/wp-content\/uploads\/2023\/04\/ukraine_eu_800x450.jpg?fit=800%2C450&ssl=1&resize=350%2C200 1x, https:\/\/i0.wp.com\/www.freidenker.org\/fw17\/wp-content\/uploads\/2023\/04\/ukraine_eu_800x450.jpg?fit=800%2C450&ssl=1&resize=525%2C300 1.5x, https:\/\/i0.wp.com\/www.freidenker.org\/fw17\/wp-content\/uploads\/2023\/04\/ukraine_eu_800x450.jpg?fit=800%2C450&ssl=1&resize=700%2C400 2x"},"classes":[]},{"id":23708,"url":"https:\/\/www.freidenker.org\/?p=23708","url_meta":{"origin":7110,"position":3},"title":"Dresdner Hammerbanden-Prozess: Die Avantgarde der Zust\u00e4nde?","author":"Webredaktion","date":"5. Dezember 2025","format":false,"excerpt":"Von Dagmar Henn Das war schon bizarr genug bei den Sympathieerkl\u00e4rungen f\u00fcr Simeon \"Maja\" T., der in Ungarn vor Gericht steht. Jetzt l\u00e4uft der n\u00e4chste gro\u00dfe Prozess gegen die \"Antifa Ost\" in Dresden. Und die Behauptung, dass sie Antifaschisten w\u00e4ren, wird nicht infrage gestellt. Schon die \u00dcberschriften fallen auf: Ich\u2026","rel":"","context":"In &quot;Demokratie \u2013 Medien \u2013 Aufkl\u00e4rung&quot;","block_context":{"text":"Demokratie \u2013 Medien \u2013 Aufkl\u00e4rung","link":"https:\/\/www.freidenker.org\/?cat=12"},"img":{"alt_text":"","src":"https:\/\/i0.wp.com\/www.freidenker.org\/fw17\/wp-content\/uploads\/2025\/12\/Leipzig_Herderstrasse_13_Free_Lina_800x450.jpg?fit=800%2C450&ssl=1&resize=350%2C200","width":350,"height":200,"srcset":"https:\/\/i0.wp.com\/www.freidenker.org\/fw17\/wp-content\/uploads\/2025\/12\/Leipzig_Herderstrasse_13_Free_Lina_800x450.jpg?fit=800%2C450&ssl=1&resize=350%2C200 1x, https:\/\/i0.wp.com\/www.freidenker.org\/fw17\/wp-content\/uploads\/2025\/12\/Leipzig_Herderstrasse_13_Free_Lina_800x450.jpg?fit=800%2C450&ssl=1&resize=525%2C300 1.5x, https:\/\/i0.wp.com\/www.freidenker.org\/fw17\/wp-content\/uploads\/2025\/12\/Leipzig_Herderstrasse_13_Free_Lina_800x450.jpg?fit=800%2C450&ssl=1&resize=700%2C400 2x"},"classes":[]},{"id":9169,"url":"https:\/\/www.freidenker.org\/?p=9169","url_meta":{"origin":7110,"position":4},"title":"\u00dcber 100.000 Euro f\u00fcr russische Veteranen","author":"Webredaktion","date":"8. Januar 2021","format":false,"excerpt":"Auf Initiative des deutschen Fallschirmj\u00e4ger-Traditionsverbandes Ost e.V. wurde im Dezember 2020 eine Spendensammlung f\u00fcr russische Veteranen des Zweiten Weltkriegs, f\u00fcr \u00dcberlebende der KZs und der Blockade von Leningrad gestartet. Das Ergebnis, 100.200,00 Euro, wurde am 5. Januar 2021, dem Vorabend des russischen Weihnachtsfestes in Berlin vor dem Sowjetischen Ehrenmal im\u2026","rel":"","context":"In &quot;Frieden - Antifaschismus - Solidarit\u00e4t&quot;","block_context":{"text":"Frieden - Antifaschismus - Solidarit\u00e4t","link":"https:\/\/www.freidenker.org\/?cat=13"},"img":{"alt_text":"","src":"https:\/\/i0.wp.com\/www.freidenker.org\/fw17\/wp-content\/uploads\/2021\/01\/210105-glinka_u_uli_800x450.jpg?fit=800%2C450&ssl=1&resize=350%2C200","width":350,"height":200,"srcset":"https:\/\/i0.wp.com\/www.freidenker.org\/fw17\/wp-content\/uploads\/2021\/01\/210105-glinka_u_uli_800x450.jpg?fit=800%2C450&ssl=1&resize=350%2C200 1x, https:\/\/i0.wp.com\/www.freidenker.org\/fw17\/wp-content\/uploads\/2021\/01\/210105-glinka_u_uli_800x450.jpg?fit=800%2C450&ssl=1&resize=525%2C300 1.5x, https:\/\/i0.wp.com\/www.freidenker.org\/fw17\/wp-content\/uploads\/2021\/01\/210105-glinka_u_uli_800x450.jpg?fit=800%2C450&ssl=1&resize=700%2C400 2x"},"classes":[]},{"id":24303,"url":"https:\/\/www.freidenker.org\/?p=24303","url_meta":{"origin":7110,"position":5},"title":"Deutschland: Isolationshaft f\u00fcr Babynahrung?","author":"Webredaktion","date":"26. Januar 2026","format":false,"excerpt":"Beitrag von Dagmar Henn Am 21. Januar wurden in Deutschland zwei M\u00e4nner verhaftet; einer davon russischer Staatsb\u00fcrger. Der Vorwurf? \"Unterst\u00fctzung einer terroristischen Vereinigung\". Das ist der bisherige H\u00f6hepunkt einer Auseinandersetzung, die immer befremdlichere Z\u00fcge annimmt. Es geht um einen Verein, der seit 2015 humanit\u00e4re Hilfe in den Donbass geliefert hat:\u2026","rel":"","context":"In &quot;Frieden - Antifaschismus - Solidarit\u00e4t&quot;","block_context":{"text":"Frieden - Antifaschismus - Solidarit\u00e4t","link":"https:\/\/www.freidenker.org\/?cat=13"},"img":{"alt_text":"","src":"https:\/\/i0.wp.com\/www.freidenker.org\/fw17\/wp-content\/uploads\/2026\/01\/kinder_jelenovka_800x450.jpg?fit=800%2C450&ssl=1&resize=350%2C200","width":350,"height":200,"srcset":"https:\/\/i0.wp.com\/www.freidenker.org\/fw17\/wp-content\/uploads\/2026\/01\/kinder_jelenovka_800x450.jpg?fit=800%2C450&ssl=1&resize=350%2C200 1x, https:\/\/i0.wp.com\/www.freidenker.org\/fw17\/wp-content\/uploads\/2026\/01\/kinder_jelenovka_800x450.jpg?fit=800%2C450&ssl=1&resize=525%2C300 1.5x, https:\/\/i0.wp.com\/www.freidenker.org\/fw17\/wp-content\/uploads\/2026\/01\/kinder_jelenovka_800x450.jpg?fit=800%2C450&ssl=1&resize=700%2C400 2x"},"classes":[]}],"_links":{"self":[{"href":"https:\/\/www.freidenker.org\/index.php?rest_route=\/wp\/v2\/posts\/7110","targetHints":{"allow":["GET"]}}],"collection":[{"href":"https:\/\/www.freidenker.org\/index.php?rest_route=\/wp\/v2\/posts"}],"about":[{"href":"https:\/\/www.freidenker.org\/index.php?rest_route=\/wp\/v2\/types\/post"}],"author":[{"embeddable":true,"href":"https:\/\/www.freidenker.org\/index.php?rest_route=\/wp\/v2\/users\/3"}],"replies":[{"embeddable":true,"href":"https:\/\/www.freidenker.org\/index.php?rest_route=%2Fwp%2Fv2%2Fcomments&post=7110"}],"version-history":[{"count":0,"href":"https:\/\/www.freidenker.org\/index.php?rest_route=\/wp\/v2\/posts\/7110\/revisions"}],"wp:featuredmedia":[{"embeddable":true,"href":"https:\/\/www.freidenker.org\/index.php?rest_route=\/wp\/v2\/media\/7112"}],"wp:attachment":[{"href":"https:\/\/www.freidenker.org\/index.php?rest_route=%2Fwp%2Fv2%2Fmedia&parent=7110"}],"wp:term":[{"taxonomy":"category","embeddable":true,"href":"https:\/\/www.freidenker.org\/index.php?rest_route=%2Fwp%2Fv2%2Fcategories&post=7110"},{"taxonomy":"post_tag","embeddable":true,"href":"https:\/\/www.freidenker.org\/index.php?rest_route=%2Fwp%2Fv2%2Ftags&post=7110"}],"curies":[{"name":"wp","href":"https:\/\/api.w.org\/{rel}","templated":true}]}}