{"id":7095,"date":"2019-10-25T02:45:43","date_gmt":"2019-10-25T00:45:43","guid":{"rendered":"https:\/\/www.freidenker.org\/?p=7095"},"modified":"2019-10-31T02:32:37","modified_gmt":"2019-10-31T01:32:37","slug":"ermaechtigungsgesetz-notstandsgesetze-klimanotstand","status":"publish","type":"post","link":"https:\/\/www.freidenker.org\/?p=7095","title":{"rendered":"\u201eErm\u00e4chtigungsgesetz \u2013 Notstandsgesetze \u2013 Klimanotstand?\u201c"},"content":{"rendered":"<h5>Einladung zur Diskussion<\/h5>\n<p><strong>Sonnabend, 26. Oktober 2019, 10:00 Uhr<br \/>\n<\/strong><strong>Jugendherberg, <\/strong><strong>Leiterstra\u00dfe 10, 39104 Magdeburg<\/strong><\/p>\n<p><em>Einleitungsreferat: <strong>Klaus Hartmann<\/strong><\/em><\/p>\n<p>Wenn eine Regierung Steuern erh\u00f6hen oder neue einf\u00fchren will, st\u00f6\u00dft das \u00fcblicherweise auf mehr oder weniger massive Proteste. Neuerdings gibt es hingegen Demonstrationen \u2013 f\u00fcr Steuererh\u00f6hungen! W\u00e4hrend das noch einer masochistischen Neigung oder der tiefverwurzelten Mentalit\u00e4t des Ablasshandels entspringen mag, ist bei einem anderen Thema Schluss mit lustig:<\/p>\n<table style=\"border-collapse: collapse; width: 100%;\">\n<tbody>\n<tr>\n<td style=\"width: 50%;\"><span style=\"font-size: 14pt;\"><em><strong>Damals:<\/strong><\/em><\/span><\/td>\n<td style=\"width: 50%;\"><span style=\"font-size: 14pt;\"><em><strong>Heute:<\/strong><\/em><\/span><\/td>\n<\/tr>\n<tr>\n<td style=\"width: 50%;\"><img data-recalc-dims=\"1\" loading=\"lazy\" decoding=\"async\" data-attachment-id=\"7096\" data-permalink=\"https:\/\/www.freidenker.org\/?attachment_id=7096\" data-orig-file=\"https:\/\/i0.wp.com\/www.freidenker.org\/fw17\/wp-content\/uploads\/2019\/10\/Notstand1.jpg?fit=500%2C356&amp;ssl=1\" data-orig-size=\"500,356\" data-comments-opened=\"0\" data-image-meta=\"{&quot;aperture&quot;:&quot;0&quot;,&quot;credit&quot;:&quot;&quot;,&quot;camera&quot;:&quot;&quot;,&quot;caption&quot;:&quot;&quot;,&quot;created_timestamp&quot;:&quot;0&quot;,&quot;copyright&quot;:&quot;&quot;,&quot;focal_length&quot;:&quot;0&quot;,&quot;iso&quot;:&quot;0&quot;,&quot;shutter_speed&quot;:&quot;0&quot;,&quot;title&quot;:&quot;&quot;,&quot;orientation&quot;:&quot;0&quot;}\" data-image-title=\"Notstand1\" data-image-description=\"\" data-image-caption=\"\" data-large-file=\"https:\/\/i0.wp.com\/www.freidenker.org\/fw17\/wp-content\/uploads\/2019\/10\/Notstand1.jpg?fit=500%2C356&amp;ssl=1\" class=\"alignnone wp-image-7096 size-medium\" src=\"https:\/\/i0.wp.com\/www.freidenker.org\/fw17\/wp-content\/uploads\/2019\/10\/Notstand1.jpg?resize=300%2C214&#038;ssl=1\" alt=\"\" width=\"300\" height=\"214\" srcset=\"https:\/\/i0.wp.com\/www.freidenker.org\/fw17\/wp-content\/uploads\/2019\/10\/Notstand1.jpg?resize=300%2C214&amp;ssl=1 300w, https:\/\/i0.wp.com\/www.freidenker.org\/fw17\/wp-content\/uploads\/2019\/10\/Notstand1.jpg?w=500&amp;ssl=1 500w\" sizes=\"auto, (max-width: 300px) 100vw, 300px\" \/><\/td>\n<td style=\"width: 50%;\"><img data-recalc-dims=\"1\" loading=\"lazy\" decoding=\"async\" data-attachment-id=\"7097\" data-permalink=\"https:\/\/www.freidenker.org\/?attachment_id=7097\" data-orig-file=\"https:\/\/i0.wp.com\/www.freidenker.org\/fw17\/wp-content\/uploads\/2019\/10\/Notstand2.jpg?fit=580%2C433&amp;ssl=1\" data-orig-size=\"580,433\" data-comments-opened=\"0\" data-image-meta=\"{&quot;aperture&quot;:&quot;0&quot;,&quot;credit&quot;:&quot;&quot;,&quot;camera&quot;:&quot;&quot;,&quot;caption&quot;:&quot;&quot;,&quot;created_timestamp&quot;:&quot;0&quot;,&quot;copyright&quot;:&quot;&quot;,&quot;focal_length&quot;:&quot;0&quot;,&quot;iso&quot;:&quot;0&quot;,&quot;shutter_speed&quot;:&quot;0&quot;,&quot;title&quot;:&quot;&quot;,&quot;orientation&quot;:&quot;0&quot;}\" data-image-title=\"Notstand2\" data-image-description=\"\" data-image-caption=\"\" data-large-file=\"https:\/\/i0.wp.com\/www.freidenker.org\/fw17\/wp-content\/uploads\/2019\/10\/Notstand2.jpg?fit=580%2C433&amp;ssl=1\" class=\"alignnone wp-image-7097 size-medium\" src=\"https:\/\/i0.wp.com\/www.freidenker.org\/fw17\/wp-content\/uploads\/2019\/10\/Notstand2.jpg?resize=300%2C224&#038;ssl=1\" alt=\"\" width=\"300\" height=\"224\" srcset=\"https:\/\/i0.wp.com\/www.freidenker.org\/fw17\/wp-content\/uploads\/2019\/10\/Notstand2.jpg?resize=300%2C224&amp;ssl=1 300w, https:\/\/i0.wp.com\/www.freidenker.org\/fw17\/wp-content\/uploads\/2019\/10\/Notstand2.jpg?w=580&amp;ssl=1 580w\" sizes=\"auto, (max-width: 300px) 100vw, 300px\" \/><\/td>\n<\/tr>\n<\/tbody>\n<\/table>\n<p>Die erste \u201eGro\u00dfe Koalition\u201c in Westdeutschland setzte im Bundestag 1968 die \u201eNotstandsgesetze\u201c durch. Sie missachtete den breiten au\u00dferparlamentarischen Protest, zu dem das \u00fcberparteiliche Kuratorium \u201eNotstand der Demokratie\u201c aufrief. Doch wie sollte es anders sein: \u201eIm Hintergrund zog die SED die Strippen.\u201c (\u201eDie Welt\u201c, 11.05.2018)<\/p>\n<p>Die Diskussion und die Praxis von Not- oder Ausnahmezust\u00e4nden ist aber viel \u00e4lter \u2013 vom antiken Griechenland \u00fcber den Kirchenlehrer Augustinus, von Napoleon bis zur Weimarer Republik und dem Staatsrechtler Carl Schmitt \u2026 deshalb geht es im Vortrag schwerpunktm\u00e4\u00dfig um <strong>Historisches, Juristisches und Politisches zum Ausnahmezustand. <\/strong><\/p>\n<p>Wie stehen Freidenker, traditionell engagiert gegen Kirchenprivilegien, f\u00fcr Frauenrechte, gegen Demokratieabbau und \u00dcberwachungsstaat, zur Forderung nach Ausrufung des Klimanotstands?<\/p>\n<hr \/>\n<p>Download:<\/p>\n<p><img data-recalc-dims=\"1\" loading=\"lazy\" decoding=\"async\" data-attachment-id=\"1076\" data-permalink=\"https:\/\/www.freidenker.org\/?attachment_id=1076\" data-orig-file=\"https:\/\/i0.wp.com\/www.freidenker.org\/fw17\/wp-content\/uploads\/2017\/10\/pdf_icon-2.png?fit=32%2C32&amp;ssl=1\" data-orig-size=\"32,32\" data-comments-opened=\"0\" data-image-meta=\"{&quot;aperture&quot;:&quot;0&quot;,&quot;credit&quot;:&quot;&quot;,&quot;camera&quot;:&quot;&quot;,&quot;caption&quot;:&quot;&quot;,&quot;created_timestamp&quot;:&quot;0&quot;,&quot;copyright&quot;:&quot;&quot;,&quot;focal_length&quot;:&quot;0&quot;,&quot;iso&quot;:&quot;0&quot;,&quot;shutter_speed&quot;:&quot;0&quot;,&quot;title&quot;:&quot;&quot;,&quot;orientation&quot;:&quot;0&quot;}\" data-image-title=\"pdf_icon\" data-image-description=\"\" data-image-caption=\"\" data-large-file=\"https:\/\/i0.wp.com\/www.freidenker.org\/fw17\/wp-content\/uploads\/2017\/10\/pdf_icon-2.png?fit=32%2C32&amp;ssl=1\" class=\"alignnone size-full wp-image-1076\" src=\"https:\/\/i0.wp.com\/www.freidenker.org\/fw17\/wp-content\/uploads\/2017\/10\/pdf_icon-2.png?resize=32%2C32&#038;ssl=1\" alt=\"\" width=\"32\" height=\"32\" \/> Die <a href=\"https:\/\/www.freidenker.org\/fw17\/wp-content\/uploads\/2019\/10\/VV-191026-Veranstaltung.pdf\" target=\"_blank\" rel=\"noopener noreferrer\">Einladung zur Veranstaltung als PDF-Dokument<\/a> ansehen oder herunterladen.<\/p>\n<hr \/>\n<p>&nbsp;<\/p>\n<p>&nbsp;<\/p>\n","protected":false},"excerpt":{"rendered":"<p><b>Einladung zur Diskussion<\/b> &#8211; Sonnabend, 26. Oktober 2019, 10:00 Uhr &#8211; Jugendherberge, Leiterstra\u00dfe 10, 39104 Magdeburg<br \/>\nEinleitungsreferat: Klaus Hartmann<br \/>\nWenn eine Regierung Steuern erh\u00f6hen oder neue einf\u00fchren will, st\u00f6\u00dft das \u00fcblicherweise auf mehr oder weniger massive Proteste. Neuerdings gibt es hingegen Demonstrationen \u2013 f\u00fcr Steuererh\u00f6hungen! W\u00e4hrend das noch einer masochistischen Neigung oder der tiefverwurzelten Mentalit\u00e4t des Ablasshandels entspringen mag, ist bei einem anderen Thema Schluss mit lustig &#8230;<\/p>\n","protected":false},"author":3,"featured_media":7100,"comment_status":"closed","ping_status":"closed","sticky":false,"template":"","format":"standard","meta":{"colormag_page_container_layout":"default_layout","colormag_page_sidebar_layout":"default_layout","advanced_seo_description":"","jetpack_seo_html_title":"","jetpack_seo_noindex":false,"jetpack_post_was_ever_published":false,"footnotes":""},"categories":[11,20],"tags":[162,491,84,1177,814,1050],"class_list":["post-7095","post","type-post","status-publish","format-standard","has-post-thumbnail","hentry","category-arbeit-soziales","category-zentrale-veranstaltungen","tag-demokratie","tag-geschichte","tag-klima","tag-notstand","tag-oekologie","tag-veranstaltung"],"jetpack_featured_media_url":"https:\/\/i0.wp.com\/www.freidenker.org\/fw17\/wp-content\/uploads\/2019\/10\/Klimanotstand.jpg?fit=800%2C445&ssl=1","jetpack_shortlink":"https:\/\/wp.me\/p9stpK-1Qr","jetpack-related-posts":[{"id":20010,"url":"https:\/\/www.freidenker.org\/?p=20010","url_meta":{"origin":7095,"position":0},"title":"Diskussion: China \u2013 Feindbild und Wirklichkeit","author":"Webredaktion","date":"5. Oktober 2024","format":false,"excerpt":"Einladung - Sonnabend, 12. Oktober 2024, 10:00 Uhr, Jugendherberge Leiterstra\u00dfe 10, 39104 Magdeburg Einleitungsreferat: Uwe Behrens - Die Entwicklung der Volksrepublik China an die Spitze der Weltwirtschaft - Staatskapitalismus \u2013 Grundlagen der chinesischen Wirtschaftsordnung - Wie schaffte es China, 800 Millionen Menschen aus der Armut zu befreien? - Die Neue\u2026","rel":"","context":"In &quot;Arbeit &amp; Soziales&quot;","block_context":{"text":"Arbeit &amp; Soziales","link":"https:\/\/www.freidenker.org\/?cat=11"},"img":{"alt_text":"","src":"https:\/\/i0.wp.com\/www.freidenker.org\/fw17\/wp-content\/uploads\/2024\/10\/high-tech-roboter-mit-chinesischer-flagge_cc-by-20_800x450.jpg?fit=800%2C450&ssl=1&resize=350%2C200","width":350,"height":200,"srcset":"https:\/\/i0.wp.com\/www.freidenker.org\/fw17\/wp-content\/uploads\/2024\/10\/high-tech-roboter-mit-chinesischer-flagge_cc-by-20_800x450.jpg?fit=800%2C450&ssl=1&resize=350%2C200 1x, https:\/\/i0.wp.com\/www.freidenker.org\/fw17\/wp-content\/uploads\/2024\/10\/high-tech-roboter-mit-chinesischer-flagge_cc-by-20_800x450.jpg?fit=800%2C450&ssl=1&resize=525%2C300 1.5x, https:\/\/i0.wp.com\/www.freidenker.org\/fw17\/wp-content\/uploads\/2024\/10\/high-tech-roboter-mit-chinesischer-flagge_cc-by-20_800x450.jpg?fit=800%2C450&ssl=1&resize=700%2C400 2x"},"classes":[]},{"id":14456,"url":"https:\/\/www.freidenker.org\/?p=14456","url_meta":{"origin":7095,"position":1},"title":"Veranstaltung: Sozialer Protest unter den Bedingungen von Weltkrieg und Faschisierung.","author":"Webredaktion","date":"14. Oktober 2022","format":false,"excerpt":"Einladung zur Diskussion: \"\u201eHei\u00dfer Herbst\u201c - Sozialer Protest unter den Bedingungen von Weltkrieg und Faschisierung. Strategische Fragen.\" Sonnabend, 15. Oktober 2022, 10:00 Uhr, Jugendherberge Leiterstra\u00dfe 10, 39104 Magdeburg Einleitungsreferat: Klaus Linder Deutscher Freidenker-Verband Berlin Mit der Schaffung des \u201eTerritorialen F\u00fchrungskommandos der Bundeswehr\u201c bereitet sich die Regierung auf den \u201eAufstand\u201c vor.\u2026","rel":"","context":"In &quot;Zentrale Veranstaltungen&quot;","block_context":{"text":"Zentrale Veranstaltungen","link":"https:\/\/www.freidenker.org\/?cat=20"},"img":{"alt_text":"","src":"https:\/\/i0.wp.com\/www.freidenker.org\/fw17\/wp-content\/uploads\/2022\/10\/Klaus_Linder_800x450.jpg?fit=800%2C450&ssl=1&resize=350%2C200","width":350,"height":200,"srcset":"https:\/\/i0.wp.com\/www.freidenker.org\/fw17\/wp-content\/uploads\/2022\/10\/Klaus_Linder_800x450.jpg?fit=800%2C450&ssl=1&resize=350%2C200 1x, https:\/\/i0.wp.com\/www.freidenker.org\/fw17\/wp-content\/uploads\/2022\/10\/Klaus_Linder_800x450.jpg?fit=800%2C450&ssl=1&resize=525%2C300 1.5x, https:\/\/i0.wp.com\/www.freidenker.org\/fw17\/wp-content\/uploads\/2022\/10\/Klaus_Linder_800x450.jpg?fit=800%2C450&ssl=1&resize=700%2C400 2x"},"classes":[]},{"id":15480,"url":"https:\/\/www.freidenker.org\/?p=15480","url_meta":{"origin":7095,"position":2},"title":"Veranstaltung &#8211; Vor 50 Jahren:  \u201eZeiten\u00adwende\u201c  in Chile","author":"Webredaktion","date":"13. M\u00e4rz 2023","format":false,"excerpt":"Einladung zur Diskussion: \u201e09-11\u201c 1973. CIA-Regimechange - Putsch gegen die Unidad-Popular-Regierung von Pr\u00e4sident Salvador Allende Sonnabend, 18. M\u00e4rz 2023, 10:00 Uhr, Jugendherberge Leiterstra\u00dfe 10, 39104 Magdeburg Einleitungsreferat: Florian Warweg, Redakteur & Parlamentsberichterstatter f\u00fcr NachDenkSeiten - Milton Friedmann und Friedrich A. v. Hayek als Paten der \u201eChicago-Boys\u201c - Chile: der erste\u2026","rel":"","context":"In &quot;Zentrale Veranstaltungen&quot;","block_context":{"text":"Zentrale Veranstaltungen","link":"https:\/\/www.freidenker.org\/?cat=20"},"img":{"alt_text":"","src":"https:\/\/i0.wp.com\/www.freidenker.org\/fw17\/wp-content\/uploads\/2023\/03\/Bombardierung_LaMoneda_800x450.jpg?fit=800%2C450&ssl=1&resize=350%2C200","width":350,"height":200,"srcset":"https:\/\/i0.wp.com\/www.freidenker.org\/fw17\/wp-content\/uploads\/2023\/03\/Bombardierung_LaMoneda_800x450.jpg?fit=800%2C450&ssl=1&resize=350%2C200 1x, https:\/\/i0.wp.com\/www.freidenker.org\/fw17\/wp-content\/uploads\/2023\/03\/Bombardierung_LaMoneda_800x450.jpg?fit=800%2C450&ssl=1&resize=525%2C300 1.5x, https:\/\/i0.wp.com\/www.freidenker.org\/fw17\/wp-content\/uploads\/2023\/03\/Bombardierung_LaMoneda_800x450.jpg?fit=800%2C450&ssl=1&resize=700%2C400 2x"},"classes":[]},{"id":17148,"url":"https:\/\/www.freidenker.org\/?p=17148","url_meta":{"origin":7095,"position":3},"title":"Strafrecht gegen Meinungsfreiheit","author":"Webredaktion","date":"1. Oktober 2023","format":false,"excerpt":"Einladung zur Diskussion, Einleitungsreferat: Hans Bauer Sonnabend, 14. Oktober 2023, 10:00 Uhr, Jugendherberge Leiterstra\u00dfe 10, 39104 Magdeburg \u201eJeder hat das Recht, seine Meinung in Wort, Schrift und Bild frei zu \u00e4u\u00dfern und zu verbreiten und sich aus allgemein zug\u00e4nglichen Quellen ungehindert zu unterrichten\u201c \u2013 so beginnt Artikel 5 des Grundgesetzes,\u2026","rel":"","context":"In &quot;Zentrale Veranstaltungen&quot;","block_context":{"text":"Zentrale Veranstaltungen","link":"https:\/\/www.freidenker.org\/?cat=20"},"img":{"alt_text":"","src":"https:\/\/i0.wp.com\/www.freidenker.org\/fw17\/wp-content\/uploads\/2023\/09\/stgb_cc-by-20_800x450.jpg?fit=800%2C450&ssl=1&resize=350%2C200","width":350,"height":200,"srcset":"https:\/\/i0.wp.com\/www.freidenker.org\/fw17\/wp-content\/uploads\/2023\/09\/stgb_cc-by-20_800x450.jpg?fit=800%2C450&ssl=1&resize=350%2C200 1x, https:\/\/i0.wp.com\/www.freidenker.org\/fw17\/wp-content\/uploads\/2023\/09\/stgb_cc-by-20_800x450.jpg?fit=800%2C450&ssl=1&resize=525%2C300 1.5x, https:\/\/i0.wp.com\/www.freidenker.org\/fw17\/wp-content\/uploads\/2023\/09\/stgb_cc-by-20_800x450.jpg?fit=800%2C450&ssl=1&resize=700%2C400 2x"},"classes":[]},{"id":18474,"url":"https:\/\/www.freidenker.org\/?p=18474","url_meta":{"origin":7095,"position":4},"title":"Diether Dehm: Vortrag und Diskussion &#8222;Soziale Bewegungen&#8220; \/ Lieder und Texte &#8222;Kultur im Widerstand&#8220;","author":"Webredaktion","date":"5. M\u00e4rz 2024","format":false,"excerpt":"Zwei Veranstaltungen am 16.03.2024 in Magdeburg 10:00 Uhr: Referat und Diskussion: Soziale Bewegungen \u2013 Zersetzung, Spaltung, Desorientierung und Auswege \/ Einleitungsreferat: Dr. Diether Dehm 18:00 Uhr: Kultur im Widerstand - Lieder und Texte \/ Ges\u00e4nge von Diether Dehm mit Michael Letz am Piano Demonstrationen gegen das Heizungsgesetz und Proteste der\u2026","rel":"","context":"In &quot;Demokratie \u2013 Medien \u2013 Aufkl\u00e4rung&quot;","block_context":{"text":"Demokratie \u2013 Medien \u2013 Aufkl\u00e4rung","link":"https:\/\/www.freidenker.org\/?cat=12"},"img":{"alt_text":"","src":"https:\/\/i0.wp.com\/www.freidenker.org\/fw17\/wp-content\/uploads\/2024\/03\/diether-dehm_800x450.jpg?fit=800%2C450&ssl=1&resize=350%2C200","width":350,"height":200,"srcset":"https:\/\/i0.wp.com\/www.freidenker.org\/fw17\/wp-content\/uploads\/2024\/03\/diether-dehm_800x450.jpg?fit=800%2C450&ssl=1&resize=350%2C200 1x, https:\/\/i0.wp.com\/www.freidenker.org\/fw17\/wp-content\/uploads\/2024\/03\/diether-dehm_800x450.jpg?fit=800%2C450&ssl=1&resize=525%2C300 1.5x, https:\/\/i0.wp.com\/www.freidenker.org\/fw17\/wp-content\/uploads\/2024\/03\/diether-dehm_800x450.jpg?fit=800%2C450&ssl=1&resize=700%2C400 2x"},"classes":[]},{"id":6138,"url":"https:\/\/www.freidenker.org\/?p=6138","url_meta":{"origin":7095,"position":5},"title":"Diskussion: \u201eWar die DDR-Wirtschaft pleite, marode und unproduktiv?\u201c","author":"Webredaktion","date":"2. April 2019","format":false,"excerpt":"Einladung zur Diskussion \u201eWar die DDR-Wirtschaft pleite, marode und unproduktiv?\u201c - Einleitungsreferat: Dr. Klaus Blessing Berlin, Buchautor und Publizist, fr\u00fcher Abteilungsleiter beim ZK der SED und stellv. Minister Der 70. Jahrestag der Gr\u00fcndung der DDR am 7. Oktober 1949 wirft seine \u201eSchatten\u201c voraus: Politikerreden und Medienbeitr\u00e4ge ohne Zahl werden sich\u2026","rel":"","context":"In &quot;Geschichte&quot;","block_context":{"text":"Geschichte","link":"https:\/\/www.freidenker.org\/?cat=1162"},"img":{"alt_text":"","src":"https:\/\/i0.wp.com\/www.freidenker.org\/fw17\/wp-content\/uploads\/2019\/04\/factory-3299455_800x445.jpg?fit=800%2C445&ssl=1&resize=350%2C200","width":350,"height":200,"srcset":"https:\/\/i0.wp.com\/www.freidenker.org\/fw17\/wp-content\/uploads\/2019\/04\/factory-3299455_800x445.jpg?fit=800%2C445&ssl=1&resize=350%2C200 1x, https:\/\/i0.wp.com\/www.freidenker.org\/fw17\/wp-content\/uploads\/2019\/04\/factory-3299455_800x445.jpg?fit=800%2C445&ssl=1&resize=525%2C300 1.5x, https:\/\/i0.wp.com\/www.freidenker.org\/fw17\/wp-content\/uploads\/2019\/04\/factory-3299455_800x445.jpg?fit=800%2C445&ssl=1&resize=700%2C400 2x"},"classes":[]}],"_links":{"self":[{"href":"https:\/\/www.freidenker.org\/index.php?rest_route=\/wp\/v2\/posts\/7095","targetHints":{"allow":["GET"]}}],"collection":[{"href":"https:\/\/www.freidenker.org\/index.php?rest_route=\/wp\/v2\/posts"}],"about":[{"href":"https:\/\/www.freidenker.org\/index.php?rest_route=\/wp\/v2\/types\/post"}],"author":[{"embeddable":true,"href":"https:\/\/www.freidenker.org\/index.php?rest_route=\/wp\/v2\/users\/3"}],"replies":[{"embeddable":true,"href":"https:\/\/www.freidenker.org\/index.php?rest_route=%2Fwp%2Fv2%2Fcomments&post=7095"}],"version-history":[{"count":0,"href":"https:\/\/www.freidenker.org\/index.php?rest_route=\/wp\/v2\/posts\/7095\/revisions"}],"wp:featuredmedia":[{"embeddable":true,"href":"https:\/\/www.freidenker.org\/index.php?rest_route=\/wp\/v2\/media\/7100"}],"wp:attachment":[{"href":"https:\/\/www.freidenker.org\/index.php?rest_route=%2Fwp%2Fv2%2Fmedia&parent=7095"}],"wp:term":[{"taxonomy":"category","embeddable":true,"href":"https:\/\/www.freidenker.org\/index.php?rest_route=%2Fwp%2Fv2%2Fcategories&post=7095"},{"taxonomy":"post_tag","embeddable":true,"href":"https:\/\/www.freidenker.org\/index.php?rest_route=%2Fwp%2Fv2%2Ftags&post=7095"}],"curies":[{"name":"wp","href":"https:\/\/api.w.org\/{rel}","templated":true}]}}