{"id":7073,"date":"2019-10-17T00:07:21","date_gmt":"2019-10-16T22:07:21","guid":{"rendered":"https:\/\/www.freidenker.org\/?p=7073"},"modified":"2019-11-06T00:19:31","modified_gmt":"2019-11-05T23:19:31","slug":"jede-anerkennung-der-unabhaengigkeit-kosovos-ist-null-und-nichtig","status":"publish","type":"post","link":"https:\/\/www.freidenker.org\/?p=7073","title":{"rendered":"Jede Anerkennung der Unabh\u00e4ngigkeit Kosovos ist null und nichtig"},"content":{"rendered":"<h5>Interview mit der serbischen Tageszeitung &#8222;Alo!&#8220;<\/h5>\n<p><em>von <strong>Klaus Hartmann<\/strong> (Deutschland), Pr\u00e4sident der Weltunion der Freidenker<\/em><\/p>\n<p>(Erstver\u00f6ffentlicht am 13.10.2019)<\/p>\n<ol>\n<li><strong><em> Ende September fand in Luxemburg eine Konferenz der Weltunion der Freidenker statt, deren Vorsitzender Sie sind. Das Tagungsthema war \u201eMigranten\u201c, k\u00f6nnen Sie mir mehr \u00fcber die aktuelle Situation in Europa unter diesem Aspekt erz\u00e4hlen?<\/em><\/strong><\/li>\n<\/ol>\n<p>Genauer gesagt ging es um Migration, ihre Ursachen und Folgen. Wir fragten, wer profitiert davon &#8211; warum haben sich die Teilnehmer des Weltwirtschaftsgipfels in Davos wiederholt f\u00fcr die F\u00f6rderung der Migration ausgesprochen? Die Antwort liegt auf der Hand: Sie wollen Sozialdumping, sie\u00a0 sehen in den Migranten willkommene Lohndr\u00fccker, eine industrielle Reservearmee.<\/p>\n<p>So l\u00f6st Migration soziale Verwerfungen in den\u00a0 Aufnahmel\u00e4ndern aus. Aber auch die Herkunftsl\u00e4nder werden in ihrer Entwicklung behindert, die auf ihre Kosten ausgebildeten Arbeitskr\u00e4fte wandern ab.<\/p>\n<p>F\u00fcr Freidenker war es auch ein zentrales Thema, ob die unterschiedlichen Religionen nun alle nach gleichen Privilegien streben. Oder ob Gleichberechtigung und friedliches Zusammenleben nicht besser auf der Grundlage gedeiht: kein Privileg f\u00fcr niemand.<\/p>\n<p>Die Situation in den L\u00e4ndern der EU ist widerspr\u00fcchlich und von gegens\u00e4tzlichen Interessen gepr\u00e4gt. In den wirtschaftlich st\u00e4rkeren L\u00e4ndern wollen die kapitalh\u00f6rigen Regierungen einerseits den Wunsch von Unternehmen nach ungebremstem Zustrom von Arbeitskr\u00e4ften erf\u00fcllen; andererseits m\u00fcssen sie auf eine zunehmend kritische Stimmung in der Bev\u00f6lkerung R\u00fccksicht nehmen, die eine Konkurrenz um ordentlich bezahlte Arbeit und um den knappen bezahlbaren Wohnraum kritisch sieht.<\/p>\n<p>Deutschlands Bundeskanzlerin Angela Merkel h\u00fcllte sich mit ihrer &#8222;Willkommenskultur&#8220; in die Toga der &#8222;Humanit\u00e4t&#8220;, w\u00e4hrend andere \u00e4rmere EU-L\u00e4nder die Folgen tragen sollten. Aber diese Humanit\u00e4t ist ein falsches Spiel, aus mehreren Gr\u00fcnden:<\/p>\n<ol>\n<li>Es sind die Kriege des Westens, die als Hauptfluchtursache gelten m\u00fcssen.<\/li>\n<li>Es sind die ungerechten neokolonialen Wirtschaftsabkommen des Westens, auch der EU, mit denen die L\u00e4nder des Trikont zur \u00d6ffnung ihrer M\u00e4rkte gezwungen werden, und die ihnen die Existenzgrundlage und die Entwicklungsperspektive nehmen.<\/li>\n<li>NATO und USA f\u00fchren fortgesetzt sogenannte &#8222;Regime Change&#8220;-Kriege, mit verdeckten Milit\u00e4roperationen, wirtschaftlichen Sanktionen und der gezielten Entv\u00f6lkerung dieser L\u00e4nder: besonders Migranten aus Syrien und aus Eritrea waren deshalb besonders &#8222;willkommen&#8220;.<\/li>\n<\/ol>\n<p>Es ist eine Heuchelei, danach von Humanit\u00e4t zu reden.<\/p>\n<ol start=\"2\">\n<li><strong><em> Die deutsche Bundestagsabgeordnete Jacqueline Nastic stellate fest, dass sich Deutschland gegen\u00fcber Serbien heuchlerisch verh\u00e4lt und dass es Kosovo zu fr\u00fch anerkannt hat. Was ist Ihr Kommentar dazu? Kann Serbien Kosovo bewahren?<\/em><\/strong>2.<\/li>\n<\/ol>\n<p>Die gesamte Politik der NATO, der USA und auch Deutschlands gegen\u00fcber Serbien war und ist heuchlerisch und von doppelten Standards gepr\u00e4gt- seit mindestens drei Jahrzehnten. Die vorl\u00e4ufige Kr\u00f6nung dieser Politik war die NATO-Aggression 1999, die ebenfalls unter dem verlogenen Vorwand von &#8222;Humanit\u00e4t&#8220; stattfand.<\/p>\n<p>Auch dies war ein &#8222;Regime Change&#8220;-Krieg, vordergr\u00fcndig gegen Pr\u00e4sident Milosevic, den man zum Inbegriff des B\u00f6sen machte, in der Realit\u00e4t, um abh\u00e4ngige Kleinstaaten zu schaffen, einen neoliberalen Kapitalismus zu diktieren und den Machtbereich der NATO auszudehnen.<\/p>\n<p>F\u00fcr diese Ziele des Westens bediente sich die NATO der albanischen Terroristen als Bodentruppen. Sie gestattete ihnen die weitgehende ethnische S\u00e4uberung der serbischen Provinz Kosovo und Methojia von Serben und nichtalbanischen B\u00fcrgern. Sie akzeptierte die Zerst\u00f6rung religi\u00f6ser und kultureller Denkm\u00e4ler, den Organ- und Drogenhandel und die Entwicklung ihrer Besatzungszone in eine Hochburg des Terrorismus.<\/p>\n<p>Zur Belohnung f\u00fcr diese barbarischen Hilfsdienste erhielten die Terroristen einen &#8222;eigenen Staat&#8220; aus der Hand des Westens. Dieser &#8222;selbstst\u00e4ndige Kosovo&#8220; ist zwar eine Kriegsbeute der NATO, aber v\u00f6lkerrechtswidrig: Ein Versto\u00df gegen die UN-Resolution 1244. Deshalb ist die Ausrufung des &#8222;Staates&#8220; wie auch jeden Anerkennung nichtig von Beginn an.<\/p>\n<p>Insofern war die Anerkennung durch Deutschland und andere westliche Staaten nicht nur &#8222;zu fr\u00fch&#8220;, wie die deutsche Bundestagsabgeordnete Jacqueline Nastic feststellte &#8211; es war ein Bruch des Internationalen Rechts, eine konsequente Fortsetzung der NATO-Aggression.<\/p>\n<p>Es ist aber nicht zu sp\u00e4t, diesen Fehler wieder r\u00fcckg\u00e4ngig zu machen, wie dies eine Reihe von Staaten mit der Widerrufung der Anerkennung bereits getan hat.<\/p>\n<p>Zur k\u00fcnftigen Entwicklung des Kosovo-Problems muss man zwei Ebenen unterscheiden: Der grunds\u00e4tzliche Anspruch Serbiens auf diesen Teil seines Territoriums entspricht seinem Recht auf territoriale Integrit\u00e4t und Unverletzlichkeit seiner Grenzen, er steht in v\u00f6lliger \u00dcbereinstimmung mit dem V\u00f6lkerrecht und darf nicht zur Disposition gestellt werden. Eine andere Frage ist die Wiederherstellung des Rechts, und dies ist nicht kurzfristig, sondern nur mit langem Atem, vielleicht erst nach mehreren Jahrzehnten realisierbar.<\/p>\n<p>Unmittelbar muss aber eine Verbesserung der aktuellen Situation und der Lebensbedingungen der Menschen erreicht werden, dazu sind Verhandlungen und Kompromisse n\u00f6tig, die aber den grunds\u00e4tzlichen Rechtsanspruch nicht ber\u00fchren. M\u00f6glicherweise sind daf\u00fcr nun die Chancen gr\u00f6\u00dfer, da nach der Wahl nicht mehr die Hauptkriegsverbrecher an der Spitze des Kosovo stehen.<\/p>\n<p>Entschieden muss aber die Forderung Deutschlands und anderer EU-Staaten zur\u00fcckgewiesen werden, von Serbien die Anerkennung des Kosovo als Voraussetzung f\u00fcr einen EU-Beitritt zu verlangen. Hier stimme ich MP Jacqueline Nastic vorbehaltlos zu, die dies als &#8222;erpresserisch und inakzeptabel&#8220; bezeichnet hat. Ich f\u00fcge hinzu: Darin zeigt sich wieder die Ganoven-Moral der NATO-Krieger.<\/p>\n<ol start=\"3\">\n<li><strong><em> Wohin geht Europa? Ist Amerikas Einfluss auf Europa unter der Trump -Administration noch der gleiche? Wie steht es um den Einfluss und die Beziehungen mit Russland, China, einem zunehmend einflussreichen Indien? Und wo steht Serbien in dieser Situation? Was denken Sie \u00fcber Serbiens aktuellen Kurs? Wo liegt die Zukunft? In Europa oder in Russland?<\/em><\/strong><\/li>\n<\/ol>\n<p>Ich will zun\u00e4chst klarstellen: Wenn hier von &#8222;Europa&#8220; die Rede ist, ist die Europ\u00e4ische Union gemeint. Das ist nicht identisch, selbst wenn die EU-Propaganda einen Alleinvertretungsanspruch reklamiert. Auch ein gro\u00dfer Teil Russlands geh\u00f6rt zu Europa!<\/p>\n<p>Seit dem Amtsantritt Trumps haben sich un\u00fcbersehbar Irritationen und Entfremdungen bei den anderen &#8222;westlichen Partnern&#8220; breit gemacht. Ihre Motive sind allerdings negative: sie zweifeln an Trumps Zuverl\u00e4ssigkeit als Kalter Krieger, als NATO-Partner, Weltpolizist und Speerspitze gegen Russland. Sie h\u00e4tten lieber die Kriegsverbrecherin Clinton im Wei\u00dfen Haus gesehen. Trump bedient andere Kapitalfraktionen der USA, die ihre Profite nicht in erster Linie aus Kriegen und Regime Changes in aller Welt zu ziehen trachten.<\/p>\n<p>Dass nun die Medien der NATO-L\u00e4nder Trump als &#8222;unzuverl\u00e4ssig&#8220; und &#8222;unberechenbar&#8220; darstellen, hat aber auf die \u00d6ffentlichkeit eine positive Wirkung: Die Entfremdung von den USA nimmt zu, das Misstrauen zur &#8222;westlichen F\u00fchrungsmacht&#8220; w\u00e4chst, mehrheitlich sieht man in Trump eine gr\u00f6\u00dfere Gefahr f\u00fcr den Frieden als in Putin. Stabile Mehrheiten in Meinungsumfragen wollen Frieden mit Russland.<\/p>\n<p>Ohne Zweifel sind die USA eine &#8222;Supermacht im Abstieg&#8220;, und ihre &#8222;westlichen Partner&#8220; begleiten sie dabei. China, Russland, auch Indien vergr\u00f6\u00dfern ihre \u00f6konomische Potenz und ihren internationalen Einfluss. Wir erleben den Wandel zu einer multipolaren, einer polyzentrischen Weltordnung.<\/p>\n<p>Eigentlich m\u00fcsste f\u00fcr L\u00e4nder wie Serbien die Frage nach dem eigenen Platz nicht schwer zu beantworten sein: Will man an der Seite der k\u00fcnftigen Verlierer oder der Aufsteiger stehen?<\/p>\n<p>Es gibt dar\u00fcberhinaus auch noch konkrete Argumente: Absteigende M\u00e4chte werden nicht weniger gef\u00e4hrlich. Wir sehen die Politik der fortgesetzten Einkreisung Chinas und Russlands, den NATO-Aufmarsch an den russischen Grenzen. Bereits die NATO-Aggression gegen Jugoslawien, die Installation von Camp Bondsteel im Kosovo und die NATO-Mitgliedschaft von Montenegro bis Makedonien sind Bausteine dieses aggressiven Kurses gegen Russland.<\/p>\n<p>Was lehrt uns unsere eigene Erfahrung? Frieden auf dem Balkan herrschte in den Jahren der Nichtpaktgebundenheit. F\u00fchrende Vertreter der NATO und der EU verlangen von Serbien, es m\u00fcsse sich zwischen &#8222;dem Westen&#8220; und Russland entscheiden. Die Erpressung soll fortgesetzt werden. Niemand bei klarem Verstand legt sich mit seinem M\u00f6rder in ein Bett. Serbien sollte mit der Losung der franz\u00f6sischen, italienischen und deutschen Friedensbewegung antworten: Frieden mit Russland und raus aus der NATO!<\/p>\n<p>Lassen Sie mich abschlie\u00dfend noch vor der Illusion warnen, man k\u00f6nne Mitglied der Europ\u00e4ischen Union sein, und h\u00e4tte vor der NATO Ruhe. Die EU verpflichtet alle Mitgliedstaaten zu st\u00e4ndiger Aufr\u00fcstung, sie hat eine gemeinsame Kriegskasse, sie unterh\u00e4lt f\u00fcr \u201eKrisenf\u00e4lle\u201c eine \u201eEurop\u00e4ische Interventionsinitiative\u201c und sie verst\u00e4rkt ihre Kooperation mit der NATO. Und sie verpflichtet die Mitgliedsstaaten zu Sanktionen gegen Russland. Diese EU steht nicht f\u00fcr Frieden, sondern f\u00fcr das Ende von nationaler Unabh\u00e4ngigkeit und Souver\u00e4nit\u00e4t.<\/p>\n<p><img data-recalc-dims=\"1\" loading=\"lazy\" decoding=\"async\" data-attachment-id=\"7074\" data-permalink=\"https:\/\/www.freidenker.org\/?attachment_id=7074\" data-orig-file=\"https:\/\/i0.wp.com\/www.freidenker.org\/fw17\/wp-content\/uploads\/2019\/10\/191009-Alo-Intervju.jpg?fit=930%2C886&amp;ssl=1\" data-orig-size=\"930,886\" data-comments-opened=\"0\" data-image-meta=\"{&quot;aperture&quot;:&quot;0&quot;,&quot;credit&quot;:&quot;&quot;,&quot;camera&quot;:&quot;&quot;,&quot;caption&quot;:&quot;&quot;,&quot;created_timestamp&quot;:&quot;0&quot;,&quot;copyright&quot;:&quot;&quot;,&quot;focal_length&quot;:&quot;0&quot;,&quot;iso&quot;:&quot;0&quot;,&quot;shutter_speed&quot;:&quot;0&quot;,&quot;title&quot;:&quot;&quot;,&quot;orientation&quot;:&quot;0&quot;}\" data-image-title=\"191009-Alo-Intervju\" data-image-description=\"\" data-image-caption=\"\" data-large-file=\"https:\/\/i0.wp.com\/www.freidenker.org\/fw17\/wp-content\/uploads\/2019\/10\/191009-Alo-Intervju.jpg?fit=800%2C762&amp;ssl=1\" class=\"alignnone wp-image-7074\" src=\"https:\/\/i0.wp.com\/www.freidenker.org\/fw17\/wp-content\/uploads\/2019\/10\/191009-Alo-Intervju.jpg?resize=800%2C762&#038;ssl=1\" alt=\"\" width=\"800\" height=\"762\" srcset=\"https:\/\/i0.wp.com\/www.freidenker.org\/fw17\/wp-content\/uploads\/2019\/10\/191009-Alo-Intervju.jpg?w=930&amp;ssl=1 930w, https:\/\/i0.wp.com\/www.freidenker.org\/fw17\/wp-content\/uploads\/2019\/10\/191009-Alo-Intervju.jpg?resize=300%2C286&amp;ssl=1 300w, https:\/\/i0.wp.com\/www.freidenker.org\/fw17\/wp-content\/uploads\/2019\/10\/191009-Alo-Intervju.jpg?resize=768%2C732&amp;ssl=1 768w\" sizes=\"auto, (max-width: 800px) 100vw, 800px\" \/><\/p>\n<hr \/>\n<h5>Downloads<\/h5>\n<p>Das Interview kann auch als PDF-Dokument angesehen und heruntergeladen werden:<\/p>\n<p><img data-recalc-dims=\"1\" loading=\"lazy\" decoding=\"async\" data-attachment-id=\"1076\" data-permalink=\"https:\/\/www.freidenker.org\/?attachment_id=1076\" data-orig-file=\"https:\/\/i0.wp.com\/www.freidenker.org\/fw17\/wp-content\/uploads\/2017\/10\/pdf_icon-2.png?fit=32%2C32&amp;ssl=1\" data-orig-size=\"32,32\" data-comments-opened=\"0\" data-image-meta=\"{&quot;aperture&quot;:&quot;0&quot;,&quot;credit&quot;:&quot;&quot;,&quot;camera&quot;:&quot;&quot;,&quot;caption&quot;:&quot;&quot;,&quot;created_timestamp&quot;:&quot;0&quot;,&quot;copyright&quot;:&quot;&quot;,&quot;focal_length&quot;:&quot;0&quot;,&quot;iso&quot;:&quot;0&quot;,&quot;shutter_speed&quot;:&quot;0&quot;,&quot;title&quot;:&quot;&quot;,&quot;orientation&quot;:&quot;0&quot;}\" data-image-title=\"pdf_icon\" data-image-description=\"\" data-image-caption=\"\" data-large-file=\"https:\/\/i0.wp.com\/www.freidenker.org\/fw17\/wp-content\/uploads\/2017\/10\/pdf_icon-2.png?fit=32%2C32&amp;ssl=1\" class=\"alignnone size-full wp-image-1076\" src=\"https:\/\/i0.wp.com\/www.freidenker.org\/fw17\/wp-content\/uploads\/2017\/10\/pdf_icon-2.png?resize=32%2C32&#038;ssl=1\" alt=\"\" width=\"32\" height=\"32\" \/> <a href=\"https:\/\/www.freidenker.org\/fw17\/wp-content\/uploads\/2019\/10\/191010-Interview-Alo-dt.pdf\" target=\"_blank\" rel=\"noopener noreferrer\">Das Interview in deutscher Sprache<\/a> (ca. 282 KB)<\/p>\n<p><img data-recalc-dims=\"1\" loading=\"lazy\" decoding=\"async\" data-attachment-id=\"1076\" data-permalink=\"https:\/\/www.freidenker.org\/?attachment_id=1076\" data-orig-file=\"https:\/\/i0.wp.com\/www.freidenker.org\/fw17\/wp-content\/uploads\/2017\/10\/pdf_icon-2.png?fit=32%2C32&amp;ssl=1\" data-orig-size=\"32,32\" data-comments-opened=\"0\" data-image-meta=\"{&quot;aperture&quot;:&quot;0&quot;,&quot;credit&quot;:&quot;&quot;,&quot;camera&quot;:&quot;&quot;,&quot;caption&quot;:&quot;&quot;,&quot;created_timestamp&quot;:&quot;0&quot;,&quot;copyright&quot;:&quot;&quot;,&quot;focal_length&quot;:&quot;0&quot;,&quot;iso&quot;:&quot;0&quot;,&quot;shutter_speed&quot;:&quot;0&quot;,&quot;title&quot;:&quot;&quot;,&quot;orientation&quot;:&quot;0&quot;}\" data-image-title=\"pdf_icon\" data-image-description=\"\" data-image-caption=\"\" data-large-file=\"https:\/\/i0.wp.com\/www.freidenker.org\/fw17\/wp-content\/uploads\/2017\/10\/pdf_icon-2.png?fit=32%2C32&amp;ssl=1\" class=\"alignnone size-full wp-image-1076\" src=\"https:\/\/i0.wp.com\/www.freidenker.org\/fw17\/wp-content\/uploads\/2017\/10\/pdf_icon-2.png?resize=32%2C32&#038;ssl=1\" alt=\"\" width=\"32\" height=\"32\" \/>\u00a0<a href=\"https:\/\/www.freidenker.org\/fw17\/wp-content\/uploads\/2019\/10\/191010-Interview-Alo.pdf\" target=\"_blank\" rel=\"noopener noreferrer\">The interview in English language<\/a> (ca. 275 KB)<\/p>\n<hr \/>\n<p><span style=\"font-size: 10pt;\">Bild: Faksimile des Interviews in der in Belgrad erscheinenden serbischen Tageszeitung &#8222;Alo!&#8220;, ver\u00f6ffentlicht am 13.10.19.<\/span><\/p>\n","protected":false},"excerpt":{"rendered":"<p><b>Interview mit der serbischen Tageszeitung &#8222;Alo!&#8220;<\/b><br \/>\nvon <b>Klaus Hartmann<\/b> (Deutschland), Pr\u00e4sident der Weltunion der Freidenker<br \/>\nErstver\u00f6ffentlicht am 13.10.2019<br \/>\n&#8230; Warum haben sich die Teilnehmer des Weltwirtschaftsgipfels in Davos wiederholt f\u00fcr die F\u00f6rderung der Migration ausgesprochen? Die Antwort liegt auf der Hand: Sie wollen Sozialdumping, sie\u00a0 sehen in den Migranten willkommene Lohndr\u00fccker, eine industrielle Reservearmee. So l\u00f6st Migration soziale Verwerfungen in den\u00a0 Aufnahmel\u00e4ndern aus. Aber auch die Herkunftsl\u00e4nder werden in ihrer Entwicklung behindert, die auf ihre Kosten ausgebildeten Arbeitskr\u00e4fte wandern ab.<\/p>\n","protected":false},"author":3,"featured_media":7075,"comment_status":"closed","ping_status":"closed","sticky":false,"template":"","format":"standard","meta":{"colormag_page_container_layout":"default_layout","colormag_page_sidebar_layout":"default_layout","advanced_seo_description":"","jetpack_seo_html_title":"","jetpack_seo_noindex":false,"jetpack_post_was_ever_published":false,"footnotes":""},"categories":[12],"tags":[182,1197,56,222,764,185,726],"class_list":["post-7073","post","type-post","status-publish","format-standard","has-post-thumbnail","hentry","category-demokratie-medien-aufklaerung","tag-eu","tag-kosovo","tag-nato","tag-russland","tag-serbien","tag-usa","tag-weltunion-der-freidenker"],"jetpack_featured_media_url":"https:\/\/i0.wp.com\/www.freidenker.org\/fw17\/wp-content\/uploads\/2019\/10\/Interview_Alo_800x445.jpg?fit=800%2C444&ssl=1","jetpack_shortlink":"https:\/\/wp.me\/p9stpK-1Q5","jetpack-related-posts":[{"id":6870,"url":"https:\/\/www.freidenker.org\/?p=6870","url_meta":{"origin":7073,"position":0},"title":"Kongress der Weltunion der Freidenker in Luxemburg am 13. und 14. September 2019","author":"Webredaktion","date":"25. August 2019","format":false,"excerpt":"Kongress der Weltunion der Freidenker in Luxemburg am 13. und 14. September 2019 \/ Congr\u00e8s de Luxembourg de l'UMLP les 13 et 14 septembre 2019: Migration und Laizit\u00e4t \/ Migration et la\u00efcit\u00e9 - https:\/\/www.libres-penseurs.net Migration und Laizit\u00e4t - Welche Auswirkungen hat die aktuelle Migration auf die Anspr\u00fcche einer laizistischen Gesellschaft?\u2026","rel":"","context":"In &quot;Zentrale Veranstaltungen&quot;","block_context":{"text":"Zentrale Veranstaltungen","link":"https:\/\/www.freidenker.org\/?cat=20"},"img":{"alt_text":"","src":"https:\/\/i0.wp.com\/www.freidenker.org\/fw17\/wp-content\/uploads\/2019\/08\/wufkongress_1314092019.jpg?fit=800%2C445&ssl=1&resize=350%2C200","width":350,"height":200,"srcset":"https:\/\/i0.wp.com\/www.freidenker.org\/fw17\/wp-content\/uploads\/2019\/08\/wufkongress_1314092019.jpg?fit=800%2C445&ssl=1&resize=350%2C200 1x, https:\/\/i0.wp.com\/www.freidenker.org\/fw17\/wp-content\/uploads\/2019\/08\/wufkongress_1314092019.jpg?fit=800%2C445&ssl=1&resize=525%2C300 1.5x, https:\/\/i0.wp.com\/www.freidenker.org\/fw17\/wp-content\/uploads\/2019\/08\/wufkongress_1314092019.jpg?fit=800%2C445&ssl=1&resize=700%2C400 2x"},"classes":[]},{"id":4917,"url":"https:\/\/www.freidenker.org\/?p=4917","url_meta":{"origin":7073,"position":1},"title":"Kongress der Weltunion der Freidenker am 22. und 23. Juni 2018 in Basel","author":"Webredaktion","date":"29. M\u00e4rz 2018","format":false,"excerpt":"Einladung zum Kongress der Weltunion der Freidenker am 22. und 23. Juni in Basel Die Weltunion der Freidenker widmet ihren diesj\u00e4hrigen Kongress in Basel schwerpunktm\u00e4ssig dem Thema \u00abFreies Denken und die Emanzipation der Pers\u00f6nlichkeit\u00bb. Linke begegnen dem Individualismus mit Skepsis. Sch\u00e4tzen sie deswegen das Individuum gering? Welche Bedeutung hat in\u2026","rel":"","context":"In &quot;Zentrale Veranstaltungen&quot;","block_context":{"text":"Zentrale Veranstaltungen","link":"https:\/\/www.freidenker.org\/?cat=20"},"img":{"alt_text":"","src":"https:\/\/i0.wp.com\/www.freidenker.org\/fw17\/wp-content\/uploads\/2018\/03\/basel-1722831_800x445.jpg?fit=800%2C445&ssl=1&resize=350%2C200","width":350,"height":200,"srcset":"https:\/\/i0.wp.com\/www.freidenker.org\/fw17\/wp-content\/uploads\/2018\/03\/basel-1722831_800x445.jpg?fit=800%2C445&ssl=1&resize=350%2C200 1x, https:\/\/i0.wp.com\/www.freidenker.org\/fw17\/wp-content\/uploads\/2018\/03\/basel-1722831_800x445.jpg?fit=800%2C445&ssl=1&resize=525%2C300 1.5x, https:\/\/i0.wp.com\/www.freidenker.org\/fw17\/wp-content\/uploads\/2018\/03\/basel-1722831_800x445.jpg?fit=800%2C445&ssl=1&resize=700%2C400 2x"},"classes":[]},{"id":22387,"url":"https:\/\/www.freidenker.org\/?p=22387","url_meta":{"origin":7073,"position":2},"title":"Konferenz der Weltunion der Freidenker","author":"Webredaktion","date":"15. Juli 2025","format":false,"excerpt":"80 Jahre nach der Befreiung \u2013 droht die R\u00fcckkehr von Faschismus und Krieg? Konferenz der Weltunion der Freidenker \/ Samstag, 16. August 2025, 10\u00a0bis\u00a017\u00a0Uhr \/ Danubius Hotel R\u00e1ba, Gy\u0151r, Ungarn Programm: - Geschichtsrevisionismus: Krieg gegen Russland und zionistischer V\u00f6lkermord (Klaus Hartmann, Offenbach am Main) - Die NATO: Steuergeldfressender Moloch \u2013\u2026","rel":"","context":"In &quot;Demokratie \u2013 Medien \u2013 Aufkl\u00e4rung&quot;","block_context":{"text":"Demokratie \u2013 Medien \u2013 Aufkl\u00e4rung","link":"https:\/\/www.freidenker.org\/?cat=12"},"img":{"alt_text":"","src":"https:\/\/i0.wp.com\/www.freidenker.org\/fw17\/wp-content\/uploads\/2025\/07\/Danubius_Hotel_Raba_Gyor_mit_Logo_800x450.jpg?fit=800%2C450&ssl=1&resize=350%2C200","width":350,"height":200,"srcset":"https:\/\/i0.wp.com\/www.freidenker.org\/fw17\/wp-content\/uploads\/2025\/07\/Danubius_Hotel_Raba_Gyor_mit_Logo_800x450.jpg?fit=800%2C450&ssl=1&resize=350%2C200 1x, https:\/\/i0.wp.com\/www.freidenker.org\/fw17\/wp-content\/uploads\/2025\/07\/Danubius_Hotel_Raba_Gyor_mit_Logo_800x450.jpg?fit=800%2C450&ssl=1&resize=525%2C300 1.5x, https:\/\/i0.wp.com\/www.freidenker.org\/fw17\/wp-content\/uploads\/2025\/07\/Danubius_Hotel_Raba_Gyor_mit_Logo_800x450.jpg?fit=800%2C450&ssl=1&resize=700%2C400 2x"},"classes":[]},{"id":20445,"url":"https:\/\/www.freidenker.org\/?p=20445","url_meta":{"origin":7073,"position":3},"title":"Links wie Rechts &#8211; einig und gleich schlecht?","author":"Webredaktion","date":"30. November 2024","format":false,"excerpt":"Video der Kulturwerkstatt Beckingen \u00fcber eine Veranstaltung des Deutschen Freidenkerverbandes, Landesverband Rheinland-Pfalz\/Saar am 17.11.2024 Gilt das alte Links heute als das neue Rechts? Woher stammte die Einteilung in \u201erechts\u201c und \u201elinks\u201c urspr\u00fcnglich? Ist das heute noch g\u00fcltig oder \u00fcberholt? Wie steht es mit den Behauptungen, man sei weder \u201erechts\u201c noch\u2026","rel":"","context":"In &quot;Kultur &amp; Kunst&quot;","block_context":{"text":"Kultur &amp; Kunst","link":"https:\/\/www.freidenker.org\/?cat=913"},"img":{"alt_text":"","src":"https:\/\/i0.wp.com\/www.freidenker.org\/fw17\/wp-content\/uploads\/2024\/11\/Hartmann_Beckingen-2024_800x450.jpg?fit=800%2C450&ssl=1&resize=350%2C200","width":350,"height":200,"srcset":"https:\/\/i0.wp.com\/www.freidenker.org\/fw17\/wp-content\/uploads\/2024\/11\/Hartmann_Beckingen-2024_800x450.jpg?fit=800%2C450&ssl=1&resize=350%2C200 1x, https:\/\/i0.wp.com\/www.freidenker.org\/fw17\/wp-content\/uploads\/2024\/11\/Hartmann_Beckingen-2024_800x450.jpg?fit=800%2C450&ssl=1&resize=525%2C300 1.5x, https:\/\/i0.wp.com\/www.freidenker.org\/fw17\/wp-content\/uploads\/2024\/11\/Hartmann_Beckingen-2024_800x450.jpg?fit=800%2C450&ssl=1&resize=700%2C400 2x"},"classes":[]},{"id":18498,"url":"https:\/\/www.freidenker.org\/?p=18498","url_meta":{"origin":7073,"position":4},"title":"25 Jahre NATO-Aggression gegen Jugoslawien &#8211; Solidarit\u00e4tsreise","author":"Webredaktion","date":"8. M\u00e4rz 2024","format":false,"excerpt":"Solidarit\u00e4tsreise nach Belgrad 21. - 27 M\u00e4rz 2024 Der \u00dcberfall der NATO am 24. M\u00e4rz 1999 und der 78 Tage lange Bombenterror gegen Jugoslawien war nicht nur \u2013 wie wir damals sagten - der \u201eT\u00fcr\u00f6ffnerkrieg\u201c f\u00fcr die kommenden v\u00f6lkerrechtswidrigen Kriege des Aggressionsb\u00fcndnisses. Diese Kriege folgten einer langfristigen Strategie der Umzingelung\u2026","rel":"","context":"In &quot;Frieden - Antifaschismus - Solidarit\u00e4t&quot;","block_context":{"text":"Frieden - Antifaschismus - Solidarit\u00e4t","link":"https:\/\/www.freidenker.org\/?cat=13"},"img":{"alt_text":"","src":"https:\/\/i0.wp.com\/www.freidenker.org\/fw17\/wp-content\/uploads\/2024\/03\/belgrad_34-2019-03-25-1-0881_800x450.jpg?fit=800%2C450&ssl=1&resize=350%2C200","width":350,"height":200,"srcset":"https:\/\/i0.wp.com\/www.freidenker.org\/fw17\/wp-content\/uploads\/2024\/03\/belgrad_34-2019-03-25-1-0881_800x450.jpg?fit=800%2C450&ssl=1&resize=350%2C200 1x, https:\/\/i0.wp.com\/www.freidenker.org\/fw17\/wp-content\/uploads\/2024\/03\/belgrad_34-2019-03-25-1-0881_800x450.jpg?fit=800%2C450&ssl=1&resize=525%2C300 1.5x, https:\/\/i0.wp.com\/www.freidenker.org\/fw17\/wp-content\/uploads\/2024\/03\/belgrad_34-2019-03-25-1-0881_800x450.jpg?fit=800%2C450&ssl=1&resize=700%2C400 2x"},"classes":[]},{"id":3060,"url":"https:\/\/www.freidenker.org\/?p=3060","url_meta":{"origin":7073,"position":5},"title":"44. Kongress der Freidenker-Weltunion","author":"Webredaktion","date":"26. Juni 2013","format":false,"excerpt":"Bericht vom 44. Kongress der Weltunion der Freidenker vom 24. bis 26. Mai 2013 in Mannheim Im Mittelpunkt der Tagung stand das Verh\u00e4ltnis des Freien Denkens zur Politik: Der Vorstellung, die Freidenker sollten sich auf Themen der Religions- und Kirchenkritik beschr\u00e4nken, hielt Klaus Hartmann in seinem Referat entgegen: \u201eFreidenker k\u00e4mpften\u2026","rel":"","context":"In &quot;Zentrale Veranstaltungen&quot;","block_context":{"text":"Zentrale Veranstaltungen","link":"https:\/\/www.freidenker.org\/?cat=20"},"img":{"alt_text":"","src":"https:\/\/i0.wp.com\/www.freidenker.org\/fw17\/wp-content\/uploads\/2013\/06\/pansy-2541492_800x445.jpg?fit=800%2C445&ssl=1&resize=350%2C200","width":350,"height":200,"srcset":"https:\/\/i0.wp.com\/www.freidenker.org\/fw17\/wp-content\/uploads\/2013\/06\/pansy-2541492_800x445.jpg?fit=800%2C445&ssl=1&resize=350%2C200 1x, https:\/\/i0.wp.com\/www.freidenker.org\/fw17\/wp-content\/uploads\/2013\/06\/pansy-2541492_800x445.jpg?fit=800%2C445&ssl=1&resize=525%2C300 1.5x, https:\/\/i0.wp.com\/www.freidenker.org\/fw17\/wp-content\/uploads\/2013\/06\/pansy-2541492_800x445.jpg?fit=800%2C445&ssl=1&resize=700%2C400 2x"},"classes":[]}],"_links":{"self":[{"href":"https:\/\/www.freidenker.org\/index.php?rest_route=\/wp\/v2\/posts\/7073","targetHints":{"allow":["GET"]}}],"collection":[{"href":"https:\/\/www.freidenker.org\/index.php?rest_route=\/wp\/v2\/posts"}],"about":[{"href":"https:\/\/www.freidenker.org\/index.php?rest_route=\/wp\/v2\/types\/post"}],"author":[{"embeddable":true,"href":"https:\/\/www.freidenker.org\/index.php?rest_route=\/wp\/v2\/users\/3"}],"replies":[{"embeddable":true,"href":"https:\/\/www.freidenker.org\/index.php?rest_route=%2Fwp%2Fv2%2Fcomments&post=7073"}],"version-history":[{"count":0,"href":"https:\/\/www.freidenker.org\/index.php?rest_route=\/wp\/v2\/posts\/7073\/revisions"}],"wp:featuredmedia":[{"embeddable":true,"href":"https:\/\/www.freidenker.org\/index.php?rest_route=\/wp\/v2\/media\/7075"}],"wp:attachment":[{"href":"https:\/\/www.freidenker.org\/index.php?rest_route=%2Fwp%2Fv2%2Fmedia&parent=7073"}],"wp:term":[{"taxonomy":"category","embeddable":true,"href":"https:\/\/www.freidenker.org\/index.php?rest_route=%2Fwp%2Fv2%2Fcategories&post=7073"},{"taxonomy":"post_tag","embeddable":true,"href":"https:\/\/www.freidenker.org\/index.php?rest_route=%2Fwp%2Fv2%2Ftags&post=7073"}],"curies":[{"name":"wp","href":"https:\/\/api.w.org\/{rel}","templated":true}]}}