{"id":7060,"date":"2019-10-16T22:39:29","date_gmt":"2019-10-16T20:39:29","guid":{"rendered":"https:\/\/www.freidenker.org\/?p=7060"},"modified":"2019-10-21T00:33:32","modified_gmt":"2019-10-20T22:33:32","slug":"buchpremiere-diether-dehm-meine-schoensten-skandale","status":"publish","type":"post","link":"https:\/\/www.freidenker.org\/?p=7060","title":{"rendered":"Buchpremiere: Diether Dehm &#8211; Meine sch\u00f6nsten Skandale"},"content":{"rendered":"<h5>Freidenker zur Frankfurter Buchmesse<\/h5>\n<p><b>Donnerstag, 17.10. 2019, 19 Uhr<\/b><br \/>\nClub Voltaire, Kleine Hochstra\u00dfe 5 in Frankfurt\/Main:<\/p>\n<h4>Meine sch\u00f6nsten Skandale<\/h4>\n<p>Buchpremiere mit dem Autor <b>Dr. Diether Dehm<\/b><\/p>\n<p>&#8222;Von einem, der sich nicht unterkriegen l\u00e4sst&#8220; &#8211; so wird unser Freidenker-Beiratsmitglied anl\u00e4sslich dieser Neuerscheinung zur Frankfurter Buchmesse charakterisiert. Mittlerweile k\u00f6nnte Dehm ganze B\u00e4nde mit eigenen Skandalen f\u00fcllen, bel\u00e4sst es aber (erst einmal) bei den \u00bballersch\u00f6nsten und -lustigsten\u00ab. Er provoziert R\u00fcstungsindustrie, Monopole, die Deutsche Bank, BND und Verfassungsschutz, die Rechten und die antikommunistische Presse \u2013 bei denen allen macht er sich keine Freunde. Das Ergebnis ist eine Kette von Skandalen, selbst- und fremdgemachten, \u00fcber die er nun erstmals und im Zusammenhang berichtet: Ein Leben f\u00fcr die Umw\u00e4lzung der Verh\u00e4ltnisse, 50 Jahre Kampf gegen Unterdr\u00fcckung und Ausbeutung, f\u00fcr Frieden und Freiheit. Diether entlarvt mit seinem Buch &#8222;den Skandal der Skandalisierungen&#8220; seiner Person \u2013 womit sein Wikipedia-Eintrag um einen Skandal reicher werden d\u00fcrfte.<\/p>\n<p><img data-recalc-dims=\"1\" loading=\"lazy\" decoding=\"async\" data-attachment-id=\"7062\" data-permalink=\"https:\/\/www.freidenker.org\/?attachment_id=7062\" data-orig-file=\"https:\/\/i0.wp.com\/www.freidenker.org\/fw17\/wp-content\/uploads\/2019\/10\/ddehm-meine-schoensten-skandale.jpg?fit=800%2C1345&amp;ssl=1\" data-orig-size=\"800,1345\" data-comments-opened=\"0\" data-image-meta=\"{&quot;aperture&quot;:&quot;0&quot;,&quot;credit&quot;:&quot;&quot;,&quot;camera&quot;:&quot;&quot;,&quot;caption&quot;:&quot;&quot;,&quot;created_timestamp&quot;:&quot;0&quot;,&quot;copyright&quot;:&quot;&quot;,&quot;focal_length&quot;:&quot;0&quot;,&quot;iso&quot;:&quot;0&quot;,&quot;shutter_speed&quot;:&quot;0&quot;,&quot;title&quot;:&quot;&quot;,&quot;orientation&quot;:&quot;0&quot;}\" data-image-title=\"ddehm-meine-schoensten-skandale\" data-image-description=\"\" data-image-caption=\"\" data-large-file=\"https:\/\/i0.wp.com\/www.freidenker.org\/fw17\/wp-content\/uploads\/2019\/10\/ddehm-meine-schoensten-skandale.jpg?fit=609%2C1024&amp;ssl=1\" class=\"alignnone wp-image-7062\" src=\"https:\/\/i0.wp.com\/www.freidenker.org\/fw17\/wp-content\/uploads\/2019\/10\/ddehm-meine-schoensten-skandale.jpg?resize=357%2C600&#038;ssl=1\" alt=\"\" width=\"357\" height=\"600\" srcset=\"https:\/\/i0.wp.com\/www.freidenker.org\/fw17\/wp-content\/uploads\/2019\/10\/ddehm-meine-schoensten-skandale.jpg?resize=609%2C1024&amp;ssl=1 609w, https:\/\/i0.wp.com\/www.freidenker.org\/fw17\/wp-content\/uploads\/2019\/10\/ddehm-meine-schoensten-skandale.jpg?resize=178%2C300&amp;ssl=1 178w, https:\/\/i0.wp.com\/www.freidenker.org\/fw17\/wp-content\/uploads\/2019\/10\/ddehm-meine-schoensten-skandale.jpg?resize=768%2C1291&amp;ssl=1 768w, https:\/\/i0.wp.com\/www.freidenker.org\/fw17\/wp-content\/uploads\/2019\/10\/ddehm-meine-schoensten-skandale.jpg?w=800&amp;ssl=1 800w\" sizes=\"auto, (max-width: 357px) 100vw, 357px\" \/><\/p>\n<hr \/>\n<p><span style=\"font-size: 10pt;\">Buchcover: Verlag Das Neue Berlin<\/span><\/p>\n","protected":false},"excerpt":{"rendered":"<p>Freidenker zur Frankfurter Buchmesse:<br \/>\nDonnerstag, 17.10. 2019, 19 Uhr \/ Club Voltaire, Kleine Hochstra\u00dfe 5 in Frankfurt\/Main:<br \/>\n<b>Meine sch\u00f6nsten Skandale &#8211; Buchpremiere mit dem Autor Dr. Diether Dehm<\/b><br \/>\n&#8222;Von einem, der sich nicht unterkriegen l\u00e4sst&#8220; &#8211; so wird unser Freidenker-Beiratsmitglied anl\u00e4sslich dieser Neuerscheinung zur Frankfurter Buchmesse charakterisiert. Mittlerweile k\u00f6nnte Dehm ganze B\u00e4nde mit eigenen Skandalen f\u00fcllen, bel\u00e4sst es aber (erst einmal) bei den \u00bballersch\u00f6nsten und -lustigsten\u00ab. Er provoziert R\u00fcstungsindustrie, Monopole, die Deutsche Bank, BND und Verfassungsschutz, die Rechten und die antikommunistische Presse \u2013 bei denen allen macht er sich keine Freunde.<\/p>\n","protected":false},"author":3,"featured_media":7063,"comment_status":"closed","ping_status":"closed","sticky":false,"template":"","format":"standard","meta":{"colormag_page_container_layout":"default_layout","colormag_page_sidebar_layout":"default_layout","advanced_seo_description":"","jetpack_seo_html_title":"","jetpack_seo_noindex":false,"jetpack_post_was_ever_published":false,"footnotes":""},"categories":[6,19],"tags":[1115,159,335,1196,422,1130],"class_list":["post-7060","post","type-post","status-publish","format-standard","has-post-thumbnail","hentry","category-publikationen-fuer-freidenker","category-veranstaltungen-in-den-dfv-landesverbaenden","tag-buch","tag-freiheit","tag-frieden","tag-monopole","tag-ruestung","tag-verleumdung"],"jetpack_featured_media_url":"https:\/\/i0.wp.com\/www.freidenker.org\/fw17\/wp-content\/uploads\/2019\/10\/dehm_skandale_800x445.jpg?fit=800%2C445&ssl=1","jetpack_shortlink":"https:\/\/wp.me\/p9stpK-1PS","jetpack-related-posts":[{"id":18001,"url":"https:\/\/www.freidenker.org\/?p=18001","url_meta":{"origin":7060,"position":0},"title":"Video: Klaus Hartmann bei MOATS","author":"Webredaktion","date":"24. Januar 2024","format":false,"excerpt":"Video-Interview von Dr. Diether Dehm mit Klaus Hartmann In seiner Sendung \"MOATS (Mother of all Talkshows)\", der deutschen Variante des vom britischen linken ehemaligen Parlamentarier George Galloway entwickelten w\u00f6chentlichen Podcasts, pr\u00e4sentiert Diether Dehm G\u00e4ste, die zu aktuellen Fragen unangepasste Meinungen \u00e4u\u00dfern. Zum zweiten Mal sa\u00df Klaus Hartmann vor der Kamera\u2026","rel":"","context":"In &quot;Demokratie \u2013 Medien \u2013 Aufkl\u00e4rung&quot;","block_context":{"text":"Demokratie \u2013 Medien \u2013 Aufkl\u00e4rung","link":"https:\/\/www.freidenker.org\/?cat=12"},"img":{"alt_text":"","src":"https:\/\/i0.wp.com\/www.freidenker.org\/fw17\/wp-content\/uploads\/2024\/01\/dehm_hartmann_moats_2024-01_b2_800x450.jpg?fit=800%2C450&ssl=1&resize=350%2C200","width":350,"height":200,"srcset":"https:\/\/i0.wp.com\/www.freidenker.org\/fw17\/wp-content\/uploads\/2024\/01\/dehm_hartmann_moats_2024-01_b2_800x450.jpg?fit=800%2C450&ssl=1&resize=350%2C200 1x, https:\/\/i0.wp.com\/www.freidenker.org\/fw17\/wp-content\/uploads\/2024\/01\/dehm_hartmann_moats_2024-01_b2_800x450.jpg?fit=800%2C450&ssl=1&resize=525%2C300 1.5x, https:\/\/i0.wp.com\/www.freidenker.org\/fw17\/wp-content\/uploads\/2024\/01\/dehm_hartmann_moats_2024-01_b2_800x450.jpg?fit=800%2C450&ssl=1&resize=700%2C400 2x"},"classes":[]},{"id":15142,"url":"https:\/\/www.freidenker.org\/?p=15142","url_meta":{"origin":7060,"position":1},"title":"Indianer-Verbot? Diether Dehm hat Florian Silbereisen verklagt","author":"Webredaktion","date":"4. Februar 2023","format":false,"excerpt":"Video: \"1000 mal ber\u00fchrt\" f\u00fcr Florian Silbereisen gesungen von Diether Dehm und Uwe Steimle Nachdem die deutsche Presse seit 8 Tagen \u00fcber den Konflikt zwischen Song-Autor Diether Dehm und Florian Silbereisen berichtet und sich dessen Manager mittlerweile bei Dehm entschuldigt hatte, haben Steimle und Dehm eine freundlich-satirische Ermutigung an Silbereisen\u2026","rel":"","context":"In &quot;Kultur &amp; Kunst&quot;","block_context":{"text":"Kultur &amp; Kunst","link":"https:\/\/www.freidenker.org\/?cat=913"},"img":{"alt_text":"","src":"https:\/\/i0.wp.com\/www.freidenker.org\/fw17\/wp-content\/uploads\/2023\/02\/Dehm_Silbereisen_800x450_v2.jpg?fit=800%2C450&ssl=1&resize=350%2C200","width":350,"height":200,"srcset":"https:\/\/i0.wp.com\/www.freidenker.org\/fw17\/wp-content\/uploads\/2023\/02\/Dehm_Silbereisen_800x450_v2.jpg?fit=800%2C450&ssl=1&resize=350%2C200 1x, https:\/\/i0.wp.com\/www.freidenker.org\/fw17\/wp-content\/uploads\/2023\/02\/Dehm_Silbereisen_800x450_v2.jpg?fit=800%2C450&ssl=1&resize=525%2C300 1.5x, https:\/\/i0.wp.com\/www.freidenker.org\/fw17\/wp-content\/uploads\/2023\/02\/Dehm_Silbereisen_800x450_v2.jpg?fit=800%2C450&ssl=1&resize=700%2C400 2x"},"classes":[]},{"id":25012,"url":"https:\/\/www.freidenker.org\/?p=25012","url_meta":{"origin":7060,"position":2},"title":"Lesung mit Diether Dehm: Katharina &#8211; Aufstieg und Niedertracht II","author":"Webredaktion","date":"24. April 2026","format":false,"excerpt":"Katharina -\u00a0Teil 2 der Trilogie\u00a0\u201eAufstieg und Niedertracht\u201c Autorenlesung mit Diether Dehm Von der Nachkriegsgeschichte des zerst\u00f6rten Frankfurt am Main, \u201ealten Nazis, neuem Geldadel\u201c wie Krupp und Abs, dem Prostituiertenmord an Rosemarie Nitribitt und dem mysteri\u00f6sen Arbeitszettel eines polnischen Arbeiters, t\u00e4tig f\u00fcr eine von der Deutschen Bank kreditierten Baufirma, mit dem\u2026","rel":"","context":"In &quot;Aktuelles&quot;","block_context":{"text":"Aktuelles","link":"https:\/\/www.freidenker.org\/?cat=574"},"img":{"alt_text":"","src":"https:\/\/i0.wp.com\/www.freidenker.org\/fw17\/wp-content\/uploads\/2026\/04\/Dehm_Katharina_800x450.jpg?fit=800%2C451&ssl=1&resize=350%2C200","width":350,"height":200,"srcset":"https:\/\/i0.wp.com\/www.freidenker.org\/fw17\/wp-content\/uploads\/2026\/04\/Dehm_Katharina_800x450.jpg?fit=800%2C451&ssl=1&resize=350%2C200 1x, https:\/\/i0.wp.com\/www.freidenker.org\/fw17\/wp-content\/uploads\/2026\/04\/Dehm_Katharina_800x450.jpg?fit=800%2C451&ssl=1&resize=525%2C300 1.5x, https:\/\/i0.wp.com\/www.freidenker.org\/fw17\/wp-content\/uploads\/2026\/04\/Dehm_Katharina_800x450.jpg?fit=800%2C451&ssl=1&resize=700%2C400 2x"},"classes":[]},{"id":10325,"url":"https:\/\/www.freidenker.org\/?p=10325","url_meta":{"origin":7060,"position":3},"title":"Warum ich mich in Moskau mit Sputnik impfen lie\u00df","author":"Webredaktion","date":"14. Mai 2021","format":false,"excerpt":"W\u00e4hrend seines Aufenthaltes in Moskau anl\u00e4sslich der Feierlichkeiten zum Tag des Sieges nutzte unser Beiratsmitglied Diether Dehm (MdB) die Gelegenheit, sich mit dem russischen Impfstoff Sputnik V gegen Corona impfen zu lassen. Dazu ver\u00f6ffentlichen wir den Eintrag auf seiner Webseite, einen Artikel von RT DE und ein Interview mit Diether\u2026","rel":"","context":"In &quot;Demokratie \u2013 Medien \u2013 Aufkl\u00e4rung&quot;","block_context":{"text":"Demokratie \u2013 Medien \u2013 Aufkl\u00e4rung","link":"https:\/\/www.freidenker.org\/?cat=12"},"img":{"alt_text":"","src":"https:\/\/i0.wp.com\/www.freidenker.org\/fw17\/wp-content\/uploads\/2021\/05\/dehm_impfung_800x450.jpg?fit=800%2C450&ssl=1&resize=350%2C200","width":350,"height":200,"srcset":"https:\/\/i0.wp.com\/www.freidenker.org\/fw17\/wp-content\/uploads\/2021\/05\/dehm_impfung_800x450.jpg?fit=800%2C450&ssl=1&resize=350%2C200 1x, https:\/\/i0.wp.com\/www.freidenker.org\/fw17\/wp-content\/uploads\/2021\/05\/dehm_impfung_800x450.jpg?fit=800%2C450&ssl=1&resize=525%2C300 1.5x, https:\/\/i0.wp.com\/www.freidenker.org\/fw17\/wp-content\/uploads\/2021\/05\/dehm_impfung_800x450.jpg?fit=800%2C450&ssl=1&resize=700%2C400 2x"},"classes":[]},{"id":18103,"url":"https:\/\/www.freidenker.org\/?p=18103","url_meta":{"origin":7060,"position":4},"title":"Echter Journalismus und falsche EU","author":"Webredaktion","date":"9. Februar 2024","format":false,"excerpt":"Patrik Baab: Die EU ist zu einem Kriegsb\u00fcndnis degeneriert Video-Interview von\u00a0Dr. Diether Dehm\u00a0mit\u00a0Patrik Baab Der Journalist Patrik Baab erz\u00e4hlt warum er in den Donbass reiste und weshalb Ausgewogenheit das Ziel von Journalismus sein sollte. Es gehe darum aufzukl\u00e4ren und alle Seiten zu Wort kommen zu lassen. Als Politikwissenschaftler gibt er\u2026","rel":"","context":"In &quot;Demokratie \u2013 Medien \u2013 Aufkl\u00e4rung&quot;","block_context":{"text":"Demokratie \u2013 Medien \u2013 Aufkl\u00e4rung","link":"https:\/\/www.freidenker.org\/?cat=12"},"img":{"alt_text":"","src":"https:\/\/i0.wp.com\/www.freidenker.org\/fw17\/wp-content\/uploads\/2024\/02\/Dehm_Baab_800x450.jpg?fit=800%2C450&ssl=1&resize=350%2C200","width":350,"height":200,"srcset":"https:\/\/i0.wp.com\/www.freidenker.org\/fw17\/wp-content\/uploads\/2024\/02\/Dehm_Baab_800x450.jpg?fit=800%2C450&ssl=1&resize=350%2C200 1x, https:\/\/i0.wp.com\/www.freidenker.org\/fw17\/wp-content\/uploads\/2024\/02\/Dehm_Baab_800x450.jpg?fit=800%2C450&ssl=1&resize=525%2C300 1.5x, https:\/\/i0.wp.com\/www.freidenker.org\/fw17\/wp-content\/uploads\/2024\/02\/Dehm_Baab_800x450.jpg?fit=800%2C450&ssl=1&resize=700%2C400 2x"},"classes":[]},{"id":9614,"url":"https:\/\/www.freidenker.org\/?p=9614","url_meta":{"origin":7060,"position":5},"title":"Video: ABS &#8211; Das St\u00fcck zur TV-Doku","author":"Webredaktion","date":"23. Februar 2021","format":false,"excerpt":"\"ABS\" \u2013 ein politisches Theaterst\u00fcck von Diether Dehm (Regie: Reinhard Hinzpeter, Musik Jossi Mar Chaim) mit: freies Frankfurter Schauspielensemble, Peter Sodann, Hannes Jaenicke - Hermann Josef Abs war nie Mitglied der sich \u201eNationalsozialistische Arbeiter\u201c nennenden Faschistenpartei. Aber f\u00fcr die Nazis kalkulierte er kalt und n\u00fcchtern (als Chef der Deutschen Bank!)\u2026","rel":"","context":"In &quot;Demokratie \u2013 Medien \u2013 Aufkl\u00e4rung&quot;","block_context":{"text":"Demokratie \u2013 Medien \u2013 Aufkl\u00e4rung","link":"https:\/\/www.freidenker.org\/?cat=12"},"img":{"alt_text":"","src":"https:\/\/i0.wp.com\/www.freidenker.org\/fw17\/wp-content\/uploads\/2021\/02\/abs_das_stueck_800x450.jpg?fit=800%2C450&ssl=1&resize=350%2C200","width":350,"height":200,"srcset":"https:\/\/i0.wp.com\/www.freidenker.org\/fw17\/wp-content\/uploads\/2021\/02\/abs_das_stueck_800x450.jpg?fit=800%2C450&ssl=1&resize=350%2C200 1x, https:\/\/i0.wp.com\/www.freidenker.org\/fw17\/wp-content\/uploads\/2021\/02\/abs_das_stueck_800x450.jpg?fit=800%2C450&ssl=1&resize=525%2C300 1.5x, https:\/\/i0.wp.com\/www.freidenker.org\/fw17\/wp-content\/uploads\/2021\/02\/abs_das_stueck_800x450.jpg?fit=800%2C450&ssl=1&resize=700%2C400 2x"},"classes":[]}],"_links":{"self":[{"href":"https:\/\/www.freidenker.org\/index.php?rest_route=\/wp\/v2\/posts\/7060","targetHints":{"allow":["GET"]}}],"collection":[{"href":"https:\/\/www.freidenker.org\/index.php?rest_route=\/wp\/v2\/posts"}],"about":[{"href":"https:\/\/www.freidenker.org\/index.php?rest_route=\/wp\/v2\/types\/post"}],"author":[{"embeddable":true,"href":"https:\/\/www.freidenker.org\/index.php?rest_route=\/wp\/v2\/users\/3"}],"replies":[{"embeddable":true,"href":"https:\/\/www.freidenker.org\/index.php?rest_route=%2Fwp%2Fv2%2Fcomments&post=7060"}],"version-history":[{"count":0,"href":"https:\/\/www.freidenker.org\/index.php?rest_route=\/wp\/v2\/posts\/7060\/revisions"}],"wp:featuredmedia":[{"embeddable":true,"href":"https:\/\/www.freidenker.org\/index.php?rest_route=\/wp\/v2\/media\/7063"}],"wp:attachment":[{"href":"https:\/\/www.freidenker.org\/index.php?rest_route=%2Fwp%2Fv2%2Fmedia&parent=7060"}],"wp:term":[{"taxonomy":"category","embeddable":true,"href":"https:\/\/www.freidenker.org\/index.php?rest_route=%2Fwp%2Fv2%2Fcategories&post=7060"},{"taxonomy":"post_tag","embeddable":true,"href":"https:\/\/www.freidenker.org\/index.php?rest_route=%2Fwp%2Fv2%2Ftags&post=7060"}],"curies":[{"name":"wp","href":"https:\/\/api.w.org\/{rel}","templated":true}]}}