{"id":7,"date":"2011-03-03T15:07:39","date_gmt":"2011-03-03T14:07:39","guid":{"rendered":"http:\/\/www.freidenker.org\/fw17\/?p=7"},"modified":"2017-12-28T02:56:24","modified_gmt":"2017-12-28T01:56:24","slug":"fuer-moral-im-hochschulwesen","status":"publish","type":"post","link":"https:\/\/www.freidenker.org\/?p=7","title":{"rendered":"F\u00fcr Moral im Hochschulwesen"},"content":{"rendered":"<p>\u2026\u2026<strong>aber bitte als universelles Prinzip. Es ist nicht ohne die Verteidigung des V\u00f6lkerrechts gegen Angriffskriege und Siegerjustiz zu haben.<\/strong><\/p>\n<p>W\u00e4hrend in diesen Tagen deutsche Akademiker die strikte Einhaltung der Standards wissenschaftlichen Arbeitens einfordern, und ein zu Guttenberg, der mit geklauten Textstellen in seiner Doktorarbeit gegen die akademische Moral versto\u00dfen hat, als Chef der deutschen Interventionsarmee unhaltbar geworden ist, muss in diesem Zusammenhang auf Fragen von Moral und Recht in ganz anderer Gr\u00f6\u00dfenordnung hingewiesen werden.<\/p>\n<p>Die <a href=\"http:\/\/www.brussellstribunal.org\/Seminar\/#id=main3sub2&amp;ts=1299163141440&amp;page=1&amp;language=de\" target=\"_blank\" rel=\"noopener\">Charta von Gent<\/a> ruft zur Verteidigung des irakischen Hochschulwesens auf. Darin geht es um die bisher geflissentlich in einen Mantel des Schweigens geh\u00fcllte Zerst\u00f6rung des gesamten Hochschul- und Bildungssystems des Irak. Dieses geh\u00f6rte vor dem Aggressionskrieg zu einem der besten der Region. Bisher wurden \u00fcber 84% der weiterf\u00fchrenden Bildungseinrichtungen des Landes unter der Besatzung zerst\u00f6rt. Die gebildete Mittelschicht eines Landes ist weitgehend der Aggression westlicher L\u00e4nder, einschlie\u00dflich Deutschlands, zum Opfer gefallen. Die Initiatoren und Unterst\u00fctzer der Genter Charta appellieren an Akademiker in aller Welt, ihren Beitrag zur Rettung des irakischen Hochschulwesens und der kulturellen Identit\u00e4t des Irak zu leisten. Mit diesen und anderen Fragen befasst sich vom 8. bis 11. M\u00e4rz ein internationales <a href=\"http:\/\/www.brussellstribunal.org\/Seminar\/pdf\/de\/flyer.pdf\" target=\"_blank\" rel=\"noopener\">Seminar<\/a> an der Universit\u00e4t Gent. Man kann die Charta von Gent <a href=\"http:\/\/www.ipetitions.com\/petition\/ghentcharter\/\" target=\"_blank\" rel=\"noopener\">hier unterzeichnen<\/a>.<\/p>\n<p>Und w\u00e4hrend dieselben westlichen M\u00e4chte in diesen Tagen eine Invasion in Libyen planen und daf\u00fcr mit Hilfe des Internationalen Strafgerichtshofs Stimmung zu machen suchen, erinnern wir uns: Vor f\u00fcnf Jahren, am 11. M\u00e4rz 2006 ist Slobodan Milo\u0161evic unter bis heute ungekl\u00e4rten Umst\u00e4nden in der \u201aObhut\u2018 des \u201eInternationalen Tribunals f\u00fcr das ehemalige Jugoslawien\u201c ums Leben gekommen. Dieser Jahrestag ist f\u00fcr eine internationale Gruppe von Juristen und Aktivisten Anlass, die umgehende Abschaffung des \u201aTribunals\u2018 und die Freilassung aller seiner Gefangenen zu fordern! Sie weisen darauf hin dass die \u201aSondergerichte\u2018, so auch jene zu Ruanda und dem Libanon, dem Grundsatz der Rechtsgleichheit Hohn sprechen. Sie dienen dazu, die Besetzung des Balkan zu verewigen, dem Westen freien Zugang zu den Rohstoffen im Kongo zu garantieren bzw. die israelische Apartheid-Politik zu verteidigen.<br \/>\nUnter dem Motto \u201eGegen NATO-Aggression und Siegerjustiz durch Sondertribunale: Das V\u00f6lkerrecht verteidigen!\u201c findet am Freitag, den 11. M\u00e4rz 2011 in Wien auf dem Stephansplatz ab 16:30 Uhr eine <a href=\"https:\/\/www.freidenker.org\/fw17\/wp-content\/uploads\/2017\/12\/110311.pdf\">Protestkundgebung<\/a> statt. Und am Samstag, den 12. M\u00e4rz 2011, 18:00 \u2013 21:00 Uhr gibt es zu diesem Thema eine Podiumsdiskussion im Arabischen Kulturzentrum Wien (OKAZ) Gusshausstra\u00dfe 14\/3, Wien.<\/p>\n<p>Klaus Hartmann<br \/>\n<em>Vorsitzender des Deutschen Freidenker-Verbands<\/em><\/p>\n<hr \/>\n<p><strong>Bild:<\/strong> FreeImages.com\/Artist\u2019s Member Name: Gary Tamin<\/p>\n","protected":false},"excerpt":{"rendered":"<p><strong>Beitrag von Klaus Hartmann<\/strong><br \/>\nW\u00e4hrend in diesen Tagen deutsche Akademiker die strikte Einhaltung der Standards wissenschaftlichen Arbeitens einfordern, und ein zu Guttenberg, der mit geklauten Textstellen in seiner Doktorarbeit gegen die akademische Moral versto\u00dfen hat, als Chef der deutschen Interventionsarmee unhaltbar geworden ist, muss in diesem Zusammenhang auf Fragen von Moral und Recht in ganz anderer Gr\u00f6\u00dfenordnung hingewiesen werden.<br \/>\nDie Charta von Gent ruft zur Verteidigung des irakischen Hochschulwesens auf. Darin geht es um die bisher geflissentlich in einen Mantel des Schweigens geh\u00fcllte Zerst\u00f6rung des gesamten Hochschul- und Bildungssystems des Irak. <\/p>\n","protected":false},"author":2,"featured_media":8,"comment_status":"closed","ping_status":"closed","sticky":false,"template":"","format":"standard","meta":{"colormag_page_container_layout":"default_layout","colormag_page_sidebar_layout":"default_layout","advanced_seo_description":"","jetpack_seo_html_title":"","jetpack_seo_noindex":false,"jetpack_post_was_ever_published":false,"footnotes":""},"categories":[13],"tags":[],"class_list":["post-7","post","type-post","status-publish","format-standard","has-post-thumbnail","hentry","category-frieden-antifaschismus-solidaritaet"],"jetpack_featured_media_url":"https:\/\/i0.wp.com\/www.freidenker.org\/fw17\/wp-content\/uploads\/2016\/05\/Uni.jpg?fit=800%2C445&ssl=1","jetpack_shortlink":"https:\/\/wp.me\/p9stpK-7","jetpack-related-posts":[{"id":11334,"url":"https:\/\/www.freidenker.org\/?p=11334","url_meta":{"origin":7,"position":0},"title":"Der Name Slobodan Milo\u0161evi\u0107 ist ein Symbol f\u00fcr den nationalen Widerstand gegen den Imperialismus","author":"Webredaktion","date":"4. Oktober 2021","format":false,"excerpt":"Rede von Sebastian Bahlo auf der internationalen Online Konferenz \"MILOSEVIC - GEGEN NATO-VERBRECHEN, F\u00dcR EINE NEUE WELT\" am 1. Oktober 2021 ... Der Name Slobodan Milo\u0161evi\u0107 hat eine wichtige Bedeutung f\u00fcr die Menschheit. Er war ein Politiker, wie man ihn zumindest in der westlichen Welt nicht mehr sieht. Geleitet von\u2026","rel":"","context":"In &quot;Frieden - Antifaschismus - Solidarit\u00e4t&quot;","block_context":{"text":"Frieden - Antifaschismus - Solidarit\u00e4t","link":"https:\/\/www.freidenker.org\/?cat=13"},"img":{"alt_text":"","src":"https:\/\/i0.wp.com\/www.freidenker.org\/fw17\/wp-content\/uploads\/2021\/10\/Milosevic-Konferenz_Bahlo_800x450.jpg?fit=800%2C450&ssl=1&resize=350%2C200","width":350,"height":200,"srcset":"https:\/\/i0.wp.com\/www.freidenker.org\/fw17\/wp-content\/uploads\/2021\/10\/Milosevic-Konferenz_Bahlo_800x450.jpg?fit=800%2C450&ssl=1&resize=350%2C200 1x, https:\/\/i0.wp.com\/www.freidenker.org\/fw17\/wp-content\/uploads\/2021\/10\/Milosevic-Konferenz_Bahlo_800x450.jpg?fit=800%2C450&ssl=1&resize=525%2C300 1.5x, https:\/\/i0.wp.com\/www.freidenker.org\/fw17\/wp-content\/uploads\/2021\/10\/Milosevic-Konferenz_Bahlo_800x450.jpg?fit=800%2C450&ssl=1&resize=700%2C400 2x"},"classes":[]},{"id":24124,"url":"https:\/\/www.freidenker.org\/?p=24124","url_meta":{"origin":7,"position":1},"title":"Alles wie gehabt: USA mit M\u00f6rder-Pr\u00e4sident an der Spitze","author":"Webredaktion","date":"3. Januar 2026","format":false,"excerpt":"Erkl\u00e4rung des Deutschen Freidenker-Verbandes, Kommuniqu\u00e9 der Regierung Venezuelas zur US-Aggression und Erkl\u00e4rung der Antiimperialistischen Koordination (AIK) Der Deutsche Freidenker-Verband verurteilt den v\u00f6lkerrechtswidrigen Angriffskrieg der USA gegen das souver\u00e4ne und freiheitsliebende Venezuela. Das Kidnapping des gew\u00e4hlten Pr\u00e4sidenten der Bolivarischen Republik Nicol\u00e1s Maduro ist ein krimineller Piratenakt. Der Einsatz brutaler milit\u00e4rischer Gewalt\u2026","rel":"","context":"In &quot;Frieden - Antifaschismus - Solidarit\u00e4t&quot;","block_context":{"text":"Frieden - Antifaschismus - Solidarit\u00e4t","link":"https:\/\/www.freidenker.org\/?cat=13"},"img":{"alt_text":"","src":"https:\/\/i0.wp.com\/www.freidenker.org\/fw17\/wp-content\/uploads\/2026\/01\/angriff_auf_venezuela_02_800x450.jpg?fit=800%2C450&ssl=1&resize=350%2C200","width":350,"height":200,"srcset":"https:\/\/i0.wp.com\/www.freidenker.org\/fw17\/wp-content\/uploads\/2026\/01\/angriff_auf_venezuela_02_800x450.jpg?fit=800%2C450&ssl=1&resize=350%2C200 1x, https:\/\/i0.wp.com\/www.freidenker.org\/fw17\/wp-content\/uploads\/2026\/01\/angriff_auf_venezuela_02_800x450.jpg?fit=800%2C450&ssl=1&resize=525%2C300 1.5x, https:\/\/i0.wp.com\/www.freidenker.org\/fw17\/wp-content\/uploads\/2026\/01\/angriff_auf_venezuela_02_800x450.jpg?fit=800%2C450&ssl=1&resize=700%2C400 2x"},"classes":[]},{"id":8616,"url":"https:\/\/www.freidenker.org\/?p=8616","url_meta":{"origin":7,"position":2},"title":"Kafkaesker Schauprozess","author":"Webredaktion","date":"20. September 2020","format":false,"excerpt":"Beitrag von Peter Betscher Am 7. September 2020 wurde das Anh\u00f6rungsverfahren zur Auslieferung von Julian Assange im Zentralen Strafgerichtshof Old Bailey im Zentrum von London fortgesetzt - nicht wie im Februar 2020 im Woolwich Crown Court, das dem Hochsicherheitsgef\u00e4ngnis Belmarsh direkt angeschlossen ist. Zur Erinnerung: Julian Assange sitzt unschuldig im\u2026","rel":"","context":"In &quot;Frieden - Antifaschismus - Solidarit\u00e4t&quot;","block_context":{"text":"Frieden - Antifaschismus - Solidarit\u00e4t","link":"https:\/\/www.freidenker.org\/?cat=13"},"img":{"alt_text":"","src":"https:\/\/i0.wp.com\/www.freidenker.org\/fw17\/wp-content\/uploads\/2020\/09\/assange_02-2020-09-05-pb-0953_800x450_v2.jpg?fit=800%2C450&ssl=1&resize=350%2C200","width":350,"height":200,"srcset":"https:\/\/i0.wp.com\/www.freidenker.org\/fw17\/wp-content\/uploads\/2020\/09\/assange_02-2020-09-05-pb-0953_800x450_v2.jpg?fit=800%2C450&ssl=1&resize=350%2C200 1x, https:\/\/i0.wp.com\/www.freidenker.org\/fw17\/wp-content\/uploads\/2020\/09\/assange_02-2020-09-05-pb-0953_800x450_v2.jpg?fit=800%2C450&ssl=1&resize=525%2C300 1.5x, https:\/\/i0.wp.com\/www.freidenker.org\/fw17\/wp-content\/uploads\/2020\/09\/assange_02-2020-09-05-pb-0953_800x450_v2.jpg?fit=800%2C450&ssl=1&resize=700%2C400 2x"},"classes":[]},{"id":3137,"url":"https:\/\/www.freidenker.org\/?p=3137","url_meta":{"origin":7,"position":3},"title":"Warum \u201eUnselig-Sprechung\u201c durch den Deutschen Freidenker-Verband?","author":"Webredaktion","date":"16. November 2011","format":false,"excerpt":"Soll \u00fcber Fragen der Ethik und Moral Klarheit geschaffen werden, so scheinen manchmal auch neue Formen angebracht. Warum nicht an Beispielen moralisch verwerflichen Verhaltens \u00fcber das Richtige und Gebotene aufkl\u00e4ren? Die Methode ist alt, neu ist das Verfahren, das eine alte kompromittierte Institution karikieren und im dialektischen Sinne \u201eaufheben\u201c will.\u2026","rel":"","context":"In &quot;Demokratie \u2013 Medien \u2013 Aufkl\u00e4rung&quot;","block_context":{"text":"Demokratie \u2013 Medien \u2013 Aufkl\u00e4rung","link":"https:\/\/www.freidenker.org\/?cat=12"},"img":{"alt_text":"","src":"https:\/\/i0.wp.com\/www.freidenker.org\/fw17\/wp-content\/uploads\/2011\/11\/o2_with_devil.jpg?fit=800%2C445&ssl=1&resize=350%2C200","width":350,"height":200,"srcset":"https:\/\/i0.wp.com\/www.freidenker.org\/fw17\/wp-content\/uploads\/2011\/11\/o2_with_devil.jpg?fit=800%2C445&ssl=1&resize=350%2C200 1x, https:\/\/i0.wp.com\/www.freidenker.org\/fw17\/wp-content\/uploads\/2011\/11\/o2_with_devil.jpg?fit=800%2C445&ssl=1&resize=525%2C300 1.5x, https:\/\/i0.wp.com\/www.freidenker.org\/fw17\/wp-content\/uploads\/2011\/11\/o2_with_devil.jpg?fit=800%2C445&ssl=1&resize=700%2C400 2x"},"classes":[]},{"id":8674,"url":"https:\/\/www.freidenker.org\/?p=8674","url_meta":{"origin":7,"position":4},"title":"Moralische Argumente gegen \u201eNordstream\u201c nur ein Vorwand","author":"Webredaktion","date":"23. September 2020","format":false,"excerpt":"Leserbrief von Bernd Duschner, erschienen im \u201eDonaukurier\u201c vom 12\/13.9.2020 Die USA haben die Bundesregierung wiederholt gewarnt: Sie hat den Bau der Erdgas-Pipeline Nord Stream 2 einzustellen. Die Pipeline l\u00e4uft \u00fcber die Ostsee, au\u00dferhalb des Zugriffs osteurop\u00e4ischer Staaten, auf deren Verhalten die USA bei Bedarf starken Einfluss nehmen k\u00f6nnen. Als \u201eJuniorpartner\u201c\u2026","rel":"","context":"In &quot;Demokratie \u2013 Medien \u2013 Aufkl\u00e4rung&quot;","block_context":{"text":"Demokratie \u2013 Medien \u2013 Aufkl\u00e4rung","link":"https:\/\/www.freidenker.org\/?cat=12"},"img":{"alt_text":"","src":"https:\/\/i0.wp.com\/www.freidenker.org\/fw17\/wp-content\/uploads\/2020\/09\/Nord_Stream_Sign_Tallinn_19_May_2014_800x450..jpg?fit=800%2C450&ssl=1&resize=350%2C200","width":350,"height":200,"srcset":"https:\/\/i0.wp.com\/www.freidenker.org\/fw17\/wp-content\/uploads\/2020\/09\/Nord_Stream_Sign_Tallinn_19_May_2014_800x450..jpg?fit=800%2C450&ssl=1&resize=350%2C200 1x, https:\/\/i0.wp.com\/www.freidenker.org\/fw17\/wp-content\/uploads\/2020\/09\/Nord_Stream_Sign_Tallinn_19_May_2014_800x450..jpg?fit=800%2C450&ssl=1&resize=525%2C300 1.5x, https:\/\/i0.wp.com\/www.freidenker.org\/fw17\/wp-content\/uploads\/2020\/09\/Nord_Stream_Sign_Tallinn_19_May_2014_800x450..jpg?fit=800%2C450&ssl=1&resize=700%2C400 2x"},"classes":[]},{"id":5460,"url":"https:\/\/www.freidenker.org\/?p=5460","url_meta":{"origin":7,"position":5},"title":"Zu den Ereignissen in Chemnitz","author":"Webredaktion","date":"30. September 2018","format":false,"excerpt":"Erkl\u00e4rung von Hans Bauer, Vorsitzender GRH, Vizepr\u00e4sident des OKV sowie Beiratsmitglied des Deutschen Freidenker-Verbandes und Patrik K\u00f6bele, Vorsitzender der DKP Wir erleben in diesen Wochen, dass tausende Menschen aus moralischer Emp\u00f6rung auf die Stra\u00dfe gehen. ... Moralische Emp\u00f6rung als Antrieb f\u00fcr politisches Handeln ist legitim. Moralische Emp\u00f6rung als einziger Antrieb\u2026","rel":"","context":"In &quot;Frieden - Antifaschismus - Solidarit\u00e4t&quot;","block_context":{"text":"Frieden - Antifaschismus - Solidarit\u00e4t","link":"https:\/\/www.freidenker.org\/?cat=13"},"img":{"alt_text":"","src":"https:\/\/i0.wp.com\/www.freidenker.org\/fw17\/wp-content\/uploads\/2018\/10\/Woelfe-Kunstaktion_gegen_Hetze_und_Gewalt_in_Chemnitz_2018_800x445.jpg?fit=800%2C445&ssl=1&resize=350%2C200","width":350,"height":200,"srcset":"https:\/\/i0.wp.com\/www.freidenker.org\/fw17\/wp-content\/uploads\/2018\/10\/Woelfe-Kunstaktion_gegen_Hetze_und_Gewalt_in_Chemnitz_2018_800x445.jpg?fit=800%2C445&ssl=1&resize=350%2C200 1x, https:\/\/i0.wp.com\/www.freidenker.org\/fw17\/wp-content\/uploads\/2018\/10\/Woelfe-Kunstaktion_gegen_Hetze_und_Gewalt_in_Chemnitz_2018_800x445.jpg?fit=800%2C445&ssl=1&resize=525%2C300 1.5x, https:\/\/i0.wp.com\/www.freidenker.org\/fw17\/wp-content\/uploads\/2018\/10\/Woelfe-Kunstaktion_gegen_Hetze_und_Gewalt_in_Chemnitz_2018_800x445.jpg?fit=800%2C445&ssl=1&resize=700%2C400 2x"},"classes":[]}],"_links":{"self":[{"href":"https:\/\/www.freidenker.org\/index.php?rest_route=\/wp\/v2\/posts\/7","targetHints":{"allow":["GET"]}}],"collection":[{"href":"https:\/\/www.freidenker.org\/index.php?rest_route=\/wp\/v2\/posts"}],"about":[{"href":"https:\/\/www.freidenker.org\/index.php?rest_route=\/wp\/v2\/types\/post"}],"author":[{"embeddable":true,"href":"https:\/\/www.freidenker.org\/index.php?rest_route=\/wp\/v2\/users\/2"}],"replies":[{"embeddable":true,"href":"https:\/\/www.freidenker.org\/index.php?rest_route=%2Fwp%2Fv2%2Fcomments&post=7"}],"version-history":[{"count":0,"href":"https:\/\/www.freidenker.org\/index.php?rest_route=\/wp\/v2\/posts\/7\/revisions"}],"wp:featuredmedia":[{"embeddable":true,"href":"https:\/\/www.freidenker.org\/index.php?rest_route=\/wp\/v2\/media\/8"}],"wp:attachment":[{"href":"https:\/\/www.freidenker.org\/index.php?rest_route=%2Fwp%2Fv2%2Fmedia&parent=7"}],"wp:term":[{"taxonomy":"category","embeddable":true,"href":"https:\/\/www.freidenker.org\/index.php?rest_route=%2Fwp%2Fv2%2Fcategories&post=7"},{"taxonomy":"post_tag","embeddable":true,"href":"https:\/\/www.freidenker.org\/index.php?rest_route=%2Fwp%2Fv2%2Ftags&post=7"}],"curies":[{"name":"wp","href":"https:\/\/api.w.org\/{rel}","templated":true}]}}