{"id":6980,"date":"2019-09-15T05:03:37","date_gmt":"2019-09-15T03:03:37","guid":{"rendered":"https:\/\/www.freidenker.org\/?p=6980"},"modified":"2019-10-17T00:25:41","modified_gmt":"2019-10-16T22:25:41","slug":"afd-buergerlich-oder-was","status":"publish","type":"post","link":"https:\/\/www.freidenker.org\/?p=6980","title":{"rendered":"AfD b\u00fcrgerlich \u2013 oder was?"},"content":{"rendered":"<p>In der Rubrik <strong>Tagesdosis<\/strong> wurde am 06.09.2019 bei <a href=\"https:\/\/kenfm.de\/tagesdosis-6-9-2019-afd-buergerlich-oder-was-eine-erregende-moderatorin-oder-scheinheiligkeit-ohne-grenzen\/\" target=\"_blank\" rel=\"noopener noreferrer\">KenFM<\/a> der Beitrag <strong>\u201eAfD b\u00fcrgerlich \u2013 oder was? Eine erregende Moderatorin oder: Scheinheiligkeit ohne Grenzen\u201c<\/strong> von <em><strong>Klaus Hartmann<\/strong><\/em>, Vorsitzender des Deutschen Freidenker-Verbandes, ver\u00f6ffentlicht.<\/p>\n<p>Den Beitrag als Audio-Datei anh\u00f6ren:<\/p>\n<audio class=\"wp-audio-shortcode\" id=\"audio-6980-1\" preload=\"none\" style=\"width: 100%;\" controls=\"controls\"><source type=\"audio\/mpeg\" src=\"https:\/\/www.freidenker.org\/fw17\/wp-content\/uploads\/2019\/09\/tagesdosis-20190906.mp3?_=1\" \/><a href=\"https:\/\/www.freidenker.org\/fw17\/wp-content\/uploads\/2019\/09\/tagesdosis-20190906.mp3\">https:\/\/www.freidenker.org\/fw17\/wp-content\/uploads\/2019\/09\/tagesdosis-20190906.mp3<\/a><\/audio>\n<p>&nbsp;<\/p>\n<p>Der Beitrag ist auch auf YouTube verf\u00fcgbar: <a href=\"https:\/\/www.youtube.com\/watch?v=zEiVijIQMdo\" target=\"_blank\" rel=\"noopener noreferrer\">https:\/\/www.youtube.com\/watch?v=zEiVijIQMdo<\/a><\/p>\n<h1>Tagesdosis 6.9.2019 \u2013 AfD b\u00fcrgerlich \u2013 oder was? Eine erregende Moderatorin oder: Scheinheiligkeit ohne Grenzen<\/h1>\n<p><em>Ein Kommentar <strong>von Klaus Hartmann.<\/strong><\/em><\/p>\n<p>Die eigentliche Sensation des Wahlabends am 01.09.2019 schien f\u00fcr manche weniger die Wahlergebnisse der Landtagswahl in Brandenburg und Sachsen, als vielmehr die Wahlberichterstattung gewesen zu sein. F\u00fcr die Sensation hatte die MDR-Moderatorin Wiebke Binder gesorgt, als sie im ARD-Wahlstudio ihren Interview-Gast, den s\u00e4chsische Abgeordneten Marco Wanderwitz (CDU) zu einer Koalitionsaussage verleiten wollte: <em>\u201eEine stabile Zweierkoalition, eine b\u00fcrgerliche, w\u00e4re ja theoretisch mit der AfD m\u00f6glich.\u201c<\/em> <em>\u201eEine Koalition mit der AfD w\u00e4re keine b\u00fcrgerliche Koalition\u201c<\/em>, so die wanderwitzige Antwort.<\/p>\n<p>Wie von unsichtbarer Hand gesteuert, sprangen sofort die Emp\u00f6rungsautomaten an, zuerst mittels \u201eWirbel im Netz\u201c \u00fcber das \u201eDebakel\u201c, dann bettelte der MDR um mildernde Umst\u00e4nde, wegen \u201eStress\u201c, \u201eMissverst\u00e4ndnissen\u201c, \u201eUnsch\u00e4rfen\u201c. Schlie\u00dflich meinte MDR-Chefredakteur Torsten Peuker, es sei ein \u201eVersprecher\u201c gewesen, \u201ef\u00fcr den wir uns entschuldigen\u201c.<\/p>\n<p>Die CDU mit der AfD sei \u201e<em>eine b\u00fcrgerliche Koalition\u201c<\/em>? Gott-sei-bei-uns! Das ist ja ein Versto\u00df gegen die von der CDU-Zentrale verordnete Sprachregelung, dass es rechts von der Union keine b\u00fcrgerliche Kraft mehr geben darf oder soll. Aber ist die Moderatorin arbeitsvertraglich auf den CDU-Sprech verpflichtet? M\u00f6glicherweise hat sie aber das ARD-\u201eWording\u201c nicht korrekt befolgt, auf das Herr Dr. Gniffke (bis August Tagesschau-Chef) bekannterma\u00dfen gr\u00f6\u00dften Wert legt, und damit ggf. zugleich das Framing-Manual nicht hinreichend beachtet, f\u00fcr das die Anstalt ja viel Zuschauer-Geld zum Fenster rausgeschmissen hat.<\/p>\n<p>Welche Gr\u00fcnde wurden f\u00fcr die Aufregung geltend gemacht? Verbl\u00fcffend \u2013 keine! Der Herr ist angeblich Dein Hirte (wenn Du ein Schaf bist), aber der Hirte, Christian ist Ostbeauftragter der Bundesregierung und CDU-Mitglied. Er sprach von einer \u201e<em>ungeschickten und total unpassenden Bemerkung\u201c<\/em>. Der SPD-Generalsekret\u00e4r Lars Klingbeil wusste sicher: <em>\u201eDas geht auf gar keinen Fall\u201c<\/em>, meinte damit aber nicht das Wahlergebnis seiner Partei, sondern besagte Moderatorin. Damit hatten sie ihr Pulver verschossen, Argumente hatten sie beide nicht, Gro\u00dfe Koalition auch hier.<\/p>\n<p>Solch eine Erregungs-Inszenierung \u2013 das ist der Stoff, aus dem die Tr\u00e4ume sind. Zumindest die Tr\u00e4ume der AfD-Wahlk\u00e4mpfer. Denn einziger Nutznie\u00dfer ist die AfD. Sie kann wieder die verfolgte Unschuld spielen, Sympathiepunkte sammeln, und ihre Rolle als \u201eFunktionspartei\u201c bekommt sie nochmals beglaubigt: Mit der Stimme f\u00fcr die AfD kann man die anderen maximal \u00e4rgern. Zweck der \u00dcbung erf\u00fcllt, man k\u00f6nnte meinen, die AfD selbst habe die Aufregung \u00fcber die Moderation von Wiebke Binder h\u00f6chst selbst lanciert, von langer Hand verdeckt vorbereitet.<\/p>\n<p>Frei Haus wird ihnen das Beispiel geliefert, wie eng der Meinungsfreiheits-Korridor in den Staatsmedien ist und wie die geringste \u00dcberschreitung hysterisch angeprangert wird. Angeprangert \u2013kommt vom Pranger des Mittelalters, als die \u00dcbelt\u00e4ter auf dem Marktplatz \u00f6ffentlich zur Schau gestellt wurden. Der moderne Medienpranger ist dem voraus, er kommt in alle Haushalte, und die zur Schau gestellten k\u00f6nnen von Gl\u00fcck sagen, wenn sie danach vergessen, und nicht aus der Stadt bzw. heute aus dem Sender gejagt werden, wie weiland Ken Jebsen beim RBB.<\/p>\n<p>Was soll also \u201eb\u00fcrgerlich\u201c sein? Knigges Benimmregeln verinnerlicht, Tanzschule besucht, mit Messer und Gabel essen, Abitur? Eine ARD-Korrespondentin wusste in diesem Sinne zu erg\u00e4nzen, <em>\u201enicht jeder, der sich ein Jackett anzieht, ist b\u00fcrgerlich\u201c.<\/em> Womit wir bei der Stilberatung angekommen sind, und unwillk\u00fcrlich an den Parteivorsitzenden Gauland denken m\u00fcssen, der in seinem ewigkarierten Sakko aber doch geradezu den Inbegriff von Spie\u00dfb\u00fcrgerlichkeit repr\u00e4sentiert.<\/p>\n<p>Doch dieser Gauland ist nicht nur wegen seiner Garderobe lehrreich. Auch seine Vergangenheit hat es in sich. Er entstammt der CDU, und zwar nicht irgendeiner, sondern dem strammrechten Fl\u00fcgel der hessischen Partei, die daf\u00fcr den Namen Stahlhelm-Fraktion bekam: Die CDU Alfred Dreggers, f\u00fcr den Hitlers \u00dcberfall auf die Sowjetunion <em>\u201enicht grunds\u00e4tzlich falsch\u201c<\/em> gewesen sei, sowie Roland Kochs, der mit einer Kampagne gegen die doppelte Staatsb\u00fcrgerschaft eine Landtagswahl gewann. Bei dieser CDU kamen die medialen Sprachpolizisten nie auf die Idee, ihr das \u201eB\u00fcrgerliche\u201c abzusprechen. Mit liberal im Sinne b\u00fcrgerlicher Freiheitsrechte hatte dieser Verein noch nie was am Hut, aber will man uns etwa weismachen, dass es nicht auch diese strikt autorit\u00e4re Ausgabe von B\u00fcrgerlichkeit gibt?<\/p>\n<p>Was \u201eb\u00fcrgerlich\u201c tats\u00e4chlich ist, das haben die B\u00fcrgerlichen anscheinend vergessen. Im Spiegel wird orakelt, dass \u201eM\u00e4\u00dfigung kennzeichnend\u201c sei, aber nicht verraten, ob beim Alkohol, Sex oder bei der intellektuellen Leistung. Die ARD versp\u00fcrt Unbehagen und l\u00e4sst ihren \u201eFaktenfinder\u201c Gensing ausschw\u00e4rmen, um zu kl\u00e4ren: <em>\u201ewas soll das eigentlich genau bedeuten?\u201c<\/em> Erst aufregen, dann die Erkl\u00e4rung daf\u00fcr suchen? Leider findet der Faktenfinder: <em>\u201eEine eindeutige Definitionen findet sich daf\u00fcr nicht.\u201c<\/em> Er gr\u00e4bt bei der Bundeszentrale f\u00fcr Politische Bildung nach, st\u00f6\u00dft auf den B\u00fcrger des Mittelalters, und dass <em>\u201eheute oft von einer B\u00fcrger- oder Zivilgesellschaft die Rede\u201c<\/em> sei. Die Rede \u2013 aha.<\/p>\n<p>Dann geht es zu politisch-gef\u00fchligen Zuschreibungen \u00fcber, zu \u201eb\u00fcrgerlichen Werten\u201c wie \u201eSelbst\u00e4ndigkeit, Kritik, Leistungsorientierung\u201c, und zum Schluss verk\u00fcndet ein Soziologe (im Deutschlandfunk), \u201edie Gr\u00fcnen seien heute die wahre b\u00fcrgerliche Partei\u201c \u2013 Begr\u00fcndung: die \u201egute berufliche Position\u201c, \u201eein gewisses Bildungsniveau\u201c etc., die Kriegsbef\u00fcrwortung wird nicht erw\u00e4hnt. Wo die konsistente Definition fehlt, beginnt die Willk\u00fcr und die Beliebigkeit, \u201eich mach mir die Welt, wie sie mir gef\u00e4llt\u201c.<\/p>\n<p>Fr\u00fcher war nicht alles besser, aber vieles klarer. Freidenker waren jene, die nicht an religi\u00f6se Dogmen glaubten, heute kann sich jeder Abweichler von einer x-beliebigen Parteilinie mit dem Titel schm\u00fccken. B\u00fcrgerliche geh\u00f6rten nicht zum Adel oder zum Klerus, sie waren aber auch keine Arbeiter oder Bauern.<\/p>\n<p>Sie wurden auch \u201eder 3. Stand\u201c genannt. Sie waren die aufstrebende Klasse, in ihren H\u00e4nden befanden sich die wichtiger werdenden, produktivsten Produktionsmittel, die beginnende Industrialisierung mehrte ihren Reichtum. Deshalb strebten sie auch nach der politisch f\u00fchrenden Rolle, es begann die Zeit der b\u00fcrgerlichen Revolutionen, in Frankreich unter der Losung \u201eFreiheit, Gleichheit, Br\u00fcderlichkeit\u201c erfolgreich. Doch kaum an die Macht gekommen, musste das B\u00fcrgertum (= die Bourgeoisie) ihre Herrschaft und ihr Eigentum gegen andere Unterprivilegierte verteidigen: die anst\u00fcrmende Arbeiterklasse (damals st\u00fcrmte sie noch). Dazu musste die Bourgeoisie ideologisch umschalten, den R\u00fcckw\u00e4rtsgang einlegen, das Gleichheitsversprechen als Illusion beerdigen, sie wurde von einer revolution\u00e4ren zu einer reaktion\u00e4ren Klasse. Das ihren Bed\u00fcrfnissen gem\u00e4\u00dfe philosophische Denken nennt man \u201esp\u00e4tb\u00fcrgerliches Denken\u201c, die Ungleichheit musste theoretisch begr\u00fcndet werden, aus dem Darwinismus wurde der Sozialdarwinismus entwickelt, die Lehre vom Herrenmenschen, vom Weltuntergang (heute Club of Rome) oder vom Ende der Geschichte. Die Literatur dazu f\u00fcllt Bibliotheken.<\/p>\n<p>Im Alltagsgebrauch aber herrscht die Rede von Gro\u00dfb\u00fcrgern, Besitzb\u00fcrgern, Bildungsb\u00fcrgern, Kleinb\u00fcrgern, Spie\u00dfb\u00fcrgern \u2013 aber eher nicht vom Bourgeois, vielleicht weil es franz\u00f6sisch ist, wahrscheinlich, weil es so marxistisch klingt. Die Franzosen haben (sprachlich) den Vorteil, dass sie au\u00dfer dem Bourgeois als Angeh\u00f6rigem der besitzenden Klasse noch einen anderen Typ B\u00fcrger kennen: den Citoyen \u2013 das ist der Staatsb\u00fcrger, der Tr\u00e4ger von B\u00fcrgerrechten. Da diese scharfe Scheidung in der deutschen Sprache nicht existiert, \u00f6ffnet es der Manipulation die T\u00fcr \u2013 wie gerade aktuell zu besichtigen.<\/p>\n<p>Nach dem Kurzausflug in die Geschichte zur\u00fcck in die deutsche Gegenwart: Das Kapital in Deutschland, besonders das gro\u00dfe, das seine Profite mit der sogenannten \u201eExportorientierung\u201c macht, braucht im Konkurrenzkampf auf dem Weltmarkt g\u00fcnstige Wettbewerbsbedingungen. Das unschuldige Wort steht f\u00fcr Kapitalverwertungsbedingungen, die die Kosten f\u00fcr Arbeitskr\u00e4fte und Soziales weiter dr\u00fccken. Diese gegen die Bev\u00f6lkerungsmehrheit gerichteten Interessen sind am einfachsten politisch durchzusetzen, wenn man die Mehrheit dazu bringen kann, diesem Kurs zuzustimmen. Daf\u00fcr werden zwar nicht Himmel und H\u00f6lle, aber Zeitungen und Fernsehen in Bewegung gesetzt.<\/p>\n<p>Die Auswahl an Parteien, die f\u00fcr die Absicherung der Kapitalinteressen stehen, ist gro\u00df: Gr\u00fcne und FDP, CDU\/CSU \u2013 und die AfD: sie bilden den b\u00fcrgerlichen Parteienblock. Und alle diese Rechten wollen \u201eMitte\u201c sein, keiner mehr rechts oder links. Deshalb wird inzwischen \u201eMitte\u201c und \u201eb\u00fcrgerlich\u201c medial oft synonym gebraucht \u2013 aber nicht erkl\u00e4rt. Nicht als rechts oder links gelten zu wollen ist f\u00fcr die Anw\u00e4lte des Gro\u00dfkapitals ein verst\u00e4ndliches Verlangen. Wenn \u201edie 99%\u201c das sagen, ist es eher Ergebnis der medialen Gehirnw\u00e4sche und des damit verbundenen Verlusts von historischem und Klassenbewusstsein.<\/p>\n<p>Ein Sonderfall ist die SPD, aus historischen Gr\u00fcnden: Sie z\u00e4hlt traditionell nicht zu den \u201eB\u00fcrgerlichen\u201c. Als Arbeiterpartei gegr\u00fcndet, stand sie zun\u00e4chst gegen die Kapitalinteressen, doch schon mit der Zustimmung zu den Kriegskrediten 1914 entfernte sie sich von ihren Urspr\u00fcngen, bis sie mit dem Godesberger Programm 1959 endg\u00fcltig dem Klassenkampf abschwor, und nicht mehr Arbeiter- sondern Volkspartei sein wollte. Das brachte die Schr\u00f6der-SPD mit ihrer Agenda 2010 konsequent zu Ende, verbunden mit der Proklamation \u201eWir sind die Neue Mitte\u201c. Im Verbund mit der Ruinierung der britischen Labour Party durch Tony Blairs \u201eNew Labour\u201c markiert diese Entwicklung den endg\u00fcltigen Sieg der \u201eneoliberal\u201c genannten Ideologie.<\/p>\n<p>Die darauf basierende Wirtschaftspolitik nennt sich \u201eangebotsorientiert\u201c, weil die Kapitalisten g\u00fcnstiger anbieten k\u00f6nnen, um ihre Profite zu erh\u00f6hen, w\u00e4hrend sie ihre Kosten (dazu z\u00e4hlen in ihrem Weltbild auch Arbeitskr\u00e4fte) senken. Die darauf unvermeidlich folgende versch\u00e4rfte soziale Ungleichheit gef\u00e4hrdet freilich den \u201esozialen Konsens\u201c, wie die Zustimmung der Deklassierten zu einer Politik gegen ihre Interessen genannt wird. Der wachsenden Zahl der Unzufriedenen muss nun einerseits ein Ventil angeboten werden, zugleich d\u00fcrfen sie das System nicht in Frage stellen, sie m\u00fcssen auf die Kapitalinteressen festgenagelt bleiben.<\/p>\n<p>Damit schl\u00e4gt die Stunde einer systemkonformen Oppositionspartei, die zwar Aufm\u00fcpfigkeit markiert, aber die Grundlagen der Profitmaximierung nicht in Frage stellt. Die AfD ist durch und durch eine neoliberale Partei, wie die CDU\/CSU, aber auch die Gr\u00fcnen und die FDP, und die Agenda 2010-SPD nicht minder. Und die Liebich-Lederer-Linke ist auch schon auf dem Weg. Die wirtschafts- und sozialpolitische Programmatik der AfD ist gegen die gro\u00dfe Mehrheit ihrer W\u00e4hler gerichtet. Sie war gegen gesetzliche Mindestl\u00f6hne. Prof. Meuthen will die von Arbeitnehmern wie Unternehmen parit\u00e4tisch finanzierte gesetzliche Rente abschaffen; die soll durch eine steuerfinanzierte Minirente auf Grundsicherungsniveau ersetzt werden, erg\u00e4nzt um \u2013 jetzt kommt\u2019s, sensationell: \u201eprivate Vorsorge\u201c. Ein Bereicherungsprogramm f\u00fcr die Finanzindustrie, von einer lupenreinen Partei der Besserverdienenden.<\/p>\n<p>\u201eAlternativ\u201c bei der AfD ist blo\u00df: man merkt es ihr nicht an, niemand will es wissen, sie pflegt den Ruf der \u201eAnti-Establishment-Partei\u201c. Als Partei der Eliten lebt sie vom Ger\u00fccht, \u201eanti-elit\u00e4r\u201c zu sein\u2013 eine reife Leistung. Das ist nicht ihre Leistung allein, denn dabei hat sie Helfer, die k\u00fcnstlich Erregten nach dem Spruch der Moderatorin Wiebke Binder \u00fcber die b\u00fcrgerliche AfD geh\u00f6ren dazu. Ein Blick ins Wahlprogramm hingegen, was wohl die Mehrheit der AfD-W\u00e4hler auch noch nicht gesehen hat, w\u00fcrde zeigen: mit dieser \u201eAlternative\u201c kommt man vom Regen in die G\u00fclle.<\/p>\n<p>Was aber tun unsere \u201eQualit\u00e4tsmedien\u201c? Sie pflegen den Nimbus der AfD, \u201eanders\u201c zu sein, und treiben ihr damit nur noch mehr W\u00e4hler zu. Man fragt sich: Aus Dummheit oder aus Berechnung?<\/p>\n<p>Immer wieder wird die Nazi-Keule geschwungen, was nachgewiesener Weise ihre W\u00e4hler nicht beeindruckt. \u201eGegen rechts\u201c wird argumentfrei schwadroniert, aber mit leeren Worth\u00fclsen richtet man nichts aus, insbesondere wird nichts gekl\u00e4rt. Aufkl\u00e4rung w\u00fcrde erfordern, die Inhalte rechter Politik offenzulegen und beim Namen zu nennen. Das w\u00e4re freilich sehr riskant: dann w\u00fcrde sichtbar, f\u00fcr welche rechten Positionen die anderen b\u00fcrgerlichen Parteien stehen. Z. B. f\u00fcr einen Kurs auf noch festere Verankerung in der NATO, auf st\u00e4rkere Aufr\u00fcstung \u2013 welche Partei ist dagegen, bitte melden! Die AfD wird sich nicht melden, NATO st\u00e4rken und aufr\u00fcsten hat sie im Programm.<\/p>\n<p>Aber Abr\u00fcsten und armutsfeste L\u00f6hne und Renten \u2013 da k\u00f6nnte man noch zugreifen. Daran kann die AfD nicht interessiert sein, weil sie sich damit ihre W\u00e4hlerbasis abgraben w\u00fcrde, und auch keine der anderen b\u00fcrgerlichen Blockparteien, in welcher bourgeoisen Koalition auch immer.<\/p>\n<p style=\"text-align: right;\"><em>Klaus Hartmann ist Bundesvorsitzender des Deutschen Freidenker-Verbandes<\/em><\/p>\n<hr \/>\n<p><span style=\"font-size: 10pt;\">Bild: D\u00fcsseldorf, Rosenmontag 2016, politische Karnevalswagen [Anm: Der Karneval fiel wegen Sturmwarnung aus]<br \/>\nQuelle: https:\/\/commons.wikimedia.org\/wiki\/File:D%C3%BCsseldorf,_Rosenmontag_2016,_politische_Karnevalswagen_(01).jpg (Public Domain)<\/span><\/p>\n","protected":false},"excerpt":{"rendered":"<p><b>In der Rubrik Tagesdosis wurde am 06.09.2019 bei KenFM der Beitrag \u201eAfD b\u00fcrgerlich \u2013 oder was? Eine erregende Moderatorin oder: Scheinheiligkeit ohne Grenzen\u201c von Klaus Hartmann, Bundesvorsitzender des Deutschen Freidenker-Verbandes, ver\u00f6ffentlicht.<\/b><br \/>\nDie eigentliche Sensation des Wahlabends am 01.09.2019 schien f\u00fcr manche weniger die Wahlergebnisse der Landtagswahl in Brandenburg und Sachsen, als vielmehr die Wahlberichterstattung gewesen zu sein. F\u00fcr die Sensation hatte die MDR-Moderatorin Wiebke Binder gesorgt, als sie im ARD-Wahlstudio ihren Interview-Gast, den s\u00e4chsische Abgeordneten Marco Wanderwitz (CDU) zu einer Koalitionsaussage verleiten wollte: \u201eEine stabile Zweierkoalition, eine b\u00fcrgerliche, w\u00e4re ja theoretisch mit der AfD m\u00f6glich.\u201c \u201eEine Koalition mit der AfD w\u00e4re keine b\u00fcrgerliche Koalition\u201c, so die wanderwitzige Antwort.<\/p>\n","protected":false},"author":3,"featured_media":6982,"comment_status":"closed","ping_status":"closed","sticky":false,"template":"","format":"standard","meta":{"colormag_page_container_layout":"default_layout","colormag_page_sidebar_layout":"default_layout","advanced_seo_description":"","jetpack_seo_html_title":"","jetpack_seo_noindex":false,"jetpack_post_was_ever_published":false,"footnotes":""},"categories":[12],"tags":[1031,898,1091,1191,1075],"class_list":["post-6980","post","type-post","status-publish","format-standard","has-post-thumbnail","hentry","category-demokratie-medien-aufklaerung","tag-afd","tag-buergerliche-demokratie","tag-links-rechts","tag-mitte","tag-wahl"],"jetpack_featured_media_url":"https:\/\/i0.wp.com\/www.freidenker.org\/fw17\/wp-content\/uploads\/2019\/09\/D%C3%BCsseldorf_Rosenmontag_2016_politische_Karnevalswagen_800x445.jpg?fit=800%2C445&ssl=1","jetpack_shortlink":"https:\/\/wp.me\/p9stpK-1OA","jetpack-related-posts":[{"id":5501,"url":"https:\/\/www.freidenker.org\/?p=5501","url_meta":{"origin":6980,"position":0},"title":"Merkel und EU wollen Wahrheitsministerium","author":"Webredaktion","date":"27. Oktober 2018","format":false,"excerpt":"In der Rubrik Tagesdosis wurde am 26.10.2018 bei KenFM der Beitrag \u201eMerkel und EU wollen Wahrheitsministerium\u201c von Sebatian Bahlo, Stellvertretender Vorsitzender des Deutschen Freidenker-Verbandes, ver\u00f6ffentlicht. Am 17.10.2018 gab Bundeskanzlerin Merkel im Bundestag eine Regierungserkl\u00e4rung zum bevorstehenden \u201eEurop\u00e4ischen Rat\u201c ab. Zwischen wohlbekannten Allgemeinpl\u00e4tzen, Auslassungen zum \u201eBrexit\u201c, der den unbotm\u00e4\u00dfigen Briten nat\u00fcrlich\u2026","rel":"","context":"In &quot;Demokratie \u2013 Medien \u2013 Aufkl\u00e4rung&quot;","block_context":{"text":"Demokratie \u2013 Medien \u2013 Aufkl\u00e4rung","link":"https:\/\/www.freidenker.org\/?cat=12"},"img":{"alt_text":"","src":"https:\/\/i0.wp.com\/www.freidenker.org\/fw17\/wp-content\/uploads\/2018\/10\/angela_merkel_ttip_caricature_800x445.jpg?fit=800%2C445&ssl=1&resize=350%2C200","width":350,"height":200,"srcset":"https:\/\/i0.wp.com\/www.freidenker.org\/fw17\/wp-content\/uploads\/2018\/10\/angela_merkel_ttip_caricature_800x445.jpg?fit=800%2C445&ssl=1&resize=350%2C200 1x, https:\/\/i0.wp.com\/www.freidenker.org\/fw17\/wp-content\/uploads\/2018\/10\/angela_merkel_ttip_caricature_800x445.jpg?fit=800%2C445&ssl=1&resize=525%2C300 1.5x, https:\/\/i0.wp.com\/www.freidenker.org\/fw17\/wp-content\/uploads\/2018\/10\/angela_merkel_ttip_caricature_800x445.jpg?fit=800%2C445&ssl=1&resize=700%2C400 2x"},"classes":[]},{"id":5577,"url":"https:\/\/www.freidenker.org\/?p=5577","url_meta":{"origin":6980,"position":1},"title":"UN-Migrationspakt \u2013 auf Bestellung der Banken und Konzerne","author":"Webredaktion","date":"2. Dezember 2018","format":false,"excerpt":"In der Rubrik Tagesdosis wurde am 30.11.2018 bei KenFM der Kommentar\u201eUN-Migrationspakt \u2013 auf Bestellung der Banken und Konzerne\u201c von Klaus Hartmann, Vorsitzender des Deutschen Freidenker-Verbandes, ver\u00f6ffentlicht. Dieser Beitrag ist auch als Freidenker-Brief 4-2018 am 01.12.2018 erschienen. Am UN-\u201ePakt f\u00fcr eine sichere, geordnete und regul\u00e4re Migration\u201c scheiden sich die Geister. Die\u2026","rel":"","context":"In &quot;Freidenker-Brief&quot;","block_context":{"text":"Freidenker-Brief","link":"https:\/\/www.freidenker.org\/?cat=341"},"img":{"alt_text":"KenFM vom 30.11.2018 - Tagesdosis von Klaus Hartmann","src":"https:\/\/i0.wp.com\/www.freidenker.org\/fw17\/wp-content\/uploads\/2018\/12\/kenfm_30112018_tagesdosis_hartmann.jpg?fit=800%2C445&ssl=1&resize=350%2C200","width":350,"height":200,"srcset":"https:\/\/i0.wp.com\/www.freidenker.org\/fw17\/wp-content\/uploads\/2018\/12\/kenfm_30112018_tagesdosis_hartmann.jpg?fit=800%2C445&ssl=1&resize=350%2C200 1x, https:\/\/i0.wp.com\/www.freidenker.org\/fw17\/wp-content\/uploads\/2018\/12\/kenfm_30112018_tagesdosis_hartmann.jpg?fit=800%2C445&ssl=1&resize=525%2C300 1.5x, https:\/\/i0.wp.com\/www.freidenker.org\/fw17\/wp-content\/uploads\/2018\/12\/kenfm_30112018_tagesdosis_hartmann.jpg?fit=800%2C445&ssl=1&resize=700%2C400 2x"},"classes":[]},{"id":5240,"url":"https:\/\/www.freidenker.org\/?p=5240","url_meta":{"origin":6980,"position":2},"title":"\u00bbLinke Bastionen\u00ab in rechter Hand","author":"Webredaktion","date":"28. Mai 2018","format":false,"excerpt":"In der Rubrik Tagesdosis wurde am 28.05.2018 bei KenFM der Beitrag \u201e\u00bbLinke Bastionen\u00ab in rechter Hand\u201c von Susan Bonath, Mitglied des Deutschen Freidenker-Verbandes, ver\u00f6ffentlicht. Die Leipziger Veranstaltungsreihe \u00bb70 Jahre Israel\u00ab zeigt, wie reaktion\u00e4re Antideutsche die angeblich \u00bblinksradikale\u00ab Kulturszene im Leipziger S\u00fcden beherrschen. ... Glaubt man dem Verfassungsschutz, sind weite Teile\u2026","rel":"","context":"In &quot;Zeit der Verleumder - Freidenker f\u00fcr Klartext&quot;","block_context":{"text":"Zeit der Verleumder - Freidenker f\u00fcr Klartext","link":"https:\/\/www.freidenker.org\/?cat=937"},"img":{"alt_text":"","src":"https:\/\/i0.wp.com\/www.freidenker.org\/fw17\/wp-content\/uploads\/2018\/06\/israel70_800x445_mR.jpg?fit=800%2C445&ssl=1&resize=350%2C200","width":350,"height":200,"srcset":"https:\/\/i0.wp.com\/www.freidenker.org\/fw17\/wp-content\/uploads\/2018\/06\/israel70_800x445_mR.jpg?fit=800%2C445&ssl=1&resize=350%2C200 1x, https:\/\/i0.wp.com\/www.freidenker.org\/fw17\/wp-content\/uploads\/2018\/06\/israel70_800x445_mR.jpg?fit=800%2C445&ssl=1&resize=525%2C300 1.5x, https:\/\/i0.wp.com\/www.freidenker.org\/fw17\/wp-content\/uploads\/2018\/06\/israel70_800x445_mR.jpg?fit=800%2C445&ssl=1&resize=700%2C400 2x"},"classes":[]},{"id":4824,"url":"https:\/\/www.freidenker.org\/?p=4824","url_meta":{"origin":6980,"position":3},"title":"Russlands Wahl","author":"Webredaktion","date":"16. M\u00e4rz 2018","format":false,"excerpt":"In der Rubrik Tagesdosis wurde am 16.03.2018 bei KenFM der Beitrag \u201eRusslands Wahl\u201c von Klaus Hartmann, Vorsitzender des Deutschen Freidenker-Verbandes, ver\u00f6ffentlicht. Dass Pr\u00e4sidentschaftswahlen in den USA dem deutschen Publikum \u00fcber ein Jahr lang medial pr\u00e4sentiert werden, sind wir ja gewohnt. Die politische Botschaft ist auch nicht schwer zu entschl\u00fcsseln: Hier\u2026","rel":"","context":"In &quot;Demokratie \u2013 Medien \u2013 Aufkl\u00e4rung&quot;","block_context":{"text":"Demokratie \u2013 Medien \u2013 Aufkl\u00e4rung","link":"https:\/\/www.freidenker.org\/?cat=12"},"img":{"alt_text":"","src":"https:\/\/i0.wp.com\/www.freidenker.org\/fw17\/wp-content\/uploads\/2018\/03\/putins_wahl_800x445.jpg?fit=800%2C445&ssl=1&resize=350%2C200","width":350,"height":200,"srcset":"https:\/\/i0.wp.com\/www.freidenker.org\/fw17\/wp-content\/uploads\/2018\/03\/putins_wahl_800x445.jpg?fit=800%2C445&ssl=1&resize=350%2C200 1x, https:\/\/i0.wp.com\/www.freidenker.org\/fw17\/wp-content\/uploads\/2018\/03\/putins_wahl_800x445.jpg?fit=800%2C445&ssl=1&resize=525%2C300 1.5x, https:\/\/i0.wp.com\/www.freidenker.org\/fw17\/wp-content\/uploads\/2018\/03\/putins_wahl_800x445.jpg?fit=800%2C445&ssl=1&resize=700%2C400 2x"},"classes":[]},{"id":5248,"url":"https:\/\/www.freidenker.org\/?p=5248","url_meta":{"origin":6980,"position":4},"title":"Rassismus f\u00fcr Intellektuelle","author":"Webredaktion","date":"4. Juni 2018","format":false,"excerpt":"In der Rubrik Tagesdosis wurde am 04.06.2018 bei KenFM der Beitrag \u201eRassismus f\u00fcr Intellektuelle\u201c von Susan Bonath, Mitglied des Deutschen Freidenker-Verbandes, ver\u00f6ffentlicht. Wer sind die Antideutschen? In meiner letzten Tagesdosis schrieb ich \u00fcber ihr Treiben in der angeblich linksradikalen Clubszene im Leipziger S\u00fcden. Die laufende Veranstaltungsreihe \u00bb70 Jahre Israel\u00ab wird\u2026","rel":"","context":"In &quot;Zeit der Verleumder - Freidenker f\u00fcr Klartext&quot;","block_context":{"text":"Zeit der Verleumder - Freidenker f\u00fcr Klartext","link":"https:\/\/www.freidenker.org\/?cat=937"},"img":{"alt_text":"","src":"https:\/\/i0.wp.com\/www.freidenker.org\/fw17\/wp-content\/uploads\/2018\/06\/Rassismus_fuer_Intellektuelle_800x445.jpg?fit=800%2C445&ssl=1&resize=350%2C200","width":350,"height":200,"srcset":"https:\/\/i0.wp.com\/www.freidenker.org\/fw17\/wp-content\/uploads\/2018\/06\/Rassismus_fuer_Intellektuelle_800x445.jpg?fit=800%2C445&ssl=1&resize=350%2C200 1x, https:\/\/i0.wp.com\/www.freidenker.org\/fw17\/wp-content\/uploads\/2018\/06\/Rassismus_fuer_Intellektuelle_800x445.jpg?fit=800%2C445&ssl=1&resize=525%2C300 1.5x, https:\/\/i0.wp.com\/www.freidenker.org\/fw17\/wp-content\/uploads\/2018\/06\/Rassismus_fuer_Intellektuelle_800x445.jpg?fit=800%2C445&ssl=1&resize=700%2C400 2x"},"classes":[]},{"id":6202,"url":"https:\/\/www.freidenker.org\/?p=6202","url_meta":{"origin":6980,"position":5},"title":"Sahra-Bashing oder: Journaille der Verhetzung","author":"Webredaktion","date":"14. April 2019","format":false,"excerpt":"In der Rubrik Tagesdosis wurde am 12.04.2019 bei KenFM der Beitrag \u201eSahra-Bashing oder: Journaille der Verhetzung\u201c von Klaus Hartmann, Bundesvorsitzender des Deutschen Freidenker-Verbandes, ver\u00f6ffentlicht. Ausgerechnet in der \u201ejungen Welt\u201c \u2013 nach Selbsteinsch\u00e4tzung eine \u201emarxistische Tageszeitung\u201c \u2013 erh\u00e4lt einer Gelegenheit, auf vollen zwei Seiten (\u201eThema\u201c) \u00fcber Sahra Wagenknecht abzul\u00e4stern. ... Verhandelt\u2026","rel":"","context":"In &quot;Zeit der Verleumder - Freidenker f\u00fcr Klartext&quot;","block_context":{"text":"Zeit der Verleumder - Freidenker f\u00fcr Klartext","link":"https:\/\/www.freidenker.org\/?cat=937"},"img":{"alt_text":"","src":"https:\/\/i0.wp.com\/www.freidenker.org\/fw17\/wp-content\/uploads\/2019\/04\/klartext_sahra_wagenknecht_2_800x445.jpg?fit=800%2C445&ssl=1&resize=350%2C200","width":350,"height":200,"srcset":"https:\/\/i0.wp.com\/www.freidenker.org\/fw17\/wp-content\/uploads\/2019\/04\/klartext_sahra_wagenknecht_2_800x445.jpg?fit=800%2C445&ssl=1&resize=350%2C200 1x, https:\/\/i0.wp.com\/www.freidenker.org\/fw17\/wp-content\/uploads\/2019\/04\/klartext_sahra_wagenknecht_2_800x445.jpg?fit=800%2C445&ssl=1&resize=525%2C300 1.5x, https:\/\/i0.wp.com\/www.freidenker.org\/fw17\/wp-content\/uploads\/2019\/04\/klartext_sahra_wagenknecht_2_800x445.jpg?fit=800%2C445&ssl=1&resize=700%2C400 2x"},"classes":[]}],"_links":{"self":[{"href":"https:\/\/www.freidenker.org\/index.php?rest_route=\/wp\/v2\/posts\/6980","targetHints":{"allow":["GET"]}}],"collection":[{"href":"https:\/\/www.freidenker.org\/index.php?rest_route=\/wp\/v2\/posts"}],"about":[{"href":"https:\/\/www.freidenker.org\/index.php?rest_route=\/wp\/v2\/types\/post"}],"author":[{"embeddable":true,"href":"https:\/\/www.freidenker.org\/index.php?rest_route=\/wp\/v2\/users\/3"}],"replies":[{"embeddable":true,"href":"https:\/\/www.freidenker.org\/index.php?rest_route=%2Fwp%2Fv2%2Fcomments&post=6980"}],"version-history":[{"count":0,"href":"https:\/\/www.freidenker.org\/index.php?rest_route=\/wp\/v2\/posts\/6980\/revisions"}],"wp:featuredmedia":[{"embeddable":true,"href":"https:\/\/www.freidenker.org\/index.php?rest_route=\/wp\/v2\/media\/6982"}],"wp:attachment":[{"href":"https:\/\/www.freidenker.org\/index.php?rest_route=%2Fwp%2Fv2%2Fmedia&parent=6980"}],"wp:term":[{"taxonomy":"category","embeddable":true,"href":"https:\/\/www.freidenker.org\/index.php?rest_route=%2Fwp%2Fv2%2Fcategories&post=6980"},{"taxonomy":"post_tag","embeddable":true,"href":"https:\/\/www.freidenker.org\/index.php?rest_route=%2Fwp%2Fv2%2Ftags&post=6980"}],"curies":[{"name":"wp","href":"https:\/\/api.w.org\/{rel}","templated":true}]}}