{"id":692,"date":"2013-03-17T18:00:31","date_gmt":"2013-03-17T17:00:31","guid":{"rendered":"http:\/\/www.freidenker.org\/fw17\/?p=692"},"modified":"2017-12-27T21:20:16","modified_gmt":"2017-12-27T20:20:16","slug":"katholische-kirche-und-die-missbrauchsskandale-2","status":"publish","type":"post","link":"https:\/\/www.freidenker.org\/?p=692","title":{"rendered":"Katholische Kirche und die Missbrauchsskandale"},"content":{"rendered":"<p>Aus <a href=\"https:\/\/www.freidenker.org\/?p=772\">FREIDENKER 1-13<\/a>, M\u00e4rz 2013, 72. Jahrgang, S. 37-39<\/p>\n<p><strong>Nichts gelernt<\/strong><\/p>\n<p><em>Von Dennis Riehle<\/em><\/p>\n<p>Dass der Vatikan es nicht so ernst mit der Aufkl\u00e4rung der weltweiten Missbrauchsskandale durch die eigenen Bisch\u00f6fe und Priester nimmt, hat nicht zuletzt der Austausch des dortigen Beauftragten gezeigt, der den oberen Kirchenh\u00fctern in seiner Arbeit offenbar zu engagiert schien und Tatsachen zutage f\u00fchrte, die nicht h\u00e4tten \u00f6ffentlich werden sollen. Das vage Eingehen des Papstes auf die immer neu bekannt gewordenen Abgr\u00fcnde als auch sein als Hohn wirkender Bittruf um Vergebung waren in Sachen Unehrlichkeit kaum zu \u00fcberbieten. Daher wundert nicht, dass Rom so gar nichts daran liegt, alle M\u00fchen um Wiedergutmachtung vor der Versandung zu retten.<\/p>\n<p>Viel schlimmer trifft die \u00d6ffentlichkeit da schon die Naivit\u00e4t der deutschen Geistlichen: Sie selbst waren es, die eine Studie in Auftrag gegeben hatten, um strukturierte kriminelle Machenschaften in den eigenen Reihen aufzudecken. Und offenbar gab es allen Grund zur Annahme, dass das Vergehen von Pfarrern und Mitarbeitern in Heimen und schulischen Einrichtungen an Minderj\u00e4hrigen nicht als jeweiliger Einzelfall abzutun, sondern als ein ganze klerikale Landschaften durchziehendes Muster einzustufen war. Denn nicht anders l\u00e4sst sich erkl\u00e4ren, weshalb der Macher der Studie, der \u00fcber die Grenzen hinweg anerkannte Kriminologe aus Niedersachsen, Pfeiffer, von gravierender Einflussnahme auf seine Untersuchungen spricht.<\/p>\n<p>Wieder und wieder soll vertuscht werden, was eigentlich mittlerweile schon jeder ahnt und wei\u00df: Scheinbar d\u00fcrfte das Institut in seinen Recherchen neue Spitzen von Eisbergen entdeckt haben, die zwischen Katastrophe und strafrechtlicher Relevanz schwanken. Ob das Auswechseln von zu kritischen Gesandten, das fr\u00fchzeitige Abschalten des Missbrauchs-Telefons oder nun das Einwirken auf den Autor einer wohl zweifellos belastenden Studie: Weder aus massenhaften Kirchenaustritten, noch aus dem immensen Imageverlust scheint die katholische Kirche etwas gelernt zu haben.<\/p>\n<p>Ihre vehementen Verteidiger, die nicht davon ausgehen wollen, dass in der Kirche mehr Missbrauch geschehen ist als in anderen gesellschaftlichen Kreisen, sehen weiterhin eine Hexenjagd auf ihre Schafherde. Sie \u00fcbersehen dabei die endlose Zahl an W\u00f6lfen auf der nicht mehr ganz so frisch und gr\u00fcn wachsenden Kirchenwiese und vergessen voll und ganz, dass lediglich eine etwas ruhiger gewordene \u00d6ffentlichkeit in den letzten Monaten zur Schnaufpause verhalf. Es brennt nahezu an allen Ecken und Enden: Von \u00d6sterreich ausgehend, formiert sich weiterer Widerstand von aufs\u00e4ssigen Pfarrern, Basisbewegungen der Kirche r\u00fcsten sich f\u00fcr einen Aufstand, den der Vatikan nur mit der Drohung nach Entzug von Anrechten auf Sakramente im Zaun halten kann.<\/p>\n<p>Weder beim Experten Pfeiffer, noch bei den eigenen ernannten Verantwortlichen zur Aufarbeitung der Missbrauchsserie kann unterstellt werden, dass ein gezielter Wille vorhanden ist, zu \u00fcbertreiben oder die Kirche ins Unheil reiten zu wollen. \u201eVertrauen sei zerbrochen&#8220;, so begr\u00fcnden die Bisch\u00f6fe den Abbruch der Zusammenarbeit. Sie hatten wohl darauf vertraut, ein wohlgefallenes Gutachten zu bekommen, das besch\u00f6nigt und verdeckt, das l\u00fcgt und leugnet gleicherma\u00dfen. Es ist gut, dass sich niemand diesem Druck gebeugt hat. Die Beendigung der Kooperation zwischen dem Studienleiter und der katholischen Kirche ist der eindeutigste Beweis daf\u00fcr, dass niemand bereit gewesen sein d\u00fcrfte, sich der Wahrheit tats\u00e4chlich zu stellen.<\/p>\n<p>In der Hoffnung auf einen geschickten Schachzug, war man sich bei den Bisch\u00f6fen wohl sicher, dass sich nach den Studienergebnissen alles zum Guten wenden w\u00fcrde. Dass man bei der Beauftragung allerdings auf einen neutralen Wissenschaftler stie\u00df, der sich an seinen Berufsethos gebunden f\u00fchlt, war f\u00fcr diejenigen, die lieber verschleiern und verdunkeln, ein b\u00f6ses Erwachen. Versuchte Bestechung kommt nun als Vorwurf gegen die katholische Kirche hinzu, m\u00f6glicherweise gar der Wille zur Strafvereitelung. Und die Inhalte der Studie sind trotz der abrupten Z\u00e4sur f\u00fcr alle erahnbar \u2013 gar noch schlimmer: spekulierbar geworden.<\/p>\n<p>Wer von sich in diesem Zusammenhang noch davon sprechen kann, \u201eich glaube an die heilige katholische Kirche&#8220;, der braucht ein gro\u00dfes Herz f\u00fcr uneinsichtige S\u00fcnder, die weder Bu\u00dfe tun, noch Schuld beweisen. Mit einfl\u00f6\u00dfender Angst und erhobenem Hirtenstab bem\u00fcht sich der Kirchenclan, die Gl\u00e4ubigen zur R\u00e4son zu rufen. Wer ins Zweifeln ger\u00e4t, ob ein verklemmtes, zwanghaftes und den Menschen in seiner Freit beraubendes Bild von Sexualit\u00e4t, Lebensfreude und Alltagsliebe Kirchenleute ebenso in psychische Not bringt wie das \u00fcbersch\u00e4tzte Selbstbewusstsein nach himmlischer Macht, der darf sich schon jetzt der Verdammnis von Eucharistie und Segen sicher sein.<\/p>\n<p>Die Dimensionen des Missbrauchsskandals in den Kirchen sind hausgemacht. Ob Pfeiffer diesen Schluss in seiner Studie untermauert hat, bleibt wohl erst einmal sein Geheimnis. In Erkl\u00e4rungsnot geraten nun viel eher die, denen die Deutschen ohnehin seit geraumer Zeit mehr und mehr misstrauen: Kirchenleitungen, die f\u00fcr sich einen Freifahrtsschein aus Gottes gn\u00e4diger G\u00fcte ableiten, st\u00fcrzen sp\u00e4testens beim weltlichen Faktenabgleich ganz tief. Ob sie sich auf ein ewiges Leben freuen sollen, das von qu\u00e4lenden Gedanken an das Leid, Schicksal und die Not der Kinder, deren Zukunft durch den Missbrauch gezeichnet wurde, ebenso durchzogen sein d\u00fcrfte wie von den Vorw\u00fcrfen, von Jesu Vers\u00f6hnung ausgespart zu bleiben, wei\u00df ich nicht. Ihr Gesicht haben sie heute schon verloren \u2013 vor sich selbst und vor zornig-weinenden Opfern, die wohl schon l\u00e4ngst den letzten Glauben abgegeben haben&#8230;<\/p>\n<hr \/>\n<p>Bild: https:\/\/pixabay.com\/de\/users\/Myriams-Fotos-1627417\/ Myriam<\/p>\n","protected":false},"excerpt":{"rendered":"<p><strong>Beitrag von Dennis Riehle aus FREIDENKER 1-13<\/strong><br \/>\nDass der Vatikan es nicht so ernst mit der Aufkl\u00e4rung der weltweiten Missbrauchsskandale durch die eigenen Bisch\u00f6fe und Priester nimmt, hat nicht zuletzt der Austausch des dortigen Beauftragten gezeigt, der den oberen Kirchenh\u00fctern in seiner Arbeit offenbar zu engagiert schien und Tatsachen zutage f\u00fchrte, die nicht h\u00e4tten \u00f6ffentlich werden sollen. Das vage Eingehen des Papstes auf die immer neu bekannt gewordenen Abgr\u00fcnde als auch sein als Hohn wirkender Bittruf um Vergebung waren in Sachen Unehrlichkeit kaum zu \u00fcberbieten. Daher wundert nicht, dass Rom so gar nichts daran liegt, alle M\u00fchen um Wiedergutmachtung vor der Versandung zu retten.<\/p>\n","protected":false},"author":2,"featured_media":693,"comment_status":"closed","ping_status":"closed","sticky":false,"template":"","format":"standard","meta":{"colormag_page_container_layout":"default_layout","colormag_page_sidebar_layout":"default_layout","advanced_seo_description":"","jetpack_seo_html_title":"","jetpack_seo_noindex":false,"jetpack_post_was_ever_published":false,"footnotes":""},"categories":[15],"tags":[387,388,575,576,371,279],"class_list":["post-692","post","type-post","status-publish","format-standard","has-post-thumbnail","hentry","category-religions-kirchenkritik","tag-christentum","tag-katholische-kirche","tag-kindesmissbrauch","tag-missbrauchsskandale","tag-religion","tag-religionskritik"],"jetpack_featured_media_url":"https:\/\/i0.wp.com\/www.freidenker.org\/fw17\/wp-content\/uploads\/2016\/08\/Rosenkranz.jpg?fit=800%2C445&ssl=1","jetpack_shortlink":"https:\/\/wp.me\/p9stpK-ba","jetpack-related-posts":[{"id":11987,"url":"https:\/\/www.freidenker.org\/?p=11987","url_meta":{"origin":692,"position":0},"title":"Missbrauchsskandal und Kollateralschaden","author":"Webredaktion","date":"14. Januar 2022","format":false,"excerpt":"Beitrag von Dagmar Henn In wenigen Tagen soll ein neues Gutachten zu sexuellem Missbrauch im katholischen Erzbistum M\u00fcnchen und Freising vorgestellt werden. Seit dem Jahr 2010, also bereits seit \u00fcber zehn Jahren, wird insbesondere die katholische Kirche dieses Thema nicht mehr los. Es hat ihr einen gravierenden Einflussverlust beschert. Dass\u2026","rel":"","context":"In &quot;Religions- &amp; Kirchenkritik, S\u00e4kulare Szene&quot;","block_context":{"text":"Religions- &amp; Kirchenkritik, S\u00e4kulare Szene","link":"https:\/\/www.freidenker.org\/?cat=15"},"img":{"alt_text":"","src":"https:\/\/i0.wp.com\/www.freidenker.org\/fw17\/wp-content\/uploads\/2022\/01\/church-4019523_800x450.jpg?fit=800%2C450&ssl=1&resize=350%2C200","width":350,"height":200,"srcset":"https:\/\/i0.wp.com\/www.freidenker.org\/fw17\/wp-content\/uploads\/2022\/01\/church-4019523_800x450.jpg?fit=800%2C450&ssl=1&resize=350%2C200 1x, https:\/\/i0.wp.com\/www.freidenker.org\/fw17\/wp-content\/uploads\/2022\/01\/church-4019523_800x450.jpg?fit=800%2C450&ssl=1&resize=525%2C300 1.5x, https:\/\/i0.wp.com\/www.freidenker.org\/fw17\/wp-content\/uploads\/2022\/01\/church-4019523_800x450.jpg?fit=800%2C450&ssl=1&resize=700%2C400 2x"},"classes":[]},{"id":9592,"url":"https:\/\/www.freidenker.org\/?p=9592","url_meta":{"origin":692,"position":1},"title":"US-Medienbericht: Deutsche Nonnen &#8222;vermieteten&#8220; Waisenkinder f\u00fcr Orgien","author":"Webredaktion","date":"17. Februar 2021","format":false,"excerpt":"Beitrag von RT DE Die katholische Erzdi\u00f6zese in K\u00f6ln steht schon seit L\u00e4ngerem schwer in der Kritik. 2020 sollte ein\u00a0Gutachten der M\u00fcnchner Anwaltskanzlei Westpfahl Spilker Wastl zu Missbrauchsvorw\u00fcrfen erscheinen, die zum Teil Jahrzehnte zur\u00fcckreichen. In Auftrag gegeben wurde\u00a0das\u00a0Gutachten vom K\u00f6lner Erzbischof Rainer Maria Woelki.\u00a0Der Bericht sollte untersuchen, wie Bistumsverantwortliche in\u2026","rel":"","context":"In &quot;Religions- &amp; Kirchenkritik, S\u00e4kulare Szene&quot;","block_context":{"text":"Religions- &amp; Kirchenkritik, S\u00e4kulare Szene","link":"https:\/\/www.freidenker.org\/?cat=15"},"img":{"alt_text":"","src":"https:\/\/i0.wp.com\/www.freidenker.org\/fw17\/wp-content\/uploads\/2021\/02\/boy-1636731_800x450.jpg?fit=800%2C450&ssl=1&resize=350%2C200","width":350,"height":200,"srcset":"https:\/\/i0.wp.com\/www.freidenker.org\/fw17\/wp-content\/uploads\/2021\/02\/boy-1636731_800x450.jpg?fit=800%2C450&ssl=1&resize=350%2C200 1x, https:\/\/i0.wp.com\/www.freidenker.org\/fw17\/wp-content\/uploads\/2021\/02\/boy-1636731_800x450.jpg?fit=800%2C450&ssl=1&resize=525%2C300 1.5x, https:\/\/i0.wp.com\/www.freidenker.org\/fw17\/wp-content\/uploads\/2021\/02\/boy-1636731_800x450.jpg?fit=800%2C450&ssl=1&resize=700%2C400 2x"},"classes":[]},{"id":6830,"url":"https:\/\/www.freidenker.org\/?p=6830","url_meta":{"origin":692,"position":2},"title":"Ein Wunder oder Zahlenspiele?","author":"Webredaktion","date":"22. August 2019","format":false,"excerpt":"Beitrag von Andreas Peter Die R\u00f6misch-Katholische Kirche Deutschlands hat 2018 eine Rekordsumme an Kirchensteuer eingenommen. Das gab jetzt die Bischofskonferenz bekannt. Dies best\u00e4tigt \u00e4hnliche Zahlen der Evangelischen Kirche in Deutschland, die bereits seit April vorliegen. Die Rekordeinnahmen konnten trotz sinkender Mitgliederzahlen erzielt werden. Wie erkl\u00e4rt sich das? Die beiden gro\u00dfen\u2026","rel":"","context":"In &quot;Religions- &amp; Kirchenkritik, S\u00e4kulare Szene&quot;","block_context":{"text":"Religions- &amp; Kirchenkritik, S\u00e4kulare Szene","link":"https:\/\/www.freidenker.org\/?cat=15"},"img":{"alt_text":"","src":"https:\/\/i0.wp.com\/www.freidenker.org\/fw17\/wp-content\/uploads\/2019\/08\/church-3601975_800x445.jpg?fit=800%2C445&ssl=1&resize=350%2C200","width":350,"height":200,"srcset":"https:\/\/i0.wp.com\/www.freidenker.org\/fw17\/wp-content\/uploads\/2019\/08\/church-3601975_800x445.jpg?fit=800%2C445&ssl=1&resize=350%2C200 1x, https:\/\/i0.wp.com\/www.freidenker.org\/fw17\/wp-content\/uploads\/2019\/08\/church-3601975_800x445.jpg?fit=800%2C445&ssl=1&resize=525%2C300 1.5x, https:\/\/i0.wp.com\/www.freidenker.org\/fw17\/wp-content\/uploads\/2019\/08\/church-3601975_800x445.jpg?fit=800%2C445&ssl=1&resize=700%2C400 2x"},"classes":[]},{"id":3208,"url":"https:\/\/www.freidenker.org\/?p=3208","url_meta":{"origin":692,"position":3},"title":"Priesterlicher Missbrauch &#8211; Erkl\u00e4rung des DFV","author":"Webredaktion","date":"18. M\u00e4rz 2010","format":false,"excerpt":"Erkl\u00e4rung der Tagung des Verbandsvorstandes am 14. M\u00e4rz 2010 in Magdeburg Der Deutsche Freidenker-Verband verurteilt in sch\u00e4rfster Form die massenhaften Vergehen und Straftaten, die von W\u00fcrdentr\u00e4gern insbesondere der Katholischen Kirche gegen junge Menschen begangen wurden. Erst durch Einzelbeispiele, die mehr oder weniger zuf\u00e4llig an die \u00d6ffentlichkeit kamen, wurde eine Lawine\u2026","rel":"","context":"In &quot;Positionen&quot;","block_context":{"text":"Positionen","link":"https:\/\/www.freidenker.org\/?cat=210"},"img":{"alt_text":"","src":"https:\/\/i0.wp.com\/www.freidenker.org\/fw17\/wp-content\/uploads\/2010\/03\/child-1154951_800x445.jpg?fit=800%2C445&ssl=1&resize=350%2C200","width":350,"height":200,"srcset":"https:\/\/i0.wp.com\/www.freidenker.org\/fw17\/wp-content\/uploads\/2010\/03\/child-1154951_800x445.jpg?fit=800%2C445&ssl=1&resize=350%2C200 1x, https:\/\/i0.wp.com\/www.freidenker.org\/fw17\/wp-content\/uploads\/2010\/03\/child-1154951_800x445.jpg?fit=800%2C445&ssl=1&resize=525%2C300 1.5x, https:\/\/i0.wp.com\/www.freidenker.org\/fw17\/wp-content\/uploads\/2010\/03\/child-1154951_800x445.jpg?fit=800%2C445&ssl=1&resize=700%2C400 2x"},"classes":[]},{"id":5055,"url":"https:\/\/www.freidenker.org\/?p=5055","url_meta":{"origin":692,"position":4},"title":"Papst und Teufel: Kein Wunder in der H\u00f6lle","author":"Webredaktion","date":"29. April 2018","format":false,"excerpt":"In der Rubrik Tagesdosis wurde am 27.04.2018 bei KenFM der Beitrag \u201ePapst und Teufel: Kein Wunder in der H\u00f6lle\u201c von Klaus Hartmann, Vorsitzender des Deutschen Freidenker-Verbandes, ver\u00f6ffentlicht. Glaubt man der italienischen Zeitung \u201eLa Repubblica\u201c kurz vor Ostern 2018, soll Jorge Mario Bergoglio alias Papst Franziskus gesagt haben: \u201eDie H\u00f6lle gibt\u2026","rel":"","context":"In &quot;Religions- &amp; Kirchenkritik, S\u00e4kulare Szene&quot;","block_context":{"text":"Religions- &amp; Kirchenkritik, S\u00e4kulare Szene","link":"https:\/\/www.freidenker.org\/?cat=15"},"img":{"alt_text":"","src":"https:\/\/i0.wp.com\/www.freidenker.org\/fw17\/wp-content\/uploads\/2018\/04\/Papst_u_Teufel_800x445.jpg?fit=800%2C445&ssl=1&resize=350%2C200","width":350,"height":200,"srcset":"https:\/\/i0.wp.com\/www.freidenker.org\/fw17\/wp-content\/uploads\/2018\/04\/Papst_u_Teufel_800x445.jpg?fit=800%2C445&ssl=1&resize=350%2C200 1x, https:\/\/i0.wp.com\/www.freidenker.org\/fw17\/wp-content\/uploads\/2018\/04\/Papst_u_Teufel_800x445.jpg?fit=800%2C445&ssl=1&resize=525%2C300 1.5x, https:\/\/i0.wp.com\/www.freidenker.org\/fw17\/wp-content\/uploads\/2018\/04\/Papst_u_Teufel_800x445.jpg?fit=800%2C445&ssl=1&resize=700%2C400 2x"},"classes":[]},{"id":648,"url":"https:\/\/www.freidenker.org\/?p=648","url_meta":{"origin":692,"position":5},"title":"Christentum und Sozialismus","author":"Webmaster","date":"1. Januar 2008","format":false,"excerpt":"Eine religi\u00f6se Polemik zwischen Herrn Kaplan Hohoff in H\u00fcffe und August Bebel (1873\/74). [August Bebel:] Was ist denn das Christentum? ... Wie jede andere Religion Menschenwerk. Der Mensch, der auf seiner niedrigen Bildungsstufe keine klare Vorstellung von der Natur und den Naturereignissen, die ihm bald n\u00fctzten, bald ihn sch\u00e4digten, besitzen\u2026","rel":"","context":"In &quot;Religions- &amp; Kirchenkritik, S\u00e4kulare Szene&quot;","block_context":{"text":"Religions- &amp; Kirchenkritik, S\u00e4kulare Szene","link":"https:\/\/www.freidenker.org\/?cat=15"},"img":{"alt_text":"","src":"https:\/\/i0.wp.com\/www.freidenker.org\/fw17\/wp-content\/uploads\/2016\/08\/Bebel.jpg?fit=800%2C445&ssl=1&resize=350%2C200","width":350,"height":200,"srcset":"https:\/\/i0.wp.com\/www.freidenker.org\/fw17\/wp-content\/uploads\/2016\/08\/Bebel.jpg?fit=800%2C445&ssl=1&resize=350%2C200 1x, https:\/\/i0.wp.com\/www.freidenker.org\/fw17\/wp-content\/uploads\/2016\/08\/Bebel.jpg?fit=800%2C445&ssl=1&resize=525%2C300 1.5x, https:\/\/i0.wp.com\/www.freidenker.org\/fw17\/wp-content\/uploads\/2016\/08\/Bebel.jpg?fit=800%2C445&ssl=1&resize=700%2C400 2x"},"classes":[]}],"_links":{"self":[{"href":"https:\/\/www.freidenker.org\/index.php?rest_route=\/wp\/v2\/posts\/692","targetHints":{"allow":["GET"]}}],"collection":[{"href":"https:\/\/www.freidenker.org\/index.php?rest_route=\/wp\/v2\/posts"}],"about":[{"href":"https:\/\/www.freidenker.org\/index.php?rest_route=\/wp\/v2\/types\/post"}],"author":[{"embeddable":true,"href":"https:\/\/www.freidenker.org\/index.php?rest_route=\/wp\/v2\/users\/2"}],"replies":[{"embeddable":true,"href":"https:\/\/www.freidenker.org\/index.php?rest_route=%2Fwp%2Fv2%2Fcomments&post=692"}],"version-history":[{"count":0,"href":"https:\/\/www.freidenker.org\/index.php?rest_route=\/wp\/v2\/posts\/692\/revisions"}],"wp:featuredmedia":[{"embeddable":true,"href":"https:\/\/www.freidenker.org\/index.php?rest_route=\/wp\/v2\/media\/693"}],"wp:attachment":[{"href":"https:\/\/www.freidenker.org\/index.php?rest_route=%2Fwp%2Fv2%2Fmedia&parent=692"}],"wp:term":[{"taxonomy":"category","embeddable":true,"href":"https:\/\/www.freidenker.org\/index.php?rest_route=%2Fwp%2Fv2%2Fcategories&post=692"},{"taxonomy":"post_tag","embeddable":true,"href":"https:\/\/www.freidenker.org\/index.php?rest_route=%2Fwp%2Fv2%2Ftags&post=692"}],"curies":[{"name":"wp","href":"https:\/\/api.w.org\/{rel}","templated":true}]}}