{"id":6907,"date":"2019-09-03T01:49:34","date_gmt":"2019-09-02T23:49:34","guid":{"rendered":"https:\/\/www.freidenker.org\/?p=6907"},"modified":"2021-08-30T23:19:46","modified_gmt":"2021-08-30T21:19:46","slug":"unteilbar-demo-in-dresden-die-messe-ist-gesungen","status":"publish","type":"post","link":"https:\/\/www.freidenker.org\/?p=6907","title":{"rendered":"Unteilbar-Demo in Dresden. Die Messe ist gesungen"},"content":{"rendered":"<p><em>Erstver\u00f6ffentlichung am 28.08.2019 in der Rubrik <a href=\"https:\/\/kenfm.de\/standpunkte-%E2%80%A2-unteilbar-demo-in-dresden-die-messe-ist-gesungen\/\" target=\"_blank\" rel=\"noopener noreferrer\">STANDPUNKTE<\/a> auf <a href=\"https:\/\/kenfm.de\/\" target=\"_blank\" rel=\"noopener noreferrer\">KenFM<\/a><\/em><\/p>\n<p>Den Beitrag als Audio-Datei anh\u00f6ren:<\/p>\n<audio class=\"wp-audio-shortcode\" id=\"audio-6907-1\" preload=\"none\" style=\"width: 100%;\" controls=\"controls\"><source type=\"audio\/mpeg\" src=\"https:\/\/www.freidenker.org\/fw17\/wp-content\/uploads\/2019\/09\/standpunkte-der-podcast-20190828.mp3?_=1\" \/><a href=\"https:\/\/www.freidenker.org\/fw17\/wp-content\/uploads\/2019\/09\/standpunkte-der-podcast-20190828.mp3\">https:\/\/www.freidenker.org\/fw17\/wp-content\/uploads\/2019\/09\/standpunkte-der-podcast-20190828.mp3<\/a><\/audio>\n<p>&nbsp;<\/p>\n<p>Der Beitrag ist auch auf YouTube verf\u00fcgbar: <a href=\"https:\/\/www.youtube.com\/watch?v=xW4cSJ8TMK0\" target=\"_blank\" rel=\"noopener noreferrer\">https:\/\/www.youtube.com\/watch?v=xW4cSJ8TMK0<\/a><\/p>\n<p>&nbsp;<\/p>\n<h4>STANDPUNKTE \u2022 Unteilbar-Demo in Dresden. Die Messe ist gesungen<\/h4>\n<div class=\"post-article-meta\">\n<div id=\"mp3_download\"><\/div>\n<\/div>\n<p><em>Ein Standpunkt <strong>von Dagmar Henn.<\/strong><\/em><\/p>\n<p>F\u00fcr den letzten Samstag [24.08.2019] hatte das B\u00fcndnis #unteilbar mal wieder zu einem Hochamt aufgerufen; dieses Mal nach Dresden, um das vermeintliche Motto gleich durch die Wahl des Veranstaltungsorts wieder aufzuheben. Denn welchen anderen Zweck verfolgt eine Demonstration des \u201a<i>wir sind alle die Guten<\/i>\u201a in den annektierten Bundesl\u00e4ndern, als eben damit vorzuf\u00fchren, dass dort die B\u00f6sen hausen.<\/p>\n<p>Vierhundert Organisationen haben aufgerufen, und <a href=\"https:\/\/www.sueddeutsche.de\/politik\/dresden-unteilbar-demonstration-sachsen-1.4574786-0\" target=\"_blank\" rel=\"noopener noreferrer\">angeblich kamen 40 000<\/a> (1). Die Tatsache, dass die Angaben der Veranstalter genannt werden und nicht die der Polizei, ist wie immer ein untr\u00fcgliches Indiz daf\u00fcr, dass dies ein quasi regierungsamtliches Ereignis war. 40 000 geteilt durch vierhundert, das ist nicht wirklich beeindruckend \u2013 je aufrufender Organisation sind das gerade mal hundert Personen. F\u00fcr die zwei geplanten Sonderz\u00fcge aus Berlin hat die Zahl der Interessenten wohl nicht ausgereicht; es wurde nur einer. Der schwammige Aufruf, an dessen Text und dessen Richtungslosigkeit sich seit dem letzten Jahr nichts ge\u00e4ndert hat, konnte nicht einmal mehr ein F\u00fcnftel der Mengen in Bewegung setzten, die sich noch im vergangenen Jahr in Berlin selbst hochleben lie\u00dfen.<\/p>\n<p>Es ging um die anstehenden Landtagswahlen in Sachsen, heisst es. Ein Zeichen setzen \u201a<i>gegen Ausgrenzung und Rassismus\u2018.<\/i> Ein Zeichen, in dem jeder das sehen kann, was er gerne darin sehen will \u2013 leere Signifikante nannten so etwas kluge Leute. Hinter dieses leere Gef\u00e4\u00df reihten sich ein der <a href=\"https:\/\/www.spiegel.de\/politik\/deutschland\/unteilbar-demo-in-dresden-35-000-demonstrieren-gegen-ausgrenzung-a-1283525.html\" target=\"_blank\" rel=\"noopener noreferrer\">aktuelle Insolvenzverwalter der SPD<\/a> (2), eine halbe Gr\u00fcnen-Spitze und das gemischte Doppel der Linkspartei.<i> \u201aGegen Ausgrenzung und Rassismus<\/i>\u201a, das soll vor allem von der Wahl der AfD abhalten.<\/p>\n<p>Es gibt viele gute Argumente gegen die AfD. Sie ist f\u00fcr die NATO, f\u00fcr mehr R\u00fcstung, f\u00fcr weiteren Sozialabbau und f\u00fcr eine Politik, die die Interessen der Konzerneigner \u00fcber die grundlegenden Lebensinteressen der Bev\u00f6lkerungsmehrheit stellt. Nichts davon wird als Argument gegen sie ins Spiel gebracht. Warum? Weil zu viele der Beteiligten an diesem B\u00fcndnis all diese Dinge mittragen. Wenn es um die Butter und das Brot geht, um die Renten, die Wohnungsfrage, das \u00f6ffentliche Eigentum, da sind sie so verwechselbar wie Klone, selbst die Linkspartei. Darum muss der eine Punkt ins Gigantische aufgeblasen werden, der aussieht wie eine Differenz.<\/p>\n<p>Dabei sollte inzwischen dem Letzten aufgegangen sein, was f\u00fcr ein Theater die <i>\u201aWillkommenskultur \u201a<\/i> war. Man l\u00e4dt sich nicht gro\u00dfspurig G\u00e4ste ins Haus, um ihnen dann zu erkl\u00e4ren, sie k\u00f6nnten auf der Parkbank schlafen. Vier Jahre, und es gibt noch nicht einmal sinnvolle Ans\u00e4tze, um die durch die Einladung versch\u00e4rfte Wohnungsfrage zu l\u00f6sen. Im Gegenteil \u2013 die Klimabewegten fordern sogar einen R\u00fcckgang des Wohnungsbaus. Parkbank f\u00fcr Alle?<\/p>\n<p>Nach wie vor scheint die Richtung einfach zu sein \u2013 gegen Rechts. Nun, die Bundesrepublik hat mehr rechte Probleme als die AfD. Frauen f\u00fcr minderwertig zu halten, das ist eine rechte Einstellung. Wenn auf Grundlage dieser Einstellung dann Verbrechen begangen werden, dann sind das rechte Verbrechen. Gleiches gilt, wenn jemand seine Nation oder seine Religion f\u00fcr die einzig wahre h\u00e4lt und meint, das legitimiere aggressives Verhalten. Die Kalifatskrieger, die mit ins Land kamen, sind mindestens so rechts wie die AfD, und Frauenverachtung ist kein unpolitischer kultureller Makel, sondern eine politische Position. Nur die eine Variante zu bek\u00e4mpfen, die andere aber zu verschweigen oder zu ignorieren, ist im g\u00fcnstigsten Fall eine halbe Wahrheit.<\/p>\n<p>Dabei haben wir noch Gl\u00fcck im Ungl\u00fcck. Im Donbasskrieg wie in Syrien sind sich die beiden Versionen nicht nur geistig nah; es gibt <a href=\"https:\/\/www.voltairenet.org\/article189172.html\" target=\"_blank\" rel=\"noopener noreferrer\">Dschihadisten auf der Seite der ukrainischen Nazibataillone<\/a> (3), und es gibt ukrainische Nazis, die in Syrien (oder fr\u00fcher einmal in Tschetschenien) den Dschihadisten beistehen. Bei dem, was beide am Besten beherrschen, dem Abschlachten Unschuldiger. Verb\u00fcndete der NATO sind sie beide. Schlimmer noch \u2013 sie hat sie ausgebr\u00fctet.<\/p>\n<p>G\u00e4be es einen politischen Willen, dieses zweite rechte Problem zu benennen und zu bek\u00e4mpfen, es w\u00fcrde der AfD wirklich das Wasser abgraben. Weil sie als Einzige davon profitiert, dass sich die Willkommensritter noch vor den letzten Kopfabschneider werfen und dessen politische Position v\u00f6llig ignorieren, die sozialen Probleme mit einem Stewardessenl\u00e4chen bei Seite geschoben werden und die Bezeichnung \u201aNazi\u2018 und \u201aRassist\u2018 in die Menge geworfen wird wie Kamelle beim K\u00f6lner Karneval.<\/p>\n<p>Soweit das nicht eine NATO-indizierte Blindheit ist (wie man bei allen zwischen \u201a<em>Adopt a Revolution<\/em>\u201a und den Gr\u00fcnen unterstellen kann), steht dahinter eine subtilere Art von Rassismus. Die Vorstellung, der Migrant oder der Fl\u00fcchtling sei im Stande der Unschuld, daher politisch ein wei\u00dfes Blatt, und br\u00e4chte keine eigenen \u00dcberzeugungen und gesellschaftliche Konflikte mit, mit denen man sich auseinandersetzen oder die man gar bek\u00e4mpfen m\u00fcsse. Um diese Variation \u00fcber das Thema des \u201aedlen Wilden\u2018 aufrechtzuerhalten, bleiben die Augen fest geschlossen. Dabei macht es im wirklichen Leben keinen Unterschied, ob man einen Platz nicht mehr aufsucht, weil dort Glatzk\u00f6pfe in Bomberjacken oder weil dort von ihrer \u00dcberlegenheit \u00fcberzeugte \u201aM\u00e4nnergruppen\u2018 stehen; in beiden F\u00e4llen geht von ihnen Gewalt aus und in beiden F\u00e4llen steckt dahinter eine menschenfeindliche Gesinnung.<\/p>\n<p>Die Bundesrepublik hat nicht, in Nachfolge des Nazistaats, jahrzehntelang mal mit, mal gegen die USA, die Moslembr\u00fcder und andere Gotteskrieger aufgep\u00e4ppelt (7), um ihnen jetzt, nur weil ein paar eigene B\u00fcrger zum Kollateralschaden werden, einen Tritt zu versetzen. Immerhin ist die unverbr\u00fcchliche Loyalit\u00e4t zu den eigenen abscheulichen Hilfstruppen ein Wettbewerbsvorteil gegen\u00fcber der US-amerikanischen Konkurrenz, die daf\u00fcr bekannt ist, Verb\u00fcndete auch im Handumdrehen zu opfern. Mal abwarten, unter welchem Etikett uns demn\u00e4chst die Rettung der S\u00f6ldner aus Idlib schmackhaft gemacht werden wird.<\/p>\n<p><a href=\"https:\/\/www.br.de\/nachrichten\/bayern\/frauen-schlagen-umstrittene-empfehlung-von-islam-gemeinde,RXtiDia\" target=\"_blank\" rel=\"noopener noreferrer\">Die Moschee, die j\u00fcngst durch die Gazetten geisterte<\/a> (4), weil auf ihrer Webseite das Schlagen von Ehefrauen empfohlen wurde, ist ein Beispiel f\u00fcr diese politische Kontinuit\u00e4t. Das Islamische Zentrum M\u00fcnchen wurde vom bayrischen Staat f\u00fcr Krimtataren, Bosnier, Albaner und andere moslemische Angeh\u00f6rige von Nazi-Hilfstruppen errichtet, die nach dem Krieg um M\u00fcnchen angesiedelt wurden. Betreut hat sie von bundesdeutscher Seite anf\u00e4nglich Gerhard von Mende, der schon unter den Nazis im Amt Rosenberg daf\u00fcr zust\u00e4ndig war. In den 1950ern arbeitete er im westdeutschen <a href=\"https:\/\/de.wikipedia.org\/wiki\/Bundesministerium_f%C3%BCr_Vertriebene,_Fl%C3%BCchtlinge_und_Kriegsgesch%C3%A4digte\" target=\"_blank\" rel=\"noopener noreferrer\">Bundesvertriebenenministerium<\/a> (5).<\/p>\n<p><a href=\"https:\/\/www.freitag.de\/autoren\/gela\/moslembrueder-keine-harmlose-gemeinschaft\" target=\"_blank\" rel=\"noopener noreferrer\">Diese Moschee war nun \u00fcber Jahre hinweg die internationale Zentrale der Moslembr\u00fcder<\/a> (6). Auf bundesdeutschem Boden und mit bundesdeutscher Unterst\u00fctzung.<\/p>\n<p>Die globale Machtpolitik ist der Elefant im Raum, \u00fcber den nicht gesprochen werden darf. Das Schweigen dar\u00fcber hat zur Folge, dass die zweite Variante Rechts (die eingewanderte) nicht als solche benannt werden darf, jeder Blick darauf zum Rassismus erkl\u00e4rt werden muss, und die dritte Variante Rechts (die Freunde und Unterst\u00fctzer der Kriegspolitik) gar noch mit bunten F\u00e4hnchen <i>\u201agegen Rassismus und Ausgrenzung\u2018<\/i> mitmarschieren darf.<\/p>\n<p>An diesem Punkt, nicht zwischen einem fiktiven Hellwest und Dunkelost, bedarf es einer Teilung. Zwischen Fl\u00fcchtlingen und Kopfabschneidern, zwischen NATO-Anh\u00e4ngern und Friedensfreunden, zwischen den Konzernoligarchen, die von den Handlungen ihrer Fu\u00dftruppen weltweit und den Kriegen profitieren, und den einfachen Menschen, die die Rechnung daf\u00fcr begleichen sollen. Was es auf keinen Fall braucht, sind quietschebunte #unteilbar-Aufkleber, die diesen n\u00f6tigen Bruch \u00fcberkleistern.<\/p>\n<p>Aber immerhin, die Ware geht schon schlechter als letztes Jahr.<\/p>\n<p><b>Quellen:<\/b><\/p>\n<ol>\n<li><a href=\"https:\/\/www.sueddeutsche.de\/politik\/dresden-unteilbar-demonstration-sachsen-1.4574786-0\" target=\"_blank\" rel=\"noopener noreferrer\">https:\/\/www.sueddeutsche.de\/politik\/dresden-unteilbar-demonstration-sachsen-1.4574786-0<\/a><\/li>\n<li><a href=\"https:\/\/www.spiegel.de\/politik\/deutschland\/unteilbar-demo-in-dresden-35-000-demonstrieren-gegen-ausgrenzung-a-1283525.html\" target=\"_blank\" rel=\"noopener noreferrer\">https:\/\/www.spiegel.de\/politik\/deutschland\/unteilbar-demo-in-dresden-35-000-demonstrieren-gegen-ausgrenzung-a-1283525.html<\/a><\/li>\n<li><a href=\"https:\/\/www.voltairenet.org\/article189172.html\" target=\"_blank\" rel=\"noopener noreferrer\">https:\/\/www.voltairenet.org\/article189172.html<\/a><\/li>\n<li><a href=\"https:\/\/www.br.de\/nachrichten\/bayern\/frauen-schlagen-umstrittene-empfehlung-von-islam-gemeinde,RXtiDia\" target=\"_blank\" rel=\"noopener noreferrer\">https:\/\/www.br.de\/nachrichten\/bayern\/frauen-schlagen-umstrittene-empfehlung-von-islam-gemeinde,RXtiDia<\/a><\/li>\n<li><a href=\"https:\/\/de.wikipedia.org\/wiki\/Bundesministerium_f%C3%BCr_Vertriebene,_Fl%C3%BCchtlinge_und_Kriegsgesch%C3%A4digte\" target=\"_blank\" rel=\"noopener noreferrer\">https:\/\/de.wikipedia.org\/wiki\/Bundesministerium_f%C3%BCr_Vertriebene,_Fl%C3%BCchtlinge_und_Kriegsgesch%C3%A4digte<\/a><\/li>\n<li><a href=\"https:\/\/www.freitag.de\/autoren\/gela\/moslembrueder-keine-harmlose-gemeinschaft\" target=\"_blank\" rel=\"noopener noreferrer\">https:\/\/www.freitag.de\/autoren\/gela\/moslembrueder-keine-harmlose-gemeinschaft<\/a><\/li>\n<li>siehe Ian Johnson, Die vierte Moschee, Klett-Cotta 2011<\/li>\n<\/ol>\n<hr \/>\n<p><span style=\"font-size: 10pt;\">Bildquelle: <a href=\"https:\/\/twitter.com\/gruene_dresden\/status\/1165225974226726912\" target=\"_blank\" rel=\"noopener noreferrer\">Twitter DieGr\u00fcnenDresden<\/a> \/ Foto: unbekannt (Screenshot der Videover\u00f6ffentlichung bei KenFM)<br \/>\n<\/span><\/p>\n","protected":false},"excerpt":{"rendered":"<p>Ein Standpunkt von <b>Dagmar Henn<\/b>.<br \/>\nF\u00fcr den letzten Samstag [24.08.2019] hatte das B\u00fcndnis #unteilbar mal wieder zu einem Hochamt aufgerufen; dieses Mal nach Dresden, um das vermeintliche Motto gleich durch die Wahl des Veranstaltungsorts wieder aufzuheben. Denn welchen anderen Zweck verfolgt eine Demonstration des \u201awir sind alle die Guten\u201a in den annektierten Bundesl\u00e4ndern, als eben damit vorzuf\u00fchren, dass dort die B\u00f6sen hausen.<br \/>\nVierhundert Organisationen haben aufgerufen, und angeblich kamen 40 000. Die Tatsache, dass die Angaben der Veranstalter genannt werden und nicht die der Polizei, ist wie immer ein untr\u00fcgliches Indiz daf\u00fcr, dass dies ein quasi regierungsamtliches Ereignis war.<\/p>\n","protected":false},"author":3,"featured_media":6909,"comment_status":"closed","ping_status":"closed","sticky":false,"template":"","format":"standard","meta":{"colormag_page_container_layout":"default_layout","colormag_page_sidebar_layout":"default_layout","advanced_seo_description":"","jetpack_seo_html_title":"","jetpack_seo_noindex":false,"jetpack_post_was_ever_published":false,"footnotes":""},"categories":[12],"tags":[1417,1031,411,755,403,56],"class_list":["post-6907","post","type-post","status-publish","format-standard","has-post-thumbnail","hentry","category-demokratie-medien-aufklaerung","tag-unteilbar","tag-afd","tag-demonstration","tag-dresden","tag-migration","tag-nato"],"jetpack_featured_media_url":"https:\/\/i0.wp.com\/www.freidenker.org\/fw17\/wp-content\/uploads\/2019\/09\/unteilbar-demo_dresden-2019_800x445.jpg?fit=800%2C445&ssl=1","jetpack_shortlink":"https:\/\/wp.me\/p9stpK-1Np","jetpack-related-posts":[{"id":11129,"url":"https:\/\/www.freidenker.org\/?p=11129","url_meta":{"origin":6907,"position":0},"title":"Aus einem anderen Land: &#8222;Unteilbar&#8220; ruft wieder auf","author":"Webredaktion","date":"26. August 2021","format":false,"excerpt":"Beitrag von Dagmar Henn Irgendetwas muss ich falsch gemacht haben. Denn es muss noch ein ganz anderes Deutschland geben, als das, in dem ich die letzten 18 Monate verbracht habe. Da haben sich die Leute von Unteilbar versteckt, die jetzt am 4. September wieder in Berlin demonstrieren wollen. Und die\u2026","rel":"","context":"In &quot;Zeit der Verleumder - Freidenker f\u00fcr Klartext&quot;","block_context":{"text":"Zeit der Verleumder - Freidenker f\u00fcr Klartext","link":"https:\/\/www.freidenker.org\/?cat=937"},"img":{"alt_text":"","src":"https:\/\/i0.wp.com\/www.freidenker.org\/fw17\/wp-content\/uploads\/2021\/08\/neuschwanstein_klartext_800x450.jpg?fit=800%2C450&ssl=1&resize=350%2C200","width":350,"height":200,"srcset":"https:\/\/i0.wp.com\/www.freidenker.org\/fw17\/wp-content\/uploads\/2021\/08\/neuschwanstein_klartext_800x450.jpg?fit=800%2C450&ssl=1&resize=350%2C200 1x, https:\/\/i0.wp.com\/www.freidenker.org\/fw17\/wp-content\/uploads\/2021\/08\/neuschwanstein_klartext_800x450.jpg?fit=800%2C450&ssl=1&resize=525%2C300 1.5x, https:\/\/i0.wp.com\/www.freidenker.org\/fw17\/wp-content\/uploads\/2021\/08\/neuschwanstein_klartext_800x450.jpg?fit=800%2C450&ssl=1&resize=700%2C400 2x"},"classes":[]},{"id":11149,"url":"https:\/\/www.freidenker.org\/?p=11149","url_meta":{"origin":6907,"position":1},"title":"Unheilbar imperialistisch","author":"Webredaktion","date":"31. August 2021","format":false,"excerpt":"Beitrag von Klaus Linder Wer Gr\u00fcne w\u00e4hlt, w\u00e4hlt Krieg. Wer den Charakter der Gr\u00fcnen und ihrer Ideologie als Speerspitze f\u00fcr die aggressivste Formulierung der Ziele von Kriegspolitik, Militarisierung, Imperialismus, Kolonialismus durchschaut hat, wer ihre Einpeitscher-Rolle f\u00fcr den autorit\u00e4ren Ma\u00dfnahmenstaat, das Vorantreiben der Notstands-Faschisierung und der NATO-Agenda erkannt hat, der braucht\u2026","rel":"","context":"In &quot;Freidenker-Brief&quot;","block_context":{"text":"Freidenker-Brief","link":"https:\/\/www.freidenker.org\/?cat=341"},"img":{"alt_text":"","src":"https:\/\/i0.wp.com\/www.freidenker.org\/fw17\/wp-content\/uploads\/2021\/08\/klartext_baerbock_imperialismus_800x450_v2.jpg?fit=800%2C450&ssl=1&resize=350%2C200","width":350,"height":200,"srcset":"https:\/\/i0.wp.com\/www.freidenker.org\/fw17\/wp-content\/uploads\/2021\/08\/klartext_baerbock_imperialismus_800x450_v2.jpg?fit=800%2C450&ssl=1&resize=350%2C200 1x, https:\/\/i0.wp.com\/www.freidenker.org\/fw17\/wp-content\/uploads\/2021\/08\/klartext_baerbock_imperialismus_800x450_v2.jpg?fit=800%2C450&ssl=1&resize=525%2C300 1.5x, https:\/\/i0.wp.com\/www.freidenker.org\/fw17\/wp-content\/uploads\/2021\/08\/klartext_baerbock_imperialismus_800x450_v2.jpg?fit=800%2C450&ssl=1&resize=700%2C400 2x"},"classes":[]},{"id":3120,"url":"https:\/\/www.freidenker.org\/?p=3120","url_meta":{"origin":6907,"position":2},"title":"Aufruf des B\u00fcndnisses Dresden Nazifrei 2012","author":"Webredaktion","date":"5. Februar 2012","format":false,"excerpt":"Aufruf zur Teilnahme an der Blockade des Nazi-Aufmarsches am 18.02,2012 In den vergangen zwei Jahren ist uns etwas gelungen, das viele f\u00fcr unm\u00f6glich gehalten hatten: Wir haben den Naziaufmarsch in Dresden erfolgreich blockiert. Tausende Nazis konnten ihr eigentliches Ziel, mit einer Gro\u00dfdemonstration ihre menschenverachtende Ideologie zur Schau zu stellen, nicht\u2026","rel":"","context":"In &quot;Frieden - Antifaschismus - Solidarit\u00e4t&quot;","block_context":{"text":"Frieden - Antifaschismus - Solidarit\u00e4t","link":"https:\/\/www.freidenker.org\/?cat=13"},"img":{"alt_text":"","src":"https:\/\/i0.wp.com\/www.freidenker.org\/fw17\/wp-content\/uploads\/2012\/02\/Anti-Nazi-Demonstration_in_Dresden_2012-02-18_07_800x445.jpg?fit=800%2C445&ssl=1&resize=350%2C200","width":350,"height":200,"srcset":"https:\/\/i0.wp.com\/www.freidenker.org\/fw17\/wp-content\/uploads\/2012\/02\/Anti-Nazi-Demonstration_in_Dresden_2012-02-18_07_800x445.jpg?fit=800%2C445&ssl=1&resize=350%2C200 1x, https:\/\/i0.wp.com\/www.freidenker.org\/fw17\/wp-content\/uploads\/2012\/02\/Anti-Nazi-Demonstration_in_Dresden_2012-02-18_07_800x445.jpg?fit=800%2C445&ssl=1&resize=525%2C300 1.5x, https:\/\/i0.wp.com\/www.freidenker.org\/fw17\/wp-content\/uploads\/2012\/02\/Anti-Nazi-Demonstration_in_Dresden_2012-02-18_07_800x445.jpg?fit=800%2C445&ssl=1&resize=700%2C400 2x"},"classes":[]},{"id":5493,"url":"https:\/\/www.freidenker.org\/?p=5493","url_meta":{"origin":6907,"position":3},"title":"Aufbruch ins Ungef\u00e4hre &#8211; Kritik eines Aufrufs","author":"Webredaktion","date":"19. Oktober 2018","format":false,"excerpt":"Zur Demonstration \u201eUnteilbar\u201c in Berlin hatte der Deutsche Freidenker-Verband nicht aufgerufen, aus Gr\u00fcnden, die Dagmar Henn in ihrem folgenden Gastkommentar deutlich macht. Am Samstag, 13.10.2018, findet in Berlin eine Demonstration statt, zu der eine beeindruckende Liste von Organisationen aufgerufen hat; auch viele, die traditionell auf der Linken verortet werden. Das\u2026","rel":"","context":"In &quot;Demokratie \u2013 Medien \u2013 Aufkl\u00e4rung&quot;","block_context":{"text":"Demokratie \u2013 Medien \u2013 Aufkl\u00e4rung","link":"https:\/\/www.freidenker.org\/?cat=12"},"img":{"alt_text":"","src":"https:\/\/i0.wp.com\/www.freidenker.org\/fw17\/wp-content\/uploads\/2018\/10\/road-815297_800x445.jpg?fit=800%2C445&ssl=1&resize=350%2C200","width":350,"height":200,"srcset":"https:\/\/i0.wp.com\/www.freidenker.org\/fw17\/wp-content\/uploads\/2018\/10\/road-815297_800x445.jpg?fit=800%2C445&ssl=1&resize=350%2C200 1x, https:\/\/i0.wp.com\/www.freidenker.org\/fw17\/wp-content\/uploads\/2018\/10\/road-815297_800x445.jpg?fit=800%2C445&ssl=1&resize=525%2C300 1.5x, https:\/\/i0.wp.com\/www.freidenker.org\/fw17\/wp-content\/uploads\/2018\/10\/road-815297_800x445.jpg?fit=800%2C445&ssl=1&resize=700%2C400 2x"},"classes":[]},{"id":3146,"url":"https:\/\/www.freidenker.org\/?p=3146","url_meta":{"origin":6907,"position":4},"title":"Zweifel und Kritik an Fortschritt, Wissenschaft und Technik","author":"Webredaktion","date":"1. Oktober 2011","format":false,"excerpt":"Einladung zur wissenschaftlichen Konferenz des Deutschen Freidenker-Verbands am 8. Oktober 2011 in Dresden Die Wirtschaftskrise macht die Krisenhaftigkeit des Kapitalismus un\u00fcbersehbar, umso gefragter sind Ideologien, die die Systemursachen in Abrede stellen. Klassenneutral sollen die \u00dcbel und ihre Verursacher erscheinen: \u201eder Mensch\u201c, \u201edas Wachstum\u201c etc.; und wer die Gesetzm\u00e4\u00dfigkeit des gesellschaftlichen\u2026","rel":"","context":"In &quot;Weltanschauung &amp; Philosophie&quot;","block_context":{"text":"Weltanschauung &amp; Philosophie","link":"https:\/\/www.freidenker.org\/?cat=16"},"img":{"alt_text":"","src":"https:\/\/i0.wp.com\/www.freidenker.org\/fw17\/wp-content\/uploads\/2011\/10\/dna-2075143_800x445.jpg?fit=800%2C445&ssl=1&resize=350%2C200","width":350,"height":200,"srcset":"https:\/\/i0.wp.com\/www.freidenker.org\/fw17\/wp-content\/uploads\/2011\/10\/dna-2075143_800x445.jpg?fit=800%2C445&ssl=1&resize=350%2C200 1x, https:\/\/i0.wp.com\/www.freidenker.org\/fw17\/wp-content\/uploads\/2011\/10\/dna-2075143_800x445.jpg?fit=800%2C445&ssl=1&resize=525%2C300 1.5x, https:\/\/i0.wp.com\/www.freidenker.org\/fw17\/wp-content\/uploads\/2011\/10\/dna-2075143_800x445.jpg?fit=800%2C445&ssl=1&resize=700%2C400 2x"},"classes":[]},{"id":21271,"url":"https:\/\/www.freidenker.org\/?p=21271","url_meta":{"origin":6907,"position":5},"title":"Das Ahrtal und der innere Zerfall Deutschlands","author":"Webredaktion","date":"27. M\u00e4rz 2025","format":false,"excerpt":"Beitrag von Gert Ewen Ungar Es ist eine unglaubliche Nachricht. Unter dem Titel \"Bahnstrecke soll wieder zur Lebensader werden\"\u00a0berichtet\u00a0die ARD-Nachrichtensendung\u00a0Tagesschau\u00a0\u00fcber den Wiederaufbau der Bahntrasse im Ahrtal. \"Nun geht der Wiederaufbau in die entscheidende Phase\", schreibt\u00a0Tagesschau\u00a0Redakteurin Lucretia Gather ganz unironisch in den Teaser der Meldung und tut so, als w\u00e4re alles\u2026","rel":"","context":"In &quot;Arbeit &amp; Soziales&quot;","block_context":{"text":"Arbeit &amp; Soziales","link":"https:\/\/www.freidenker.org\/?cat=11"},"img":{"alt_text":"","src":"https:\/\/i0.wp.com\/www.freidenker.org\/fw17\/wp-content\/uploads\/2025\/03\/Hochwasser_in_Altenahr_Altenburg_800x450.jpg?fit=800%2C450&ssl=1&resize=350%2C200","width":350,"height":200,"srcset":"https:\/\/i0.wp.com\/www.freidenker.org\/fw17\/wp-content\/uploads\/2025\/03\/Hochwasser_in_Altenahr_Altenburg_800x450.jpg?fit=800%2C450&ssl=1&resize=350%2C200 1x, https:\/\/i0.wp.com\/www.freidenker.org\/fw17\/wp-content\/uploads\/2025\/03\/Hochwasser_in_Altenahr_Altenburg_800x450.jpg?fit=800%2C450&ssl=1&resize=525%2C300 1.5x, https:\/\/i0.wp.com\/www.freidenker.org\/fw17\/wp-content\/uploads\/2025\/03\/Hochwasser_in_Altenahr_Altenburg_800x450.jpg?fit=800%2C450&ssl=1&resize=700%2C400 2x"},"classes":[]}],"_links":{"self":[{"href":"https:\/\/www.freidenker.org\/index.php?rest_route=\/wp\/v2\/posts\/6907","targetHints":{"allow":["GET"]}}],"collection":[{"href":"https:\/\/www.freidenker.org\/index.php?rest_route=\/wp\/v2\/posts"}],"about":[{"href":"https:\/\/www.freidenker.org\/index.php?rest_route=\/wp\/v2\/types\/post"}],"author":[{"embeddable":true,"href":"https:\/\/www.freidenker.org\/index.php?rest_route=\/wp\/v2\/users\/3"}],"replies":[{"embeddable":true,"href":"https:\/\/www.freidenker.org\/index.php?rest_route=%2Fwp%2Fv2%2Fcomments&post=6907"}],"version-history":[{"count":0,"href":"https:\/\/www.freidenker.org\/index.php?rest_route=\/wp\/v2\/posts\/6907\/revisions"}],"wp:featuredmedia":[{"embeddable":true,"href":"https:\/\/www.freidenker.org\/index.php?rest_route=\/wp\/v2\/media\/6909"}],"wp:attachment":[{"href":"https:\/\/www.freidenker.org\/index.php?rest_route=%2Fwp%2Fv2%2Fmedia&parent=6907"}],"wp:term":[{"taxonomy":"category","embeddable":true,"href":"https:\/\/www.freidenker.org\/index.php?rest_route=%2Fwp%2Fv2%2Fcategories&post=6907"},{"taxonomy":"post_tag","embeddable":true,"href":"https:\/\/www.freidenker.org\/index.php?rest_route=%2Fwp%2Fv2%2Ftags&post=6907"}],"curies":[{"name":"wp","href":"https:\/\/api.w.org\/{rel}","templated":true}]}}