{"id":6902,"date":"2019-09-03T01:18:30","date_gmt":"2019-09-02T23:18:30","guid":{"rendered":"https:\/\/www.freidenker.org\/?p=6902"},"modified":"2019-09-19T01:41:50","modified_gmt":"2019-09-18T23:41:50","slug":"auf-der-jagd-nach-geschichtsfaelschungen","status":"publish","type":"post","link":"https:\/\/www.freidenker.org\/?p=6902","title":{"rendered":"Auf der Jagd nach Geschichtsf\u00e4lschungen?"},"content":{"rendered":"<p><em>von <strong>Dr. Wolfgang Schacht<\/strong><\/em><\/p>\n<p>(Erstver\u00f6ffentlichung am 25.08.2019 auf <a href=\"http:\/\/www.dr-schacht.com\/Auf_der_Jagd_nach_Geschichtsfaelschungen.pdf\" target=\"_blank\" rel=\"noopener noreferrer\">www.dr-schacht.com<\/a>)<\/p>\n<p>In was f\u00fcr einer verkommenen Welt leben wir eigentlich? Da wendet sich doch tats\u00e4chlich ein in der Schweiz lebender d\u00e4nischer Politologe namens Niels Peter Ammitzboell \u201e<strong><em>angesichts aktueller Geschichtsverf\u00e4lschungen, die in ihrer Hauptstossrichtung den Engl\u00e4ndern die Schuld am 2. Weltkrieg zuschieben<\/em><\/strong>\u201c an ehemalige B\u00fcrger der DDR mit der Bitte \u201e<em>einen kompetenten Ansprechpartner zu nennen, <strong>da diese Kreise zunehmend in Deutschland Gewicht bekommen und man <\/strong>(<strong>ihnen<\/strong>, W.S.) <strong>etwas entgegen setzen muss<\/strong><\/em>\u201c. Wer ist Niels Peter Ammitzboell? Im wessen Auftrag handelt er, wer bezahlt ihn und warum ist er nicht in der Lage, die \u201eaktuellen Geschichtsf\u00e4lschungen\u201c der Autoren Nikolay Starikov aus Russland, Wolfgang Effenberger aus Deutschland, Patrik Walsh aus Irland, Gerry Docherty aus Schottland u.a. selbstst\u00e4ndig zu untersuchen und zu entschl\u00fcsseln? Kann er es nicht oder will er es nicht, weil er die Arbeiten der o.g. Autoren und Schriftsteller nicht gr\u00fcndlich gelesen bzw. nicht verstanden hat? Oder irren wir uns? Vielleicht sammelt er nur unwiderlegbare Beweise \u00fcber die Beteiligung der Angelsachsen (USA und Gro\u00dfbritannien) an der Vorbereitung des Zweiten Weltkrieges, d.h. wir sollen f\u00fcr ihn \u2013 wie in der Vergangenheit schon so oft \u2013 wieder einmal kostenlos die Arbeit machen?<\/p>\n<p>Im Internet (<a href=\"https:\/\/www.rubikon.news\/autoren\/niels-peter-ammitzboell\">https:\/\/www.rubikon.news\/autoren\/niels-peter-ammitzboell<\/a> ) finden wir \u00fcber den \u201eWahrheitsapostel\u201c die bemerkenswerten Worte \u201eNiels Peter Ammitzboell ist Erziehungs-wissenschaftler und Politologe. Er lebt als pensionierter Berufsfachschullehrer in der Schweiz, besch\u00e4ftigt sich neben der Ornithologie mit politischen Systemen <strong>im Hinblick auf ihre wirtschaftliche Gerechtigkeit und untersucht manipulative \u00c4nderungen von Geschichtsbildern unter dem Aspekt der jeweiligen Machtinteressen<\/strong>\u201c. Jetzt ist alles klar! Es handelt sich um eine anspruchsvolle und sehr lukrative Aufgabe, die ihn v\u00f6llig \u00fcberfordert und die er ohne fremde Hilfe nicht l\u00f6sen kann. Wessen Gerechtigkeit und wessen Machtinteressen er vertritt, das teilt er uns leider nicht mit.<\/p>\n<p>Bevor wir etwas \u00fcber das Buch von Nikolay Starikov \u201eWer hat HITLER gezwungen STALIN zu \u00fcberfallen?\u201c ( <a href=\"http:\/\/www.dr-schacht.com\/Starikov_Wer_hat_Hitler_gezwungen_STALIN_zu_ueberfallen.pdf\">http:\/\/www.dr-schacht.com\/Starikov_Wer_hat_Hitler_gezwungen_STALIN_zu_ueberfallen.pdf<\/a> \u00a0) sagen, m\u00fcssen wir anl\u00e4sslich des bevorstehenden 30. Jahrestages der Annexion der DDR durch die BRD unbedingt etwas sehr Konkretes <strong>\u00fcber die aktuellen F\u00e4lschungen unserer eigenen Geschichte<\/strong>, der Geschichte unseres ersten deutschen Arbeiter- und Bauernstaates, der Geschichte des ersten deutschen Friedensstaates, der Geschichte des ersten deutschen Staates ohne Ausbeutung des Menschen durch den Menschen sagen. Wir, die noch lebenden Zeitzeugen der Ergebnisse des Zweiten Weltkrieges, wir, die den heldenhaften Sieg der sowjetischen Armee unter der F\u00fchrung von Josef Stalin \u00fcber die st\u00e4rksten faschistischen Armeen Adolf Hitlers in Europa selbst erlebt haben, wir, welche die Gr\u00fcndung der DDR als einzige m\u00f6gliche Alternative zur Neuauflage des alten, verh\u00e4ngnisvollen, verbrecherischen und aggressiven kapitalistischen Ausbeutersystems in der BRD unterst\u00fctzt haben, wir, die unter \u00e4u\u00dferst schwierigen und extrem komplizierten wirtschaftlichen, ideologischen und politischen Bedingungen unseren Staat 40 Jahre erfolgreich aufgebaut haben, f\u00fchlen uns verpflichtet, den nach uns kommenden Generationen die Wahrheit und nichts als die Wahrheit \u00fcber unsere Geschichte zu sagen. Denn in unserem Alltag, in den bundesdeutschen Schulen, in den Hochschulen und Universit\u00e4ten, in den kapitalistischen Konzernen, Betrieben und Banken, von den Lobbyisten in der Politik, in allen Parteien und Massenmedien werden unsere Kinder und Kindeskinder niemals die Wahrheit erfahren. Niemals! Im Gegenteil! Sie werden \u2013 wie in den Jahren von 1933 \u2013 1945 in Hitler-Deutschland und wie in den Jahren von 1949 \u2013 1989 in der BRD (die DDR existierte noch!) \u2013 belogen, betrogen und nach Strich und Faden verar\u2026<\/p>\n<p>Von den Geschichtsf\u00e4lschern wird das Leben in der DDR auf \u201eMauerbau, Stasi, Unrechtsstaat, Mord- und Terrorregime\u201c reduziert und verunglimpft. Die Mehrheit der Menschen in unserem Staat, hat gl\u00fccklich, zufrieden und ohne Kriegseins\u00e4tze gelebt. Es gab keine Armut, keine Bettler, keine Obdachlosigkeit, keine Angst um den Arbeitsplatz, keine Leiharbeit, keine Zeitarbeit, keine befristeten Arbeitsvertr\u00e4ge. Wir wurden ohne Kostenbeteiligung gesundheitlich betreut und waren auch im Alter sozial abgesichert. Wir lebten in einem sozialistischen Rechtsstaat, in dem allein der Mensch im Mittelpunkt allen Strebens stand. Ein Streben nach Profit gab es nicht. Durch Volksabstimmung \u00fcber die Verfassung wurde das Volk der DDR zum Souver\u00e4n. Das Arbeitsgesetzbuch garantierte das Recht auf Mitbestimmung der Werkt\u00e4tigen in allen Betrieben. Wir besa\u00dfen ein Bildungssystem, das f\u00fcr ganz Europa vorbildlich war. Die Jugend hatte eine klare berufliche Perspektive \u2013 Lebensplanung und Gr\u00fcndung einer Familie mit Kindern waren deshalb kein Problem. Die DDR war v\u00f6lkerrechtlich als Staat anerkannt und Mitglied der UNO. Sie unterhielt zu fast 200 Staaten der Welt diplomatische Beziehungen. Wie ist das m\u00f6glich? Diplomatische Beziehungen mit einem Unrechtsstaat, mit einem Mord- und Terrorregime? Die DDR war, ist und bleibt die bisher gl\u00fccklichste Phase in der deutschen Geschichte [1].<\/p>\n<p>Ja, es ist wahr, im Jahre 1989 haben wir f\u00fcr den grenzenlosen \u201ewestlichen Konsum\u201c, f\u00fcr die grenzenlosen \u201ewestlichen Freiheiten\u201c und \u201ewestlichen Werte&#8220;, f\u00fcr das Geschw\u00e4tz \u00fcber \u201ebl\u00fchende Landschaften\u201c und f\u00fcr 100,- DM \u201eBegr\u00fc\u00dfungsgeld\u201c unseren ersten deutschen Arbeiter- und Bauernstaat mit einem erstmals im Aufbau befindlichen sozialistischen Gesellschaftssystem aufgegeben. Mit wehenden Fahnen und mit einer f\u00fcr viele Menschen in der DDR \u00fcberraschenden Losung \u201eWir sind <strong>ein <\/strong>Volk!\u201c (urspr\u00fcnglich \u201eWir sind <strong>das <\/strong>Volk!\u201c) sind wir zu unserem ideologischen und politischen Gegner i<em>n <\/em>die kapitalistische BRD \u00fcbergelaufen. Wie war das m\u00f6glich? Eine bedingungslose Kapitulation, die selbst nach 30 Jahren viele DDR-B\u00fcrger nicht begreifen und niemals verzeihen werden! Sind wir tats\u00e4chlich solche Dummk\u00f6pfe und Egoisten? Haben wir nichts aus unserer Geschichte gelernt? Diente der diskriminierende Anschluss der DDR an die BRD tats\u00e4chlich dem Wohle unserer Kinder und Kindeskinder? Nein! Nie und nimmer!<\/p>\n<p>Ja, es stimmt, dass uns die Sowjetunion nach ihrem ruhmreichen Sieg \u00fcber den Faschismus in Europa, die neue sozialistische Gesellschaftsordnung de facto auf einem Tablett serviert hat. Schwere K\u00e4mpfe zum Sturz der alten faschistischen Staatsmacht \u2013 wie die kubanische Revolution zum Sturz des Diktators Fulgencio Batista durch Fidel Castro im Jahre 1959 \u2013 gab es im Nachkriegsdeutschland nicht. Ist dieser Sachverhalt auch ein entscheidender Grund daf\u00fcr, dass sich viele B\u00fcrgerinnen und B\u00fcrger der DDR mit ihrem Staat nicht identifizierten und sich so leicht und schnell vom Sozialismus in der DDR abgewandt haben? Haben wir den ideologischen und politischen Kampf um die K\u00f6pfe unserer Menschen, der sich \u00fcber das \u201eSchaufenster BRD\u201c und das \u201eSchaufenster DDR\u201c mit Hilfe der Fernseh- und Radiokan\u00e4le vollzog, untersch\u00e4tzt und deshalb verloren? Warum haben wir die so genannten Andersdenkenden und politischen Gegner der DDR nach Zahlung eines Pauschalbetrages (z.B. f\u00fcr ein in Anspruch genommenes Hoch- oder Fachschulstudium) nicht gro\u00dfz\u00fcgig ausreisen lassen? So wie es Fidel Castro praktiziert hat! Inzwischen wissen wir: Die Mehrzahl der ausgereisten DDR-B\u00fcrger w\u00e4re angesichts der Wirtschaftskrise und der harten Lebensbedingungen in der BRD schnell wieder in die DDR zur\u00fcckgekehrt. Der Stolz auf unsere sozialen Errungenschaften w\u00fcrde mit jedem R\u00fcckkehrer wachsen. \u00dcber den Blick nach dem \u201eGoldenen Westen\u201c brauchten wir uns keine Sorgen zu machen. Nat\u00fcrlich ist das aus heutiger Sicht nur eine Fiktion und ein Traum.<\/p>\n<p>Ja, es ist richtig, dass wir uns im br\u00fcderlichen B\u00fcndnis mit der Sowjetunion und mit ihren m\u00e4chtigen Streitkr\u00e4ften relativ sicher f\u00fchlten, dass wir uns im Vergleich mit ihnen auf vielen Gebieten f\u00fcr \u201eunschlagbar\u201c und sogar \u201e\u00fcberlegen\u201c hielten. Selbst\u00fcbersch\u00e4tzung und Arroganz waren in bestimmten Kreisen unserer Gesellschaft nicht mehr zu \u00fcbersehen. Schon im Alten Testament der Bibel steht geschrieben \u201eHochmut kommt vor dem Fall\u201c. Diese uralte Weisheit der Menschheit war offensichtlich nicht besonders aktuell, ihr wurde deshalb nicht die erforderliche Aufmerksamkeit geschenkt.<\/p>\n<p>Ja, es ist bedauerlich, dass es ein Szenarium f\u00fcr das zeitweilige \u00dcberleben der DDR ohne die Sowjetunion nicht gab, denn dieser Fall war utopisch, absurd und v\u00f6llig undenkbar! Mit Ihren planm\u00e4\u00dfig gro\u00dfen Lieferungen von Erd\u00f6l, Erdgas und Elektroenergie, von Walzstahl, Roheisen, Schnittholz, Aluminium, Kupfer, Ferrolegierungen, Blei, Zellstoff, Papier und Baumwolle sowie von Fahrzeugen, Flugzeugen, Maschinen und verschiedenen Ausr\u00fcstungen hat uns die Sowjetunion mehr als 40 Jahre die planm\u00e4\u00dfige Entwicklung unserer Volkswirtschaft und unseren relativ hohen Lebensstandard gesichert [2]. Das d\u00fcrfen wir niemals vergessen!<\/p>\n<p>Seit 30 Jahren leben wir in einem Staat, in dem die S\u00f6hne und T\u00f6chter bzw. die Enkelkinder der alten Finanz- und Monopolkapitalisten und der Aristokratie die Macht aus\u00fcben, d.h. in einer menschenverachtenden und menschenfeindlichen, verlogenen und heuchlerischen, unmoralischen und verdorbenen, egoistischen und geldgierigen Gesellschaft. Alle bedeutenden \u00f6ffentlichen \u00c4mter und gro\u00dfen Unternehmen werden von B\u00fcrgern aus den alten Bundesl\u00e4ndern gef\u00fchrt. Ausnahmen best\u00e4tigen diese Regel.<\/p>\n<p>Alles was die DDR in harter Arbeit unter uns\u00e4glichen Entbehrungen durch die flei\u00dfige Arbeit von Millionen Menschen geschaffen hat, wurde von korrupten und kriminellen Managern und Politikern verramscht, von der \u201eTreuhand\u201c an private Investoren verschachert, in der Regel geschlossen, abgebaut und verschrottet. Die Vernichtung des gesamten Industriekapitals der DDR ist und bleibt das gr\u00f6\u00dfte Verbrechen in der Wirtschaftsgeschichte Deutschlands.<\/p>\n<p>In den Zentren der Macht ist der alte deutsche Ungeist, die menschliche K\u00e4lte, die grenzenlose Dummheit und Arroganz, der Zynismus und die Heuchelei, der Geiz und die Geldgier in einer einzigartigen Form und Mischung konzentriert. Mit erschlagender Offenheit wird von den so genannten F\u00fchrungskr\u00e4ften behauptet, dass sie \u2013 wie schon die Junker \u2013 dank ihrer Gene dazu berufen sind, uns \u2013 ihre Untertanen \u2013 zu f\u00fchren. Ihr wichtigstes Machtinstrument \u201eTeile und herrsche!\u201c wird von ihnen in allen Bereichen der Gesellschaft mit einer perfiden Perfektion pausenlos praktiziert.<\/p>\n<p>Die Geschichte wird von den \u201eSiegern des kalten Krieges\u201c neu geschrieben. So erfahren wir, dass Josef Stalin<\/p>\n<ul>\n<li>die ganze Welt erobern wollte;<\/li>\n<li>Adolf Hitler geholfen hat, in Deutschland an die Macht zu kommen;<\/li>\n<li>hinsichtlich seiner Verbrechen mit Adolf Hitler auf eine Stufe gestellt werden muss;<\/li>\n<li>mit Hilfe des Nichtangriffspaktes (Molotow \u2013 Ribbentrop \u2013 Pakt) den Zweiten Weltkrieg provoziert hat;<\/li>\n<li>angesichts seiner Eroberungspl\u00e4ne den Zweiten Weltkrieg verloren hat.<\/li>\n<\/ul>\n<p>Auch die Hetze gegen die DDR, die Verleumdung ihrer gro\u00dfen wirtschaftlichen, politischen und sozialen Erfolge und die st\u00e4ndigen Beleidigungen ihrer B\u00fcrgerinnen und B\u00fcrger durch die kapitalistischen Massenmedien der BRD haben in den letzten Jahrzehnten beispiellose Z\u00fcge angenommen. Es wird alles Erdenkliche unternommen, um auch die letzten positiven Erinnerungen an unseren Arbeiter- und Bauernstaat \u201e\u2026 mit Stumpf und Stiel \u2026\u201c auszurotten.<\/p>\n<p>&nbsp;<\/p>\n<p><img data-recalc-dims=\"1\" loading=\"lazy\" decoding=\"async\" data-attachment-id=\"6903\" data-permalink=\"https:\/\/www.freidenker.org\/?attachment_id=6903\" data-orig-file=\"https:\/\/i0.wp.com\/www.freidenker.org\/fw17\/wp-content\/uploads\/2019\/09\/schacht_umfrage_wk2.jpg?fit=837%2C590&amp;ssl=1\" data-orig-size=\"837,590\" data-comments-opened=\"0\" data-image-meta=\"{&quot;aperture&quot;:&quot;0&quot;,&quot;credit&quot;:&quot;&quot;,&quot;camera&quot;:&quot;&quot;,&quot;caption&quot;:&quot;&quot;,&quot;created_timestamp&quot;:&quot;0&quot;,&quot;copyright&quot;:&quot;&quot;,&quot;focal_length&quot;:&quot;0&quot;,&quot;iso&quot;:&quot;0&quot;,&quot;shutter_speed&quot;:&quot;0&quot;,&quot;title&quot;:&quot;&quot;,&quot;orientation&quot;:&quot;1&quot;}\" data-image-title=\"schacht_umfrage_wk2\" data-image-description=\"\" data-image-caption=\"\" data-large-file=\"https:\/\/i0.wp.com\/www.freidenker.org\/fw17\/wp-content\/uploads\/2019\/09\/schacht_umfrage_wk2.jpg?fit=800%2C564&amp;ssl=1\" class=\"alignnone wp-image-6903 size-full\" src=\"https:\/\/i0.wp.com\/www.freidenker.org\/fw17\/wp-content\/uploads\/2019\/09\/schacht_umfrage_wk2.jpg?resize=800%2C564&#038;ssl=1\" alt=\"\" width=\"800\" height=\"564\" srcset=\"https:\/\/i0.wp.com\/www.freidenker.org\/fw17\/wp-content\/uploads\/2019\/09\/schacht_umfrage_wk2.jpg?w=837&amp;ssl=1 837w, https:\/\/i0.wp.com\/www.freidenker.org\/fw17\/wp-content\/uploads\/2019\/09\/schacht_umfrage_wk2.jpg?resize=300%2C211&amp;ssl=1 300w, https:\/\/i0.wp.com\/www.freidenker.org\/fw17\/wp-content\/uploads\/2019\/09\/schacht_umfrage_wk2.jpg?resize=768%2C541&amp;ssl=1 768w\" sizes=\"auto, (max-width: 800px) 100vw, 800px\" \/><br \/>\n<em><span style=\"font-size: 10pt;\">Grafik: Wolfgang Schacht<\/span><\/em><\/p>\n<p>Je gr\u00f6\u00dfer die L\u00fcge, desto mehr Menschen glauben ihr. Die oben dargestellten Ergebnisse einer repr\u00e4sentativen Umfrage in Deutschland, Frankreich und in Gro\u00dfbritannien aus dem Jahre 2017 \u201eWelche Armee welchen Landes hat bei der Befreiung Europas vom Faschismus die entscheidende Rolle gespielt?\u201c zeigen das erschreckende Resultat einer Geschichtsl\u00fcge des herrschenden Establishments.<\/p>\n<p>Das Buch von Nikolay Starikov \u201eWer hat HITLER gezwungen STALIN zu \u00fcberfallen?\u201c behandelt die Frage: Wer hat Hitler zu dem selbstm\u00f6rderischen \u00dcberfall auf Stalin getrieben? Es handelt von den Ursachen, Hintergr\u00fcnden und Inspiratoren der gr\u00f6\u00dften Katastrophe in der Geschichte Russlands, die am 22. Juni 1941 mit dem \u00dcberfall auf die Sowjetunion begann. Es entlarvt jene, die Hitler und seiner Partei schon w\u00e4hrend der Weltwirtschaftskrise das Geld gaben und ihm halfen, an die Macht zu kommen. Ziel der Macht\u00fcbernahme Hitlers war der \u00dcberfall auf die UdSSR, d.h. die \u201eKorrektur\u201c der Macht\u00fcbernahme der Bolschewiki in Russland. Auf der Grundlage eines umfangreichen Fakten- und Tatsachenmaterials, das der Leser unbedingt lesen und studieren sollte, wird in diesem Buch der logische Zusammenhang der historischen Ereignisse vom September 1919 bis zum 22. Juni 1941 dargelegt. Im Ergebnis erkennt der Leser, wer der wahre Brandstifter des Zweiten Weltkrieges ist, d.h. wer gemeinsam mit den Nazis in Europa die Verantwortung f\u00fcr die ungeheuerlichen Verbrechen tr\u00e4gt.<\/p>\n<p>( <a href=\"http:\/\/www.dr-schacht.com\/Starikov_Wer_hat_Hitler_gezwungen_STALIN_zu_ueberfallen.pdf\">http:\/\/www.dr-schacht.com\/Starikov_Wer_hat_Hitler_gezwungen_STALIN_zu_ueberfallen.pdf<\/a> )<\/p>\n<p>Die vom d\u00e4nischen Politologe Niels Peter Ammitzboell ohne jegliche Analyse des Fakten- und Tatsachenmaterials getroffene Behauptung, bei dem im Buch von Nikolay Starikov getroffenen Aussagen handle es sich um \u201eaktuelle Geschichtsf\u00e4lschungen\u201c, ist eine einzige L\u00fcge. Der Autor und der \u00dcbersetzer des Buches \u201eWer hat HITLER gezwungen STALIN zu \u00fcberfallen?\u201c sind gespannt, wie Herr Ammitzboell nach dem Studium aller historischen Dokumente seine Aussage \u00fcber \u201eaktuelle Geschichtsf\u00e4lschungen\u201c beweisen will.<\/p>\n<p>\u201eWer die Wahrheit nicht wei\u00df, der ist blo\u00df ein Dummkopf. Aber wer sie wei\u00df und sie eine L\u00fcge nennt, der ist ein Verbrecher!\u201c (Bertolt Brecht).<\/p>\n<p>Der Politologe Niels Peter Ammitzboell ist nicht der Prinz von D\u00e4nemark. Trotzdem m\u00fcssen wir in Anlehnung an den gro\u00dfen Dramatiker William Shakespeares auf Grund seiner begonnenen Jagd auf \u201eaktuelle Geschichtsf\u00e4lschungen\u201c feststellen \u201eEtwas ist faul im Staate D\u00e4nemark!\u201c.<\/p>\n<p style=\"text-align: right;\"><em>Dr. Wolfgang Schacht 25. August 2019<\/em><\/p>\n<p><strong>Quellen<\/strong><\/p>\n<p>[1] Fritz, Alfred, <strong><em>\u201e<\/em>Antwort zu L\u00fcgen \u00fcber die DDR und zu den Grenzsicherungsma\u00dfnahmen\u201c<br \/>\n<\/strong><a href=\"http:\/\/www.k-p-d-online.de\/index.php\/aktuell\/partei\/311-antwort-zu-luegen-ueber-die-ddr-und-zu-den-grenzsicherungsmassnahmen\">http:\/\/www.k-p-d-online.de\/index.php\/aktuell\/partei\/311-antwort-zu-luegen-ueber-die-ddr-und-zu-den-grenzsicherungsmassnahmen<\/a><\/p>\n<p>[2] Krenz, Egon, \u201e<strong>Wir und die Russen <\/strong>\u2013 Die Beziehungen zwischen Berlin und Moskau im Herbst \u02bc89\u201c, edition ost 2019<\/p>\n<p>&nbsp;<\/p>\n<hr \/>\n<p><span style=\"font-size: 10pt;\">Bild: Wandbild &#8222;Der Weg der roten Fahne&#8220; am Kulturpalast Dresden von Gerhard Bondzin (1969)<\/span><br \/>\n<span style=\"font-size: 10pt;\">Foto: Jens Oldenburg<\/span><\/p>\n<p>&nbsp;<\/p>\n","protected":false},"excerpt":{"rendered":"<p><b>Beitrag von Dr. Wolfgang Schacht<\/b><br \/>\nIn was f\u00fcr einer verkommenen Welt leben wir eigentlich? Da wendet sich doch tats\u00e4chlich ein in der Schweiz lebender d\u00e4nischer Politologe namens Niels Peter Ammitzboell \u201eangesichts aktueller Geschichtsverf\u00e4lschungen, die in ihrer Hauptstossrichtung den Engl\u00e4ndern die Schuld am 2. Weltkrieg zuschieben\u201c an ehemalige B\u00fcrger der DDR mit der Bitte \u201eeinen kompetenten Ansprechpartner zu nennen, da diese Kreise zunehmend in Deutschland Gewicht bekommen und man etwas entgegen setzen muss\u201c. Wer ist Niels Peter Ammitzboell? Im wessen Auftrag handelt er, wer bezahlt ihn und warum ist er nicht in der Lage, die \u201eaktuellen Geschichtsf\u00e4lschungen\u201c &#8230; selbstst\u00e4ndig zu untersuchen und zu entschl\u00fcsseln?<\/p>\n","protected":false},"author":3,"featured_media":6905,"comment_status":"closed","ping_status":"closed","sticky":false,"template":"","format":"standard","meta":{"colormag_page_container_layout":"default_layout","colormag_page_sidebar_layout":"default_layout","advanced_seo_description":"","jetpack_seo_html_title":"","jetpack_seo_noindex":false,"jetpack_post_was_ever_published":false,"footnotes":""},"categories":[12,1162],"tags":[455,454,452,572,430],"class_list":["post-6902","post","type-post","status-publish","format-standard","has-post-thumbnail","hentry","category-demokratie-medien-aufklaerung","category-geschichte","tag-brd","tag-ddr","tag-deutschland","tag-geschichtsfaelschung","tag-sowjetunion"],"jetpack_featured_media_url":"https:\/\/i0.wp.com\/www.freidenker.org\/fw17\/wp-content\/uploads\/2019\/09\/weg-der-roten-fahne_800x445.jpg?fit=800%2C445&ssl=1","jetpack_shortlink":"https:\/\/wp.me\/p9stpK-1Nk","jetpack-related-posts":[{"id":7647,"url":"https:\/\/www.freidenker.org\/?p=7647","url_meta":{"origin":6902,"position":0},"title":"\u201eAngebliche Pleite der DDR ist ein M\u00e4rchen\u201c","author":"Webredaktion","date":"4. M\u00e4rz 2020","format":false,"excerpt":"Beitrag von Tilo Gr\u00e4ser \u00fcber ein Gespr\u00e4ch mit Klaus Blessing Die DDR sei 1989 eine \u201ebankrotte und ausgelaugte Ruine\u201c gewesen, behauptete die Journalistin Ulrike Herrmann 2019. Deshalb sei das Handeln der Treuhandanstalt alternativlos gewesen. ... F\u00fcr den Wirtschaftsexperten Klaus Blessing wirkt das, als sei es notwendig, diese Legenden von der\u2026","rel":"","context":"In &quot;Arbeit &amp; Soziales&quot;","block_context":{"text":"Arbeit &amp; Soziales","link":"https:\/\/www.freidenker.org\/?cat=11"},"img":{"alt_text":"","src":"https:\/\/i0.wp.com\/www.freidenker.org\/fw17\/wp-content\/uploads\/2020\/03\/Leuna-Werke_800x445.jpg?fit=800%2C445&ssl=1&resize=350%2C200","width":350,"height":200,"srcset":"https:\/\/i0.wp.com\/www.freidenker.org\/fw17\/wp-content\/uploads\/2020\/03\/Leuna-Werke_800x445.jpg?fit=800%2C445&ssl=1&resize=350%2C200 1x, https:\/\/i0.wp.com\/www.freidenker.org\/fw17\/wp-content\/uploads\/2020\/03\/Leuna-Werke_800x445.jpg?fit=800%2C445&ssl=1&resize=525%2C300 1.5x, https:\/\/i0.wp.com\/www.freidenker.org\/fw17\/wp-content\/uploads\/2020\/03\/Leuna-Werke_800x445.jpg?fit=800%2C445&ssl=1&resize=700%2C400 2x"},"classes":[]},{"id":7009,"url":"https:\/\/www.freidenker.org\/?p=7009","url_meta":{"origin":6902,"position":1},"title":"Was war und was bleibt","author":"Webredaktion","date":"19. September 2019","format":false,"excerpt":"Beitrag von Egon Krenz aus FREIDENKER 3-19 Als Heranwachsender habe ich noch Plakate der Nazis gesehen, auf denen Russen mit einem Messer im Mund als Untermenschen gezeigt wurden. ... Wenn 1990 das Verst\u00e4ndnis vieler Russen f\u00fcr die deutsche Einheit vorhanden war, dann auch deshalb, weil die DDR das Wort \u201eDeutscher\u201c\u2026","rel":"","context":"In &quot;Frieden - Antifaschismus - Solidarit\u00e4t&quot;","block_context":{"text":"Frieden - Antifaschismus - Solidarit\u00e4t","link":"https:\/\/www.freidenker.org\/?cat=13"},"img":{"alt_text":"","src":"https:\/\/i0.wp.com\/www.freidenker.org\/fw17\/wp-content\/uploads\/2019\/09\/egon_krenz_325704007_800x445.jpg?fit=800%2C445&ssl=1&resize=350%2C200","width":350,"height":200,"srcset":"https:\/\/i0.wp.com\/www.freidenker.org\/fw17\/wp-content\/uploads\/2019\/09\/egon_krenz_325704007_800x445.jpg?fit=800%2C445&ssl=1&resize=350%2C200 1x, https:\/\/i0.wp.com\/www.freidenker.org\/fw17\/wp-content\/uploads\/2019\/09\/egon_krenz_325704007_800x445.jpg?fit=800%2C445&ssl=1&resize=525%2C300 1.5x, https:\/\/i0.wp.com\/www.freidenker.org\/fw17\/wp-content\/uploads\/2019\/09\/egon_krenz_325704007_800x445.jpg?fit=800%2C445&ssl=1&resize=700%2C400 2x"},"classes":[]},{"id":9915,"url":"https:\/\/www.freidenker.org\/?p=9915","url_meta":{"origin":6902,"position":2},"title":"Kundgebungen zum 135. Geburtstag von Ernst Th\u00e4lmann","author":"Webredaktion","date":"21. April 2021","format":false,"excerpt":"Anl\u00e4sslich des 135. Geburtstages von Ernst Th\u00e4lmann fanden am 17. und 18. April 2021 Kundgebungen am Ernst-Th\u00e4lmann-Denkmal in Berlin sowie vor dem Gel\u00e4nde der gesch\u00e4ndeten und zerst\u00f6rten Ernst-Th\u00e4lmann-Gedenkst\u00e4tte in Ziegenhals statt. Auf der Kundgebung am 17. April in Berlin sprach Hans Bauer, Vorsitzender der Gesellschaft zur Rechtlichen und Humanit\u00e4ren Unterst\u00fctzung\u2026","rel":"","context":"In &quot;Frieden - Antifaschismus - Solidarit\u00e4t&quot;","block_context":{"text":"Frieden - Antifaschismus - Solidarit\u00e4t","link":"https:\/\/www.freidenker.org\/?cat=13"},"img":{"alt_text":"","src":"https:\/\/i0.wp.com\/www.freidenker.org\/fw17\/wp-content\/uploads\/2021\/04\/thaelmann_2021_800x450_v3.jpg?fit=800%2C450&ssl=1&resize=350%2C200","width":350,"height":200,"srcset":"https:\/\/i0.wp.com\/www.freidenker.org\/fw17\/wp-content\/uploads\/2021\/04\/thaelmann_2021_800x450_v3.jpg?fit=800%2C450&ssl=1&resize=350%2C200 1x, https:\/\/i0.wp.com\/www.freidenker.org\/fw17\/wp-content\/uploads\/2021\/04\/thaelmann_2021_800x450_v3.jpg?fit=800%2C450&ssl=1&resize=525%2C300 1.5x, https:\/\/i0.wp.com\/www.freidenker.org\/fw17\/wp-content\/uploads\/2021\/04\/thaelmann_2021_800x450_v3.jpg?fit=800%2C450&ssl=1&resize=700%2C400 2x"},"classes":[]},{"id":22764,"url":"https:\/\/www.freidenker.org\/?p=22764","url_meta":{"origin":6902,"position":3},"title":"Bundeskanzler Merz, Putin und die Geografie","author":"Webredaktion","date":"7. September 2025","format":false,"excerpt":"Beitrag von Dagmar Henn Wom\u00f6glich l\u00f6st Bundeskanzler Friedrich Merz mit einer Aussage in seinem Interview mit dem franz\u00f6sischen Sender TF1 ganz andere Empfindungen aus, als er beabsichtigt. Denn neben seiner Betonung, er wolle wieder eine Wehrpflicht\u00a0\u2012 auch f\u00fcr Frauen \u2012, lieferte er auch noch eine eigenartige Begr\u00fcndung. So zitiert das\u2026","rel":"","context":"In &quot;Demokratie \u2013 Medien \u2013 Aufkl\u00e4rung&quot;","block_context":{"text":"Demokratie \u2013 Medien \u2013 Aufkl\u00e4rung","link":"https:\/\/www.freidenker.org\/?cat=12"},"img":{"alt_text":"","src":"https:\/\/i0.wp.com\/www.freidenker.org\/fw17\/wp-content\/uploads\/2025\/09\/Merz_Grenzen1937.jpg?fit=800%2C450&ssl=1&resize=350%2C200","width":350,"height":200,"srcset":"https:\/\/i0.wp.com\/www.freidenker.org\/fw17\/wp-content\/uploads\/2025\/09\/Merz_Grenzen1937.jpg?fit=800%2C450&ssl=1&resize=350%2C200 1x, https:\/\/i0.wp.com\/www.freidenker.org\/fw17\/wp-content\/uploads\/2025\/09\/Merz_Grenzen1937.jpg?fit=800%2C450&ssl=1&resize=525%2C300 1.5x, https:\/\/i0.wp.com\/www.freidenker.org\/fw17\/wp-content\/uploads\/2025\/09\/Merz_Grenzen1937.jpg?fit=800%2C450&ssl=1&resize=700%2C400 2x"},"classes":[]},{"id":23564,"url":"https:\/\/www.freidenker.org\/?p=23564","url_meta":{"origin":6902,"position":4},"title":"Der Demagoge im Schloss Bellevue","author":"Webredaktion","date":"15. November 2025","format":false,"excerpt":"Ein Kommentar von Tilo Gr\u00e4ser. \u201eWer die Wahrheit nicht wei\u00df, der ist blo\u00df ein Dummkopf. Aber wer sie wei\u00df und sie eine L\u00fcge nennt, der ist ein Verbrecher!\u201c An diese Erkenntnis von Bertolt Brecht, die er im St\u00fcck \u201eDas Leben des Galilei\u201c niederschrieb, musste ich angesichts der j\u00fcngsten Rede von\u2026","rel":"","context":"In &quot;Demokratie \u2013 Medien \u2013 Aufkl\u00e4rung&quot;","block_context":{"text":"Demokratie \u2013 Medien \u2013 Aufkl\u00e4rung","link":"https:\/\/www.freidenker.org\/?cat=12"},"img":{"alt_text":"","src":"https:\/\/i0.wp.com\/www.freidenker.org\/fw17\/wp-content\/uploads\/2025\/11\/2025-09-16_Event_80._Deutscher_Fuersorgetag_STP_6679_800x450.jpg?fit=800%2C450&ssl=1&resize=350%2C200","width":350,"height":200,"srcset":"https:\/\/i0.wp.com\/www.freidenker.org\/fw17\/wp-content\/uploads\/2025\/11\/2025-09-16_Event_80._Deutscher_Fuersorgetag_STP_6679_800x450.jpg?fit=800%2C450&ssl=1&resize=350%2C200 1x, https:\/\/i0.wp.com\/www.freidenker.org\/fw17\/wp-content\/uploads\/2025\/11\/2025-09-16_Event_80._Deutscher_Fuersorgetag_STP_6679_800x450.jpg?fit=800%2C450&ssl=1&resize=525%2C300 1.5x, https:\/\/i0.wp.com\/www.freidenker.org\/fw17\/wp-content\/uploads\/2025\/11\/2025-09-16_Event_80._Deutscher_Fuersorgetag_STP_6679_800x450.jpg?fit=800%2C450&ssl=1&resize=700%2C400 2x"},"classes":[]},{"id":16821,"url":"https:\/\/www.freidenker.org\/?p=16821","url_meta":{"origin":6902,"position":5},"title":"Wer gef\u00e4hrdet den Frieden?","author":"Webredaktion","date":"12. August 2023","format":false,"excerpt":"Diffamierung, Zensur und Strafverfolgung treffen Kriegsgegner. Dabei sitzen die Volksverhetzer im Bundestag Beitrag von von Hans Bauer Wer Zweifel an der Politik der deutschen Machthaber \u00f6ffentlich \u00e4u\u00dfert, hat keine guten Karten. Schlimmer ist es, Ursachen und Anlass des Ukraine-Krieges anders zu sehen als amtlich verordnet. Die offiziellen Reaktionen reichen von\u2026","rel":"","context":"In &quot;Frieden - Antifaschismus - Solidarit\u00e4t&quot;","block_context":{"text":"Frieden - Antifaschismus - Solidarit\u00e4t","link":"https:\/\/www.freidenker.org\/?cat=13"},"img":{"alt_text":"","src":"https:\/\/i0.wp.com\/www.freidenker.org\/fw17\/wp-content\/uploads\/2023\/08\/keine_angst_vor_putin_800x445_v2.jpg?fit=800%2C445&ssl=1&resize=350%2C200","width":350,"height":200,"srcset":"https:\/\/i0.wp.com\/www.freidenker.org\/fw17\/wp-content\/uploads\/2023\/08\/keine_angst_vor_putin_800x445_v2.jpg?fit=800%2C445&ssl=1&resize=350%2C200 1x, https:\/\/i0.wp.com\/www.freidenker.org\/fw17\/wp-content\/uploads\/2023\/08\/keine_angst_vor_putin_800x445_v2.jpg?fit=800%2C445&ssl=1&resize=525%2C300 1.5x, https:\/\/i0.wp.com\/www.freidenker.org\/fw17\/wp-content\/uploads\/2023\/08\/keine_angst_vor_putin_800x445_v2.jpg?fit=800%2C445&ssl=1&resize=700%2C400 2x"},"classes":[]}],"_links":{"self":[{"href":"https:\/\/www.freidenker.org\/index.php?rest_route=\/wp\/v2\/posts\/6902","targetHints":{"allow":["GET"]}}],"collection":[{"href":"https:\/\/www.freidenker.org\/index.php?rest_route=\/wp\/v2\/posts"}],"about":[{"href":"https:\/\/www.freidenker.org\/index.php?rest_route=\/wp\/v2\/types\/post"}],"author":[{"embeddable":true,"href":"https:\/\/www.freidenker.org\/index.php?rest_route=\/wp\/v2\/users\/3"}],"replies":[{"embeddable":true,"href":"https:\/\/www.freidenker.org\/index.php?rest_route=%2Fwp%2Fv2%2Fcomments&post=6902"}],"version-history":[{"count":0,"href":"https:\/\/www.freidenker.org\/index.php?rest_route=\/wp\/v2\/posts\/6902\/revisions"}],"wp:featuredmedia":[{"embeddable":true,"href":"https:\/\/www.freidenker.org\/index.php?rest_route=\/wp\/v2\/media\/6905"}],"wp:attachment":[{"href":"https:\/\/www.freidenker.org\/index.php?rest_route=%2Fwp%2Fv2%2Fmedia&parent=6902"}],"wp:term":[{"taxonomy":"category","embeddable":true,"href":"https:\/\/www.freidenker.org\/index.php?rest_route=%2Fwp%2Fv2%2Fcategories&post=6902"},{"taxonomy":"post_tag","embeddable":true,"href":"https:\/\/www.freidenker.org\/index.php?rest_route=%2Fwp%2Fv2%2Ftags&post=6902"}],"curies":[{"name":"wp","href":"https:\/\/api.w.org\/{rel}","templated":true}]}}