{"id":689,"date":"2012-07-17T17:45:53","date_gmt":"2012-07-17T15:45:53","guid":{"rendered":"http:\/\/www.freidenker.org\/fw17\/?p=689"},"modified":"2018-02-18T14:18:04","modified_gmt":"2018-02-18T13:18:04","slug":"befreiungstheologen-contra-vatikan","status":"publish","type":"post","link":"https:\/\/www.freidenker.org\/?p=689","title":{"rendered":"Befreiungstheologen contra Vatikan"},"content":{"rendered":"<p><em>von Klaus Hartmann<\/em><\/p>\n<p class=\"FliesstextohneEinzug\"><em>Dieser Beitrag erschien im <a href=\"https:\/\/www.freidenker.org\/?p=758\">FREIDENKER 2-12<\/a> &#8222;Unser Amerika&#8220;.<\/em><\/p>\n<p class=\"FliesstextohneEinzug\">Fidel Castro bemerkte k\u00fcrzlich \u00fcber die Pr\u00e4sidenten Ecuadors und Venezuelas: \u201eBeide, Rafael Correa und Hugo Ch\u00e1vez, sind Christen\u201c (Reflexionen 3. Mai 2012).<\/p>\n<p class=\"FliesstextEinzug\">Ihre politischen \u00dcberzeugungen speisen sich aus der traditionsreichen Theologie der Befreiung, der Kirche f\u00fcr die Armen in Lateinamerika. Einer ihrer bekanntesten Vertreter ist Ernesto Cardenal aus Nicaragua, Dichter und suspendierter katholischer Priester. Er war Gast beim Parteitag der Partei Die Linke 2010 in Rostock, wo er seine \u00dcberzeugungen zusammenfasste:<\/p>\n<p class=\"FliesstextEinzug\">\u201eEs ist eine Tatsache, dass die Bibel die Reichen immer wieder verurteilt, auch wenn die Bibel\u00fcbersetzungen dies oft verf\u00e4lschen. Nicht selten wird \u201eReiche\u201c mit \u201e\u00dcbelt\u00e4ter\u201c \u00fcbersetzt, womit die Verurteilung versteckt wird: Es ist sicher nicht falsch, \u201e\u00dcbelt\u00e4ter\u201c zu verurteilen. Auch in Deutschland \u00fcbt sich die Z\u00fcricher Bibel, eine der verbreitetesten hier, in dieser Praxis des Versteckens, und dort, wo der Text von \u201eReichen\u201c spricht, steht \u201e\u00dcbelt\u00e4ter\u201c. Die Reichen sind in der Bibel die \u201eUngerechten\u201c.<\/p>\n<p class=\"FliesstextEinzug\">Oft wird die Bibel auch bewusst gef\u00e4lscht (auch die Z\u00fcricher Bibel), indem \u201eungerecht\u201c mit \u201egottlos\u201c \u00fcbersetzt wird. Auf diese Weise wird der Eindruck erweckt, als ob die Atheisten verurteilt w\u00fcrden, nicht die Reichen. Auch wenn viele dieser Reichen der Bibel keine Atheisten sind.<\/p>\n<p class=\"FliesstextEinzug\">Es ist l\u00e4ngst \u00fcberf\u00e4llig, dass Christen und Marxisten zusammengehen, so wie es der Pal\u00e4ontologe und Mystiker Teilhard de Chardin schon prophezeite. Wir Christen sind sp\u00e4t zum Marxismus gekommen, aber wir sind gekommen, um zu bleiben. Besser gesagt, wir sind zu unseren Wurzeln zur\u00fcckgekehrt.<\/p>\n<p class=\"FliesstextEinzug\">Vom Kommunismus kommen wir her. Kommunistisch sind unsere Wurzeln, die Heiligen V\u00e4ter. Die Menschheit war sozialistisch, bis das Privateigentum entstand. Der Theologe Leonardo Boff hat Recht, wenn er sagt: ,Die sozialistischen Ideale sind tief in diesem politischen Wesen verwurzelt, das der Mensch ist. Dort werden gef\u00e4hrliche Utopien gen\u00e4hrt.\u2018\u201c<\/p>\n<p class=\"FliesstextEinzug\">In einem anschlie\u00dfenden Interview fragte die Zeitung \u201eNeues Deutschland\u201c (26. Mai 2010):<\/p>\n<p class=\"FliesstextEinzug\"><span class=\"kursiv\">\u201eUnvergessen sind die Bilder, als Sie Papst Johannes Paul II. 1983 bei seinem Besuch in Nicaragua mit der erhobenen Faust gr\u00fc\u00dften und er Ihnen mit dem Finger drohte. 1985 hat er Sie dann als katholischer Priester suspendiert. Warum haben Sie sich nie um eine Rehabilitierung bem\u00fcht?\u201c<\/span><\/p>\n<p class=\"FliesstextEinzug\">Ernesto Cardenal antwortete: \u201eDer Vatikan hat mich dazu verurteilt, dass ich die Sakramente nicht mehr austeilen darf. Das macht mir nichts aus, denn ich bin nicht Priester geworden, um nur die Sakramente auszuteilen, sondern um ein kontemplatives Leben zu f\u00fchren. Und deswegen besteht keine Notwendigkeit, dass ich vor dem Papst bitte, die Sanktionen aufzuheben. Ich werde vor ihm nicht in die Knie gehen.\u201c<\/p>\n<p class=\"FliesstextEinzug\">Der von Cardenal erw\u00e4hnte Leonardo Boff ist katholischer Theologe aus Brasilien ein weiterer zentraler Vertreter der Befreiungstheologie. Josef Ratzinger als Pr\u00e4fekt der Glaubenskongregation (Nachfolgeorganisation der Hl. Inquisition), erlegte Boff 1985 ein einj\u00e4hriges \u201eBu\u00dfschweigen\u201c auf und erteilte ihm Lehrverbot. Boff schwieg nicht und wurde 1992 erneut zu einem Schweigen verdonnert, diesmal f\u00fcr f\u00fcnf Jahre. Da wechselte er Kleidung und Familienstand, er trug fortan Zivil und er heiratete.<\/p>\n<p class=\"FliesstextEinzug\">In einem Interview (\u201eS\u00fcddeutsche Zeitung\u201c, 18.04.2010) meinte er \u00fcber den inzwischen zum Papst aufgestiegenen Ratzinger: \u201eEs mangelt ihm an allem\u201c. \u201eWenn er ein bisschen Marx und weniger Augustinus und Bonaventura gelesen h\u00e4tte, dann h\u00e4tte er die Unterdr\u00fcckung der Armen und die Theologie der Befreiung besser verstanden, denn sie hat den Schrei des Unterdr\u00fcckten und den Schrei der Erde geh\u00f6rt.\u201c Der Interviewer der SZ befragt ihn dann nach der Dem\u00fctigung, bei der Befragung durch Ratzinger 1984 \u201eauf demselben Ketzer-Stuhl, auf dem schon Galileo Galilei Platz nehmen musste\u201c, dazu Boff: \u201eIch hege weder Groll, noch habe ich Narben davongetragen von dieser traurigen Reise in das dunkle und h\u00e4ssliche Befragungszimmer. Das ist keine besondere Tugend. So bin ich eben strukturiert. Ich war davon \u00fcberzeugt, dass mein Anliegen gerechtfertigt war. Und es war die Gelegenheit, um ihn davon zu \u00fcberzeugen, dass die Unterdr\u00fcckten eine Herausforderung f\u00fcr eine neue, befreiende Verk\u00fcndigung sind. Aber es war alles vergebens. Er hat sich nicht ge\u00e4ndert, er ist nur noch schlimmer geworden.\u201c<\/p>\n<p class=\"FliesstextEinzug\">\u201eDie Befreiungstheologie ist f\u00fcr diesen Papst zu einer Obsession geworden. Erst im M\u00e4rz hat er vor Bisch\u00f6fen aus dem S\u00fcden Brasiliens wieder die marxistische Befreiungstheologie kritisiert. Aber diese Theologie existiert nur in seinem Kopf und nicht in der Realit\u00e4t. Er tritt damit auf einen toten Hund ein. Seit dem Fall der Berliner Mauer spricht niemand mehr vom Marxismus in der Befreiungstheologie. Das Schlimmste daran ist, dass er damit aber die Armen in den Basisgemeinden vor den Kopf schl\u00e4gt, die nun sagen: \u00b4,Der Papst spielt das Spiel unserer Feinde, die uns unterdr\u00fccken. Er verurteilt unsere Verb\u00fcndeten, die Theologen der Befreiung.\u2018\u201c<\/p>\n<p class=\"FliesstextEinzug\">Diese Theologen sind immer wieder Verfolgungen ausgesetzt wenn sie sich auf die Seite der Bev\u00f6lkerung stellen. So wurde im August 2010 \u00fcber den Konflikt zwischen multinationalen Bergbaukonzernen und der indigenen Bev\u00f6lkerung von Oaxaca um den in der Region geplanten Goldbergbau berichtet. In dem s\u00fcdlichen mexikanischen Bundesstaat veranstalteten die Bergbaulobby und Mitglieder der Regierung von Gouverneur Ulises Ruiz mit Hilfe der von ihnen kontrollierten Medien eine Hetzjagd auf die beiden Pastoren Mart\u00edn Octavio Garc\u00eda Ortiz und Wilfrido Mayr\u00e9n Pel\u00e1ez, letzterer ist landesweit bekannt als \u201ePadre Uvi\u201c. Wie der Vatikan \u201ein Treue fest\u201c an der Seite der Unterd\u00fccker steht, l\u00e4sst sich exemplarisch am Beispiel Paraguays zeigen. Seit einem Putsch 1954 regierte dort der deutschst\u00e4mmige Diktator Alfredo Stroessner. Nach seinem Sturz 1989 verlangte die Justiz des Landes wiederholt, aber vergeblich seine Auslieferung aus dem brasilianischen Exil, weil sie ihm Ermordungen, Verschleppungen und Folterungen politischer Gegner vorwarf. Mehr als zwei Millionen Paraguayer, gut ein Drittel der Bev\u00f6lkerung, gingen ins Exil.<\/p>\n<p class=\"FliesstextEinzug\">Noch kurz vor Stroessners Flucht aus dem Land zeigte sich Ratzingers Vorg\u00e4nger Karol Wojtyla bei einem Besuch Paraguays br\u00fcderlich Seite an Seite mit Stroessner. 1983 hatte er dem Diktator R\u00edos Montt von Guatemala, 50000 Opfer, seine Aufwartung gemacht, ebenso konnte sich Haitis Diktator Jean-Claude Duvalier \u00fcber den heiligen Besuch freuen. 1988 besuchte Papst Johannes Paul II. Chile und spendete dem Diktator Augusto Pinochet eigenh\u00e4ndig die Kommunion. Beim Besucht in seinem Palast und lie\u00df sich mit ihm und zahlreichen Gener\u00e4len und Bisch\u00f6fen auf dem Balkon fotografieren. Beim Putsch gegen die demokratisch gew\u00e4hlte Regierung Salvador Allendes 1973 arbeitete das katholische Opus Dei mit der CIA zusammen, und wurde wurde vom Pinochet-Regime mit mehreren Minister-Posten belohnt.<\/p>\n<p><em>Antikommunismus verbindet eben.<\/em><\/p>\n<hr \/>\n<p>Bild: https:\/\/pixabay.com\/de\/users\/lorenzogallo-1771587\/<\/p>\n","protected":false},"excerpt":{"rendered":"<p><strong>Beitrag von Klaus Hartmann aus FREIDENKER 2-12<\/strong><br \/>\n\u201eEs ist eine Tatsache, dass die Bibel die Reichen immer wieder verurteilt, auch wenn die Bibel\u00fcbersetzungen dies oft verf\u00e4lschen. Nicht selten wird \u201eReiche\u201c mit \u201e\u00dcbelt\u00e4ter\u201c \u00fcbersetzt, womit die Verurteilung versteckt wird: Es ist sicher nicht falsch, \u201e\u00dcbelt\u00e4ter\u201c zu verurteilen. Auch in Deutschland \u00fcbt sich die Z\u00fcricher Bibel, eine der verbreitetesten hier, in dieser Praxis des Versteckens, und dort, wo der Text von \u201eReichen\u201c spricht, steht \u201e\u00dcbelt\u00e4ter\u201c. Die Reichen sind in der Bibel die \u201eUngerechten\u201c. Oft wird die Bibel auch bewusst gef\u00e4lscht (auch die Z\u00fcricher Bibel), indem \u201eungerecht\u201c mit \u201egottlos\u201c \u00fcbersetzt wird. Auf diese Weise wird der Eindruck erweckt, als ob die Atheisten verurteilt w\u00fcrden, nicht die Reichen. Auch wenn viele dieser Reichen der Bibel keine Atheisten sind.<\/p>\n","protected":false},"author":2,"featured_media":690,"comment_status":"closed","ping_status":"closed","sticky":false,"template":"","format":"standard","meta":{"colormag_page_container_layout":"default_layout","colormag_page_sidebar_layout":"default_layout","advanced_seo_description":"","jetpack_seo_html_title":"","jetpack_seo_noindex":false,"jetpack_post_was_ever_published":false,"footnotes":""},"categories":[15],"tags":[662,276],"class_list":["post-689","post","type-post","status-publish","format-standard","has-post-thumbnail","hentry","category-religions-kirchenkritik","tag-befreiungstheologie","tag-vatikan"],"jetpack_featured_media_url":"https:\/\/i0.wp.com\/www.freidenker.org\/fw17\/wp-content\/uploads\/2016\/08\/Vatikan_Rom.jpg?fit=800%2C445&ssl=1","jetpack_shortlink":"https:\/\/wp.me\/p9stpK-b7","jetpack-related-posts":[{"id":13948,"url":"https:\/\/www.freidenker.org\/?p=13948","url_meta":{"origin":689,"position":0},"title":"Empfehlung der ARD: Ruhe ist die erste B\u00fcrgerpflicht","author":"Webredaktion","date":"15. August 2022","format":false,"excerpt":"von Dagmar Henn W\u00fcrde es noch Sinn machen, der jetzigen politischen Klasse und der sie begleitenden Medienmeute einen Grundkurs Demokratie zu verpassen? So zwei Wochen etwa, in denen man Begriffe wie \"Volkssouver\u00e4nit\u00e4t\" und \"demokratischer Diskurs\", Versammlungs- und Vereinigungsrecht mal gr\u00fcndlich durchkaut und am Schluss ein paar Pr\u00fcfungsfragen beantworten muss? Ich\u2026","rel":"","context":"In &quot;Demokratie \u2013 Medien \u2013 Aufkl\u00e4rung&quot;","block_context":{"text":"Demokratie \u2013 Medien \u2013 Aufkl\u00e4rung","link":"https:\/\/www.freidenker.org\/?cat=12"},"img":{"alt_text":"","src":"https:\/\/i0.wp.com\/www.freidenker.org\/fw17\/wp-content\/uploads\/2022\/08\/baboons-4371_800x450.jpg?fit=800%2C450&ssl=1&resize=350%2C200","width":350,"height":200,"srcset":"https:\/\/i0.wp.com\/www.freidenker.org\/fw17\/wp-content\/uploads\/2022\/08\/baboons-4371_800x450.jpg?fit=800%2C450&ssl=1&resize=350%2C200 1x, https:\/\/i0.wp.com\/www.freidenker.org\/fw17\/wp-content\/uploads\/2022\/08\/baboons-4371_800x450.jpg?fit=800%2C450&ssl=1&resize=525%2C300 1.5x, https:\/\/i0.wp.com\/www.freidenker.org\/fw17\/wp-content\/uploads\/2022\/08\/baboons-4371_800x450.jpg?fit=800%2C450&ssl=1&resize=700%2C400 2x"},"classes":[]},{"id":642,"url":"https:\/\/www.freidenker.org\/?p=642","url_meta":{"origin":689,"position":1},"title":"Klaus Hartmann: Aufstehen statt niederknien","author":"Webmaster","date":"17. September 2005","format":false,"excerpt":"Beitrag von Klaus Hartmann aus FREIDENKER 3-05 \"Weltjugendtag\" hei\u00dft die fromme Heerschau dieser Tage in K\u00f6ln, der Name jedoch ist Anma\u00dfung: Obwohl Hunderttausende erwartet werden, die \"Weltjugend\" ist das nicht \u2013 es ist ebenso wenig das Treffen von Atheisten wie von Buddhisten, Muslimen oder Hindus, Juden oder orthodoxen Chris\u00adten. Zumindest\u2026","rel":"","context":"In &quot;Religions- &amp; Kirchenkritik, S\u00e4kulare Szene&quot;","block_context":{"text":"Religions- &amp; Kirchenkritik, S\u00e4kulare Szene","link":"https:\/\/www.freidenker.org\/?cat=15"},"img":{"alt_text":"","src":"https:\/\/i0.wp.com\/www.freidenker.org\/fw17\/wp-content\/uploads\/2016\/08\/Papst.jpg?fit=800%2C445&ssl=1&resize=350%2C200","width":350,"height":200,"srcset":"https:\/\/i0.wp.com\/www.freidenker.org\/fw17\/wp-content\/uploads\/2016\/08\/Papst.jpg?fit=800%2C445&ssl=1&resize=350%2C200 1x, https:\/\/i0.wp.com\/www.freidenker.org\/fw17\/wp-content\/uploads\/2016\/08\/Papst.jpg?fit=800%2C445&ssl=1&resize=525%2C300 1.5x, https:\/\/i0.wp.com\/www.freidenker.org\/fw17\/wp-content\/uploads\/2016\/08\/Papst.jpg?fit=800%2C445&ssl=1&resize=700%2C400 2x"},"classes":[]},{"id":24254,"url":"https:\/\/www.freidenker.org\/?p=24254","url_meta":{"origin":689,"position":2},"title":"Einladung: Friedenspolitik durch Entlarvung der Doppelmoral","author":"Webredaktion","date":"20. Januar 2026","format":false,"excerpt":"Bericht und Diskussion mit Florian Warweg, Parlamentskorrespondent f\u00fcr die NachDenkSeiten am 23. Januar 2026 in Frankfurt am Main In der Bundespressekonferenz ist Florian gef\u00fcrchtet, wegen seiner konfrontativen Fragen an Regierungssprecher und die Vertreter der Ministerien sowie seiner kritischen Nachfragen, da er nicht bereit ist, sich mit Aus-fl\u00fcchten abspeisen zu lassen.\u2026","rel":"","context":"In &quot;Veranstaltungen in den DFV-Landesverb\u00e4nden&quot;","block_context":{"text":"Veranstaltungen in den DFV-Landesverb\u00e4nden","link":"https:\/\/www.freidenker.org\/?cat=19"},"img":{"alt_text":"","src":"https:\/\/i0.wp.com\/www.freidenker.org\/fw17\/wp-content\/uploads\/2026\/01\/Warweg_portrai_800x450t.jpg?fit=800%2C450&ssl=1&resize=350%2C200","width":350,"height":200,"srcset":"https:\/\/i0.wp.com\/www.freidenker.org\/fw17\/wp-content\/uploads\/2026\/01\/Warweg_portrai_800x450t.jpg?fit=800%2C450&ssl=1&resize=350%2C200 1x, https:\/\/i0.wp.com\/www.freidenker.org\/fw17\/wp-content\/uploads\/2026\/01\/Warweg_portrai_800x450t.jpg?fit=800%2C450&ssl=1&resize=525%2C300 1.5x, https:\/\/i0.wp.com\/www.freidenker.org\/fw17\/wp-content\/uploads\/2026\/01\/Warweg_portrai_800x450t.jpg?fit=800%2C450&ssl=1&resize=700%2C400 2x"},"classes":[]},{"id":615,"url":"https:\/\/www.freidenker.org\/?p=615","url_meta":{"origin":689,"position":3},"title":"Die Pius-L\u00fcge &#8211; Der Vatikan erkl\u00e4rt sich zum Holocaust","author":"Webmaster","date":"1. April 1998","format":false,"excerpt":"Beitrag von Emil Carlebach Deine Rede sei Ja, Ja und Nein, Nein \u2013 was dar\u00fcber ist, ist vom \u00dcbel. Dieses biblische Gebot kann den Kardin\u00e4len nicht vor Augen gestanden haben, als sie im M\u00e4rz 1998 ihre Erkl\u00e4rung zum Holocaust ver\u00f6ffentlichten, die den Vatikan und insbesondere den Papst Pius XII von\u2026","rel":"","context":"In &quot;Geschichte&quot;","block_context":{"text":"Geschichte","link":"https:\/\/www.freidenker.org\/?cat=1162"},"img":{"alt_text":"","src":"https:\/\/i0.wp.com\/www.freidenker.org\/fw17\/wp-content\/uploads\/2016\/08\/Bundesarchiv_Bild_102-00535_Bamberg_900_Jahr-Feier_der_Stadt.jpg?fit=800%2C445&ssl=1&resize=350%2C200","width":350,"height":200,"srcset":"https:\/\/i0.wp.com\/www.freidenker.org\/fw17\/wp-content\/uploads\/2016\/08\/Bundesarchiv_Bild_102-00535_Bamberg_900_Jahr-Feier_der_Stadt.jpg?fit=800%2C445&ssl=1&resize=350%2C200 1x, https:\/\/i0.wp.com\/www.freidenker.org\/fw17\/wp-content\/uploads\/2016\/08\/Bundesarchiv_Bild_102-00535_Bamberg_900_Jahr-Feier_der_Stadt.jpg?fit=800%2C445&ssl=1&resize=525%2C300 1.5x, https:\/\/i0.wp.com\/www.freidenker.org\/fw17\/wp-content\/uploads\/2016\/08\/Bundesarchiv_Bild_102-00535_Bamberg_900_Jahr-Feier_der_Stadt.jpg?fit=800%2C445&ssl=1&resize=700%2C400 2x"},"classes":[]},{"id":3248,"url":"https:\/\/www.freidenker.org\/?p=3248","url_meta":{"origin":689,"position":4},"title":"Faschisten, Reaktion\u00e4re und der Vatikan","author":"Webredaktion","date":"17. M\u00e4rz 2009","format":false,"excerpt":"Beitrag aus FREIDENKER 1-09 Dass die katholische Kirche zu Jahresbeginn in aller Munde war, hat sie sich unter ihrem Oberhirten Ratzinger alias Papst Benedict XVI. redlich verdient. Das meiste Aufsehen erregte er damit, den Holocaustleugnern und Erzreaktion\u00e4ren der \u201eBruderschaft St. Pius X.\u201c (FSSPX) das Tor zur Kirche wieder zu \u00f6ffnen.\u2026","rel":"","context":"In &quot;Religions- &amp; Kirchenkritik, S\u00e4kulare Szene&quot;","block_context":{"text":"Religions- &amp; Kirchenkritik, S\u00e4kulare Szene","link":"https:\/\/www.freidenker.org\/?cat=15"},"img":{"alt_text":"","src":"https:\/\/i0.wp.com\/www.freidenker.org\/fw17\/wp-content\/uploads\/2009\/03\/Memmingen_St_Joseph_Marienaltar_800x445.jpg?fit=800%2C445&ssl=1&resize=350%2C200","width":350,"height":200,"srcset":"https:\/\/i0.wp.com\/www.freidenker.org\/fw17\/wp-content\/uploads\/2009\/03\/Memmingen_St_Joseph_Marienaltar_800x445.jpg?fit=800%2C445&ssl=1&resize=350%2C200 1x, https:\/\/i0.wp.com\/www.freidenker.org\/fw17\/wp-content\/uploads\/2009\/03\/Memmingen_St_Joseph_Marienaltar_800x445.jpg?fit=800%2C445&ssl=1&resize=525%2C300 1.5x, https:\/\/i0.wp.com\/www.freidenker.org\/fw17\/wp-content\/uploads\/2009\/03\/Memmingen_St_Joseph_Marienaltar_800x445.jpg?fit=800%2C445&ssl=1&resize=700%2C400 2x"},"classes":[]},{"id":14621,"url":"https:\/\/www.freidenker.org\/?p=14621","url_meta":{"origin":689,"position":5},"title":"Freidenker-Zitate zum Nachdenken","author":"Webredaktion","date":"7. November 2022","format":false,"excerpt":"Information zur Webseite \"Freidenker-Galerie\" von Rainer Ostendorf Die Freidenker Galerie zeigt in verschiedenen Themen-Galerien ber\u00fchmte Zitate und Spr\u00fcche von ber\u00fchmten Dichtern und Denkern zum Thema Leben - Zitate, Weisheiten, Aphorismen und Spr\u00fcche, die zum Nachdenken und Schmunzeln anregen. Sie finden in der Online-Galerie Zitate, lustige Spr\u00fcche und weise Spr\u00fcche von\u2026","rel":"","context":"In &quot;Religions- &amp; Kirchenkritik, S\u00e4kulare Szene&quot;","block_context":{"text":"Religions- &amp; Kirchenkritik, S\u00e4kulare Szene","link":"https:\/\/www.freidenker.org\/?cat=15"},"img":{"alt_text":"","src":"https:\/\/i0.wp.com\/www.freidenker.org\/fw17\/wp-content\/uploads\/2022\/11\/Leo-Tolstoi_800x450.jpg?fit=800%2C450&ssl=1&resize=350%2C200","width":350,"height":200,"srcset":"https:\/\/i0.wp.com\/www.freidenker.org\/fw17\/wp-content\/uploads\/2022\/11\/Leo-Tolstoi_800x450.jpg?fit=800%2C450&ssl=1&resize=350%2C200 1x, https:\/\/i0.wp.com\/www.freidenker.org\/fw17\/wp-content\/uploads\/2022\/11\/Leo-Tolstoi_800x450.jpg?fit=800%2C450&ssl=1&resize=525%2C300 1.5x, https:\/\/i0.wp.com\/www.freidenker.org\/fw17\/wp-content\/uploads\/2022\/11\/Leo-Tolstoi_800x450.jpg?fit=800%2C450&ssl=1&resize=700%2C400 2x"},"classes":[]}],"_links":{"self":[{"href":"https:\/\/www.freidenker.org\/index.php?rest_route=\/wp\/v2\/posts\/689","targetHints":{"allow":["GET"]}}],"collection":[{"href":"https:\/\/www.freidenker.org\/index.php?rest_route=\/wp\/v2\/posts"}],"about":[{"href":"https:\/\/www.freidenker.org\/index.php?rest_route=\/wp\/v2\/types\/post"}],"author":[{"embeddable":true,"href":"https:\/\/www.freidenker.org\/index.php?rest_route=\/wp\/v2\/users\/2"}],"replies":[{"embeddable":true,"href":"https:\/\/www.freidenker.org\/index.php?rest_route=%2Fwp%2Fv2%2Fcomments&post=689"}],"version-history":[{"count":0,"href":"https:\/\/www.freidenker.org\/index.php?rest_route=\/wp\/v2\/posts\/689\/revisions"}],"wp:featuredmedia":[{"embeddable":true,"href":"https:\/\/www.freidenker.org\/index.php?rest_route=\/wp\/v2\/media\/690"}],"wp:attachment":[{"href":"https:\/\/www.freidenker.org\/index.php?rest_route=%2Fwp%2Fv2%2Fmedia&parent=689"}],"wp:term":[{"taxonomy":"category","embeddable":true,"href":"https:\/\/www.freidenker.org\/index.php?rest_route=%2Fwp%2Fv2%2Fcategories&post=689"},{"taxonomy":"post_tag","embeddable":true,"href":"https:\/\/www.freidenker.org\/index.php?rest_route=%2Fwp%2Fv2%2Ftags&post=689"}],"curies":[{"name":"wp","href":"https:\/\/api.w.org\/{rel}","templated":true}]}}