{"id":6870,"date":"2019-08-25T22:37:31","date_gmt":"2019-08-25T20:37:31","guid":{"rendered":"https:\/\/www.freidenker.org\/?p=6870"},"modified":"2019-09-16T04:16:41","modified_gmt":"2019-09-16T02:16:41","slug":"kongress-der-weltunion-der-freidenker-in-luxemburg-am-13-und-14-september-2019","status":"publish","type":"post","link":"https:\/\/www.freidenker.org\/?p=6870","title":{"rendered":"Kongress der Weltunion der Freidenker in Luxemburg am 13. und 14. September 2019"},"content":{"rendered":"<p><em><img data-recalc-dims=\"1\" loading=\"lazy\" decoding=\"async\" data-attachment-id=\"6883\" data-permalink=\"https:\/\/www.freidenker.org\/?attachment_id=6883\" data-orig-file=\"https:\/\/i0.wp.com\/www.freidenker.org\/fw17\/wp-content\/uploads\/2019\/08\/WUF-Einladung-L%C3%ABtzebuerg.jpg?fit=1240%2C874&amp;ssl=1\" data-orig-size=\"1240,874\" data-comments-opened=\"0\" data-image-meta=\"{&quot;aperture&quot;:&quot;0&quot;,&quot;credit&quot;:&quot;&quot;,&quot;camera&quot;:&quot;&quot;,&quot;caption&quot;:&quot;&quot;,&quot;created_timestamp&quot;:&quot;0&quot;,&quot;copyright&quot;:&quot;&quot;,&quot;focal_length&quot;:&quot;0&quot;,&quot;iso&quot;:&quot;0&quot;,&quot;shutter_speed&quot;:&quot;0&quot;,&quot;title&quot;:&quot;&quot;,&quot;orientation&quot;:&quot;0&quot;}\" data-image-title=\"WUF Einladung L\u00ebtzebuerg\" data-image-description=\"\" data-image-caption=\"\" data-large-file=\"https:\/\/i0.wp.com\/www.freidenker.org\/fw17\/wp-content\/uploads\/2019\/08\/WUF-Einladung-L%C3%ABtzebuerg.jpg?fit=800%2C564&amp;ssl=1\" class=\"alignnone wp-image-6883 size-large\" src=\"https:\/\/i0.wp.com\/www.freidenker.org\/fw17\/wp-content\/uploads\/2019\/08\/WUF-Einladung-L%C3%ABtzebuerg.jpg?resize=800%2C564&#038;ssl=1\" alt=\"\" width=\"800\" height=\"564\" srcset=\"https:\/\/i0.wp.com\/www.freidenker.org\/fw17\/wp-content\/uploads\/2019\/08\/WUF-Einladung-L%C3%ABtzebuerg.jpg?resize=1024%2C722&amp;ssl=1 1024w, https:\/\/i0.wp.com\/www.freidenker.org\/fw17\/wp-content\/uploads\/2019\/08\/WUF-Einladung-L%C3%ABtzebuerg.jpg?resize=300%2C211&amp;ssl=1 300w, https:\/\/i0.wp.com\/www.freidenker.org\/fw17\/wp-content\/uploads\/2019\/08\/WUF-Einladung-L%C3%ABtzebuerg.jpg?resize=768%2C541&amp;ssl=1 768w, https:\/\/i0.wp.com\/www.freidenker.org\/fw17\/wp-content\/uploads\/2019\/08\/WUF-Einladung-L%C3%ABtzebuerg.jpg?w=1240&amp;ssl=1 1240w\" sizes=\"auto, (max-width: 800px) 100vw, 800px\" \/><\/em><\/p>\n<p><strong>Weltunion der Freidenker | Kongress<\/strong><br \/>\n<strong>Samstag, 14. September 2019 | 10.00 Uhr<\/strong><br \/>\n<strong>Esch-sur-Alzette (Lux)<\/strong><br \/>\n<strong>Konferenzsaal der Jugendherberge<\/strong><br \/>\n<strong>Kongress-Thema:<\/strong><br \/>\n<strong>Bld. J. F. Kennedy 7<\/strong><br \/>\n<strong>direkt beim Bahnhof Esch-s-A.<\/strong><\/p>\n<p><strong>Migration und Laizit\u00e4t<\/strong><\/p>\n<p>Welche Auswirkungen hat die aktuelle Migration auf die Anspr\u00fcche einer laizistischen Gesellschaft? Was bedeutet sie f\u00fcr freidenkerische Kernanliegen wie Gleichheit, Trennung von Staat und Religion, Gew\u00e4hrleistung der Freiheit religi\u00f6ser und nichtreligi\u00f6ser \u00dcberzeugungen oder den Internationalismus.<\/p>\n<p>Zum Thema sprechen u. a.<\/p>\n<ul>\n<li>Klaus Hartmann (D): \u00bbUngleichheit \u2013 Ursache und Folge der aktuellen Migration\u00ab<\/li>\n<li>Thierry Mesny (F): \u00bbDie Migration und die Verteidigung der Laizit\u00e4t\u00ab<\/li>\n<li>R\u00fcdiger Rauls (D): \u00bbMigration und Internationalismus\u00ab.<\/li>\n<\/ul>\n<p>Weitere Redebeitr\u00e4ge aus Belgien, Luxemburg und der Schweiz. Freidenkerinnen und Freidenker und alle Interessierten sind eingeladen mitzudiskutieren. Machen Sie mit!<\/p>\n<p>Aktualisierte Infos \u00fcber die Tagung auf <a href=\"https:\/\/www.libres-penseurs.net\" target=\"_blank\" rel=\"noopener noreferrer\">www.libres-penseurs.net<\/a><\/p>\n<p><img data-recalc-dims=\"1\" loading=\"lazy\" decoding=\"async\" data-attachment-id=\"6884\" data-permalink=\"https:\/\/www.freidenker.org\/?attachment_id=6884\" data-orig-file=\"https:\/\/i0.wp.com\/www.freidenker.org\/fw17\/wp-content\/uploads\/2019\/08\/UMLP-invitation-Luxembourg.jpg?fit=1276%2C909&amp;ssl=1\" data-orig-size=\"1276,909\" data-comments-opened=\"0\" data-image-meta=\"{&quot;aperture&quot;:&quot;0&quot;,&quot;credit&quot;:&quot;&quot;,&quot;camera&quot;:&quot;&quot;,&quot;caption&quot;:&quot;&quot;,&quot;created_timestamp&quot;:&quot;0&quot;,&quot;copyright&quot;:&quot;&quot;,&quot;focal_length&quot;:&quot;0&quot;,&quot;iso&quot;:&quot;0&quot;,&quot;shutter_speed&quot;:&quot;0&quot;,&quot;title&quot;:&quot;&quot;,&quot;orientation&quot;:&quot;0&quot;}\" data-image-title=\"UMLP invitation Luxembourg\" data-image-description=\"\" data-image-caption=\"\" data-large-file=\"https:\/\/i0.wp.com\/www.freidenker.org\/fw17\/wp-content\/uploads\/2019\/08\/UMLP-invitation-Luxembourg.jpg?fit=800%2C570&amp;ssl=1\" class=\"alignnone wp-image-6884 size-large\" src=\"https:\/\/i0.wp.com\/www.freidenker.org\/fw17\/wp-content\/uploads\/2019\/08\/UMLP-invitation-Luxembourg.jpg?resize=800%2C570&#038;ssl=1\" alt=\"\" width=\"800\" height=\"570\" srcset=\"https:\/\/i0.wp.com\/www.freidenker.org\/fw17\/wp-content\/uploads\/2019\/08\/UMLP-invitation-Luxembourg.jpg?resize=1024%2C729&amp;ssl=1 1024w, https:\/\/i0.wp.com\/www.freidenker.org\/fw17\/wp-content\/uploads\/2019\/08\/UMLP-invitation-Luxembourg.jpg?resize=300%2C214&amp;ssl=1 300w, https:\/\/i0.wp.com\/www.freidenker.org\/fw17\/wp-content\/uploads\/2019\/08\/UMLP-invitation-Luxembourg.jpg?resize=768%2C547&amp;ssl=1 768w, https:\/\/i0.wp.com\/www.freidenker.org\/fw17\/wp-content\/uploads\/2019\/08\/UMLP-invitation-Luxembourg.jpg?w=1276&amp;ssl=1 1276w\" sizes=\"auto, (max-width: 800px) 100vw, 800px\" \/><\/p>\n<p><strong>Congr\u00e8s de Luxembourg de l&#8217;UMLP les 13 et 14 septembre 2019<\/strong><\/p>\n<p><strong>Union mondiale des Libres Penseurs<\/strong><br \/>\n<strong>Samedi 14 septembre 2019 | 10 heures<\/strong><br \/>\n<strong>Esch-sur-Alzette (GD de Luxembourg)<\/strong><br \/>\n<strong>Auberge de jeunesse<\/strong><br \/>\n<strong>Colloque public :<\/strong><br \/>\n<strong>Salle de conf\u00e9rence | 7, bld. J. F. Kennedy<\/strong><br \/>\n<strong>(aupr\u00e8s de la gare d\u2018Esch s.\/A.)<\/strong><\/p>\n<p><strong>Migration et la\u00efcit\u00e9<\/strong><\/p>\n<p>Quel est l&#8217;impact des migrations actuelles sur les exigences d&#8217;une soci\u00e9t\u00e9 la\u00efque? Quelles cons\u00e9quences ont-elles pour les objectifs de la Libre-Pens\u00e9e que sont l&#8217;\u00e9galit\u00e9, la s\u00e9paration de l&#8217;Etat et des religions, les ga ran ties pour la libert\u00e9 philosophique, l&#8217;internationalisme?<\/p>\n<ul>\n<li>Klaus Hartmann (D): \u00abIn\u00e9galit\u00e9 \u2013 cause et cons\u00e9quence des migrations actuelles\u00bb<\/li>\n<li>Thierry Mesny (F): \u00abMigration et d\u00e9fense de la la\u00efcit\u00e9\u00bb<\/li>\n<li>R\u00fcdiger Rauls (D): \u00abMigration et internationalisme\u00bb.<\/li>\n<\/ul>\n<p>D&#8217;autres contributions d&#8217;intervenants venant de Belgique, du Luxembourg, de Suisse.<\/p>\n<p>Les Libres Penseurs et toutes les parties int\u00e9ress\u00e9es sont invit\u00e9s \u00e0 participer \u00e0 la discussion. Rejoignez-nous! Pour en savoir plus sur la conf\u00e9 rence et obtenir de plus amples renseignements, veuillez consulter le site <a href=\"https:\/\/www.libres-penseurs.net\" target=\"_blank\" rel=\"noopener noreferrer\">www.libres-penseurs.net<\/a>.<\/p>\n<p><b>Weitere Informationen \/ De plus amples renseignements sur le<\/b><\/p>\n<p><strong>Jean-Fran\u00e7ois Mar\u00e9chal<\/strong><br \/>\nRue du Thier 12<br \/>\nB4860 Wegnez<br \/>\n+32 87 46 99 27<br \/>\n+32 478 98 63 48<\/p>\n<p>E-Mail: <a href=\"mailto:jeanfr.marechal@gmail.com\" target=\"_blank\" rel=\"noopener noreferrer\">jeanfr.marechal@gmail.com<\/a><\/p>\n<ul>\n<li><a href=\"https:\/\/www.freidenker.org\/fw17\/wp-content\/uploads\/2019\/08\/WUF-Einladung-L\u00ebtzebuerg.pdf\" target=\"_blank\" rel=\"noopener noreferrer\">Weltunion der Freidenker: Einladung L\u00ebtzebuerg<\/a> (PDF-Dokument)<\/li>\n<li><a href=\"https:\/\/www.freidenker.org\/fw17\/wp-content\/uploads\/2019\/08\/UMLP-invitation-Luxembourg.pdf\" target=\"_blank\" rel=\"noopener noreferrer\">Union Mondiale des Libres Penseurs: UMLP invitation Luxembourg<\/a> (document PDF)<\/li>\n<li><a href=\"https:\/\/www.libres-penseurs.net\/wuf-kongress\/\" target=\"_blank\" rel=\"noopener noreferrer\">Webseite der Weltunion der Freidenker \/ Site de l&#8217;Union Mondiale des Libres Penseurs<\/a><\/li>\n<\/ul>\n<hr \/>\n<p>Bildquelle: <span class=\"mw-mmv-title\">Blaue Gartenstiefm\u00fctterchen (<i>Viola \u00d7 wittrockiana<\/i>), fotografiert in Heidelberg (Baden-W\u00fcrttemberg, Deutschland)<\/span>, <a href=\"https:\/\/commons.wikimedia.org\/wiki\/File:Blaue_Garten-Stiefm%C3%BCtterchen.JPG#\/media\/File:Blaue_Garten-Stiefm%C3%BCtterchen.JPG\" target=\"_blank\" rel=\"noopener noreferrer\">Wikipedia \/ Commons Wikimedia<\/a>, Lizenz: <a class=\"mw-mmv-license\" href=\"https:\/\/creativecommons.org\/licenses\/by-sa\/3.0\" target=\"_blank\" rel=\"noopener noreferrer\">CC BY-SA 3.0<\/a><\/p>\n","protected":false},"excerpt":{"rendered":"<p><b>Kongress der Weltunion der Freidenker in Luxemburg am 13. und 14. September 2019 \/ Congr\u00e8s de Luxembourg de l&#8217;UMLP les 13 et 14 septembre 2019: Migration und Laizit\u00e4t \/ Migration et la\u00efcit\u00e9<\/b> &#8211; <a href=\"https:\/\/www.libres-penseurs.net\" target=\"_new\" rel=\"noopener noreferrer\">https:\/\/www.libres-penseurs.net<\/a><br \/>\nMigration und Laizit\u00e4t &#8211; Welche Auswirkungen hat die aktuelle Migration auf die Anspr\u00fcche einer laizistischen Gesellschaft? Was bedeutet sie f\u00fcr freidenkerische Kernanliegen wie Gleichheit, Trennung von Staat und Religion, Gew\u00e4hrleistung der Freiheit religi\u00f6ser und nichtreligi\u00f6ser \u00dcberzeugungen oder den Internationalismus.<br \/>\nZum Thema sprechen u. a. Klaus Hartmann (D), Thierry Mesny (F) und R\u00fcdiger Rauls (D).<\/p>\n","protected":false},"author":3,"featured_media":6876,"comment_status":"closed","ping_status":"closed","sticky":false,"template":"","format":"standard","meta":{"colormag_page_container_layout":"default_layout","colormag_page_sidebar_layout":"default_layout","advanced_seo_description":"","jetpack_seo_html_title":"","jetpack_seo_noindex":false,"jetpack_post_was_ever_published":false,"footnotes":""},"categories":[20],"tags":[357,1184,1183,1182,726],"class_list":["post-6870","post","type-post","status-publish","format-standard","has-post-thumbnail","hentry","category-zentrale-veranstaltungen","tag-konferenz","tag-luxembourg","tag-luxemburg","tag-union-mondiale-des-libres-penseurs","tag-weltunion-der-freidenker"],"jetpack_featured_media_url":"https:\/\/i0.wp.com\/www.freidenker.org\/fw17\/wp-content\/uploads\/2019\/08\/wufkongress_1314092019.jpg?fit=800%2C445&ssl=1","jetpack_shortlink":"https:\/\/wp.me\/p9stpK-1MO","jetpack-related-posts":[{"id":4917,"url":"https:\/\/www.freidenker.org\/?p=4917","url_meta":{"origin":6870,"position":0},"title":"Kongress der Weltunion der Freidenker am 22. und 23. Juni 2018 in Basel","author":"Webredaktion","date":"29. M\u00e4rz 2018","format":false,"excerpt":"Einladung zum Kongress der Weltunion der Freidenker am 22. und 23. Juni in Basel Die Weltunion der Freidenker widmet ihren diesj\u00e4hrigen Kongress in Basel schwerpunktm\u00e4ssig dem Thema \u00abFreies Denken und die Emanzipation der Pers\u00f6nlichkeit\u00bb. Linke begegnen dem Individualismus mit Skepsis. Sch\u00e4tzen sie deswegen das Individuum gering? Welche Bedeutung hat in\u2026","rel":"","context":"In &quot;Zentrale Veranstaltungen&quot;","block_context":{"text":"Zentrale Veranstaltungen","link":"https:\/\/www.freidenker.org\/?cat=20"},"img":{"alt_text":"","src":"https:\/\/i0.wp.com\/www.freidenker.org\/fw17\/wp-content\/uploads\/2018\/03\/basel-1722831_800x445.jpg?fit=800%2C445&ssl=1&resize=350%2C200","width":350,"height":200,"srcset":"https:\/\/i0.wp.com\/www.freidenker.org\/fw17\/wp-content\/uploads\/2018\/03\/basel-1722831_800x445.jpg?fit=800%2C445&ssl=1&resize=350%2C200 1x, https:\/\/i0.wp.com\/www.freidenker.org\/fw17\/wp-content\/uploads\/2018\/03\/basel-1722831_800x445.jpg?fit=800%2C445&ssl=1&resize=525%2C300 1.5x, https:\/\/i0.wp.com\/www.freidenker.org\/fw17\/wp-content\/uploads\/2018\/03\/basel-1722831_800x445.jpg?fit=800%2C445&ssl=1&resize=700%2C400 2x"},"classes":[]},{"id":15798,"url":"https:\/\/www.freidenker.org\/?p=15798","url_meta":{"origin":6870,"position":1},"title":"Freies Denken und die neue multipolare Weltordnung","author":"Webredaktion","date":"19. April 2023","format":false,"excerpt":"50. Kongress der Weltunion der Freidenker Donnerstag, 18.05.2023, 11 - 17 Uhr, Saalbau Bornheim, Arnsburger Str. 24, 60385 Frankfurt am Main Vortr\u00e4ge: \u201eZeitenwende\u201c zwischen Krieg und Frieden (Klaus Hartmann, Offenbach am Main), Der Welten Lage \u00e4ndert sich (Jean-Marie Jacoby, Luxemburg), Von der NATO-Aggression 1999 gegen Jugoslawien zum Krieg gegen Russland\u2026","rel":"","context":"In &quot;Zentrale Veranstaltungen&quot;","block_context":{"text":"Zentrale Veranstaltungen","link":"https:\/\/www.freidenker.org\/?cat=20"},"img":{"alt_text":"","src":"https:\/\/i0.wp.com\/www.freidenker.org\/fw17\/wp-content\/uploads\/2023\/04\/multipolar_800x450.jpg?fit=800%2C450&ssl=1&resize=350%2C200","width":350,"height":200,"srcset":"https:\/\/i0.wp.com\/www.freidenker.org\/fw17\/wp-content\/uploads\/2023\/04\/multipolar_800x450.jpg?fit=800%2C450&ssl=1&resize=350%2C200 1x, https:\/\/i0.wp.com\/www.freidenker.org\/fw17\/wp-content\/uploads\/2023\/04\/multipolar_800x450.jpg?fit=800%2C450&ssl=1&resize=525%2C300 1.5x, https:\/\/i0.wp.com\/www.freidenker.org\/fw17\/wp-content\/uploads\/2023\/04\/multipolar_800x450.jpg?fit=800%2C450&ssl=1&resize=700%2C400 2x"},"classes":[]},{"id":3062,"url":"https:\/\/www.freidenker.org\/?p=3062","url_meta":{"origin":6870,"position":2},"title":"44. Kongress der Weltunion der Freidenker, 24. bis 26. Mai 2013","author":"Webredaktion","date":"20. Mai 2013","format":false,"excerpt":"Veranstaltungshinweis Der 44. Kongress der Weltunion der Freidenker findet vom 24. bis 26. Mai 2013 in Mannheim, B\u00fcrgerhaus Neckarstadt, Lutherstra\u00dfe 15-17 statt. Das Motto lautet \"Freies Denken und die Bereiche von Wirtschaft, Gesellschaft, Politik\". Zur Teilnahme am Samstag, 25.05.2013 seid ihr herzlich eingeladen. Am Sonntag, 26. Mai 2013 findet um\u2026","rel":"","context":"In &quot;Zentrale Veranstaltungen&quot;","block_context":{"text":"Zentrale Veranstaltungen","link":"https:\/\/www.freidenker.org\/?cat=20"},"img":{"alt_text":"","src":"https:\/\/i0.wp.com\/www.freidenker.org\/fw17\/wp-content\/uploads\/2013\/05\/heidelberg-2726936_800x445.jpg?fit=800%2C445&ssl=1&resize=350%2C200","width":350,"height":200,"srcset":"https:\/\/i0.wp.com\/www.freidenker.org\/fw17\/wp-content\/uploads\/2013\/05\/heidelberg-2726936_800x445.jpg?fit=800%2C445&ssl=1&resize=350%2C200 1x, https:\/\/i0.wp.com\/www.freidenker.org\/fw17\/wp-content\/uploads\/2013\/05\/heidelberg-2726936_800x445.jpg?fit=800%2C445&ssl=1&resize=525%2C300 1.5x, https:\/\/i0.wp.com\/www.freidenker.org\/fw17\/wp-content\/uploads\/2013\/05\/heidelberg-2726936_800x445.jpg?fit=800%2C445&ssl=1&resize=700%2C400 2x"},"classes":[]},{"id":1079,"url":"https:\/\/www.freidenker.org\/?p=1079","url_meta":{"origin":6870,"position":3},"title":"FREIDENKER 3-16 &#8211; Flucht &#8211; Migration &#8211; Imperialismus","author":"Webredaktion","date":"16. August 2016","format":false,"excerpt":"Die Ausgabe 3-16 des Verbandsorgans FREIDENKER hat das Schwerpunkt-Thema \"Flucht - Migration - Imperialismus\u201c und enth\u00e4lt u.a folgende Beitr\u00e4ge: - Klaus Hartmann: Gemeinsam f\u00fcr soziale Rechte und Frieden - Andreas Wehr: \"No Border - No Nation?\": Die Linken und die Nation - Doris Pumphrey: Flucht, Migration und Solidarit\u00e4t - Uli\u2026","rel":"","context":"In &quot;Verbandsorgan FREIDENKER&quot;","block_context":{"text":"Verbandsorgan FREIDENKER","link":"https:\/\/www.freidenker.org\/?cat=8"},"img":{"alt_text":"","src":"https:\/\/i0.wp.com\/www.freidenker.org\/fw17\/wp-content\/uploads\/2017\/12\/FD_2016-03_Titel_mR.jpg?fit=800%2C445&ssl=1&resize=350%2C200","width":350,"height":200,"srcset":"https:\/\/i0.wp.com\/www.freidenker.org\/fw17\/wp-content\/uploads\/2017\/12\/FD_2016-03_Titel_mR.jpg?fit=800%2C445&ssl=1&resize=350%2C200 1x, https:\/\/i0.wp.com\/www.freidenker.org\/fw17\/wp-content\/uploads\/2017\/12\/FD_2016-03_Titel_mR.jpg?fit=800%2C445&ssl=1&resize=525%2C300 1.5x, https:\/\/i0.wp.com\/www.freidenker.org\/fw17\/wp-content\/uploads\/2017\/12\/FD_2016-03_Titel_mR.jpg?fit=800%2C445&ssl=1&resize=700%2C400 2x"},"classes":[]},{"id":4366,"url":"https:\/\/www.freidenker.org\/?p=4366","url_meta":{"origin":6870,"position":4},"title":"Tagung der Weltunion der Freidenker und Kolloquium zum Thema &#8222;Fake News&#8220;","author":"Webredaktion","date":"4. September 2017","format":false,"excerpt":"B\u00fcro und Internationaler Rat der Weltunion der Freidenker (WUF) trafen sich am 1. und 2. September 2017 zu einer gemeinsamen Tagung in K\u00f6ln. Am Nachmittag des 2. September 2017 fand im K\u00f6lner Freidenker-Zentrum ein Kolloquium zum Thema \u201eFake news\u201c \u2013 eine Herausforderung f\u00fcr die Verteidigung des freien Denkens\" statt. Es\u2026","rel":"","context":"In &quot;Demokratie \u2013 Medien \u2013 Aufkl\u00e4rung&quot;","block_context":{"text":"Demokratie \u2013 Medien \u2013 Aufkl\u00e4rung","link":"https:\/\/www.freidenker.org\/?cat=12"},"img":{"alt_text":"","src":"https:\/\/i0.wp.com\/www.freidenker.org\/fw17\/wp-content\/uploads\/2018\/02\/fake-1903823_800x445.jpg?fit=800%2C445&ssl=1&resize=350%2C200","width":350,"height":200,"srcset":"https:\/\/i0.wp.com\/www.freidenker.org\/fw17\/wp-content\/uploads\/2018\/02\/fake-1903823_800x445.jpg?fit=800%2C445&ssl=1&resize=350%2C200 1x, https:\/\/i0.wp.com\/www.freidenker.org\/fw17\/wp-content\/uploads\/2018\/02\/fake-1903823_800x445.jpg?fit=800%2C445&ssl=1&resize=525%2C300 1.5x, https:\/\/i0.wp.com\/www.freidenker.org\/fw17\/wp-content\/uploads\/2018\/02\/fake-1903823_800x445.jpg?fit=800%2C445&ssl=1&resize=700%2C400 2x"},"classes":[]},{"id":22387,"url":"https:\/\/www.freidenker.org\/?p=22387","url_meta":{"origin":6870,"position":5},"title":"Konferenz der Weltunion der Freidenker","author":"Webredaktion","date":"15. Juli 2025","format":false,"excerpt":"80 Jahre nach der Befreiung \u2013 droht die R\u00fcckkehr von Faschismus und Krieg? Konferenz der Weltunion der Freidenker \/ Samstag, 16. August 2025, 10\u00a0bis\u00a017\u00a0Uhr \/ Danubius Hotel R\u00e1ba, Gy\u0151r, Ungarn Programm: - Geschichtsrevisionismus: Krieg gegen Russland und zionistischer V\u00f6lkermord (Klaus Hartmann, Offenbach am Main) - Die NATO: Steuergeldfressender Moloch \u2013\u2026","rel":"","context":"In &quot;Demokratie \u2013 Medien \u2013 Aufkl\u00e4rung&quot;","block_context":{"text":"Demokratie \u2013 Medien \u2013 Aufkl\u00e4rung","link":"https:\/\/www.freidenker.org\/?cat=12"},"img":{"alt_text":"","src":"https:\/\/i0.wp.com\/www.freidenker.org\/fw17\/wp-content\/uploads\/2025\/07\/Danubius_Hotel_Raba_Gyor_mit_Logo_800x450.jpg?fit=800%2C450&ssl=1&resize=350%2C200","width":350,"height":200,"srcset":"https:\/\/i0.wp.com\/www.freidenker.org\/fw17\/wp-content\/uploads\/2025\/07\/Danubius_Hotel_Raba_Gyor_mit_Logo_800x450.jpg?fit=800%2C450&ssl=1&resize=350%2C200 1x, https:\/\/i0.wp.com\/www.freidenker.org\/fw17\/wp-content\/uploads\/2025\/07\/Danubius_Hotel_Raba_Gyor_mit_Logo_800x450.jpg?fit=800%2C450&ssl=1&resize=525%2C300 1.5x, https:\/\/i0.wp.com\/www.freidenker.org\/fw17\/wp-content\/uploads\/2025\/07\/Danubius_Hotel_Raba_Gyor_mit_Logo_800x450.jpg?fit=800%2C450&ssl=1&resize=700%2C400 2x"},"classes":[]}],"_links":{"self":[{"href":"https:\/\/www.freidenker.org\/index.php?rest_route=\/wp\/v2\/posts\/6870","targetHints":{"allow":["GET"]}}],"collection":[{"href":"https:\/\/www.freidenker.org\/index.php?rest_route=\/wp\/v2\/posts"}],"about":[{"href":"https:\/\/www.freidenker.org\/index.php?rest_route=\/wp\/v2\/types\/post"}],"author":[{"embeddable":true,"href":"https:\/\/www.freidenker.org\/index.php?rest_route=\/wp\/v2\/users\/3"}],"replies":[{"embeddable":true,"href":"https:\/\/www.freidenker.org\/index.php?rest_route=%2Fwp%2Fv2%2Fcomments&post=6870"}],"version-history":[{"count":0,"href":"https:\/\/www.freidenker.org\/index.php?rest_route=\/wp\/v2\/posts\/6870\/revisions"}],"wp:featuredmedia":[{"embeddable":true,"href":"https:\/\/www.freidenker.org\/index.php?rest_route=\/wp\/v2\/media\/6876"}],"wp:attachment":[{"href":"https:\/\/www.freidenker.org\/index.php?rest_route=%2Fwp%2Fv2%2Fmedia&parent=6870"}],"wp:term":[{"taxonomy":"category","embeddable":true,"href":"https:\/\/www.freidenker.org\/index.php?rest_route=%2Fwp%2Fv2%2Fcategories&post=6870"},{"taxonomy":"post_tag","embeddable":true,"href":"https:\/\/www.freidenker.org\/index.php?rest_route=%2Fwp%2Fv2%2Ftags&post=6870"}],"curies":[{"name":"wp","href":"https:\/\/api.w.org\/{rel}","templated":true}]}}