{"id":686,"date":"2011-09-23T17:44:02","date_gmt":"2011-09-23T15:44:02","guid":{"rendered":"http:\/\/www.freidenker.org\/fw17\/?p=686"},"modified":"2018-02-18T13:45:42","modified_gmt":"2018-02-18T12:45:42","slug":"interview-in-junge-welt-mit-klaus-hartmann-zum-papstbesuch","status":"publish","type":"post","link":"https:\/\/www.freidenker.org\/?p=686","title":{"rendered":"Interview in &#8222;junge Welt&#8220; mit Klaus Hartmann zum Papstbesuch"},"content":{"rendered":"<p><em>Interview in &#8222;junge Welt&#8220; mit Klaus Hartmann<\/em><br \/>\n<em>23.09.2011 \/ Schwerpunkt \/ Seite 3<\/em><\/p>\n<h3>\u00bbPermanent werden Events kreiert\u00ab<\/h3>\n<h4>Religionskritik bleibt Gesellschaftskritik: Freidenker protestieren gegen Papstbesuch, k\u00e4mpfen aber auch mit Gl\u00e4ubigen f\u00fcr Frieden und gegen atheistische Kriegstreiber. Gespr\u00e4ch mit Klaus Hartmann<\/h4>\n<address>R\u00fcdiger G\u00f6bel<\/address>\n<div class=\"Content\"><\/div>\n<p><b><i>Am gestrigen Donnerstag ist Papst Benedikt XVI. in Berlin gelandet. Ein erhebendes Erlebnis auch f\u00fcr Freidenker?<br \/>\n<\/i><\/b><\/p>\n<p>Gott bewahre. Immerhin schleckte er nicht die Landebahn ab wie sein Vorg\u00e4nger. Ansonsten ist er uns ein teurer Gast, zumindest verglichen mit den j\u00e4hrlich 20 Millionen Berlin-Touristen, die in der Regel Selbstzahler sind. 25 bis 30 Millionen Euro soll der Spa\u00df laut Deutscher Bischofskonferenz kosten, allein der Altar im Olympiastadion kostete 400000 Euro, und der bleibt ja f\u00fcr die folgenden Spiele nicht stehen. Die Kirche spricht zwar viel \u00fcber ihre Beitr\u00e4ge, aber kein Wort erf\u00e4hrt man \u00fcber die \u00f6ffentliche Hand, die ja auch von Evangelen, Muslimen und Konfessionsfreien gef\u00fcttert wird. Sie d\u00fcrfen ungefragt nochmal in \u00e4hnlicher Gr\u00f6\u00dfenordnung, u.a. f\u00fcr die \u00bbSicherheit\u00ab des Besuchers und seiner Fans, \u00bbspenden\u00ab.<\/p>\n<p><b><i>Aber au\u00dfer den Kosten st\u00f6rt der Besuch doch generell?<br \/>\n<\/i><\/b><\/p>\n<p>Das w\u00fcrde ich pers\u00f6nlich nicht unterschreiben, ich kann ihm auch Positives abgewinnen, und damit meine ich nicht nur, da\u00df er am Sonntag schon zu Ende ist. Nein, der Papstbesuch bringt vielen ins Bewu\u00dftsein, was alles faul ist in der Kirche, aber auch im Verh\u00e4ltnis zum Staat. Nehmen wir den hei\u00df umstrittenen Auftritt im Bundestag. Dort reden ja viele sonderbare Gestalten, warum nicht Ratzinger, k\u00f6nnte man fragen. Aber darum geht es nicht. Wenn Staat und Kirche getrennt sind, hat ein Missionar im Parlament nichts verloren, au\u00dfer auf der Besucherempore. Wenn die Kirche die Pfarrerstochter Merkel im Dom predigen oder Bodo Ramelow das Wort zum Sonntag ausbringen lie\u00dfe, sind das deren private Vergn\u00fcgungen. Aber einerseits Kopftuchverbot f\u00fcr Beamtinnen und dann dieser Kost\u00fcmierte am Rednerpult des Bundestages \u2013 wie soll das zusammenpassen? Bundesregierung und Bundestagsmehrheit haben ihre Chance genutzt, sich als Verfassungsfeinde zu outen. Entgegen der verfassungsm\u00e4\u00dfigen Neutralit\u00e4t des Staates in Religions- und Weltanschauungsfragen machten sie den Bundestag zum Gotteshaus. Kritiker an dieser Entscheidung wurden hysterisch niedergemacht. Das zeugt von Besessenheit der christlich-abendl\u00e4ndischen Leitkultur-K\u00e4mpfer, die Akzeptanz der Rede im Bundestag wurde als Unterwerfungsgeste und Gesinnungstest verlangt. Ein sch\u00f6ner Einblick in die gepriesene Freiheit und Demokratie.<\/p>\n<p><b><i>Um den Besuch wird ein immenser medialer Hype inszeniert \u2026<br \/>\n<\/i><\/b><\/p>\n<p>Das hat nichts mit Religion zu tun, das geh\u00f6rt zum Gesch\u00e4ft der Mainstreammedien, zu ihrem Auftrag: Brot und Spiele, Zerstreuung und Ablenkung vom Wesentlichen. Die Menschen sollen permanent in Atem gehalten werden, nicht zu sich selbst kommen, nicht gegen ihre eigene bedr\u00fcckende Situation aktiv werden, nicht deren Ursachen und Verursacher erkennen. Das ist ein Programm zur Volksverdummung. Permanent werden Events kreiert, Stars geboren, Idole zur Identifikation angeboten, man k\u00f6nnte sagen, jeden Tag wird eine neue Sau durchs Dorf getrieben. Als k\u00fcrzlich Georg-Friedrich von Hohenzollern, Prinz von Preu\u00dfen, die Sophie Prinzessin zu Isenburg heiratete (Neue Ruhr Zeitung: Er \u00bbw\u00e4re heute deutscher Kaiser, wenn nicht 1918 alles anders gekommen w\u00e4re\u00ab), berichtete die ARD-Anstalt RBB live, drei Stunden lang, von der \u00f6kumenischen Hochzeit in Potsdam. \u00bbDas Leben der anderen\u00ab wird permanent \u00f6ffentlich feilgeboten, auf da\u00df die Menschen die Illusion der Teilhabe am Glamour haben, ihre W\u00fcnsche und Sehns\u00fcchte auf Idole projizieren und von Verbotenem wie Klassenkampf die Finger lassen. Das Springer-Hochhaus in Berlin zeigt das Motto in diesen Tagen \u00fcberdimensional: Auf zwei Transparenten von 45&#215;65 Metern sehen wir jene Titelseite mit der debilen \u00dcberschrift \u00bbWir sind Papst\u00ab.<\/p>\n<p><b><i>Trotzdem interessiert sich das Gros der Bev\u00f6lkerung nicht f\u00fcr den Besuch des Papstes. Zu seinen Auftritten in Freiburg kommen deutlich weniger, als von der Kirche erwartet. Lohnt sich da der ganze Protestaufwand?<br \/>\n<\/i><\/b><\/p>\n<p>Es ist ganz in unserem Sinne, wenn \u00fcber 80 Prozent der Bev\u00f6lkerung ihr Desinteresse bekunden, und die Vermarktung zum Megaevent eines Popstars durch die Massenmedien wird der Kirche kaum neue Schafe in die Arme treiben. Unabh\u00e4ngig davon gibt es eine gesteigerte \u00f6ffentliche Aufmerksamkeit f\u00fcr das vordemokratische Verh\u00e4ltnis von Staat und Kirche in Deutschland, die Chance, das S\u00fcndenregister der katholischen Kirche, die j\u00fcngsten Skandale wieder in Erinnerung zu rufen: Nach der fehlgeschlagenen Vertuschung klerikaler Sexualverbrechen hat das Wort vom \u00bbPriesternotstand\u00ab eine ganz neue Bedeutung bekommen. Ein weitverbreitetes Mi\u00dfverst\u00e4ndnis ist, der Papst habe sich daf\u00fcr entschuldigt. Tats\u00e4chlich hat er den Kindesmi\u00dfbrauch mit den Zeitumst\u00e4nden entschuldigt, denn die Zunahme der Pornographie mit Kindern \u00bbschien in gewisser Weise von der Gesellschaft zunehmend als normal betrachtet zu werden\u00ab, predigte er an Weihnachten in Irland. Noch ein Mi\u00dfverst\u00e4ndnis: Die vermeintliche Liberalisierung beim Kondomverkehr gilt nur bei infizierten Prostituierten, f\u00fcr alle anderen gilt das gef\u00e4hrdende bis todbringende Verbot weiter.<\/p>\n<p>Die menschenfeindlichen Positionen der Papstkirche bringen bemerkenswert viele Menschen in Bewegung. B\u00fcndnisse machen mobil, die Freidenker unterst\u00fctzen u. a. den Demo-Aufruf \u00bbKeine Macht den Dogmen\u00ab. Dabei traten wir am Donnerstag in Berlin f\u00fcr die Durchsetzung von Vernunft und Humanismus im Denken und in der gesellschaftlichen Praxis sowie f\u00fcr die strikte Trennung von Staat und Kirche ein. Wir machen deutlich, da\u00df es nicht nur im religi\u00f6sen Bereich irrational zugeht, sondern auch im weltlichen, kurz: Der Kapitalismus ist h\u00f6chst unvern\u00fcnftig, er ist menschenfeindlich, nicht zukunftsvertr\u00e4glich, er bedeutet Krisen und Kriege.<\/p>\n<p><b><i>Das klingt danach, da\u00df Papstbesuch, Kirchen und religi\u00f6se Themen nicht im Zentrum des Interesses und der Aktivit\u00e4ten der Freidenker stehen.<br \/>\n<\/i><\/b><\/p>\n<p>Vollkommen richtig. Freidenker sind eine Weltanschauungsgemeinschaft, sie vertreten eine nichtreligi\u00f6se, also eine philosophische Weltanschauung. Ihre Grundlagen sind philosophischer Materialismus, Dialektik und eine darauf gegr\u00fcndete Geschichtsauffassung. Das bedeutet, der Mensch kann die Welt erkennen und ver\u00e4ndern. Zweitens sind wir Kulturorganisation, befassen uns also mit dem Zusammenleben der Menschen, propagieren eine Gesellschaft ohne Ausbeutung und Kriege. Um daf\u00fcr Menschen in Bewegung zu bringen, m\u00fcssen sie der Gehirnw\u00e4sche widerstehen, mit dem eigenen Kopf denken, und deshalb betrachten wir Aufkl\u00e4rung als unsere Hauptaufgabe. Die aktuelle Wirtschaftskrise wirft ein grelles Licht auf die Gefahren der heutigen Weltsituation. Krisen wurden bisher immer durch Vernichtung von \u00dcberkapazit\u00e4ten \u00bbgel\u00f6st\u00ab: von Produktionsmitteln und Menschen. Seit der Niederlage des Sozialismus in Europa sind neokolonialistische Kriege wieder an der Tagesordnung, das V\u00f6lkerrecht wird aus den Angeln gehoben, die Schlacht um die erneute Neuaufteilung der Welt ist in vollem Gange. Wer garantiert, da\u00df es bei Stellvertreterkriegen und regional begrenzten Aggressionen bleibt? Ab wann der Beginn eines dritten Weltkrieges zu datieren ist, k\u00f6nnen nur Historiker im nachhinein entscheiden \u2013 sofern welche \u00fcberleben. Aber die aktuellen Schlachten zeigen die eindeutige Tendenz der Einkreisung und Provokation Ru\u00dflands und Chinas, der Zur\u00fcckdr\u00e4ngung ihres Einflusses. Die Gefahren dieses Abenteurertums sind leider noch nicht vielen Menschen zu Bewu\u00dftsein gekommen.<\/p>\n<p><b><i>Religi\u00f6se Fragen sind demnach nicht die entscheidenden?<br \/>\n<\/i><\/b><\/p>\n<p>Wir k\u00e4mpfen nicht gegen die Religion oder die Gl\u00e4ubigen. Wir klagen die kriminellen Machenschaften des Vatikans an, von der Hexenverbrennung bis zur Geldw\u00e4sche der Vatikanbank heute. Wir klagen Ratzinger an, wenn er der islamophoben Propaganda der neokolonialistischen Kreuzz\u00fcgler seinen \u00bbtheologischen\u00ab Segen spendet. Oder seine Milit\u00e4rbisch\u00f6fe die Moral der Truppe beim Totschie\u00dfen von Afghanen aufr\u00fcsten. Wenn Ratzinger beim Kroatien-Besuch im Juni 2011 am Grab von Erzbischof Stepinac den Schutzheiligen der Ustascha-Faschisten zum \u00bbchristlichen Humanisten\u00ab ausruft. In diesem Sinne bleibt unsere Religionskritik immer Gesellschaftskritik. Wir k\u00e4mpfen gemeinsam mit Gl\u00e4ubigen gegen den Krieg, aber uns verbindet nichts mit den \u00bbatheistischen\u00ab Kriegstreibern des \u00bbMenschenrechts\u00ab-Imperialismus gegen Jugoslawien bis Libyen.<\/p>\n<hr \/>\n<p>Beitragsbild, Klaus Hartmann: \u00a9 2013 by Schattenblick \/ http:\/\/www.schattenblick.de<\/p>\n","protected":false},"excerpt":{"rendered":"<p>F: Am gestrigen Donnerstag ist Papst Benedikt XVI. in Berlin gelandet. Ein erhebendes Erlebnis auch f\u00fcr Freidenker?<br \/>\nA: Gott bewahre. Immerhin schleckte er nicht die Landebahn ab wie sein Vorg\u00e4nger. Ansonsten ist er uns ein teurer Gast, zumindest verglichen mit den j\u00e4hrlich 20 Millionen Berlin-Touristen, die in der Regel Selbstzahler sind. 25 bis 30 Millionen Euro soll der Spa\u00df laut Deutscher Bischofskonferenz kosten, allein der Altar im Olympiastadion kostete 400000 Euro, und der bleibt ja f\u00fcr die folgenden Spiele nicht stehen. Die Kirche spricht zwar viel \u00fcber ihre Beitr\u00e4ge, aber kein Wort erf\u00e4hrt man \u00fcber die \u00f6ffentliche Hand, die ja auch von Evangelen, Muslimen und Konfessionsfreien gef\u00fcttert wird. Sie d\u00fcrfen ungefragt nochmal in \u00e4hnlicher Gr\u00f6\u00dfenordnung, u.a. f\u00fcr die \u00bbSicherheit\u00ab des Besuchers und seiner Fans, \u00bbspenden\u00ab.<\/p>\n","protected":false},"author":2,"featured_media":687,"comment_status":"closed","ping_status":"closed","sticky":false,"template":"","format":"standard","meta":{"colormag_page_container_layout":"default_layout","colormag_page_sidebar_layout":"default_layout","advanced_seo_description":"","jetpack_seo_html_title":"","jetpack_seo_noindex":false,"jetpack_post_was_ever_published":false,"footnotes":""},"categories":[15],"tags":[61,328],"class_list":["post-686","post","type-post","status-publish","format-standard","has-post-thumbnail","hentry","category-religions-kirchenkritik","tag-klaus-hartmann","tag-papstbesuch-2010"],"jetpack_featured_media_url":"https:\/\/i0.wp.com\/www.freidenker.org\/fw17\/wp-content\/uploads\/2016\/08\/Klaus_Hartmann_01.jpg?fit=800%2C445&ssl=1","jetpack_shortlink":"https:\/\/wp.me\/p9stpK-b4","jetpack-related-posts":[{"id":6894,"url":"https:\/\/www.freidenker.org\/?p=6894","url_meta":{"origin":686,"position":0},"title":"Freidenker-Brief EXTRA August 2019: Kurs diktieren oder diskutieren?","author":"Webredaktion","date":"31. August 2019","format":false,"excerpt":"Auf die Ver\u00f6ffentlichungen der jungen Welt am 10. August 2019 zu dem Appell \u201eWir wollen Transparenz, junge Welt!\u201c erscheint hier die Antwort der Attackierten Dr. Diether Dehm und Klaus Hartmann. Das hat zwei Gr\u00fcnde: Der erste Grund h\u00e4ngt mit dem Konflikt unmittelbar zusammen, bildet dessen Kern: dass n\u00e4mlich seitens der\u2026","rel":"","context":"In &quot;Demokratie \u2013 Medien \u2013 Aufkl\u00e4rung&quot;","block_context":{"text":"Demokratie \u2013 Medien \u2013 Aufkl\u00e4rung","link":"https:\/\/www.freidenker.org\/?cat=12"},"img":{"alt_text":"","src":"https:\/\/i0.wp.com\/www.freidenker.org\/fw17\/wp-content\/uploads\/2019\/08\/fd-brief-2019-august-coll.jpg?fit=800%2C445&ssl=1&resize=350%2C200","width":350,"height":200,"srcset":"https:\/\/i0.wp.com\/www.freidenker.org\/fw17\/wp-content\/uploads\/2019\/08\/fd-brief-2019-august-coll.jpg?fit=800%2C445&ssl=1&resize=350%2C200 1x, https:\/\/i0.wp.com\/www.freidenker.org\/fw17\/wp-content\/uploads\/2019\/08\/fd-brief-2019-august-coll.jpg?fit=800%2C445&ssl=1&resize=525%2C300 1.5x, https:\/\/i0.wp.com\/www.freidenker.org\/fw17\/wp-content\/uploads\/2019\/08\/fd-brief-2019-august-coll.jpg?fit=800%2C445&ssl=1&resize=700%2C400 2x"},"classes":[]},{"id":7159,"url":"https:\/\/www.freidenker.org\/?p=7159","url_meta":{"origin":686,"position":1},"title":"Quo vadis junge Welt?","author":"Webredaktion","date":"6. November 2019","format":false,"excerpt":"Video-Interview mit Klaus Hartmann Ein Aufruferkreis von \u00fcber sechzig Unterzeichner*innen forderte im Juli 2019 die linke Tageszeitung junge Welt auf, einige kritische Fragen zu beantworten. ... Was zun\u00e4chst als interne Kritik gedacht war, wurde schnell \u00f6ffentlich. ... Mittlerweile werden der Aufruf und die Reaktion der jW haupts\u00e4chlich in linken Kreisen\u2026","rel":"","context":"In &quot;Demokratie \u2013 Medien \u2013 Aufkl\u00e4rung&quot;","block_context":{"text":"Demokratie \u2013 Medien \u2013 Aufkl\u00e4rung","link":"https:\/\/www.freidenker.org\/?cat=12"},"img":{"alt_text":"","src":"https:\/\/i0.wp.com\/www.freidenker.org\/fw17\/wp-content\/uploads\/2019\/11\/klaus_hartmann_weltnetz_800x445.jpg?fit=800%2C445&ssl=1&resize=350%2C200","width":350,"height":200,"srcset":"https:\/\/i0.wp.com\/www.freidenker.org\/fw17\/wp-content\/uploads\/2019\/11\/klaus_hartmann_weltnetz_800x445.jpg?fit=800%2C445&ssl=1&resize=350%2C200 1x, https:\/\/i0.wp.com\/www.freidenker.org\/fw17\/wp-content\/uploads\/2019\/11\/klaus_hartmann_weltnetz_800x445.jpg?fit=800%2C445&ssl=1&resize=525%2C300 1.5x, https:\/\/i0.wp.com\/www.freidenker.org\/fw17\/wp-content\/uploads\/2019\/11\/klaus_hartmann_weltnetz_800x445.jpg?fit=800%2C445&ssl=1&resize=700%2C400 2x"},"classes":[]},{"id":25027,"url":"https:\/\/www.freidenker.org\/?p=25027","url_meta":{"origin":686,"position":2},"title":"Interview mit Klaus Hartmann auf der Demo &#8222;Weltweites Friedenszeichen&#8220;","author":"Webredaktion","date":"27. April 2026","format":false,"excerpt":"Interview von freidenken.TV mit Klaus Hartmann Der Freidenkerverband (gegr. 1881 in Frankfurt) setzt sich seit jeher f\u00fcr Aufkl\u00e4rung, Trennung von Staat und Kirche sowie gegen Krieg und Militarismus ein. Urspr\u00fcnglich als Selbsthilfe f\u00fcr Dissidenten (z. B. gegen Lehrverbote) aktiv, k\u00e4mpft er heute gegen Kriegshetze (NATO, Bundeswehr-\u201eOperationsplan Deutschland\u201c) und die Instrumentalisierung\u2026","rel":"","context":"In &quot;Aktuelles&quot;","block_context":{"text":"Aktuelles","link":"https:\/\/www.freidenker.org\/?cat=574"},"img":{"alt_text":"","src":"https:\/\/i0.wp.com\/www.freidenker.org\/fw17\/wp-content\/uploads\/2026\/04\/hartmann_yt_friedensdemo_800x450.jpg?fit=800%2C450&ssl=1&resize=350%2C200","width":350,"height":200,"srcset":"https:\/\/i0.wp.com\/www.freidenker.org\/fw17\/wp-content\/uploads\/2026\/04\/hartmann_yt_friedensdemo_800x450.jpg?fit=800%2C450&ssl=1&resize=350%2C200 1x, https:\/\/i0.wp.com\/www.freidenker.org\/fw17\/wp-content\/uploads\/2026\/04\/hartmann_yt_friedensdemo_800x450.jpg?fit=800%2C450&ssl=1&resize=525%2C300 1.5x, https:\/\/i0.wp.com\/www.freidenker.org\/fw17\/wp-content\/uploads\/2026\/04\/hartmann_yt_friedensdemo_800x450.jpg?fit=800%2C450&ssl=1&resize=700%2C400 2x"},"classes":[]},{"id":6600,"url":"https:\/\/www.freidenker.org\/?p=6600","url_meta":{"origin":686,"position":3},"title":"\u201eNationale Frage\u201c, \u201enationale Positionen\u201c?","author":"Webredaktion","date":"6. Juli 2019","format":false,"excerpt":"Am 7. und 13. Juni sowie am 1. Juli 2019 erschienen Beitr\u00e4ge in der Tageszeitung \u201ejunge Welt\" mit Erw\u00e4hnungen des Deutschen Freidenker-Verbandes und des Vorsitzenden Klaus Hartmann. W\u00e4hrend im ersten Beitrag u.a. behauptet wurde, \u201eHartmann (...) beschimpft uns als \u00bbDreckschleuder\u00ab\u201c, wurde im folgenden Beitrag bekannt, diesen \u201eVorwurf halten wir nicht\u2026","rel":"","context":"In &quot;Zeit der Verleumder - Freidenker f\u00fcr Klartext&quot;","block_context":{"text":"Zeit der Verleumder - Freidenker f\u00fcr Klartext","link":"https:\/\/www.freidenker.org\/?cat=937"},"img":{"alt_text":"","src":"https:\/\/i0.wp.com\/www.freidenker.org\/fw17\/wp-content\/uploads\/2019\/07\/klartext_news-2097363_800x445_v3.jpg?fit=800%2C445&ssl=1&resize=350%2C200","width":350,"height":200,"srcset":"https:\/\/i0.wp.com\/www.freidenker.org\/fw17\/wp-content\/uploads\/2019\/07\/klartext_news-2097363_800x445_v3.jpg?fit=800%2C445&ssl=1&resize=350%2C200 1x, https:\/\/i0.wp.com\/www.freidenker.org\/fw17\/wp-content\/uploads\/2019\/07\/klartext_news-2097363_800x445_v3.jpg?fit=800%2C445&ssl=1&resize=525%2C300 1.5x, https:\/\/i0.wp.com\/www.freidenker.org\/fw17\/wp-content\/uploads\/2019\/07\/klartext_news-2097363_800x445_v3.jpg?fit=800%2C445&ssl=1&resize=700%2C400 2x"},"classes":[]},{"id":4209,"url":"https:\/\/www.freidenker.org\/?p=4209","url_meta":{"origin":686,"position":4},"title":"Video: Klaus Hartmann im Kreuzverh\u00f6r bei Dr. Seltsam 2018","author":"Webredaktion","date":"25. Januar 2018","format":false,"excerpt":"Klaus Hartmann bei Dr. Seltam am 14.01.2018 in Berlin Realsatire \u2013 auch wenn die Lage ernst ist... Was war (2017) und was ist los in der Welt? Was ist los in der Friedensbewegung? Ziele, B\u00fcndnisse und St\u00f6rman\u00f6ver, Spaltungsversuche. Der Vorsitzende des Deutschen Freidenker-Verbandes, Klaus Hartmann, steht f\u00fcr ebenso glasklare wie\u2026","rel":"","context":"In &quot;Demokratie \u2013 Medien \u2013 Aufkl\u00e4rung&quot;","block_context":{"text":"Demokratie \u2013 Medien \u2013 Aufkl\u00e4rung","link":"https:\/\/www.freidenker.org\/?cat=12"},"img":{"alt_text":"","src":"https:\/\/i0.wp.com\/www.freidenker.org\/fw17\/wp-content\/uploads\/2018\/01\/dr-seltsam_2018_af-video.jpg?fit=800%2C445&ssl=1&resize=350%2C200","width":350,"height":200,"srcset":"https:\/\/i0.wp.com\/www.freidenker.org\/fw17\/wp-content\/uploads\/2018\/01\/dr-seltsam_2018_af-video.jpg?fit=800%2C445&ssl=1&resize=350%2C200 1x, https:\/\/i0.wp.com\/www.freidenker.org\/fw17\/wp-content\/uploads\/2018\/01\/dr-seltsam_2018_af-video.jpg?fit=800%2C445&ssl=1&resize=525%2C300 1.5x, https:\/\/i0.wp.com\/www.freidenker.org\/fw17\/wp-content\/uploads\/2018\/01\/dr-seltsam_2018_af-video.jpg?fit=800%2C445&ssl=1&resize=700%2C400 2x"},"classes":[]},{"id":1146,"url":"https:\/\/www.freidenker.org\/?p=1146","url_meta":{"origin":686,"position":5},"title":"Freidenker-Brief 3-2016: Freidenker-Verbandstag und KenFM-Interview mit Klaus Hartmann","author":"Webredaktion","date":"7. Juni 2016","format":false,"excerpt":"Der \"Freidenker-Brief\" gibt zun\u00e4chst die Presseerkl\u00e4rung zum Freidenker-Verbandstag wieder, und verweist auf ein Telefon-Interview von KenFM mit Klaus Hartmann, in dem der DFV-Bundesvorsitzende erl\u00e4utert, wer die Freidenker sind, woher sie kommen, wof\u00fcr die stehen, und wie sie in der Friedenbewegung aktiv sind. Klaus Hartmann vertritt darin die Auffassung, dass die\u2026","rel":"","context":"In &quot;Freidenker-Brief&quot;","block_context":{"text":"Freidenker-Brief","link":"https:\/\/www.freidenker.org\/?cat=341"},"img":{"alt_text":"","src":"https:\/\/i0.wp.com\/www.freidenker.org\/fw17\/wp-content\/uploads\/2016\/06\/news-1713669_800x445.jpg?fit=800%2C445&ssl=1&resize=350%2C200","width":350,"height":200,"srcset":"https:\/\/i0.wp.com\/www.freidenker.org\/fw17\/wp-content\/uploads\/2016\/06\/news-1713669_800x445.jpg?fit=800%2C445&ssl=1&resize=350%2C200 1x, https:\/\/i0.wp.com\/www.freidenker.org\/fw17\/wp-content\/uploads\/2016\/06\/news-1713669_800x445.jpg?fit=800%2C445&ssl=1&resize=525%2C300 1.5x, https:\/\/i0.wp.com\/www.freidenker.org\/fw17\/wp-content\/uploads\/2016\/06\/news-1713669_800x445.jpg?fit=800%2C445&ssl=1&resize=700%2C400 2x"},"classes":[]}],"_links":{"self":[{"href":"https:\/\/www.freidenker.org\/index.php?rest_route=\/wp\/v2\/posts\/686","targetHints":{"allow":["GET"]}}],"collection":[{"href":"https:\/\/www.freidenker.org\/index.php?rest_route=\/wp\/v2\/posts"}],"about":[{"href":"https:\/\/www.freidenker.org\/index.php?rest_route=\/wp\/v2\/types\/post"}],"author":[{"embeddable":true,"href":"https:\/\/www.freidenker.org\/index.php?rest_route=\/wp\/v2\/users\/2"}],"replies":[{"embeddable":true,"href":"https:\/\/www.freidenker.org\/index.php?rest_route=%2Fwp%2Fv2%2Fcomments&post=686"}],"version-history":[{"count":0,"href":"https:\/\/www.freidenker.org\/index.php?rest_route=\/wp\/v2\/posts\/686\/revisions"}],"wp:featuredmedia":[{"embeddable":true,"href":"https:\/\/www.freidenker.org\/index.php?rest_route=\/wp\/v2\/media\/687"}],"wp:attachment":[{"href":"https:\/\/www.freidenker.org\/index.php?rest_route=%2Fwp%2Fv2%2Fmedia&parent=686"}],"wp:term":[{"taxonomy":"category","embeddable":true,"href":"https:\/\/www.freidenker.org\/index.php?rest_route=%2Fwp%2Fv2%2Fcategories&post=686"},{"taxonomy":"post_tag","embeddable":true,"href":"https:\/\/www.freidenker.org\/index.php?rest_route=%2Fwp%2Fv2%2Ftags&post=686"}],"curies":[{"name":"wp","href":"https:\/\/api.w.org\/{rel}","templated":true}]}}