{"id":6838,"date":"2019-08-22T04:11:17","date_gmt":"2019-08-22T02:11:17","guid":{"rendered":"https:\/\/www.freidenker.org\/?p=6838"},"modified":"2019-09-16T04:13:17","modified_gmt":"2019-09-16T02:13:17","slug":"demokratieabbau-fuers-klima","status":"publish","type":"post","link":"https:\/\/www.freidenker.org\/?p=6838","title":{"rendered":"Demokratieabbau f\u00fcr&#8217;s Klima?"},"content":{"rendered":"<p><em>Erstver\u00f6ffentlichung am 05.08.2019 in der Rubrik <a href=\"https:\/\/kenfm.de\/standpunkte-%E2%80%A2-wer-ueber-den-notstand-entscheidet\/\" target=\"_blank\" rel=\"noopener noreferrer\">STANDPUNKTE<\/a> auf <a href=\"https:\/\/kenfm.de\/\" target=\"_blank\" rel=\"noopener noreferrer\">KenFM<\/a><\/em><\/p>\n<p>Den Beitrag als Audio-Datei anh\u00f6ren:<\/p>\n<audio class=\"wp-audio-shortcode\" id=\"audio-6838-1\" preload=\"none\" style=\"width: 100%;\" controls=\"controls\"><source type=\"audio\/mpeg\" src=\"https:\/\/www.freidenker.org\/fw17\/wp-content\/uploads\/2019\/08\/standpunkte-der-podcast-20190805.mp3?_=1\" \/><a href=\"https:\/\/www.freidenker.org\/fw17\/wp-content\/uploads\/2019\/08\/standpunkte-der-podcast-20190805.mp3\">https:\/\/www.freidenker.org\/fw17\/wp-content\/uploads\/2019\/08\/standpunkte-der-podcast-20190805.mp3<\/a><\/audio>\n<p>&nbsp;<\/p>\n<p>Der Beitrag ist auch auf YouTube verf\u00fcgbar: <a href=\"https:\/\/www.youtube.com\/watch?v=1RVKF08PgB8\" target=\"_blank\" rel=\"noopener noreferrer\">https:\/\/www.youtube.com\/watch?v=1RVKF08PgB8<\/a><\/p>\n<h4>STANDPUNKTE \u2022 \u2026 wer \u00fcber den Notstand entscheidet<\/h4>\n<p><em>Ein Standpunkt <strong>von Dagmar Henn.<br \/>\n<\/strong><\/em><\/p>\n<table style=\"width: 100%; border-collapse: collapse; background-color: #ebd9b7;\" cellpadding=\"1\">\n<tbody>\n<tr>\n<td style=\"width: 100%;\"><span style=\"font-size: 10pt;\"><strong>Hinweis<\/strong>: Die wissenschaftliche Frage der menschengemachten Erderw\u00e4rmung wird im Deutschen Freidenker-Verband nicht als entschieden betrachtet und offen diskutiert. Die hierzu ge\u00e4u\u00dferte Position des Autors gibt nicht notwendig die Meinung des Gesamtverbands wieder. Entscheidend ist f\u00fcr uns als Freidenker die Enth\u00fcllung, da\u00df mit dem sch\u00f6nen Wort &#8222;Klimaschutz&#8220; der Widerstand gegen reaktion\u00e4rste politische Ma\u00dfnahmen gebrochen werden soll und ein irrationales Angstklima in der Gesellschaft erzeugt wird.<\/span><\/td>\n<\/tr>\n<\/tbody>\n<\/table>\n<p>Manchmal werden politische Ver\u00e4nderungen eingeleitet wie Dressurakte \u2013 man wird so lange mit bestimmten Worten traktiert, bis sie v\u00f6llig normal scheinen, unschuldig, allt\u00e4glich. In den letzten Monaten beschlich mich das unheimliche Gef\u00fchl, gerade solch einen Moment mit dem Begriff <em>\u201aNotstand\u2018<\/em> zu erleben.<\/p>\n<p>Das ist doch nicht b\u00f6se gemeint, werden da manche einwenden, <em>\u201aKlimanotstand\u2018<\/em>, das ist doch nur Symbolpolitik, weil L\u00e4nder und Kommunen gar keine Befugnis haben, einen rechtswirksamen Notstand zu erkl\u00e4ren \u2013 das kann nur der Bundestag. Aber auf entsprechenden Webseiten ist nicht zu finden, dass diese Erkl\u00e4rung nur symbolisch gemeint sei; das ergibt letztlich auch keinen Sinn. <a href=\"https:\/\/fridaysforfuture.de\/forderungen\" target=\"_blank\" rel=\"noopener noreferrer\">So steht auf <em>Fridays for Future.de<\/em><\/a> (1):<\/p>\n<blockquote><p><i>\u201eFridays For Future Deutschland fordert die Regierungen auf Kommunal- Landes- und Bundesebene auf, die Klimakrise als solche zu benennen und sofortige Handlungsinitiative auf allen Ebenen zu ergreifen. Noch haben wir die Chance und damit die Verantwortung, eine Klimakatastrophe abzuwenden. F\u00fcr den notwendigen Wandel m\u00fcssen sektor\u00fcbergreifend grundlegende Ver\u00e4nderungen stattfinden. Vorallem in den Sektoren Energieerzeugung, Wohnen und Bauen, Industrie, Transport und Verkehr sowie Landwirtschaft sind enorme Anstrengungen n\u00f6tig.\u201c\u00a0<\/i><\/p><\/blockquote>\n<p>Nehmen wir ein einfaches <a href=\"https:\/\/www.bundestag.de\/blob\/549342\/...\/wd-5-027-18-pdf-data.pdf\" target=\"_blank\" rel=\"noopener noreferrer\">Beispiel aus dem Bereich Verkehr<\/a> (2): In Deutschland sind nach wie vor gro\u00dfe Teile des Bahnnetzes nicht elektrifiziert, m\u00fcssen also mit Dieselloks bedient werden. Klar, die Elektrifizierung ist \u00fcberf\u00e4llig, schon, um dem europ\u00e4ischen Standard zu entsprechen \u2013 aber es gibt dabei ein klitzekleines Problem. <a href=\"https:\/\/www.verkehrsbrief.de\/elektrifizierung-der-bahn-mit-oder-ohne-oberleitung\/\" target=\"_blank\" rel=\"noopener noreferrer\">Wenn eine Strecke nachtr\u00e4glich elektrifiziert wird<\/a>, gilt das planungsrechtlich als eine neue Bauma\u00dfnahme; das heisst gleichzeitig aber, dass alles um die Bahnstrecke herum nach den aktuellen Vorgaben erstellt werden muss, also beispielsweise L\u00e4rmschutzw\u00e4nde errichtet werden m\u00fcssten, die unter Bestandsschutz nicht n\u00f6tig waren (3).<\/p>\n<p>Ist doch nur gut, werden manche sagen, dass dann aktuelle Standards eingehalten werden. Allerdings br\u00e4uchte es schon massiven politischen Druck, um die Elektrifizierung selbst durchzusetzen; im Jahr 2016 wurden beispielsweise ganze 211 km mit Oberleitung oder Stromschienen versehen, von \u00fcber 13 000 Streckenkilometern, die noch ausstehen.<\/p>\n<p>Da es einen neuen Bauantrag braucht, mit allen Folgen (eventuell zu bauende L\u00e4rmschutzw\u00e4nde, f\u00fcr die in angrenzende Grundst\u00fccke eingegriffen werden muss, die eher nicht der Bahn geh\u00f6ren, k\u00f6nnen allein schon zu jahrelangen Prozessen f\u00fchren), ist diese Elektrifizierung selbst dann noch, wenn die Haushaltsmittel daf\u00fcr zur Verf\u00fcgung gestellt w\u00fcrden, ein z\u00e4her Prozess.<\/p>\n<p>Man sollte aber nie vergessen, dass die Langsamkeit der Planungsverfahren eine Folge ihrer Demokratisierung ist, und jede Beschleunigung solcher Verfahren die B\u00fcrger um erk\u00e4mpfte Rechte bringt. Wer sich an die Zeiten von Whyl bis Wackersdorf erinnert, wei\u00df, woher diese Rechte stammen und wozu sie gut waren.<\/p>\n<p>Oder betrachten wir die konkreteren, \u00f6rtlichen <a href=\"http:\/\/fff-muc.de\/forderungen-muenchen.pdf\" target=\"_blank\" rel=\"noopener noreferrer\">Forderungen aus M\u00fcnchen<\/a> (4). Massiver Ausbau der Kapazit\u00e4ten des \u00f6ffentlichen Nahverkehrs, aber ab sofort keine Anschaffungen von fossil betriebenen Fahrzeugen mehr\u2026 das heisst, normale Busse, mit denen ein Ausbau am einfachsten w\u00e4re, weil keine Planungsverfahren ausgel\u00f6st w\u00fcrden, sollen nicht mehr gekauft werden. E-Busse sind aber nicht wirklich tauglich, und der gute alte Oberleitungsbus, der eine L\u00f6sung w\u00e4re, braucht Oberleitungen und Masten, und schon haben wir wieder ein Planungsproblem. Von U- und Trambahnen wollen wir da gar nicht erst reden, hier reden wir von zehn Jahren zwischen Planungsbeginn und Fertigstellung.<\/p>\n<p>Dann w\u00e4ren wir im Jahr 2029, aber bereits 2025 soll der ausgebaute \u00f6ffentliche Nahverkehr auch noch kostenlos werden, selbstverst\u00e4ndlich ohne jede Erw\u00e4hnung der Geldquelle.<\/p>\n<p>Ich denke, diese beiden Beispiele gen\u00fcgen, um zu belegen, dass unter den gegebenen rechtlichen Bedingungen diese Forderungen unerf\u00fcllbar sind. Damit bleiben zwei M\u00f6glichkeiten \u2013 entweder, das Ganze ist ein Theater, eine ma\u00dflose Vergr\u00f6\u00dferung sattsam bekannter gr\u00fcner Symbolpolitik, oder der so lautstark geforderte Notstand ist weitaus ernster gemeint, als viele bisher zuzugeben bereit sind. Denn hat nicht das Nachbarland Frankreich bereits vorgef\u00fchrt, dass es mindestens den Notstand braucht, um die CO2-Steuer durchzusetzen?<\/p>\n<p>Immerhin hat Emmanuel Macron den durch Fran\u00e7ois Hollande, dem ehemaligen franz\u00f6sischen Staatspr\u00e4sidenten, verh\u00e4ngten <a href=\"https:\/\/deutsch.rt.com\/europa\/85663-neues-demonstrationsgesetzt-in-frankreich-tricksereien-des-monsieur-macron\/\" target=\"_blank\" rel=\"noopener noreferrer\">Notstand weitgehend zum Normalzustand gemacht<\/a> und zus\u00e4tzlich noch das Demonstrationsrecht versch\u00e4rft (5); das hat den Protest nicht verhindert, aber zumindest die brutalen, verst\u00fcmmelnden Polizeieins\u00e4tze und die willk\u00fcrlichen Verhaftungen mit einer d\u00fcnnen Legitimation versehen.<\/p>\n<p>Nehmen wir diese Forderung doch einfach mal beim Wort. Der Bundestag soll den Notstand erkl\u00e4ren, und als Begr\u00fcndung dient der Klimawandel. Wo in der politischen Landschaft befinden wir uns dann?<\/p>\n<p>Wolfgang Sch\u00e4uble, ein bekennender Fan des Politikers Carl Schmitt (1888 \u2013 1985), hat schon 1995 erkl\u00e4rt (6): <i>\u201eDie Verfassung ist immer weniger das Gehege, in dem sich demokratisch legitimierte Politik frei entfalten kann, sondern immer st\u00e4rker die Kette, die den Bewegungsspielraum der Politik lahmlegt.\u201c\u00a0<\/i><\/p>\n<p>Wie Schmitt, der juristische Vordenker des Nazistaats, f\u00fcr den Souver\u00e4nit\u00e4t derjenige besitzt, der \u00fcber den Ausnahmezustand entscheidet, f\u00fcr den Politik ein Feld war, das sich klar in Freund und Feind teilt, sehnt sich auch Sch\u00e4uble nach einem Recht, das seine Begr\u00fcndung aus einem \u00fcbergesetzlichen Raum herleitet. Die Diktatur \u2013 das ist der wahre Name f\u00fcr Notstand und Ausnahmezustand \u2013 scheint ihnen die einzig wirkliche, wirkungsvolle Herrschaft.<\/p>\n<p><i>\u00bbDie Demokratie der Bundesrepublik wandelt sich vor unseren Augen. Es werden Wege beschritten, an deren Ende es weder eine Demokratie noch einen freien B\u00fcrger geben w\u00fcrde, vielleicht ohne dass die, die sie gehen, dieses wollen.\u00ab <\/i>Dies schrieb der Philosoph Karl Jaspers 1966 in seiner Streitschrift <a href=\"https:\/\/www.spiegel.de\/spiegel\/print\/d-46266482.html\" target=\"_blank\" rel=\"noopener noreferrer\">\u201e<em>Wohin treibt die Bundesrepublik\u201c<\/em> <\/a>(7).<\/p>\n<p>Der Text geh\u00f6rt in die Auseinandersetzung um die Notstandsgesetze, mit denen in das Grundgesetz eine Selbstaufhebungsklausel geschrieben wurde. Gegen diese Notstandsgesetze gab es breiten Widerstand, der Kampf gegen die Notstandsgesetze gebar die Studentenbewegung und h\u00e4tte beinahe einen politischen Generalstreik ausgel\u00f6st. Nie wieder in die N\u00e4he eines Erm\u00e4chtigungsgesetzes zu geraten, das war der Leitgedanke.<\/p>\n<p>Und obwohl die Bewegung letztlich scheiterte und die Notstandsgesetze verabschiedet wurden, blieb diese Erkenntnis doch lange im politischen Denken erhalten; auch die Anti-Terror-Gesetze der 1970er, die Teile des Notstands zum Normalzustand machten, mit Isolationshaft und erweiterten Polizeibefugnissen, trafen auf Widerspruch.<\/p>\n<p><a href=\"https:\/\/www.blaetter.de\/archiv\/jahrgaenge\/2007\/februar\/schaeubles-quasi-krieg\" target=\"_blank\" rel=\"noopener noreferrer\">Noch 2007 erkl\u00e4rte der Altliberale Burckhard Hirsch von der FDP<\/a> , in Erwiderung auf Sch\u00e4ubles Fantasien, eine Regierung, die nach ihrem Ermessen das Kriegsrecht ausrufen k\u00f6nne, <i>\u201eerhebt sich \u00fcber die Verfassung und macht aus den B\u00fcrgern Untertanen\u201c (8).\u00a0<\/i><\/p>\n<p>F\u00fcr das Schicksal der Demokratie ist es unerheblich, ob die Begr\u00fcndung der Diktatur ein \u00e4u\u00dferer Feind, die Wiedererlangung nationaler Gr\u00f6\u00dfe oder der Klimawandel ist. Erheblich ist es allerdings, wenn mit solch scheinbarer Naivit\u00e4t Forderungen gestellt werden, die letztlich ihre Abschaffung bedeuten, und wenn sich in der weiten politischen Landschaft keine ernsthaften Stimmen finden, die sich dem entgegenstellen.<\/p>\n<p>Die Forderung nach einem Notstand ist im Kern zutiefst reaktion\u00e4r, daran \u00e4ndert sich nichts, wenn sie aus dem Mund in Panik versetzter Kinder ert\u00f6nt. Wenn man dann noch betrachtet, wie sehr die Forderungen von <i>Fridays for Future <\/i>mit neoliberalem Denken konform gehen, weil sie nicht auf die Konzerne, sondern auf die besitzlosen<\/p>\n<p>Klassen zielen, weil sie nicht einmal Milit\u00e4r und R\u00fcstung zum Thema machen oder sicherstellen, dass die Einnahmen aus der CO2-Steuer nicht f\u00fcr die Aufr\u00fcstung verpulvert werden, weil sie v\u00f6llig blind sind f\u00fcr die sozialen Misst\u00e4nde dieser Republik, dann kann einem Angst und Bange werden, wenn man sich die daraus resultierende Notstandsregierung und ihre Ma\u00dfnahmen vorstellt.<\/p>\n<p>Es kann alles auch nur Symbolpolitik und Theater sein. Dann hinterlie\u00dfe es schlimmstenfalls viele politisch frustrierte Jugendliche. Wenn es aber ernst gemeint ist, dann reden wir von einer antidemokratischen Bewegung, die breite Unterst\u00fctzung in Medien und Politik findet; dann bleibt nur das Widerstandsrecht des Art.20 GG: <i>\u201eGegen jeden, der es unternimmt, diese Ordnung zu beseitigen, haben alle Deutschen das Recht zum Widerstand, wenn andere Abhilfe nicht m\u00f6glich ist.\u201c\u00a0<\/i><\/p>\n<p>In den letzten Jahren wurde der Raum, in dem demokratische Debatte stattfindet, immer weiter verengt; die Welt wurde, vom Krieg gegen Terror \u00fcber die Kriegspropaganda der NATO \u00fcber die Migrationsfrage bis zur Klimafrage mit Feinden angef\u00fcllt, die eigentlich nur politische Gegner sind; das Vokabular politischer Begegnungen verwandelt sich in Kurzgefechte aus Sch\u00fctzengr\u00e4ben.<\/p>\n<p>Die grunds\u00e4tzliche Achtung vor dem menschlichen Gegen\u00fcber, die n\u00f6tige Trennung zwischen Wort und Tat sind erodiert bis zur Unkenntlichkeit, und die Gruppe jener, die darauf besteht, man k\u00f6nne \u00fcber alles reden, aber mit Vernunft und wechselseitigem Respekt, wird stetig kleiner. An die Stelle des Gespr\u00e4chs treten immer l\u00e4ngere Listen aus Sprech- und Wahrnehmungstabus, und jedes noch behandelte Thema wird emotional und moralisch aufgeladen bis zum Siedepunkt.<\/p>\n<p>Der Zustand dieser Demokratie ist ein sehr fragiler.<\/p>\n<p>Dar\u00fcber sollten alle Beteiligten nachdenken, statt sich in Notstandsfantasien zu ergehen. Denn die Alternative ist alles andere als w\u00fcnschenswert. Da kann man nochmal <a href=\"https:\/\/www.spiegel.de\/spiegel\/print\/d-46266482.html\" target=\"_blank\" rel=\"noopener noreferrer\">aus dem Aufsatz von Karl Jaspers<\/a> zitieren:<\/p>\n<p><i>\u201eWenn man nicht mehr miteinander reden kann, wenn der republikanische Weg des Sich\u00fcberzeugens und der Entwicklung der Dinge durch ein Miteinander- und Gegeneinanderreden der in legalen Formen k\u00e4mpfenden M\u00e4chte aufgehoben wird, wenn Politik im eigentlichen Sinne aufh\u00f6rt, dann bleibt Selbstpreisgabe (Erm\u00e4chtigungsgesetz 1933) oder B\u00fcrgerkrieg.\u00a0<\/i><\/p>\n<p><i>Gegen die Freigabe der Gewalt an eine absolute Herrschaft kann nur noch die Gewalt ein Schutz sein. Soll eine Minorit\u00e4t verzichten, wenn die Majorit\u00e4t die irreversible Gewalt \u00fcber sie errichten, sie vernichten will? Ein Volk, das in solchem Falle nicht den B\u00fcrgerkrieg der Unfreiheit vorzieht, ist kein freies Volk. Nur der B\u00fcrgerkrieg kann in solcher Lage die angemessene Entscheidung bringen. <\/i><\/p>\n<p><i>Unterliegt\u00a0<\/i><i>dann die Freiheit, statt von vornherein auf sie zu verzichten, hat das Volk durch seine Minorit\u00e4t wenigstens bezeugt, was es seinem Wesen nach ist und sein k\u00f6nnte.\u201c <\/i>(9)<\/p>\n<p><strong>Quellen:<\/strong><\/p>\n<ol>\n<li><a href=\"https:\/\/fridaysforfuture.de\/forderungen\" target=\"_blank\" rel=\"noopener noreferrer\">https:\/\/fridaysforfuture.de\/forderungen<\/a><\/li>\n<li><a href=\"https:\/\/www.bundestag.de\/blob\/549342\/...\/wd-5-027-18-pdf-data.pdf\" target=\"_blank\" rel=\"noopener noreferrer\">https:\/\/www.bundestag.de\/blob\/549342\/\u2026\/wd-5-027-18-pdf-data.pdf<\/a><\/li>\n<li><a href=\"https:\/\/www.verkehrsbrief.de\/elektrifizierung-der-bahn-mit-oder-ohne-oberleitung\/\" target=\"_blank\" rel=\"noopener noreferrer\">https:\/\/www.verkehrsbrief.de\/elektrifizierung-der-bahn-mit-oder-ohne- oberleitung\/<\/a><\/li>\n<li><a href=\"http:\/\/fff-muc.de\/forderungen-muenchen.pdf\" target=\"_blank\" rel=\"noopener noreferrer\">http:\/\/fff-muc.de\/forderungen-muenchen.pdf<\/a><\/li>\n<li><a href=\"https:\/\/deutsch.rt.com\/europa\/85663-neues-demonstrationsgesetzt-in-frankreich-tricksereien-des-monsieur-macron\/\" target=\"_blank\" rel=\"noopener noreferrer\">https:\/\/deutsch.rt.com\/europa\/85663-neues-demonstrationsgesetzt-in-frankreich-tricksereien-des-monsieur-macron\/<\/a><\/li>\n<li>\u201eFrankfurter Allgemeine Zeitung\u201c v. 13. 9. 1996, S. 12.<\/li>\n<li><a href=\"https:\/\/www.spiegel.de\/spiegel\/print\/d-46266482.html\" target=\"_blank\" rel=\"noopener noreferrer\">https:\/\/www.spiegel.de\/spiegel\/print\/d-46266482.html<\/a><\/li>\n<li><a href=\"https:\/\/www.blaetter.de\/archiv\/jahrgaenge\/2007\/februar\/schaeubles-quasi-krieg\" target=\"_blank\" rel=\"noopener noreferrer\">https:\/\/www.blaetter.de\/archiv\/jahrgaenge\/2007\/februar\/schaeubles-quasi-krieg<\/a><\/li>\n<li><a href=\"https:\/\/www.spiegel.de\/spiegel\/print\/d-46266482.html\" target=\"_blank\" rel=\"noopener noreferrer\">https:\/\/www.spiegel.de\/spiegel\/print\/d-46266482.html<\/a><\/li>\n<\/ol>\n<hr \/>\n<p><span style=\"font-size: 10pt;\">Bild: <span class=\"mw-mmv-title\">Forderung nach dem Klimanotstand auf dem Berner Helvetiaplatz, 24. Mai 2019<\/span><\/span><br \/>\n<span style=\"font-size: 10pt;\">Quelle: Von Hadi &#8211; Eigenes Werk, CC0, <a href=\"https:\/\/commons.wikimedia.org\/w\/index.php?curid=79337152\" target=\"_blank\" rel=\"noopener noreferrer\">https:\/\/commons.wikimedia.org\/w\/index.php?curid=79337152<\/a><\/span><\/p>\n","protected":false},"excerpt":{"rendered":"<p><b>Standpunkt von Dagmar Henn<\/b><br \/>\nManchmal werden politische Ver\u00e4nderungen eingeleitet wie Dressurakte \u2013 man wird so lange mit bestimmten Worten traktiert, bis sie v\u00f6llig normal scheinen, unschuldig, allt\u00e4glich. In den letzten Monaten beschlich mich das unheimliche Gef\u00fchl, gerade solch einen Moment mit dem Begriff \u201aNotstand\u2018 zu erleben. Das ist doch nicht b\u00f6se gemeint, werden da manche einwenden, \u201aKlimanotstand\u2018, das ist doch nur Symbolpolitik, weil L\u00e4nder und Kommunen gar keine Befugnis haben, einen rechtswirksamen Notstand zu erkl\u00e4ren \u2013 das kann nur der Bundestag. Aber auf entsprechenden Webseiten ist nicht zu finden, dass diese Erkl\u00e4rung nur symbolisch gemeint sei.<\/p>\n","protected":false},"author":3,"featured_media":6842,"comment_status":"closed","ping_status":"closed","sticky":false,"template":"","format":"standard","meta":{"colormag_page_container_layout":"default_layout","colormag_page_sidebar_layout":"default_layout","advanced_seo_description":"","jetpack_seo_html_title":"","jetpack_seo_noindex":false,"jetpack_post_was_ever_published":false,"footnotes":""},"categories":[12],"tags":[1032,1170,94,1178,1177],"class_list":["post-6838","post","type-post","status-publish","format-standard","has-post-thumbnail","hentry","category-demokratie-medien-aufklaerung","tag-bundesregierung","tag-co2","tag-klimawandel","tag-nahverkehr","tag-notstand"],"jetpack_featured_media_url":"https:\/\/i0.wp.com\/www.freidenker.org\/fw17\/wp-content\/uploads\/2019\/08\/Klimastreikdemo_Helvetiaplatz_Klimanotstand_800x445.jpg?fit=800%2C445&ssl=1","jetpack_shortlink":"https:\/\/wp.me\/p9stpK-1Mi","jetpack-related-posts":[{"id":6907,"url":"https:\/\/www.freidenker.org\/?p=6907","url_meta":{"origin":6838,"position":0},"title":"Unteilbar-Demo in Dresden. Die Messe ist gesungen","author":"Webredaktion","date":"3. September 2019","format":false,"excerpt":"Ein Standpunkt von Dagmar Henn. F\u00fcr den letzten Samstag [24.08.2019] hatte das B\u00fcndnis #unteilbar mal wieder zu einem Hochamt aufgerufen; dieses Mal nach Dresden, um das vermeintliche Motto gleich durch die Wahl des Veranstaltungsorts wieder aufzuheben. Denn welchen anderen Zweck verfolgt eine Demonstration des \u201awir sind alle die Guten\u201a in\u2026","rel":"","context":"In &quot;Demokratie \u2013 Medien \u2013 Aufkl\u00e4rung&quot;","block_context":{"text":"Demokratie \u2013 Medien \u2013 Aufkl\u00e4rung","link":"https:\/\/www.freidenker.org\/?cat=12"},"img":{"alt_text":"","src":"https:\/\/i0.wp.com\/www.freidenker.org\/fw17\/wp-content\/uploads\/2019\/09\/unteilbar-demo_dresden-2019_800x445.jpg?fit=800%2C445&ssl=1&resize=350%2C200","width":350,"height":200,"srcset":"https:\/\/i0.wp.com\/www.freidenker.org\/fw17\/wp-content\/uploads\/2019\/09\/unteilbar-demo_dresden-2019_800x445.jpg?fit=800%2C445&ssl=1&resize=350%2C200 1x, https:\/\/i0.wp.com\/www.freidenker.org\/fw17\/wp-content\/uploads\/2019\/09\/unteilbar-demo_dresden-2019_800x445.jpg?fit=800%2C445&ssl=1&resize=525%2C300 1.5x, https:\/\/i0.wp.com\/www.freidenker.org\/fw17\/wp-content\/uploads\/2019\/09\/unteilbar-demo_dresden-2019_800x445.jpg?fit=800%2C445&ssl=1&resize=700%2C400 2x"},"classes":[]},{"id":7953,"url":"https:\/\/www.freidenker.org\/?p=7953","url_meta":{"origin":6838,"position":1},"title":"Leopoldina-Gutachten. Das angek\u00fcndigte Opfer","author":"Webredaktion","date":"21. April 2020","format":false,"excerpt":"Standpunkt von Dagmar Henn. Der Merkelsche Propagandaapparat funktioniert noch. Nachdem sie im M\u00e4rz von der bayrischen Staatsregierung wider Willen zum Handeln gezwungen wurde, hat die Berliner Politdarstellertruppe nun zum Gegenschlag ausgeholt und dem Volk die Seele massiert, um unauff\u00e4llig auf die Opferung gr\u00f6\u00dferer Personengruppen vorzubereiten. Der erste Teil des Schachzugs\u2026","rel":"","context":"In &quot;Arbeit &amp; Soziales&quot;","block_context":{"text":"Arbeit &amp; Soziales","link":"https:\/\/www.freidenker.org\/?cat=11"},"img":{"alt_text":"","src":"https:\/\/i0.wp.com\/www.freidenker.org\/fw17\/wp-content\/uploads\/2020\/04\/Leopoldina_Halle_Saale_Draufsicht_800x450.jpg?fit=800%2C450&ssl=1&resize=350%2C200","width":350,"height":200,"srcset":"https:\/\/i0.wp.com\/www.freidenker.org\/fw17\/wp-content\/uploads\/2020\/04\/Leopoldina_Halle_Saale_Draufsicht_800x450.jpg?fit=800%2C450&ssl=1&resize=350%2C200 1x, https:\/\/i0.wp.com\/www.freidenker.org\/fw17\/wp-content\/uploads\/2020\/04\/Leopoldina_Halle_Saale_Draufsicht_800x450.jpg?fit=800%2C450&ssl=1&resize=525%2C300 1.5x, https:\/\/i0.wp.com\/www.freidenker.org\/fw17\/wp-content\/uploads\/2020\/04\/Leopoldina_Halle_Saale_Draufsicht_800x450.jpg?fit=800%2C450&ssl=1&resize=700%2C400 2x"},"classes":[]},{"id":7133,"url":"https:\/\/www.freidenker.org\/?p=7133","url_meta":{"origin":6838,"position":2},"title":"\u201eErm\u00e4chtigungsgesetz \u2013 Notstandsgesetze \u2013 Klimanotstand?\u201c","author":"Webredaktion","date":"31. Oktober 2019","format":false,"excerpt":"Referat von Klaus Hartmann auf der VV-Sitzung am 26.10.2019 in Magdeburg F\u00fcr das Thema des Referats gibt es zun\u00e4chst zwei Gr\u00fcnde: Im Zusammenhang mit der \u201eKlima\u201c-Thematik taucht immer wieder die Forderung auf, einen \u201eKlima-Notstand\u201c auszurufen. Es steht die Bef\u00fcrchtung, dass die Tragweite sowie die fatale Geschichte und Konsequenzen dieses Verlangens\u2026","rel":"","context":"In &quot;Demokratie \u2013 Medien \u2013 Aufkl\u00e4rung&quot;","block_context":{"text":"Demokratie \u2013 Medien \u2013 Aufkl\u00e4rung","link":"https:\/\/www.freidenker.org\/?cat=12"},"img":{"alt_text":"","src":"https:\/\/i0.wp.com\/www.freidenker.org\/fw17\/wp-content\/uploads\/2019\/10\/notstand_800x445.jpg?fit=800%2C445&ssl=1&resize=350%2C200","width":350,"height":200,"srcset":"https:\/\/i0.wp.com\/www.freidenker.org\/fw17\/wp-content\/uploads\/2019\/10\/notstand_800x445.jpg?fit=800%2C445&ssl=1&resize=350%2C200 1x, https:\/\/i0.wp.com\/www.freidenker.org\/fw17\/wp-content\/uploads\/2019\/10\/notstand_800x445.jpg?fit=800%2C445&ssl=1&resize=525%2C300 1.5x, https:\/\/i0.wp.com\/www.freidenker.org\/fw17\/wp-content\/uploads\/2019\/10\/notstand_800x445.jpg?fit=800%2C445&ssl=1&resize=700%2C400 2x"},"classes":[]},{"id":7824,"url":"https:\/\/www.freidenker.org\/?p=7824","url_meta":{"origin":6838,"position":3},"title":"Die H\u00e4nde des Tantalos","author":"Webredaktion","date":"27. M\u00e4rz 2020","format":false,"excerpt":"Standpunkt von Dagmar Henn Nach 30 Jahren Neoliberalismus benimmt sich der Staat pl\u00f6tzlich wieder als Staat\u2026 allerdings nur seinen B\u00fcrgern gegen\u00fcber. An anderen Stellen wird immer noch so getan, als seien ihm die H\u00e4nde gebunden. Dabei w\u00e4re eine Wiederentdeckung anderer staatlicher M\u00f6glichkeiten dringend geboten \u2013 der Kontrolle \u00fcber wirtschaftliche Prozesse.\u2026","rel":"","context":"In &quot;Arbeit &amp; Soziales&quot;","block_context":{"text":"Arbeit &amp; Soziales","link":"https:\/\/www.freidenker.org\/?cat=11"},"img":{"alt_text":"","src":"https:\/\/i0.wp.com\/www.freidenker.org\/fw17\/wp-content\/uploads\/2020\/03\/Tantalos_800x446.jpg?fit=800%2C446&ssl=1&resize=350%2C200","width":350,"height":200,"srcset":"https:\/\/i0.wp.com\/www.freidenker.org\/fw17\/wp-content\/uploads\/2020\/03\/Tantalos_800x446.jpg?fit=800%2C446&ssl=1&resize=350%2C200 1x, https:\/\/i0.wp.com\/www.freidenker.org\/fw17\/wp-content\/uploads\/2020\/03\/Tantalos_800x446.jpg?fit=800%2C446&ssl=1&resize=525%2C300 1.5x, https:\/\/i0.wp.com\/www.freidenker.org\/fw17\/wp-content\/uploads\/2020\/03\/Tantalos_800x446.jpg?fit=800%2C446&ssl=1&resize=700%2C400 2x"},"classes":[]},{"id":18839,"url":"https:\/\/www.freidenker.org\/?p=18839","url_meta":{"origin":6838,"position":4},"title":"Wir wollen Ihren Krieg nicht!","author":"Webredaktion","date":"20. April 2024","format":false,"excerpt":"Verteidigungsrede von Kay Strathus vor dem Amtsgericht in D\u00fcsseldorf Am Mittwoch vergangener Woche stand der Kriegsgegner Kay Strathus in D\u00fcsseldorf vor Gericht. Ihm wurde ein Versto\u00df gegen Paragraf 140 des Strafgesetzbuchs (Billigung von Straftaten) vorgeworfen, weil er auf unterschiedliche v\u00f6lkerrechtliche Betrachtungsweisen auf das russische Handeln im Ukraine-Krieg hingewiesen hatte. Das\u2026","rel":"","context":"In &quot;Demokratie \u2013 Medien \u2013 Aufkl\u00e4rung&quot;","block_context":{"text":"Demokratie \u2013 Medien \u2013 Aufkl\u00e4rung","link":"https:\/\/www.freidenker.org\/?cat=12"},"img":{"alt_text":"","src":"https:\/\/i0.wp.com\/www.freidenker.org\/fw17\/wp-content\/uploads\/2024\/04\/kay_strathus_800x445_v2.jpg?fit=800%2C445&ssl=1&resize=350%2C200","width":350,"height":200,"srcset":"https:\/\/i0.wp.com\/www.freidenker.org\/fw17\/wp-content\/uploads\/2024\/04\/kay_strathus_800x445_v2.jpg?fit=800%2C445&ssl=1&resize=350%2C200 1x, https:\/\/i0.wp.com\/www.freidenker.org\/fw17\/wp-content\/uploads\/2024\/04\/kay_strathus_800x445_v2.jpg?fit=800%2C445&ssl=1&resize=525%2C300 1.5x, https:\/\/i0.wp.com\/www.freidenker.org\/fw17\/wp-content\/uploads\/2024\/04\/kay_strathus_800x445_v2.jpg?fit=800%2C445&ssl=1&resize=700%2C400 2x"},"classes":[]},{"id":21055,"url":"https:\/\/www.freidenker.org\/?p=21055","url_meta":{"origin":6838,"position":5},"title":"Das Ergebnis der Bundestagswahl: Mit Volldampf gegen den Eisberg","author":"Webredaktion","date":"1. M\u00e4rz 2025","format":false,"excerpt":"Beitrag von Dagmar Henn Letztendlich waren es nur 13.000 Stimmen, die eine Lage geschaffen haben, die das politische System Deutschlands vorerst vor tieferen Ersch\u00fctterungen bewahrt. Nur das politische System \u2012 f\u00fcr das Land bedeutet dieses Ergebnis das genaue Gegenteil. Dass das BSW den Einzug in den Bundestag nicht geschafft hat,\u2026","rel":"","context":"In &quot;Demokratie \u2013 Medien \u2013 Aufkl\u00e4rung&quot;","block_context":{"text":"Demokratie \u2013 Medien \u2013 Aufkl\u00e4rung","link":"https:\/\/www.freidenker.org\/?cat=12"},"img":{"alt_text":"","src":"https:\/\/i0.wp.com\/www.freidenker.org\/fw17\/wp-content\/uploads\/2025\/03\/glacier-1838363_800x450.jpg?fit=800%2C450&ssl=1&resize=350%2C200","width":350,"height":200,"srcset":"https:\/\/i0.wp.com\/www.freidenker.org\/fw17\/wp-content\/uploads\/2025\/03\/glacier-1838363_800x450.jpg?fit=800%2C450&ssl=1&resize=350%2C200 1x, https:\/\/i0.wp.com\/www.freidenker.org\/fw17\/wp-content\/uploads\/2025\/03\/glacier-1838363_800x450.jpg?fit=800%2C450&ssl=1&resize=525%2C300 1.5x, https:\/\/i0.wp.com\/www.freidenker.org\/fw17\/wp-content\/uploads\/2025\/03\/glacier-1838363_800x450.jpg?fit=800%2C450&ssl=1&resize=700%2C400 2x"},"classes":[]}],"_links":{"self":[{"href":"https:\/\/www.freidenker.org\/index.php?rest_route=\/wp\/v2\/posts\/6838","targetHints":{"allow":["GET"]}}],"collection":[{"href":"https:\/\/www.freidenker.org\/index.php?rest_route=\/wp\/v2\/posts"}],"about":[{"href":"https:\/\/www.freidenker.org\/index.php?rest_route=\/wp\/v2\/types\/post"}],"author":[{"embeddable":true,"href":"https:\/\/www.freidenker.org\/index.php?rest_route=\/wp\/v2\/users\/3"}],"replies":[{"embeddable":true,"href":"https:\/\/www.freidenker.org\/index.php?rest_route=%2Fwp%2Fv2%2Fcomments&post=6838"}],"version-history":[{"count":0,"href":"https:\/\/www.freidenker.org\/index.php?rest_route=\/wp\/v2\/posts\/6838\/revisions"}],"wp:featuredmedia":[{"embeddable":true,"href":"https:\/\/www.freidenker.org\/index.php?rest_route=\/wp\/v2\/media\/6842"}],"wp:attachment":[{"href":"https:\/\/www.freidenker.org\/index.php?rest_route=%2Fwp%2Fv2%2Fmedia&parent=6838"}],"wp:term":[{"taxonomy":"category","embeddable":true,"href":"https:\/\/www.freidenker.org\/index.php?rest_route=%2Fwp%2Fv2%2Fcategories&post=6838"},{"taxonomy":"post_tag","embeddable":true,"href":"https:\/\/www.freidenker.org\/index.php?rest_route=%2Fwp%2Fv2%2Ftags&post=6838"}],"curies":[{"name":"wp","href":"https:\/\/api.w.org\/{rel}","templated":true}]}}