{"id":680,"date":"2011-09-05T17:20:59","date_gmt":"2011-09-05T15:20:59","guid":{"rendered":"http:\/\/www.freidenker.org\/fw17\/?p=680"},"modified":"2017-12-27T23:01:37","modified_gmt":"2017-12-27T22:01:37","slug":"hilfe-der-papst-kommt","status":"publish","type":"post","link":"https:\/\/www.freidenker.org\/?p=680","title":{"rendered":"Hilfe, der \u201aPapst\u2019 kommt!"},"content":{"rendered":"<p><strong>Zum drohenden Papstbesuch* (II)<br \/>\n<\/strong>* (eigentlich das falsche Wort, denn anders als beim Krankenbesuch oder Zoobesuch besuchen ja nicht wir ihn, sondern er sucht uns heim)<\/p>\n<h5><strong>B\u00fcndnis gegen die menschenfeindliche Geschlechter- und Sexualpolitik des Papstes<\/strong><\/h5>\n<p>Der Deutsche Freidenker-Verband unterst\u00fctzt den Aufruf des breiten B\u00fcndnisses, das gegen die menschenfeindliche Geschlechter- und Sexualpolitik des Papstes protestiert:<\/p>\n<p>\u201eIm September 2011 besucht Papst Benedikt XVI. Deutschland. Dabei spricht er auch vor dem Deutschen Bundestag in Berlin. Dagegen protestieren wir. Der Papst steht f\u00fcr eine menschenfeindliche Geschlechter- und Sexualpolitik. Sie grenzt Menschen aus und diskriminiert.<\/p>\n<p>Wir wenden uns gegen den Papst als einen der Hauptverantwortlichen f\u00fcr die Unterdr\u00fcckung von Lesben, Schwulen und Transgender auf der Welt. Auf internationaler Ebene k\u00e4mpft der Vatikanstaat Seite an Seite selbst mit brutalen Diktaturen gegen die Menschenrechte von Lesben, Schwulen und Transgender. Die Entscheidungen demokratisch gew\u00e4hlter Parlamente zur rechtlichen Anerkennung gleichgeschlechtlicher Paare schm\u00e4ht Joseph Ratzinger als \u201eLegalisierung des B\u00f6sen\u201d und ruft Katholiken zum Widerstand auf.<\/p>\n<p>Wir kritisieren die Missachtung der Rechte von Frauen, die der Vatikan in seinem Kampf gegen Gleichberechtigung und Selbstbestimmung an den Tag legt. Gerade die sexuellen und reproduktiven Rechte von Frauen werden, z.B. durch das Verbot von Schwangerschaftsverh\u00fctung und -abbruch, deutlich negiert.<\/p>\n<p>Wir verurteilen die Sexual- und Kondom-Politik des Papstes. Sie behindert in vielen L\u00e4ndern massiv wirksame HIV-Pr\u00e4vention, st\u00fcrzt Menschen in schwere Gewissenskonflikte, verdammt sie zu Krankheit und nimmt ihren Tod damit billigend in Kauf.<\/p>\n<p>Wir protestieren gegen die demokratiefeindliche Politik von Papst Benedikt XVI., der die freiheitliche Gesellschaft eine \u201eDiktatur des Relativismus\u201d nennt. So hat er z.B. die Pius-Br\u00fcder wieder in die Kirche aufgenommen, obwohl sich in deren Reihen Holocaust-Leugner finden, sie die freiheitliche Demokratie ablehnen und die Strafbarkeit gleichgeschlechtlicher Beziehungen fordern.<\/p>\n<p>Diese Kritik wird von vielen gl\u00e4ubigen Katholikinnen und Katholiken geteilt, die wir einladen, unseren Protest zu unterst\u00fctzen.<\/p>\n<p>Den Bestrebungen des Papstes, die eigenen Dogmen zur staatlichen Norm anderer L\u00e4nder zu erheben, setzen wir unseren Widerstand entgegen.<\/p>\n<p>Die menschenfeindliche Geschlechter- und Sexualpolitik von Papst Benedikt XVI. darf nicht unwidersprochen bleiben. Wir rufen alle Menschen zum friedlichen Protest in Berlin auf.\u201c<\/p>\n<p>Termin: Donnerstag, 22. September 2011 um 16.00 Uhr. Die Demonstration soll(te) am Brandenburger Tor beginnen, Aktuelles erf\u00e4hrt man unter http:\/\/derpapstkommt.lsvd.de\/<\/p>\n<p>[auch ver\u00f6ffentlicht in <a href=\"https:\/\/www.freidenker.org\/?p=750\">FREIDENKER 3-11<\/a>]<\/p>\n<hr \/>\n<p>Bild: https:\/\/pixabay.com\/de\/users\/Wengen-1309988\/ \u0411\u044a\u043b\u0433\u0430\u0440\u0441\u043a\u0438<\/p>\n","protected":false},"excerpt":{"rendered":"<p><strong>Der Deutsche Freidenker-Verband unterst\u00fctzt den Aufruf des breiten B\u00fcndnisses, das gegen die menschenfeindliche Geschlechter- und Sexualpolitik des Papstes protestiert:<\/strong><br \/>\n\u201eIm September 2011 besucht Papst Benedikt XVI. Deutschland. Dabei spricht er auch vor dem Deutschen Bundestag in Berlin. Dagegen protestieren wir. Der Papst steht f\u00fcr eine menschenfeindliche Geschlechter- und Sexualpolitik. Sie grenzt Menschen aus und diskriminiert. Wir wenden uns gegen den Papst als einen der Hauptverantwortlichen f\u00fcr die Unterdr\u00fcckung von Lesben, Schwulen und Transgender auf der Welt. ..&#8220;<\/p>\n","protected":false},"author":2,"featured_media":681,"comment_status":"closed","ping_status":"closed","sticky":false,"template":"","format":"standard","meta":{"colormag_page_container_layout":"default_layout","colormag_page_sidebar_layout":"default_layout","advanced_seo_description":"","jetpack_seo_html_title":"","jetpack_seo_noindex":false,"jetpack_post_was_ever_published":false,"footnotes":""},"categories":[15],"tags":[387,388,329,371,279],"class_list":["post-680","post","type-post","status-publish","format-standard","has-post-thumbnail","hentry","category-religions-kirchenkritik","tag-christentum","tag-katholische-kirche","tag-papst-benedikt-xvi","tag-religion","tag-religionskritik"],"jetpack_featured_media_url":"https:\/\/i0.wp.com\/www.freidenker.org\/fw17\/wp-content\/uploads\/2016\/08\/Papst_Benedict.jpg?fit=800%2C445&ssl=1","jetpack_shortlink":"https:\/\/wp.me\/p9stpK-aY","jetpack-related-posts":[{"id":677,"url":"https:\/\/www.freidenker.org\/?p=677","url_meta":{"origin":680,"position":0},"title":"Joseph Kardinal Ratzinger alias Papst Benedikt XVI. und sein Verst\u00e4ndnis f\u00fcr p\u00e4dophile Priester","author":"Webmaster","date":"17. M\u00e4rz 2011","format":false,"excerpt":"Aus FREIDENKER 1-11 Zur Jahreswende kolportierten die Medien diverse p\u00e4pstliche Predigten, in denen er die weltweite Gewalt gegen Christen beklagte. Die Minderj\u00e4hrigen und in kirchlichen Institutionen Erzogenen hat er nicht gesondert erw\u00e4hnt und wohl auch nicht gemeint. Nach einem Jahr der Enth\u00fcllungen \u00fcber priesterliche Sexskandale bleibt vielen verschwommen in Erinnerung,\u2026","rel":"","context":"In &quot;Religions- &amp; Kirchenkritik, S\u00e4kulare Szene&quot;","block_context":{"text":"Religions- &amp; Kirchenkritik, S\u00e4kulare Szene","link":"https:\/\/www.freidenker.org\/?cat=15"},"img":{"alt_text":"","src":"https:\/\/i0.wp.com\/www.freidenker.org\/fw17\/wp-content\/uploads\/2016\/08\/Papstbesuch.jpg?fit=800%2C445&ssl=1&resize=350%2C200","width":350,"height":200,"srcset":"https:\/\/i0.wp.com\/www.freidenker.org\/fw17\/wp-content\/uploads\/2016\/08\/Papstbesuch.jpg?fit=800%2C445&ssl=1&resize=350%2C200 1x, https:\/\/i0.wp.com\/www.freidenker.org\/fw17\/wp-content\/uploads\/2016\/08\/Papstbesuch.jpg?fit=800%2C445&ssl=1&resize=525%2C300 1.5x, https:\/\/i0.wp.com\/www.freidenker.org\/fw17\/wp-content\/uploads\/2016\/08\/Papstbesuch.jpg?fit=800%2C445&ssl=1&resize=700%2C400 2x"},"classes":[]},{"id":3248,"url":"https:\/\/www.freidenker.org\/?p=3248","url_meta":{"origin":680,"position":1},"title":"Faschisten, Reaktion\u00e4re und der Vatikan","author":"Webredaktion","date":"17. M\u00e4rz 2009","format":false,"excerpt":"Beitrag aus FREIDENKER 1-09 Dass die katholische Kirche zu Jahresbeginn in aller Munde war, hat sie sich unter ihrem Oberhirten Ratzinger alias Papst Benedict XVI. redlich verdient. Das meiste Aufsehen erregte er damit, den Holocaustleugnern und Erzreaktion\u00e4ren der \u201eBruderschaft St. Pius X.\u201c (FSSPX) das Tor zur Kirche wieder zu \u00f6ffnen.\u2026","rel":"","context":"In &quot;Religions- &amp; Kirchenkritik, S\u00e4kulare Szene&quot;","block_context":{"text":"Religions- &amp; Kirchenkritik, S\u00e4kulare Szene","link":"https:\/\/www.freidenker.org\/?cat=15"},"img":{"alt_text":"","src":"https:\/\/i0.wp.com\/www.freidenker.org\/fw17\/wp-content\/uploads\/2009\/03\/Memmingen_St_Joseph_Marienaltar_800x445.jpg?fit=800%2C445&ssl=1&resize=350%2C200","width":350,"height":200,"srcset":"https:\/\/i0.wp.com\/www.freidenker.org\/fw17\/wp-content\/uploads\/2009\/03\/Memmingen_St_Joseph_Marienaltar_800x445.jpg?fit=800%2C445&ssl=1&resize=350%2C200 1x, https:\/\/i0.wp.com\/www.freidenker.org\/fw17\/wp-content\/uploads\/2009\/03\/Memmingen_St_Joseph_Marienaltar_800x445.jpg?fit=800%2C445&ssl=1&resize=525%2C300 1.5x, https:\/\/i0.wp.com\/www.freidenker.org\/fw17\/wp-content\/uploads\/2009\/03\/Memmingen_St_Joseph_Marienaltar_800x445.jpg?fit=800%2C445&ssl=1&resize=700%2C400 2x"},"classes":[]},{"id":683,"url":"https:\/\/www.freidenker.org\/?p=683","url_meta":{"origin":680,"position":2},"title":"Der deutsche Papst ist der bisher reaktion\u00e4rste in der Geschichte der Neuzeit","author":"Webmaster","date":"12. September 2011","format":false,"excerpt":"Beitrag von Gerhard Feldbauer aus FREIDENKER 2-11 Im September 2011 wird der deutsche Papst der Bundesrepublik einen offiziellen \u201aStaats\u2018besuch abstatten. Wes Geistes Kind ist dieser Benedikt alias Joseph Ratzinger? Beginnen wir mit einem aktuellen Aspekt. Die Wellen der Emp\u00f6rung \u00fcber den sogenannten Missbrauchsskandal der katholischen Kirche sind noch nicht verebbt.\u2026","rel":"","context":"In &quot;Religions- &amp; Kirchenkritik, S\u00e4kulare Szene&quot;","block_context":{"text":"Religions- &amp; Kirchenkritik, S\u00e4kulare Szene","link":"https:\/\/www.freidenker.org\/?cat=15"},"img":{"alt_text":"","src":"https:\/\/i0.wp.com\/www.freidenker.org\/fw17\/wp-content\/uploads\/2016\/08\/Papast_Benedikt_01.jpg?fit=800%2C445&ssl=1&resize=350%2C200","width":350,"height":200,"srcset":"https:\/\/i0.wp.com\/www.freidenker.org\/fw17\/wp-content\/uploads\/2016\/08\/Papast_Benedikt_01.jpg?fit=800%2C445&ssl=1&resize=350%2C200 1x, https:\/\/i0.wp.com\/www.freidenker.org\/fw17\/wp-content\/uploads\/2016\/08\/Papast_Benedikt_01.jpg?fit=800%2C445&ssl=1&resize=525%2C300 1.5x, https:\/\/i0.wp.com\/www.freidenker.org\/fw17\/wp-content\/uploads\/2016\/08\/Papast_Benedikt_01.jpg?fit=800%2C445&ssl=1&resize=700%2C400 2x"},"classes":[]},{"id":2943,"url":"https:\/\/www.freidenker.org\/?p=2943","url_meta":{"origin":680,"position":3},"title":"Es bleibt bei der Inquisition","author":"Webredaktion","date":"17. September 2013","format":false,"excerpt":"Beitrag von Gerhard Feldbauer aus: FREIDENKER 3-13 W\u00e4hrend des Besuchs des Papstes in Brasilien bewegte Katholiken, die auf Reformen hoffen, wie sich Franziskus zu der Befreiungstheologie verhalten werde, die wie in ganz Lateinamerika auch in dem besuchten Land stark vertreten ist. Diese Theologie breitete sich auf dem Kontinent, wo knapp\u2026","rel":"","context":"In &quot;Religions- &amp; Kirchenkritik, S\u00e4kulare Szene&quot;","block_context":{"text":"Religions- &amp; Kirchenkritik, S\u00e4kulare Szene","link":"https:\/\/www.freidenker.org\/?cat=15"},"img":{"alt_text":"","src":"https:\/\/i0.wp.com\/www.freidenker.org\/fw17\/wp-content\/uploads\/2017\/12\/pope_francis_741640_800x445.jpg?fit=800%2C445&ssl=1&resize=350%2C200","width":350,"height":200,"srcset":"https:\/\/i0.wp.com\/www.freidenker.org\/fw17\/wp-content\/uploads\/2017\/12\/pope_francis_741640_800x445.jpg?fit=800%2C445&ssl=1&resize=350%2C200 1x, https:\/\/i0.wp.com\/www.freidenker.org\/fw17\/wp-content\/uploads\/2017\/12\/pope_francis_741640_800x445.jpg?fit=800%2C445&ssl=1&resize=525%2C300 1.5x, https:\/\/i0.wp.com\/www.freidenker.org\/fw17\/wp-content\/uploads\/2017\/12\/pope_francis_741640_800x445.jpg?fit=800%2C445&ssl=1&resize=700%2C400 2x"},"classes":[]},{"id":645,"url":"https:\/\/www.freidenker.org\/?p=645","url_meta":{"origin":680,"position":4},"title":"Juan Cole: Papst zum Islam sachlich falsch","author":"Webmaster","date":"1. Januar 2008","format":false,"excerpt":"Beitrag von Juan Cole Die Rede Papst Benedikts in der Universit\u00e4t Regensburg, in der er von Islam und Djihad spricht, hat einen Sturm der Entr\u00fcstung ausgel\u00f6st. Die Ansprache ist komplexer und feinsinniger, als in der Presse dargestellt. Aber am meisten irritiert, dass der Papst einiges am Islam sachlich falsch auffasst.\u2026","rel":"","context":"In &quot;Religions- &amp; Kirchenkritik, S\u00e4kulare Szene&quot;","block_context":{"text":"Religions- &amp; Kirchenkritik, S\u00e4kulare Szene","link":"https:\/\/www.freidenker.org\/?cat=15"},"img":{"alt_text":"","src":"https:\/\/i0.wp.com\/www.freidenker.org\/fw17\/wp-content\/uploads\/2016\/08\/Papst_Benedikt.jpg?fit=800%2C445&ssl=1&resize=350%2C200","width":350,"height":200,"srcset":"https:\/\/i0.wp.com\/www.freidenker.org\/fw17\/wp-content\/uploads\/2016\/08\/Papst_Benedikt.jpg?fit=800%2C445&ssl=1&resize=350%2C200 1x, https:\/\/i0.wp.com\/www.freidenker.org\/fw17\/wp-content\/uploads\/2016\/08\/Papst_Benedikt.jpg?fit=800%2C445&ssl=1&resize=525%2C300 1.5x, https:\/\/i0.wp.com\/www.freidenker.org\/fw17\/wp-content\/uploads\/2016\/08\/Papst_Benedikt.jpg?fit=800%2C445&ssl=1&resize=700%2C400 2x"},"classes":[]},{"id":21907,"url":"https:\/\/www.freidenker.org\/?p=21907","url_meta":{"origin":680,"position":5},"title":"Robert Francis Prevost \u2013 der neue Papst Leo XIV. Eine politische Wahl?","author":"Webredaktion","date":"21. Mai 2025","format":false,"excerpt":"Ein Standpunkt von\u00a0Wolfgang Effenberger. Nach der Wahl von Kardinal Prevost titelte der SPIEGEL: \"Leo XIV.: Der neue Papst ist Fu\u00dfball- und Baseballfan\". Denn Leo XIV. ist Anh\u00e4nger des Baseballclubs aus seiner US-amerikanischen Heimatstadt, wie sein Bruder John Prevost verriet. Die White Sox sind aber nicht das einzige Team, das das\u2026","rel":"","context":"In &quot;Demokratie \u2013 Medien \u2013 Aufkl\u00e4rung&quot;","block_context":{"text":"Demokratie \u2013 Medien \u2013 Aufkl\u00e4rung","link":"https:\/\/www.freidenker.org\/?cat=12"},"img":{"alt_text":"","src":"https:\/\/i0.wp.com\/www.freidenker.org\/fw17\/wp-content\/uploads\/2025\/05\/Pope_Leo_XIV_3_auszug_800x450.jpg?fit=800%2C450&ssl=1&resize=350%2C200","width":350,"height":200,"srcset":"https:\/\/i0.wp.com\/www.freidenker.org\/fw17\/wp-content\/uploads\/2025\/05\/Pope_Leo_XIV_3_auszug_800x450.jpg?fit=800%2C450&ssl=1&resize=350%2C200 1x, https:\/\/i0.wp.com\/www.freidenker.org\/fw17\/wp-content\/uploads\/2025\/05\/Pope_Leo_XIV_3_auszug_800x450.jpg?fit=800%2C450&ssl=1&resize=525%2C300 1.5x, https:\/\/i0.wp.com\/www.freidenker.org\/fw17\/wp-content\/uploads\/2025\/05\/Pope_Leo_XIV_3_auszug_800x450.jpg?fit=800%2C450&ssl=1&resize=700%2C400 2x"},"classes":[]}],"_links":{"self":[{"href":"https:\/\/www.freidenker.org\/index.php?rest_route=\/wp\/v2\/posts\/680","targetHints":{"allow":["GET"]}}],"collection":[{"href":"https:\/\/www.freidenker.org\/index.php?rest_route=\/wp\/v2\/posts"}],"about":[{"href":"https:\/\/www.freidenker.org\/index.php?rest_route=\/wp\/v2\/types\/post"}],"author":[{"embeddable":true,"href":"https:\/\/www.freidenker.org\/index.php?rest_route=\/wp\/v2\/users\/2"}],"replies":[{"embeddable":true,"href":"https:\/\/www.freidenker.org\/index.php?rest_route=%2Fwp%2Fv2%2Fcomments&post=680"}],"version-history":[{"count":0,"href":"https:\/\/www.freidenker.org\/index.php?rest_route=\/wp\/v2\/posts\/680\/revisions"}],"wp:featuredmedia":[{"embeddable":true,"href":"https:\/\/www.freidenker.org\/index.php?rest_route=\/wp\/v2\/media\/681"}],"wp:attachment":[{"href":"https:\/\/www.freidenker.org\/index.php?rest_route=%2Fwp%2Fv2%2Fmedia&parent=680"}],"wp:term":[{"taxonomy":"category","embeddable":true,"href":"https:\/\/www.freidenker.org\/index.php?rest_route=%2Fwp%2Fv2%2Fcategories&post=680"},{"taxonomy":"post_tag","embeddable":true,"href":"https:\/\/www.freidenker.org\/index.php?rest_route=%2Fwp%2Fv2%2Ftags&post=680"}],"curies":[{"name":"wp","href":"https:\/\/api.w.org\/{rel}","templated":true}]}}