{"id":674,"date":"2006-05-17T17:15:23","date_gmt":"2006-05-17T15:15:23","guid":{"rendered":"http:\/\/www.freidenker.org\/fw17\/?p=674"},"modified":"2018-02-18T22:39:15","modified_gmt":"2018-02-18T21:39:15","slug":"religioeser-fundamentalismus","status":"publish","type":"post","link":"https:\/\/www.freidenker.org\/?p=674","title":{"rendered":"Religi\u00f6ser Fundamentalismus"},"content":{"rendered":"<p>Aus FREIDENKER Nr. 2-06 Mai 2006, 67. Jahrgang, S. 4-6<\/p>\n<p><em>von Helmut Steuerwald<\/em><\/p>\n<p>Was versteht man heute unter Fundamentalismus? Der Begriff Fundamentalismus wird in der Gesellschaft unterschiedlich interpretiert:<\/p>\n<p>Zun\u00e4chst bedeutet der Begriff ja nichts anderes, als dass man zu den Fundamenten, zu den urspr\u00fcnglichen Glaubensvorstellungen zur\u00fcck will. Nehmen wir an: Eine Gruppe vertritt ein Christentum, das dem Urchristentum mit seinen recht menschlich anmutenden Vorstellungen von Toleranz, Liebe und Gemeinschaftssinn gleicht. Das klingt zun\u00e4chst gut und wurde bzw. wird auch heute noch von kleinen Gruppen vertreten, ja man versucht dort sogar danach zu leben. Soweit diese Gemeinschaften dabei Toleranz zeigen, handeln sie im Rahmen demokratischer Glaubensfreiheit. Allerdings: Nach unserer Auffassung kann man nicht mit Vorstellungen von vor zweitausend Jahren die Probleme unserer gegenw\u00e4rtigen Gesellschaft meistern und auf Dauer danach leben.<\/p>\n<p>Solche Gruppen werden aber im allgemeinen Sprachgebrauch heute nicht als fundamentalistisch bezeichnet. In der Gegenwart verstehen wir etwas anderes darunter, besonders deshalb, weil sich christliche, konservativ-reaktion\u00e4re Gruppen in den USA schon seit Ende des 19. Jahrhunderts selbst fundamentalistisch nennen. Als reaktion\u00e4re Kr\u00e4fte haben sie den aufkommenden Darwinismus angriffen und die biblische Vorstellung der Welterschaffung (den Kreationismus) als einzige Wahrheit gelten lassen.<\/p>\n<p>Inzwischen ist der Begriff des Fundamentalismus im allgemeinen Sprachgebrauch angekommen und bezieht sich auf verschiedene religi\u00f6se Gruppierungen \u2013 wobei zurzeit sicherlich die islamische besonders im Blickpunkt steht. Heute versteht man meistens unter \u201ereligi\u00f6sem Fundamentalismus\u201c \u2013 und so m\u00f6chte ich ihn auch verstanden wissen \u2013 eine Anschauung, die nicht hinterfragt werden darf, da die vertretenen Aussagen angeblich g\u00f6ttlicher Natur sind. So ist zum Beispiel f\u00fcr islamische Fundamentalisten der Koran im Auftrag Gottes unmittelbar Mohammed mitgeteilt worden; auslegen k\u00f6nnen ihn nur ausgew\u00e4hlte Gelehrte, falls doch noch Unklarheiten f\u00fcr das praktische Leben bestehen. F\u00fcr christliche Fundamentalisten ist es die Unumst\u00f6\u00dflichkeit biblischer Aussagen, f\u00fcr Katholiken nach wie vor die Unfehlbarkeit des Papstes, f\u00fcr die Juden die Thora, das Alte Testament.<\/p>\n<p>Verbunden mit dem Fundamentalismus ist, da man ja an Gottes Wort nicht zweifeln darf, zwangsl\u00e4ufig die Anschauung, dass alle anderen Anschauungen falsch sind, und nur der eigene Glaube richtig sein kann. Man ist fanatisch, meist militant, intolerant, undemokratisch, vertritt extremistische Anschauungen, ja man zeigt sich unmenschlich. Auch wenn das gelegentlich bestritten wird: Religi\u00f6s fundamentalistische Anschauungen haben immer einen politischen Charakter, sind politisch orientiert, sind meist auf der rechten extremistischen Seite angesiedelt und schlie\u00dfen sich \u00f6fter direkt oder indirekt politischen Bewegungen an bzw. unterst\u00fctzen diese.<\/p>\n<p>Trotz der aktuell fast ausschlie\u00dflichen Fokussierung auf islamische Fundamentalisten in der \u00f6ffentlichen Debatte sollten wir den christlichen Fanatismus und Fundamentalismus nicht untersch\u00e4tzen. Nachdem wir in christlich gepr\u00e4gten L\u00e4ndern leben, ist es unsere Hauptaufgabe, bei uns \u2013 in der westlichen Hemisph\u00e4re \u2013 gegen Unmenschlichkeit in ihren verschiedensten Facetten zu wirken. Hier m\u00fcssen wir vor allem die Untaten christlicher Fundamentalisten \u2013 die ja in vielen Verhaltensweisen den islamistischen \u00e4hnlich sind &#8211; brandmarken.<\/p>\n<p>Das Christentum hat in seiner blutigen Geschichte aus Fanatismus ganze V\u00f6lker ausgel\u00f6scht, Kulturen zerst\u00f6rt. Kennzeichnend sind Zwangschristianisierung \u00fcber Jahrtausende, Massenmorde an Andersdenkenden, Frauenfeindlichkeit, aber auch Rassismus bis in die Gegenwart. Erst mit der Entwicklung von Humanismus und Aufkl\u00e4rung konnte dem entgegengewirkt, konnten langsam Verbesserungen erzielt werden. Forderungen nach Verwirklichung grundlegender Menschenrechte und die Idee der Toleranz gewannen \u2013 meist im Kampf gegen die Kirchen \u2013 langsam an Bedeutung. Es ist allerdings bis heute vielerorts nicht gelungen, sie tats\u00e4chlich umzusetzen: am wenigsten in stark religi\u00f6s ausgerichteten Nationen und Gebieten.<\/p>\n<p>In der Geschichte hat die katholische Kirche und ihr zugeh\u00f6rige Gruppen durch Fanatismus die gr\u00f6\u00dften Verbrechen heraufbeschworen: Vernichtung Andersgl\u00e4ubiger, Hexenverfolgungen, Kreuzz\u00fcge, die Ermordung von Millionen Indianern im Rahmen der \u201eChristianisierung\u201c Amerikas, Glaubenskriege usw. wurden meist von fanatisch-fundamentalistisch denkenden P\u00e4psten und religi\u00f6sen F\u00fchrern propagiert und durchgef\u00fchrt. Das geht bis in die neue Geschichte: denken wir nur an die Errichtung der faschistischen Franco-Regierung in Spanien oder an das \u201eUstascha-Regime\u201c im ehemaligen Jugoslawien. Mit Unterst\u00fctzung vom damaligen Erzbischof Stepinac, der sp\u00e4ter vom Papst zum Kardinal erhoben wurde, wurden Hunderttausende Andersgl\u00e4ubige umgebracht. Papst Johannes Paul II. hat ihn im Jahr 2000 selig gesprochen.<\/p>\n<p>Heute gibt es gr\u00f6\u00dfere fanatische katholische Gruppen und Orden. Der moderner ausgerichtete Laienorden \u201eOpus dei\u201c mit seinen extremistisch-konservativen, ja faschistischen Anschauungen und seinen dubiosen Arbeitsmethoden geh\u00f6rt z.B. dazu. Opus dei hat in Franco-Spanien einen gro\u00dfen Teil der Minister gestellt und hat sich immer wieder stark gemacht f\u00fcr rechts-extreme Diktaturen in Lateinamerika. In F\u00fchrungsgremien des Vatikans ist die Bewegung stark vertreten und vor allem auch in Wirtschaftsunternehmen. Die auf strengen Gehorsam ausgerichtete Organisation ist intolerant, sie ist getragen von M\u00e4nnlichkeitswahn und F\u00fchrungskult, sieht in den Frauen etwas Minderwertiges. Sie ist wirtschaftspolitisch modern ausgerichtet, sonst aber gegen eine aufgeschlossene moderne Gesellschaft.<\/p>\n<p>Zun\u00e4chst erscheinen evangelische Gruppen \u201aharmloser\u2019: Sie geben sich aufgeschlossener, demokratischer organisiert, zeigen weniger Gehorsam und Dogmatismus. Das trifft auf Teile der evangelischen Kirche zu. Es gibt aber gerade auch im Protestantismus Gruppierungen, die extrem fanatisiert und fundamentalistisch sind, auch bei uns in Deutschland. Vor allem im Rahmen der Freikirchen finden wir sie. Evangelische Fundamentalisten f\u00fchlen sich als die \u201eSauberm\u00e4nner\u201c der Nation, wenden sich gegen wissenschaftlichen Fortschritt, gegen den Darwinismus, gegen eine moderne Sexualmoral und sind nat\u00fcrlich gegen den Schwangerschaftsabbruch, \u00e4hnlich wie katholische Kreise. Haupts\u00e4chlich bei den Evangelikalen und in den Pfingstgemeinden finden wir viele Vertreter dieses Spektrums. Einige dieser Gruppen haben eng zusammengearbeitet mit Diktaturen in S\u00fcdamerika, ja an Massakern gegen Indios in Mittelamerika mitgewirkt. Sie spielen gerade aber auch in der gegenw\u00e4rtigen Politik der USA unter Pr\u00e4sident George W. Bush eine bedeutende Rolle als Scharfmacher.<\/p>\n<p>Erstaunlich ist, dass auch die Baptisten, die gr\u00f6\u00dfte protestantische Kirche der USA, die eigentlich als aufgeschlossener galt, enger und fundamentalistischer wird. So hat der Vorstand der Southern Baptist Convention mit ihren 16 Millionen Mitgliedern beschlossen, dass sich die Frauen in Zukunft ihren M\u00e4nnern \u201ehuldvoll zu unterwerfen haben\u201c (N\u00fcrnberger Nachrichten, 13.\/14.06.1998). Ein Weg zur\u00fcck ins Mittelalter?<\/p>\n<p>Wir sollten nicht in den Fehler verfallen den Islam pauschal zu sehen, weil hier fanatisierte Gruppen die westliche Welt in Angst und Schrecken versetzt haben. Im Islam kennt man \u2013 \u00e4hnlich wie bei uns im Christlichen Abendland \u2013 Bestrebungen, den Glauben auf der ganzen Welt durchzusetzen, weil er der einzig wahre sei. Bestrebungen die Welt zu beherrschen kennen wir zur Gen\u00fcge: im Christentum vom Mittelalter bis in die moderne Zeit oder im Franco- und Hitlerfaschismus. Parallelen dazu finden wir auch in der islamischen Welt, etwa bei starren Fundamentalisten. Die Geschichte hat [indes] bewiesen, dass der Islam nicht aggressiver ist als das Christentum. Die Verbrechen der Kirchen von der Zeit Konstantins bis zur Gegenwart sind beredtes Beispiel daf\u00fcr. Machen wir es uns bewusst: Man darf den islamischen Terrorismus nicht mit dem Islam gleichsetzen, genau so wenig wie wir den christlichen Terrorismus mit dem Christentum gleichsetzen d\u00fcrfen.<\/p>\n<hr \/>\n<p><em>Der Text setzt sich zusammen aus Ausz\u00fcgen aus einem Vortrag beim Bund f\u00fcr Geistesfreiheit (bfg) F\u00fcrth im November 2001. Helmut Steuerwald ist Diplomsozialp\u00e4dagoge und hatte jahrzehntelang verantwortliche Funktionen im Bund f\u00fcr Geistesfreiheit in Bayern inne. Er ist Mitglied des DFV N\u00fcrnberg.<\/em><\/p>\n<hr \/>\n<p>Bild: https:\/\/pixabay.com\/de\/users\/bykst-86169\/ Kai Stachowiak<\/p>\n","protected":false},"excerpt":{"rendered":"<p><strong>Beitrag von Helmut Steuerwald aus FREIDENKER 2-06<\/strong><br \/>\nHeute versteht man meistens unter \u201ereligi\u00f6sem Fundamentalismus\u201c \u2013 und so m\u00f6chte ich ihn auch verstanden wissen \u2013 eine Anschauung, die nicht hinterfragt werden darf, da die vertretenen Aussagen angeblich g\u00f6ttlicher Natur sind. So ist zum Beispiel f\u00fcr islamische Fundamentalisten der Koran im Auftrag Gottes unmittelbar Mohammed mitgeteilt worden; auslegen k\u00f6nnen ihn nur ausgew\u00e4hlte Gelehrte, falls doch noch Unklarheiten f\u00fcr das praktische Leben bestehen. F\u00fcr christliche Fundamentalisten ist es die Unumst\u00f6\u00dflichkeit biblischer Aussagen, f\u00fcr Katholiken nach wie vor die Unfehlbarkeit des Papstes, f\u00fcr die Juden die Thora, das Alte Testament.<\/p>\n","protected":false},"author":2,"featured_media":675,"comment_status":"closed","ping_status":"closed","sticky":false,"template":"","format":"standard","meta":{"colormag_page_container_layout":"default_layout","colormag_page_sidebar_layout":"default_layout","advanced_seo_description":"","jetpack_seo_html_title":"","jetpack_seo_noindex":false,"jetpack_post_was_ever_published":false,"footnotes":""},"categories":[15],"tags":[305,371],"class_list":["post-674","post","type-post","status-publish","format-standard","has-post-thumbnail","hentry","category-religions-kirchenkritik","tag-fundamentalismus","tag-religion"],"jetpack_featured_media_url":"https:\/\/i0.wp.com\/www.freidenker.org\/fw17\/wp-content\/uploads\/2016\/08\/Religionen.jpg?fit=800%2C445&ssl=1","jetpack_shortlink":"https:\/\/wp.me\/p9stpK-aS","jetpack-related-posts":[{"id":651,"url":"https:\/\/www.freidenker.org\/?p=651","url_meta":{"origin":674,"position":0},"title":"Was ist Fundamentalismus?","author":"Webmaster","date":"2. Januar 2002","format":false,"excerpt":"Beitrag von Dr. Berthold H\u00e4\u00dflin Die Anschl\u00e4ge vom 11. September werden im allgemeinen fundamentalistischen islamischen Kreisen zugeschrieben. Bin Laden und die Taliban sollen hierf\u00fcr verantwortlich sein. Ich m\u00f6chte hier nur eines eingangs feststellen: die Taliban haben in Afghanistan nicht gerade ein typisches fundamentalistisches Regime geschaffen. Dass n\u00e4mlich M\u00e4dchen keine Schulausbildung\u2026","rel":"","context":"In &quot;Frieden - Antifaschismus - Solidarit\u00e4t&quot;","block_context":{"text":"Frieden - Antifaschismus - Solidarit\u00e4t","link":"https:\/\/www.freidenker.org\/?cat=13"},"img":{"alt_text":"","src":"https:\/\/i0.wp.com\/www.freidenker.org\/fw17\/wp-content\/uploads\/2016\/08\/Kampf_Kulturen.jpg?fit=800%2C445&ssl=1&resize=350%2C200","width":350,"height":200,"srcset":"https:\/\/i0.wp.com\/www.freidenker.org\/fw17\/wp-content\/uploads\/2016\/08\/Kampf_Kulturen.jpg?fit=800%2C445&ssl=1&resize=350%2C200 1x, https:\/\/i0.wp.com\/www.freidenker.org\/fw17\/wp-content\/uploads\/2016\/08\/Kampf_Kulturen.jpg?fit=800%2C445&ssl=1&resize=525%2C300 1.5x, https:\/\/i0.wp.com\/www.freidenker.org\/fw17\/wp-content\/uploads\/2016\/08\/Kampf_Kulturen.jpg?fit=800%2C445&ssl=1&resize=700%2C400 2x"},"classes":[]},{"id":671,"url":"https:\/\/www.freidenker.org\/?p=671","url_meta":{"origin":674,"position":1},"title":"Fundamentalismus \u2013 oder: Warum suchen so viele Menschen einfache Antworten auf komplexe Fragen?","author":"Webmaster","date":"17. Mai 2006","format":false,"excerpt":"Beitrag von Martin Mittwede aus FREIDENKER 2-06 Fundamentalismus ist heutzutage zu einem allseitig verwendeten Begriff geworden, der unterschiedlichste Ph\u00e4nomene beschreibt und h\u00e4ufig auch mit negativen Konnotationen versehen ist. Nicht selten wird der Vorwurf des Fundamentalismus benutzt, um Diskurse mit Andersdenkenden abzubrechen und diese zu diskreditieren. Im Fundamentalismusvorwurf ist also selbst\u2026","rel":"","context":"In &quot;Religions- &amp; Kirchenkritik, S\u00e4kulare Szene&quot;","block_context":{"text":"Religions- &amp; Kirchenkritik, S\u00e4kulare Szene","link":"https:\/\/www.freidenker.org\/?cat=15"},"img":{"alt_text":"","src":"https:\/\/i0.wp.com\/www.freidenker.org\/fw17\/wp-content\/uploads\/2016\/08\/Engel_Teufel.jpg?fit=800%2C445&ssl=1&resize=350%2C200","width":350,"height":200,"srcset":"https:\/\/i0.wp.com\/www.freidenker.org\/fw17\/wp-content\/uploads\/2016\/08\/Engel_Teufel.jpg?fit=800%2C445&ssl=1&resize=350%2C200 1x, https:\/\/i0.wp.com\/www.freidenker.org\/fw17\/wp-content\/uploads\/2016\/08\/Engel_Teufel.jpg?fit=800%2C445&ssl=1&resize=525%2C300 1.5x, https:\/\/i0.wp.com\/www.freidenker.org\/fw17\/wp-content\/uploads\/2016\/08\/Engel_Teufel.jpg?fit=800%2C445&ssl=1&resize=700%2C400 2x"},"classes":[]},{"id":2937,"url":"https:\/\/www.freidenker.org\/?p=2937","url_meta":{"origin":674,"position":2},"title":"Religionskritik unter Islamophobie-Verdacht?","author":"Webredaktion","date":"17. September 2013","format":false,"excerpt":"Beitrag von Klaus Hartmann aus: FREIDENKER 3-13 Die Frage soll lauten, ob es erlaubt ist, den Islam zu kritisieren. Oder ob Freidenker sich aus \u201aantiimperialistischen Gr\u00fcnden\u2019 scheuen, dies zu tun. Von mancher Seite wird dem Freidenkerverband vorgehalten, seine Aufgabe der Religionskritik zu vernachl\u00e4ssigen und einem Kulturrelativismus zu huldigen. Das ist\u2026","rel":"","context":"In &quot;Demokratie \u2013 Medien \u2013 Aufkl\u00e4rung&quot;","block_context":{"text":"Demokratie \u2013 Medien \u2013 Aufkl\u00e4rung","link":"https:\/\/www.freidenker.org\/?cat=12"},"img":{"alt_text":"","src":"https:\/\/i0.wp.com\/www.freidenker.org\/fw17\/wp-content\/uploads\/2017\/12\/the-1621517_800x445.jpg?fit=800%2C445&ssl=1&resize=350%2C200","width":350,"height":200,"srcset":"https:\/\/i0.wp.com\/www.freidenker.org\/fw17\/wp-content\/uploads\/2017\/12\/the-1621517_800x445.jpg?fit=800%2C445&ssl=1&resize=350%2C200 1x, https:\/\/i0.wp.com\/www.freidenker.org\/fw17\/wp-content\/uploads\/2017\/12\/the-1621517_800x445.jpg?fit=800%2C445&ssl=1&resize=525%2C300 1.5x, https:\/\/i0.wp.com\/www.freidenker.org\/fw17\/wp-content\/uploads\/2017\/12\/the-1621517_800x445.jpg?fit=800%2C445&ssl=1&resize=700%2C400 2x"},"classes":[]},{"id":40,"url":"https:\/\/www.freidenker.org\/?p=40","url_meta":{"origin":674,"position":3},"title":"Der takfiristische Terrorismus in der Debatte der Islamgelehrten","author":"Webmaster","date":"4. Dezember 2015","format":false,"excerpt":"Beitrag von Klaus von Raussendorff: Als n\u00fctzlicher Feind des Westens tritt der so genannte Islamische Staat nicht nur milit\u00e4risch vor Ort in Erscheinung. Seine Gr\u00e4ueltaten halten auch die so genannte \u201eIslam-Debatte\u201c im Westen im Gange. Deren soziale Funktion besteht im Wesentlichen weniger darin, Kenntnis und Verst\u00e4ndnis zu f\u00f6rdern, als vielmehr\u2026","rel":"","context":"In &quot;Frieden - Antifaschismus - Solidarit\u00e4t&quot;","block_context":{"text":"Frieden - Antifaschismus - Solidarit\u00e4t","link":"https:\/\/www.freidenker.org\/?cat=13"},"img":{"alt_text":"","src":"https:\/\/i0.wp.com\/www.freidenker.org\/fw17\/wp-content\/uploads\/2016\/05\/Ko_02.jpg?fit=800%2C445&ssl=1&resize=350%2C200","width":350,"height":200,"srcset":"https:\/\/i0.wp.com\/www.freidenker.org\/fw17\/wp-content\/uploads\/2016\/05\/Ko_02.jpg?fit=800%2C445&ssl=1&resize=350%2C200 1x, https:\/\/i0.wp.com\/www.freidenker.org\/fw17\/wp-content\/uploads\/2016\/05\/Ko_02.jpg?fit=800%2C445&ssl=1&resize=525%2C300 1.5x, https:\/\/i0.wp.com\/www.freidenker.org\/fw17\/wp-content\/uploads\/2016\/05\/Ko_02.jpg?fit=800%2C445&ssl=1&resize=700%2C400 2x"},"classes":[]},{"id":3276,"url":"https:\/\/www.freidenker.org\/?p=3276","url_meta":{"origin":674,"position":4},"title":"Warum es keinen \u201eWissenschaftlichen Atheismus\u201c geben kann","author":"Webredaktion","date":"17. M\u00e4rz 2008","format":false,"excerpt":"Beitrag von Hans Lutter aus: FREIDENKER 1-08 Jahrzehntelang gebrauchten wir in allen sozialistischen L\u00e4ndern den aus der Sowjetunion stammenden Begriff \u201eWissenschaftlicher Atheismus\u201c in dem Sinne, dass es sich um eine Wissenschaftsdisziplin handelt. Im Prozess wachsender Erkenntnis jedoch begriffen wir, dass man auf einem negativen Begriff wie \u201eAtheismus\u201c keine Wissenschaft aufbauen\u2026","rel":"","context":"In &quot;Weltanschauung &amp; Philosophie&quot;","block_context":{"text":"Weltanschauung &amp; Philosophie","link":"https:\/\/www.freidenker.org\/?cat=16"},"img":{"alt_text":"","src":"https:\/\/i0.wp.com\/www.freidenker.org\/fw17\/wp-content\/uploads\/2008\/03\/universe-782697_800x445.jpg?fit=800%2C445&ssl=1&resize=350%2C200","width":350,"height":200,"srcset":"https:\/\/i0.wp.com\/www.freidenker.org\/fw17\/wp-content\/uploads\/2008\/03\/universe-782697_800x445.jpg?fit=800%2C445&ssl=1&resize=350%2C200 1x, https:\/\/i0.wp.com\/www.freidenker.org\/fw17\/wp-content\/uploads\/2008\/03\/universe-782697_800x445.jpg?fit=800%2C445&ssl=1&resize=525%2C300 1.5x, https:\/\/i0.wp.com\/www.freidenker.org\/fw17\/wp-content\/uploads\/2008\/03\/universe-782697_800x445.jpg?fit=800%2C445&ssl=1&resize=700%2C400 2x"},"classes":[]},{"id":3122,"url":"https:\/\/www.freidenker.org\/?p=3122","url_meta":{"origin":674,"position":5},"title":"Ein Pl\u00e4doyer","author":"Webredaktion","date":"17. Dezember 2011","format":false,"excerpt":"Beitrag von Klaus Hartmann aus FREIDENKER 4-11 Der Vorwurf, \u201eAntisemit\u201c zu sein, geh\u00f6rt zu den schwersten politischen Anklagen. Heute wird der Vorwurf aber insbesondere gegen Menschen erhoben, die gegen israelische Besatzung und Kriegsverbrechen in Pal\u00e4stina protestieren. Besonders \u201eantisemitisch\u201c seien die \u201ekritischen Juden\u201c, die ihren Kriegstreiber-Regierungen nicht huldigen, f\u00fcr sie muss\u2026","rel":"","context":"In &quot;Demokratie \u2013 Medien \u2013 Aufkl\u00e4rung&quot;","block_context":{"text":"Demokratie \u2013 Medien \u2013 Aufkl\u00e4rung","link":"https:\/\/www.freidenker.org\/?cat=12"},"img":{"alt_text":"","src":"https:\/\/i0.wp.com\/www.freidenker.org\/fw17\/wp-content\/uploads\/2011\/12\/2005-08-14-1-5505_800x445.jpg?fit=800%2C445&ssl=1&resize=350%2C200","width":350,"height":200,"srcset":"https:\/\/i0.wp.com\/www.freidenker.org\/fw17\/wp-content\/uploads\/2011\/12\/2005-08-14-1-5505_800x445.jpg?fit=800%2C445&ssl=1&resize=350%2C200 1x, https:\/\/i0.wp.com\/www.freidenker.org\/fw17\/wp-content\/uploads\/2011\/12\/2005-08-14-1-5505_800x445.jpg?fit=800%2C445&ssl=1&resize=525%2C300 1.5x, https:\/\/i0.wp.com\/www.freidenker.org\/fw17\/wp-content\/uploads\/2011\/12\/2005-08-14-1-5505_800x445.jpg?fit=800%2C445&ssl=1&resize=700%2C400 2x"},"classes":[]}],"_links":{"self":[{"href":"https:\/\/www.freidenker.org\/index.php?rest_route=\/wp\/v2\/posts\/674","targetHints":{"allow":["GET"]}}],"collection":[{"href":"https:\/\/www.freidenker.org\/index.php?rest_route=\/wp\/v2\/posts"}],"about":[{"href":"https:\/\/www.freidenker.org\/index.php?rest_route=\/wp\/v2\/types\/post"}],"author":[{"embeddable":true,"href":"https:\/\/www.freidenker.org\/index.php?rest_route=\/wp\/v2\/users\/2"}],"replies":[{"embeddable":true,"href":"https:\/\/www.freidenker.org\/index.php?rest_route=%2Fwp%2Fv2%2Fcomments&post=674"}],"version-history":[{"count":0,"href":"https:\/\/www.freidenker.org\/index.php?rest_route=\/wp\/v2\/posts\/674\/revisions"}],"wp:featuredmedia":[{"embeddable":true,"href":"https:\/\/www.freidenker.org\/index.php?rest_route=\/wp\/v2\/media\/675"}],"wp:attachment":[{"href":"https:\/\/www.freidenker.org\/index.php?rest_route=%2Fwp%2Fv2%2Fmedia&parent=674"}],"wp:term":[{"taxonomy":"category","embeddable":true,"href":"https:\/\/www.freidenker.org\/index.php?rest_route=%2Fwp%2Fv2%2Fcategories&post=674"},{"taxonomy":"post_tag","embeddable":true,"href":"https:\/\/www.freidenker.org\/index.php?rest_route=%2Fwp%2Fv2%2Ftags&post=674"}],"curies":[{"name":"wp","href":"https:\/\/api.w.org\/{rel}","templated":true}]}}