{"id":6719,"date":"2019-07-17T23:59:50","date_gmt":"2019-07-17T21:59:50","guid":{"rendered":"https:\/\/www.freidenker.org\/?p=6719"},"modified":"2019-08-10T03:41:57","modified_gmt":"2019-08-10T01:41:57","slug":"ursula-von-der-leyen-geburtshelferin-eines-militarisierten-europas","status":"publish","type":"post","link":"https:\/\/www.freidenker.org\/?p=6719","title":{"rendered":"Ursula von der Leyen &#8211; Geburtshelferin eines militarisierten Europas"},"content":{"rendered":"<p>In der Rubrik <strong>Tagesdosis<\/strong> wurde am 06.07.2019 bei <a href=\"https:\/\/kenfm.de\/tagesdosis-6-7-2019-geburtshelferin-eines-militarisierten-europas\/\" target=\"_blank\" rel=\"noopener noreferrer\">KenFM<\/a> der Beitrag <strong>\u201eGeburtshelferin eines militarisierten Europas\u201c<\/strong> von <em><strong>Hermann Ploppa <\/strong><\/em>ver\u00f6ffentlicht.<\/p>\n<p>Den Beitrag als Audio-Datei anh\u00f6ren:<\/p>\n<audio class=\"wp-audio-shortcode\" id=\"audio-6719-1\" preload=\"none\" style=\"width: 100%;\" controls=\"controls\"><source type=\"audio\/mpeg\" src=\"https:\/\/www.freidenker.org\/fw17\/wp-content\/uploads\/2019\/07\/tagesdosis-20190706.mp3?_=1\" \/><a href=\"https:\/\/www.freidenker.org\/fw17\/wp-content\/uploads\/2019\/07\/tagesdosis-20190706.mp3\">https:\/\/www.freidenker.org\/fw17\/wp-content\/uploads\/2019\/07\/tagesdosis-20190706.mp3<\/a><\/audio>\n<p>&nbsp;<\/p>\n<p>Der Beitrag ist auch auf YouTube verf\u00fcgbar: <a href=\"https:\/\/www.youtube.com\/watch?v=2VUxk49lvVc\" target=\"_blank\" rel=\"noopener noreferrer\">https:\/\/www.youtube.com\/watch?v=2VUxk49lvVc<\/a><\/p>\n<h4>Tagesdosis 6.7.2019 \u2013 Geburtshelferin eines militarisierten Europas<\/h4>\n<p><em>Ein Kommentar von <strong>Hermann Ploppa<\/strong>.<\/em><\/p>\n<p>Die Europ\u00e4ische Union bleibt ihrem in Jahrzehnten m\u00fchsam erarbeiteten Ruf treu. Als kafkaeske Superbeh\u00f6rde steht sie \u00fcber den Niederungen nationaler Auseinandersetzungen und setzt selbstherrlich ihre Beschl\u00fcsse durch. So auch wieder geschehen mit der deutschen Verteidigungsministerin Ursula von der Leyen. Was hat man nicht alles versprochen: die EU soll demokratischer werden. Transparenter. N\u00e4her am B\u00fcrger. Der neue Kommissionspr\u00e4sident der Europ\u00e4ischen Union soll aus den Reihen des Europ\u00e4ischen Parlaments in Stra\u00dfburg kommen. Die Sozialdemokraten sch\u00e4umen. Das gildet nicht! Und: diese Querschuss-Kandidatin von der Leyen werden wir nicht w\u00e4hlen! Das <a href=\"https:\/\/kenfm.de\/standpunkte-%E2%80%A2-geliftete-jugend-und-alte-schinken-fuer-strassburg-podcast\/\" target=\"_blank\" rel=\"noopener noreferrer\">Europa-Parlament hat zwar gar nichts zu sagen<\/a>,\u00a0muss aber die Vorschl\u00e4ge der EU-Kommission in Br\u00fcssel durch Wahl ihrer Wunschkandidaten abnicken. Und da wollen die Sozialdemokraten die Uschi mit Pauken und Trompeten durchfallen lassen. Naja, keine Angst: die Sozis werden auch von der Leyen durchwinken. Neben den Mitgliedern der konservativen Fraktion haben auch die Gr\u00fcnen in Stra\u00dfburg schon ihr entschiedene \u201eJein\u201c<span class=\"Apple-converted-space\">\u00a0 <\/span>zur von der Leyen-Wahl signalisiert. Und es sind gerade die viel geschm\u00e4hten \u201eRechtspopulisten\u201c aus den osteurop\u00e4ischen L\u00e4ndern, die den niederl\u00e4ndischen sozialdemokratischen EU-Pr\u00e4sidentschaftskandidaten Frans Timmermans ums Verrecken nicht haben wollten, und die nun von der Leyen jauchzend w\u00e4hlen wollen.<\/p>\n<p>Um Klarheiten zu schaffen und der deutschen Verteidigungsministerin logistische Sch\u00fctzenhilfe zu geben, haben ihr die Eurokraten den Status einer \u201eEU-Sonderberaterin\u201c aus dem Hut gezaubert. Sie hat ab sofort ein eigenes B\u00fcro in Br\u00fcssel, mit eigenen Mitarbeitern und Sicherheitsleuten, um ihre Wahl quasi vom Feldherrenh\u00fcgel aus durchdr\u00fccken zu k\u00f6nnen.<\/p>\n<p>Also, wie gehabt: Regieren auf Gutsherrenart. Der franz\u00f6sische Pr\u00e4sident Macron begr\u00fcndete seine Unterst\u00fctzung damit, von der Leyen k\u00f6nne flie\u00dfend Franz\u00f6sisch. Und EU-Ratspr\u00e4sident Donald Tusk fand f\u00fcr seine Zustimmung zu der Deutschen die d\u00e4mliche Ausrede: \u201eSchlie\u00dflich ist Europa eine Frau.\u201c<\/p>\n<p>Warum dieser Schnellschuss? Die EU-B\u00fcrokratie ist als Recyclinghof f\u00fcr auf nationaler Ebene gescheiterte Politiker immer wieder beliebt. Genannt seien hier deutscherseits nur Edmund Stoiber und G\u00fcnther Oettinger. In der Tat ist Ursula von der Leyen als Verteidigungsministerin schon lange reif f\u00fcr die Entlassung. Dass sie noch im Amt ist, verdankt sie der konzertierten Ruhe in den deutschen Mainstream-Medien. Aber das ist nicht der springende Punkt.<\/p>\n<p>Zun\u00e4chst einmal: Von der Leyen ist die personifizierte Amerikanisierung in der deutschen Politik. Sie steht f\u00fcr eine neue Oligarchie, die sich besonders nach der deutschen Wieder\u201cvereinigung\u201c geradezu einen dynastischen Anspruch auf Generationen \u00fcbergreifende Machterhaltung gesichert hat. Ihr Vater Ernst Albrecht begann seine Karriere in der Eurokratie, bevor er unter dubiosen Umst\u00e4nden Ministerpr\u00e4sident von Niedersachsen wurde. Tochter Ursula macht da weiter, wo der Vater aufgeh\u00f6rt hat. Ein \u00e4hnlicher Fall wie Birgit Breuel, die als Tochter der Bankierdynastie M\u00fcnchmeyer in ihrer Eigenschaft als Chefin der Treuhand die Bereicherung ihres Standes vorangetrieben hat. Ein Typus von Politikern, die den Staat und das m\u00fchsam erarbeitete Verm\u00f6gen der deutschen Mitb\u00fcrger nur noch als Instrumente zur Selbstbereicherung ansehen.<\/p>\n<p>Folglich begann von der Leyen ihre politische Karriere, indem sie als nieders\u00e4chsische Sozialministerin das Landesblindengeld strich. Das hei\u00dft: die Blinden k\u00f6nnen jetzt aus ihrer kargen Rente alle Kosten selber bezahlen, die ihnen aus der Behinderung zus\u00e4tzlich entstehen. Als Bundesministerin f\u00fcr Arbeit und Soziales boxte sie die Rente mit 67 durch. In einem Interview mit der Bild-Zeitung erkl\u00e4rte sie ganz human, dass ein Dachdecker nicht mehr unbedingt mit 67 auf D\u00e4chern herumkriechen m\u00fcsse. Er k\u00f6nne ja beim Discounter Regale bef\u00fcllen.<\/p>\n<p>Im Verteidigungsministerin ist von der Leyen nicht gerade durch Kreativit\u00e4t aufgefallen. Aber sie hat de facto das Verteidigungsministerium privatisiert. Gleich als erste Amtshandlung setzte die Ministerin die Unternehmensberaterin Katrin Suder von der bekannten Firma McKinsey als Staatssekret\u00e4rin ein. Dann wurden \u201efreih\u00e4ndig\u201c, also ohne die gesetzlich geforderte Ausschreibung, 400 Einzelvertr\u00e4ge im Gesamtvolumen von 150 Millionen Euro pro Jahr mit externen Unternehmensberatern abgeschlossen. Diese \u201eArmada\u201c (so der Spiegel) wurde mit offiziellen amtlichen Kompetenzen ausgestattet und hatte freien Zugang zu Staatsgeheimnissen. Die privaten Wegelagerer genehmigten sich einen Tagessatz von 1.700 Euro. Was den rechtm\u00e4\u00dfigen Mitarbeitern des Ministeriums sauer aufstie\u00df: das Ministerium macht sich von den externen Beratern abh\u00e4ngig wie der Fixer vom Dealer. Die Externen produzieren L\u00f6sungsans\u00e4tze, die zwangsl\u00e4ufig den Bedarf nach weiteren externen Beratungsleistungen erzeugen. Diese kriminelle Selbstbereicherung ist eigentlich Grund genug, Frau von der Leyen sofort zu entlassen und den von ihr angerichteten Augiasstall im Verteidigungsministerium gr\u00fcndlich auszumisten. Dieser Fall wurde jedoch in der gewohnten Manier von den Medien auf mittlerer Hitze abgekocht und sodann unter allgemeinem resigniertem Achselzucken einfach so hingenommen.<\/p>\n<p>So skurril das wom\u00f6glich erstmal klingt: Frau von der Leyen ist f\u00fcr den neuen Job als EU-Kommissionspr\u00e4sidentin die allererste Wahl! Denn sie bringt alle Voraussetzungen mit f\u00fcr die jetzt gerade einsetzende massive Militarisierung der Europ\u00e4ischen Union. Als Ministerin hatte sie zusammen mit dem damaligen Au\u00dfenminister Sigmar Gabriel das f\u00fcr alle EU-L\u00e4nder verbindliche PESCO-Abkommen unterzeichnet. PESCO steht f\u00fcr: Permanent Structured Cooperation, also: die permanente strukturierte Zusammenarbeit. Es geht kurz gesagt darum, dass nicht mehr l\u00e4nger jedes EU-Land seine eigene R\u00fcstung betreibt. Von jetzt ab werden Forschung und Entwicklung von R\u00fcstung, ihre Vermarktung und ihre Normierung in enger Zusammenarbeit mit allen EU-Staaten vorgenommen. Wir sind gerade Zeugen des massiven Aufbaus eines europaweiten Milit\u00e4risch-Industriellen Komplexes nach dem Vorbild der USA. Und es unterliegt keinem Zweifel, dass die R\u00fcstungskonzerne aus Frankreich und Deutschland dabei die F\u00fchrungsrolle einnehmen werden. Die anderen EU-\u201ePartner\u201c werden sich f\u00fcgen m\u00fcssen, friss\u2018 Vogel oder stirb. Das liest sich <a href=\"https:\/\/www.spiegel.de\/politik\/deutschland\/pesco-eu-entscheidet-ueber-engere-militaerische-zusammenarbeit-a-1177522.html\" target=\"_blank\" rel=\"noopener noreferrer\">im Spiegel<\/a>\u00a0\u00a0so:<\/p>\n<p>\u201eAn der n\u00f6tigen Mehrheit f\u00fcr den Start der Pesco-Zusammenarbeit gibt es kaum einen Zweifel. In insgesamt sechs Workshops in <a href=\"https:\/\/www.spiegel.de\/thema\/paris\/\" target=\"_blank\" rel=\"noopener noreferrer\">Paris<\/a>, <a href=\"https:\/\/www.spiegel.de\/thema\/berlin\/\" target=\"_blank\" rel=\"noopener noreferrer\">Berlin<\/a> und <a href=\"https:\/\/www.spiegel.de\/thema\/bruessel\/\" target=\"_blank\" rel=\"noopener noreferrer\">Br\u00fcssel<\/a> haben Deutsche und Franzosen das Projekt in den vergangenen Monaten allen anderen EU-Mitgliedern vorgestellt, daher kann sich eigentlich niemand \u00fcberrumpelt f\u00fchlen. Obwohl sie nicht mitmachen wollen, sollen sich nicht mal Briten und D\u00e4nen der Notifizierung verweigern, so ist zu h\u00f6ren.\u201c<\/p>\n<p>W\u00e4hrend die Euro-Einf\u00fchrung eine Lizenz zum T\u00f6ten f\u00fcr die m\u00e4chtigen Banken Deutschlands und Frankreichs ist, so wird PESCO den deutschen und franz\u00f6sischen R\u00fcstungskonzernen den Weg ebnen und kleinere Konkurrenten platt machen. \u00dcbrigens verpflichten sich die PESCO-Unterzeichner, ihre R\u00fcstungsausgaben kontinuierlich zu steigern. Zudem ist die Installierung einer internationalen Eingreiftruppe geplant, die auch au\u00dferhalb der EU t\u00e4tig werden soll. \u201eMissionen\u201c mit Kampfelementen gibt es schon in Mali, Bosnien-Herzegowina, Zentralafrika und Somalia. Zun\u00e4chst zivilistisch gibt man sich jetzt noch im Irak, in Pal\u00e4stina, Libyen, Ukraine und Georgien. Personal und Finanzen (5.5 Milliarden pro Jahr) nehmen sich im Vergleich mit den USA bis jetzt noch bescheiden aus. Das wird sich aber \u00e4ndern. Im Augenblick wird an einer engen Verzahnung von zivilen und milit\u00e4rischen Einrichtungen gearbeitet. Ein \u201eSchengen-Abkommen des Milit\u00e4rs\u201c ist eine erste Etappe, also eine die nationalen Grenzen \u00fcberschreitende Beweglichkeit der neuen europ\u00e4ischen Milit\u00e4rs.<\/p>\n<p>Gewiss wird Ursula von der Leyen in ihrer neuen Funktion als EU-Kommissionspr\u00e4sidentin genauso wenig kreativ und bestimmend sein wie sie es als Verteidigungsministerin ist. Sie dient auch in Br\u00fcssel nur als zivile Galionsfigur, um von den wirklich bestimmenden Kr\u00e4ften der EU-Militarisierung abzulenken. Genau wie auch NATO-Generalsekret\u00e4r Jens Stoltenberg in Wirklichkeit nichts zu melden hat und nur von den tonangebenden Gener\u00e4len ablenken soll. Auch ist die neue Milit\u00e4rmacht der Europ\u00e4ischen Union kein Versuch, sich nach dem Frust mit US-Pr\u00e4sident Donald Trump von den USA zu emanzipieren. Vielmehr ist die EU-Aufr\u00fcstung so konzipiert, dass sie den USA den R\u00fccken freih\u00e4lt f\u00fcr den gro\u00dfen Kampf gegen den gef\u00e4hrlichsten Herausforderer, n\u00e4mlich die Volksrepublik China. Von der Leyen hat bei ihren Auftritten bei der M\u00fcnchner Sicherheitskonferenz oder den Bilderbergern oder der Atlantikbl\u00fccke keinen Zweifel gelassen, dass ihre Loyalit\u00e4t zu den USA eindeutig feststeht.<\/p>\n<p style=\"text-align: right;\"><em>Hermann Ploppa wird Referent bei der Freidenker Konferenz &#8222;Der tiefe Staat&#8220; am 16.11.2019 in Stuttgart sein.<\/em><\/p>\n<p>&nbsp;<\/p>\n<p><em>KenFM bem\u00fcht sich um ein breites Meinungsspektrum. Meinungsartikel und Gastbeitr\u00e4ge m\u00fcssen nicht die Sichtweise der Redaktion widerspiegeln.<\/em><\/p>\n<p>Quelle der Erstver\u00f6ffentlichung: <a href=\"https:\/\/kenfm.de\/tagesdosis-6-7-2019-geburtshelferin-eines-militarisierten-europas\/\" target=\"_blank\" rel=\"noopener noreferrer\">https:\/\/kenfm.de\/tagesdosis-6-7-2019-geburtshelferin-eines-militarisierten-europas\/<\/a><\/p>\n<p>Der Beitrag ist auch auf YouTube verf\u00fcgbar: <a href=\"https:\/\/www.youtube.com\/watch?v=2VUxk49lvVc\" target=\"_blank\" rel=\"noopener noreferrer\">https:\/\/www.youtube.com\/watch?v=2VUxk49lvVc<\/a><\/p>\n<hr \/>\n<h5>Vom Autor erschienen:<\/h5>\n<p><img data-recalc-dims=\"1\" loading=\"lazy\" decoding=\"async\" data-attachment-id=\"6724\" data-permalink=\"https:\/\/www.freidenker.org\/?attachment_id=6724\" data-orig-file=\"https:\/\/i0.wp.com\/www.freidenker.org\/fw17\/wp-content\/uploads\/2019\/07\/ploppa_buch.jpg?fit=321%2C500&amp;ssl=1\" data-orig-size=\"321,500\" data-comments-opened=\"0\" data-image-meta=\"{&quot;aperture&quot;:&quot;0&quot;,&quot;credit&quot;:&quot;&quot;,&quot;camera&quot;:&quot;&quot;,&quot;caption&quot;:&quot;&quot;,&quot;created_timestamp&quot;:&quot;0&quot;,&quot;copyright&quot;:&quot;&quot;,&quot;focal_length&quot;:&quot;0&quot;,&quot;iso&quot;:&quot;0&quot;,&quot;shutter_speed&quot;:&quot;0&quot;,&quot;title&quot;:&quot;&quot;,&quot;orientation&quot;:&quot;0&quot;}\" data-image-title=\"ploppa_buch\" data-image-description=\"\" data-image-caption=\"\" data-large-file=\"https:\/\/i0.wp.com\/www.freidenker.org\/fw17\/wp-content\/uploads\/2019\/07\/ploppa_buch.jpg?fit=321%2C500&amp;ssl=1\" class=\"alignnone wp-image-6724 size-medium\" src=\"https:\/\/i0.wp.com\/www.freidenker.org\/fw17\/wp-content\/uploads\/2019\/07\/ploppa_buch.jpg?resize=193%2C300&#038;ssl=1\" alt=\"\" width=\"193\" height=\"300\" srcset=\"https:\/\/i0.wp.com\/www.freidenker.org\/fw17\/wp-content\/uploads\/2019\/07\/ploppa_buch.jpg?resize=193%2C300&amp;ssl=1 193w, https:\/\/i0.wp.com\/www.freidenker.org\/fw17\/wp-content\/uploads\/2019\/07\/ploppa_buch.jpg?w=321&amp;ssl=1 321w\" sizes=\"auto, (max-width: 193px) 100vw, 193px\" \/><\/p>\n<p>Hermann Ploppa<br \/>\n<strong>Die Macher hinter den Kulissen: Wie transatlantische Netzwerke heimlich die Demokratie unterwandern<\/strong><br \/>\n<a href=\"https:\/\/www.nomen-verlag.de\/produkt\/die-macher-hinter-den-kulissen\/\" target=\"_blank\" rel=\"noopener noreferrer\">nomen-Verlag<\/a>, 2018, 14,90 \u20ac<\/p>\n<hr \/>\n<p><span style=\"font-size: 10pt;\">Bild oben: Ursula von der Leyen auf der M\u00fcnchner Sicherheitskonferenz 2014<\/span><br \/>\n<span style=\"font-size: 10pt;\">Foto: <span class=\"licensetpl_attr\">Mueller\/MSC<\/span>, <a class=\"mw-mmv-license\" href=\"https:\/\/creativecommons.org\/licenses\/by\/3.0\" target=\"_blank\" rel=\"noopener noreferrer\">CC BY 3.0<\/a><\/span><br \/>\n<span style=\"font-size: 10pt;\">Quelle: <a href=\"https:\/\/commons.wikimedia.org\/wiki\/File:MSC_2014_VonDerLeyen_Mueller_MSC2014.jpg\" target=\"_blank\" rel=\"noopener noreferrer\">https:\/\/commons.wikimedia.org\/wiki\/File:MSC_2014_VonDerLeyen_Mueller_MSC2014.jpg<\/a><\/span><\/p>\n","protected":false},"excerpt":{"rendered":"<p><b>In der Rubrik Tagesdosis wurde am 06.07.2019 bei KenFM der Beitrag \u201eGeburtshelferin eines militarisierten Europas\u201c von Hermann Ploppa ver\u00f6ffentlicht.<\/b><br \/>\nDie Europ\u00e4ische Union bleibt ihrem in Jahrzehnten m\u00fchsam erarbeiteten Ruf treu. Als kafkaeske Superbeh\u00f6rde steht sie \u00fcber den Niederungen nationaler Auseinandersetzungen und setzt selbstherrlich ihre Beschl\u00fcsse durch. So auch wieder geschehen mit der deutschen Verteidigungsministerin Ursula von der Leyen. Was hat man nicht alles versprochen: die EU soll demokratischer werden. Transparenter. N\u00e4her am B\u00fcrger. Der neue Kommissionspr\u00e4sident der Europ\u00e4ischen Union soll aus den Reihen des Europ\u00e4ischen Parlaments in Stra\u00dfburg kommen. Die Sozialdemokraten sch\u00e4umen. Das gildet nicht!<\/p>\n","protected":false},"author":3,"featured_media":6721,"comment_status":"closed","ping_status":"closed","sticky":false,"template":"","format":"standard","meta":{"colormag_page_container_layout":"default_layout","colormag_page_sidebar_layout":"default_layout","advanced_seo_description":"","jetpack_seo_html_title":"","jetpack_seo_noindex":false,"jetpack_post_was_ever_published":false,"footnotes":""},"categories":[12],"tags":[182,1151,704],"class_list":["post-6719","post","type-post","status-publish","format-standard","has-post-thumbnail","hentry","category-demokratie-medien-aufklaerung","tag-eu","tag-europa","tag-militarisierung"],"jetpack_featured_media_url":"https:\/\/i0.wp.com\/www.freidenker.org\/fw17\/wp-content\/uploads\/2019\/07\/VonDerLeyen_Mueller_MSC2014_800x445.jpg?fit=800%2C445&ssl=1","jetpack_shortlink":"https:\/\/wp.me\/p9stpK-1Kn","jetpack-related-posts":[{"id":5501,"url":"https:\/\/www.freidenker.org\/?p=5501","url_meta":{"origin":6719,"position":0},"title":"Merkel und EU wollen Wahrheitsministerium","author":"Webredaktion","date":"27. Oktober 2018","format":false,"excerpt":"In der Rubrik Tagesdosis wurde am 26.10.2018 bei KenFM der Beitrag \u201eMerkel und EU wollen Wahrheitsministerium\u201c von Sebatian Bahlo, Stellvertretender Vorsitzender des Deutschen Freidenker-Verbandes, ver\u00f6ffentlicht. Am 17.10.2018 gab Bundeskanzlerin Merkel im Bundestag eine Regierungserkl\u00e4rung zum bevorstehenden \u201eEurop\u00e4ischen Rat\u201c ab. Zwischen wohlbekannten Allgemeinpl\u00e4tzen, Auslassungen zum \u201eBrexit\u201c, der den unbotm\u00e4\u00dfigen Briten nat\u00fcrlich\u2026","rel":"","context":"In &quot;Demokratie \u2013 Medien \u2013 Aufkl\u00e4rung&quot;","block_context":{"text":"Demokratie \u2013 Medien \u2013 Aufkl\u00e4rung","link":"https:\/\/www.freidenker.org\/?cat=12"},"img":{"alt_text":"","src":"https:\/\/i0.wp.com\/www.freidenker.org\/fw17\/wp-content\/uploads\/2018\/10\/angela_merkel_ttip_caricature_800x445.jpg?fit=800%2C445&ssl=1&resize=350%2C200","width":350,"height":200,"srcset":"https:\/\/i0.wp.com\/www.freidenker.org\/fw17\/wp-content\/uploads\/2018\/10\/angela_merkel_ttip_caricature_800x445.jpg?fit=800%2C445&ssl=1&resize=350%2C200 1x, https:\/\/i0.wp.com\/www.freidenker.org\/fw17\/wp-content\/uploads\/2018\/10\/angela_merkel_ttip_caricature_800x445.jpg?fit=800%2C445&ssl=1&resize=525%2C300 1.5x, https:\/\/i0.wp.com\/www.freidenker.org\/fw17\/wp-content\/uploads\/2018\/10\/angela_merkel_ttip_caricature_800x445.jpg?fit=800%2C445&ssl=1&resize=700%2C400 2x"},"classes":[]},{"id":5055,"url":"https:\/\/www.freidenker.org\/?p=5055","url_meta":{"origin":6719,"position":1},"title":"Papst und Teufel: Kein Wunder in der H\u00f6lle","author":"Webredaktion","date":"29. April 2018","format":false,"excerpt":"In der Rubrik Tagesdosis wurde am 27.04.2018 bei KenFM der Beitrag \u201ePapst und Teufel: Kein Wunder in der H\u00f6lle\u201c von Klaus Hartmann, Vorsitzender des Deutschen Freidenker-Verbandes, ver\u00f6ffentlicht. Glaubt man der italienischen Zeitung \u201eLa Repubblica\u201c kurz vor Ostern 2018, soll Jorge Mario Bergoglio alias Papst Franziskus gesagt haben: \u201eDie H\u00f6lle gibt\u2026","rel":"","context":"In &quot;Religions- &amp; Kirchenkritik, S\u00e4kulare Szene&quot;","block_context":{"text":"Religions- &amp; Kirchenkritik, S\u00e4kulare Szene","link":"https:\/\/www.freidenker.org\/?cat=15"},"img":{"alt_text":"","src":"https:\/\/i0.wp.com\/www.freidenker.org\/fw17\/wp-content\/uploads\/2018\/04\/Papst_u_Teufel_800x445.jpg?fit=800%2C445&ssl=1&resize=350%2C200","width":350,"height":200,"srcset":"https:\/\/i0.wp.com\/www.freidenker.org\/fw17\/wp-content\/uploads\/2018\/04\/Papst_u_Teufel_800x445.jpg?fit=800%2C445&ssl=1&resize=350%2C200 1x, https:\/\/i0.wp.com\/www.freidenker.org\/fw17\/wp-content\/uploads\/2018\/04\/Papst_u_Teufel_800x445.jpg?fit=800%2C445&ssl=1&resize=525%2C300 1.5x, https:\/\/i0.wp.com\/www.freidenker.org\/fw17\/wp-content\/uploads\/2018\/04\/Papst_u_Teufel_800x445.jpg?fit=800%2C445&ssl=1&resize=700%2C400 2x"},"classes":[]},{"id":5252,"url":"https:\/\/www.freidenker.org\/?p=5252","url_meta":{"origin":6719,"position":2},"title":"Gipfelst\u00fcrme(r): Trump als russischer Agent entlarvt","author":"Webredaktion","date":"15. Juni 2018","format":false,"excerpt":"In der Rubrik Tagesdosis wurde am 15.06.2018 bei KenFM der Beitrag \u201eGipfelst\u00fcrme(r): Trump als russischer Agent entlarvt\u201c von Klaus Hartmann, Vorsitzender des Deutschen Freidenker-Verbandes, ver\u00f6ffentlicht. Auch Genie\u00dfen will gelernt sein. Ohne M\u00fche und ohne exakte Information kommt man nicht ans Ziel. F\u00fcr nicht so Ge\u00fcbte bietet der j\u00fcngste \u201eG7\u201c-Gipfel im\u2026","rel":"","context":"In &quot;Frieden - Antifaschismus - Solidarit\u00e4t&quot;","block_context":{"text":"Frieden - Antifaschismus - Solidarit\u00e4t","link":"https:\/\/www.freidenker.org\/?cat=13"},"img":{"alt_text":"","src":"https:\/\/i0.wp.com\/www.freidenker.org\/fw17\/wp-content\/uploads\/2018\/06\/trump_800x445.jpg?fit=800%2C445&ssl=1&resize=350%2C200","width":350,"height":200,"srcset":"https:\/\/i0.wp.com\/www.freidenker.org\/fw17\/wp-content\/uploads\/2018\/06\/trump_800x445.jpg?fit=800%2C445&ssl=1&resize=350%2C200 1x, https:\/\/i0.wp.com\/www.freidenker.org\/fw17\/wp-content\/uploads\/2018\/06\/trump_800x445.jpg?fit=800%2C445&ssl=1&resize=525%2C300 1.5x, https:\/\/i0.wp.com\/www.freidenker.org\/fw17\/wp-content\/uploads\/2018\/06\/trump_800x445.jpg?fit=800%2C445&ssl=1&resize=700%2C400 2x"},"classes":[]},{"id":6702,"url":"https:\/\/www.freidenker.org\/?p=6702","url_meta":{"origin":6719,"position":3},"title":"USA-Iran: Makabrer Tanz am Rande des Abgrunds","author":"Webredaktion","date":"14. Juli 2019","format":false,"excerpt":"In der Rubrik Tagesdosis wurde am 12.07.2019 bei KenFM der Beitrag \u201eUSA-Iran: Makabrer Tanz am Rande des Abgrunds\u201c von Rainer Rupp, Mitglied des Beirats des Deutschen Freidenker-Verbandes, ver\u00f6ffentlicht. Weder Trump noch Iran wollen einen hei\u00dfen Krieg. Nicht nur die Weltwirtschaft, und damit auch die US-Wirtschaft, w\u00fcrden durch den Krieg schwer\u2026","rel":"","context":"In &quot;Frieden - Antifaschismus - Solidarit\u00e4t&quot;","block_context":{"text":"Frieden - Antifaschismus - Solidarit\u00e4t","link":"https:\/\/www.freidenker.org\/?cat=13"},"img":{"alt_text":"","src":"https:\/\/i0.wp.com\/www.freidenker.org\/fw17\/wp-content\/uploads\/2019\/07\/iran-usa-ziel-geopolitik-agnes-karikaturen-800x445.jpg?fit=800%2C445&ssl=1&resize=350%2C200","width":350,"height":200,"srcset":"https:\/\/i0.wp.com\/www.freidenker.org\/fw17\/wp-content\/uploads\/2019\/07\/iran-usa-ziel-geopolitik-agnes-karikaturen-800x445.jpg?fit=800%2C445&ssl=1&resize=350%2C200 1x, https:\/\/i0.wp.com\/www.freidenker.org\/fw17\/wp-content\/uploads\/2019\/07\/iran-usa-ziel-geopolitik-agnes-karikaturen-800x445.jpg?fit=800%2C445&ssl=1&resize=525%2C300 1.5x, https:\/\/i0.wp.com\/www.freidenker.org\/fw17\/wp-content\/uploads\/2019\/07\/iran-usa-ziel-geopolitik-agnes-karikaturen-800x445.jpg?fit=800%2C445&ssl=1&resize=700%2C400 2x"},"classes":[]},{"id":5248,"url":"https:\/\/www.freidenker.org\/?p=5248","url_meta":{"origin":6719,"position":4},"title":"Rassismus f\u00fcr Intellektuelle","author":"Webredaktion","date":"4. Juni 2018","format":false,"excerpt":"In der Rubrik Tagesdosis wurde am 04.06.2018 bei KenFM der Beitrag \u201eRassismus f\u00fcr Intellektuelle\u201c von Susan Bonath, Mitglied des Deutschen Freidenker-Verbandes, ver\u00f6ffentlicht. Wer sind die Antideutschen? In meiner letzten Tagesdosis schrieb ich \u00fcber ihr Treiben in der angeblich linksradikalen Clubszene im Leipziger S\u00fcden. Die laufende Veranstaltungsreihe \u00bb70 Jahre Israel\u00ab wird\u2026","rel":"","context":"In &quot;Zeit der Verleumder - Freidenker f\u00fcr Klartext&quot;","block_context":{"text":"Zeit der Verleumder - Freidenker f\u00fcr Klartext","link":"https:\/\/www.freidenker.org\/?cat=937"},"img":{"alt_text":"","src":"https:\/\/i0.wp.com\/www.freidenker.org\/fw17\/wp-content\/uploads\/2018\/06\/Rassismus_fuer_Intellektuelle_800x445.jpg?fit=800%2C445&ssl=1&resize=350%2C200","width":350,"height":200,"srcset":"https:\/\/i0.wp.com\/www.freidenker.org\/fw17\/wp-content\/uploads\/2018\/06\/Rassismus_fuer_Intellektuelle_800x445.jpg?fit=800%2C445&ssl=1&resize=350%2C200 1x, https:\/\/i0.wp.com\/www.freidenker.org\/fw17\/wp-content\/uploads\/2018\/06\/Rassismus_fuer_Intellektuelle_800x445.jpg?fit=800%2C445&ssl=1&resize=525%2C300 1.5x, https:\/\/i0.wp.com\/www.freidenker.org\/fw17\/wp-content\/uploads\/2018\/06\/Rassismus_fuer_Intellektuelle_800x445.jpg?fit=800%2C445&ssl=1&resize=700%2C400 2x"},"classes":[]},{"id":5296,"url":"https:\/\/www.freidenker.org\/?p=5296","url_meta":{"origin":6719,"position":5},"title":"Treffen Trump\/Putin und Militaristen am Rande des Nervenzusammenbruchs","author":"Webredaktion","date":"21. Juli 2018","format":false,"excerpt":"In der Rubrik Tagesdosis wurde am 20.07.2018 bei KenFM der Beitrag \u201eTreffen Trump\/Putin und Militaristen am Rande des Nervenzusammenbruchs\u201c von Klaus Hartmann, Vorsitzender des Deutschen Freidenker-Verbandes, ver\u00f6ffentlicht. Das Treffen der Pr\u00e4sidenten Trump und Putin in Helsinki wird einen langen Nachhall haben. Denn der Befund \u201ekeine konkreten Ergebnisse\u201c aus den Abteilungen\u2026","rel":"","context":"In &quot;Demokratie \u2013 Medien \u2013 Aufkl\u00e4rung&quot;","block_context":{"text":"Demokratie \u2013 Medien \u2013 Aufkl\u00e4rung","link":"https:\/\/www.freidenker.org\/?cat=12"},"img":{"alt_text":"","src":"https:\/\/i0.wp.com\/www.freidenker.org\/fw17\/wp-content\/uploads\/2018\/07\/Zeitungsdruck_800x445.jpg?fit=800%2C445&ssl=1&resize=350%2C200","width":350,"height":200,"srcset":"https:\/\/i0.wp.com\/www.freidenker.org\/fw17\/wp-content\/uploads\/2018\/07\/Zeitungsdruck_800x445.jpg?fit=800%2C445&ssl=1&resize=350%2C200 1x, https:\/\/i0.wp.com\/www.freidenker.org\/fw17\/wp-content\/uploads\/2018\/07\/Zeitungsdruck_800x445.jpg?fit=800%2C445&ssl=1&resize=525%2C300 1.5x, https:\/\/i0.wp.com\/www.freidenker.org\/fw17\/wp-content\/uploads\/2018\/07\/Zeitungsdruck_800x445.jpg?fit=800%2C445&ssl=1&resize=700%2C400 2x"},"classes":[]}],"_links":{"self":[{"href":"https:\/\/www.freidenker.org\/index.php?rest_route=\/wp\/v2\/posts\/6719","targetHints":{"allow":["GET"]}}],"collection":[{"href":"https:\/\/www.freidenker.org\/index.php?rest_route=\/wp\/v2\/posts"}],"about":[{"href":"https:\/\/www.freidenker.org\/index.php?rest_route=\/wp\/v2\/types\/post"}],"author":[{"embeddable":true,"href":"https:\/\/www.freidenker.org\/index.php?rest_route=\/wp\/v2\/users\/3"}],"replies":[{"embeddable":true,"href":"https:\/\/www.freidenker.org\/index.php?rest_route=%2Fwp%2Fv2%2Fcomments&post=6719"}],"version-history":[{"count":0,"href":"https:\/\/www.freidenker.org\/index.php?rest_route=\/wp\/v2\/posts\/6719\/revisions"}],"wp:featuredmedia":[{"embeddable":true,"href":"https:\/\/www.freidenker.org\/index.php?rest_route=\/wp\/v2\/media\/6721"}],"wp:attachment":[{"href":"https:\/\/www.freidenker.org\/index.php?rest_route=%2Fwp%2Fv2%2Fmedia&parent=6719"}],"wp:term":[{"taxonomy":"category","embeddable":true,"href":"https:\/\/www.freidenker.org\/index.php?rest_route=%2Fwp%2Fv2%2Fcategories&post=6719"},{"taxonomy":"post_tag","embeddable":true,"href":"https:\/\/www.freidenker.org\/index.php?rest_route=%2Fwp%2Fv2%2Ftags&post=6719"}],"curies":[{"name":"wp","href":"https:\/\/api.w.org\/{rel}","templated":true}]}}