{"id":6692,"date":"2019-07-13T12:21:31","date_gmt":"2019-07-13T10:21:31","guid":{"rendered":"https:\/\/www.freidenker.org\/?p=6692"},"modified":"2019-08-10T03:40:17","modified_gmt":"2019-08-10T01:40:17","slug":"abbild-unserer-scheindemokratie-die-bundespressekonferenz","status":"publish","type":"post","link":"https:\/\/www.freidenker.org\/?p=6692","title":{"rendered":"Abbild unserer Scheindemokratie: die Bundespressekonferenz"},"content":{"rendered":"<p style=\"text-align: right;\"><strong>Dysfunktion der Macht um acht<\/strong><\/p>\n<h5>Journalisten lassen sich von den Regierungspapageien mit Leerformeln und faulen Ausreden abfertigen. Nachbohren und Widerspruch gelten als unfein<\/h5>\n<p><em>Von <strong>Friedhelm Klinkhammer<\/strong> und <strong>Volker Br\u00e4utigam<\/strong><\/em><\/p>\n<p>(Erstver\u00f6ffentlichung am 24.06.2019 auf <a href=\"https:\/\/publikumskonferenz.de\/blog\/2019\/06\/24\/abbild-unserer-scheindemokratie-die-bundespressekonferenz\/\" target=\"_blank\" rel=\"noopener noreferrer\">publikumskonferenz.de<\/a>)<\/p>\n<p><strong>Die Bundespressekonferenz (BPK) in Berlin ist ein untypischer Verein von Journalisten. Er l\u00e4dt Kanzler, Minister, Regierungssprecher sowie die Spitzenvertreter von Wirtschaft und Gesellschaft dazu ein, auf seiner B\u00fchne Rede und Antwort zu stehen. W\u00e4hrend im Ausland Medienleute \u00fcblicherweise von den politisch M\u00e4chtigen einberufen werden und deren Informationen in Empfang zu nehmen haben, sollte es in Deutschland genau andersrum vonstatten gehen: Journalisten erfragen eigenst\u00e4ndig Ausk\u00fcnfte von ihren G\u00e4sten, Nachrichten werden offen erarbeitet, nichts wird \u201coff the records\u201d durchgestochen, nichts im Hinterzimmer gekauft oder als Auftragsbotschaft vergeben. Falls dies Konzept je funktioniert hat, so kann heute davon keine Rede mehr sein. Die BPK ist zum Demonstrationsort programmierter Regierungsverlautbarung und journalistischer R\u00fcckgratlosigkeit verkommen.<\/strong><\/p>\n<p>Die versammelten Repr\u00e4sentanten von Presse, Funk und Fernsehen \u2013 wenige Ausnahmen best\u00e4tigen die Regel \u2013 lassen sich in der BPK Woche f\u00fcr Woche von Politikern und speziell von den Regierungssprechern ebenso abspeisen, wie man quengelnde G\u00f6ren mit Gummib\u00e4rchen abwimmelt. Das verbale Manna des Staatssekret\u00e4rs Steffen Seibert und seiner Gefolgschaft aus den Pressereferaten der Ministerien besteht meist aus einem Gemisch von Halbwahrheiten, Desinformation, Sch\u00f6nf\u00e4rberei, faulen Ausreden und Auskunftsverweigerung, dargereicht in bleiernen Floskeln und in einer verklemmten, steifen Atmosph\u00e4re. Die Auftritte der beamteten Sprechautomaten sind an Schamlosigkeit und Arroganz kaum zu \u00fcberbieten. Sp\u00fcrbar reden sie oft wider besseres Wissen und letztlich daran interessiert, sich ihre Posten zu erhalten.<\/p>\n<p>Ein Blick auf den gepflegten Rahmen: Die BPK hat ihren Sitz im Pressehaus am Schiffbauer Damm 40 in Berlin. (1) Die Etage ist angemietet, das Geb\u00e4ude geh\u00f6rt der Allianz Versicherung AG. Um recht zu bewerten, was sich dreimal w\u00f6chentlich im Raum 0103 abspielt: Da sind bei weitem nicht alle rund 920 BPK-Mitglieder versammelt, sondern \u00fcblicherweise h\u00f6chstens zwei Dutzend Personen, meistens Reporter der Nachrichtenagenturen und der Neuen Medien. Die Stallwache eben. Die Funkh\u00e4user, auch das ARD-Hauptstadtstudio, sind per Standleitung zugeschaltet, ihre Mitarbeiter selten pers\u00f6nlich anwesend. Die ben\u00fctzen lieber die eigene Kriechspur zu den Regierenden und bed\u00fcrfen selten des Umwegs \u00fcber die BPK.<\/p>\n<p>Rein formal betrachtet, k\u00f6nnte die Bundespressekonferenz ein Garant f\u00fcr gelebte Demokratie und Grundgesetzlichkeit sein. Ihre Journalisten k\u00f6nnten als eingetragene Mitglieder des BPK-Vereins realisieren, was Verfassungsrechtler als entscheidend hervorheben:<\/p>\n<blockquote><p>\u201eDie unerl\u00e4ssliche Voraussetzung f\u00fcr das Funktionieren der repr\u00e4sentativen Demokratie bildet daher eine jedem B\u00fcrger zug\u00e4ngliche Berichterstattung \u00fcber alle politischen und gesellschaftlichen Zusammenh\u00e4nge und Entscheidungen, die dem Einzelnen seine individuelle politische Partizipation und Urteilsbildung erst erm\u00f6glicht. Diese verantwortungsvolle Aufgabe wird von den Massenmedien wahrgenommen, deren demokratischer Hauptauftrag es ist, jedem B\u00fcrger die Handlungsabl\u00e4ufe in Staat und Gesellschaft zur Kenntnis zu bringen und transparent zu machen.\u201c (2)<\/p><\/blockquote>\n<p>Nochmal zum Nachschmecken: <em>\u201cVerantwortungsvolle Aufgabe, von den Massenmedien wahrgenommen\u201d<\/em> ist es, \u201c<em>die Handlungsabl\u00e4ufe in Staat und Gesellschaft transparent zu machen\u201d<\/em>? Ja freilich, sch\u00f6n w\u00e4r\u00b4s!<\/p>\n<p>Politische Urteilsbildung und Teilhabe bed\u00fcrfen nicht nur der Vermittlung aller interessierenden Fakten, sondern auch eines funktionsf\u00e4higen Debattenraumes. Nachrichtenanbieter wie ARD-aktuell h\u00e4tten der \u00d6ffentlichkeit nicht nur zu vermitteln, was offiziell \u2014 beispielsweise in der BPK \u2014 verlautbart wird. Sie m\u00fcssten ihr Publikum auch \u00fcber die zugeh\u00f6rigen unterschiedlichen Meinungen informieren, damit es die jeweiligen Positionen gegeneinander abw\u00e4gen kann:<\/p>\n<blockquote><p><em>\u201cDurch die Ver\u00f6ffentlichung der politischen Debatten in Parlamenten, Parteien und Interessensgruppen, aber auch durch eigene Kommentierung derselben, sollen die Medien zur Meinungsbildung der B\u00fcrger beitragen. Denn nur solche Themen, die in den Massenmedien diskutiert werden, k\u00f6nnen in einer breiten \u00d6ffentlichkeit wirksam werden und im Idealfall \u2013 so die urdemokratische Grundidee der Pressefreiheit \u2013 der vern\u00fcnftigsten Meinung zum Durchbruch verhelfen.\u201c<\/em> (3)<\/p><\/blockquote>\n<p>Trefflicher l\u00e4sst sich nicht beschreiben, woran es der \u201cTagesschau\u201d und ihren Geschwistern im Geiste fehlt: am diskussionsoffenen Horizont. Unsere Medien verzichten auf Eigenst\u00e4ndigkeit, sie driften im Mainstream, sind Teil desselben und verbreiten Einheitskost. Sie pr\u00e4gen uniformierte Denkmuster im Sinne der vorherrschenden Politik. Nicht nur die Tagesschau-Sendungen sind darauf ausgerichtet, das Empfinden und Denken ihres Publikums zu uniformieren.<\/p>\n<p>Die Nachrichtensendungen sind Produkte eines Konglomerats von journalistischen Institutionen, Verlagen, Sendeanstalten, politischen Gremien, wirtschaftlichen und wissenschaftlichen Interessengruppen, die sich allesamt selten oder nie f\u00fcr die gesellschaftliche Aufkl\u00e4rung ihrer Adressaten engagieren. Vielmehr st\u00fctzen sie ein krisenanf\u00e4lliges, ungerechtes, aggressives, der Mitwelt sch\u00e4dliches kapitalistisches System, das einer ausschlie\u00dflich am privaten Gewinn orientierten Zielsetzung dient. Die Methodik: Informationen auslassen, besch\u00f6nigen, Feindbilder aufbauen, Scheindebatten ansto\u00dfen und f\u00fchren, den M\u00e4chtigen eine Plattform bieten und als ihre allenfalls scheinkritischen Meinungsmultiplikatoren agieren. (4)<\/p>\n<p>Was sich als Informationswesen tarnt, ist tats\u00e4chlich eine eingefahrene, reibungslos funktionierende Anlage f\u00fcr sanfte, aber permanente und wirksame Gehirnw\u00e4sche. Die Quittung daf\u00fcr ergibt sich aus Umfragen, die von den kritisierten Medien selbst in Auftrag gegeben werden. (5) Sie erkennen den Mainstream-Medien nur bei sehr oberfl\u00e4chlicher Betrachtung noch einige Glaubw\u00fcrdigkeit zu. Wer die demoskopisch ermittelten Ergebnisse allerdings unter die Lupe nimmt, stellt fest: Weniger als die H\u00e4lfte der Bev\u00f6lkerung h\u00e4lt die Medien f\u00fcr unabh\u00e4ngig von politischen und wirtschaftlichen Interessen. Ein Offenbarungseid w\u00e4re f\u00e4llig.<\/p>\n<p>Am ehesten wird noch dem \u00f6ffentlich-rechtlichen Rundfunk und den \u00fcberregionalen und regionalen Tageszeitungen so etwas wie tradierte Glaubw\u00fcrdigkeit zugebilligt. Aber auch dabei sind 60 Prozent der Befragten der Ansicht, dass unerw\u00fcnschte Meinungen in der Berichterstattung ausgeblendet werden. Ebenso viele gehen davon aus, dass Vorgaben f\u00fcr die Berichterstattung gemacht werden \u2013 vor allem von Seiten der Regierung oder staatlicher Stellen, von der Wirtschaft oder von f\u00fchrenden Parteien.<\/p>\n<p>65 Prozent, also zwei von drei Befragten, sind der Ansicht, dass Journalisten nicht immer sagen d\u00fcrfen, was sie wirklich denken (ein Manko, das stromlinienf\u00f6rmige deutsche Journalisten gerne ihren russischen Kollegen ankreiden). Zwei Drittel fordern eine tiefergehende Berichterstattung: In ihren Augen sollten die Medien Sachverhalte nicht zu sehr vereinfachen oder stereotyp darstellen (66 Prozent) und mehr auf die Folgen der Entscheidungen von Politikern eingehen (61 Prozent). Die Mehrheit w\u00fcnscht sich zudem mehr Transparenz in den Medien \u2013 die sollten die Herkunft ihrer politischen Informationen kenntlich machen. Die H\u00e4lfte der Deutschen w\u00fcnscht sich, dass die Medien ihnen und ihren Alltagssorgen mehr Aufmerksamkeit schenken. (ebd.)<\/p>\n<p>Der \u00f6ffentlich-rechtliche Rundfunk steht mit seiner Berichterstattung nicht besser da als die kommerziellen Sender. Substantielle Abweichungen zeigen sich nicht. Die rundfunkbeitragspflichtigen Angebote unterscheiden sich allenfalls dank seri\u00f6serer Pr\u00e4sentation, geschmackvollerer Krawatten ihrer Selbstdarsteller \u2013 und dank ihrer jahrzehntealten Darbietungsriten (Tagesschau-Gong), die gleichzeitig das Signal zum \u00d6ffnen des Sechserpacks oder der Weinflasche liefern.<\/p>\n<p>Noch bietet die BPK Journalisten beide M\u00f6glichkeiten: Sie k\u00f6nnen mittels Fragen und Nachfragen an politische Spitzenvertreter sowohl ein realistisches als auch ein illusion\u00e4res Bild von politischen Prozessen einholen und verbreiten. Wer diese Chance nutzen will, muss lediglich Mitglied im Verein \u201cBundespressekonferenz e.V.\u201d sein. Der Mitgliedsbeitrag ist erschwinglich. Geleitet wird die BPK e.V. von bekannten Profis der Mainstream-Medien, u.a. von Stephan Detjen, Chefkorrespondent im Hauptstadtstudio des Deutschlandfunks; der Mann fiel nur selten wegen kritischer Distanziertheit gegen\u00fcber der Regierung auf. (6)<\/p>\n<p>Untrennbar verbunden mit der BPK und gleichzeitig wichtiges finanzielles Standbein des Vereins ist der \u201eBundespresseball\u201c, ein gesellschaftliches Gro\u00dfereignis, das seit fast 70 Jahren von den Journalisten organisiert wird. Rund 2.500 namhafte G\u00e4ste aus Politik, Wirtschaft und Kultur werden dazu eingeladen. Machthaber, Prominente und Journalisten feiern buchst\u00e4blich Arm in Arm bei Sekt, Wein und lockerem Geplauder. Das erzeugt N\u00e4he und gegenseitiges Verst\u00e4ndnis.<\/p>\n<p>Die Big Band der Bundeswehr sorgte 2018 f\u00fcr den musikalischen Unterhaltungsrahmen. F\u00fcr die BPK kostenlos konnten somit die Promis im Dreivierteltakt schwoofen: NDR-Intendant Lutz Marmor, WDR-Chef Tom Buhrow, ARD-aktuell-Sternchen Caren Miosga oder der bourgeoise Fl\u00fcgel der Linkspartei mit Arrivierten wie Katja Kipping und Caren Lay. Mit auf dem Parkett: Alt-Bundeskanzler Schr\u00f6der, der Gr\u00fcne Cem \u00d6zdemir, Entwicklungshilfe-Minister M\u00fcller, Hessens Ministerpr\u00e4sident Bouffier \u2013 alle, alle kommen gern zum Wohlf\u00fchlfest der Meinungs-Mafia. (7)<\/p>\n<p>Gesponsert wird das \u201cEvent\u201d vom deutschen Geldadel: \u201ePlatin-Partner\u201c Daimler, \u201eGold-Partner\u201c und m\u00e4chtiger Finanzdienstleister BNP, \u201eSilber-Partner\u201c Deutsche Post, Facebook, Krombacher. Zum Dank posiert auch schon mal Regierungssprecher Seibert vor den Werbe-Plakaten dieser Partner und erm\u00f6glicht reklametr\u00e4chtige Pressefotos. Davon gibt es reichlich, und alle Beteiligten haben etwas davon, jeder auf seine Weise. Der Ball wird traditionell von zwei Paaren er\u00f6ffnet: mit einem T\u00e4nzchen der Bundespr\u00e4sidenten-Gattin, gef\u00fchrt vom obersten BPK-Journalisten; der Bundespr\u00e4sident schwenkt derweil die Gattin des BPK-Vorsitzenden \u00fcbers Parkett. (8, 9).<\/p>\n<p>Ein harmloses Vergn\u00fcgen mag das nennen, wer sich selbst gern in die Tasche l\u00fcgt und die Symbolkraft und Bindewirkung solcher Ereignisse untersch\u00e4tzt: Exponenten von Politik und Medien Arm in Arm. Gehobenes Gesellschaftsleben in einer Atmosph\u00e4re von Geld und Geltung. Chapeau! Pr\u00f6sterchen! So sieht sie aus, die Unabh\u00e4ngigkeit unserer Journaille von Politik, Wirtschaft und Kapital: Man kennt sich, man sch\u00e4tzt sich, man am\u00fcsiert sich miteinander. Weit abgehoben vom Volk, dem man ja dienen sollte, und das die ganze Chose letztlich bezahlt.<\/p>\n<p>In der steuerbefreienden Satzung der BPK wird in \u00a7 3 als Zweck des Vereins vorgegeben,<\/p>\n<p><em>\u201ePressekonferenzen zu veranstalten und seinen Mitgliedern M\u00f6glichkeiten einer umfassenden Unterrichtung der \u00d6ffentlichkeit zu verschaffen. Soweit es dazu erforderlich erscheint, vertritt der Verein auch die Interessen seiner Mitglieder. Er verfolgt jedoch keine eigenwirtschaftlichen Interessen.\u201c<\/em> (10)<\/p>\n<p>Viele BPK-Verl\u00e4ufe zeigen allerdings nur die Unvereinbarkeit von Wollen und Wirklichkeit. Entweder sind die Regierungsvertreter nicht zu sachdienlichen Ausk\u00fcnften und Antworten bereit \u2013 der Hausherr und gastgebende Vorstand der Bundespressekonferenz duldet in aller Regel auch ihre dreisten Unversch\u00e4mtheiten \u2013 oder die versammelten Medienvertreter geben wichtige Informationen nicht an die \u00d6ffentlichkeit weiter, weil sie dem Tendenzvorbehalt ihrer Auftraggeber entgegenstehen. Manchmal liegt das informationelle Defizit auch daran, dass es der Reporterschar an sachdienlichem Vorwissen f\u00fcr geeignete Nachfragen mangelte.<\/p>\n<p>Hinzu kommt das h\u00e4ufig geringe Interesse der Mitglieder am Angebot der BPK. Das hat den vormaligen Sprecher des Au\u00dfenministeriums, Dr. Martin Sch\u00e4fer (er ist heute Botschafter in S\u00fcdafrika), sogar schon mal zu der Bemerkung veranlasst:<\/p>\n<p><em>\u201eHerr Vorsitzender, wenn Sie erlauben, w\u00fcrde ich zun\u00e4chst erst einmal gern sagen, dass es jedenfalls mich pers\u00f6nlich \u2013 ich spreche nur f\u00fcr mich \u2013 ganz sch\u00f6n traurig macht, vor welch leerer Kulisse wir hier sitzen. Wenn ich es richtig sehe, ist hier noch nicht einmal mehr eine Nachrichtenagentur vertreten.\u201c<\/em> (11)<\/p>\n<p>Der sp\u00fcrbaren Wechselwirkung zwischen substanzfreier Verlautbarung der Regierungsvertreter und fehlendem journalistischem Engagement in solchen Pressekonferenzen brauchen wir wohl nicht auf den Grund zu gehen. Es ist aber darauf hinzuweisen, dass sich spannende Information und R\u00fcckschl\u00fcsse gerade dann ergeben k\u00f6nnten, wenn unnachgiebig und treffsicher fragende Journalisten keine aufrichtigen Antworten von den Regierungsoffiziellen bekommen, ein sichtbarer Ausdruck der Missachtung des Informationsanspruchs der \u00d6ffentlichkeit. Solche Momente haben ihren ganz eigenen Informationswert.<\/p>\n<p>Als in dieser Hinsicht vorbildlich sollen hier die hartn\u00e4ckigen Fragen der Kollegen Tilo Jung (\u201eJung &amp; naiv\u201c) und Florian Warweg (RT-deutsch) genannt sein. G\u00e4be es diese Beiden und die Video-\u00dcbertragungen ihrer Aktivit\u00e4ten nicht, w\u00fcrde kaum jemand die Verbalakrobatik erkennen, mit der die Polit-Vertreter die Mainstream-Journalisten verladen und den Informationsanspruch des Publikums ignorieren. Auch die ARD-aktuell schweigt sich vornehm \u00fcber dergleichen Schweinereien aus. Den Nachrichtengehalt, der solchen Vorf\u00e4llen innewohnt, \u00fcbersieht sie geflissentlich.<\/p>\n<p>Warweg und Jung \u2013 jeder auf seine Weise und mit eigener Pr\u00e4ferenz \u2013 scheuen sich nicht, Leerformeln, Verlogenheit und Arroganz der staatlichen Repr\u00e4sentanten \u00f6ffentlichkeitswirksam blo\u00dfzulegen. Wie bedeutsam ihre Arbeit f\u00fcr die Meinungsbildung der B\u00fcrger ist und auf welch gro\u00dfes Interesse sie st\u00f6\u00dft, haben zum Beispiel die Millionen-Klicks des Rezo-Videos \u201cDie Zerst\u00f6rung der CDU\u201d gezeigt; in dem Streifen spielt auch die BPK ihre \u00fcbliche Rolle.<\/p>\n<p>Davon drei Kostproben.<\/p>\n<p>Am 19. Mai hatte Donald Trump dem Iran per \u201cTwitter\u201d die Vernichtung angedroht:<\/p>\n<p><em>\u201eWenn der Iran k\u00e4mpfen will, dann wird das das offizielle Ende Irans sein. Drohen Sie nie wieder den Vereinigten Staaten!\u201c<\/em> (12)<\/p>\n<p>Mehrere Journalisten fragten in der BPK die Vertreter des Ausw\u00e4rtigen Amtes und des Kanzleramtes, ob es zu dieser Drohung eine deutsche Stellungnahme gebe. Der Sprecher des Au\u00dfenministeriums verneinte und rechtfertigte die erstaunliche Zur\u00fcckhaltung so: Man wolle den Konflikt zwischen dem Iran und den USA nicht weiter anheizen, au\u00dferdem kommentiere man keine Tweets des US-Pr\u00e4sidenten.<\/p>\n<p>Auf die naheliegende Frage, warum die Bundesregierung sich in diesem Fall zahm gebe, w\u00e4hrend sie bei vergleichbaren iranischen \u201cVernichtungsdrohungen\u201d gegen\u00fcber Israel unverz\u00fcglich mit harscher Verurteilung reagiere, blieb der Sprecher des Ausw\u00e4rtigen Amtes die Antwort schuldig und wiederholte lediglich: <em>\u201eWir sind gegen versch\u00e4rfende Rhetorik\u201c<\/em>. Und die Sprecherin des Kanzleramts echote ebenfalls nur: Man kommentiere die Trump-Tweets nicht.<\/p>\n<p>Erst auf erneute Nachfrage des RT-Reporters lie\u00df sich die Frau zu der \u201cErkl\u00e4rung\u201d herbei, die Situation sei im Hinblick auf Israel nicht vergleichbar: Der Aufruf zur Vernichtung Israels sei f\u00fcr die Bundesregierung v\u00f6llig inakzeptabel und zu verurteilen. Auf den Einwand, die Staatsf\u00fchrung des Iran habe nie von einer Ausl\u00f6schung Israels gesprochen, sondern immer nur \u2013 man kann das werten wie man will \u2013 von der <em>\u201eVernichtung des zionistischen Regimes\u201c<\/em>, w\u00e4hrend Trump tats\u00e4chlich die Vernichtung eines Staates androhe und damit auch das Leben der Bev\u00f6lkerung Irans meine, erwiderte die Sprecherin der Kanzlerin inhaltlich nichts.<\/p>\n<p>Sp\u00e4testens in diesem Moment h\u00e4tte der gastgebende BPK-Leiter einhaken und deutlich machen m\u00fcssen, dass es auf einer Sitzung der BPK \u00fcblich sei, auf sachliche Fragen auch sachlich zu antworten. Er unterlie\u00df es jedoch, gegen die regierungsamtliche Arroganz einzuschreiten. Es bleibt der peinliche Eindruck: Den BPK-Herrschaften geht es nicht in erster Linie um eine <em>\u201eumfassende Unterrichtung der \u00d6ffentlichkeit\u201c<\/em> (\u00a73 der BPK-Satzung), sondern eher um das Wohlwollen der Regierungsvertreter.<\/p>\n<p>Nicht minder die Reaktion der ARD-aktuell: Zwar wurde \u00fcber den Trump-Tweet in der Hauptausgabe der Tagesschau berichtet, aber mit keinem Wort die doppelz\u00fcngige Stellungnahme der Merkel-Regierung in der BPK erw\u00e4hnt. Das offenkundige Motiv: Chefredakteur Dr. Gniffkes (13) regierungsfromme Qualit\u00e4tsjournalisten wollten \u201eMutti\u201c Merkel vor \u00f6ffentlicher Kritik sch\u00fctzen und lie\u00dfen zu diesem Zweck Doppelstandards gelten. Ergebnis: Gedanklicher Nachvollzug der regierungs\u00fcblichen Rektalvisiten bei US-Pr\u00e4sident Trump sowie Kritiklosigkeit gegen\u00fcber der Regierung Israels einerseits, andererseits Hinnahme des passiven, teilnahmslosen Schweigens angesichts der verbalen US-Attacke auf den Iran. (14)<\/p>\n<p>Wie wenig selbstkritisch Dr. Gniffkes Qualit\u00e4tsjournalisten sind, wird im Vergleich ihrer Berichterstattung \u00fcber die deutsche BPK mit der \u00fcber die Pressekonferenzen des russischen Staatspr\u00e4sidenten Putin deutlich. <em>\u201cBlo\u00df keine Nachfrage!\u201d<\/em> h\u00f6hnen sie \u00fcber ihre Moskauer Kollegen (15) und bezichtigen sie konformistischer Berufspraxis und fehlender Courage. Volksweisheit:<\/p>\n<blockquote><p>\u201cWer anderen in der Nase bohrt, ist auch ein Schwein\u201d. (16)<\/p><\/blockquote>\n<p>Am 17. Juni 2019 problematisierten \u201cdie \u00fcblichen Verd\u00e4chtigen\u201d in der BPK deutsche Waffen-Exporte an die Jemen-Kriegsverbrecher \u00c4gypten und Vereinigte Arabische Emirate, VAE. (17) Der Hintergrund: Waffenlieferungen in Konfliktregionen und an nicht zur NATO geh\u00f6rende Kriegsbeteiligte sind nach deutschem Recht unzul\u00e4ssig. Fragen an den Regierungssprecher Steffen Seibert:<\/p>\n<p><em>\u2013 \u201eWaffen im Wert von 800 Millionen Euro an \u00c4gypten sowie im Wert von 200 Millionen Euro an die VAE: Kann es sein, dass \u00c4gypten und die VAE aus Sicht der Bundesregierung einfach keine \u2018unmittelbar Beteiligten\u2019 sind, Herr Seibert? Dann w\u00fcrde das alles ja Sinn ergeben. (ab 25\u2019:05\u201d)<\/em><\/p>\n<p><em>\u00a0Kann uns ein Ministerium sagen, wer die \u2018unmittelbar Beteiligten\u2019 im Jemen-Krieg sind? \u2013 Werden wir jemals erfahren, wer aus Sicht der Bundesregierung die \u2018unmittelbar Beteiligten\u2019 im Jemen-Krieg sind? Ich frage das hier seit anderthalb Jahren, Herr Seibert; das wissen Sie. \u2013 Sie sagten, dass die Antwort mit den unmittelbar Beteiligten unter anderem in Kleinen Anfragen beantwortet worden w\u00e4re. K\u00f6nnten Sie uns die nachreichen? K\u00f6nnten Sie sagen, wo wir das finden k\u00f6nnen? (ab 36\u2019:07\u201d)<\/em><\/p>\n<p><em>\u2013 Ich w\u00fcrde gerne wissen, ob es in den letzten zw\u00f6lf Monaten \u00fcberhaupt einen Einzelfall gab, in dem negativ entschieden wurde, was das Thema \u201eJemen-Krieg\/Beteiligte\/Waffenexporte\u201c angeht.\u201c<\/em><\/p>\n<p>Seibert behauptete wider besseres Wissen eine restriktive Praxis bei der Waffenexport-Genehmigung und verwies im \u00dcbrigen auf seine Geheimhaltungspflicht. Der gastgebende BPK-Veranstaltungsleiter schwieg dazu, anstatt festzustellen, dass eine so umfassende Geheimhaltungspflicht hinsichtlich der Waffenexporte nicht besteht und rechtlich auch nicht zu begr\u00fcnden w\u00e4re; er forderte Seibert nicht dazu auf, seine Antwortverweigerung zu \u00fcberdenken.<\/p>\n<p>Immerhin zeigte diese Pressekonferenz besonders anschaulich, wie mit beharrlichen und nicht beantworteten Journalisten-Fragen indirekt aufschlussreiche Informationen vermittelt werden k\u00f6nnen, was der Regierungssprecher sicher gerne ausgeschlossen h\u00e4tte. Nicht nur, wenn es um die blutigste und schmutzigste Art von Gesch\u00e4ften geht, n\u00e4mlich um den Verkauf von Massenmordwerkzeug ans Ausland, erweisen sich f\u00fchrende Repr\u00e4sentanten der Politik als Vertuscher, L\u00fcgner, als Auskunftsverweigerer und als unseri\u00f6se Wei\u00dfw\u00e4scher.<\/p>\n<p>Der Musterfall demonstriert dar\u00fcber hinaus, wie wenig BPK-Vorstandsvertreter bereit sind, die Bem\u00fchungen ihrer kritischen Journalisten zu unterst\u00fctzen:<\/p>\n<p><em>\u201eHerr Jung, ich verstehe, dass Sie die Antwort m\u00f6glicherweise nicht zufriedenstellt, das m\u00fcssen Sie leider so hinnehmen\u201c.<\/em> (ebd.)<\/p>\n<p>Ach ja? Musste der? Oder h\u00e4tte der Konferenzleiter und Gastgeber nicht vielmehr dem Regierungssprecher erkl\u00e4ren m\u00fcssen:<em> \u201cHerr Seibert, Sie sind hier zu Besuch, ich muss Sie bitten, sich entsprechend zu benehmen.\u201d?<\/em> Und: <em>\u201cWenn Sie nicht die Absicht haben, begr\u00fcndete Fragen sachlich zu beantworten, dann sitzen Sie im Augenblick auf dem falschen Platz!\u201d<\/em><\/p>\n<p>\u201eJung &amp; Naiv\u201c lie\u00df allerdings selbst nicht locker und entlarvte zwei Tage sp\u00e4ter auf der n\u00e4chsten Pressekonferenz die stellvertretende Regierungssprecherin Ulrike Demmer als rechthaberische Servierdame von \u201eFake-News\u201c:<\/p>\n<p><em>\u201e\u2026 am Montag wollte ich noch wissen, wie viele R\u00fcstungsexportgenehmigungen letztes Jahr abgelehnt wurden. Da hatte Herr Seibert so getan, als ob das geheim sei. Jetzt schreiben Sie heute selbst davon, dass letztes Jahr 88 Antr\u00e4ge auf das Ausf\u00fchren von R\u00fcstungsg\u00fctern abgelehnt wurden, was einem Wert von 39,43 Millionen Euro entsprochen habe. Gleichzeitig hat man letztes Jahr R\u00fcstungsg\u00fcter im Wert von 4,8 Milliarden Euro ausgef\u00fchrt. \u2026 Da steht: Es gab 11\u2009100 positive Genehmigungen. \u2026 0,8 Prozent der Antr\u00e4ge auf R\u00fcstungsexporte werden also von der Bundesregierung abgelehnt. Jetzt sagen Sie ja immer wieder, dass Sie eine restriktive R\u00fcstungspolitik machen \u2026 . Herr Seibert sagte hier noch am Montag: <strong>\u201eWenn man jeden Antrag genehmigte, k\u00f6nnte man kaum von einer restriktiven Politik sprechen.\u201c<\/strong> Das haben wir doch! Sie genehmigen 99,2 Prozent aller R\u00fcstungsexporte. \u2026 Wenn Sie 99,2 Prozent aller Sachen akzeptieren: das ist doch nicht restriktiv! (ebd., ab 44\u2019:17\u201d)\u201c<\/em><\/p>\n<p>Auch aus dieser brisanten Phase einer Bundespressekonferenz lie\u00df die ARD-aktuell kein Wort an die \u00d6ffentlichkeit gelangen. Ausf\u00fchrlich berichtete sie hingegen aus der Veranstaltung, dass dort \u00fcber die geplanten \u00c4nderungen der Grundsteuer keine Informationen gegeben worden seien. Eine Nullnummer.<\/p>\n<p>Derartige Nachrichten-Gewichtung belegt journalistische Ignoranz und Inkompetenz. Sie ist Betrug am Informationsanspruch der \u00d6ffentlichkeit. Der Betrugsvorwurf ist angebracht, schlie\u00dflich zahlt diese \u00d6ffentlichkeit die Rundfunkgeb\u00fchr nicht in der Absicht, sich mit Informationsluschen abfertigen zu lassen.<\/p>\n<p>Das Internet-Angebot des \u201cARD-Faktenfinder\u201d schauen sich kaum 20.000 Besucher auf tagesschau.de an (18), w\u00e4hrend die Zahl der an \u201eJung &amp; Naiv\u201c Interessierten locker die 70.000-Marke \u00fcberschreitet. Dr. Gniffke, seine Mitverantwortlichen in der Redaktion, seine Vorgesetzten im \u00f6ffentlich-rechtlichen Rundfunk und dessen aufsichtf\u00fchrende Rundfunkr\u00e4te, allesamt Siegelbewahrer des deutschen Qualit\u00e4tsjournalismus, finden die Zweitrangigkeit des \u201cFaktenfinder\u201d offenbar nicht mal peinlich.<\/p>\n<p>So verdienstvoll \u201eJung &amp; naiv\u201c sich oft in der BPK schl\u00e4gt, so fragw\u00fcrdig ist manchmal die Rolle, die der Herausgeber Tilo Jung an anderer Stelle spielt: Er sch\u00e4mt sich nicht, einem kritischen Kollegen in den R\u00fccken zu fallen.<\/p>\n<p>Florian Warweg vom russischen Fernsehsender RT-deutsch sprach die Vertreter der Bundesregierung in der BPK am 6. November 2018 auf die Rosst\u00e4uscherei mit den sogenannten \u201cWei\u00dfhelmen\u201c an, (19), vorgeblich eine syrische Zivilschutzorganisation, erwiesenerma\u00dfen jedoch Handlanger von Terroristenbanden, vom Westen unterst\u00fctzte Kriegspropagandisten, die sich ausschlie\u00dflich in den von S\u00f6ldnern und Dschihadisten besetzten Gebieten in Szene setzen. Die Regierungssprecher \u2013 Christopher Burger, Au\u00dfenministerium, S\u00f6ren Schmidt, Innenministerium \u2013 verstrickten sich bei der Beantwortung prompt in Widerspr\u00fcche. Ohne erkennbaren Grund sprang ihnen schlie\u00dflich Tilo Jung zur Seite und bet\u00e4tigte sich als Stichwortgeber. Ganz und gar nicht \u201cjung und naiv\u201d sondern reichlich hinterfotzig fragte er den Au\u00dfenamtssprecher:<\/p>\n<p><em>\u201eHerr Burger, wie bewertet die Bundesregierung die russischen Propagandama\u00dfnahmen gegen\u00fcber den Wei\u00dfhelmen?\u201c<\/em> (20)<\/p>\n<p>Burger, hocherfreut \u00fcber die unerwartete Steilvorlage, pr\u00e4sentierte sofort die bekannte Propaganda-Schablone: Russland sei bem\u00fcht, die \u201eWei\u00dfhelme\u201c trotz deren <em>\u201eunbestreitbarer humanit\u00e4rer Verdienste\u201c<\/em> zu diskreditieren.<\/p>\n<p>Die Kolleginnen und Kollegen der deutschsprachigen russischen Medien haben wegen der geh\u00e4ssig und dummdreist hochgetriebenen Russophobie hierzulande ohnehin keinen leichten Stand. Dass ihnen auch ein vermeintlich kritischer Journalist wie Tilo Jung so elementar die kollegiale Solidarit\u00e4t verweigert, ihnen sogar in den R\u00fccken f\u00e4llt, sagt eine Menge \u00fcber ihn selbst und \u00fcber seinen Charakter aus. Er war bereit zur Liebedienerei, und zwar unter Verletzung seiner beruflichen Pflicht, unabh\u00e4ngig vom Fragesteller alle aufschlussreichen Informationen aufzunehmen. Der Fall zeigt die (selbstverschuldete) Begrenztheit journalistischer Arbeitsweise in Deutschland.<\/p>\n<p>Auch ein bekannter Medienkritiker wie Stefan Niggemeier gibt sich solche Bl\u00f6\u00dfen. In einem an sich lesenswerten Beitrag \u00fcber die BPK l\u00e4sst er zwar Tilo Jung sich angemessen mit dem unprofessionellen Gebaren eines WELT-Journalisten auseinandersetzen und die antirussische Attit\u00fcde des Mannes kritisieren. Zugleich aber verkniff er es sich als Herausgeber des Textes nicht, Jung \u00fcber die Kollegen der deutsch-russischen Medien herziehen zu lassen:<\/p>\n<p><em>\u201eDass auch mich die meisten Wortmeldungen von Sputnik und RT deutsch nerven, tut nichts zur Sache. Dass sie Fragen stellen, die mich nicht interessieren oder meinem Verst\u00e4ndnis der Lage nicht oder oft \u00fcberhaupt nicht entsprechen: geschenkt. Dass sich viele ihrer Fragen wie Kommentare aus der Youtube-Kommentarspalte anh\u00f6ren, sagt eher was \u00fcber ihr journalistisches Niveau aus als \u00fcber ihre Gef\u00e4hrlichkeit. \u2026\u201c<\/em> (21)<\/p>\n<p>Dass auch seine Erhabenheit, der \u201cPapst der Medienkritik\u201d Niggemeier, damit seinem Affen Zucker gibt \u2013 ebenfalls geschenkt.<\/p>\n<p>Wesentlicher ist anderes: Wir steuerzahlende Bundesb\u00fcrger alimentieren beamtete Regierungspropagandisten und Faktenverdreher wie Seibert, Burger oder Schmidt daf\u00fcr, dass sie uns faulen Zauber servieren, mit Jahresgeh\u00e4ltern bis zu 180.000 Euro und dem Anspruch auf eine Rente von mehr als 120.000 Euro. An die 80.000 Euro j\u00e4hrlich streichen qualit\u00e4tsjournalistische Pappnasen ein, die den Schmarren aus solchen Hohlr\u00e4umen wie der BPK durch die \u00f6ffentlich-rechtlichen Rundfunkkan\u00e4le zu uns durchschieben; ihre Geh\u00e4lter werden aus unseren Rundfunkbeitr\u00e4gen erbracht. Wir l\u00f6hnen also indirekt gleich zweimal daf\u00fcr, dass wir nach Strich und Faden angeschmiert werden.<\/p>\n<p>Wenn es schon sein muss, hochverehrtes Publikum: Wo ist unsere Republik tats\u00e4chlich angekommen? K\u00f6nnten wir uns nicht ohne diese Leute auch selbst verarschen, notabene kostenlos?<\/p>\n<p>&nbsp;<\/p>\n<p><strong>Quellen:<\/strong><\/p>\n<p>(1) <a href=\"https:\/\/www.bundespressekonferenz.de\/\">https:\/\/www.bundespressekonferenz.de\/<\/a><\/p>\n<p>(2) <a href=\"https:\/\/www.bpb.de\/izpb\/7492\/warum-medien-wichtig-sind-funktionen-in-der-demokratie?p=all\">https:\/\/www.bpb.de\/izpb\/7492\/warum-medien-wichtig-sind-funktionen-in-der-demokratie?p=all<\/a><\/p>\n<p>(3) Hermann Meyn, Jan Tonnemacher, in: <em>\u201eMassenmedien in Deutschland\u201c<\/em>, S. 33, Herbert von Halem Verlag, ISBN 978-3-7445-0221-4<\/p>\n<p>(4) <a href=\"https:\/\/deutsch.rt.com\/meinung\/83475-deutsche-journalismus-wird-sich-selbst-zum-feind\/\">https:\/\/deutsch.rt.com\/meinung\/83475-deutsche-journalismus-wird-sich-selbst-zum-feind\/<\/a><\/p>\n<p>(5) <a href=\"https:\/\/www.br.de\/presse\/inhalt\/pressemitteilungen\/glaubwuerdigkeitsstudie-br-b5-geburtstag-100.html\">https:\/\/www.br.de\/presse\/inhalt\/pressemitteilungen\/glaubwuerdigkeitsstudie-br-b5-geburtstag-100.html<\/a><\/p>\n<p>(6) <a href=\"https:\/\/www.nachdenkseiten.de\/?p=41518\">https:\/\/www.nachdenkseiten.de\/?p=41518<\/a><\/p>\n<p>(7) <a href=\"https:\/\/www.aedt.de\/photos\/171124-bundespresseball-steinmeier\/5\">https:\/\/www.aedt.de\/photos\/171124-bundespresseball-steinmeier\/5<\/a><\/p>\n<p>(8) <a href=\"https:\/\/rp-online.de\/panorama\/deutschland\/2300-gaeste-feiern-beim-bundespresseball_aid-20762939\">https:\/\/rp-online.de\/panorama\/deutschland\/2300-gaeste-feiern-beim-bundespresseball_aid-20762939<\/a><\/p>\n<p>(9) <a href=\"https:\/\/bundespresseball.de\/\">https:\/\/bundespresseball.de\/<\/a><\/p>\n<p>10) <a href=\"https:\/\/www.bundespressekonferenz.de\/verein\/satzung\">https:\/\/www.bundespressekonferenz.de\/verein\/satzung<\/a><\/p>\n<p>(11) <a href=\"https:\/\/www.bundesregierung.de\/breg-de\/aktuelles\/pressekonferenzen\/regierungspressekonferenz-vom-9-juni-844034\">https:\/\/www.bundesregierung.de\/breg-de\/aktuelles\/pressekonferenzen\/regierungspressekonferenz-vom-9-juni-844034<\/a><\/p>\n<p>(12) <a href=\"http:\/\/blog.globale-gleichheit.de\/?p=6642\">http:\/\/blog.globale-gleichheit.de\/?p=6642<\/a><\/p>\n<p>13) Dr. Kai Gniffke wurde mittlerweile \u2013 am 23.5.2019 \u2013 im zweiten Wahlgang vom Rundfunkrat des SWR zum Intendanten des Senders erkoren.<\/p>\n<p>(14) <a href=\"https:\/\/www.tagesschau.de\/multimedia\/video\/video-541527.html\">https:\/\/www.tagesschau.de\/multimedia\/video\/video-541527.html<\/a><\/p>\n<p>(15) <a href=\"https:\/\/www.tagesschau.de\/ausland\/putin-pressekonferenz-101.html\">https:\/\/www.tagesschau.de\/ausland\/putin-pressekonferenz-101.html<\/a><\/p>\n<p>(16) Variante: <em>\u201e\u2026 hat auch was drin.\u201c<\/em><\/p>\n<p>(17) <a href=\"http:\/\/www.jungundnaiv.de\/2019\/06\/17\/bundesregierung-fuer-desinteressierte-bpk-vom-17-juni-2019\/\">http:\/\/www.jungundnaiv.de\/2019\/06\/17\/bundesregierung-fuer-desinteressierte-bpk-vom-17-juni-2019\/<\/a><\/p>\n<p>(18) <a href=\"https:\/\/www.easycounter.com\/report\/faktenfinder.tagesschau.de\">https:\/\/www.easycounter.com\/report\/faktenfinder.tagesschau.de<\/a><\/p>\n<p>(19) <a href=\"https:\/\/www.rubikon.news\/artikel\/die-kriegslugen-2\">https:\/\/www.rubikon.news\/artikel\/die-kriegslugen-2<\/a><\/p>\n<p>(20) <a href=\"https:\/\/www.youtube.com\/watch?v=jMdAfX5ZR8Y\">https:\/\/www.youtube.com\/watch?v=jMdAfX5ZR8Y<\/a><\/p>\n<p>(21) <a href=\"https:\/\/uebermedien.de\/27225\/jetzt-machen-die-russen-auch-noch-unsere-schoene-bundespressekonferenz-kaputt\/\">https:\/\/uebermedien.de\/27225\/jetzt-machen-die-russen-auch-noch-unsere-schoene-bundespressekonferenz-kaputt\/<\/a><\/p>\n<p style=\"text-align: right;\"><em>Das Autoren-Team:<\/em><\/p>\n<p style=\"text-align: right;\"><em>Friedhelm Klinkhammer, Jahrgang 1944, Jurist. 1975 bis 2008 Mitarbeiter des NDR, zeitweise Vorsitzender des NDR-Gesamtpersonalrats und des ver.di-Betriebsverbandes sowie Referent einer Funkhausdirektorin.<\/em><\/p>\n<p style=\"text-align: right;\"><em>Volker Br\u00e4utigam, Jahrgang 1941, Redakteur. 1975 bis 1996 im NDR, zun\u00e4chst in der Tagesschau, von 1985 an in der Kulturredaktion f\u00fcr N3. Danach Lehr- und Forschungsauftrag an der Fu-Jen-Uni in Taipeh.\u00a0<\/em><\/p>\n<p style=\"text-align: right;\"><em>Beide Autoren sind Mitglieder des Beirates des Deutschen Freidenker-Verbandes.<\/em><\/p>\n<p><span style=\"text-decoration: underline;\"><em>Anmerkung der Autoren:<\/em><\/span><\/p>\n<p><em>Unsere Beitr\u00e4ge stehen zur freien Verf\u00fcgung. Wir schreiben nicht f\u00fcr Honorar, sondern gegen die \u201emediale Massenverbl\u00f6dung\u201c (in memoriam Peter Scholl-Latour). Die Texte werden zumeist auf der Seite https:\/\/publikumskonferenz.de\/blog dokumentiert.<\/em><\/p>\n<hr \/>\n<p><span style=\"font-size: 10pt;\">Bild: In der Bundespressekonferenz<br \/>\nQuelle: RT deutsch<\/span><\/p>\n","protected":false},"excerpt":{"rendered":"<p><b>Beitrag von Friedhelm Klinkhammer und Volker Br\u00e4utigam<\/b><br \/>\nDie Bundespressekonferenz (BPK) in Berlin ist ein untypischer Verein von Journalisten. Er l\u00e4dt Kanzler, Minister, Regierungssprecher sowie die Spitzenvertreter von Wirtschaft und Gesellschaft dazu ein, auf seiner B\u00fchne Rede und Antwort zu stehen. W\u00e4hrend im Ausland Medienleute \u00fcblicherweise von den politisch M\u00e4chtigen einberufen werden &#8230; sollte es in Deutschland genau andersrum vonstatten gehen: Journalisten erfragen eigenst\u00e4ndig Ausk\u00fcnfte von ihren G\u00e4sten, &#8230; Falls dies Konzept je funktioniert hat, so kann heute davon keine Rede mehr sein. Die BPK ist zum Demonstrationsort programmierter Regierungsverlautbarung und journalistischer R\u00fcckgratlosigkeit verkommen.<\/p>\n","protected":false},"author":3,"featured_media":6693,"comment_status":"closed","ping_status":"closed","sticky":false,"template":"","format":"standard","meta":{"colormag_page_container_layout":"default_layout","colormag_page_sidebar_layout":"default_layout","advanced_seo_description":"","jetpack_seo_html_title":"","jetpack_seo_noindex":false,"jetpack_post_was_ever_published":false,"footnotes":""},"categories":[12],"tags":[1094,1032,162,121,638],"class_list":["post-6692","post","type-post","status-publish","format-standard","has-post-thumbnail","hentry","category-demokratie-medien-aufklaerung","tag-ard","tag-bundesregierung","tag-demokratie","tag-medien","tag-medienverantwortung"],"jetpack_featured_media_url":"https:\/\/i0.wp.com\/www.freidenker.org\/fw17\/wp-content\/uploads\/2019\/07\/Buko_800x445.jpg?fit=800%2C445&ssl=1","jetpack_shortlink":"https:\/\/wp.me\/p9stpK-1JW","jetpack-related-posts":[{"id":22644,"url":"https:\/\/www.freidenker.org\/?p=22644","url_meta":{"origin":6692,"position":0},"title":"Die Mitschuld am Tod hunderter Journalisten","author":"Webredaktion","date":"25. August 2025","format":false,"excerpt":"Ein Kommentar von\u00a0Thomas R\u00f6per Dass die meisten westlichen Journalisten nicht als Journalisten bezeichnet werden d\u00fcrften, ist mir schon lange aufgefallen. Der Grund ist, dass sie Journalistenkollegen verraten, wenn diese f\u00fcr ihre Arbeit bestraft werden. Das konnte die ganze Welt am Fall von Julian Assange sehen, zu dem die westlichen Medien\u2026","rel":"","context":"In &quot;Demokratie \u2013 Medien \u2013 Aufkl\u00e4rung&quot;","block_context":{"text":"Demokratie \u2013 Medien \u2013 Aufkl\u00e4rung","link":"https:\/\/www.freidenker.org\/?cat=12"},"img":{"alt_text":"","src":"https:\/\/i0.wp.com\/www.freidenker.org\/fw17\/wp-content\/uploads\/2025\/08\/cameraman-6467051_800x450.jpg?fit=800%2C450&ssl=1&resize=350%2C200","width":350,"height":200,"srcset":"https:\/\/i0.wp.com\/www.freidenker.org\/fw17\/wp-content\/uploads\/2025\/08\/cameraman-6467051_800x450.jpg?fit=800%2C450&ssl=1&resize=350%2C200 1x, https:\/\/i0.wp.com\/www.freidenker.org\/fw17\/wp-content\/uploads\/2025\/08\/cameraman-6467051_800x450.jpg?fit=800%2C450&ssl=1&resize=525%2C300 1.5x, https:\/\/i0.wp.com\/www.freidenker.org\/fw17\/wp-content\/uploads\/2025\/08\/cameraman-6467051_800x450.jpg?fit=800%2C450&ssl=1&resize=700%2C400 2x"},"classes":[]},{"id":19586,"url":"https:\/\/www.freidenker.org\/?p=19586","url_meta":{"origin":6692,"position":1},"title":"Dressierter Journalismus: Wie der Bundeskanzler Fake News streut","author":"Webredaktion","date":"28. Juli 2024","format":false,"excerpt":"Beitrag von Gert Ewen Ungar Die Bundespressekonferenz (BPK) mit Bundeskanzler Olaf Scholz lieferte einen Eindruck davon, welche Auswirkungen Zensur und Einschr\u00e4nkung der Pressefreiheit auf den Journalismus haben. Handzahme, gut domestizierte Journalisten stellten absehbare Fragen, die den Themenkreis, in dem sich der \u00f6ffentliche Diskurs in Deutschland bewegen darf, nicht einen Millimeter\u2026","rel":"","context":"In &quot;Demokratie \u2013 Medien \u2013 Aufkl\u00e4rung&quot;","block_context":{"text":"Demokratie \u2013 Medien \u2013 Aufkl\u00e4rung","link":"https:\/\/www.freidenker.org\/?cat=12"},"img":{"alt_text":"","src":"https:\/\/i0.wp.com\/www.freidenker.org\/fw17\/wp-content\/uploads\/2024\/07\/Sunak_press_conference_with_Scholz_2024.jpg?fit=800%2C450&ssl=1&resize=350%2C200","width":350,"height":200,"srcset":"https:\/\/i0.wp.com\/www.freidenker.org\/fw17\/wp-content\/uploads\/2024\/07\/Sunak_press_conference_with_Scholz_2024.jpg?fit=800%2C450&ssl=1&resize=350%2C200 1x, https:\/\/i0.wp.com\/www.freidenker.org\/fw17\/wp-content\/uploads\/2024\/07\/Sunak_press_conference_with_Scholz_2024.jpg?fit=800%2C450&ssl=1&resize=525%2C300 1.5x, https:\/\/i0.wp.com\/www.freidenker.org\/fw17\/wp-content\/uploads\/2024\/07\/Sunak_press_conference_with_Scholz_2024.jpg?fit=800%2C450&ssl=1&resize=700%2C400 2x"},"classes":[]},{"id":13701,"url":"https:\/\/www.freidenker.org\/?p=13701","url_meta":{"origin":6692,"position":2},"title":"&#8222;Nachdenkseiten&#8220; im Fokus eines Diffamierungsportals im Auftrag der Bundesregierung","author":"Webredaktion","date":"6. Juli 2022","format":false,"excerpt":"Beitrag der Redaktion der NachDenkSeiten Der Vorgang ist ein medienpolitischer Skandal, der seinesgleichen sucht und an die Wurzel unseres bisherigen Verst\u00e4ndnisses von Demokratie und Pressefreiheit geht. Das Bundesfamilienministerium (BMFSFJ) und die Bundeszentrale f\u00fcr politische Bildung (bpb) finanzieren mit sechsstelligen Betr\u00e4gen ein Projekt der Gr\u00fcnen-nahen Stiftung \u201eZentrum liberale Moderne\u201c (LibMod) mit\u2026","rel":"","context":"In &quot;Zeit der Verleumder - Freidenker f\u00fcr Klartext&quot;","block_context":{"text":"Zeit der Verleumder - Freidenker f\u00fcr Klartext","link":"https:\/\/www.freidenker.org\/?cat=937"},"img":{"alt_text":"","src":"https:\/\/i0.wp.com\/www.freidenker.org\/fw17\/wp-content\/uploads\/2022\/07\/klartext_Jochim_Gauck_LibMod_800x450.jpg?fit=800%2C450&ssl=1&resize=350%2C200","width":350,"height":200,"srcset":"https:\/\/i0.wp.com\/www.freidenker.org\/fw17\/wp-content\/uploads\/2022\/07\/klartext_Jochim_Gauck_LibMod_800x450.jpg?fit=800%2C450&ssl=1&resize=350%2C200 1x, https:\/\/i0.wp.com\/www.freidenker.org\/fw17\/wp-content\/uploads\/2022\/07\/klartext_Jochim_Gauck_LibMod_800x450.jpg?fit=800%2C450&ssl=1&resize=525%2C300 1.5x, https:\/\/i0.wp.com\/www.freidenker.org\/fw17\/wp-content\/uploads\/2022\/07\/klartext_Jochim_Gauck_LibMod_800x450.jpg?fit=800%2C450&ssl=1&resize=700%2C400 2x"},"classes":[]},{"id":22719,"url":"https:\/\/www.freidenker.org\/?p=22719","url_meta":{"origin":6692,"position":3},"title":"Die Feigheit westlicher Journalisten angesichts des israelischen V\u00f6lkermordes","author":"Webredaktion","date":"1. September 2025","format":false,"excerpt":"von Tilo Gr\u00e4ser Die Deutsche Welle geh\u00f6rt zu den vielen Medien, die Israel nicht zur Rechenschaft ziehen. Darauf macht der US-Journalist David Cronin in einem aktuellen Beitrag auf dem Onlineportal The Electronic Intifada (TEI) aufmerksam, dessen Mitherausgeber er ist. Cronin weist auf das Beispiel des Journalisten Jack Parrock hin, der\u2026","rel":"","context":"In &quot;Demokratie \u2013 Medien \u2013 Aufkl\u00e4rung&quot;","block_context":{"text":"Demokratie \u2013 Medien \u2013 Aufkl\u00e4rung","link":"https:\/\/www.freidenker.org\/?cat=12"},"img":{"alt_text":"","src":"https:\/\/i0.wp.com\/www.freidenker.org\/fw17\/wp-content\/uploads\/2025\/09\/gaza-6017354_800x450.jpg?fit=800%2C450&ssl=1&resize=350%2C200","width":350,"height":200,"srcset":"https:\/\/i0.wp.com\/www.freidenker.org\/fw17\/wp-content\/uploads\/2025\/09\/gaza-6017354_800x450.jpg?fit=800%2C450&ssl=1&resize=350%2C200 1x, https:\/\/i0.wp.com\/www.freidenker.org\/fw17\/wp-content\/uploads\/2025\/09\/gaza-6017354_800x450.jpg?fit=800%2C450&ssl=1&resize=525%2C300 1.5x, https:\/\/i0.wp.com\/www.freidenker.org\/fw17\/wp-content\/uploads\/2025\/09\/gaza-6017354_800x450.jpg?fit=800%2C450&ssl=1&resize=700%2C400 2x"},"classes":[]},{"id":23359,"url":"https:\/\/www.freidenker.org\/?p=23359","url_meta":{"origin":6692,"position":4},"title":"Deutsche Journalisten und Israel \u2013 Zu lange geschwiegen","author":"Webredaktion","date":"29. Oktober 2025","format":false,"excerpt":"Beitrag Von Karin Leukefeld. Ausl\u00e4ndische Journalisten berichten seit 748 Tagen aus Israel \u00fcber den israelischen Feldzug gegen Gaza. Manche von ihnen fuhren \u201eembedded\u201c in Jeeps oder auf Panzern der israelischen Streitkr\u00e4fte mit der israelischen Armee durch die Tr\u00fcmmerw\u00fcste. Ber\u00fchmt sind die Fotos von einer Art Aussichtsh\u00fcgel s\u00fcdlich von Ashdod an\u2026","rel":"","context":"In &quot;Demokratie \u2013 Medien \u2013 Aufkl\u00e4rung&quot;","block_context":{"text":"Demokratie \u2013 Medien \u2013 Aufkl\u00e4rung","link":"https:\/\/www.freidenker.org\/?cat=12"},"img":{"alt_text":"","src":"https:\/\/i0.wp.com\/www.freidenker.org\/fw17\/wp-content\/uploads\/2025\/10\/Netanjahu_December_2023_800x450.jpg?fit=800%2C450&ssl=1&resize=350%2C200","width":350,"height":200,"srcset":"https:\/\/i0.wp.com\/www.freidenker.org\/fw17\/wp-content\/uploads\/2025\/10\/Netanjahu_December_2023_800x450.jpg?fit=800%2C450&ssl=1&resize=350%2C200 1x, https:\/\/i0.wp.com\/www.freidenker.org\/fw17\/wp-content\/uploads\/2025\/10\/Netanjahu_December_2023_800x450.jpg?fit=800%2C450&ssl=1&resize=525%2C300 1.5x, https:\/\/i0.wp.com\/www.freidenker.org\/fw17\/wp-content\/uploads\/2025\/10\/Netanjahu_December_2023_800x450.jpg?fit=800%2C450&ssl=1&resize=700%2C400 2x"},"classes":[]},{"id":18732,"url":"https:\/\/www.freidenker.org\/?p=18732","url_meta":{"origin":6692,"position":5},"title":"&#8222;Spiegel&#8220; beklagt Zensur und Einschr\u00e4nkung der Pressefreiheit \u2013 in Israel","author":"Webredaktion","date":"9. April 2024","format":false,"excerpt":"Beitrag von Gert Ewen Ungar \"Wer an die Pressefreiheit glaubt, muss auch abstruse Positionen der anderen aushalten, muss auf den freien Wettstreit der Meinungen vertrauen und hoffen, dass sich das plausibelste Argument am Ende durchsetzt\", schreibt der deutsche Journalist und Dokumentarfilmer Richard C. Schneider im \"Spiegel\".\u00a0Man liest es und reibt\u2026","rel":"","context":"In &quot;Demokratie \u2013 Medien \u2013 Aufkl\u00e4rung&quot;","block_context":{"text":"Demokratie \u2013 Medien \u2013 Aufkl\u00e4rung","link":"https:\/\/www.freidenker.org\/?cat=12"},"img":{"alt_text":"","src":"https:\/\/i0.wp.com\/www.freidenker.org\/fw17\/wp-content\/uploads\/2024\/04\/DER_SPIEGEL05_800x450.jpg?fit=800%2C450&ssl=1&resize=350%2C200","width":350,"height":200,"srcset":"https:\/\/i0.wp.com\/www.freidenker.org\/fw17\/wp-content\/uploads\/2024\/04\/DER_SPIEGEL05_800x450.jpg?fit=800%2C450&ssl=1&resize=350%2C200 1x, https:\/\/i0.wp.com\/www.freidenker.org\/fw17\/wp-content\/uploads\/2024\/04\/DER_SPIEGEL05_800x450.jpg?fit=800%2C450&ssl=1&resize=525%2C300 1.5x, https:\/\/i0.wp.com\/www.freidenker.org\/fw17\/wp-content\/uploads\/2024\/04\/DER_SPIEGEL05_800x450.jpg?fit=800%2C450&ssl=1&resize=700%2C400 2x"},"classes":[]}],"_links":{"self":[{"href":"https:\/\/www.freidenker.org\/index.php?rest_route=\/wp\/v2\/posts\/6692","targetHints":{"allow":["GET"]}}],"collection":[{"href":"https:\/\/www.freidenker.org\/index.php?rest_route=\/wp\/v2\/posts"}],"about":[{"href":"https:\/\/www.freidenker.org\/index.php?rest_route=\/wp\/v2\/types\/post"}],"author":[{"embeddable":true,"href":"https:\/\/www.freidenker.org\/index.php?rest_route=\/wp\/v2\/users\/3"}],"replies":[{"embeddable":true,"href":"https:\/\/www.freidenker.org\/index.php?rest_route=%2Fwp%2Fv2%2Fcomments&post=6692"}],"version-history":[{"count":0,"href":"https:\/\/www.freidenker.org\/index.php?rest_route=\/wp\/v2\/posts\/6692\/revisions"}],"wp:featuredmedia":[{"embeddable":true,"href":"https:\/\/www.freidenker.org\/index.php?rest_route=\/wp\/v2\/media\/6693"}],"wp:attachment":[{"href":"https:\/\/www.freidenker.org\/index.php?rest_route=%2Fwp%2Fv2%2Fmedia&parent=6692"}],"wp:term":[{"taxonomy":"category","embeddable":true,"href":"https:\/\/www.freidenker.org\/index.php?rest_route=%2Fwp%2Fv2%2Fcategories&post=6692"},{"taxonomy":"post_tag","embeddable":true,"href":"https:\/\/www.freidenker.org\/index.php?rest_route=%2Fwp%2Fv2%2Ftags&post=6692"}],"curies":[{"name":"wp","href":"https:\/\/api.w.org\/{rel}","templated":true}]}}