{"id":661,"date":"2005-08-20T16:30:53","date_gmt":"2005-08-20T14:30:53","guid":{"rendered":"http:\/\/www.freidenker.org\/fw17\/?p=661"},"modified":"2018-02-18T23:32:26","modified_gmt":"2018-02-18T22:32:26","slug":"hellmut-g-haasis-zum-spektakel-in-koeln","status":"publish","type":"post","link":"https:\/\/www.freidenker.org\/?p=661","title":{"rendered":"Zum Spektakel in K\u00f6ln"},"content":{"rendered":"<p><em>von Hellmut G. Haasis<\/em><\/p>\n<p align=\"left\">Der derzeitige Bischof von Rom, Joseph Ratzinger, mir pers\u00f6nlich unr\u00fchmlich bekannt als \u00e4ngstlicher Theologieprofessor in T\u00fcbingen, gibt sich M\u00fche, in K\u00f6ln arglose Jugendliche mit seinem Gelaber vom sch\u00f6nen und freudigen Glauben einzulullen.<\/p>\n<p align=\"left\">Gesch\u00e4ftige Medienleute sind dabei, ihn als Superstar zu etablieren.<\/p>\n<p align=\"left\">\u00a0Eine Chance f\u00fcr Freidenker, Konfessionslose und Atheisten, ihre Freiheit gegen den unerw\u00fcnschten Herrn \u00f6ffentlich zu bezeugen.<\/p>\n<p align=\"left\">\u00a0Bigotte K\u00f6lner meckern indes, die Stadt sei immer kirchenfromm gewesen.<\/p>\n<p align=\"left\">\u00a0L\u00fcge! Wer dank des christkatholischen, klerikalen Einflusses keinen wahrheitsgetreuen und freiheitsbegeisterten Geschichtsunterricht genossen hat, darf die unverschuldete L\u00fccke in seinem Geschichtsbild f\u00fcllen.<\/p>\n<p align=\"left\">\u00a0K\u00f6ln ist in Wirklichkeit jahrhundertelang eine Hochburg von Antiklerikern gewesen. Von ausgekochten Kirchenfeinden. Die K\u00f6lner haben in diesem Kampf, von Generation zu Generation, mehr Siege erlebt als Niederlagen.<\/p>\n<p align=\"left\">\u00a0Im hochmittelalterlichen Freiheitskampf der Kommunen gegen Bisch\u00f6fe und Adlige war K\u00f6ln gleich mit vorne dran. Nach dem ersten Sieg einer deutschen B\u00fcrgerschaft \u00fcber einen Bischof ( Worms, im Jahr 1074) ergriff es als n\u00e4chste die K\u00f6lner. Als deren Erzbischof ein K\u00f6lner Schiffe rauben lie\u00df, wie ein Strauchdieb, entwickelte sich ein Volksaufstand: in Deutschland selten und doch notwendig.<\/p>\n<p align=\"left\">\u00a0Der K\u00f6lner Erzbischof greift zu seiner liebsten Waffe, der Hasspredigt: die Stadt sei in der Gewalt des Teufels. Klerikale Augenzeugen behaupten, den erfolgreichen Sturm der Bewaffneten auf den erzbisch\u00f6flichen Palast habe der Teufel pers\u00f6nlich angef\u00fchrt. Der Erzbischof rettet sich mit Not in eine Kirche und entkommt verkleidet durch ein Loch in der Stadtmauer.<\/p>\n<p align=\"left\">\u00a0Mit dem M\u00e4rchen vom frommen K\u00f6ln wird es also Essig.<\/p>\n<p align=\"left\">\u00a0Der verjagte Stadtherr agitiert unter den umliegenden D\u00f6rfern. Die uninformierten Bauern verleitet er zu einem Beutezug gegen die Stadt, mit dem Versprechen: Wer mitziehe gegen die vom Teufel besessene Stadt, d\u00fcrfe behalten, was er in die Finger bekomme. Wir sehen den geistlichen Herrn nun schon auf einer Ebene mit Raubrittern.<\/p>\n<p align=\"left\">\u00a0Der Anschauungsunterricht dieser Koalition macht die Kirchengeschichte leichter begreifbar.<\/p>\n<p align=\"left\">\u00a0Der erste K\u00f6lner B\u00fcrgeraufstand, nicht vorbereitet, geht verloren. Erstmals in der deutschen Geschichte bricht \u00fcber eine Stadt ein Terrorregime herein. 60 Handelsherren m\u00fcssen aus der Stadt fl\u00fcchten. Die Soldateska des Erzbischofs f\u00e4llt in die H\u00e4user ein, pl\u00fcndert und wirft alle Verd\u00e4chtige ins Gef\u00e4ngnis. Anf\u00fchrern werden die Augen ausgestochen, andere \u00f6ffentlich ausgepr\u00fcgelt, die Haare geschoren. Die Stadt unterjocht. Die Folge: eine lang anhaltende Wirtschaftskrise. Ausw\u00e4rtige H\u00e4ndler wagen sich nicht mehr in die Stadt des Terrors. K\u00f6ln ver\u00f6det.<\/p>\n<p align=\"left\">\u00a0Erst in der n\u00e4chsten Generation raffen sich die K\u00f6lner wieder auf. 1114 verschw\u00f6ren sie sich gegen den Erzbischof, haben also aus ihrer Niederlage gelernt: Man muss sich vorher verst\u00e4ndigen.<\/p>\n<p align=\"left\">\u00a0Die Fernkaufleute erringen ein kommunales Recht nach dem andern, die volle Autonomie als Stadt freilich erst nach 200 Jahren.<\/p>\n<p align=\"left\">\u00a0Die Kirche erweist sich mehr und mehr als eine wirtschafts- und freiheitsfeindliche Bastion, die B\u00fcrger bezahlen die Zeche f\u00fcr die Macht des Erzbischofs. Einer dieser Herren schreckt nicht vor gro\u00dfen M\u00fcnzf\u00e4lschungen zur\u00fcck. Die geistlichen Beherrscher K\u00f6lns jagen den Pl\u00e4nen zu einem Kirchenstaat hinter: von Burgund \u00fcber Lothringen nach Westfalen.<\/p>\n<p align=\"left\">\u00a0Irgendwie m\u00fcssen die Milit\u00e4rkosten f\u00fcr die Feldz\u00fcge eingetrieben werden. Die Ratsherren machen darauf ihre Steuergesetze lieber alleine, ohne den Erzbischof oder seine Anh\u00e4nger zu fragen. Wer zur Partei des Geistlichen h\u00e4lt, wird aus dem Sch\u00f6ffengericht ausgeschlossen. Wer dem Erzbischof den Treueid leistet, verliert Ansehen und Stimme in der B\u00fcrgerschaft.<\/p>\n<p align=\"left\">\u00a0Im 13. Jahrhundert \u00fcbertreffen die erzbisch\u00f6flichen Stuhlsitzer jeden Raubritter. In bewaffneten Gewaltstreichen werfen sie die K\u00f6lner Stadtherren in Ketten, holen sich gekaufte Zunftherren ins Rathaus. Doch die Geldgier, dem fantastischen Kirchenstaat hinterher, \u00fcberdehnt die Geduld der B\u00fcrgerschaft. Der Erzbischof verprellt alle. Der fromme Herr ger\u00e4t f\u00fcr dreieinhalb Jahre in die Gefangenschaft der Stadt und des Grafen von J\u00fclich.<\/p>\n<p align=\"left\">\u00a0Der n\u00e4chste Erzbischof entpuppt sich noch deutlicher als Bandenchef und Stra\u00dfenr\u00e4uber. Er zwingt unterhalb von K\u00f6ln die Schiffe zur Bezahlung einer neuen Steuer (\u201cGeleitpfennig\u201d). Er bricht fr\u00f6hlich jeden Landfrieden, kaum dass er ihn feierlich vor Gott beschworen hat. Als er sogar den Kreuzzugspfennig seiner eigenen Kirche stiehlt, wird er endlich verbannt.<\/p>\n<p align=\"left\">\u00a01288 siegten endg\u00fcltig die K\u00f6lner B\u00fcrger. Sie hatten erneut etwas gelernt: Der Rhein muss entmilitasiert werden \u2013 rheinabw\u00e4rts darf bis Dormagen keine Burg errichtet werden.<\/p>\n<p align=\"left\">\u00a0Mehr als 100 Jahre lang feierten die K\u00f6lner jedes Jahr am 5. Juni ihren Sieg \u00fcber den Erzbischof, der damit f\u00fcr immer seinen Sitz in der Stadt verlor. Und so d\u00fcrfte K\u00f6ln ruhig auch papstfrei bleiben.<\/p>\n<p align=\"left\">\u00a0In \u00dcbereinstimmung mit dieser gro\u00dfen K\u00f6lner Freiheitsgeschichte w\u00e4re es sch\u00f6n, den Bischof von Rom aus der Stadt herauszuhalten, ersatzweise ihm ein Gegengewicht durch Aufz\u00fcge und Feste und Freudenbekundungen der Freidenker, Konfessionslosen und Atheisten in den Weg zu stellen.<\/p>\n<p align=\"left\">\u00a0<em>(Wer mehr wissen will, schaue nach bei Hellmut G. Haasis: Spuren der Besiegten, Bd. 1)<\/em><\/p>\n<p align=\"left\">\u00a0<em>Dieser Artikel wurde dem Freidenker INFO 111 des DFV Ostw\u00fcrttemberg e.V. entnommen.<\/em><\/p>\n<hr \/>\n<p align=\"left\">Bild: https:\/\/pixabay.com\/de\/users\/Wengen-1309988\/ \u0411\u044a\u043b\u0433\u0430\u0440\u0441\u043a\u0438<\/p>\n","protected":false},"excerpt":{"rendered":"<p><strong>Beitrag von Hellmut G. Haasis<\/strong><br \/>\nDer derzeitige Bischof von Rom, Joseph Ratzinger, mir pers\u00f6nlich unr\u00fchmlich bekannt als \u00e4ngstlicher Theologieprofessor in T\u00fcbingen, gibt sich M\u00fche, in K\u00f6ln arglose Jugendliche mit seinem Gelaber vom sch\u00f6nen und freudigen Glauben einzulullen. Gesch\u00e4ftige Medienleute sind dabei, ihn als Superstar zu etablieren.  Eine Chance f\u00fcr Freidenker, Konfessionslose und Atheisten, ihre Freiheit gegen den unerw\u00fcnschten Herrn \u00f6ffentlich zu bezeugen.<\/p>\n","protected":false},"author":2,"featured_media":662,"comment_status":"closed","ping_status":"closed","sticky":false,"template":"","format":"standard","meta":{"colormag_page_container_layout":"default_layout","colormag_page_sidebar_layout":"default_layout","advanced_seo_description":"","jetpack_seo_html_title":"","jetpack_seo_noindex":false,"jetpack_post_was_ever_published":false,"footnotes":""},"categories":[15],"tags":[971,318,1009,390],"class_list":["post-661","post","type-post","status-publish","format-standard","has-post-thumbnail","hentry","category-religions-kirchenkritik","tag-benedikt-xvi","tag-joseph-ratzinger","tag-katholischer-weltjugendtag","tag-papst"],"jetpack_featured_media_url":"https:\/\/i0.wp.com\/www.freidenker.org\/fw17\/wp-content\/uploads\/2016\/08\/Joseph_Ratzinger.jpg?fit=800%2C445&ssl=1","jetpack_shortlink":"https:\/\/wp.me\/p9stpK-aF","jetpack-related-posts":[{"id":683,"url":"https:\/\/www.freidenker.org\/?p=683","url_meta":{"origin":661,"position":0},"title":"Der deutsche Papst ist der bisher reaktion\u00e4rste in der Geschichte der Neuzeit","author":"Webmaster","date":"12. September 2011","format":false,"excerpt":"Beitrag von Gerhard Feldbauer aus FREIDENKER 2-11 Im September 2011 wird der deutsche Papst der Bundesrepublik einen offiziellen \u201aStaats\u2018besuch abstatten. Wes Geistes Kind ist dieser Benedikt alias Joseph Ratzinger? Beginnen wir mit einem aktuellen Aspekt. Die Wellen der Emp\u00f6rung \u00fcber den sogenannten Missbrauchsskandal der katholischen Kirche sind noch nicht verebbt.\u2026","rel":"","context":"In &quot;Religions- &amp; Kirchenkritik, S\u00e4kulare Szene&quot;","block_context":{"text":"Religions- &amp; Kirchenkritik, S\u00e4kulare Szene","link":"https:\/\/www.freidenker.org\/?cat=15"},"img":{"alt_text":"","src":"https:\/\/i0.wp.com\/www.freidenker.org\/fw17\/wp-content\/uploads\/2016\/08\/Papast_Benedikt_01.jpg?fit=800%2C445&ssl=1&resize=350%2C200","width":350,"height":200,"srcset":"https:\/\/i0.wp.com\/www.freidenker.org\/fw17\/wp-content\/uploads\/2016\/08\/Papast_Benedikt_01.jpg?fit=800%2C445&ssl=1&resize=350%2C200 1x, https:\/\/i0.wp.com\/www.freidenker.org\/fw17\/wp-content\/uploads\/2016\/08\/Papast_Benedikt_01.jpg?fit=800%2C445&ssl=1&resize=525%2C300 1.5x, https:\/\/i0.wp.com\/www.freidenker.org\/fw17\/wp-content\/uploads\/2016\/08\/Papast_Benedikt_01.jpg?fit=800%2C445&ssl=1&resize=700%2C400 2x"},"classes":[]},{"id":3248,"url":"https:\/\/www.freidenker.org\/?p=3248","url_meta":{"origin":661,"position":1},"title":"Faschisten, Reaktion\u00e4re und der Vatikan","author":"Webredaktion","date":"17. M\u00e4rz 2009","format":false,"excerpt":"Beitrag aus FREIDENKER 1-09 Dass die katholische Kirche zu Jahresbeginn in aller Munde war, hat sie sich unter ihrem Oberhirten Ratzinger alias Papst Benedict XVI. redlich verdient. Das meiste Aufsehen erregte er damit, den Holocaustleugnern und Erzreaktion\u00e4ren der \u201eBruderschaft St. Pius X.\u201c (FSSPX) das Tor zur Kirche wieder zu \u00f6ffnen.\u2026","rel":"","context":"In &quot;Religions- &amp; Kirchenkritik, S\u00e4kulare Szene&quot;","block_context":{"text":"Religions- &amp; Kirchenkritik, S\u00e4kulare Szene","link":"https:\/\/www.freidenker.org\/?cat=15"},"img":{"alt_text":"","src":"https:\/\/i0.wp.com\/www.freidenker.org\/fw17\/wp-content\/uploads\/2009\/03\/Memmingen_St_Joseph_Marienaltar_800x445.jpg?fit=800%2C445&ssl=1&resize=350%2C200","width":350,"height":200,"srcset":"https:\/\/i0.wp.com\/www.freidenker.org\/fw17\/wp-content\/uploads\/2009\/03\/Memmingen_St_Joseph_Marienaltar_800x445.jpg?fit=800%2C445&ssl=1&resize=350%2C200 1x, https:\/\/i0.wp.com\/www.freidenker.org\/fw17\/wp-content\/uploads\/2009\/03\/Memmingen_St_Joseph_Marienaltar_800x445.jpg?fit=800%2C445&ssl=1&resize=525%2C300 1.5x, https:\/\/i0.wp.com\/www.freidenker.org\/fw17\/wp-content\/uploads\/2009\/03\/Memmingen_St_Joseph_Marienaltar_800x445.jpg?fit=800%2C445&ssl=1&resize=700%2C400 2x"},"classes":[]},{"id":642,"url":"https:\/\/www.freidenker.org\/?p=642","url_meta":{"origin":661,"position":2},"title":"Klaus Hartmann: Aufstehen statt niederknien","author":"Webmaster","date":"17. September 2005","format":false,"excerpt":"Beitrag von Klaus Hartmann aus FREIDENKER 3-05 \"Weltjugendtag\" hei\u00dft die fromme Heerschau dieser Tage in K\u00f6ln, der Name jedoch ist Anma\u00dfung: Obwohl Hunderttausende erwartet werden, die \"Weltjugend\" ist das nicht \u2013 es ist ebenso wenig das Treffen von Atheisten wie von Buddhisten, Muslimen oder Hindus, Juden oder orthodoxen Chris\u00adten. Zumindest\u2026","rel":"","context":"In &quot;Religions- &amp; Kirchenkritik, S\u00e4kulare Szene&quot;","block_context":{"text":"Religions- &amp; Kirchenkritik, S\u00e4kulare Szene","link":"https:\/\/www.freidenker.org\/?cat=15"},"img":{"alt_text":"","src":"https:\/\/i0.wp.com\/www.freidenker.org\/fw17\/wp-content\/uploads\/2016\/08\/Papst.jpg?fit=800%2C445&ssl=1&resize=350%2C200","width":350,"height":200,"srcset":"https:\/\/i0.wp.com\/www.freidenker.org\/fw17\/wp-content\/uploads\/2016\/08\/Papst.jpg?fit=800%2C445&ssl=1&resize=350%2C200 1x, https:\/\/i0.wp.com\/www.freidenker.org\/fw17\/wp-content\/uploads\/2016\/08\/Papst.jpg?fit=800%2C445&ssl=1&resize=525%2C300 1.5x, https:\/\/i0.wp.com\/www.freidenker.org\/fw17\/wp-content\/uploads\/2016\/08\/Papst.jpg?fit=800%2C445&ssl=1&resize=700%2C400 2x"},"classes":[]},{"id":2943,"url":"https:\/\/www.freidenker.org\/?p=2943","url_meta":{"origin":661,"position":3},"title":"Es bleibt bei der Inquisition","author":"Webredaktion","date":"17. September 2013","format":false,"excerpt":"Beitrag von Gerhard Feldbauer aus: FREIDENKER 3-13 W\u00e4hrend des Besuchs des Papstes in Brasilien bewegte Katholiken, die auf Reformen hoffen, wie sich Franziskus zu der Befreiungstheologie verhalten werde, die wie in ganz Lateinamerika auch in dem besuchten Land stark vertreten ist. Diese Theologie breitete sich auf dem Kontinent, wo knapp\u2026","rel":"","context":"In &quot;Religions- &amp; Kirchenkritik, S\u00e4kulare Szene&quot;","block_context":{"text":"Religions- &amp; Kirchenkritik, S\u00e4kulare Szene","link":"https:\/\/www.freidenker.org\/?cat=15"},"img":{"alt_text":"","src":"https:\/\/i0.wp.com\/www.freidenker.org\/fw17\/wp-content\/uploads\/2017\/12\/pope_francis_741640_800x445.jpg?fit=800%2C445&ssl=1&resize=350%2C200","width":350,"height":200,"srcset":"https:\/\/i0.wp.com\/www.freidenker.org\/fw17\/wp-content\/uploads\/2017\/12\/pope_francis_741640_800x445.jpg?fit=800%2C445&ssl=1&resize=350%2C200 1x, https:\/\/i0.wp.com\/www.freidenker.org\/fw17\/wp-content\/uploads\/2017\/12\/pope_francis_741640_800x445.jpg?fit=800%2C445&ssl=1&resize=525%2C300 1.5x, https:\/\/i0.wp.com\/www.freidenker.org\/fw17\/wp-content\/uploads\/2017\/12\/pope_francis_741640_800x445.jpg?fit=800%2C445&ssl=1&resize=700%2C400 2x"},"classes":[]},{"id":9641,"url":"https:\/\/www.freidenker.org\/?p=9641","url_meta":{"origin":661,"position":4},"title":"Trauerrede f\u00fcr Andr\u00e9 M\u00fcller sen.","author":"Webredaktion","date":"1. M\u00e4rz 2021","format":false,"excerpt":"Trauerrede von Klaus Hartmann f\u00fcr Andr\u00e9 M\u00fcller sen. Wir trauern um unseren Genossen Andr\u00e9 M\u00fcller sen.. Wir verlieren einen Vater, einen liebenswerten und wertvollen Menschen, einen zuverl\u00e4ssigen, standhaften Genossen; der Deutsche Freidenker-Verband verliert sein \u00e4ltestes Beiratsmitglied. Andr\u00e9 wurde am 8. M\u00e4rz 1925 geboren, in K\u00f6ln, in einer Arbeiterfamilie, unter dem\u2026","rel":"","context":"In &quot;Kultur &amp; Kunst&quot;","block_context":{"text":"Kultur &amp; Kunst","link":"https:\/\/www.freidenker.org\/?cat=913"},"img":{"alt_text":"","src":"https:\/\/i0.wp.com\/www.freidenker.org\/fw17\/wp-content\/uploads\/2021\/03\/andremuellersen_800x450.jpg?fit=800%2C449&ssl=1&resize=350%2C200","width":350,"height":200,"srcset":"https:\/\/i0.wp.com\/www.freidenker.org\/fw17\/wp-content\/uploads\/2021\/03\/andremuellersen_800x450.jpg?fit=800%2C449&ssl=1&resize=350%2C200 1x, https:\/\/i0.wp.com\/www.freidenker.org\/fw17\/wp-content\/uploads\/2021\/03\/andremuellersen_800x450.jpg?fit=800%2C449&ssl=1&resize=525%2C300 1.5x, https:\/\/i0.wp.com\/www.freidenker.org\/fw17\/wp-content\/uploads\/2021\/03\/andremuellersen_800x450.jpg?fit=800%2C449&ssl=1&resize=700%2C400 2x"},"classes":[]},{"id":680,"url":"https:\/\/www.freidenker.org\/?p=680","url_meta":{"origin":661,"position":5},"title":"Hilfe, der \u201aPapst\u2019 kommt!","author":"Webmaster","date":"5. September 2011","format":false,"excerpt":"Der Deutsche Freidenker-Verband unterst\u00fctzt den Aufruf des breiten B\u00fcndnisses, das gegen die menschenfeindliche Geschlechter- und Sexualpolitik des Papstes protestiert: \u201eIm September 2011 besucht Papst Benedikt XVI. Deutschland. Dabei spricht er auch vor dem Deutschen Bundestag in Berlin. Dagegen protestieren wir. Der Papst steht f\u00fcr eine menschenfeindliche Geschlechter- und Sexualpolitik. Sie\u2026","rel":"","context":"In &quot;Religions- &amp; Kirchenkritik, S\u00e4kulare Szene&quot;","block_context":{"text":"Religions- &amp; Kirchenkritik, S\u00e4kulare Szene","link":"https:\/\/www.freidenker.org\/?cat=15"},"img":{"alt_text":"","src":"https:\/\/i0.wp.com\/www.freidenker.org\/fw17\/wp-content\/uploads\/2016\/08\/Papst_Benedict.jpg?fit=800%2C445&ssl=1&resize=350%2C200","width":350,"height":200,"srcset":"https:\/\/i0.wp.com\/www.freidenker.org\/fw17\/wp-content\/uploads\/2016\/08\/Papst_Benedict.jpg?fit=800%2C445&ssl=1&resize=350%2C200 1x, https:\/\/i0.wp.com\/www.freidenker.org\/fw17\/wp-content\/uploads\/2016\/08\/Papst_Benedict.jpg?fit=800%2C445&ssl=1&resize=525%2C300 1.5x, https:\/\/i0.wp.com\/www.freidenker.org\/fw17\/wp-content\/uploads\/2016\/08\/Papst_Benedict.jpg?fit=800%2C445&ssl=1&resize=700%2C400 2x"},"classes":[]}],"_links":{"self":[{"href":"https:\/\/www.freidenker.org\/index.php?rest_route=\/wp\/v2\/posts\/661","targetHints":{"allow":["GET"]}}],"collection":[{"href":"https:\/\/www.freidenker.org\/index.php?rest_route=\/wp\/v2\/posts"}],"about":[{"href":"https:\/\/www.freidenker.org\/index.php?rest_route=\/wp\/v2\/types\/post"}],"author":[{"embeddable":true,"href":"https:\/\/www.freidenker.org\/index.php?rest_route=\/wp\/v2\/users\/2"}],"replies":[{"embeddable":true,"href":"https:\/\/www.freidenker.org\/index.php?rest_route=%2Fwp%2Fv2%2Fcomments&post=661"}],"version-history":[{"count":0,"href":"https:\/\/www.freidenker.org\/index.php?rest_route=\/wp\/v2\/posts\/661\/revisions"}],"wp:featuredmedia":[{"embeddable":true,"href":"https:\/\/www.freidenker.org\/index.php?rest_route=\/wp\/v2\/media\/662"}],"wp:attachment":[{"href":"https:\/\/www.freidenker.org\/index.php?rest_route=%2Fwp%2Fv2%2Fmedia&parent=661"}],"wp:term":[{"taxonomy":"category","embeddable":true,"href":"https:\/\/www.freidenker.org\/index.php?rest_route=%2Fwp%2Fv2%2Fcategories&post=661"},{"taxonomy":"post_tag","embeddable":true,"href":"https:\/\/www.freidenker.org\/index.php?rest_route=%2Fwp%2Fv2%2Ftags&post=661"}],"curies":[{"name":"wp","href":"https:\/\/api.w.org\/{rel}","templated":true}]}}