{"id":6600,"date":"2019-07-06T18:57:07","date_gmt":"2019-07-06T16:57:07","guid":{"rendered":"https:\/\/www.freidenker.org\/?p=6600"},"modified":"2019-08-10T03:39:56","modified_gmt":"2019-08-10T01:39:56","slug":"nationale-frage-nationale-positionen","status":"publish","type":"post","link":"https:\/\/www.freidenker.org\/?p=6600","title":{"rendered":"\u201eNationale Frage\u201c, \u201enationale Positionen\u201c?"},"content":{"rendered":"<h4>Falschmeldungen \u00fcber den Freidenkerverband\u2026 ausgerechnet in der \u201ejungen Welt\u201c<\/h4>\n<p>Am 7. und 13. Juni sowie am 1. Juli 2019 erschienen Beitr\u00e4ge in der Tageszeitung \u201ejunge Welt&#8220; mit Erw\u00e4hnungen des Deutschen Freidenker-Verbandes und des Vorsitzenden Klaus Hartmann. W\u00e4hrend im ersten Beitrag u.a. behauptet wurde, \u201eHartmann (&#8230;) beschimpft uns als \u00bbDreckschleuder\u00ab\u201c, wurde im folgenden Beitrag bekannt, diesen \u201eVorwurf halten wir nicht aufrecht\u201c, stattdessen wurden neue Falschmeldungen nachgeschoben.<\/p>\n<p>Was ist der Anlass und der Hintergrund? Unter dem Aufmacher \u201eLeak des Tages\u201c wurde \u00fcber einen Text berichtet (nicht \u00fcber seinen Inhalt), der zwischen einigen jW-Lesern, Mitgliedern der Genossenschaft und ehemaligen Autoren der Tageszeitung per E-Mail ausgetauscht wurde, und der einen Appell an die junge Welt zum Ziel hatte: \u201eWir wollen Transparenz!\u201c Der Grund daf\u00fcr? Den letzten Ansto\u00df dazu gab die massive Kritik des jW-Autors Knut Mellenthin an Sahra Wagenknecht am 08.04.2019 (<a href=\"https:\/\/www.jungewelt.de\/artikel\/352571.die-linke-politik-der-vereinfachung.html\">https:\/\/www.jungewelt.de\/artikel\/352571.die-linke-politik-der-vereinfachung.html<\/a>). Klaus Hartmann kommentierte: <strong>\u201eSahra-Bashing oder: Journaille der Verhetzung\u201c <\/strong>(<a href=\"https:\/\/www.freidenker.org\/?p=6202\">https:\/\/www.freidenker.org\/?p=6202<\/a>).<\/p>\n<p>Entscheidend aber: Andere, die Kritik am Mellenthin-Artikel in die \u201ejunge Welt\u201c bringen wollten, wurden abschl\u00e4gig beschieden: \u201eWir planen keine gr\u00f6\u00dfere Debatte\u201c, so die Chefredaktion am 11.04.2019 gegen\u00fcber Dr. Diether Dehm (MdB). Dann erschien aber am 18.04.2019 auf zwei Seiten ein weiterer Beitrag, Sahra Wagenknecht geh\u00f6re eigentlich in die SPD, sie st\u00fcnde gar in der \u201eTraditionslinie (\u2026), die ehedem der rechte Fl\u00fcgel der deutschen Sozialdemokratie begr\u00fcndet hat\u201c \u2013 was Noske einschlie\u00dft! Auch darauf wurde Diether Dehm eine Erwiderung im Blatt verwehrt, was f\u00fcr ihn \u201edas Fass zum \u00dcberlaufen brachte\u201c und den Vorschlag zum \u201eTransparenz-Appell\u201c in die Welt brachte.<\/p>\n<p>Dass Widerspruch in der Zeitung nicht geduldet wird, musste man seit 2014 wiederholt erfahren: Erwiderungen zur Negativberichterstattung \u00fcber die \u201eneue Friedensbewegung\u201c, den \u201eFriedenswinter\u201c und (anf\u00e4nglich auch) die Kampagne \u201eStopp Air Base Ramstein\u201c wurden abgelehnt, \u201e\u00fcber die Friedensbewegung schreibt ein Rainer Rupp in dieser Zeitung nicht\u201c, verk\u00fcndete Gesch\u00e4ftsf\u00fchrer Koschmieder bei einer Genossenschaftsversammlung. Gleiches widerfuhr Rupp, der 2017 noch f\u00fcr die junge Welt schrieb, als er der Diffamierung des Journalisten Ken Jebsen im Blatt widersprechen wollte.<\/p>\n<p>Am 03.08.15 erschien von Daniel Bratanovic in der \u201ejungen Welt\u201c ein Pamphlet mit dem Titel \u201eAus der Defensive \u2013 Wolfgang Gehrckes Schrift zum Antisemitismusvorwurf gegen Linke\u201c, eine Reihe kritischer Leserbriefe dazu wurde nicht ver\u00f6ffentlicht. \u201eDie gew\u00e4hlte Form einer Buchbesprechung erscheint als Vorwand f\u00fcr eine Abrechnung\u201c, schrieb Klaus Hartmann und bat die jW-Redaktion, seine Stellungnahme (\u201eBrantanovic in der Offensive?\u201c) als Gegenposition zu ver\u00f6ffentlichen. Da dies abgelehnt wurde, wurde sie an mehreren anderen Stellen ver\u00f6ffentlicht (siehe <a href=\"https:\/\/www.facebook.com\/KenFM.de\/posts\/10152975858896583:0\">https:\/\/www.facebook.com\/KenFM.de\/posts\/10152975858896583:0<\/a><strong>, <\/strong><a href=\"http:\/\/www.nrhz.de\/flyer\/beitrag.php?id=21984\">http:\/\/www.nrhz.de\/flyer\/beitrag.php?id=21984<\/a><strong>, <\/strong><a href=\"https:\/\/www.freidenker.org\/?p=4683\">https:\/\/www.freidenker.org\/?p=4683<\/a>).<\/p>\n<p>Zur\u00fcck zur Gegenwart und Diether Dehms Initiative: Sie wird am 07.06.2019 als \u201eAngriff auf die junge Welt\u201c klassifiziert, und es werde \u201evon der <em>jW<\/em> verlangt, nationalen Positionen die T\u00fcr zu \u00f6ffnen\u201c \u2013 mangels Information \u00fcber den Text kann die Leserschaft nicht pr\u00fcfen, ob die Behauptung stimmt, sie muss \u201edran glauben\u201c.<\/p>\n<p>Am 01.07.2019 berichtete die junge Welt \u00fcber die ordentlichen Vollversammlung der Genossenschaft LPG junge Welt e\u2009G. am 29.06.2019, an der 58 von 2.201 Mitgliedern teilnahmen. Als Termin wurde mit sicherem Gesp\u00fcr der Protesttag der Kampagne \u201eStopp Air Base Ramstein\u201c gew\u00e4hlt, an dem neben \u00fcber 5.000 Demonstranten u.a. Prof. Dr. Rainer Mausfeld, Oskar Lafontaine und auch Dr. Diether Dehm teilnahmen. Der <a href=\"https:\/\/www.jungewelt.de\/artikel\/357741.lpg-vollversammlung-kurs-halten.html\" target=\"_blank\" rel=\"noopener noreferrer\">jW-Bericht zu Genossenschaftsversammlung<\/a> endet mit dem Absatz:<\/p>\n<p>&nbsp;<\/p>\n<div style=\"border: 1pt solid; padding: 20pt;\">\n<p><a href=\"https:\/\/www.jungewelt.de\/artikel\/357741.lpg-vollversammlung-kurs-halten.html\" target=\"_blank\" rel=\"noopener noreferrer\">https:\/\/www.jungewelt.de\/artikel\/357741.lpg-vollversammlung-kurs-halten.html<\/a><\/p>\n<p>jW, Ausgabe vom 01.07.2019<\/p>\n<p><span style=\"color: #ff0000;\"><strong>LPG-VOLLVERSAMMLUNG<\/strong><\/span><\/p>\n<h4>Kurs halten<\/h4>\n<p>(\u2026) Aktuell werde vom Bundestagsabgeordneten Diether Dehm (Die Linke) und Klaus Hartmann, Vorsitzender des Freidenker-Verbandes, eine Kampagne initiiert. \u00dcber diverse Netzwerke werde ein Aufruf verbreitet, mit dem, so Hartmann in einem Begleitschreiben, daran gearbeitet werden soll, den Kurs der <em>jW<\/em> zu \u00e4ndern. So soll unter anderem die \u00bbnationale Frage\u00ab st\u00e4rker ins Zentrum der Berichterstattung r\u00fccken. Huth wies auch diesen Angriff scharf zur\u00fcck. Verlag und Redaktion lassen sich weder vereinnahmen, noch auf diese Art unter Druck setzen, sondern beharrten auf ihrer Unabh\u00e4ngigkeit. Andernfalls w\u00e4ren sie \u00fcberfl\u00fcssig. Die <em>junge Welt<\/em> habe einen internationalistischen Anspruch und stelle die Eigentumsverh\u00e4ltnisse ins Zentrum ihrer Berichterstattung. In der ausf\u00fchrlichen Diskussion pl\u00e4dierten die anwesenden Genossinnen und Genossen daf\u00fcr, sich durch solche Angriffe nicht vom Kurs abbringen zu lassen. (jW)<\/p>\n<\/div>\n<p>&nbsp;<\/p>\n<p>Darauf schrieb Klaus Hartmann \u00fcber die online-Kommentarfunktion:<\/p>\n<p>&nbsp;<\/p>\n<div style=\"border: 1pt solid; padding: 20pt;\">\n<h5>Betr.: Artikel <a href=\"https:\/\/www.jungewelt.de\/artikel\/357741.lpg-vollversammlung-kurs-halten.html\" target=\"_blank\" rel=\"noopener noreferrer\">Kurs halten<\/a><\/h5>\n<p>Die Meldung einer \u201eKampagne\u201c, um die \u201e\u00bbnationale Frage\u00ab st\u00e4rker ins Zentrum der Berichterstattung r\u00fccken\u201c ist klassische Falschmeldung &#8211; man muss hoffen, aus Unkenntnis. Wir haben n\u00e4mlich gar keine \u00bbnationale Frage\u00ab, und w\u00fcssten auch nicht, was man \u00fcber eine solche berichten sollte. In dem in der Diskussion befindlichen Aufruf war auch in keinem Entwurfsstadium von einer solchen \u201eFrage\u201c die Rede. Dass sie hier trotzdem in Anf\u00fchrungszeichen gesetzt erscheint, bedeutet nicht, dass es ein Zitat w\u00e4re, sondern dass es sich um eine Erfindung des jW-Autors handelt.<\/p>\n<p>Der jW-Bericht \u00fcber die Genossenschaftsversammlung versucht zu suggerieren, es ginge um eine Auseinandersetzung \u201enational\u201c versus \u201einternationalistisch\u201c und \u201eEigentumsverh\u00e4ltnisse\u201c. Das w\u00e4re f\u00fcr die Schaffung eines Feinbildes zwar wunderbar einfach, ist aber zu falsch, um wahr zu sein. Der leichte Sieg \u00fcber diesen selbst geschaffenen Popanz ist nichts wert.<\/p>\n<p>Wir lehnen einen nationalen Chauvinismus ebenso ab wie einen nationalen Nihilismus. Die Ablehnung des nationalen Nihilismus ist nach unserer Einsch\u00e4tzung bei der \u201ejungen Welt\u201c ein blinder Fleck, und das halten wir bei der Entwicklung des Klassenkampfes f\u00fcr hinderlich. Der findet n\u00e4mlich nicht in supranationalen Gebilden wie der EU oder in einer anderen Galaxie statt, sondern weiterhin auf nationaler Ebene. Multinationale Konzerne verzichten nicht auf den Schutz ihrer Klasseninteressen durch den monopolistischen Nationalstaat, und der bleibt auch exakt der Adressat der Arbeiterbewegung.<\/p>\n<p>Damit sind wir v\u00f6llig bei Marx und Engels. Genauso wie wir mit dem \u201eManifest der Kommunistischen Partei\u201c \u00fcbereinstimmen, dass \u201edie Eigentumsfrage \u2026 die Grundfrage der Bewegung\u201c ist, \u00fcbersehen wir nicht seinen Hinweis, dass der Klassenkampf \u201eder Form nach zun\u00e4chst nationalen Charakter\u201c tr\u00e4gt. Dies macht Marx und Engels nicht zu \u201eNationalisten\u201c und uns genauso wenig. Auch nicht, wenn wir als weitere Zeugen die Th\u00e4lmann\u2019sche KPD, Georgi Dimitroff, das Nationalkomitee Freies Deutschland und Fidel Castro aufrufen.<\/p>\n<p>Die erw\u00e4hnte \u201eKampagne\u201c hat nun das Ziel, dass diese Dialektik des Klassenkampfes auch in der \u201ejungen Welt\u201c kontrovers, aber auf marxistischer Grundlage diskutiert werden darf. Eigentlich unglaublich, dass man f\u00fcr so eine Selbstverst\u00e4ndlichkeit Unterschriften sammeln muss. Wenn der Chefredakteur das Verlangen nach einer freien Diskussion dieser Fragen als \u201eAngriff\u201c wertet, stimmt das leider nicht sehr optimistisch.<\/p>\n<p>Klaus Hartmann, Offenbach am Main<\/p>\n<\/div>\n<p>&nbsp;<\/p>\n<p>Leider blieb der Kommentar nur 4 Stunden online, dann wurde er gel\u00f6scht: Erst spurlos, dann wurde bemerkt, dass sich bereits ein weiterer Kommentator teilweise positiv auf diesen Kommentar bezogen hat, dann stellte man Name und Uhrzeit ohne Text wieder online, und wiederholte die Falschmeldung mit der &#8222;nationalen Frage&#8220; (das Dementi war ja nicht mehr zu lesen).<\/p>\n<p><img data-recalc-dims=\"1\" loading=\"lazy\" decoding=\"async\" data-attachment-id=\"6605\" data-permalink=\"https:\/\/www.freidenker.org\/?attachment_id=6605\" data-orig-file=\"https:\/\/i0.wp.com\/www.freidenker.org\/fw17\/wp-content\/uploads\/2019\/07\/screenshot_jw_kommentare_v3.png?fit=1137%2C828&amp;ssl=1\" data-orig-size=\"1137,828\" data-comments-opened=\"0\" data-image-meta=\"{&quot;aperture&quot;:&quot;0&quot;,&quot;credit&quot;:&quot;&quot;,&quot;camera&quot;:&quot;&quot;,&quot;caption&quot;:&quot;&quot;,&quot;created_timestamp&quot;:&quot;0&quot;,&quot;copyright&quot;:&quot;&quot;,&quot;focal_length&quot;:&quot;0&quot;,&quot;iso&quot;:&quot;0&quot;,&quot;shutter_speed&quot;:&quot;0&quot;,&quot;title&quot;:&quot;&quot;,&quot;orientation&quot;:&quot;0&quot;}\" data-image-title=\"screenshot_jw_kommentare_v3\" data-image-description=\"\" data-image-caption=\"\" data-large-file=\"https:\/\/i0.wp.com\/www.freidenker.org\/fw17\/wp-content\/uploads\/2019\/07\/screenshot_jw_kommentare_v3.png?fit=800%2C583&amp;ssl=1\" class=\"alignnone wp-image-6605 size-large\" src=\"https:\/\/i0.wp.com\/www.freidenker.org\/fw17\/wp-content\/uploads\/2019\/07\/screenshot_jw_kommentare_v3.png?resize=800%2C583&#038;ssl=1\" alt=\"\" width=\"800\" height=\"583\" srcset=\"https:\/\/i0.wp.com\/www.freidenker.org\/fw17\/wp-content\/uploads\/2019\/07\/screenshot_jw_kommentare_v3.png?resize=1024%2C746&amp;ssl=1 1024w, https:\/\/i0.wp.com\/www.freidenker.org\/fw17\/wp-content\/uploads\/2019\/07\/screenshot_jw_kommentare_v3.png?resize=300%2C218&amp;ssl=1 300w, https:\/\/i0.wp.com\/www.freidenker.org\/fw17\/wp-content\/uploads\/2019\/07\/screenshot_jw_kommentare_v3.png?resize=768%2C559&amp;ssl=1 768w, https:\/\/i0.wp.com\/www.freidenker.org\/fw17\/wp-content\/uploads\/2019\/07\/screenshot_jw_kommentare_v3.png?w=1137&amp;ssl=1 1137w\" sizes=\"auto, (max-width: 800px) 100vw, 800px\" \/><\/p>\n<p>Wenn man unter Zensur nur die (sinnentstellende) Verk\u00fcrzung oder Verf\u00e4lschung des Inhalts versteht, hat tats\u00e4chlich keine Zensur stattgefunden \u2013 es war ja eine Komplettl\u00f6schung. Allerdings wird heute umgangssprachlich \u201eZensur\u201c auch f\u00fcr das komplette Ver\u00f6ffentlichungsverbot gebraucht, insofern passt es wieder.<\/p>\n<p>Nachdem ein anderer Kommentator \u201edie Argumente von Klaus Hartmann plausibel\u201c fand, wurde die Begr\u00fcndung ge\u00e4ndert: \u201eVerst\u00f6\u00dfe gegen die Netiquette\u201c k\u00f6nne man nicht dulden. Da keine Erl\u00e4uterung stattfand, war eine Nachfrage f\u00e4llig:<\/p>\n<p>&nbsp;<\/p>\n<div style=\"border: 1pt solid; padding: 20pt;\">\n<p><a href=\"https:\/\/www.jungewelt.de\/artikel\/357741.lpg-vollversammlung-kurs-halten.html?commentWritten=824#c824\">https:\/\/www.jungewelt.de\/artikel\/357741.lpg-vollversammlung-kurs-halten.html?commentWritten=824#c824<\/a><\/p>\n<p>Beitrag von <strong>Klaus H.<\/strong> aus O.\u00a0 ( 2. Juli 2019 um 00:36 Uhr)<\/p>\n<p>Liebe junge Welt-Redaktion,<\/p>\n<p>ich bitte Euch mir mitzuteilen, inwiefern, an welchen Stellen oder mit welchen Formulierungen mein Kommentar vom 01.07.2019 (10:08 Uhr), den Ihr gel\u00f6scht habt, gegen Eure Netiquette versto\u00dfen hat. Selbstverst\u00e4ndlich bin ich gerne bereit, Eure Vorgaben zu beachten, damit die geneigte Leserschaft meine Argumentation nicht entbehren muss.<\/p>\n<p>Klaus Hartmann, Offenbach am Main<\/p>\n<\/div>\n<p>&nbsp;<\/p>\n<p>Dank Nachtaktivit\u00e4t blieb dieser Kommentar \u00fcber acht Stunden online, dann verschwand auch er spurlos. Eine Antwort gab es auch nicht.<\/p>\n<p>Dass der jW-Bericht \u00fcber die Versammlung ihrer Genossenschaft nicht mal die halbe Wahrheit sein kann, ist auch an dem Satz nachzuweisen: \u201eIn der ausf\u00fchrlichen Diskussion pl\u00e4dierten die anwesenden Genossinnen und Genossen daf\u00fcr, sich durch solche Angriffe nicht vom Kurs abbringen zu lassen.\u201c<\/p>\n<p>Denn damit wird zumindest der Diskussionsbeitrag von Dr. Marianne Linke (Genossenschaftsmitglied, ehem. Sozialministerin in Mecklenburg-Vorpommern und Freidenker-Mitglied) unterschlagen:<\/p>\n<p><img data-recalc-dims=\"1\" loading=\"lazy\" decoding=\"async\" data-attachment-id=\"6609\" data-permalink=\"https:\/\/www.freidenker.org\/?attachment_id=6609\" data-orig-file=\"https:\/\/i0.wp.com\/www.freidenker.org\/fw17\/wp-content\/uploads\/2019\/07\/position_m-linke_01.png?fit=569%2C715&amp;ssl=1\" data-orig-size=\"569,715\" data-comments-opened=\"0\" data-image-meta=\"{&quot;aperture&quot;:&quot;0&quot;,&quot;credit&quot;:&quot;&quot;,&quot;camera&quot;:&quot;&quot;,&quot;caption&quot;:&quot;&quot;,&quot;created_timestamp&quot;:&quot;0&quot;,&quot;copyright&quot;:&quot;&quot;,&quot;focal_length&quot;:&quot;0&quot;,&quot;iso&quot;:&quot;0&quot;,&quot;shutter_speed&quot;:&quot;0&quot;,&quot;title&quot;:&quot;&quot;,&quot;orientation&quot;:&quot;0&quot;}\" data-image-title=\"position_m-linke_01\" data-image-description=\"\" data-image-caption=\"\" data-large-file=\"https:\/\/i0.wp.com\/www.freidenker.org\/fw17\/wp-content\/uploads\/2019\/07\/position_m-linke_01.png?fit=569%2C715&amp;ssl=1\" class=\"alignnone wp-image-6609 size-full\" src=\"https:\/\/i0.wp.com\/www.freidenker.org\/fw17\/wp-content\/uploads\/2019\/07\/position_m-linke_01.png?resize=569%2C715&#038;ssl=1\" alt=\"\" width=\"569\" height=\"715\" srcset=\"https:\/\/i0.wp.com\/www.freidenker.org\/fw17\/wp-content\/uploads\/2019\/07\/position_m-linke_01.png?w=569&amp;ssl=1 569w, https:\/\/i0.wp.com\/www.freidenker.org\/fw17\/wp-content\/uploads\/2019\/07\/position_m-linke_01.png?resize=239%2C300&amp;ssl=1 239w\" sizes=\"auto, (max-width: 569px) 100vw, 569px\" \/><\/p>\n<p><img data-recalc-dims=\"1\" loading=\"lazy\" decoding=\"async\" data-attachment-id=\"6610\" data-permalink=\"https:\/\/www.freidenker.org\/?attachment_id=6610\" data-orig-file=\"https:\/\/i0.wp.com\/www.freidenker.org\/fw17\/wp-content\/uploads\/2019\/07\/position_m-linke_02.png?fit=608%2C695&amp;ssl=1\" data-orig-size=\"608,695\" data-comments-opened=\"0\" data-image-meta=\"{&quot;aperture&quot;:&quot;0&quot;,&quot;credit&quot;:&quot;&quot;,&quot;camera&quot;:&quot;&quot;,&quot;caption&quot;:&quot;&quot;,&quot;created_timestamp&quot;:&quot;0&quot;,&quot;copyright&quot;:&quot;&quot;,&quot;focal_length&quot;:&quot;0&quot;,&quot;iso&quot;:&quot;0&quot;,&quot;shutter_speed&quot;:&quot;0&quot;,&quot;title&quot;:&quot;&quot;,&quot;orientation&quot;:&quot;0&quot;}\" data-image-title=\"position_m-linke_02\" data-image-description=\"\" data-image-caption=\"\" data-large-file=\"https:\/\/i0.wp.com\/www.freidenker.org\/fw17\/wp-content\/uploads\/2019\/07\/position_m-linke_02.png?fit=608%2C695&amp;ssl=1\" class=\"alignnone wp-image-6610 size-full\" src=\"https:\/\/i0.wp.com\/www.freidenker.org\/fw17\/wp-content\/uploads\/2019\/07\/position_m-linke_02.png?resize=608%2C695&#038;ssl=1\" alt=\"\" width=\"608\" height=\"695\" srcset=\"https:\/\/i0.wp.com\/www.freidenker.org\/fw17\/wp-content\/uploads\/2019\/07\/position_m-linke_02.png?w=608&amp;ssl=1 608w, https:\/\/i0.wp.com\/www.freidenker.org\/fw17\/wp-content\/uploads\/2019\/07\/position_m-linke_02.png?resize=262%2C300&amp;ssl=1 262w\" sizes=\"auto, (max-width: 608px) 100vw, 608px\" \/><\/p>\n<p><img data-recalc-dims=\"1\" loading=\"lazy\" decoding=\"async\" data-attachment-id=\"6611\" data-permalink=\"https:\/\/www.freidenker.org\/?attachment_id=6611\" data-orig-file=\"https:\/\/i0.wp.com\/www.freidenker.org\/fw17\/wp-content\/uploads\/2019\/07\/position_m-linke_03.png?fit=609%2C736&amp;ssl=1\" data-orig-size=\"609,736\" data-comments-opened=\"0\" data-image-meta=\"{&quot;aperture&quot;:&quot;0&quot;,&quot;credit&quot;:&quot;&quot;,&quot;camera&quot;:&quot;&quot;,&quot;caption&quot;:&quot;&quot;,&quot;created_timestamp&quot;:&quot;0&quot;,&quot;copyright&quot;:&quot;&quot;,&quot;focal_length&quot;:&quot;0&quot;,&quot;iso&quot;:&quot;0&quot;,&quot;shutter_speed&quot;:&quot;0&quot;,&quot;title&quot;:&quot;&quot;,&quot;orientation&quot;:&quot;0&quot;}\" data-image-title=\"position_m-linke_03\" data-image-description=\"\" data-image-caption=\"\" data-large-file=\"https:\/\/i0.wp.com\/www.freidenker.org\/fw17\/wp-content\/uploads\/2019\/07\/position_m-linke_03.png?fit=609%2C736&amp;ssl=1\" class=\"alignnone wp-image-6611 size-full\" src=\"https:\/\/i0.wp.com\/www.freidenker.org\/fw17\/wp-content\/uploads\/2019\/07\/position_m-linke_03.png?resize=609%2C736&#038;ssl=1\" alt=\"\" width=\"609\" height=\"736\" srcset=\"https:\/\/i0.wp.com\/www.freidenker.org\/fw17\/wp-content\/uploads\/2019\/07\/position_m-linke_03.png?w=609&amp;ssl=1 609w, https:\/\/i0.wp.com\/www.freidenker.org\/fw17\/wp-content\/uploads\/2019\/07\/position_m-linke_03.png?resize=248%2C300&amp;ssl=1 248w\" sizes=\"auto, (max-width: 609px) 100vw, 609px\" \/><\/p>\n<p><img data-recalc-dims=\"1\" loading=\"lazy\" decoding=\"async\" data-attachment-id=\"6608\" data-permalink=\"https:\/\/www.freidenker.org\/?attachment_id=6608\" data-orig-file=\"https:\/\/i0.wp.com\/www.freidenker.org\/fw17\/wp-content\/uploads\/2019\/07\/position_m-linke_04.png?fit=578%2C588&amp;ssl=1\" data-orig-size=\"578,588\" data-comments-opened=\"0\" data-image-meta=\"{&quot;aperture&quot;:&quot;0&quot;,&quot;credit&quot;:&quot;&quot;,&quot;camera&quot;:&quot;&quot;,&quot;caption&quot;:&quot;&quot;,&quot;created_timestamp&quot;:&quot;0&quot;,&quot;copyright&quot;:&quot;&quot;,&quot;focal_length&quot;:&quot;0&quot;,&quot;iso&quot;:&quot;0&quot;,&quot;shutter_speed&quot;:&quot;0&quot;,&quot;title&quot;:&quot;&quot;,&quot;orientation&quot;:&quot;0&quot;}\" data-image-title=\"position_m-linke_04\" data-image-description=\"\" data-image-caption=\"\" data-large-file=\"https:\/\/i0.wp.com\/www.freidenker.org\/fw17\/wp-content\/uploads\/2019\/07\/position_m-linke_04.png?fit=578%2C588&amp;ssl=1\" class=\"alignnone wp-image-6608 size-full\" src=\"https:\/\/i0.wp.com\/www.freidenker.org\/fw17\/wp-content\/uploads\/2019\/07\/position_m-linke_04.png?resize=578%2C588&#038;ssl=1\" alt=\"\" width=\"578\" height=\"588\" srcset=\"https:\/\/i0.wp.com\/www.freidenker.org\/fw17\/wp-content\/uploads\/2019\/07\/position_m-linke_04.png?w=578&amp;ssl=1 578w, https:\/\/i0.wp.com\/www.freidenker.org\/fw17\/wp-content\/uploads\/2019\/07\/position_m-linke_04.png?resize=295%2C300&amp;ssl=1 295w\" sizes=\"auto, (max-width: 578px) 100vw, 578px\" \/><\/p>\n<p>Klaus Hartmann zu der hier beleuchteten Kontroverse: \u201eWer linke Gegenargumente aus der Diskussion ausgrenzen will, wer argumentativ begr\u00fcndete Kritik als Angriff empfindet, scheint in einem Paralleluniversum zu leben. Ein \u201elinkes Ver\u00f6ffentlichungsmonopol\u201c ist eine Schim\u00e4re und scheitert sp\u00e4testens an der Existenz des Internets. Nach aller Erfahrung gibt es niemand, der immer und von vornherein in allen Fragen Recht hat, weder Kritisierte noch Kritiker. Wir brauchen offene, schonungslose, linke Diskussionen, argumentativen und kulturvollen Meinungsstreit. Dieses Verlangen dr\u00fcckt nicht Feindseligkeit gegen\u00fcber der jungen Welt aus, sondern das Bem\u00fchen, dass die Zeitung ihre Funktion als Plattform, Spiegel und Motor f\u00fcr alle Linken (wieder) erh\u00e4lt.\u201c<\/p>\n<p>&nbsp;<\/p>\n<hr \/>\n<h5>Download<\/h5>\n<p>Der Artikel kann auch als PDF-Dokument angesehen und heruntergeladen werden:<\/p>\n<p><img data-recalc-dims=\"1\" loading=\"lazy\" decoding=\"async\" data-attachment-id=\"1076\" data-permalink=\"https:\/\/www.freidenker.org\/?attachment_id=1076\" data-orig-file=\"https:\/\/i0.wp.com\/www.freidenker.org\/fw17\/wp-content\/uploads\/2017\/10\/pdf_icon-2.png?fit=32%2C32&amp;ssl=1\" data-orig-size=\"32,32\" data-comments-opened=\"0\" data-image-meta=\"{&quot;aperture&quot;:&quot;0&quot;,&quot;credit&quot;:&quot;&quot;,&quot;camera&quot;:&quot;&quot;,&quot;caption&quot;:&quot;&quot;,&quot;created_timestamp&quot;:&quot;0&quot;,&quot;copyright&quot;:&quot;&quot;,&quot;focal_length&quot;:&quot;0&quot;,&quot;iso&quot;:&quot;0&quot;,&quot;shutter_speed&quot;:&quot;0&quot;,&quot;title&quot;:&quot;&quot;,&quot;orientation&quot;:&quot;0&quot;}\" data-image-title=\"pdf_icon\" data-image-description=\"\" data-image-caption=\"\" data-large-file=\"https:\/\/i0.wp.com\/www.freidenker.org\/fw17\/wp-content\/uploads\/2017\/10\/pdf_icon-2.png?fit=32%2C32&amp;ssl=1\" class=\"alignnone size-full wp-image-1076\" src=\"https:\/\/i0.wp.com\/www.freidenker.org\/fw17\/wp-content\/uploads\/2017\/10\/pdf_icon-2.png?resize=32%2C32&#038;ssl=1\" alt=\"\" width=\"32\" height=\"32\" \/> <a href=\"https:\/\/www.freidenker.org\/fw17\/wp-content\/uploads\/2019\/07\/jW-FD-online-1907.pdf\" target=\"_blank\" rel=\"noopener noreferrer\">\u201eNationale Frage\u201c, \u201enationale Positionen\u201c?<\/a> (ca. 782 kb)<\/p>\n<hr \/>\n<p><span style=\"font-size: 10pt;\">Beitragsbild oben: rlx, unter Verwendung eines Bildes von <a href=\"https:\/\/pixabay.com\/de\/illustrations\/nachrichten-falsch-konzept-2097363\/\" target=\"_blank\" rel=\"noopener noreferrer\">pixabay.com<\/a> \/ User: <a href=\"https:\/\/pixabay.com\/de\/users\/geralt-9301\/\" target=\"_blank\" rel=\"noopener noreferrer\">Geralt<\/a> \/ Lizenz: <a href=\"https:\/\/pixabay.com\/de\/service\/license\/\">Pixabay License<\/a><\/span><\/p>\n","protected":false},"excerpt":{"rendered":"<p>Am 7. und 13. Juni sowie am 1. Juli 2019 erschienen Beitr\u00e4ge in der Tageszeitung \u201ejunge Welt&#8220; mit Erw\u00e4hnungen des Deutschen Freidenker-Verbandes und des Vorsitzenden Klaus Hartmann. W\u00e4hrend im ersten Beitrag u.a. behauptet wurde, \u201eHartmann (&#8230;) beschimpft uns als \u00bbDreckschleuder\u00ab\u201c, wurde im folgenden Beitrag bekannt, diesen \u201eVorwurf halten wir nicht aufrecht\u201c, stattdessen wurden neue Falschmeldungen nachgeschoben. &#8230;<br \/>\nWas ist der Anlass und der Hintergrund? Unter dem Aufmacher \u201eLeak des Tages\u201c wurde \u00fcber einen Text berichtet (nicht \u00fcber seinen Inhalt), der zwischen einigen jW-Lesern, Mitgliedern der Genossenschaft und ehemaligen Autoren der Tageszeitung per E-Mail ausgetauscht wurde, und der einen Appell an die junge Welt zum Ziel hatte: \u201eWir wollen Transparenz!\u201c<\/p>\n","protected":false},"author":3,"featured_media":6618,"comment_status":"closed","ping_status":"closed","sticky":false,"template":"","format":"standard","meta":{"colormag_page_container_layout":"default_layout","colormag_page_sidebar_layout":"default_layout","advanced_seo_description":"","jetpack_seo_html_title":"","jetpack_seo_noindex":false,"jetpack_post_was_ever_published":false,"footnotes":""},"categories":[937],"tags":[41,61,1034,643,1130],"class_list":["post-6600","post","type-post","status-publish","format-standard","has-post-thumbnail","hentry","category-zeit-der-verleumder-freidenker-fuer-klartext","tag-junge-welt","tag-klaus-hartmann","tag-marxismus","tag-nationale-frage","tag-verleumdung"],"jetpack_featured_media_url":"https:\/\/i0.wp.com\/www.freidenker.org\/fw17\/wp-content\/uploads\/2019\/07\/klartext_news-2097363_800x445_v3.jpg?fit=800%2C445&ssl=1","jetpack_shortlink":"https:\/\/wp.me\/p9stpK-1Is","jetpack-related-posts":[{"id":7159,"url":"https:\/\/www.freidenker.org\/?p=7159","url_meta":{"origin":6600,"position":0},"title":"Quo vadis junge Welt?","author":"Webredaktion","date":"6. November 2019","format":false,"excerpt":"Video-Interview mit Klaus Hartmann Ein Aufruferkreis von \u00fcber sechzig Unterzeichner*innen forderte im Juli 2019 die linke Tageszeitung junge Welt auf, einige kritische Fragen zu beantworten. ... Was zun\u00e4chst als interne Kritik gedacht war, wurde schnell \u00f6ffentlich. ... Mittlerweile werden der Aufruf und die Reaktion der jW haupts\u00e4chlich in linken Kreisen\u2026","rel":"","context":"In &quot;Demokratie \u2013 Medien \u2013 Aufkl\u00e4rung&quot;","block_context":{"text":"Demokratie \u2013 Medien \u2013 Aufkl\u00e4rung","link":"https:\/\/www.freidenker.org\/?cat=12"},"img":{"alt_text":"","src":"https:\/\/i0.wp.com\/www.freidenker.org\/fw17\/wp-content\/uploads\/2019\/11\/klaus_hartmann_weltnetz_800x445.jpg?fit=800%2C445&ssl=1&resize=350%2C200","width":350,"height":200,"srcset":"https:\/\/i0.wp.com\/www.freidenker.org\/fw17\/wp-content\/uploads\/2019\/11\/klaus_hartmann_weltnetz_800x445.jpg?fit=800%2C445&ssl=1&resize=350%2C200 1x, https:\/\/i0.wp.com\/www.freidenker.org\/fw17\/wp-content\/uploads\/2019\/11\/klaus_hartmann_weltnetz_800x445.jpg?fit=800%2C445&ssl=1&resize=525%2C300 1.5x, https:\/\/i0.wp.com\/www.freidenker.org\/fw17\/wp-content\/uploads\/2019\/11\/klaus_hartmann_weltnetz_800x445.jpg?fit=800%2C445&ssl=1&resize=700%2C400 2x"},"classes":[]},{"id":6894,"url":"https:\/\/www.freidenker.org\/?p=6894","url_meta":{"origin":6600,"position":1},"title":"Freidenker-Brief EXTRA August 2019: Kurs diktieren oder diskutieren?","author":"Webredaktion","date":"31. August 2019","format":false,"excerpt":"Auf die Ver\u00f6ffentlichungen der jungen Welt am 10. August 2019 zu dem Appell \u201eWir wollen Transparenz, junge Welt!\u201c erscheint hier die Antwort der Attackierten Dr. Diether Dehm und Klaus Hartmann. Das hat zwei Gr\u00fcnde: Der erste Grund h\u00e4ngt mit dem Konflikt unmittelbar zusammen, bildet dessen Kern: dass n\u00e4mlich seitens der\u2026","rel":"","context":"In &quot;Demokratie \u2013 Medien \u2013 Aufkl\u00e4rung&quot;","block_context":{"text":"Demokratie \u2013 Medien \u2013 Aufkl\u00e4rung","link":"https:\/\/www.freidenker.org\/?cat=12"},"img":{"alt_text":"","src":"https:\/\/i0.wp.com\/www.freidenker.org\/fw17\/wp-content\/uploads\/2019\/08\/fd-brief-2019-august-coll.jpg?fit=800%2C445&ssl=1&resize=350%2C200","width":350,"height":200,"srcset":"https:\/\/i0.wp.com\/www.freidenker.org\/fw17\/wp-content\/uploads\/2019\/08\/fd-brief-2019-august-coll.jpg?fit=800%2C445&ssl=1&resize=350%2C200 1x, https:\/\/i0.wp.com\/www.freidenker.org\/fw17\/wp-content\/uploads\/2019\/08\/fd-brief-2019-august-coll.jpg?fit=800%2C445&ssl=1&resize=525%2C300 1.5x, https:\/\/i0.wp.com\/www.freidenker.org\/fw17\/wp-content\/uploads\/2019\/08\/fd-brief-2019-august-coll.jpg?fit=800%2C445&ssl=1&resize=700%2C400 2x"},"classes":[]},{"id":3035,"url":"https:\/\/www.freidenker.org\/?p=3035","url_meta":{"origin":6600,"position":2},"title":"Gehackte Facebook-Seite und Anti-Freidenker-Kampagne","author":"Webredaktion","date":"4. Januar 2015","format":false,"excerpt":"Die Facebookseite des Verbandsvorsitzenden Klaus Hartmann wurde zum wiederholten Male gehackt. Es wurde wieder ein kompromittierendes Bild auf die Seite gebracht, diesmal eine nackte Kanzlerin Merkel als \"Prostituierte j\u00fcdischer Bankerfamilien\". Nachdem in der Vergangenheit schon wiederholt Werbung f\u00fcr Faschisten, Hakenkreuzfahnen und sonstiger Nazim\u00fcll gel\u00f6scht werden mussten, technische Vorkehrungen hiergegen aber\u2026","rel":"","context":"In &quot;Demokratie \u2013 Medien \u2013 Aufkl\u00e4rung&quot;","block_context":{"text":"Demokratie \u2013 Medien \u2013 Aufkl\u00e4rung","link":"https:\/\/www.freidenker.org\/?cat=12"},"img":{"alt_text":"","src":"https:\/\/i0.wp.com\/www.freidenker.org\/fw17\/wp-content\/uploads\/2015\/01\/binary-2170630_800x445.jpg?fit=800%2C445&ssl=1&resize=350%2C200","width":350,"height":200,"srcset":"https:\/\/i0.wp.com\/www.freidenker.org\/fw17\/wp-content\/uploads\/2015\/01\/binary-2170630_800x445.jpg?fit=800%2C445&ssl=1&resize=350%2C200 1x, https:\/\/i0.wp.com\/www.freidenker.org\/fw17\/wp-content\/uploads\/2015\/01\/binary-2170630_800x445.jpg?fit=800%2C445&ssl=1&resize=525%2C300 1.5x, https:\/\/i0.wp.com\/www.freidenker.org\/fw17\/wp-content\/uploads\/2015\/01\/binary-2170630_800x445.jpg?fit=800%2C445&ssl=1&resize=700%2C400 2x"},"classes":[]},{"id":7536,"url":"https:\/\/www.freidenker.org\/?p=7536","url_meta":{"origin":6600,"position":3},"title":"Wieder Falschmeldung in der jungen Welt","author":"Webredaktion","date":"7. Februar 2020","format":false,"excerpt":"Beitrag von Klaus Hartmann Wer nach dieser \u00dcberschrift bereits keine Lust zum Weiterlesen hat, kann auf unser Verst\u00e4ndnis rechnen. Zahlreiche kritische Stimmen stellen die \u201eSinnfrage\u201c: was soll das bringen, der bekannte \u201einnerlinke Streit\u201c, das nutzt doch keinem, das schadet allen Beteiligten. \u201eIm Prinzip ja\u201c w\u00fcrden wir jetzt mit dem bekannten\u2026","rel":"","context":"In &quot;Zeit der Verleumder - Freidenker f\u00fcr Klartext&quot;","block_context":{"text":"Zeit der Verleumder - Freidenker f\u00fcr Klartext","link":"https:\/\/www.freidenker.org\/?cat=937"},"img":{"alt_text":"","src":"https:\/\/i0.wp.com\/www.freidenker.org\/fw17\/wp-content\/uploads\/2020\/02\/klartext_jw_2020_800x445.jpg?fit=800%2C445&ssl=1&resize=350%2C200","width":350,"height":200,"srcset":"https:\/\/i0.wp.com\/www.freidenker.org\/fw17\/wp-content\/uploads\/2020\/02\/klartext_jw_2020_800x445.jpg?fit=800%2C445&ssl=1&resize=350%2C200 1x, https:\/\/i0.wp.com\/www.freidenker.org\/fw17\/wp-content\/uploads\/2020\/02\/klartext_jw_2020_800x445.jpg?fit=800%2C445&ssl=1&resize=525%2C300 1.5x, https:\/\/i0.wp.com\/www.freidenker.org\/fw17\/wp-content\/uploads\/2020\/02\/klartext_jw_2020_800x445.jpg?fit=800%2C445&ssl=1&resize=700%2C400 2x"},"classes":[]},{"id":3239,"url":"https:\/\/www.freidenker.org\/?p=3239","url_meta":{"origin":6600,"position":4},"title":"Aufkl\u00e4rung gegen Krise und Volksverdummung","author":"Webredaktion","date":"26. Mai 2009","format":false,"excerpt":"Presseberichte von jW und RedGlobe zum Verbandstag des Deutschen Freidenker-Verbandes am 22.\/23. Mai 2009 Am Wochenende trafen sich die Delegierten der Landesverb\u00e4nde des Deutschen Freidenker-Verbandes zu ihrem alle drei Jahre stattfindenden Verbandstag in Berlin. Die Versammlung bekr\u00e4ftigte, da\u00df die Freidenker in der Aufkl\u00e4rung die Hauptaufgabe ihrer weltanschaulichen T\u00e4tigkeit sehen. Allerdings\u2026","rel":"","context":"In &quot;Zentrale Veranstaltungen&quot;","block_context":{"text":"Zentrale Veranstaltungen","link":"https:\/\/www.freidenker.org\/?cat=20"},"img":{"alt_text":"","src":"https:\/\/i0.wp.com\/www.freidenker.org\/fw17\/wp-content\/uploads\/2009\/05\/vt_2009_vorstand.jpg?fit=800%2C445&ssl=1&resize=350%2C200","width":350,"height":200,"srcset":"https:\/\/i0.wp.com\/www.freidenker.org\/fw17\/wp-content\/uploads\/2009\/05\/vt_2009_vorstand.jpg?fit=800%2C445&ssl=1&resize=350%2C200 1x, https:\/\/i0.wp.com\/www.freidenker.org\/fw17\/wp-content\/uploads\/2009\/05\/vt_2009_vorstand.jpg?fit=800%2C445&ssl=1&resize=525%2C300 1.5x, https:\/\/i0.wp.com\/www.freidenker.org\/fw17\/wp-content\/uploads\/2009\/05\/vt_2009_vorstand.jpg?fit=800%2C445&ssl=1&resize=700%2C400 2x"},"classes":[]},{"id":24328,"url":"https:\/\/www.freidenker.org\/?p=24328","url_meta":{"origin":6600,"position":5},"title":"Imperium statt Demokratie? Klaus Hartmann \u00fcber die Kehrtwende der USA","author":"Webredaktion","date":"30. Januar 2026","format":false,"excerpt":"\u00dcberfall auf Venezuela Interview mit Klaus Hartmann Der venezolanische Pr\u00e4sident Nicol\u00e1s Maduro wurde nach Ansicht vieler Beobachter v\u00f6lkerrechtswidrig von den USA entf\u00fchrt. W\u00e4hrend gro\u00dfe Teile des Mainstreams \u2013 und auch alternative, libert\u00e4re Medien \u2013 diesen Schritt begr\u00fc\u00dfen, wirft dieses Gespr\u00e4ch einen grundlegend anderen Blick auf die Ereignisse. Im Interview analysiert\u2026","rel":"","context":"In &quot;Demokratie \u2013 Medien \u2013 Aufkl\u00e4rung&quot;","block_context":{"text":"Demokratie \u2013 Medien \u2013 Aufkl\u00e4rung","link":"https:\/\/www.freidenker.org\/?cat=12"},"img":{"alt_text":"","src":"https:\/\/i0.wp.com\/www.freidenker.org\/fw17\/wp-content\/uploads\/2026\/01\/Hartmann_bei_Nuoflix_2_800x450.jpg?fit=800%2C450&ssl=1&resize=350%2C200","width":350,"height":200,"srcset":"https:\/\/i0.wp.com\/www.freidenker.org\/fw17\/wp-content\/uploads\/2026\/01\/Hartmann_bei_Nuoflix_2_800x450.jpg?fit=800%2C450&ssl=1&resize=350%2C200 1x, https:\/\/i0.wp.com\/www.freidenker.org\/fw17\/wp-content\/uploads\/2026\/01\/Hartmann_bei_Nuoflix_2_800x450.jpg?fit=800%2C450&ssl=1&resize=525%2C300 1.5x, https:\/\/i0.wp.com\/www.freidenker.org\/fw17\/wp-content\/uploads\/2026\/01\/Hartmann_bei_Nuoflix_2_800x450.jpg?fit=800%2C450&ssl=1&resize=700%2C400 2x"},"classes":[]}],"_links":{"self":[{"href":"https:\/\/www.freidenker.org\/index.php?rest_route=\/wp\/v2\/posts\/6600","targetHints":{"allow":["GET"]}}],"collection":[{"href":"https:\/\/www.freidenker.org\/index.php?rest_route=\/wp\/v2\/posts"}],"about":[{"href":"https:\/\/www.freidenker.org\/index.php?rest_route=\/wp\/v2\/types\/post"}],"author":[{"embeddable":true,"href":"https:\/\/www.freidenker.org\/index.php?rest_route=\/wp\/v2\/users\/3"}],"replies":[{"embeddable":true,"href":"https:\/\/www.freidenker.org\/index.php?rest_route=%2Fwp%2Fv2%2Fcomments&post=6600"}],"version-history":[{"count":0,"href":"https:\/\/www.freidenker.org\/index.php?rest_route=\/wp\/v2\/posts\/6600\/revisions"}],"wp:featuredmedia":[{"embeddable":true,"href":"https:\/\/www.freidenker.org\/index.php?rest_route=\/wp\/v2\/media\/6618"}],"wp:attachment":[{"href":"https:\/\/www.freidenker.org\/index.php?rest_route=%2Fwp%2Fv2%2Fmedia&parent=6600"}],"wp:term":[{"taxonomy":"category","embeddable":true,"href":"https:\/\/www.freidenker.org\/index.php?rest_route=%2Fwp%2Fv2%2Fcategories&post=6600"},{"taxonomy":"post_tag","embeddable":true,"href":"https:\/\/www.freidenker.org\/index.php?rest_route=%2Fwp%2Fv2%2Ftags&post=6600"}],"curies":[{"name":"wp","href":"https:\/\/api.w.org\/{rel}","templated":true}]}}