{"id":6596,"date":"2019-07-06T02:46:08","date_gmt":"2019-07-06T00:46:08","guid":{"rendered":"https:\/\/www.freidenker.org\/?p=6596"},"modified":"2023-03-19T18:10:57","modified_gmt":"2023-03-19T17:10:57","slug":"videos-linker-liedersommer-2019","status":"publish","type":"post","link":"https:\/\/www.freidenker.org\/?p=6596","title":{"rendered":"Videos: Linker Liedersommer 2019"},"content":{"rendered":"<p>Vom 21. bis 23. Juni 2019 fand im Naturfreundehaus Rahnenhof bei Hertlingshausen in der Pfalz das 8. Kulturseminar (&#8222;Linker Liedersommer&#8220;) des Deutschen Freidenker-Verbandes statt.<\/p>\n<div>Veranstalter waren die Landesverb\u00e4nde <a href=\"http:\/\/www.rheinland-pfalz-saarland.freidenker.org\/\">RLP\/Saar &amp; Hessen<\/a>, <a href=\"http:\/\/www.niedersachsen.freidenker.org\/\">Niedersachsen,<\/a> <a href=\"http:\/\/www.nordrhein-westfalen.freidenker.org\/\">Nordrhein-Westfalen<\/a> und <a href=\"http:\/\/www.baden-wuerttemberg.freidenker.org\/\">Baden-W\u00fcrttember<\/a>g des Deutschen Freidenker-Verbandes in Zusammenarbeit mit der <a href=\"http:\/\/www.jenny-marx-gesellschaft.de\" target=\"_blank\" rel=\"noopener noreferrer\">Jenny Marx Gesellschaft f\u00fcr politische Bildung e.V.<\/a>, dem Verband <a href=\"http:\/\/www.arbeiterfotografie.com\" target=\"_blank\" rel=\"noopener noreferrer\">Arbeiterfotografie e.V.<\/a> und der <a href=\"http:\/\/www.nrhz.de\" target=\"_blank\" rel=\"noopener noreferrer\">Neuen Rheinischen Zeitung<\/a>.<\/div>\n<div><\/div>\n<div>Die folgenden Videos der YouTube-Kan\u00e4le von <a href=\"https:\/\/www.youtube.com\/channel\/UCQq6m3o-cCJod4BeTWMMSbw\/videos?view_as=public\" target=\"_blank\" rel=\"noopener noreferrer\">Newscan<\/a> und der <a href=\"https:\/\/www.youtube.com\/user\/arbeiterfotografie\/videos\" target=\"_blank\" rel=\"noopener noreferrer\">Arbeiterfotografie<\/a> vermitteln einige Eindr\u00fccke von dieser Veranstaltung.<\/div>\n<p>&nbsp;<\/p>\n<hr \/>\n<h5 class=\"title style-scope ytd-video-primary-info-renderer\">Liederabend am Lagerfeuer am Freitag<\/h5>\n<div class=\"jetpack-video-wrapper\"><span class=\"embed-youtube\" style=\"text-align:center; display: block;\"><iframe loading=\"lazy\" class=\"youtube-player\" width=\"800\" height=\"450\" src=\"https:\/\/www.youtube.com\/embed\/LSvtrf9_3rA?version=3&#038;rel=1&#038;showsearch=0&#038;showinfo=1&#038;iv_load_policy=1&#038;fs=1&#038;hl=de-DE&#038;autohide=2&#038;wmode=transparent\" allowfullscreen=\"true\" style=\"border:0;\" sandbox=\"allow-scripts allow-same-origin allow-popups allow-presentation allow-popups-to-escape-sandbox\"><\/iframe><\/span><\/div>\n<p>In diesem Video zu sehen:<\/p>\n<ul>\n<li>Interview mit Klaus Hartmann, Vorsitzender des Deutschen Freidenker-Verbandes<\/li>\n<li>Auftritte u.a. von Sonja Gottlieb, Ernst &#8222;Ernesto&#8220; Schwarz, Philipp Hoffmann<\/li>\n<\/ul>\n<p>Direktlink zum Video von Newscan auf YouTube: <a href=\"https:\/\/www.youtube.com\/watch?v=LSvtrf9_3rA\" target=\"_blank\" rel=\"noopener noreferrer\">https:\/\/www.youtube.com\/watch?v=LSvtrf9_3rA<\/a><\/p>\n<hr \/>\n<h5 class=\"title style-scope ytd-video-primary-info-renderer\">Programm von Diether Dehm &amp; Michael Letzsch: Lieder zu aktuellen Debatten<\/h5>\n<div class=\"jetpack-video-wrapper\"><span class=\"embed-youtube\" style=\"text-align:center; display: block;\"><iframe loading=\"lazy\" class=\"youtube-player\" width=\"800\" height=\"450\" src=\"https:\/\/www.youtube.com\/embed\/1taB8v-6xw0?version=3&#038;rel=1&#038;showsearch=0&#038;showinfo=1&#038;iv_load_policy=1&#038;fs=1&#038;hl=de-DE&#038;autohide=2&#038;wmode=transparent\" allowfullscreen=\"true\" style=\"border:0;\" sandbox=\"allow-scripts allow-same-origin allow-popups allow-presentation allow-popups-to-escape-sandbox\"><\/iframe><\/span><\/div>\n<p>Direktlink zum Video von Newscan auf YouTube: <a href=\"https:\/\/www.youtube.com\/watch?v=1taB8v-6xw0\" target=\"_blank\" rel=\"noopener noreferrer\">https:\/\/www.youtube.com\/watch?v=1taB8v-6xw0<\/a><\/p>\n<hr \/>\n<h5>Programm von Hartmut K\u00f6nig: Sag mir, wo Du stehst \u2013 Politische Lieder in und nach der DDR<\/h5>\n<div class=\"jetpack-video-wrapper\"><span class=\"embed-youtube\" style=\"text-align:center; display: block;\"><iframe loading=\"lazy\" class=\"youtube-player\" width=\"800\" height=\"450\" src=\"https:\/\/www.youtube.com\/embed\/f7hcU8eIens?version=3&#038;rel=1&#038;showsearch=0&#038;showinfo=1&#038;iv_load_policy=1&#038;fs=1&#038;hl=de-DE&#038;autohide=2&#038;wmode=transparent\" allowfullscreen=\"true\" style=\"border:0;\" sandbox=\"allow-scripts allow-same-origin allow-popups allow-presentation allow-popups-to-escape-sandbox\"><\/iframe><\/span><\/div>\n<p>Direktlink zum Video von Newscan auf YouTube: <a href=\"https:\/\/www.youtube.com\/watch?v=f7hcU8eIens\" target=\"_blank\" rel=\"noopener noreferrer\">https:\/\/www.youtube.com\/watch?v=f7hcU8eIens<\/a><\/p>\n<hr \/>\n<h5>Programm von Guy Dawson: Die Macht der irischen Musik im Kampf gegen die englische Herrschaft<\/h5>\n<div class=\"jetpack-video-wrapper\"><span class=\"embed-youtube\" style=\"text-align:center; display: block;\"><iframe loading=\"lazy\" class=\"youtube-player\" width=\"800\" height=\"450\" src=\"https:\/\/www.youtube.com\/embed\/WhG1023lrzs?version=3&#038;rel=1&#038;showsearch=0&#038;showinfo=1&#038;iv_load_policy=1&#038;fs=1&#038;hl=de-DE&#038;autohide=2&#038;wmode=transparent\" allowfullscreen=\"true\" style=\"border:0;\" sandbox=\"allow-scripts allow-same-origin allow-popups allow-presentation allow-popups-to-escape-sandbox\"><\/iframe><\/span><\/div>\n<p>Direktlink zum Video von Newscan auf YouTube: <a href=\"https:\/\/www.youtube.com\/watch?v=WhG1023lrzs\" target=\"_blank\" rel=\"noopener noreferrer\">https:\/\/www.youtube.com\/watch?v=WhG1023lrzs<\/a><\/p>\n<p><strong>Einen <a href=\"http:\/\/www.nrhz.de\/flyer\/beitrag.php?id=26025\" target=\"_blank\" rel=\"noopener noreferrer\">Bericht \u00fcber den Workshop mit Guy Dawson<\/a> hat die Neue Rheinische Zeitung ver\u00f6ffentlicht.<\/strong><\/p>\n<p>&nbsp;<\/p>\n<hr \/>\n<h5 class=\"title style-scope ytd-video-primary-info-renderer\">Ausschnitte vom der Abendveranstaltung am Samstag<\/h5>\n<div class=\"jetpack-video-wrapper\"><span class=\"embed-youtube\" style=\"text-align:center; display: block;\"><iframe loading=\"lazy\" class=\"youtube-player\" width=\"800\" height=\"450\" src=\"https:\/\/www.youtube.com\/embed\/MiEwD-IRa9A?version=3&#038;rel=1&#038;showsearch=0&#038;showinfo=1&#038;iv_load_policy=1&#038;fs=1&#038;hl=de-DE&#038;autohide=2&#038;wmode=transparent\" allowfullscreen=\"true\" style=\"border:0;\" sandbox=\"allow-scripts allow-same-origin allow-popups allow-presentation allow-popups-to-escape-sandbox\"><\/iframe><\/span><\/div>\n<p>Die Musikanten in der Reihenfolge ihres Auftretens:<\/p>\n<ul>\n<li>Daniel Osorio<\/li>\n<li>Eva Heinzmann (Harfe)<\/li>\n<li>Sonja Gottlieb<\/li>\n<li>Reinhard Frankl<\/li>\n<li>Guy Dawson<\/li>\n<li>Helmut (Akkordeon)<\/li>\n<li>Ernst &#8222;Ernesto&#8220; Schwarz<\/li>\n<li>Philipp Hoffmann (Akkordeon)<\/li>\n<li>Bernd K\u00f6hler<\/li>\n<li>Hartmut K\u00f6nig<\/li>\n<\/ul>\n<p>Direktlink zum Video von Newscan auf YouTube: <a href=\"https:\/\/www.youtube.com\/watch?v=MiEwD-IRa9A\" target=\"_blank\" rel=\"noopener noreferrer\">https:\/\/www.youtube.com\/watch?v=MiEwD-IRa9A<\/a><\/p>\n<hr \/>\n<h5>Poesie des Widerstands &#8211; Eva und Markus Heizmann zu Gedichten von Mahmoud Darwish<\/h5>\n<div class=\"jetpack-video-wrapper\"><span class=\"embed-youtube\" style=\"text-align:center; display: block;\"><iframe loading=\"lazy\" class=\"youtube-player\" width=\"800\" height=\"450\" src=\"https:\/\/www.youtube.com\/embed\/nSYYkLSqxg0?version=3&#038;rel=1&#038;showsearch=0&#038;showinfo=1&#038;iv_load_policy=1&#038;fs=1&#038;hl=de-DE&#038;autohide=2&#038;wmode=transparent\" allowfullscreen=\"true\" style=\"border:0;\" sandbox=\"allow-scripts allow-same-origin allow-popups allow-presentation allow-popups-to-escape-sandbox\"><\/iframe><\/span><\/div>\n<p>Direktlink zum Video von Arbeiterfotografie auf Youtube: <a href=\"https:\/\/www.youtube.com\/watch?v=nSYYkLSqxg0\" target=\"_blank\" rel=\"noopener noreferrer\">https:\/\/www.youtube.com\/watch?v=nSYYkLSqxg0<\/a><\/p>\n<p>Der Vortrag von Markus (Stimme) und Eva (Harfe) Heizmann war der Beginn der Sonntagsmatinee. Die Lesung aus der von Markus Heizmann und Farid Darrage herausgegebenen &#8222;Poesie des Widerstands. Die Geschichte Pal\u00e4stinas, gesehen durch die Augen von Ghassan Kanafani und Mahmoud Darwish&#8220; gibt einen Einblick in das Leben in Pal\u00e4stina unter israelischer Besatzung. Wie hier erbarmungslose T\u00e4ter zu Opfern umgedeutet und in der westlichen Welt rezipiert werden konterkariert der Dichter mit widerst\u00e4ndigen Worten. Die brutalste Hardpower der Tyrannen erschaudert vor den Liedern der Dichter \u2013 vom Chile Victor Jara&#8217;s, \u00fcber das Great Britain John Lennon&#8217;s bis zum Pal\u00e4stina Mahmoud Darwish&#8217;s.<\/p>\n<p><em>Buch im TUP-Verlag, Hamburg<br \/>\n<a href=\"https:\/\/www.tup-verlag.com\/products\/poesie-des-widerstandes?taxon_id=21\">https:\/\/www.tup-verlag.com\/products\/poesie-des-widerstandes?taxon_id=21<\/a><\/em><\/p>\n<p><span style=\"font-size: 10pt;\">(Text zu diesem Video: Erstver\u00f6ffentlichung am 13.08.2019 auf <a href=\"http:\/\/www.nrhz.de\/flyer\/beitrag.php?id=26130\" target=\"_blank\" rel=\"noopener noreferrer\">nrhz.de<\/a>)<\/span><\/p>\n<hr \/>\n<p><span style=\"font-size: 10pt;\">Beitragsbild oben:\u00a0 Screenshot aus den Videos von Newscan<\/span><\/p>\n<p>&nbsp;<\/p>\n","protected":false},"excerpt":{"rendered":"<p>Vom 21. bis 23. Juni 2019 fand im Naturfreundehaus Rahnenhof bei Hertlingshausen in der Pfalz das 8. Kulturseminar (&#8222;Linker Liedersommer&#8220;) des Deutschen Freidenker-Verbandes statt.<br \/>\nDie folgenden Videos des YouTube-Kanals von Newscan vermitteln einige Eindr\u00fccke von dieser Veranstaltung. Zu sehen u.a. Ausschnitte aus:<br \/>\n&#8211; Liederabend am Lagerfeuer<br \/>\n&#8211; Programme von Dieter Dehm &#038; Michael Letzsch, Hartmut K\u00f6nig und Guy Dawson<br \/>\n&#8211; Abendveranstaltung am Samstag<\/p>\n","protected":false},"author":3,"featured_media":6597,"comment_status":"closed","ping_status":"closed","sticky":false,"template":"","format":"standard","meta":{"colormag_page_container_layout":"default_layout","colormag_page_sidebar_layout":"default_layout","advanced_seo_description":"","jetpack_seo_html_title":"","jetpack_seo_noindex":false,"jetpack_post_was_ever_published":false,"footnotes":""},"categories":[913,20],"tags":[735,1742,669,1164,939,1073],"class_list":["post-6596","post","type-post","status-publish","format-standard","has-post-thumbnail","hentry","category-kultur-kunst","category-zentrale-veranstaltungen","tag-kulturseminar","tag-liedersommer","tag-linker-liedersommer","tag-linker-liedersommer-2019","tag-musik","tag-rahnenhof"],"jetpack_featured_media_url":"https:\/\/i0.wp.com\/www.freidenker.org\/fw17\/wp-content\/uploads\/2019\/07\/Liedersommer.jpg?fit=800%2C445&ssl=1","jetpack_shortlink":"https:\/\/wp.me\/p9stpK-1Io","jetpack-related-posts":[{"id":6659,"url":"https:\/\/www.freidenker.org\/?p=6659","url_meta":{"origin":6596,"position":0},"title":"Galerie: Linker Liedersommer 2019","author":"Webredaktion","date":"6. Juli 2019","format":false,"excerpt":"Vom 21. bis 23. Juni 2019 fand im Naturfreundehaus Rahnenhof bei Hertlingshausen in der Pfalz das 8. Kulturseminar (\u201eLinker Liedersommer\u201c) des Deutschen Freidenker-Verbandes statt. Zahlreiche K\u00fcnstler wie Daniel Osorio, Eva Heinzmann, Sonja Gottlieb, Reinhard Frankel, Guy Dawson, Ernst \u201eErnesto\u201c Schwarz, Philipp Hoffmann, Bernd K\u00f6hler, Hartmut K\u00f6nig sowie Diether Dehm &\u2026","rel":"","context":"In &quot;Kultur &amp; Kunst&quot;","block_context":{"text":"Kultur &amp; Kunst","link":"https:\/\/www.freidenker.org\/?cat=913"},"img":{"alt_text":"","src":"https:\/\/i0.wp.com\/www.freidenker.org\/fw17\/wp-content\/uploads\/2019\/07\/Liedersommer_2019.jpg?fit=800%2C445&ssl=1&resize=350%2C200","width":350,"height":200,"srcset":"https:\/\/i0.wp.com\/www.freidenker.org\/fw17\/wp-content\/uploads\/2019\/07\/Liedersommer_2019.jpg?fit=800%2C445&ssl=1&resize=350%2C200 1x, https:\/\/i0.wp.com\/www.freidenker.org\/fw17\/wp-content\/uploads\/2019\/07\/Liedersommer_2019.jpg?fit=800%2C445&ssl=1&resize=525%2C300 1.5x, https:\/\/i0.wp.com\/www.freidenker.org\/fw17\/wp-content\/uploads\/2019\/07\/Liedersommer_2019.jpg?fit=800%2C445&ssl=1&resize=700%2C400 2x"},"classes":[]},{"id":5381,"url":"https:\/\/www.freidenker.org\/?p=5381","url_meta":{"origin":6596,"position":1},"title":"Linker Liedersommer 2019","author":"Webredaktion","date":"2. September 2018","format":false,"excerpt":"Veranstaltung: Achtes Kulturseminar \/ Linker Liedersommer vom 21.-23. Juni 2019. Auch nach dem Umzug vom Hunsr\u00fcck in die Pfalz kn\u00fcpfen wir mit dem Linken Liedersommer an die Liedermacher-Tradition der APO-Zeiten auf Burg Waldeck an. Wir laden ein zu Musik und gemeinsamem Singen am abendlichen Lagerfeuer, zur Debatte \u00fcber Kunst und\u2026","rel":"","context":"In &quot;Kultur &amp; Kunst&quot;","block_context":{"text":"Kultur &amp; Kunst","link":"https:\/\/www.freidenker.org\/?cat=913"},"img":{"alt_text":"","src":"https:\/\/i0.wp.com\/www.freidenker.org\/fw17\/wp-content\/uploads\/2018\/09\/Linker_Liedersommer_2019_800x445.jpg?fit=800%2C445&ssl=1&resize=350%2C200","width":350,"height":200,"srcset":"https:\/\/i0.wp.com\/www.freidenker.org\/fw17\/wp-content\/uploads\/2018\/09\/Linker_Liedersommer_2019_800x445.jpg?fit=800%2C445&ssl=1&resize=350%2C200 1x, https:\/\/i0.wp.com\/www.freidenker.org\/fw17\/wp-content\/uploads\/2018\/09\/Linker_Liedersommer_2019_800x445.jpg?fit=800%2C445&ssl=1&resize=525%2C300 1.5x, https:\/\/i0.wp.com\/www.freidenker.org\/fw17\/wp-content\/uploads\/2018\/09\/Linker_Liedersommer_2019_800x445.jpg?fit=800%2C445&ssl=1&resize=700%2C400 2x"},"classes":[]},{"id":12437,"url":"https:\/\/www.freidenker.org\/?p=12437","url_meta":{"origin":6596,"position":2},"title":"Linker Liedersommer 2022","author":"Webredaktion","date":"12. M\u00e4rz 2022","format":false,"excerpt":"Veranstaltungshinweis - Neuntes Kulturseminar - Naturfreundehaus Rahnenhof (Pfalz) - 10.-12. Juni 2022 Auch nach dem Umzug vom Hunsr\u00fcck in die Pfalz kn\u00fcpfen wir mit dem Linken Liedersommer an die Liedermacher-Tradition der APO-Zeiten auf Burg Waldeck an. Wir laden ein zu Musik und gemeinsamem Singen am abendlichen Lagerfeuer, zur Debatte \u00fcber\u2026","rel":"","context":"In &quot;Kultur &amp; Kunst&quot;","block_context":{"text":"Kultur &amp; Kunst","link":"https:\/\/www.freidenker.org\/?cat=913"},"img":{"alt_text":"","src":"https:\/\/i0.wp.com\/www.freidenker.org\/fw17\/wp-content\/uploads\/2022\/03\/Liedersommer_2022_800x450_oO.jpg?fit=800%2C450&ssl=1&resize=350%2C200","width":350,"height":200,"srcset":"https:\/\/i0.wp.com\/www.freidenker.org\/fw17\/wp-content\/uploads\/2022\/03\/Liedersommer_2022_800x450_oO.jpg?fit=800%2C450&ssl=1&resize=350%2C200 1x, https:\/\/i0.wp.com\/www.freidenker.org\/fw17\/wp-content\/uploads\/2022\/03\/Liedersommer_2022_800x450_oO.jpg?fit=800%2C450&ssl=1&resize=525%2C300 1.5x, https:\/\/i0.wp.com\/www.freidenker.org\/fw17\/wp-content\/uploads\/2022\/03\/Liedersommer_2022_800x450_oO.jpg?fit=800%2C450&ssl=1&resize=700%2C400 2x"},"classes":[]},{"id":6315,"url":"https:\/\/www.freidenker.org\/?p=6315","url_meta":{"origin":6596,"position":3},"title":"Lieder gegen Ausbeutung und Krieg","author":"Webredaktion","date":"8. Mai 2019","format":false,"excerpt":"Pressemitteilung zum 8. Kulturseminar und Linken Liedersommer 2019 Zu seinem 8. Kulturseminar l\u00e4dt der Deutsche Freidenker-Verband erstmals an einen anderen Ort als der traditionellen Burg Waldeck ein, n\u00e4mlich ins Naturfreundehaus Rahnenhof bei Hertlingshausen in der Pfalz, vom 21. bis 23. Juni 2019. ... Der \u201eLinke Liedersommer\u201c hat traditionell das Verh\u00e4ltnis\u2026","rel":"","context":"In &quot;Kultur &amp; Kunst&quot;","block_context":{"text":"Kultur &amp; Kunst","link":"https:\/\/www.freidenker.org\/?cat=913"},"img":{"alt_text":"","src":"https:\/\/i0.wp.com\/www.freidenker.org\/fw17\/wp-content\/uploads\/2019\/05\/liliso_2013_800x445_v2.jpg?fit=800%2C447&ssl=1&resize=350%2C200","width":350,"height":200,"srcset":"https:\/\/i0.wp.com\/www.freidenker.org\/fw17\/wp-content\/uploads\/2019\/05\/liliso_2013_800x445_v2.jpg?fit=800%2C447&ssl=1&resize=350%2C200 1x, https:\/\/i0.wp.com\/www.freidenker.org\/fw17\/wp-content\/uploads\/2019\/05\/liliso_2013_800x445_v2.jpg?fit=800%2C447&ssl=1&resize=525%2C300 1.5x, https:\/\/i0.wp.com\/www.freidenker.org\/fw17\/wp-content\/uploads\/2019\/05\/liliso_2013_800x445_v2.jpg?fit=800%2C447&ssl=1&resize=700%2C400 2x"},"classes":[]},{"id":3079,"url":"https:\/\/www.freidenker.org\/?p=3079","url_meta":{"origin":6596,"position":4},"title":"21. bis 23.6. 2013 &#8211; Linker Liedersommer auf Burg Waldeck \/ Hunsr\u00fcck","author":"Webredaktion","date":"1. M\u00e4rz 2013","format":false,"excerpt":"Die Landesverb\u00e4nde Hessen und Rheinland-Pfalz \/ Saarland des Deutschen Freidenker-Verbandes e.V. laden vom 21. bis 23.6.2013 zum Linken Liedersommer f\u00fcr eine solidarische Welt gegen Ausbeutung und Krieg - F\u00fcnftes Kulturseminar auf Burg Waldeck \/ Hunsr\u00fcck ein. Mitwirkende: Gina Pietsch, Bernd Barbe, Jonas Engelmann, Stephan Hoffmann, Dr. Seltsam, Uli Holzhausen &\u2026","rel":"","context":"In &quot;Kultur &amp; Kunst&quot;","block_context":{"text":"Kultur &amp; Kunst","link":"https:\/\/www.freidenker.org\/?cat=913"},"img":{"alt_text":"","src":"https:\/\/i0.wp.com\/www.freidenker.org\/fw17\/wp-content\/uploads\/2013\/03\/p1140454_kai_degenhardt_800x445.jpg?fit=800%2C445&ssl=1&resize=350%2C200","width":350,"height":200,"srcset":"https:\/\/i0.wp.com\/www.freidenker.org\/fw17\/wp-content\/uploads\/2013\/03\/p1140454_kai_degenhardt_800x445.jpg?fit=800%2C445&ssl=1&resize=350%2C200 1x, https:\/\/i0.wp.com\/www.freidenker.org\/fw17\/wp-content\/uploads\/2013\/03\/p1140454_kai_degenhardt_800x445.jpg?fit=800%2C445&ssl=1&resize=525%2C300 1.5x, https:\/\/i0.wp.com\/www.freidenker.org\/fw17\/wp-content\/uploads\/2013\/03\/p1140454_kai_degenhardt_800x445.jpg?fit=800%2C445&ssl=1&resize=700%2C400 2x"},"classes":[]},{"id":13736,"url":"https:\/\/www.freidenker.org\/?p=13736","url_meta":{"origin":6596,"position":5},"title":"Video vom Liedersommer 2022: Stimmen zu Frieden und Freiheit","author":"Webredaktion","date":"9. Juli 2022","format":false,"excerpt":"Die Arbeiterfotografie hat von unserem Linken Liedersommer 2022 ein 52-min\u00fctiges Video erstellt und \u00fcber die NRhZ und auf YouTube ver\u00f6ffentlicht. Im Begleittext dazu hei\u00dft es: In Tradition des politischen Liedes von Verdis Gefangenenchor aus Nabucco, \u00fcber den US-Arbeiterf\u00fchrer und Liedermacher Joe Hill, Brecht-Eisler-Kampflieder und Balladen, \u00fcber das israelische \"Frieden f\u00fcr\u2026","rel":"","context":"In &quot;Kultur &amp; Kunst&quot;","block_context":{"text":"Kultur &amp; Kunst","link":"https:\/\/www.freidenker.org\/?cat=913"},"img":{"alt_text":"","src":"https:\/\/i0.wp.com\/www.freidenker.org\/fw17\/wp-content\/uploads\/2022\/07\/sonja_liliso2022_v6a.jpg?fit=800%2C450&ssl=1&resize=350%2C200","width":350,"height":200,"srcset":"https:\/\/i0.wp.com\/www.freidenker.org\/fw17\/wp-content\/uploads\/2022\/07\/sonja_liliso2022_v6a.jpg?fit=800%2C450&ssl=1&resize=350%2C200 1x, https:\/\/i0.wp.com\/www.freidenker.org\/fw17\/wp-content\/uploads\/2022\/07\/sonja_liliso2022_v6a.jpg?fit=800%2C450&ssl=1&resize=525%2C300 1.5x, https:\/\/i0.wp.com\/www.freidenker.org\/fw17\/wp-content\/uploads\/2022\/07\/sonja_liliso2022_v6a.jpg?fit=800%2C450&ssl=1&resize=700%2C400 2x"},"classes":[]}],"_links":{"self":[{"href":"https:\/\/www.freidenker.org\/index.php?rest_route=\/wp\/v2\/posts\/6596","targetHints":{"allow":["GET"]}}],"collection":[{"href":"https:\/\/www.freidenker.org\/index.php?rest_route=\/wp\/v2\/posts"}],"about":[{"href":"https:\/\/www.freidenker.org\/index.php?rest_route=\/wp\/v2\/types\/post"}],"author":[{"embeddable":true,"href":"https:\/\/www.freidenker.org\/index.php?rest_route=\/wp\/v2\/users\/3"}],"replies":[{"embeddable":true,"href":"https:\/\/www.freidenker.org\/index.php?rest_route=%2Fwp%2Fv2%2Fcomments&post=6596"}],"version-history":[{"count":0,"href":"https:\/\/www.freidenker.org\/index.php?rest_route=\/wp\/v2\/posts\/6596\/revisions"}],"wp:featuredmedia":[{"embeddable":true,"href":"https:\/\/www.freidenker.org\/index.php?rest_route=\/wp\/v2\/media\/6597"}],"wp:attachment":[{"href":"https:\/\/www.freidenker.org\/index.php?rest_route=%2Fwp%2Fv2%2Fmedia&parent=6596"}],"wp:term":[{"taxonomy":"category","embeddable":true,"href":"https:\/\/www.freidenker.org\/index.php?rest_route=%2Fwp%2Fv2%2Fcategories&post=6596"},{"taxonomy":"post_tag","embeddable":true,"href":"https:\/\/www.freidenker.org\/index.php?rest_route=%2Fwp%2Fv2%2Ftags&post=6596"}],"curies":[{"name":"wp","href":"https:\/\/api.w.org\/{rel}","templated":true}]}}