{"id":6522,"date":"2019-06-21T11:52:49","date_gmt":"2019-06-21T09:52:49","guid":{"rendered":"https:\/\/www.freidenker.org\/?p=6522"},"modified":"2019-09-26T21:46:30","modified_gmt":"2019-09-26T19:46:30","slug":"stopp-air-base-ramstein-2019","status":"publish","type":"post","link":"https:\/\/www.freidenker.org\/?p=6522","title":{"rendered":"Stopp Air Base Ramstein 2019"},"content":{"rendered":"<p>Vom 23.06. bis 30.06.2019 findet die diesj\u00e4hrige Aktionswoche \u201eStopp Air Base Ramstein\u201c statt. Wir ver\u00f6ffentlichen hier<\/p>\n<ul>\n<li>den <strong>Appell der Kampagne &#8222;NATO raus \u2013 raus aus der NATO&#8220;<\/strong> an die 3. Internationale Konferenz &#8222;No to Military Bases &amp; Wars&#8220; in Ramstein am 28.6.2019<br \/>\n(Erstver\u00f6ffentlichung: <a href=\"http:\/\/www.nrhz.de\/flyer\/beitrag.php?id=25977\" target=\"_blank\" rel=\"noopener noreferrer\">http:\/\/www.nrhz.de\/flyer\/beitrag.php?id=25977<\/a>)<\/li>\n<li>sowie den Beitrag <strong>&#8222;Den Hebel zur Beseitigung verschweigen?&#8220;<\/strong> \u00fcber den Aufenthalt ausl\u00e4ndischer Streitkr\u00e4fte in der Bundesrepublik Deutschland von Anneliese Fikentscher und Andreas Neumann <a href=\"#t02\">\u21f2<\/a><br \/>\n(Erstver\u00f6ffentlichung: <a href=\"http:\/\/www.nrhz.de\/flyer\/beitrag.php?id=25997\" target=\"_blank\" rel=\"noopener noreferrer\">http:\/\/www.nrhz.de\/flyer\/beitrag.php?id=25997<\/a>)<\/li>\n<\/ul>\n<hr \/>\n<p><strong><span class=\"text_small\">3. Internationale Konferenz &#8222;No to Military Bases &amp; Wars&#8220;, Ramstein, 28.6.2019<br \/>\n<\/span><\/strong><\/p>\n<h4><span class=\"text_red_times_big\">Die Welt vom Militarismus befreien<\/span><\/h4>\n<p><img data-recalc-dims=\"1\" loading=\"lazy\" decoding=\"async\" src=\"https:\/\/i0.wp.com\/www.nrhz.de\/flyer\/media\/25977\/anreisser.jpg?resize=80%2C80\" alt=\"\" width=\"80\" height=\"80\" align=\"left\" hspace=\"5\" vspace=\"5\" \/>Vom 23. bis 30. Juni 2019 veranstaltet die Kampagne &#8222;Stopp Air Base Ramstein&#8220; wie in den Jahren 2015 bis 2018 eine Aktionswoche mit verschiedenen Formen des Protests. Neben der Demonstration am Samstag, dem 29. Juni, und einem mehrt\u00e4gigen Friedenscamp z\u00e4hlt dazu die 3. Internationale Konferenz &#8222;No to Military Bases &amp; Wars&#8220;. Die Kampagne &#8222;NATO raus \u2013 raus aus der NATO&#8220; wird dabei sein und sich einbringen \u2013 insbesondere im Rahmen der Konferenz gegen Milit\u00e4rbasen und Kriege, denn es gilt, den Kampf zur Befreiung der Welt von Milit\u00e4rbasen der USA und der NATO weiter zu intensivieren und weiter zu internationalisieren. Ziel ist die Mobilisierung der internationalen \u00d6ffentlichkeit f\u00fcr den Austritt aus der NATO und f\u00fcr die K\u00fcndigung von Vertr\u00e4gen, aufgrund derer USA und NATO ihre milit\u00e4rischen Einrichtungen rund um den Globus betreiben \u2013 als entscheidende Basis f\u00fcr das Entstehenlassen einer weitgehend entmilitarisierten Staatengemeinschaft und f\u00fcr das friedliche Zusammenleben der V\u00f6lker. Die NRhZ dokumentiert den von der Kampagne &#8222;NATO raus \u2013 raus aus der NATO&#8220; an die 3. Internationale Konferenz &#8222;No to Military Bases &amp; Wars&#8220; gerichteten Appell in deutscher und englischer Sprache mit den deutschen und internationalen Unterst\u00fctzerInnen.<\/p>\n<p><strong>Kampagne &#8222;NATO raus \u2013 raus aus der NATO&#8220; an die 3. Internationale Konferenz &#8222;No to Military Bases &amp; Wars&#8220;, Ramstein, 28.6.2019<\/strong><\/p>\n<p>Die 3. Internationale Konferenz &#8222;No to Military Bases &amp; Wars&#8220; (1) findet in einem Land statt, in dem die Rechtslage erlaubt, alle milit\u00e4rischen Einrichtungen von USA und NATO zu beseitigen, n\u00e4mlich durch K\u00fcndigung des Vertrags \u00fcber den Aufenthalt ausl\u00e4ndischer Streitkr\u00e4fte in der Bundesrepublik Deutschland (kurz: Truppenstationierungsvertrag) und Austritt aus der NATO, und zwar mit einer Frist von nur zwei Jahren bzw. einem Jahr (2)(3). Im Mai 2019 hat die IPPNW dem entsprechend bei ihrer Mitgliederversammlung in Stuttgart mit \u00fcberw\u00e4ltigender Mehrheit die K\u00fcndigung des Truppenstationierungsvertrags gefordert (4). Im April 2019 hat sich in Florenz eine Konferenz f\u00fcr eine &#8222;internationale NATO-Austrittsfront&#8220; stark gemacht (5). Im Oktober 2018 ist in Frankfurt einstimmig entschieden worden, die Forderung nach K\u00fcndigung des Truppenstationierungsvertrags zu einer zentralen Forderung der Kampagne &#8222;Stopp Air Base Ramstein&#8220; zu machen (6). Das sind ermutigende, wegweisende Schritte.<\/p>\n<p>Mit gro\u00dfen Erwartungen sehen die Unterzeichner &#8211; auch wenn sie nicht alle vor Ort sein k\u00f6nnen &#8211; nun den Ergebnissen der 3. Internationalen Konferenz &#8222;No to Military Bases &amp; Wars&#8220; bei Ramstein entgegen. Diese Konferenz bietet die Chance, die wegweisenden Schritte von Stuttgart, Florenz und Frankfurt zu bekr\u00e4ftigen und weiter zu internationalisieren. Laut Konferenzprogramm soll diskutiert werden, was wir den Milit\u00e4rbasen entgegensetzen k\u00f6nnen. Und es sind Vorschl\u00e4ge f\u00fcr weitere Aktionen gefragt. Diesbez\u00fcglich sollen Vereinbarungen getroffen werden. Deshalb regen wir an, die folgende Vereinbarung zu verabschieden.<\/p>\n<p>Die Konferenz &#8222;No to Military Bases &amp; Wars&#8220; bekundet: wir unterst\u00fctzen die Forderung von Florenz nach Bildung einer &#8222;internationalen NATO-Austrittsfront&#8220; und rufen Friedensinitiativen in allen NATO-Staaten dazu auf, sich diese Forderung zueigen zu machen. Gem\u00e4\u00df NATO-Vertrag ist der Ausstieg aus der NATO mit Ein-Jahresfrist m\u00f6glich. Wir unterst\u00fctzen zudem die f\u00fcr Deutschland erhobene Forderung nach K\u00fcndigung des Truppenstationierungsvertrags mit der Konsequenz, dass auf diese Weise innerhalb von nur zwei Jahren s\u00e4mtliche US- und NATO-Milit\u00e4rbasen einschlie\u00dflich der Atomwaffen aus Deutschland verschwinden m\u00fcssen. Friedensinitiativen in anderen Staaten rufen wir auf, die Rechtslage in ihrem Land zu kl\u00e4ren und auf dieser Basis Forderungen mit der entsprechenden Zielrichtung zu erheben \u2013 mit der Konsequenz, dass all diese L\u00e4nder von Milit\u00e4rbasen der USA und der NATO befreit werden.<\/p>\n<p style=\"text-align: right;\"><em>26 UnterzeichnerInnen f\u00fcr die Kampagne &#8222;NATO raus \u2013 raus aus der NATO&#8220;<\/em><\/p>\n<p><em><strong>\u21e8 Den Text der Kampagne in englischer Sprache findet ihr hier: <a href=\"http:\/\/www.nrhz.de\/flyer\/beitrag.php?id=25977\" target=\"_blank\" rel=\"noopener noreferrer\">http:\/\/www.nrhz.de\/flyer\/beitrag.php?id=25977<\/a><\/strong><\/em><\/p>\n<p>&nbsp;<\/p>\n<p><strong>UnterzeichnerInnen f\u00fcr die Kampagne &#8222;NATO raus \u2013 raus aus der NATO&#8220; (Signers for the campaign &#8222;NATO out &#8211; out of NATO&#8220;):<\/strong><\/p>\n<p>Sebastian Bahlo (stellv. Vorsitzender des Deutschen Freidenker-Verbands), Peter Betscher (Bundesverband Arbeiterfotografie, Vorstand), Anita Beyer (Freidenker-Verband, Landesverband NRW), Toni Brinkmann (Juristin, Mitglied des Bremer Friedensforums), Anneliese Fikentscher (Vorsitzende des Bundesverbands Arbeiterfotografie), Klaus Hartmann (Vorsitzender des Deutschen Freidenker-Verbands), Senne Glanschneider (Bundesverband Arbeiterfotografie, Vorstand), Wolfgang Jung (LUFTPOST \u2013 Friedenspolitische Mitteilungen aus der US-Milit\u00e4rregion Kaiserslautern\/Ramstein), J\u00fcrgen Kelle, D\u00fcsseldorf (Rentner), Dr. Ansgar Klein (Sprecher der Aachener Aktionsgemeinschaft &#8222;Frieden jetzt!&#8220;), Helene Klein (Sprecherin der W\u00fcrselener Initiative f\u00fcr den Frieden), Monika Krotter-Hartmann (Sozialp\u00e4dagogin, Freidenkerin, Mitglied der Offenbacher Friedensinitiative), Dr. Klaus-Peter Kurch (Blogger, opablog.net), Klaus Linder (Deutscher Freidenkverband, Landesvorsitzender Berlin), Ullrich Mies (Publizist\/Autor), Andreas Neumann (Bundesverband Arbeiterfotografie, Vorstand), Klaus v. Raussendorff (Mitglied im Vorstand des Deutschen Freidenker-Verbands), Wilhelm Schulze-Barantin (Deutscher Freidenker-Verband, Landesvorsitzender Hessen), Ernesto Schwarz (Musiker, Mitglied des Deutschen Freidenkerverbandes), Brigitte Streicher (Deutscher Freidenker-Verband, Landesvorsitzende NRW), Fee Striefler (LUFTPOST \u2013 Friedenspolitische Mitteilungen aus der US-Milit\u00e4rregion Kaiserslautern\/Ramstein), J\u00fcrgen Suttner (Mitglied im Siegener Friedensb\u00fcndnis ABFS und im Freidenkerverband), Annette van Gessel (Lektorin), Georg Maria Vormschlag (Bundesverband Arbeiterfotografie, Vorstand), Christoph Vohland (Deutscher Freidenker-Verband, Landesvorstand NRW)<\/p>\n<p><strong>Wer den Appell unterst\u00fctzen m\u00f6chte, schicke eine eMail an arbeiterfotografie@t-online.de mit Angabe von Vorname, Name, Land und kurzer Angabe zur Person. <a href=\"mailto:arbeiterfotografie@t-online.de?subject=NATO-raus-raus-aus-der-NATO\">Bitte hier klicken und das sich \u00f6ffnende eMail-Fenster verwenden<\/a>.<\/strong><\/p>\n<p><em><strong>\u21e8 Die Liste der bisherigen internationalen deutschen und internationalen Unterst\u00fctzerInnen findet ihr hier:<a href=\"http:\/\/www.nrhz.de\/flyer\/beitrag.php?id=25977\" target=\"_blank\" rel=\"noopener noreferrer\"> http:\/\/www.nrhz.de\/flyer\/beitrag.php?id=25977<\/a><\/strong><\/em><\/p>\n<p><strong>Fu\u00dfnoten\/Footnotes:<\/strong><\/p>\n<p>1 Dritte Internationale Konferenz &#8222;No to Military Bases &amp; Wars&#8220;, Ramstein, 28.06.2019<br \/>\n<a href=\"https:\/\/www.ramstein-kampagne.eu\/no-to-military-bases\/\">https:\/\/www.ramstein-kampagne.eu\/no-to-military-bases\/<\/a><\/p>\n<p>2 Im Zuge des &#8222;Vertrags \u00fcber die abschlie\u00dfende Regelung in Bezug auf Deutschland&#8220; (2+4-Vertrag) vollzogener Notenwechsel zum Vertrag \u00fcber den Aufenthalt ausl\u00e4ndischer Streitkr\u00e4fte in der Bundesrepublik Deutschland vom 25.9.1990 (Bundesgesetzblatt 1990, Teil II, S. 1390-1393)<br \/>\n<a href=\"http:\/\/www.arbeiterfotografie.com\/galerie\/kein-krieg\/hintergrund\/bgbl290042_99955.pdf\">http:\/\/www.arbeiterfotografie.com\/galerie\/kein-krieg\/hintergrund\/bgbl290042_99955.pdf<\/a><\/p>\n<p>3 NATO-Vertrag, Artikel 13 (K\u00fcndigung)<br \/>\n<a href=\"https:\/\/www.nato.int\/cps\/en\/natohq\/official_texts_17120.htm?selectedLocale=de\">https:\/\/www.nato.int\/cps\/en\/natohq\/official_texts_17120.htm?selectedLocale=de<\/a><br \/>\n<a href=\"https:\/\/www.nato.int\/cps\/en\/natohq\/official_texts_17120.htm\">https:\/\/www.nato.int\/cps\/en\/natohq\/official_texts_17120.htm<\/a><\/p>\n<p>4 IPPNW-Beschluss zur K\u00fcndigung des Truppenstationierungsvertrags, Stuttgart, 03.-05.05.2019<br \/>\n<a href=\"http:\/\/www.nrhz.de\/flyer\/beitrag.php?id=25888\">http:\/\/www.nrhz.de\/flyer\/beitrag.php?id=25888<\/a> (NRhZ 704 vom 08.05.2019)<br \/>\n<a href=\"https:\/\/www.ippnw.de\/commonFiles\/pdfs\/Verein\/MV\/Beschluesse_Jahrestreffen_2019.pdf\">https:\/\/www.ippnw.de\/commonFiles\/pdfs\/Verein\/MV\/Beschluesse_Jahrestreffen_2019.pdf<\/a><\/p>\n<p>5 Abschlusserkl\u00e4rung des Komitees &#8222;NO GUERRA NO NATO\/GLOBAL RESEARCH&#8220; &#8222;F\u00fcr eine internationale NATO-Austrittsfront&#8220;, Florenz, 08.04.2019<br \/>\n<a href=\"http:\/\/www.nrhz.de\/flyer\/beitrag.php?id=25835\">http:\/\/www.nrhz.de\/flyer\/beitrag.php?id=25835<\/a> (NRhZ 702 vom 24.04.2019)<br \/>\n<a href=\"https:\/\/nowarnonato.blogspot.com\/2019\/04\/deutsch.html\">https:\/\/nowarnonato.blogspot.com\/2019\/04\/deutsch.html<\/a><br \/>\n<a href=\"https:\/\/nowarnonato.blogspot.com\/2019\/04\/english-declaration-of-florence-for.html\">https:\/\/nowarnonato.blogspot.com\/2019\/04\/english-declaration-of-florence-for.html<\/a><\/p>\n<p>6 Beschluss der Kampagne &#8222;Stopp Air Base Ramstein&#8220; zur K\u00fcndigung des Truppenstationierungsvertrags, Frankfurt, 28.10.2018<br \/>\n<a href=\"http:\/\/www.nrhz.de\/flyer\/beitrag.php?id=25339\">http:\/\/www.nrhz.de\/flyer\/beitrag.php?id=25339<\/a> (NRhZ 680 vom 31.10.2018)<\/p>\n<p>&nbsp;<\/p>\n<hr \/>\n<p><strong><span class=\"text_small\"><a id=\"t02\"><\/a>Aufenthalt ausl\u00e4ndischer Streitkr\u00e4fte in der Bundesrepublik Deutschland<\/span><\/strong><\/p>\n<h4><span class=\"text_red_times_big\">Den Hebel zur Beseitigung verschweigen?<\/span><\/h4>\n<p><em><span class=\"text_small\">Von <strong>Anneliese Fikentscher<\/strong> und <strong>Andreas Neumann<\/strong><\/span><\/em><\/p>\n<p><img data-recalc-dims=\"1\" loading=\"lazy\" decoding=\"async\" src=\"https:\/\/i0.wp.com\/www.nrhz.de\/flyer\/media\/25997\/anreisser.jpg?resize=80%2C80\" alt=\"\" width=\"80\" height=\"80\" align=\"left\" hspace=\"5\" vspace=\"5\" \/>Bei Wikipedia gibt es einen Artikel \u00fcber &#8222;Ausl\u00e4ndische Milit\u00e4rbasen in Deutschland&#8220;. (1) Er vermittelt einen guten Einblick. Wir erfahren: Die Streitkr\u00e4fte der USA belegen im Jahr 2011 in Deutschland 538,7 Quadratkilometer Fl\u00e4che, die britischen Streitkr\u00e4fte 210,37 Quadratkilometer \u2013 zusammmen ein Streifen von Nord nach S\u00fcd durch ganz Deutschland von fast einem Kilometer Breite. Und wir erfahren auch, was die rechtliche Grundlage f\u00fcr den &#8222;Aufenthalt von ausl\u00e4ndischen Truppenverb\u00e4nden auf deutschem Hoheitsgebiet ist&#8220;. Zu unterscheiden sei zwischen dem &#8222;Recht zum Aufenthalt&#8220; und &#8222;der Rechtsstellung der stationierten Truppen (Recht des Aufenthalts)&#8220;. Das ist wichtig zu wissen. Ersteres besagt, OB Truppen sich in Deutschland aufhalten d\u00fcrfen, zweites besch\u00e4ftigt sich mit dem WIE, z.B. im NATO-Truppenstatut. Zum OB hei\u00dft es bei Wikipedia: \u201eDas Recht zum Aufenthalt ergibt sich aus dem Vertrag \u00fcber den Aufenthalt ausl\u00e4ndischer Streitkr\u00e4fte in der Bundesrepublik Deutschland vom 23. Oktober 1954 (Aufenthaltsvertrag; BGBl. 1955 II S. 253).\u201c (2) Mit dem Aufenthaltsvertag (vielfach auch Truppenstationierungsvertrag genannt) haben wir also den Hebel in der Hand, der dar\u00fcber bestimmt, ob die Truppen hier sein d\u00fcrfen oder nicht. Doch das hat einen Haken.<\/p>\n<p>Der Aufenthaltsvertrag, auf den Wikipedia hinweist, l\u00e4sst eine K\u00fcndigung nicht zu. Es ist lediglich das Au\u00dferkrafttreten geregelt. In Artikel 3 hei\u00dft es: \u201eDieser Vertrag tritt au\u00dfer Kraft mit dem Abschluss einer friedensvertraglichen Regelung mit Deutschland\u2026\u201c Die wird es aber nicht mehr geben. Denn es gibt den &#8222;Vertrag \u00fcber die abschlie\u00dfende Regelung in Bezug auf Deutschland&#8220;, den so genannten &#8222;Zwei-plus-Vier-Vertrag&#8220; vom 12. September 1990, der so etwas wie ein Friedensvertrag ist, aber nicht Friedensvertrag hei\u00dft. Aber das ist nur ein Scheinproblem. Denn es existiert der zwischen Deutschland, den USA, Gro\u00dfbritannien, Frankreich und weiteren Staaten vollzogene Notenwechsel vom 25. September 1990, in dem die K\u00fcndigungsm\u00f6glichkeit geregelt ist. Zwei Jahre betr\u00e4gt die K\u00fcndigungsfrist. (3) Bei Wikipedia fehlt \u2013 was nicht verwundert \u2013 ein Hinweis auf diesen ganz entscheidenden Notenwechsel. Der Hebel soll offenbar verschwiegen werden. Danke, Wikipedia (4), dass mit dem Weglassen die enorme Bedeutung betont wird. Aber trotzdem lohnt sich ein Blick in die Wikipedia-Darstellung. Wir erfahren, was alles mit K\u00fcndigung des &#8222;Vertrags \u00fcber den Aufenthalt ausl\u00e4ndischer Streitkr\u00e4fte in der Bundesrepublik Deutschland&#8220; verschwinden muss.<\/p>\n<p>Betrachten wir als Erstes die &#8222;Auflistung wichtiger Einrichtungen&#8220;. Verschwinden muss mit K\u00fcndigung des Aufenthaltsvertrags das Hauptquartier der US-Gesamtstreitkr\u00e4fte f\u00fcr den Aufgabenbereich Europa (EUCOM) in Stuttgart-Vaihingen. Verschwinden muss das Hauptquartier der Sondereinsatzkr\u00e4fte des EUCOM (SOCEUR) in Stuttgart-Vaihingen. Verschwinden muss das Hauptquartier der US-Gesamtstreitkr\u00e4fte f\u00fcr den Aufgabenbereich Afrika (AFRICOM) in Stuttgart-M\u00f6hringen. Verschwinden muss das Hauptquartier der US-Heeresstreitkr\u00e4fte in Europa (US Army Europe, USAREUR) in Wiesbaden-Erbenheim. Verschwinden muss das Hauptquartier der US-Luftwaffe in Europa (United States Air Forces in Europe, USAFE) in Ramstein. Verschwinden muss das Hauptquartier der US-Marineinfanterie in Europa und Afrika (United States Marine Forces Europe and Africa, MARFOREUR\/AF) in B\u00f6blingen. Verschwinden muss das Landstuhl Regional Medical Center LRMC, das Lazarett der US-Heeresstreitkr\u00e4fte, in Landstuhl. Verschwinden muss die NATO Air Base Geilenkirchen (Standort der AWACS-Flugzeuge).<\/p>\n<p>Und dann wirft Wikipedia einen detaillierteren Blick auf die Milit\u00e4reinrichtungen von USA, Gro\u00dfbritannien und NATO, die mit K\u00fcndigung des &#8222;Vertrags \u00fcber den Aufenthalt ausl\u00e4ndischer Streitkr\u00e4fte in der Bundesrepublik Deutschland&#8220; verschwinden m\u00fcssen.<\/p>\n<p><strong>US-Milit\u00e4reinrichtungen:<\/strong><\/p>\n<ul>\n<li>B\u00f6blingen: Panzerkaserne (USMC, USA) \u2013 Hauptquartier United States Marine Corps Forces Europe<\/li>\n<li>Mannheim: Coleman Barracks (Sandhofen) (USA)<\/li>\n<li>Stuttgart: Stuttgart Army Airfield (Leinfelden-Echterdingen) (USA)<\/li>\n<li>Stuttgart: Kelley Barracks \u2013 AFRICOM (Stuttgart-M\u00f6hringen) (USA)<\/li>\n<li>Stuttgart: Patch Barracks \u2013 EUCOM &amp; SOCEUR (Stuttgart-Vaihingen) (USA)<\/li>\n<li>Ansbach-Katterbach: Heeresflieger (USAREUR)<\/li>\n<li>Ansbach-Katterbach: 5th Signal Command (USAREUR)<\/li>\n<li>Garmisch-Partenkirchen: Edelweiss Lodge and Resort (US Armed Forces Recreation Center)<\/li>\n<li>Grafenw\u00f6hr: Truppen\u00fcbungsplatz Grafenw\u00f6hr (USA) (gemeinsame Nutzung mit Bundeswehr und anderen NATO-Partnern)<\/li>\n<li>Hohenfels: Joint Multinational Readiness Center (JMRC) (USA)<\/li>\n<li>Illesheim: Storck Barracks (USA)<\/li>\n<li>Vilseck: Rose Barracks (USA)<\/li>\n<li>Wiesbaden: Flugplatz Wiesbaden-Erbenheim \u2013 Hauptquartier US Army Europe<\/li>\n<li>Griesheim: Dagger Complex (US-INSCOM)<\/li>\n<li>D\u00fclmen: Tower Barracks (USA)<\/li>\n<li>Baumholder: Baumholder Airfield (USA)<\/li>\n<li>Baumholder: Smith Barracks (USA)<\/li>\n<li>Baumholder: Wetzel Kaserne (USA)<\/li>\n<li>Germersheim: Germersheim Army Depot (USA), European Distribution Center der Defense Logistics Agency (DLA)<\/li>\n<li>Kaiserslautern: Daenner Kaserne (USA)<\/li>\n<li>Kaiserslautern: Einsiedlerhof Air Station (USAF)<\/li>\n<li>Kaiserslautern: Kaiserslautern Army Depot (USA, USAF)<\/li>\n<li>Kaiserslautern: Kleber Kaserne (USA)<\/li>\n<li>Kaiserslautern: Pulaski Barracks (USA)<\/li>\n<li>Kaiserslautern: Rhine Ordnance Barracks (USA)<\/li>\n<li>Landstuhl: Landstuhl Regional Medical Center (LRMC) (USA, USAF)<\/li>\n<li>Miesau: Miesau Army Depot (USA)<\/li>\n<li>Pirmasens: Husterhoeh Kaserne (USA) USAMMCE<\/li>\n<li>Ramstein: Ramstein Air Base \u2013 Hauptquartier United States Air Forces in Europe<\/li>\n<li>Spangdahlem: Spangdahlem Air Base (USAF)<\/li>\n<li>Wackernheim: McCully Barracks (USA)<\/li>\n<li>Mainz: Trainings Area Mainz Gonsenheim (USAG Wiesbaden)<\/li>\n<li>Mainz: Trainings Area Mainz Finthen (USAG Wiesbaden)<\/li>\n<\/ul>\n<p><strong>GB-Milit\u00e4reinrichtungen:<\/strong><\/p>\n<ul>\n<li>Bielefeld: Catterick Barracks<\/li>\n<li>Bielefeld: Rochdale Barracks<\/li>\n<li>G\u00fctersloh: Mansergh Barracks<\/li>\n<li>M\u00f6nchengladbach: Ayrshire Barracks South<\/li>\n<li>Paderborn: Barker Barracks<\/li>\n<li>Paderborn: Dempsey Barracks (Sennelager)<\/li>\n<li>Paderborn: Normandy Barracks (Sennelager)<\/li>\n<li>Paderborn: Athlone Barracks (Sennelager)<\/li>\n<li>Paderborn: Truppen\u00fcbungsplatz Senne<\/li>\n<li>Wulfen: Waffendepot<\/li>\n<\/ul>\n<p><strong>NATO-Milit\u00e4reinrichtungen:<\/strong><\/p>\n<ul>\n<li>Oberammergau: NATO School<\/li>\n<li>Geilenkirchen: NATO Air Base Geilenkirchen (multinationale Verb\u00e4nde von 13 der 28 NATO-Mitgliedstaaten)<\/li>\n<li>Geilenkirchen: NATO Airborne Early Warning &amp; Control Force Command<\/li>\n<li>Uedem: NATO Combined Air Operations Centre (CAOC)<\/li>\n<li>Ramstein: NATO Allied Air Command AIRCOM<\/li>\n<\/ul>\n<p>Aufgef\u00fchrt sind 33 US-Milit\u00e4reinrichtungen, 10 von Gro\u00dfbritannien und 5 der NATO. Dass das nicht alle Einrichtungen von USA, Gro\u00dfbritannien und NATO sind, ist klar. Es fehlen z.B. die neu entstehende NATO-Kommandozentrale in Ulm, das Joint Air Power Competence Centre der NATO in Kalkar und weitere so genannte NATO-Exzellenzzentren in Kiel und Ingolstadt. Und es fehlen die auf deutschem Boden stationierten US-Atomwaffen. Selbst der Wissenschaftliche Dienst des Deutschen Bundestages ist nicht in der Lage zu kl\u00e4ren, wie viele Milit\u00e4rstandorte es in Deutschland tats\u00e4chlich gibt. In einer Kurzinformation zu &#8222;Umfang und Standorten der in Deutschland stationierten US-Streitkr\u00e4fte&#8220; vom 18. Januar 2017 ist zu lesen: \u201eDie Gesamtzahl der Standorte der US-Streitkr\u00e4fte ist aufgrund des unterschiedlichen Alters der verf\u00fcgbaren Quellen nicht pr\u00e4zise ermittelbar, d\u00fcrfte sich aber im h\u00f6heren zweistelligen Bereich bewegen.\u201c (5) Aber allein die bei Wikipedia aufgef\u00fchrte Liste macht deutlich: es lohnt sich, die K\u00fcndigungsm\u00f6glichkeit des &#8222;Vertrags \u00fcber den Aufenthalt ausl\u00e4ndischer Streitkr\u00e4fte in der Bundesrepublik Deutschland&#8220; zu verschweigen \u2013 aus Sicht des Imperiums. Und aus Sicht der Friedensbewegung \u2013 sofern sie nicht vom Imperium durchsetzt ist \u2013 lohnt es, von der K\u00fcndigungsm\u00f6glichkeit des Aufenthaltsvertrages wie auch der NATO-Mitgliedschaft Kenntnis zu haben und diese Kenntnis einer breiten \u00d6ffentlichkeit zu vermitteln \u2013 als ein gewaltiger, m\u00f6glicher Schritt auf dem Weg zur Entmilitarisierung der Bundesrepublik Deutschland.<\/p>\n<p><strong>Fu\u00dfnoten:<\/strong><\/p>\n<p>1 Wikipedia-Artikel &#8222;Ausl\u00e4ndische Milit\u00e4rbasen in Deutschland&#8220;<br \/>\nStand: 13. Juni 2019<br \/>\n<a href=\"https:\/\/de.wikipedia.org\/wiki\/Ausl%C3%A4ndische_Milit%C3%A4rbasen_in_Deutschland\">https:\/\/de.wikipedia.org\/wiki\/Ausl%C3%A4ndische_Milit%C3%A4rbasen_in_Deutschland<\/a><\/p>\n<p>2 Vertrag \u00fcber den Aufenthalt ausl\u00e4ndischer Streitkr\u00e4fte in der Bundesrepublik Deutschland, Art. 3 [Au\u00dferkrafttreten] (1)<br \/>\n&#8222;Dieser Vertrag tritt au\u00dfer Kraft mit dem Abschluss einer friedensvertraglichen Regelung mit Deutschland oder wenn die Unterzeichnerstaaten zu einem fr\u00fcheren Zeitpunkt \u00fcbereinkommen, dass die Entwicklung der internationalen Lage neue Abmachungen rechtfertigt&#8220;<br \/>\n<a href=\"http:\/\/www.abg-plus.de\/abg2\/ebuecher\/abg_all\/Art3Au%C3%9Ferkr.htm\">http:\/\/www.abg-plus.de\/abg2\/ebuecher\/abg_all\/Art3Au%C3%9Ferkr.htm<\/a><\/p>\n<p>3 Im Zuge des &#8222;Vertrags \u00fcber die abschlie\u00dfende Regelung in Bezug auf Deutschland&#8220; (2+4-Vertrag) vollzogener Notenwechsel zum Vertrag \u00fcber den Aufenthalt ausl\u00e4ndischer Streitkr\u00e4fte in der Bundesrepublik Deutschland vom 25.9.1990 (Bundesgesetzblatt 1990, Teil II, S. 1390-1393)<br \/>\n&#8222;3. Jede stationierende Vertragspartei kann durch Anzeige an die anderen Vertragsparteien unter Einhaltung einer Frist von zwei Jahren von dem Aufenthaltsvertrag zur\u00fccktreten. Die Bundesrepublik Deutschland kann den Aufenthaltsvertrag in bezug auf eine oder mehrere Vertragsparteien durch Anzeige an die Vertragsparteien unter Einhaltung einer Frist von zwei Jahren beenden.&#8220;<br \/>\n<a href=\"http:\/\/www.arbeiterfotografie.com\/galerie\/kein-krieg\/hintergrund\/bgbl290042_99955.pdf\">http:\/\/www.arbeiterfotografie.com\/galerie\/kein-krieg\/hintergrund\/bgbl290042_99955.pdf<\/a><\/p>\n<p>4 &#8222;Danke, Wikipedia!&#8220; war auch ein Artikel \u00fcberschrieben, in dem dargelegt ist, inwieweit Neue Rheinische Zeitung und Bundesverband Arbeiterfotografie in Wikipedia- und Psiram-Darstellungen &#8211; also aus Sicht des Imperiums &#8211; als St\u00f6rfaktor gesehen werden.<br \/>\nNRhZ 678 vom 17.10.2018<br \/>\n<a href=\"http:\/\/www.nrhz.de\/flyer\/beitrag.php?id=25299\">http:\/\/www.nrhz.de\/flyer\/beitrag.php?id=25299<\/a><\/p>\n<p>5 Umfang und Standorte der in Deutschland stationierten US-Streitkr\u00e4fte im \u00dcberblick<br \/>\nKurzinformation des Wissenschaftlichen Dienstes des Deutschen Bundestags, 18.01.2017<br \/>\n<a href=\"https:\/\/www.bundestag.de\/blob\/496188\/c869cc88b6c8431f23271f5175072749\/wd-2-005-17-pdf-data.pdf\">https:\/\/www.bundestag.de\/blob\/496188\/c869cc88b6c8431f23271f5175072749\/wd-2-005-17-pdf-data.pdf<\/a><\/p>\n<hr \/>\n<p><span style=\"font-size: 10pt;\">Foto: (c) arbeiterfotografie.com, Bearbeitung: rlx<\/span><\/p>\n","protected":false},"excerpt":{"rendered":"<p>Vom 23.06. bis 30.06.2019 findet die diesj\u00e4hrige Aktionswoche \u201eStopp Air Base Ramstein\u201c statt.<br \/>\nWir ver\u00f6ffentlichen hier den Appell der Kampagne &#8222;NATO raus \u2013 raus aus der NATO&#8220; an die 3. Internationale Konferenz &#8222;No to Military Bases &#038; Wars&#8220; in Ramstein am 28.6.2019 sowie den Beitrag &#8222;Den Hebel zur Beseitigung verschweigen?&#8220; \u00fcber den Aufenthalt ausl\u00e4ndischer Streitkr\u00e4fte in der Bundesrepublik Deutschland von Anneliese Fikentscher und Andreas Neumann.<\/p>\n","protected":false},"author":3,"featured_media":6527,"comment_status":"closed","ping_status":"closed","sticky":false,"template":"","format":"standard","meta":{"colormag_page_container_layout":"default_layout","colormag_page_sidebar_layout":"default_layout","advanced_seo_description":"","jetpack_seo_html_title":"","jetpack_seo_noindex":false,"jetpack_post_was_ever_published":false,"footnotes":""},"categories":[13,20],"tags":[681,335,60,63],"class_list":["post-6522","post","type-post","status-publish","format-standard","has-post-thumbnail","hentry","category-frieden-antifaschismus-solidaritaet","category-zentrale-veranstaltungen","tag-deutschland-raus-aus-der-nato","tag-frieden","tag-kampagne-stopp-ramstein","tag-nato-raus-aus-deutschland"],"jetpack_featured_media_url":"https:\/\/i0.wp.com\/www.freidenker.org\/fw17\/wp-content\/uploads\/2019\/06\/friedenstauben_800x445.jpg?fit=800%2C445&ssl=1","jetpack_shortlink":"https:\/\/wp.me\/p9stpK-1Hc","jetpack-related-posts":[{"id":4491,"url":"https:\/\/www.freidenker.org\/?p=4491","url_meta":{"origin":6522,"position":0},"title":"Aktionswoche Stopp Air Base Ramstein 2017","author":"Webredaktion","date":"12. September 2017","format":false,"excerpt":"Kurzbericht von der Aktionswoche an der Ramstein Air Base vom 3. bis zum 10.09.2017 Die diesj\u00e4hrigen Aktionen gegen die Air Base Ramstein wurden von den Veranstaltern als gro\u00dfer Erfolg gewertet: Sie waren eine der gro\u00dfen Aktionen der Friedensbewegung, als Einzelaktion 2017 mit Abstand die gr\u00f6\u00dfte Friedensaktion in Deutschland. Die Gr\u00fcndung\u2026","rel":"","context":"In &quot;Frieden - Antifaschismus - Solidarit\u00e4t&quot;","block_context":{"text":"Frieden - Antifaschismus - Solidarit\u00e4t","link":"https:\/\/www.freidenker.org\/?cat=13"},"img":{"alt_text":"","src":"https:\/\/i0.wp.com\/www.freidenker.org\/fw17\/wp-content\/uploads\/2018\/02\/Ramstein-2017.jpg?fit=800%2C445&ssl=1&resize=350%2C200","width":350,"height":200,"srcset":"https:\/\/i0.wp.com\/www.freidenker.org\/fw17\/wp-content\/uploads\/2018\/02\/Ramstein-2017.jpg?fit=800%2C445&ssl=1&resize=350%2C200 1x, https:\/\/i0.wp.com\/www.freidenker.org\/fw17\/wp-content\/uploads\/2018\/02\/Ramstein-2017.jpg?fit=800%2C445&ssl=1&resize=525%2C300 1.5x, https:\/\/i0.wp.com\/www.freidenker.org\/fw17\/wp-content\/uploads\/2018\/02\/Ramstein-2017.jpg?fit=800%2C445&ssl=1&resize=700%2C400 2x"},"classes":[]},{"id":7695,"url":"https:\/\/www.freidenker.org\/?p=7695","url_meta":{"origin":6522,"position":1},"title":"Kriegsmoloch verbannen \u2013 damit von deutschem Boden nur Frieden ausgeht","author":"Webredaktion","date":"16. M\u00e4rz 2020","format":false,"excerpt":"Die K\u00fcndigung des Truppenstationierungsvertrags (NATO raus) und der Austritt aus der NATO (raus aus der NATO) lassen Kriegsman\u00f6ver wie \"Defender Europe 2020\" der Vergangenheit angeh\u00f6ren. Und f\u00fcr vieles andere, was die Friedensbewegung fordert, wird ein konkreter Weg Richtung Realisierung sichtbar. DIE LINKE im Bundestag hat das schon erkannt. Ihre Antr\u00e4ge\u2026","rel":"","context":"In &quot;Frieden - Antifaschismus - Solidarit\u00e4t&quot;","block_context":{"text":"Frieden - Antifaschismus - Solidarit\u00e4t","link":"https:\/\/www.freidenker.org\/?cat=13"},"img":{"alt_text":"","src":"https:\/\/i0.wp.com\/www.freidenker.org\/fw17\/wp-content\/uploads\/2020\/03\/faltblatt_nato-raus_2020_800x445.jpg?fit=800%2C445&ssl=1&resize=350%2C200","width":350,"height":200,"srcset":"https:\/\/i0.wp.com\/www.freidenker.org\/fw17\/wp-content\/uploads\/2020\/03\/faltblatt_nato-raus_2020_800x445.jpg?fit=800%2C445&ssl=1&resize=350%2C200 1x, https:\/\/i0.wp.com\/www.freidenker.org\/fw17\/wp-content\/uploads\/2020\/03\/faltblatt_nato-raus_2020_800x445.jpg?fit=800%2C445&ssl=1&resize=525%2C300 1.5x, https:\/\/i0.wp.com\/www.freidenker.org\/fw17\/wp-content\/uploads\/2020\/03\/faltblatt_nato-raus_2020_800x445.jpg?fit=800%2C445&ssl=1&resize=700%2C400 2x"},"classes":[]},{"id":2988,"url":"https:\/\/www.freidenker.org\/?p=2988","url_meta":{"origin":6522,"position":2},"title":"Freidenker-Brief 6-2015: Deutschland raus aus der NATO &#8211; NATO raus aus Deutschland","author":"Webredaktion","date":"27. August 2015","format":false,"excerpt":"W\u00e4hrend manche \"Institutionen\" der Friedensbewegung fortgesetzt die Diskussion \u201eWie weiter mit der Friedensbewegung?\u201c f\u00fchren, gibt es erfreulicherweise auch Friedenskr\u00e4fte, die angesichts der gef\u00e4hrlichen internationalen Entwicklung aktiv werden, die auf Aktionen und auf Klarheit dr\u00e4ngen: Einerseits die im \"AK Frieden \/ Internationales\" des Deutschen Freidenker-Verbandes erarbeitete programmatische Erkl\u00e4rung zu Fragen von\u2026","rel":"","context":"In &quot;Freidenker-Brief&quot;","block_context":{"text":"Freidenker-Brief","link":"https:\/\/www.freidenker.org\/?cat=341"},"img":{"alt_text":"","src":"https:\/\/i0.wp.com\/www.freidenker.org\/fw17\/wp-content\/uploads\/2015\/08\/Global_Hawk_800x445_mLogo.jpg?fit=800%2C445&ssl=1&resize=350%2C200","width":350,"height":200,"srcset":"https:\/\/i0.wp.com\/www.freidenker.org\/fw17\/wp-content\/uploads\/2015\/08\/Global_Hawk_800x445_mLogo.jpg?fit=800%2C445&ssl=1&resize=350%2C200 1x, https:\/\/i0.wp.com\/www.freidenker.org\/fw17\/wp-content\/uploads\/2015\/08\/Global_Hawk_800x445_mLogo.jpg?fit=800%2C445&ssl=1&resize=525%2C300 1.5x, https:\/\/i0.wp.com\/www.freidenker.org\/fw17\/wp-content\/uploads\/2015\/08\/Global_Hawk_800x445_mLogo.jpg?fit=800%2C445&ssl=1&resize=700%2C400 2x"},"classes":[]},{"id":5273,"url":"https:\/\/www.freidenker.org\/?p=5273","url_meta":{"origin":6522,"position":3},"title":"Ramstein 2018: Die &#8222;neue Ostfront&#8220;","author":"Webredaktion","date":"4. Juli 2018","format":false,"excerpt":"Warum brauchen wir \"kriegsverwendungsf\u00e4hige Stra\u00dfen\"? Rede von Klaus Hartmann auf der Auftaktkundgebung zur Demonstration \"Stopp Air Base Ramstein 2018\" in Landstuhl am 30. Juni 2018 Es ist Aktiven wie dem Freidenker-Vorsitzenden Klaus Hartmann hoch anzurechnen, dass sie nicht davon ablassen, darauf aufmerksam zu machen, dass mit der K\u00fcndigung des Truppenstationierungsvertrages\u2026","rel":"","context":"In &quot;Frieden - Antifaschismus - Solidarit\u00e4t&quot;","block_context":{"text":"Frieden - Antifaschismus - Solidarit\u00e4t","link":"https:\/\/www.freidenker.org\/?cat=13"},"img":{"alt_text":"","src":"https:\/\/i0.wp.com\/www.freidenker.org\/fw17\/wp-content\/uploads\/2018\/07\/ramstein2018_hartmann_800x445.jpg?fit=800%2C445&ssl=1&resize=350%2C200","width":350,"height":200,"srcset":"https:\/\/i0.wp.com\/www.freidenker.org\/fw17\/wp-content\/uploads\/2018\/07\/ramstein2018_hartmann_800x445.jpg?fit=800%2C445&ssl=1&resize=350%2C200 1x, https:\/\/i0.wp.com\/www.freidenker.org\/fw17\/wp-content\/uploads\/2018\/07\/ramstein2018_hartmann_800x445.jpg?fit=800%2C445&ssl=1&resize=525%2C300 1.5x, https:\/\/i0.wp.com\/www.freidenker.org\/fw17\/wp-content\/uploads\/2018\/07\/ramstein2018_hartmann_800x445.jpg?fit=800%2C445&ssl=1&resize=700%2C400 2x"},"classes":[]},{"id":275,"url":"https:\/\/www.freidenker.org\/?p=275","url_meta":{"origin":6522,"position":4},"title":"Freidenker-Brief 2-2016: Kampagne Stopp Ramstein \u2013 Aktionswochenende im Juni","author":"Webmaster","date":"3. Juni 2016","format":false,"excerpt":"Der Deutsche Freidenker-Verband appelliert an seine Mitglieder und Sympathisanten, die Kampagne \u201eStopp Ramstein\u201c zu unterst\u00fctzen und an dem Aktionswochenende in Kaiserslautern\/Ramstein, 10. \u2013 12. Juni 2016, teilzunehmen. \u201eDie US-Airbase in Ramstein repr\u00e4sentiert fast alle Friedensbedrohungen, denen wir heute ausgesetzt sind.\u201c So Klaus Hartmann, der Vorsitzende des Deutschen Freidenker-Verbands in einem\u2026","rel":"","context":"In &quot;Freidenker-Brief&quot;","block_context":{"text":"Freidenker-Brief","link":"https:\/\/www.freidenker.org\/?cat=341"},"img":{"alt_text":"","src":"https:\/\/i0.wp.com\/www.freidenker.org\/fw17\/wp-content\/uploads\/2016\/07\/Megaphone.jpg?fit=800%2C445&ssl=1&resize=350%2C200","width":350,"height":200,"srcset":"https:\/\/i0.wp.com\/www.freidenker.org\/fw17\/wp-content\/uploads\/2016\/07\/Megaphone.jpg?fit=800%2C445&ssl=1&resize=350%2C200 1x, https:\/\/i0.wp.com\/www.freidenker.org\/fw17\/wp-content\/uploads\/2016\/07\/Megaphone.jpg?fit=800%2C445&ssl=1&resize=525%2C300 1.5x, https:\/\/i0.wp.com\/www.freidenker.org\/fw17\/wp-content\/uploads\/2016\/07\/Megaphone.jpg?fit=800%2C445&ssl=1&resize=700%2C400 2x"},"classes":[]},{"id":6514,"url":"https:\/\/www.freidenker.org\/?p=6514","url_meta":{"origin":6522,"position":5},"title":"Die U.S. Milit\u00e4rbasis in Ramstein &#038; die anstehende Demonstration dagegen","author":"Webredaktion","date":"20. Juni 2019","format":false,"excerpt":"Video-Interview mit Reiner Braun Vom 23.06. bis 30.06.2019 findet die diesj\u00e4hrige Aktionswoche \"Stopp Air Base Ramstein\" statt. In einem Video nimmt Reiner Braun Stellung zur Bedeutung der Kriegsdrehscheibe Ramstein und den notwendigen Protest dagegen.","rel":"","context":"In &quot;Frieden - Antifaschismus - Solidarit\u00e4t&quot;","block_context":{"text":"Frieden - Antifaschismus - Solidarit\u00e4t","link":"https:\/\/www.freidenker.org\/?cat=13"},"img":{"alt_text":"","src":"https:\/\/i0.wp.com\/www.freidenker.org\/fw17\/wp-content\/uploads\/2019\/06\/ramstein_27-2018-06-30-_800x445.jpg?fit=800%2C445&ssl=1&resize=350%2C200","width":350,"height":200,"srcset":"https:\/\/i0.wp.com\/www.freidenker.org\/fw17\/wp-content\/uploads\/2019\/06\/ramstein_27-2018-06-30-_800x445.jpg?fit=800%2C445&ssl=1&resize=350%2C200 1x, https:\/\/i0.wp.com\/www.freidenker.org\/fw17\/wp-content\/uploads\/2019\/06\/ramstein_27-2018-06-30-_800x445.jpg?fit=800%2C445&ssl=1&resize=525%2C300 1.5x, https:\/\/i0.wp.com\/www.freidenker.org\/fw17\/wp-content\/uploads\/2019\/06\/ramstein_27-2018-06-30-_800x445.jpg?fit=800%2C445&ssl=1&resize=700%2C400 2x"},"classes":[]}],"_links":{"self":[{"href":"https:\/\/www.freidenker.org\/index.php?rest_route=\/wp\/v2\/posts\/6522","targetHints":{"allow":["GET"]}}],"collection":[{"href":"https:\/\/www.freidenker.org\/index.php?rest_route=\/wp\/v2\/posts"}],"about":[{"href":"https:\/\/www.freidenker.org\/index.php?rest_route=\/wp\/v2\/types\/post"}],"author":[{"embeddable":true,"href":"https:\/\/www.freidenker.org\/index.php?rest_route=\/wp\/v2\/users\/3"}],"replies":[{"embeddable":true,"href":"https:\/\/www.freidenker.org\/index.php?rest_route=%2Fwp%2Fv2%2Fcomments&post=6522"}],"version-history":[{"count":0,"href":"https:\/\/www.freidenker.org\/index.php?rest_route=\/wp\/v2\/posts\/6522\/revisions"}],"wp:featuredmedia":[{"embeddable":true,"href":"https:\/\/www.freidenker.org\/index.php?rest_route=\/wp\/v2\/media\/6527"}],"wp:attachment":[{"href":"https:\/\/www.freidenker.org\/index.php?rest_route=%2Fwp%2Fv2%2Fmedia&parent=6522"}],"wp:term":[{"taxonomy":"category","embeddable":true,"href":"https:\/\/www.freidenker.org\/index.php?rest_route=%2Fwp%2Fv2%2Fcategories&post=6522"},{"taxonomy":"post_tag","embeddable":true,"href":"https:\/\/www.freidenker.org\/index.php?rest_route=%2Fwp%2Fv2%2Ftags&post=6522"}],"curies":[{"name":"wp","href":"https:\/\/api.w.org\/{rel}","templated":true}]}}