{"id":6489,"date":"2019-06-10T00:26:58","date_gmt":"2019-06-09T22:26:58","guid":{"rendered":"https:\/\/www.freidenker.org\/?p=6489"},"modified":"2019-08-10T03:37:37","modified_gmt":"2019-08-10T01:37:37","slug":"die-werte-elite","status":"publish","type":"post","link":"https:\/\/www.freidenker.org\/?p=6489","title":{"rendered":"Die Werte-Elite"},"content":{"rendered":"<p align=\"LEFT\"><em>von <strong>R\u00fcdiger Rauls<\/strong><\/em><b><br \/>\n<\/b><\/p>\n<p align=\"LEFT\">Die Europawahl gab Einblick in die inneren Zust\u00e4nde der deutschen Gesellschaft. Sie f\u00f6rderte Unverst\u00e4ndliches und Erstaunliches zutage. Wieso zerfallen die bisherigen Volksparteien wieso profitieren gerade die Gr\u00fcnen davon? Welche gesellschaftlichen Entwicklungen offenbaren sich darin?<\/p>\n<h5 align=\"LEFT\">Eliten im Wandel<\/h5>\n<p align=\"LEFT\">Nach dem 2. Weltkrieg waren Eliten und die hierarchische Struktur der Gesellschaft weitgehend noch genauso wie davor. In der Wirtschaft herrschten die sogenannten Wirtschaftskapit\u00e4ne \u00fcber die gro\u00dfen Betriebe (Der Begriff des Wirtschaftsf\u00fchrers war aus der Mode gekommen). Daneben gab es die akademische Elite und unter den beiden in niederer gesellschaftlicher Stellung und Ansehen das einfache Volk. Das \u00e4nderte sich mit dem Sputnik-Schock und dem Wirtschaftswunder.<\/p>\n<p align=\"LEFT\">Ersterer hatte die Kraft und Intelligenz des damals noch ver\u00e4chtlich betrachteten einfachen Volkes offensichtlich werden lassen. Die Bev\u00f6lkerung des Arbeiter- und Bauernstaates Sowjetunion hatte den kapitalistischen Westen in der Raumfahrt, also dem damals technologisch anspruchsvollsten Bereich von Wirtschaft, Wissenschaft und Technik, \u00fcberholt. Nicht nur das: Diese Leistung gelang den V\u00f6lkern der Sowjetunion wesentlich fr\u00fcher, als alle westlichen Geheimdienste in Aussicht gestellt hatten.<\/p>\n<p align=\"LEFT\">Die Folge war im Westen eine Demokratisierung der Bildung. Man erkannte, dass man sich nicht alleine auf die S\u00f6hne und T\u00f6chter aus den besseren H\u00e4usern st\u00fctzen konnte, um im Konkurrenzkampf mit der Volksmacht UdSSR mithalten zu k\u00f6nnen. Auch die Arbeiterkinder im Westen erhielten nun leichteren Zugang zu Gymnasien und Universit\u00e4ten. Das aber untergrub das Bildungsmonopol der akademischen Elite und versetzte ihrem damals noch weit verbreiteten D\u00fcnkel einen schweren Schlag.<\/p>\n<p align=\"LEFT\">Das gleichzeitig sich vollziehende Wirtschaftswunder brachte auf breiterer Ebene eine neue gesellschaftliche Erscheinung hervor, die sogenannten Neureichen. Sie hatten sich aus einfachsten Verh\u00e4ltnissen durch meist handwerkliches Geschick und Flei\u00df emporgearbeitet und es zu Reichtum gebracht. Oftmals waren sie sogar wohlhabender als die Absolventen der Hochschulen, dann sogar bei ihnen als Angestellte anheuern mussten. Das war der zweite Schlag f\u00fcr die akademische Elite. Ungebildete Empork\u00f6mmlinge erreichten mit \u201eeinfachen\u201c F\u00e4higkeiten mehr als sie mit all ihren geistigen, die sie bisher doch immer als \u00fcberlegen angesehen hatten.<\/p>\n<p align=\"LEFT\">Durch die Demokratisierung der akademischen Bildung verlor diese viel von ihrer Exklusivit\u00e4t. Die 68er-Bewegung nahm ihr dann auch noch die Autorit\u00e4t: \u201eUnter den Talaren steckt der Mief von Hundert Jahren\u201c. Das Abitur verlor seinen Stellenwert als Ausweis besonderer Intelligenz. Es gilt als nichts Besonderes mehr wie auch das Studium, wenn die H\u00e4lfte eines Jahrgangs mittlerweile die Universit\u00e4ten besucht. Die akademische Elite verlor ihre Bedeutung.<\/p>\n<h5 align=\"LEFT\">Neue Wertma\u00dfst\u00e4be<\/h5>\n<p align=\"LEFT\">Das Wirtschaftswunder hatte die Entbehrungen der Nachkriegszeit vergessen lassen. Die Grundbed\u00fcrfnisse wie ausreichende Ern\u00e4hrung, menschenw\u00fcrdiges Wohnen und umfangreiche Gesundheitsversorgung waren Standard geworden in den westlichen Gesellschaften. Nun r\u00fcckte die Erf\u00fcllung ideeller Werte immer mehr in den Vordergrund. Dazu geh\u00f6rten neben Bildung und Kultur auch die politischen Forderungen nach Frieden und der \u00dcberwindung des Ost-West-Konflikts.<\/p>\n<p align=\"LEFT\">Die Konfrontation des Kalten Krieges und die st\u00e4ndige Gefahr der atomaren Katastrophe passten nicht mehr in die Zeit. Zudem hatten die Niederlagen des Westens in Korea, Vietnam und den Kriegen in Afrika nach dem Zerfall des portugiesischen Kolonialreiches gezeigt, dass die Armen der Welt keine Angst vor dem Kommunismus hatten und dass er deshalb mit kriegerischen Mitteln nicht zu besiegen war.<\/p>\n<p align=\"LEFT\">Diese Erkenntnis f\u00fchrte nach der Niederlage in Vietnam unter dem US-Pr\u00e4sidenten Jimmy Carter zu einer neuen Strategie im Kampf gegen den Kommunismus, der Menschenrechts-Politik. Sie bot nicht nur eine neue Perspektive im Kampf gegen den Kommunismus, sondern verstand es auch, dem ehrlichen und zutiefst menschlichen Wunsch breiter Schichten nach Frieden und einer gerechteren Welt eine Aussicht auf Erf\u00fcllung zu geben.<\/p>\n<p align=\"LEFT\">Ausdruck dieses Friedenswunsches zwischen Ost und West, zwischen Kapitalismus und Sozialismus war die sogenannte Friedliche Koexistenz zwischen den politischen Systemen. Der Wunsch nach Frieden ging aber \u00fcber den politischen Bereich hinaus in den zwischenmenschlichen, auch in den Umgang mit der Natur. Friedensinitiativen, Frauenbewegung, die Anti-AKW-Bewegung und auch die Gr\u00fcndung der Gr\u00fcnen waren Ausdruck dieser Ver\u00e4nderungen der Wertma\u00dfst\u00e4be im weltweiten Bewusstsein.<\/p>\n<h5 align=\"LEFT\">Und deren Verkehrung<\/h5>\n<p align=\"LEFT\">Da sich die geweckten Friedenshoffnungen in der Welt nicht so erf\u00fcllten, wie die meisten Menschen gehofft hatten, mussten vonseiten der politischen Kr\u00e4fte Schuldige f\u00fcr den Misserfolg benannt werden. Als Schuldige wurden all jene angeprangert, die in der Menschenrechts-Politik nicht so mitzogen, wie es den Vorstellungen des Westens entsprach. Und man war anfangs sehr erfolgreich darin, Menschenrechtsverletzer zu identifizieren. Es waren in der Regel die politischen Gegner, haupts\u00e4chlich die sozialistischen Staaten, zu deren Diskreditierung ja auch diese werteorientierte Kampagne ins Leben gerufen worden war.<\/p>\n<p align=\"LEFT\">In Diskussionen \u00fcber die Vorg\u00e4nge in der Welt stand immer seltener die sachliche Auseinandersetzung \u00fcber die Hintergr\u00fcnde von Konflikten und die Interessen der daran Beteiligten im Mittelpunkt. Immer h\u00e4ufiger wurden die politischen Auseinandersetzung nur unter dem Aspekt der Menschenrechte betrachtet. Der Erkenntnisprozess wurde ersetzt durch die Suche nach Schuldigen. Moralismus nahm immer mehr den Platz der sachlichen Analyse ein.<\/p>\n<p align=\"LEFT\">Diese Ver\u00e4nderung erfasste nicht nur die Diskussionen um politische Themen. Gelang es schon nicht, die Welt friedlicher zu machen, so sollten doch wenigstens die zwischenmenschlichen Beziehungen \u201efriedfertiger\u201c, werteorientierter werden. Konflikte sollten tunlichst vermieden werden.<i> <\/i>Unterschiedliche Ansichten und Interessen wurden nicht mehr offen angesprochen, sondern unter dem unausgesprochenen Gebot einer seichten Friedfertigkeit, das die Gesellschaft immer mehr durchdrang, wegmoderiert. Friede war nicht mehr Ausdruck von beigelegten Konflikten sondern von vermiedenen, unterdr\u00fcckten.<\/p>\n<p align=\"LEFT\">Nabelschau, Befindlichkeit und Betroffenheit waren Trumpf. In der um sich greifenden Selbstbezogenheit ging die Offenheit f\u00fcr die Bed\u00fcrfnisse und Ansichten anderer Menschen immer mehr verloren. Das gesellschaftliche Klima wurde gereizter angesichts der um sich greifenden Ichbezogenheit. Um das nicht allzu offensichtlich werden zu lassen, verschwanden Konflikte, Auseinandersetzungen, Widerspruch und klare Worte aus der \u00f6ffentlichen Diskussionen besonders der Medien. Das war die N\u00e4hrl\u00f6sung, in der sich feinf\u00fchlige Intellektuelle wohl f\u00fchlten, weniger aber proletarisch gepr\u00e4gte Gruppen der Gesellschaft.<\/p>\n<p align=\"LEFT\">Diese verschwanden immer mehr aus der Diskussion in den Medien, fanden kein Geh\u00f6r mehr und meldeten sich deshalb auch immer weniger zu Wort. \u00d6ffentliche Diskussion und Teilhabe an der gesellschaftlichen Gestaltung wurden ihnen immer gleichg\u00fcltiger. Die proletarisch gepr\u00e4gten Kreise f\u00fchlten sich nicht mehr dazugeh\u00f6rig, \u00fcbergangen und an den Rand gedr\u00e4ngt.<\/p>\n<p align=\"LEFT\">Sprache, die nicht angreifbar war, weil weitgehend inhaltsleer, wurde zum Herrschaftsinstrument der Intellektuellen. Zunehmend bestimmten sie die \u00f6ffentliche Debatte, legten Sprachregelungen fest, erkl\u00e4rten, was gesagt werden durfte und was nicht. Meinungsfreiheit war verkommen zur Freiheit der Meinungsmacher, zur Manipulation. Nicht mehr inhaltliche Aussagekraft war entscheidend in den Diskussionen sondern die formal korrekte Ausdrucksweise, durchgegendert und minderheitenneutral.<\/p>\n<p align=\"LEFT\">Intellektuelle bestimmen als gesellschaftliche Minderheit die \u00f6ffentliche Meinung bis heute. Sie haben in Politik, Medien und Kultur die f\u00fchrenden Positionen eingenommen und setzen damit die Themen, Ansichten, Theorien, Meinungen und Sprachregelungen. Sie geben der gesellschaftlichen Mehrheit zu verstehen, welche Themen tabu sind und wie bei den nicht tabuisierten gedacht werden sollte. Das geschieht nicht durch Verbot sondern durch den Aufschrei der Emp\u00f6rung.<\/p>\n<p align=\"LEFT\">Im Kesseltreiben von Unsachlichkeit und Emotionalisierung werden Andersdenkende mundtot gemacht. Laut einer Umfrage des Instituts f\u00fcr Demoskopie Allensbach waren ann\u00e4hernd zwei Drittel der B\u00fcrger in Deutschland \u00fcberzeugt, \u201eman m\u00fcsse heute sehr aufpassen, zu welchen Themen man sich wie \u00e4u\u00dfert\u201c (1). Das ist der Befund einer Gesellschaft, deren politische und intellektuelle F\u00fchrung sich berufen w\u00e4hnt, andere in Sachen Meinungsfreiheit zu missionieren.<\/p>\n<h5 align=\"LEFT\">Die neue Elite<\/h5>\n<p align=\"LEFT\">Elite braucht das Gef\u00fchl und Selbstverst\u00e4ndnis von \u00dcberlegenheit. Dieses Bewusstsein entwickelt, wer sich durch besondere Leistungen oder F\u00e4higkeiten glaubt, von der Masse abzuheben oder \u00fcber sie erheben zu k\u00f6nnen. Heute bildet sich dieses Selbstverst\u00e4ndnis im Kampf f\u00fcr \u201edas Gute\u201c im allgemeinen, im besonderen f\u00fcr Minderheiten, f\u00fcr die Schwachen, die sich selbst nicht helfen k\u00f6nnen oder von denen man das annimmt, wie zum Beispiel Tiere oder die Umwelt und der gesamte Planet.<\/p>\n<p align=\"LEFT\">Die neue Elite ist werteorientiert und definiert sich dar\u00fcber. Auch wenn fast jeder etwas anderes darunter versteht und die Einhaltung der Werte so interpretiert, wie sie den eigenen Interessen und dem eigenen Lebensstil gerade recht kommen. Diese Elite setzt sich in erster Linie zusammen aus dem st\u00e4dtischen intellektuellen Milieu, meist akademisch gebildet. Sie gibt sich aufgeschlossen, weltoffen und liberal und betrachtet sich eher als links, was immer das auch sein mag. Trotz dieser vermeintlich linken Orientierung ist man aber staatstragend, macht sich stark f\u00fcr Demokratie und Rechtsstaatlichkeit in dem Sinne, wie der Westen beides versteht.<\/p>\n<p align=\"LEFT\">Hier soll nicht bestritten werden, dass viele es ernst meinen mit den Werten, f\u00fcr die sie sich stark machen. Es kann aber auch nicht \u00fcbersehen werden, dass diese Werte mittlerweile zunehmend der Aus- und Abgrenzung dienen. Bio-Produkte, die von Discountern wie Aldi angeboten werden, werden von dieser \u00d6ko-Gemeinde nicht anerkannt mit dem Vorwurf, dass hier aus reiner Profitgier Bioprodukte verramscht werden.<\/p>\n<p align=\"LEFT\">Strom, Fl\u00fcge, Fleisch, Treibstoffe sollen teurer werden, damit durch die h\u00f6heren Preise die Ressourcen geschont werden. H\u00f6here Preise bedeuten aber auch, dass viele vom Genuss dieser Waren und Angebote ausgeschlossen sind. Nachhaltigkeit ist die neue Forderung, und Nachhaltigkeit hat ihren Preis. Nachhaltigkeit muss man sich leisten k\u00f6nnen, und die neue Elite kann es.<\/p>\n<p align=\"LEFT\">\u00c4hnlich selektiv wird nicht nur mit den materiellen sondern auch mit den ideellen Werten umgegangen. Auch die Menschenrechte, eine Markenkern der neuen Elite, scheinen nicht f\u00fcr alle gleich zu gelten. Der Jugoslawien-Krieg, der unter der Mitverantwortung der Gr\u00fcnen als humanit\u00e4re Intervention gef\u00fchrt wurde, achtete nicht die Menschenrechte derer, die Opfer der westlichen Bombardements wurden. Hatten sie kein Recht auf Leben und Unversehrtheit? Oder sind das die Opfer, die f\u00fcr die Werte gebracht werden m\u00fcssen?<\/p>\n<p align=\"LEFT\">In Libyen opferte man die Menschenrechte der Einwohner von Tripolis mit Zustimmung der K\u00e4mpfer f\u00fcr die Menschenrechte. In Syrien forderte die Gr\u00fcne G\u00f6ring-Eckert den Einsatz deutscher Soldaten zum Schutz der Jesiden. Das ist l\u00f6blich, aber tr\u00e4gt sie selbst die Opfer ihrer humanit\u00e4ren Intervention oder mutet sie diese ungefragt anderen zu? Man gef\u00e4llt sich in der Arbeitsteilung, dass die Werte-Orientierten die Opfer fordern, die andere erbringen sollen.<\/p>\n<h5 align=\"LEFT\">In der Falle<\/h5>\n<p align=\"LEFT\">Die neue Elite hat mit ihrer Werteorientierung und der damit verbundenen moralischen Emp\u00f6rung die sachliche Analyse und das Ringen um Erkenntnis an den Rand der gesellschaftlichen Diskussion gedr\u00e4ngt. So erkl\u00e4rt denn auch deren neues Idol, die Klima-Aktivistin Greta Thunberg, eine Sechzehnj\u00e4hrige, die sachliche Auseinandersetzung f\u00fcr \u00fcberholt. Sie will, wie sie selbst sagt, die Verantwortlichen und Erwachsenen in Panik versetzen. Und viele dieser Erwachsenen und Verantwortlichen haben anscheinend nichts besseres zu tun, als sich von einer Sechzehnj\u00e4hrigen in die Kopflosigkeit f\u00fchren zu lassen.<\/p>\n<p align=\"LEFT\">Seit Wochen beteiligen sich freitags Gretas Anh\u00e4nger in vielen europ\u00e4ischen St\u00e4dten an Demonstrationen auf Stra\u00dfen und Pl\u00e4tzen statt am Unterricht in den Schulen. Dass junge Menschen f\u00fcr eine bessere Welt eintreten, ist normal, ja sogar richtig. Denn sie setzen sich ein f\u00fcr die Welt, in der sie einmal leben sollen.<\/p>\n<p align=\"LEFT\">Aber an dieser Situation wird zweierlei deutlich: einerseits der elit\u00e4re Charakter dieser Bewegung, denn es sind die Obersch\u00fcler und Gymnasiasten, die die Bewegung tragen. Die Sch\u00fcler der unteren Schulen beteiligen sich nicht, und es ist auch nicht erkennbar, dass man sich um deren Teilnahme bem\u00fcht oder darauf Wert legt.<\/p>\n<p align=\"LEFT\">Andererseits offenbart sich die Hilflosigkeit von Erwachsenen und Verantwortlichen. Sie sind Geiseln ihrer eigenen Werteorientierung geworden. Denn wie wollen sie an Vernunft, Besonnenheit und Sachlichkeit appellieren, wenn sie selbst immer wieder die Bedeutung der h\u00f6heren Werte in den Vordergrund gestellt und als Messlatte ihre Handelns und des Handels anderer vorgegeben haben? Vernunft, Besonnenheit und Sachlichkeit sind Haltungen und F\u00e4higkeiten, die ihnen selbst zum gro\u00dfen Teil abhanden gekommen zu sein scheinen.<\/p>\n<p align=\"LEFT\">Das Bild der Werteorientierung haben Medien und Politik, aber auch Schulen und Lehrer den B\u00fcrgern und der Jugend vermittelt. Nun nehmen die Jugendlichen sie beim Wort und bringen sie dadurch in Bedr\u00e4ngnis. Denn Erwachsene und Verantwortliche wissen nicht, wie sie mit dem Protest umgehen sollen. Wenn sie ihn unterst\u00fctzen, leisten sie der \u00dcberschreitung von Regeln und gerade jener Rechtsstaatlichkeit Vorschub, die sie doch immer so hoch halten. Zudem wissen Eltern, gerade die des bildungsnahen intellektuellen Milieus, dass mit dem Unterrichtsausfall auch Konsequenzen f\u00fcr die Karriereaussichten entstehen k\u00f6nnen.<\/p>\n<p align=\"LEFT\">Andererseits aber f\u00fcrchten sie die Vorw\u00fcrfe und Emp\u00f6rung ihrer Kinder, deren Freunde sie doch sein wollen, coole Eltern statt autorit\u00e4re Spie\u00dfer. In den meisten F\u00e4llen besteht ja auch die Vorstellung von Erziehung als einer gemeinsam getroffenen Entscheidung zwischen Eltern und Kindern. Denn die neue Elite ist konfliktscheu und meidet Entscheidungen, f\u00fcr die sie Verantwortung tragen m\u00fcsste, besonders in der Erziehung.<\/p>\n<h5 align=\"LEFT\">Wieso gewinnen die Gr\u00fcnen?<\/h5>\n<p align=\"LEFT\">W\u00e4hrend die etablierten Parteien bei der Europawahl ordentlich Federn lassen mussten, gewannen die Gr\u00fcnen. Sind nun die Deutschen auf einmal zu Umwelt- und Klimasch\u00fctzern geworden? Sicherlich wollen viele W\u00e4hler den Planeten retten, dessen Untergang die Klima-Aktivisten an die Wand malen. Auch sie sind von der Panik ergriffen, in die Greta Thunberg und ihre J\u00fcnger die Menschen versetzen. Angst ist mittlerweile zum bestimmenden Gef\u00fchl in Deutschland geworden. Erst machten ihnen die Fl\u00fcchtlinge Angst, nun ist es die Umwelt-Apokalypse.<\/p>\n<p align=\"LEFT\">Besonnene Stimmen, die zu sachlichem Umgang mit den Themen mahnen und andere Sichtweisen anbieten, dringen bei Medien und Politik kaum noch durch. So entsteht der Eindruck in der \u00d6ffentlichkeit, dass die Bedrohung real ist, dass es keine Zweifel und anderen Ansichten dazu gibt. Wer Zweifel \u00e4u\u00dfert, kann nicht ernst genommen werden und andere Ansichten werden als unwissenschaftlich abgetan. Und da scheinbar alle so denken, wie die Medien den Eindruck vermitteln, traut sich auch kaum jemand, Bedenken zu \u00e4u\u00dfern. Um nicht als Au\u00dfenseiter zu gelten, laufen viele mit im Zug der Klimakatastrophen-Lemminge.<\/p>\n<p align=\"LEFT\">Es ist deshalb fraglich, ob die meisten derer, die die Gr\u00fcnen w\u00e4hlten, es aus \u00dcberzeugung taten oder weil sie nicht eher auf der richtigen Seite stehen wollen. Wollen sie vielleicht nur unangreifbar sein und nicht unter Rechtfertigungsdruck stehen? \u201eKlima wird zur Spaltfrage der Gesellschaft\u201c(2), so aufgeheizt scheint die Stimmung mittlerweile. Da will sich niemand im Auge des Orkans der Vorw\u00fcrfe und Kritik wiederfinden, der sich solchen Auseinandersetzungen nicht gewachsen f\u00fchlt.<\/p>\n<p align=\"LEFT\">Denn da die Medien, aber auch gro\u00dfe Teile der Politik inzwischen in den Chor der Klimakatastrophe einstimmen, fehlen den meisten Menschen die notwendigen Argumente, Fakten und Ansichten, um sich ein klareres und ruhigeres Bild von der Lage machen zu k\u00f6nnen. Den Zweifelnden fehlen die Grundlagen, um sich mit den Klima-Apokalyptikern auseinanderzusetzen, denn auch die alten Volksparteien, die bisher meinungsbildend waren, k\u00f6nnen keine Orientierung mehr geben.<\/p>\n<p align=\"LEFT\">Einerseits sind sie sind konfrontiert mit einer Offensive der Meinungsmache der Medien, haupts\u00e4chlich aus dem Internet, getragen von Emp\u00f6rung und Eifer der meist jugendlichen Klima-Aktivisten, der sie nichts entgegen zu setzen habe,. Andererseits aber ist die Politik auch aufgrund der vielen unterschiedlichen Interessen gel\u00e4hmt, die in der Klima-Diskussion aufeinandertreffen und ber\u00fccksichtigt sein wollen.<\/p>\n<p align=\"LEFT\">Aber haupts\u00e4chlich werden CDU und SPD Opfer ihrer vorgeblichen Werteorientierung, die sie seit Jahren als die Grundlagen ihrer Politik und westlicher Politik allgemein erkl\u00e4rt haben. Aber in Wirklichkeit gibt in der Gesellschaft keine gemeinsamen Werte mehr, denen sich alle gesellschaftlichen und politischen Kr\u00e4fte verpflichtet f\u00fchlen und derentwillen sie die eigenen Interessen hintan zu stellen bereit sind. Es gibt nur noch Interessen, die sich hinter den Werten verstecken.<\/p>\n<p align=\"LEFT\">Die alten Volksparteien verlieren immer mehr den Zugriff auf die Bev\u00f6lkerung. Im Gegensatz zu den Gr\u00fcnen fehlen ihnen die Themen, mit denen sie die Bev\u00f6lkerung an sich binden k\u00f6nnen. Und bei Themen, die den Menschen unter den N\u00e4geln brennen, wie beispielsweise der Wohnungsnot, k\u00f6nnen sie keine L\u00f6sungen anbieten, ohne mit m\u00e4chtigen Interessengruppen in Konflikt zu geraten beziehungsweise an die Grenzen der Rechtsordnung zu sto\u00dfen.<\/p>\n<p align=\"LEFT\">Die Gr\u00fcnen stehen in den Augen derer gut da, f\u00fcr die die \u00f6kologischen Themen Vorrang haben. Sie setzen die Schwerpunkte der Klimadiskussion, stellen die Forderungen auf und setzen die Regierung unter Druck, L\u00f6sungen anzubieten. Die Aktivisten der Fridays-for-Future-Bewegung verdeutlichen diese Erwartungshaltung sehr treffend: \u201e#FFFfordert: Wir haben gesprochen, jetzt m\u00fcsst ihr handeln!\u201c(3). Das ist nat\u00fcrlich eine sehr komfortable Situation, die die Klima-Aktivisten als diejenigen dastehen lassen, die sich um die Welt sorgen, und die Regierung als unf\u00e4hig oder unwillig.<\/p>\n<p align=\"LEFT\">Aber statt die Klima-Bewegung mit ihrer Anspruchshaltung, den Widerspr\u00fcchen ihrer Ansichten und Theorien sowie den Ungereimtheiten zwischen eigenen Erwartungen und eigenem Konsumverhalten zu konfrontieren, gehen SPD und CDU vor ihnen in die Knie. Statt die Angst erzeugenden Zukunftsszenarien aus Computermodellen und Projektionen mit der Wirklichkeit zu konfrontieren, versuchen die Altparteien, sich als die besseren Klima-Sch\u00fctzer darzustellen. Sie sind nicht in der Lage, die weitgehend von Emotionen und Vermutungen getriebene Sichtweise der Klima-Bewegung durch die Kraft der Argumente und eine auf Fakten gest\u00fctzte Argumentation zu entzaubern.<\/p>\n<p align=\"LEFT\">SPD und CDU haben kein Personal mehr, das \u00fcberzeugend die Auseinandersetzung mit den Emp\u00f6rten aufnehmen k\u00f6nnte, denn sie sind selbst mittlerweile gepr\u00e4gt von dem intellektuellen Milieu, dem diese Politik und deren Weltbild entspringt. Beides entspricht aber nicht der Lebenswirklichkeit des \u00fcberwiegenden Teils der Bev\u00f6lkerung.<\/p>\n<h5 align=\"LEFT\">Auf der anderen Seite<\/h5>\n<p align=\"LEFT\">Dieser Teil der Bev\u00f6lkerung orientiert sich anders. Erscheinungen wie der Brexit, die \u00fcberraschende und unerwartete Wahl Trumps, aber auch die Revolte der Gelbwesten sind deren Reaktionen auf den Zustand der Gesellschaft. Es geht dabei nicht nur um soziale Themen der Existenzsicherung und -bedrohung. Auch die Frage der Zuwanderung spielt darin nicht die Rolle, die man in den Medien darin zu sehen glaubt und vermittelt.<\/p>\n<p align=\"LEFT\">Hier verschaffen sich gesellschaftliche Gruppen wieder Geh\u00f6r &#8211; und zwar in ihrer Sprache, der Sprache der einfachen Leute &#8211; die in den letzten Jahren zunehmend aus der \u00f6ffentlichen Diskussion hinausgedr\u00e4ngt wurden und sich aus dieser verabschiedet haben. Es handelt sich \u2013 neben all den sozialen Aspekten \u2013 auch um eine Revolte der eher proletarisch gepr\u00e4gten Schichten gegen die Vorherrschaft der intellektuellen Kreise, gegen deren Themensetzung, deren Diskussionsstil, deren gesellschaftliches Selbstverst\u00e4ndnis.<\/p>\n<p align=\"LEFT\">Die Anh\u00e4nger Trumps und Farrages f\u00fchren diesen Kampf nicht selbst, sondern lassen ihn stellvertretend f\u00fcr sich und in ihrem Interessen f\u00fchren von Leuten, die wie Trump selbst der herrschenden Klasse angeh\u00f6ren. Doch diese sprechen wie Trump die Sprache der einfachen Leute und treten auf als die Volkstribune, die sich f\u00fcr den amerikanischen Arbeiter einsetzen oder wie Farrage f\u00fcr die Arbeiter der ver\u00f6deten St\u00e4dte in den englischen Midlands. Vielleicht verstehen sich sogar tats\u00e4chlich so.<\/p>\n<p align=\"LEFT\">Nur die Gelbwesten in Frankreich haben sich lieber auf die eigenen Kr\u00e4fte verlassen. Aber in beiden F\u00e4llen aber geht es darum, dass diese Gruppen, die einfachen Leute, wieder die gesellschaftliche Bedeutung einfordern, die ihnen aufgrund ihrer wichtigen Stellung in der Produktion und Aufrechterhaltung der Funktionsf\u00e4higkeit der Gesellschaft zusteht.<\/p>\n<p style=\"text-align: right;\" align=\"LEFT\"><em>R\u00fcdiger Rauls ist Mitglied des Deutschen Freidenker-Verbandes<\/em><\/p>\n<p align=\"LEFT\"><strong>Quellen<\/strong><\/p>\n<ol>\n<li>\n<p align=\"LEFT\"><i>FAZ vom 23.5.2019: Grenzen der Freiheit.<\/i><\/p>\n<\/li>\n<li>\n<p align=\"LEFT\"><i>FAZ vom 7.6.2019: Kramp-Karrenbauer: Klima wird zur Spaltfrage der Gesellschaft<\/i><\/p>\n<\/li>\n<li>\n<p align=\"LEFT\"><a href=\"https:\/\/fridaysforfuture.de\/ffffordert\/\"><i>https:\/\/fridaysforfuture.de\/ffffordert\/<\/i><\/a><\/p>\n<\/li>\n<\/ol>\n<p>&nbsp;<\/p>\n<p>Erstver\u00f6ffentlichung am 08.06.2019 im Blog des Autors: <a href=\"https:\/\/ruedigerraulsblog.wordpress.com\/2019\/06\/08\/die-werte-elite\/\" target=\"_blank\" rel=\"noopener noreferrer\">https:\/\/ruedigerraulsblog.wordpress.com\/2019\/06\/08\/die-werte-elite\/<\/a><\/p>\n<hr \/>\n<p><span style=\"font-size: 10pt;\">Bild: <a href=\"https:\/\/pixabay.com\/de\/photos\/jamaika-koalition-miniaturfiguren-2950985\/\" target=\"_blank\" rel=\"noopener noreferrer\">pixabay.com<\/a> \/ User: <a class=\"hover_opacity\" href=\"https:\/\/pixabay.com\/de\/users\/wir_sind_klein-6630807\/\">wir_sind_klein<\/a> \/ Lizenz: <a href=\"https:\/\/pixabay.com\/de\/service\/license\/\">Pixabay License<\/a><\/span><\/p>\n","protected":false},"excerpt":{"rendered":"<p><b>Beitrag von R\u00fcdiger Rauls<\/b><br \/>\nDie Europawahl gab Einblick in die inneren Zust\u00e4nde der deutschen Gesellschaft. Sie f\u00f6rderte Unverst\u00e4ndliches und Erstaunliches zutage. Wieso zerfallen die bisherigen Volksparteien wieso profitieren gerade die Gr\u00fcnen davon? Welche gesellschaftlichen Entwicklungen offenbaren sich darin?<\/p>\n","protected":false},"author":3,"featured_media":6490,"comment_status":"closed","ping_status":"closed","sticky":false,"template":"","format":"standard","meta":{"colormag_page_container_layout":"default_layout","colormag_page_sidebar_layout":"default_layout","advanced_seo_description":"","jetpack_seo_html_title":"","jetpack_seo_noindex":false,"jetpack_post_was_ever_published":false,"footnotes":""},"categories":[12],"tags":[1159,1145,124,1160,827],"class_list":["post-6489","post","type-post","status-publish","format-standard","has-post-thumbnail","hentry","category-demokratie-medien-aufklaerung","tag-eliten","tag-eu-wahlen","tag-politik","tag-werteorientierung","tag-werteverlust"],"jetpack_featured_media_url":"https:\/\/i0.wp.com\/www.freidenker.org\/fw17\/wp-content\/uploads\/2019\/06\/jamaica-2950985_800x445.jpg?fit=800%2C446&ssl=1","jetpack_shortlink":"https:\/\/wp.me\/p9stpK-1GF","jetpack-related-posts":[{"id":19482,"url":"https:\/\/www.freidenker.org\/?p=19482","url_meta":{"origin":6489,"position":0},"title":"Kein Ausweg \u2013 Die NATO auf der Schnellstra\u00dfe in den gro\u00dfen Krieg","author":"Webredaktion","date":"10. Juli 2024","format":false,"excerpt":"Beitrag von Rainer Rupp in zwei Teilen. Die NATO befindet sich auf der Schnellstra\u00dfe in den gro\u00dfen Krieg. In einer zweiteiligen Analyse erkl\u00e4rt unser Autor Rainer Rupp, wie es dazu kam. Dazu beleuchtet er im ersten Teil die Urspr\u00fcnge der sch\u00f6nen \"Neuen Weltordnung\" und die Entkopplung der westlichen Eliten von\u2026","rel":"","context":"In &quot;Demokratie \u2013 Medien \u2013 Aufkl\u00e4rung&quot;","block_context":{"text":"Demokratie \u2013 Medien \u2013 Aufkl\u00e4rung","link":"https:\/\/www.freidenker.org\/?cat=12"},"img":{"alt_text":"","src":"https:\/\/i0.wp.com\/www.freidenker.org\/fw17\/wp-content\/uploads\/2024\/07\/G7_Summit_in_Italy_53789451691_800x450.jpg?fit=800%2C450&ssl=1&resize=350%2C200","width":350,"height":200,"srcset":"https:\/\/i0.wp.com\/www.freidenker.org\/fw17\/wp-content\/uploads\/2024\/07\/G7_Summit_in_Italy_53789451691_800x450.jpg?fit=800%2C450&ssl=1&resize=350%2C200 1x, https:\/\/i0.wp.com\/www.freidenker.org\/fw17\/wp-content\/uploads\/2024\/07\/G7_Summit_in_Italy_53789451691_800x450.jpg?fit=800%2C450&ssl=1&resize=525%2C300 1.5x, https:\/\/i0.wp.com\/www.freidenker.org\/fw17\/wp-content\/uploads\/2024\/07\/G7_Summit_in_Italy_53789451691_800x450.jpg?fit=800%2C450&ssl=1&resize=700%2C400 2x"},"classes":[]},{"id":22367,"url":"https:\/\/www.freidenker.org\/?p=22367","url_meta":{"origin":6489,"position":1},"title":"Deutsche Politik: Die straflosen vier Prozent und ihre Katastrophen","author":"Webredaktion","date":"14. Juli 2025","format":false,"excerpt":"Beitrag von Dagmar Henn J\u00fcngst wurde es wieder einmal best\u00e4tigt: Die deutschen Eliten rekrutieren sich seit 150 Jahren aus denselben 4 Prozent der Bev\u00f6lkerung. Der neueste Aufsatz des Soziologen Michael Hartmann, der sein gesamtes berufliches Leben dieser Frage gewidmet hat, hat das wieder einmal best\u00e4tigt, und kurz \u2013 ein, zwei\u2026","rel":"","context":"In &quot;Demokratie \u2013 Medien \u2013 Aufkl\u00e4rung&quot;","block_context":{"text":"Demokratie \u2013 Medien \u2013 Aufkl\u00e4rung","link":"https:\/\/www.freidenker.org\/?cat=12"},"img":{"alt_text":"","src":"https:\/\/i0.wp.com\/www.freidenker.org\/fw17\/wp-content\/uploads\/2025\/07\/2025-05-05_Unterzeichnung_Koalitionsvertrag_122_cropped_800x450.jpg?fit=800%2C450&ssl=1&resize=350%2C200","width":350,"height":200,"srcset":"https:\/\/i0.wp.com\/www.freidenker.org\/fw17\/wp-content\/uploads\/2025\/07\/2025-05-05_Unterzeichnung_Koalitionsvertrag_122_cropped_800x450.jpg?fit=800%2C450&ssl=1&resize=350%2C200 1x, https:\/\/i0.wp.com\/www.freidenker.org\/fw17\/wp-content\/uploads\/2025\/07\/2025-05-05_Unterzeichnung_Koalitionsvertrag_122_cropped_800x450.jpg?fit=800%2C450&ssl=1&resize=525%2C300 1.5x, https:\/\/i0.wp.com\/www.freidenker.org\/fw17\/wp-content\/uploads\/2025\/07\/2025-05-05_Unterzeichnung_Koalitionsvertrag_122_cropped_800x450.jpg?fit=800%2C450&ssl=1&resize=700%2C400 2x"},"classes":[]},{"id":14310,"url":"https:\/\/www.freidenker.org\/?p=14310","url_meta":{"origin":6489,"position":2},"title":"Randbemerkungen gegen eine Hypnose durch den \u201eGreat Reset\u201c","author":"Webredaktion","date":"30. September 2022","format":false,"excerpt":"Beitrag von Klaus Linder aus FREIDENKER 3-22 Das Buch \u201eThe Great Reset\u201c, deutsch: \u201eCovid-19 - Der gro\u00dfe Umbruch\u201c von Klaus Schwab und Thierry Malleret erschien im Jahr 2020. Es machte Furore und elektrisierte Freund und Feind. Hauptautor Schwab ist Gr\u00fcnder und Gesch\u00e4ftsf\u00fchrer des World Eco\u00adnomic Forum (WEF). ... Genauere Ausk\u00fcnfte\u2026","rel":"","context":"In &quot;Demokratie \u2013 Medien \u2013 Aufkl\u00e4rung&quot;","block_context":{"text":"Demokratie \u2013 Medien \u2013 Aufkl\u00e4rung","link":"https:\/\/www.freidenker.org\/?cat=12"},"img":{"alt_text":"","src":"https:\/\/i0.wp.com\/www.freidenker.org\/fw17\/wp-content\/uploads\/2022\/09\/World_Economic_Forum_mLogo_800x450.jpg?fit=800%2C450&ssl=1&resize=350%2C200","width":350,"height":200,"srcset":"https:\/\/i0.wp.com\/www.freidenker.org\/fw17\/wp-content\/uploads\/2022\/09\/World_Economic_Forum_mLogo_800x450.jpg?fit=800%2C450&ssl=1&resize=350%2C200 1x, https:\/\/i0.wp.com\/www.freidenker.org\/fw17\/wp-content\/uploads\/2022\/09\/World_Economic_Forum_mLogo_800x450.jpg?fit=800%2C450&ssl=1&resize=525%2C300 1.5x, https:\/\/i0.wp.com\/www.freidenker.org\/fw17\/wp-content\/uploads\/2022\/09\/World_Economic_Forum_mLogo_800x450.jpg?fit=800%2C450&ssl=1&resize=700%2C400 2x"},"classes":[]},{"id":17916,"url":"https:\/\/www.freidenker.org\/?p=17916","url_meta":{"origin":6489,"position":3},"title":"NATO und EU m\u00fcssen in Zukunft mit mehr Russland leben","author":"Webredaktion","date":"21. Januar 2024","format":false,"excerpt":"Beitrag von Rainer Rupp Die def\u00e4tistischen Botschaften in den Mainstream-Medien des Kollektiven Westens nehmen rasant zu. Bei den Eliten der USA, NATO und EU w\u00e4chst die Einsicht, dass sie mit ihrem Krieg gegen Russland etwas angefangen haben, das sie nicht mehr kontrollieren k\u00f6nnen. Das angerichtete Chaos k\u00f6nnte sie selbst hinwegschwemmen,\u2026","rel":"","context":"In &quot;Demokratie \u2013 Medien \u2013 Aufkl\u00e4rung&quot;","block_context":{"text":"Demokratie \u2013 Medien \u2013 Aufkl\u00e4rung","link":"https:\/\/www.freidenker.org\/?cat=12"},"img":{"alt_text":"","src":"https:\/\/i0.wp.com\/www.freidenker.org\/fw17\/wp-content\/uploads\/2024\/01\/PlakatZ-Plakat59_800x450.jpg?fit=800%2C450&ssl=1&resize=350%2C200","width":350,"height":200,"srcset":"https:\/\/i0.wp.com\/www.freidenker.org\/fw17\/wp-content\/uploads\/2024\/01\/PlakatZ-Plakat59_800x450.jpg?fit=800%2C450&ssl=1&resize=350%2C200 1x, https:\/\/i0.wp.com\/www.freidenker.org\/fw17\/wp-content\/uploads\/2024\/01\/PlakatZ-Plakat59_800x450.jpg?fit=800%2C450&ssl=1&resize=525%2C300 1.5x, https:\/\/i0.wp.com\/www.freidenker.org\/fw17\/wp-content\/uploads\/2024\/01\/PlakatZ-Plakat59_800x450.jpg?fit=800%2C450&ssl=1&resize=700%2C400 2x"},"classes":[]},{"id":8594,"url":"https:\/\/www.freidenker.org\/?p=8594","url_meta":{"origin":6489,"position":4},"title":"Die totalit\u00e4re \u201eNeue Normalit\u00e4t\u201c","author":"Webredaktion","date":"10. September 2020","format":false,"excerpt":"Kommentar von Rainer Rupp Selbst vielen Gegnern der Demonstration und Massenkundgebung der Querdenker in Berlin vom 29. August gehen die giftigen, pauschalen Verurteilungen dieser aus allen Schichten der Bev\u00f6lkerung entstandenen Opposition durch die selbstgef\u00e4lligen Politiker der etablierten Parteien zu weit. Das zeigte sich in den vielen hastig organisierten Talk-Runden, die\u2026","rel":"","context":"In &quot;Demokratie \u2013 Medien \u2013 Aufkl\u00e4rung&quot;","block_context":{"text":"Demokratie \u2013 Medien \u2013 Aufkl\u00e4rung","link":"https:\/\/www.freidenker.org\/?cat=12"},"img":{"alt_text":"","src":"https:\/\/i0.wp.com\/www.freidenker.org\/fw17\/wp-content\/uploads\/2020\/09\/Conspiracy_theorist_protest_Berlin_2020-08-01_53_800x450.jpg?fit=800%2C450&ssl=1&resize=350%2C200","width":350,"height":200,"srcset":"https:\/\/i0.wp.com\/www.freidenker.org\/fw17\/wp-content\/uploads\/2020\/09\/Conspiracy_theorist_protest_Berlin_2020-08-01_53_800x450.jpg?fit=800%2C450&ssl=1&resize=350%2C200 1x, https:\/\/i0.wp.com\/www.freidenker.org\/fw17\/wp-content\/uploads\/2020\/09\/Conspiracy_theorist_protest_Berlin_2020-08-01_53_800x450.jpg?fit=800%2C450&ssl=1&resize=525%2C300 1.5x, https:\/\/i0.wp.com\/www.freidenker.org\/fw17\/wp-content\/uploads\/2020\/09\/Conspiracy_theorist_protest_Berlin_2020-08-01_53_800x450.jpg?fit=800%2C450&ssl=1&resize=700%2C400 2x"},"classes":[]},{"id":9722,"url":"https:\/\/www.freidenker.org\/?p=9722","url_meta":{"origin":6489,"position":5},"title":"Die Wurzeln des Neuen Kalten Kriegs gegen Russland","author":"Webredaktion","date":"25. M\u00e4rz 2021","format":false,"excerpt":"Ein Kommentar von Rainer Rupp Um die Urspr\u00fcnge und Ursachen des \u201eNeuen Kalten Kriegs\u201c gegen Russland zu verstehen, m\u00fcssen wir zur\u00fcck in die Jahre 1990\/1991. Das war die Zeit, in der die Vereinigten Staaten als einzige verbliebene Supermacht damit begannen, ihre Vision f\u00fcr die postsowjetische Welt zu formulieren, die entsprechenden\u2026","rel":"","context":"In &quot;Frieden - Antifaschismus - Solidarit\u00e4t&quot;","block_context":{"text":"Frieden - Antifaschismus - Solidarit\u00e4t","link":"https:\/\/www.freidenker.org\/?cat=13"},"img":{"alt_text":"","src":"https:\/\/i0.wp.com\/www.freidenker.org\/fw17\/wp-content\/uploads\/2021\/03\/tree-3309057_800x450.jpg?fit=800%2C450&ssl=1&resize=350%2C200","width":350,"height":200,"srcset":"https:\/\/i0.wp.com\/www.freidenker.org\/fw17\/wp-content\/uploads\/2021\/03\/tree-3309057_800x450.jpg?fit=800%2C450&ssl=1&resize=350%2C200 1x, https:\/\/i0.wp.com\/www.freidenker.org\/fw17\/wp-content\/uploads\/2021\/03\/tree-3309057_800x450.jpg?fit=800%2C450&ssl=1&resize=525%2C300 1.5x, https:\/\/i0.wp.com\/www.freidenker.org\/fw17\/wp-content\/uploads\/2021\/03\/tree-3309057_800x450.jpg?fit=800%2C450&ssl=1&resize=700%2C400 2x"},"classes":[]}],"_links":{"self":[{"href":"https:\/\/www.freidenker.org\/index.php?rest_route=\/wp\/v2\/posts\/6489","targetHints":{"allow":["GET"]}}],"collection":[{"href":"https:\/\/www.freidenker.org\/index.php?rest_route=\/wp\/v2\/posts"}],"about":[{"href":"https:\/\/www.freidenker.org\/index.php?rest_route=\/wp\/v2\/types\/post"}],"author":[{"embeddable":true,"href":"https:\/\/www.freidenker.org\/index.php?rest_route=\/wp\/v2\/users\/3"}],"replies":[{"embeddable":true,"href":"https:\/\/www.freidenker.org\/index.php?rest_route=%2Fwp%2Fv2%2Fcomments&post=6489"}],"version-history":[{"count":0,"href":"https:\/\/www.freidenker.org\/index.php?rest_route=\/wp\/v2\/posts\/6489\/revisions"}],"wp:featuredmedia":[{"embeddable":true,"href":"https:\/\/www.freidenker.org\/index.php?rest_route=\/wp\/v2\/media\/6490"}],"wp:attachment":[{"href":"https:\/\/www.freidenker.org\/index.php?rest_route=%2Fwp%2Fv2%2Fmedia&parent=6489"}],"wp:term":[{"taxonomy":"category","embeddable":true,"href":"https:\/\/www.freidenker.org\/index.php?rest_route=%2Fwp%2Fv2%2Fcategories&post=6489"},{"taxonomy":"post_tag","embeddable":true,"href":"https:\/\/www.freidenker.org\/index.php?rest_route=%2Fwp%2Fv2%2Ftags&post=6489"}],"curies":[{"name":"wp","href":"https:\/\/api.w.org\/{rel}","templated":true}]}}