{"id":6447,"date":"2019-05-18T12:18:33","date_gmt":"2019-05-18T10:18:33","guid":{"rendered":"https:\/\/www.freidenker.org\/?p=6447"},"modified":"2019-05-28T23:33:36","modified_gmt":"2019-05-28T21:33:36","slug":"28-05-2019-venezuela-im-zentrum-globaler-konflikte","status":"publish","type":"post","link":"https:\/\/www.freidenker.org\/?p=6447","title":{"rendered":"28.05.2019 &#8211; &#8222;Venezuela im Zentrum globaler Konflikte&#8220;"},"content":{"rendered":"<p><strong>Veranstaltung am Dienstag, den 28.05.2019 um 18.30 Uhr in JMG B\u00fcro, Am G\u00fcterbahnhof 15-17, 56564 Neuwied<\/strong><\/p>\n<p>Referent: <strong>R\u00fcdiger Rauls<\/strong>, Autor des Buches &#8222;Kolonie, Konzern, Krieg&#8220;<\/p>\n<p>Nachdem es im Jahre 2018 in und um Venezuela relativ ruhig gewesen war, begann das Jahr 2019 mit einem Paukenschlag. Juan Guaido hatte sich mit Unterst\u00fctzung der Westlichen Wertegemeinschaft selbst zum Interimspr\u00e4sidenten in Venezuela ernannt. Damit hatte er Maduro und den venezolanischen Staat zum Machtkampf herausgefordert. Aber die Erwartungen, die in ihn gesetzt wurden, konnte er bisher nicht erf\u00fcllen. Guaidos gro\u00dfe Ank\u00fcndigungen endeten in Niederlagen, so auch der Putschversuch vom 30.4.<\/p>\n<p>Je mehr sich der Konflikt auf der nationalen Ebene abschw\u00e4cht, um so sch\u00e4rfer entwickelt er sich auf der internationalen zwischen den USA auf der einen Seite und Russland und China auf der anderen. Offenbart sich darin die eigentliche Tiefe dieser Auseinandersetzung, in der es nicht mehr alleine um Venezuela geht sondern vielmehr um die grunds\u00e4tzliche Frage: Wer regiert die Welt?<\/p>\n<p>Dieser Frage geht der Vortrag von R\u00fcdiger Rauls auf den Grund.<\/p>\n<p>Im Anschluss daran soll der Diskussion und dem Meinungsaustausch zu dem Thema ausf\u00fchrlich Raum gegeben werden.<\/p>\n<p>&nbsp;<\/p>\n<p>Veranstalter ist die<a href=\"https:\/\/www.jenny-marx-gesellschaft.de\/\" target=\"_blank\" rel=\"noopener noreferrer\"> Jenny Marx Gesellschaft<\/a> in Kooperation mit dem <a href=\"http:\/\/www.rheinland-pfalz-saarland.freidenker.org\/\">LV RLP\/Saar des Deutschen Freidenker Verbandes<\/a>.<\/p>\n<hr \/>\n<p><span style=\"font-size: 10pt;\">Bild: <a href=\"https:\/\/www.flickr.com\/photos\/141006965@N05\/\">Jakob Reimann<\/a>: Maduro und Trump &#8211; Regime Change in Venezuela und die Gier des US Empire <\/span><br \/>\n<span style=\"font-size: 10pt;\">Quelle: <a href=\"https:\/\/www.flickr.com\/photos\/141006965@N05\/46045676275\" target=\"_blank\" rel=\"noopener noreferrer\">flickr.com<\/a><\/span><br \/>\n<span style=\"font-size: 10pt;\">Based on <a href=\"http:\/\/en.kremlin.ru\/catalog\/persons\/354\/events\/46233\/photos\/37456\">en.kremlin.ru\/catalog\/persons\/354\/events\/46233\/photos\/37456<\/a>, licensed under <u><a href=\"http:\/\/creativecommons.org\/licenses\/by-sa\/4.0\/\">CC BY-SA 4.0<\/a><\/u> (Maduro), by <a href=\"https:\/\/de.m.wikipedia.org\/wiki\/Datei:Donald_Trump_at_Aston,_PA_September_13th_9a.jpg\">Michael Vadon, Wikimedia Commons<\/a>, licensed under <u><a href=\"http:\/\/creativecommons.org\/licenses\/by-sa\/4.0\/\">CC BY-SA 4.0<\/a><\/u>, Mash-up by <a href=\"http:\/\/justicenow.de\/2019-02-02\/regime-change-in-venezuela-und-die-gier-des-us-empire\/\">Jakob Reimann, JusticeNow!<\/a>, licensed under <u><a href=\"http:\/\/creativecommons.org\/licenses\/by-sa\/4.0\/\">CC BY-SA 4.0<\/a><\/u>.<\/span><\/p>\n","protected":false},"excerpt":{"rendered":"<p><b>Veranstaltung am Dienstag, den 28.05.2019 um 18.30 Uhr in JMG B\u00fcro, Am G\u00fcterbahnhof 15-17, 56564 Neuwied<\/b><br \/>\nReferent: R\u00fcdiger Rauls, Autor des Buches &#8222;Kolonie, Konzern, Krieg&#8220;<br \/>\nNachdem es im Jahre 2018 in und um Venezuela relativ ruhig gewesen war, begann das Jahr 2019 mit einem Paukenschlag. Juan Guaido hatte sich mit Unterst\u00fctzung der Westlichen Wertegemeinschaft selbst zum Interimspr\u00e4sidenten in Venezuela ernannt. Damit hatte er Maduro und den venezolanischen Staat zum Machtkampf herausgefordert. Aber die Erwartungen, die in ihn gesetzt wurden, konnte er bisher nicht erf\u00fcllen. <\/p>\n","protected":false},"author":3,"featured_media":6448,"comment_status":"closed","ping_status":"closed","sticky":false,"template":"","format":"standard","meta":{"colormag_page_container_layout":"default_layout","colormag_page_sidebar_layout":"default_layout","advanced_seo_description":"","jetpack_seo_html_title":"","jetpack_seo_noindex":false,"jetpack_post_was_ever_published":false,"footnotes":""},"categories":[19],"tags":[694,1102,124,1103,396],"class_list":["post-6447","post","type-post","status-publish","format-standard","has-post-thumbnail","hentry","category-veranstaltungen-in-den-dfv-landesverbaenden","tag-globalisierung","tag-nicolas-maduro","tag-politik","tag-putsch","tag-venezuela"],"jetpack_featured_media_url":"https:\/\/i0.wp.com\/www.freidenker.org\/fw17\/wp-content\/uploads\/2019\/05\/maduro_trump_800x445.jpg?fit=800%2C445&ssl=1","jetpack_shortlink":"https:\/\/wp.me\/p9stpK-1FZ","jetpack-related-posts":[{"id":5859,"url":"https:\/\/www.freidenker.org\/?p=5859","url_meta":{"origin":6447,"position":0},"title":"H\u00e4nde weg von Venezuela!","author":"Webredaktion","date":"13. Februar 2019","format":false,"excerpt":"F\u00fcr den Frieden und die Souver\u00e4nit\u00e4t Lateinamerikas! Der Deutsche Freidenker-Verband ruft auf zur Teilnahme an der Solidarit\u00e4tskundgebung \"H\u00e4nde weg von Venezuela\" am 16. Februar 2019 in Berlin. Kommt alle! SCHLUSS MIT DEM TRUPPENAUFMARSCH AN DEN GRENZEN VENEZUELAS! SCHLUSS MIT DEN DROHUNGEN GEGEN DIE VERFASSUNGSM\u00c4\u00dfIGE REGIERUNG VON PR\u00c4SIDENT NICOL\u00c1S MADURO! GEGEN\u2026","rel":"","context":"In &quot;Frieden - Antifaschismus - Solidarit\u00e4t&quot;","block_context":{"text":"Frieden - Antifaschismus - Solidarit\u00e4t","link":"https:\/\/www.freidenker.org\/?cat=13"},"img":{"alt_text":"","src":"https:\/\/i0.wp.com\/www.freidenker.org\/fw17\/wp-content\/uploads\/2019\/02\/paz_venezuela_800x445.jpg?fit=800%2C445&ssl=1&resize=350%2C200","width":350,"height":200,"srcset":"https:\/\/i0.wp.com\/www.freidenker.org\/fw17\/wp-content\/uploads\/2019\/02\/paz_venezuela_800x445.jpg?fit=800%2C445&ssl=1&resize=350%2C200 1x, https:\/\/i0.wp.com\/www.freidenker.org\/fw17\/wp-content\/uploads\/2019\/02\/paz_venezuela_800x445.jpg?fit=800%2C445&ssl=1&resize=525%2C300 1.5x, https:\/\/i0.wp.com\/www.freidenker.org\/fw17\/wp-content\/uploads\/2019\/02\/paz_venezuela_800x445.jpg?fit=800%2C445&ssl=1&resize=700%2C400 2x"},"classes":[]},{"id":23405,"url":"https:\/\/www.freidenker.org\/?p=23405","url_meta":{"origin":6447,"position":1},"title":"Venezolanischer Pr\u00e4sident sollte entf\u00fchrt werden","author":"Webredaktion","date":"2. November 2025","format":false,"excerpt":"US-Plan gescheitert Ein Kommentar von\u00a0Rainer Rupp US-Geheimdienste versuchten, den pers\u00f6nlichen Piloten von Pr\u00e4sident Nicol\u00e1s Maduro von Venezuela f\u00fcr einen verdeckten Entf\u00fchrungsplan anzuwerben. Laut aktuellen US-Medienberichten hatte ein US-Geheimagent im Jahr 2024 Maduros Piloten angesprochen und ihm gegen eine hohe Belohnung vorgeschlagen, das Pr\u00e4sidentenflugzeug heimlich an eine Stelle umzuleiten, wo US-Beh\u00f6rden\u2026","rel":"","context":"In &quot;Demokratie \u2013 Medien \u2013 Aufkl\u00e4rung&quot;","block_context":{"text":"Demokratie \u2013 Medien \u2013 Aufkl\u00e4rung","link":"https:\/\/www.freidenker.org\/?cat=12"},"img":{"alt_text":"","src":"https:\/\/i0.wp.com\/www.freidenker.org\/fw17\/wp-content\/uploads\/2025\/11\/Nicolas_Maduro_reward_poster_50_million_800x450.jpg?fit=1200%2C675&ssl=1&resize=350%2C200","width":350,"height":200,"srcset":"https:\/\/i0.wp.com\/www.freidenker.org\/fw17\/wp-content\/uploads\/2025\/11\/Nicolas_Maduro_reward_poster_50_million_800x450.jpg?fit=1200%2C675&ssl=1&resize=350%2C200 1x, https:\/\/i0.wp.com\/www.freidenker.org\/fw17\/wp-content\/uploads\/2025\/11\/Nicolas_Maduro_reward_poster_50_million_800x450.jpg?fit=1200%2C675&ssl=1&resize=525%2C300 1.5x, https:\/\/i0.wp.com\/www.freidenker.org\/fw17\/wp-content\/uploads\/2025\/11\/Nicolas_Maduro_reward_poster_50_million_800x450.jpg?fit=1200%2C675&ssl=1&resize=700%2C400 2x, https:\/\/i0.wp.com\/www.freidenker.org\/fw17\/wp-content\/uploads\/2025\/11\/Nicolas_Maduro_reward_poster_50_million_800x450.jpg?fit=1200%2C675&ssl=1&resize=1050%2C600 3x"},"classes":[]},{"id":5931,"url":"https:\/\/www.freidenker.org\/?p=5931","url_meta":{"origin":6447,"position":2},"title":"Humanit\u00e4rer Angriff auf Venezuela","author":"Webredaktion","date":"24. Februar 2019","format":false,"excerpt":"Beitrag von R\u00fcdiger Rauls Die USA bringen sich an der kolumbianisch-venezolanischen Grenze in Stellung. Noch drohen sie nicht mit Milit\u00e4rger\u00e4t, sondern mit Lebensmitteln und Medikamenten. Sie sagen, sie wollen die Armut bek\u00e4mpfen. Aber man will auch die Armeef\u00fchrung zu einer Entscheidung zwingen. Man scheint in Eile zu sein. ... Glaubt\u2026","rel":"","context":"In &quot;Demokratie \u2013 Medien \u2013 Aufkl\u00e4rung&quot;","block_context":{"text":"Demokratie \u2013 Medien \u2013 Aufkl\u00e4rung","link":"https:\/\/www.freidenker.org\/?cat=12"},"img":{"alt_text":"","src":"https:\/\/i0.wp.com\/www.freidenker.org\/fw17\/wp-content\/uploads\/2019\/02\/venezuela-1460595_800x445.jpg?fit=800%2C445&ssl=1&resize=350%2C200","width":350,"height":200,"srcset":"https:\/\/i0.wp.com\/www.freidenker.org\/fw17\/wp-content\/uploads\/2019\/02\/venezuela-1460595_800x445.jpg?fit=800%2C445&ssl=1&resize=350%2C200 1x, https:\/\/i0.wp.com\/www.freidenker.org\/fw17\/wp-content\/uploads\/2019\/02\/venezuela-1460595_800x445.jpg?fit=800%2C445&ssl=1&resize=525%2C300 1.5x, https:\/\/i0.wp.com\/www.freidenker.org\/fw17\/wp-content\/uploads\/2019\/02\/venezuela-1460595_800x445.jpg?fit=800%2C445&ssl=1&resize=700%2C400 2x"},"classes":[]},{"id":5838,"url":"https:\/\/www.freidenker.org\/?p=5838","url_meta":{"origin":6447,"position":3},"title":"Untergehen mit Mann und Maas \u2013 Per V\u00f6lkerrechtsbruch soll Venezuela \u201edemokratisiert\u201c werden","author":"Webredaktion","date":"5. Februar 2019","format":false,"excerpt":"Beitrag von Friedhelm Klinkhammer und Volker Br\u00e4utigam. Die AgitProp-Bastler der ARD-aktuell haben zum Thema \u201eMachtkampf in Venezuela\u201c bereits soviel Pfusch geliefert, dass ein Ziel ihrer Meinungsmache weitgehend verfehlt wird: dar\u00fcber hinwegzut\u00e4uschen, dass die USA in Caracas putschen lassen. Washingtons Vasallen in Lateinamerika \u2013 und in der Europ\u00e4ischen Union \u2013 unterst\u00fctzen\u2026","rel":"","context":"In &quot;Demokratie \u2013 Medien \u2013 Aufkl\u00e4rung&quot;","block_context":{"text":"Demokratie \u2013 Medien \u2013 Aufkl\u00e4rung","link":"https:\/\/www.freidenker.org\/?cat=12"},"img":{"alt_text":"Venezuela","src":"https:\/\/i0.wp.com\/www.freidenker.org\/fw17\/wp-content\/uploads\/2019\/02\/venezuela-2132693_800x445.jpg?fit=800%2C445&ssl=1&resize=350%2C200","width":350,"height":200,"srcset":"https:\/\/i0.wp.com\/www.freidenker.org\/fw17\/wp-content\/uploads\/2019\/02\/venezuela-2132693_800x445.jpg?fit=800%2C445&ssl=1&resize=350%2C200 1x, https:\/\/i0.wp.com\/www.freidenker.org\/fw17\/wp-content\/uploads\/2019\/02\/venezuela-2132693_800x445.jpg?fit=800%2C445&ssl=1&resize=525%2C300 1.5x, https:\/\/i0.wp.com\/www.freidenker.org\/fw17\/wp-content\/uploads\/2019\/02\/venezuela-2132693_800x445.jpg?fit=800%2C445&ssl=1&resize=700%2C400 2x"},"classes":[]},{"id":19623,"url":"https:\/\/www.freidenker.org\/?p=19623","url_meta":{"origin":6447,"position":4},"title":"Wiederholungszwang: Deutschland zweifelt erneut Wahl in Venezuela an","author":"Webredaktion","date":"2. August 2024","format":false,"excerpt":"Beitrag von Gert Ewen Ungar US-Au\u00dfenminister Antony Blinken gab den Ton vor und das Ausw\u00e4rtige Amt folgte den Vorgaben aus \u00dcbersee prompt.\u00a0Im Hinblick auf den Wahlausgang der Pr\u00e4sidentschaftswahlen in Venezuela sagte Blinken, \"wir haben gro\u00dfe Zweifel daran, dass das ver\u00f6ffentlichte Ergebnis den Willen des venezolanischen Volkes widerspiegelt\". Das Echo aus\u2026","rel":"","context":"In &quot;Demokratie \u2013 Medien \u2013 Aufkl\u00e4rung&quot;","block_context":{"text":"Demokratie \u2013 Medien \u2013 Aufkl\u00e4rung","link":"https:\/\/www.freidenker.org\/?cat=12"},"img":{"alt_text":"","src":"https:\/\/i0.wp.com\/www.freidenker.org\/fw17\/wp-content\/uploads\/2024\/08\/Nicolas_Maduro_2019_Inauguration_800x450.jpg?fit=800%2C450&ssl=1&resize=350%2C200","width":350,"height":200,"srcset":"https:\/\/i0.wp.com\/www.freidenker.org\/fw17\/wp-content\/uploads\/2024\/08\/Nicolas_Maduro_2019_Inauguration_800x450.jpg?fit=800%2C450&ssl=1&resize=350%2C200 1x, https:\/\/i0.wp.com\/www.freidenker.org\/fw17\/wp-content\/uploads\/2024\/08\/Nicolas_Maduro_2019_Inauguration_800x450.jpg?fit=800%2C450&ssl=1&resize=525%2C300 1.5x, https:\/\/i0.wp.com\/www.freidenker.org\/fw17\/wp-content\/uploads\/2024\/08\/Nicolas_Maduro_2019_Inauguration_800x450.jpg?fit=800%2C450&ssl=1&resize=700%2C400 2x"},"classes":[]},{"id":6080,"url":"https:\/\/www.freidenker.org\/?p=6080","url_meta":{"origin":6447,"position":5},"title":"Entscheidend ist das Volk","author":"Webredaktion","date":"31. M\u00e4rz 2019","format":false,"excerpt":"Beitrag von R\u00fcdiger Rauls Trotz aller Bem\u00fchungen kommen die Pl\u00e4ne der USA und Guaidos f\u00fcr einen Machtwechsel in Venezuela nicht voran. Stille vor dem Sturm? Auff\u00e4llig ist, dass die europ\u00e4ischen Medien und Politik das Thema mittlerweile mit mehr Vorsicht zu behandeln scheinen. Darin unterscheidet man sich ganz erheblich von den\u2026","rel":"","context":"In &quot;Frieden - Antifaschismus - Solidarit\u00e4t&quot;","block_context":{"text":"Frieden - Antifaschismus - Solidarit\u00e4t","link":"https:\/\/www.freidenker.org\/?cat=13"},"img":{"alt_text":"","src":"https:\/\/i0.wp.com\/www.freidenker.org\/fw17\/wp-content\/uploads\/2019\/03\/Wahl_Nicolas_Maduro_2013_800x445.jpg?fit=800%2C445&ssl=1&resize=350%2C200","width":350,"height":200,"srcset":"https:\/\/i0.wp.com\/www.freidenker.org\/fw17\/wp-content\/uploads\/2019\/03\/Wahl_Nicolas_Maduro_2013_800x445.jpg?fit=800%2C445&ssl=1&resize=350%2C200 1x, https:\/\/i0.wp.com\/www.freidenker.org\/fw17\/wp-content\/uploads\/2019\/03\/Wahl_Nicolas_Maduro_2013_800x445.jpg?fit=800%2C445&ssl=1&resize=525%2C300 1.5x, https:\/\/i0.wp.com\/www.freidenker.org\/fw17\/wp-content\/uploads\/2019\/03\/Wahl_Nicolas_Maduro_2013_800x445.jpg?fit=800%2C445&ssl=1&resize=700%2C400 2x"},"classes":[]}],"_links":{"self":[{"href":"https:\/\/www.freidenker.org\/index.php?rest_route=\/wp\/v2\/posts\/6447","targetHints":{"allow":["GET"]}}],"collection":[{"href":"https:\/\/www.freidenker.org\/index.php?rest_route=\/wp\/v2\/posts"}],"about":[{"href":"https:\/\/www.freidenker.org\/index.php?rest_route=\/wp\/v2\/types\/post"}],"author":[{"embeddable":true,"href":"https:\/\/www.freidenker.org\/index.php?rest_route=\/wp\/v2\/users\/3"}],"replies":[{"embeddable":true,"href":"https:\/\/www.freidenker.org\/index.php?rest_route=%2Fwp%2Fv2%2Fcomments&post=6447"}],"version-history":[{"count":0,"href":"https:\/\/www.freidenker.org\/index.php?rest_route=\/wp\/v2\/posts\/6447\/revisions"}],"wp:featuredmedia":[{"embeddable":true,"href":"https:\/\/www.freidenker.org\/index.php?rest_route=\/wp\/v2\/media\/6448"}],"wp:attachment":[{"href":"https:\/\/www.freidenker.org\/index.php?rest_route=%2Fwp%2Fv2%2Fmedia&parent=6447"}],"wp:term":[{"taxonomy":"category","embeddable":true,"href":"https:\/\/www.freidenker.org\/index.php?rest_route=%2Fwp%2Fv2%2Fcategories&post=6447"},{"taxonomy":"post_tag","embeddable":true,"href":"https:\/\/www.freidenker.org\/index.php?rest_route=%2Fwp%2Fv2%2Ftags&post=6447"}],"curies":[{"name":"wp","href":"https:\/\/api.w.org\/{rel}","templated":true}]}}